{"id":333239,"date":"2023-04-28T05:43:24","date_gmt":"2023-04-28T03:43:24","guid":{"rendered":"https:\/\/www.radiopiu.net\/wordpress\/?p=333239"},"modified":"2023-04-28T08:37:02","modified_gmt":"2023-04-28T06:37:02","slug":"giornale-radiopiu-28-aprile-2023-direttore-mirko-mezzacasa-verso-i-40-anni-25-giugno-1983-25-giugno-2023","status":"publish","type":"post","link":"https:\/\/www.radiopiu.net\/wordpress\/giornale-radiopiu-28-aprile-2023-direttore-mirko-mezzacasa-verso-i-40-anni-25-giugno-1983-25-giugno-2023\/","title":{"rendered":"GIORNALE RADIOPIU 28 APRILE 2023 DIRETTORE MIRKO MEZZACASA&#8230;verso i 40 anni 25 giugno 1983-25 giugno 2023"},"content":{"rendered":"<h2 style=\"text-align: left;\"><\/h2>\n<h2 style=\"text-align: left;\"><span style=\"color: #ff0000;\"><span style=\"vertical-align: inherit;\">\u00a0<\/span><\/span><\/h2>\n<h2 style=\"text-align: left;\"><span style=\"color: #ff0000;\"><span style=\"vertical-align: inherit;\">\u00a0<\/span><\/span><\/h2>\n<h2 style=\"text-align: left;\"><span style=\"color: #ff0000;\"><span style=\"vertical-align: inherit;\">\u00a0<\/span><\/span><\/h2>\n<h2 style=\"text-align: left;\"><span style=\"color: #ff0000;\"><span style=\"vertical-align: inherit;\"><a class=\"dt-pswp-item\" href=\"https:\/\/www.radiopiu.net\/wordpress\/wp-content\/uploads\/2023\/04\/e0aad41d-951e-47b9-9fae-1a879a9bcb7e-1.jpg\" data-dt-img-description=\"\" data-large_image_width=\"1200\" data-large_image_height=\"1200\"><img loading=\"lazy\" decoding=\"async\" class=\"wp-image-333205 alignleft\" src=\"https:\/\/www.radiopiu.net\/wordpress\/wp-content\/uploads\/2023\/04\/e0aad41d-951e-47b9-9fae-1a879a9bcb7e-1-300x300.jpg\" alt=\"\" width=\"180\" height=\"180\" srcset=\"https:\/\/www.radiopiu.net\/wordpress\/wp-content\/uploads\/2023\/04\/e0aad41d-951e-47b9-9fae-1a879a9bcb7e-1-300x300.jpg 300w, https:\/\/www.radiopiu.net\/wordpress\/wp-content\/uploads\/2023\/04\/e0aad41d-951e-47b9-9fae-1a879a9bcb7e-1-1024x1024.jpg 1024w, https:\/\/www.radiopiu.net\/wordpress\/wp-content\/uploads\/2023\/04\/e0aad41d-951e-47b9-9fae-1a879a9bcb7e-1-150x150.jpg 150w, https:\/\/www.radiopiu.net\/wordpress\/wp-content\/uploads\/2023\/04\/e0aad41d-951e-47b9-9fae-1a879a9bcb7e-1-768x768.jpg 768w, https:\/\/www.radiopiu.net\/wordpress\/wp-content\/uploads\/2023\/04\/e0aad41d-951e-47b9-9fae-1a879a9bcb7e-1.jpg 1200w\" sizes=\"auto, (max-width: 180px) 100vw, 180px\" \/><\/a><\/span><\/span><\/h2>\n<h2 style=\"text-align: left;\"><span style=\"color: #ff0000;\"><span style=\"vertical-align: inherit;\">ISCRIVITI AL NOSTRO CANALE\u00a0 <\/span><\/span><span style=\"vertical-align: inherit;\"> YOUTUBE PER SEGUIRE IN DIRETTA I PRINCIPALI PROGRAMMI DI RADIO PIU&#8217; E LE FUTURE DIRETTE IN ESTERNA. PER ISCRIVERTI <\/span><a style=\"color: #ff0000;\" href=\"https:\/\/youtube.com\/@radiopiu1527\"><span style=\"vertical-align: inherit;\">CLICCA QUI <\/span><\/a><span style=\"color: #ff0000; font-size: 14px; font-weight: normal;\"><span style=\"vertical-align: inherit;\">E PREMI\u00a0 &#8220;Iscriviti&#8221;\u00a0 \u00a0 \u00a0\u00a0<\/span><\/span><\/h2>\n<p>&nbsp;<\/p>\n<p>&nbsp;<\/p>\n<p>&nbsp;<\/p>\n<p>&nbsp;<\/p>\n<p>&nbsp;<\/p>\n<p>&nbsp;<\/p>\n<hr \/>\n<div dir=\"auto\"><span style=\"color: #0000ff;\"><strong>\u00a0\u00a0<\/strong><\/span><\/div>\n<div dir=\"auto\"><\/div>\n<div dir=\"auto\"><span style=\"color: #0000ff;\"><strong><a class=\"dt-pswp-item\" href=\"https:\/\/www.radiopiu.net\/wordpress\/wp-content\/uploads\/2023\/04\/034a4f0f-6710-4845-b034-ad244c380388.jpg\" data-dt-img-description=\"\" data-large_image_width=\"2048\" data-large_image_height=\"1152\"><img loading=\"lazy\" decoding=\"async\" class=\"wp-image-330577 alignleft\" src=\"https:\/\/www.radiopiu.net\/wordpress\/wp-content\/uploads\/2023\/04\/034a4f0f-6710-4845-b034-ad244c380388-300x169.jpg\" alt=\"\" width=\"183\" height=\"103\" srcset=\"https:\/\/www.radiopiu.net\/wordpress\/wp-content\/uploads\/2023\/04\/034a4f0f-6710-4845-b034-ad244c380388-300x169.jpg 300w, https:\/\/www.radiopiu.net\/wordpress\/wp-content\/uploads\/2023\/04\/034a4f0f-6710-4845-b034-ad244c380388-1024x576.jpg 1024w, https:\/\/www.radiopiu.net\/wordpress\/wp-content\/uploads\/2023\/04\/034a4f0f-6710-4845-b034-ad244c380388-768x432.jpg 768w, https:\/\/www.radiopiu.net\/wordpress\/wp-content\/uploads\/2023\/04\/034a4f0f-6710-4845-b034-ad244c380388-1536x864.jpg 1536w, https:\/\/www.radiopiu.net\/wordpress\/wp-content\/uploads\/2023\/04\/034a4f0f-6710-4845-b034-ad244c380388.jpg 2048w\" sizes=\"auto, (max-width: 183px) 100vw, 183px\" \/><\/a>E anche STAMANE\u00a0 RADIOPIU si fa in QUATTRO\u00a0 per i suoi ascoltatori&#8230;.<\/strong><\/span><\/div>\n<div dir=\"auto\"><strong>1&#8230;.<\/strong> alle 8 la rassegna stampa locale, dal 1983 tutti i giorni puntuale alle otto del mattino<\/div>\n<div dir=\"auto\"><strong>2<\/strong>&#8230;.alle 9.10 la musica anni 80 con Monica Fontanive<\/div>\n<div dir=\"auto\"><strong>3.<\/strong> &#8230;.alle 1015 MUSLA le nove in ladin oggi con Davide Conedera<\/div>\n<div dir=\"auto\"><strong>4<\/strong>&#8230;.alle 10.30 SPECIALE SANITA&#8217;. &#8220;120-80&#8221; DAL POLIAMULATORIO DI AGORDO IL DERMATOLOGO JACOPO BROZZI (FOTO)<\/div>\n<div dir=\"auto\"><\/div>\n<div dir=\"auto\"><\/div>\n<div dir=\"auto\">\n<hr \/>\n<\/div>\n<div dir=\"auto\">\n<p>&nbsp;<\/p>\n<p><strong><a class=\"dt-pswp-item\" href=\"https:\/\/www.radiopiu.net\/wordpress\/wp-content\/uploads\/2023\/04\/SCALE-PRIMO.jpg\" data-dt-img-description=\"\" data-large_image_width=\"316\" data-large_image_height=\"168\"><img loading=\"lazy\" decoding=\"async\" class=\" wp-image-331567 alignleft\" src=\"https:\/\/www.radiopiu.net\/wordpress\/wp-content\/uploads\/2023\/04\/SCALE-PRIMO-300x159.jpg\" alt=\"\" width=\"191\" height=\"101\" srcset=\"https:\/\/www.radiopiu.net\/wordpress\/wp-content\/uploads\/2023\/04\/SCALE-PRIMO-300x159.jpg 300w, https:\/\/www.radiopiu.net\/wordpress\/wp-content\/uploads\/2023\/04\/SCALE-PRIMO.jpg 316w\" sizes=\"auto, (max-width: 191px) 100vw, 191px\" \/><\/a>SR 50 SCALE DI PRIMOLANO,<\/strong>\u00a0Fastro-Primolano,\u00a0dal 13 aprile al 6 maggio\u00a0divieto di transito direzione di marcia Fastro-Primolano per tutti i mezzi superiori alle 3,5 tonnellate, caravan e autocaravan.\u00a0 Deviazioni sulla 50 bis in seguito alla chiusura totale delle gallerie San Vito e Brenta.<\/p>\n<p>Galleria San Vito di Arsi\u00e8 chiusura totale della galleria PER TUTTI I MEZZI durante le notti dal 13 aprile al 6 maggio dale 21 alle\u00a0 6 del mattino successivo<\/p>\n<p><strong>REDAZIONE\u00a0<\/strong>Veneto Strade comunica che la strada provinciale 346 del Passo San Pellegrino sar\u00e0 interessata da lavori di esbosco per tutto il mese di maggio. Dal 2 al 31 maggio, sabati e domeniche esclusi, il tratto tra Zingari Bassi e bivio Passo Valles verr\u00e0 chiuso al traffico dalle 8 alle 12 e dalle 13 alle 17.<\/p>\n<p>&nbsp;<\/p>\n<hr \/>\n<p>&nbsp;<\/p>\n<h3>INCIDENTE MORTALE A FONZASO, MUORE 77ENNE COLTO DA INFARTO<\/h3>\n<h3><em>L\u2019uomo, Alberto Turcato, 78 anni di Agana &#8211; originario del veneziano &#8211;\u00a0 colpito da un attacco cardiaco ha perso il controllo della sua auto, finita sul guard-rail. In tilt la circolazione con lunghe colonne di mezzi pesanti fermi, Arten intasato d&#8217;auto e camion<\/em><\/h3>\n<p><img loading=\"lazy\" decoding=\"async\" class=\"alignleft\" src=\"https:\/\/www.radiopiu.net\/wordpress\/wp-content\/uploads\/2023\/04\/Senza-nome-87.jpg\" width=\"264\" height=\"105\" \/><\/p>\n<p><strong>DI MORENO GIOLI<\/strong><\/p>\n<p>&nbsp;<\/p>\n<p>&nbsp;<\/p>\n<p>&nbsp;<\/p>\n<audio class=\"wp-audio-shortcode\" id=\"audio-333239-1\" preload=\"none\" style=\"width: 100%;\" controls=\"controls\"><source type=\"audio\/mpeg\" src=\"https:\/\/www.radiopiu.net\/wordpress\/wp-content\/uploads\/2023\/04\/MORENO-INCIDENTE.mp3?_=1\" \/><a href=\"https:\/\/www.radiopiu.net\/wordpress\/wp-content\/uploads\/2023\/04\/MORENO-INCIDENTE.mp3\">https:\/\/www.radiopiu.net\/wordpress\/wp-content\/uploads\/2023\/04\/MORENO-INCIDENTE.mp3<\/a><\/audio>\n<p>&nbsp;<\/p>\n<p>&nbsp;<\/p>\n<hr \/>\n<p>&nbsp;<\/p>\n<blockquote>\n<h3>UN ALTRO TETTO PREDA DELLE FIAMME, INTERVENGONO I RESIDENTI<\/h3>\n<\/blockquote>\n<p><strong><a class=\"dt-pswp-item\" href=\"https:\/\/www.radiopiu.net\/wordpress\/wp-content\/uploads\/2023\/04\/Senza-nome-89.jpg\" data-dt-img-description=\"\" data-large_image_width=\"545\" data-large_image_height=\"308\"><img loading=\"lazy\" decoding=\"async\" class=\"wp-image-333375 alignleft\" src=\"https:\/\/www.radiopiu.net\/wordpress\/wp-content\/uploads\/2023\/04\/Senza-nome-89-300x170.jpg\" alt=\"\" width=\"167\" height=\"95\" srcset=\"https:\/\/www.radiopiu.net\/wordpress\/wp-content\/uploads\/2023\/04\/Senza-nome-89-300x170.jpg 300w, https:\/\/www.radiopiu.net\/wordpress\/wp-content\/uploads\/2023\/04\/Senza-nome-89.jpg 545w\" sizes=\"auto, (max-width: 167px) 100vw, 167px\" \/><\/a>SOVRAMONTE<\/strong> Due famiglie di Zorzoi\u00a0 mercoled\u00ec alle 21.30 hanno salvato la casa tenendo a bada le fiamme\u00a0 in attesa dei\u00a0 vigili del fuoco di Feltre. I residenti, per\u00f2, non si sono persi d&#8217;animo e hanno tentato di rallentare il pi\u00f9 possibile le fiamme. Dall&#8217;interno con estintori, dall&#8217;esterno, invece, con la canna del giardino. Le operazioni sono andate avanti fin quasi all&#8217;una di notte ma si sono concluse nel modo pi\u00f9 positivo: l&#8217;incendio \u00e8 stato completamente bonificato e le famiglie hanno potuto trascorrere la notte nella loro casa.<\/p>\n<p>&nbsp;<\/p>\n<p>&nbsp;<\/p>\n<hr \/>\n<p>&nbsp;<\/p>\n<blockquote>\n<h3>PRECIPITA COL PARAPENDIO E SI INFORTUNA<\/h3>\n<\/blockquote>\n<p><strong>CHIES D&#8217;ALPAGO<\/strong>\u00a0 Poco prima delle 14 \u00e8 scattato l&#8217;allarme per un parapendio precipitato tra Lamosano e Chies d&#8217;Alpago, in localit\u00e0 Molini. Decollato dal Dolada, il pilota aveva infatti perso il controllo della vela, finendo al suolo in prossimit\u00e0 del torrente Fermega e riportando nell&#8217;urto con il terreno la sospetta frattura di una gamba. Una squadra del Soccorso alpino dell&#8217;Alpago ha raggiungo l&#8217;infortunato per dare supporto all&#8217;equipaggio dell&#8217;elicottero del Suem di Pieve di Cadore, atterrato sul prato nelle vicinanze. Prestate le prime cure al 47enne austriaco, l&#8217;uomo \u00e8 stato poi trasportato fino all&#8217;eliambulanza decollata in direzione dell&#8217;ospedale di Belluno.<\/p>\n<p>&nbsp;<\/p>\n\n\t\t\t<style type='text\/css'>\n\t\t\t\t#gallery-1 {\n\t\t\t\t\tmargin: auto;\n\t\t\t\t}\n\t\t\t\t#gallery-1 .gallery-item {\n\t\t\t\t\tfloat: left;\n\t\t\t\t\tmargin-top: 10px;\n\t\t\t\t\ttext-align: center;\n\t\t\t\t\twidth: 50%;\n\t\t\t\t}\n\t\t\t\t#gallery-1 img {\n\t\t\t\t\tborder: 2px solid #cfcfcf;\n\t\t\t\t}\n\t\t\t\t#gallery-1 .gallery-caption {\n\t\t\t\t\tmargin-left: 0;\n\t\t\t\t}\n\t\t\t\t\/* see gallery_shortcode() in wp-includes\/media.php *\/\n\t\t\t<\/style>\n\t\t<div id='gallery-1' class='dt-gallery-container gallery galleryid-333239 gallery-columns-2 gallery-size-thumbnail'><dl class='gallery-item'>\n\t\t\t\t<dt class='gallery-icon portrait'>\n\t\t\t\t\t<a class=\"rollover rollover-zoom dt-pswp-item\" title=\"Watermark_20230427_152610_011\" data-dt-img-description=\"\" data-large_image_width=\"1773\" data-large_image_height=\"2364\"href='https:\/\/www.radiopiu.net\/wordpress\/wp-content\/uploads\/2023\/04\/Watermark_20230427_152610_011.jpg'><img loading=\"lazy\" decoding=\"async\" width=\"150\" height=\"150\" src=\"https:\/\/www.radiopiu.net\/wordpress\/wp-content\/uploads\/2023\/04\/Watermark_20230427_152610_011-150x150.jpg\" class=\"attachment-thumbnail size-thumbnail\" alt=\"\" \/><\/a>\n\t\t\t\t<\/dt><\/dl><dl class='gallery-item'>\n\t\t\t\t<dt class='gallery-icon portrait'>\n\t\t\t\t\t<a class=\"rollover rollover-zoom dt-pswp-item\" title=\"Watermark_20230427_152514_288\" data-dt-img-description=\"\" data-large_image_width=\"1773\" data-large_image_height=\"2364\"href='https:\/\/www.radiopiu.net\/wordpress\/wp-content\/uploads\/2023\/04\/Watermark_20230427_152514_288.jpg'><img loading=\"lazy\" decoding=\"async\" width=\"150\" height=\"150\" src=\"https:\/\/www.radiopiu.net\/wordpress\/wp-content\/uploads\/2023\/04\/Watermark_20230427_152514_288-150x150.jpg\" class=\"attachment-thumbnail size-thumbnail\" alt=\"\" \/><\/a>\n\t\t\t\t<\/dt><\/dl><br style=\"clear: both\" \/>\n\t\t\t<\/div>\n\n<p>&nbsp;<\/p>\n<hr \/>\n<p>&nbsp;<\/p>\n<blockquote>\n<h3>IL PICCOLO USTIONATO: FINALMENTE IN REPARTO E LE SUE CONDIZIONI SONO STABILI<\/h3>\n<p><strong><a class=\"dt-pswp-item\" href=\"https:\/\/www.radiopiu.net\/wordpress\/wp-content\/uploads\/2021\/12\/ambulanze1.jpeg\" data-dt-img-description=\"\" data-large_image_width=\"1200\" data-large_image_height=\"1600\"><img loading=\"lazy\" decoding=\"async\" class=\"wp-image-250921 alignleft\" src=\"https:\/\/www.radiopiu.net\/wordpress\/wp-content\/uploads\/2021\/12\/ambulanze1-225x300.jpeg\" alt=\"\" width=\"120\" height=\"160\" srcset=\"https:\/\/www.radiopiu.net\/wordpress\/wp-content\/uploads\/2021\/12\/ambulanze1-225x300.jpeg 225w, https:\/\/www.radiopiu.net\/wordpress\/wp-content\/uploads\/2021\/12\/ambulanze1-768x1024.jpeg 768w, https:\/\/www.radiopiu.net\/wordpress\/wp-content\/uploads\/2021\/12\/ambulanze1-1152x1536.jpeg 1152w, https:\/\/www.radiopiu.net\/wordpress\/wp-content\/uploads\/2021\/12\/ambulanze1.jpeg 1200w\" sizes=\"auto, (max-width: 120px) 100vw, 120px\" \/><\/a> <\/strong><strong style=\"font-size: 14px;\">AGORDINO<\/strong><span style=\"font-size: 14px; font-weight: normal;\"> Il bambino ustionato \u00e8 uscito dalla Terapia intensiva.\u00a0 Il ragazzino agordino di 9 anni \u00e8 seguito dal dottor Enrico Vigato, che si \u00e8 occupato di lui, fin dal momento del suo ricovero sabato mattina. \u00c8 vigile e viene sedato solo quando \u00e8 necessario fargli le medicazioni. Superata la fase pi\u00f9 acuta, grazie anche a una tecnica innovativa che permette la rimozione selettiva dei tessuti ustionati con l&#8217;utilizzo di un gel, ci vorranno almeno un paio di settimane, prima di cominciare a parlare di ritorno a casa.<\/span><\/p><\/blockquote>\n<p>LA STORIA La sua intenzione era quella di preparare la prima colazione. Ha cercato di accendere il fuoco spruzzando l&#8217;alcol all&#8217;interno della stufa: il flacone \u00e8 esploso e il fuoco l&#8217;ha investito nella parte bassa del corpo. La madre ha allertato subito i soccorsi con una telefonata al 118 e, sul posto, sono intervenuti prima l&#8217;ambulanza di Agordo e poi l&#8217;elicottero del Suem per il trasporto a Verona<\/p>\n<p>&nbsp;<\/p>\n<hr \/>\n<p>&nbsp;<\/p>\n<blockquote>\n<h3>IERI MATTINA, LA COLAZIONE DEI LUPI A SALESEI<\/h3>\n<\/blockquote>\n\n\t\t\t<style type='text\/css'>\n\t\t\t\t#gallery-2 {\n\t\t\t\t\tmargin: auto;\n\t\t\t\t}\n\t\t\t\t#gallery-2 .gallery-item {\n\t\t\t\t\tfloat: left;\n\t\t\t\t\tmargin-top: 10px;\n\t\t\t\t\ttext-align: center;\n\t\t\t\t\twidth: 50%;\n\t\t\t\t}\n\t\t\t\t#gallery-2 img {\n\t\t\t\t\tborder: 2px solid #cfcfcf;\n\t\t\t\t}\n\t\t\t\t#gallery-2 .gallery-caption {\n\t\t\t\t\tmargin-left: 0;\n\t\t\t\t}\n\t\t\t\t\/* see gallery_shortcode() in wp-includes\/media.php *\/\n\t\t\t<\/style>\n\t\t<div id='gallery-2' class='dt-gallery-container gallery galleryid-333239 gallery-columns-2 gallery-size-thumbnail'><dl class='gallery-item'>\n\t\t\t\t<dt class='gallery-icon portrait'>\n\t\t\t\t\t<a class=\"rollover rollover-zoom dt-pswp-item\" title=\"04e45f7f-5999-45ce-9dc4-e19254e79fbb\" data-dt-img-description=\"\" data-large_image_width=\"1200\" data-large_image_height=\"1600\"href='https:\/\/www.radiopiu.net\/wordpress\/wp-content\/uploads\/2023\/04\/04e45f7f-5999-45ce-9dc4-e19254e79fbb.jpg'><img loading=\"lazy\" decoding=\"async\" width=\"150\" height=\"150\" src=\"https:\/\/www.radiopiu.net\/wordpress\/wp-content\/uploads\/2023\/04\/04e45f7f-5999-45ce-9dc4-e19254e79fbb-150x150.jpg\" class=\"attachment-thumbnail size-thumbnail\" alt=\"\" \/><\/a>\n\t\t\t\t<\/dt><\/dl><dl class='gallery-item'>\n\t\t\t\t<dt class='gallery-icon portrait'>\n\t\t\t\t\t<a class=\"rollover rollover-zoom dt-pswp-item\" title=\"30e5fd3f-03e8-4b24-ae20-9ff68c52a68e\" data-dt-img-description=\"\" data-large_image_width=\"1200\" data-large_image_height=\"1600\"href='https:\/\/www.radiopiu.net\/wordpress\/wp-content\/uploads\/2023\/04\/30e5fd3f-03e8-4b24-ae20-9ff68c52a68e.jpg'><img loading=\"lazy\" decoding=\"async\" width=\"150\" height=\"150\" src=\"https:\/\/www.radiopiu.net\/wordpress\/wp-content\/uploads\/2023\/04\/30e5fd3f-03e8-4b24-ae20-9ff68c52a68e-150x150.jpg\" class=\"attachment-thumbnail size-thumbnail\" alt=\"\" \/><\/a>\n\t\t\t\t<\/dt><\/dl><br style=\"clear: both\" \/>\n\t\t\t<\/div>\n\n<p>&nbsp;<\/p>\n<hr \/>\n<p>&nbsp;<\/p>\n<blockquote>\n<h3>ESSILORLUXOTTICA E ROGER FEDERER ASSIEME PER UNA LINEA DI OCCHIALI FIRMATI OLIVER PEOPLE RF<\/h3>\n<\/blockquote>\n<p><strong><a class=\"dt-pswp-item\" href=\"https:\/\/www.radiopiu.net\/wordpress\/wp-content\/uploads\/2023\/04\/FEDERER.jpg\" data-dt-img-description=\"\" data-large_image_width=\"1200\" data-large_image_height=\"675\"><img loading=\"lazy\" decoding=\"async\" class=\" wp-image-333237 alignleft\" src=\"https:\/\/www.radiopiu.net\/wordpress\/wp-content\/uploads\/2023\/04\/FEDERER-300x169.jpg\" alt=\"\" width=\"190\" height=\"107\" srcset=\"https:\/\/www.radiopiu.net\/wordpress\/wp-content\/uploads\/2023\/04\/FEDERER-300x169.jpg 300w, https:\/\/www.radiopiu.net\/wordpress\/wp-content\/uploads\/2023\/04\/FEDERER-1024x576.jpg 1024w, https:\/\/www.radiopiu.net\/wordpress\/wp-content\/uploads\/2023\/04\/FEDERER-768x432.jpg 768w, https:\/\/www.radiopiu.net\/wordpress\/wp-content\/uploads\/2023\/04\/FEDERER.jpg 1200w\" sizes=\"auto, (max-width: 190px) 100vw, 190px\" \/><\/a>CHARENTON-LE-PONT (FRANCIA) <\/strong>EssilorLuxottica e Roger Federer hanno siglato un accordo di licenza esclusiva per il design, la produzione e la distribuzione a livello globale di occhiali a marchio Roger Federer (\u201cRF\u201d) e Oliver Peoples. La prima collezione, sviluppata sotto la direzione artistica di Roger Federer e Oliver Peoples, verr\u00e0 lanciata nella primavera del 2024. I modelli proposti prenderanno ispirazione dalla comune vocazione all&#8217;eccellenza e dall\u2019inclinazione verso un lusso discreto. \u201cRoger Federer \u00e8 un atleta leggendario, un imprenditore appassionato e una vera e propria personalit\u00e0 nel mondo della moda e del lifestyle. Condividiamo gli stessi valori e siamo certi che la sua notoriet\u00e0 e influenza a livello globale lo rendano il partner perfetto per noi e per il marchio Oliver Peoples. Non vediamo l&#8217;ora di creare insieme bellissimi occhiali&#8221;, ha dichiarato Francesco Milleri, Presidente e Amministratore Delegato di EssilorLuxottica. Roger Federer ha commentato: \u201cSono entusiasta di collaborare con Oliver Peoples. Da anni sono fan del marchio e ne ho sempre apprezzato la straordinaria artigianalit\u00e0 unita al design elegante e senza tempo. Ci siamo trovati sin da subito in grande sintonia nel modo di affrontare il nostro lavoro e per questo il brand rappresenta un partner perfetto per la mia prima collezione di occhiali RF nel 2024\u201d. Rocco Basilico, CEO di Oliver Peoples, ha aggiunto: \u201cSiamo entusiasti di collaborare con Roger Federer. La sua rilevanza e il suo impatto sull\u2019immaginario collettivo sono ormai leggendari e vanno oltre il mondo del tennis. Non vediamo l\u2019ora di scoprire insieme quello che verr\u00e0\u201d. Roger Federer, uno dei tennisti pi\u00f9 amati e premiati nella storia di questo sport, detiene il record maschile per Wimbledon con 8 titoli conseguiti e ha vinto 20 Grande Slam nella sua carriera. La Roger Federer Foundation ha sostenuto negli ultimi venti anni progetti di formazione per oltre 2,5 milioni di bambini in Africa e nel suo paese d&#8217;origine, la Svizzera. (FOTO: Eurosport)<\/p>\n<p>&nbsp;<\/p>\n<hr \/>\n<p>&nbsp;<\/p>\n<blockquote>\n<h3>LUXOTTICA: FESTA PATRONALE E CALENDARIO FERIE<\/h3>\n<\/blockquote>\n<p><img loading=\"lazy\" decoding=\"async\" class=\"alignleft\" src=\"https:\/\/www.radiopiu.net\/wordpress\/wp-content\/uploads\/2022\/06\/LUXOTTICA-9-scaled.jpg\" width=\"156\" height=\"104\" \/><strong>AGORDO<\/strong> Oggi i dipendenti Luxottica saranno informati delle novit\u00e0, dalla festivit\u00e0 patronale alle ferie d&#8217;agosto. In occasione del S. Patrono di Agordo, il periodo di chiusura \u00e8 previsto dal 29 al 30 giugno (giovedi e venerdi)\u00a0 con l&#8217;utilizzo di un giorno di PIR. La chiusura estiva \u00e8 prevista dal 31 luglio\u00a0 al 18 agosto\u00a0 con l&#8217;utilizzo di 15 giorni di Ferie. Il rientro al lavoro \u00e8 previsto per luned\u00ec 21 agosto.<\/p>\n<p>&nbsp;<\/p>\n<p>&nbsp;<\/p>\n<hr \/>\n<p>&nbsp;<\/p>\n<p>&nbsp;<\/p>\n<blockquote>\n<h2>Ok al consuntivo 2022 e all\u2019attivit\u00e0 della consigliera di parit\u00e0<\/h2>\n<\/blockquote>\n<p><strong><a class=\"dt-pswp-item\" href=\"https:\/\/www.radiopiu.net\/wordpress\/wp-content\/uploads\/2023\/04\/IMG_9675.jpg\" data-dt-img-description=\"\" data-large_image_width=\"2016\" data-large_image_height=\"1512\"><img loading=\"lazy\" decoding=\"async\" class=\" wp-image-333358 alignleft\" src=\"https:\/\/www.radiopiu.net\/wordpress\/wp-content\/uploads\/2023\/04\/IMG_9675-300x225.jpg\" alt=\"\" width=\"255\" height=\"191\" srcset=\"https:\/\/www.radiopiu.net\/wordpress\/wp-content\/uploads\/2023\/04\/IMG_9675-300x225.jpg 300w, https:\/\/www.radiopiu.net\/wordpress\/wp-content\/uploads\/2023\/04\/IMG_9675-1024x768.jpg 1024w, https:\/\/www.radiopiu.net\/wordpress\/wp-content\/uploads\/2023\/04\/IMG_9675-768x576.jpg 768w, https:\/\/www.radiopiu.net\/wordpress\/wp-content\/uploads\/2023\/04\/IMG_9675-1536x1152.jpg 1536w, https:\/\/www.radiopiu.net\/wordpress\/wp-content\/uploads\/2023\/04\/IMG_9675.jpg 2016w\" sizes=\"auto, (max-width: 255px) 100vw, 255px\" \/><\/a>BELLUNO<\/strong>\u00a0 Conti in ordine, ma attenzione alla questione strade e al prelievo forzoso da parte dello Stato. Il consiglio provinciale, riunito in modalit\u00e0 itinerante a Chies d\u2019Alpago, ha approvato\u00a0 il bilancio consuntivo 2022. \u00ab<em>Un anno che \u00e8 stato tranquillo sotto il profilo economico e si \u00e8 chiuso senza scossoni\u00bb ha spiegato il presidente della Provincia, Roberto Padrin. \u00abRimangono aperte alcune questioni, come il finanziamento della gestione della viabilit\u00e0 e il prelievo forzoso, in virt\u00f9 del quale ci rimane ben poco del contributo statale\u00bb.<\/em><\/p>\n<p><strong>BILANCIO<\/strong> 2022Tra le voci al consuntivo 2022 spicca proprio il prelievo forzoso. Perch\u00e9 i trasferimenti statali per le funzioni fondamentali ammontano a 34,5 milioni di euro, ma 31,7 milioni tornano allo Stato in virt\u00f9 del contributo obbligatorio da parte degli enti Provincia. I principali investimenti hanno riguardato l\u2019edilizia scolastica e la difesa del suolo. <strong>CONSIGLIERA DI PARIT\u00c0<\/strong> Il consiglio ha preso atto anche dell\u2019attivit\u00e0 2022 della consigliera di parit\u00e0 Flavia Monego, che ha relazionato su tutto il lavoro svolto. CENTRI <strong>ITTIOGENICI E SANIT\u00c0<\/strong> Il consiglio ha approvato anche una convenzione con Veneto Acque per lo sviluppo dei centri ittiogenici di Tomo (Feltre) e Bolzano Bellunese, quali strutture di assoluta eccellenza nella riproduzione di trota marmorata del ceppo Piave. L\u2019investimento per completare e potenziare i due centri \u00e8 di circa 1,5 milioni di euro<\/p>\n<p>&nbsp;<\/p>\n<p>&nbsp;<\/p>\n<hr \/>\n<p>&nbsp;<\/p>\n<blockquote>\n<h3>LA MINORANZA &#8220;SALVA&#8221; IL CONSIGLIO COMUNALE E PONE DUBBI SULLA NOMINA DI FEDERICA ZASSO ALLA MUNICIPALIZZATA<\/h3>\n<\/blockquote>\n<p><strong><a class=\"dt-pswp-item\" href=\"https:\/\/www.radiopiu.net\/wordpress\/wp-content\/uploads\/2023\/04\/gessica-brancaleone.png\" data-dt-img-description=\"\" data-large_image_width=\"473\" data-large_image_height=\"344\"><img loading=\"lazy\" decoding=\"async\" class=\" wp-image-333274 alignleft\" src=\"https:\/\/www.radiopiu.net\/wordpress\/wp-content\/uploads\/2023\/04\/gessica-brancaleone-300x218.png\" alt=\"\" width=\"233\" height=\"169\" srcset=\"https:\/\/www.radiopiu.net\/wordpress\/wp-content\/uploads\/2023\/04\/gessica-brancaleone-300x218.png 300w, https:\/\/www.radiopiu.net\/wordpress\/wp-content\/uploads\/2023\/04\/gessica-brancaleone.png 473w\" sizes=\"auto, (max-width: 233px) 100vw, 233px\" \/><\/a>AGORDO<\/strong> Consiglio comunale alle otto di mattina, gli impegni extra Comune hanno tenuto lontano alcuni amministratori, ma la minoranza (Zaltron-De Riva) con la sua presenza ha contribuito al raggiungimento del numero legale e il consiglio ha avuto inizio. &#8220;Con senso civico di grande responsabilit\u00e0 garantiamo il raggiungimento del numero legale con la nostra presenza, sono importanti i punti all&#8217;ordine del giorno da approvare&#8221; ha spiegato il consigliere De Riva. Al secondo punto l&#8217;ingresso in amministrazione di Gessica Brancaleone (foto) a seguito delle dimissioni di Federica Zasso che ha\u00a0 assunto la carica di Presidente del consiglio d&#8217;amministrazione dell&#8217;Azienda Municipalizzata Agordo Servizi. Il gruppo di minoranza con Gherardo Zaltron al momento della votazione non ha <a class=\"dt-pswp-item\" href=\"https:\/\/www.radiopiu.net\/wordpress\/wp-content\/uploads\/2023\/04\/zaltron-de-riva.jpg\" data-dt-img-description=\"\" data-large_image_width=\"701\" data-large_image_height=\"370\"><img loading=\"lazy\" decoding=\"async\" class=\"wp-image-333277 alignright\" src=\"https:\/\/www.radiopiu.net\/wordpress\/wp-content\/uploads\/2023\/04\/zaltron-de-riva-300x158.jpg\" alt=\"\" width=\"218\" height=\"115\" srcset=\"https:\/\/www.radiopiu.net\/wordpress\/wp-content\/uploads\/2023\/04\/zaltron-de-riva-300x158.jpg 300w, https:\/\/www.radiopiu.net\/wordpress\/wp-content\/uploads\/2023\/04\/zaltron-de-riva.jpg 701w\" sizes=\"auto, (max-width: 218px) 100vw, 218px\" \/><\/a>alzato la mano,\u00a0 astenendosi.\u00a0 Al proposito il consigliere Gherardo Zaltron ha sollevato dei dubbi circa l&#8217;incarico fiduciario a Federica Zasso. <em>&#8220;Solleviamo una questione che riteniamo sia doveroso approfondire&#8221;,<\/em> ha detto Zaltron.<br \/>\nEcco il perch\u00e9 dei dubbi della minoranza nell&#8217;intervento del consigliere<\/p>\n<p><strong>AUDIO GHERARDO ZALTRON<\/strong><\/p>\n<audio class=\"wp-audio-shortcode\" id=\"audio-333239-2\" preload=\"none\" style=\"width: 100%;\" controls=\"controls\"><source type=\"audio\/mpeg\" src=\"https:\/\/www.radiopiu.net\/wordpress\/wp-content\/uploads\/2023\/04\/ZALTRON.mp3?_=2\" \/><a href=\"https:\/\/www.radiopiu.net\/wordpress\/wp-content\/uploads\/2023\/04\/ZALTRON.mp3\">https:\/\/www.radiopiu.net\/wordpress\/wp-content\/uploads\/2023\/04\/ZALTRON.mp3<\/a><\/audio>\n<blockquote><p>&nbsp;<\/p>\n<p><em>Il sindaco Roberto Chissal\u00e8 ha assicurato che ci sar\u00e0 un verifica e un chiarimento con l&#8217;ausilio del Segretario Comunale che gi\u00e0 anticipa &#8220;Si \u00e8 trattata di una nomina fatta dal Comune e non dall&#8217;Unione Montana dove la Zasso era assessore, verificheremo comunque se necessario con un interrogativo anche all&#8217;Anac&#8221;.<\/em><\/p><\/blockquote>\n<p>&nbsp;<\/p>\n<hr \/>\n<p>&nbsp;<\/p>\n<blockquote>\n<h3>CHIARA FONTANIVE, IL VOLTO NUOVO DELL&#8217;UNIONE MONTANA AGORDINA<\/h3>\n<\/blockquote>\n<p><strong>AGORDO<\/strong> Con le dimissioni da consigliere comunale di Federica Zasso,\u00a0 decade anche la nomina a consigliere dell&#8217;Unione Montana Agordina. Il consiglio comunale ha quindi\u00a0 votato il successore. Sar\u00e0\u00a0 Chiara Fontanive a\u00a0 sedere sugli scranni di Palazzo Bianco accanto al sindaco Roberto Chissal\u00e8 e al consigliere di opposizione Paolo Selva Moretti. Fontanive ha incassato non solo i voti della maggioranza, ma\u00a0 \u00a0anche della coppia di minoranza, si presume infatti che l&#8217;unica scheda bianca (votazione segreta) sia quella della diretta interessata.<\/p>\n<p><a class=\"dt-pswp-item\" href=\"https:\/\/www.radiopiu.net\/wordpress\/wp-content\/uploads\/2023\/04\/chiara-fontanive.jpg\" data-dt-img-description=\"\" data-large_image_width=\"517\" data-large_image_height=\"293\"><img loading=\"lazy\" decoding=\"async\" class=\"size-medium wp-image-333276 aligncenter\" src=\"https:\/\/www.radiopiu.net\/wordpress\/wp-content\/uploads\/2023\/04\/chiara-fontanive-300x170.jpg\" alt=\"\" width=\"300\" height=\"170\" srcset=\"https:\/\/www.radiopiu.net\/wordpress\/wp-content\/uploads\/2023\/04\/chiara-fontanive-300x170.jpg 300w, https:\/\/www.radiopiu.net\/wordpress\/wp-content\/uploads\/2023\/04\/chiara-fontanive.jpg 517w\" sizes=\"auto, (max-width: 300px) 100vw, 300px\" \/><\/a><\/p>\n<p>&nbsp;<\/p>\n<hr \/>\n<p>&nbsp;<\/p>\n<blockquote>\n<h3>NUOVI PARCHEGGI A PARECH DI AGORDO. CHISSALE&#8217; &#8220;LA CAOTICITA&#8217; REGNA SOVRANA&#8221;<\/h3>\n<\/blockquote>\n<p><strong><img loading=\"lazy\" decoding=\"async\" class=\"alignleft\" src=\"https:\/\/www.radiopiu.net\/wordpress\/wp-content\/uploads\/2023\/04\/DSC09497.jpg\" width=\"223\" height=\"167\" \/>AGORDO<\/strong> Il consiglio comunale ha approvato la variante al prg e si appresta a commissionare i lavori per i parcheggi sulla lobbia di Parech. Sar\u00e0 soprattutto sistemata una zona <em>&#8220;Serve un po&#8217; di ordine -ha detto il sindaco Roberto Chissal\u00e8- ci sono delle ore in cui la caoticit\u00e0 regna sovrana, serve ordine&#8221;.<\/em> E&#8217; stato un percorso lungo per acquisire le aree ha rimarcato il sindaco: nessun esproprio, ma solo accordi bonari.\u00a0 Dopo l&#8217;approvazione ci sono tutti i presupposti per appaltare i lavori in tempi brevi. \u00a0Recentemente \u00e8 stato dato il via alla realizzazione di 5 nuovi parcheggi sempre salendo verso\u00a0 Parech (all&#8217;inizio della salita),\u00a0 come sono stati appaltati i nuovi 50 parcheggi in via Teto Piciol a favore di tutte le frazioni circostanti.<\/p>\n<p><strong>IL SINDACO ROBERTO CHISSALE&#8217;<\/strong><\/p>\n<audio class=\"wp-audio-shortcode\" id=\"audio-333239-3\" preload=\"none\" style=\"width: 100%;\" controls=\"controls\"><source type=\"audio\/mpeg\" src=\"https:\/\/www.radiopiu.net\/wordpress\/wp-content\/uploads\/2023\/04\/chissale-parcheggi.mp3?_=3\" \/><a href=\"https:\/\/www.radiopiu.net\/wordpress\/wp-content\/uploads\/2023\/04\/chissale-parcheggi.mp3\">https:\/\/www.radiopiu.net\/wordpress\/wp-content\/uploads\/2023\/04\/chissale-parcheggi.mp3<\/a><\/audio>\n<p>&nbsp;<\/p>\n<hr \/>\n<p>&nbsp;<\/p>\n<blockquote>\n<h3>QUASI 2000 METRI QUADRI DI TERRENO IN VENDITA IN LOCALITA&#8217; VALCOZZENA<\/h3>\n<\/blockquote>\n<p><strong><img loading=\"lazy\" decoding=\"async\" class=\"alignleft\" src=\"https:\/\/www.radiopiu.net\/wordpress\/wp-content\/uploads\/2023\/01\/f5c58041-2f77-4ccf-b15d-82d7064a18a9.jpg\" width=\"144\" height=\"108\" \/>AGORDO<\/strong> I terreni comunali in localit\u00e0 Valcozzena saranno venduti o meglio, come specifica l&#8217;assessore Claudio Sito &#8220;alienati&#8221;. Il Comune incasser\u00e0 oltre 150 mila euro. L&#8217;alienazione \u00e8 stata inserita nel Dup.<\/p>\n<p>&nbsp;<\/p>\n<p>&nbsp;<\/p>\n<p><strong>L&#8217;ASSESSORE AI LAVORI PUBBLICI CLAUDIO SITO<\/strong><\/p>\n<audio class=\"wp-audio-shortcode\" id=\"audio-333239-4\" preload=\"none\" style=\"width: 100%;\" controls=\"controls\"><source type=\"audio\/mpeg\" src=\"https:\/\/www.radiopiu.net\/wordpress\/wp-content\/uploads\/2023\/04\/SITO-VALCO.mp3?_=4\" \/><a href=\"https:\/\/www.radiopiu.net\/wordpress\/wp-content\/uploads\/2023\/04\/SITO-VALCO.mp3\">https:\/\/www.radiopiu.net\/wordpress\/wp-content\/uploads\/2023\/04\/SITO-VALCO.mp3<\/a><\/audio>\n<p>&nbsp;<\/p>\n<p>&nbsp;<\/p>\n<hr \/>\n<p>&nbsp;<\/p>\n<blockquote>\n<h3>EFFICIENTAMENTO ENERGETICO. CHISSALE&#8217; &#8220;E&#8217; ORA DI TOGLIERE QUEI PALLONI DALLA PIAZZA&#8221;<\/h3>\n<\/blockquote>\n<p><strong><img loading=\"lazy\" decoding=\"async\" class=\"alignleft\" src=\"https:\/\/www.radiopiu.net\/wordpress\/wp-content\/uploads\/2020\/11\/1-AGORDO-10-8-2018-3.jpg\" width=\"237\" height=\"158\" \/>AGORDO<\/strong> Il Comune di Agordo pensa all&#8217;efficientamento energetico anche guardando all&#8217;inquinamento luminoso. Lo ha anticipato in consiglio comunale l&#8217;assessore Claudio Sito. Il primo stralcio riguarda la zona della piazza, Corso Alpini e Corso Patrioti.<\/p>\n<p>&nbsp;<\/p>\n<p>&nbsp;<\/p>\n<p>&nbsp;<\/p>\n<p><strong>L&#8217;ASSESSORE CLAUDIO SITO E IL SINDACO DI AGORDO ROBERTO CHISSALE&#8217;<\/strong><\/p>\n<audio class=\"wp-audio-shortcode\" id=\"audio-333239-5\" preload=\"none\" style=\"width: 100%;\" controls=\"controls\"><source type=\"audio\/mpeg\" src=\"https:\/\/www.radiopiu.net\/wordpress\/wp-content\/uploads\/2023\/04\/sito-lampioni.mp3?_=5\" \/><a href=\"https:\/\/www.radiopiu.net\/wordpress\/wp-content\/uploads\/2023\/04\/sito-lampioni.mp3\">https:\/\/www.radiopiu.net\/wordpress\/wp-content\/uploads\/2023\/04\/sito-lampioni.mp3<\/a><\/audio>\n<p>&nbsp;<\/p>\n<p>Il consigliere Sergio De Riva ha ribadito l&#8217;opportunit\u00e0 di integrare i nuovi lampioni con gli esistenti. <em>&#8220;Trent&#8217;anni fa con l&#8217;allora sindaco Valcozzena avevo inziato questo lavoro, auspico si segua la stessa linea anche attorno al Broi in sitonia con quanto fatto in centro storico.&#8221;<\/em><\/p>\n<p>&nbsp;<\/p>\n<hr \/>\n<p>&nbsp;<\/p>\n<blockquote>\n<h3>SARA&#8217; FATTO ORDINE SUI VERSANTI DI MALGA FRAMONT<\/h3>\n<\/blockquote>\n<p><strong><img loading=\"lazy\" decoding=\"async\" class=\"alignleft\" src=\"https:\/\/www.radiopiu.net\/wordpress\/wp-content\/uploads\/2021\/06\/Malga-Framont2-300x300-1.jpg\" width=\"159\" height=\"159\" \/>AGORDO<\/strong> Due annualit\u00e0 dei fondi del Demanio Idrico, ovvero 2021 e 2022 (che transitano attraverso l&#8217;Unione Montana) sono stati destinati alla sistemazione dei versanti a Malga Framont. Sar\u00e0 messa in sicurezza una zona importante, Malga Framont \u00e8 senza dubbio la montagna di chi vive ad Agordo.<\/p>\n<p>&nbsp;<\/p>\n<p>&nbsp;<\/p>\n<p>&nbsp;<\/p>\n<p>IL SINDACO ROBERTO CHISSALE&#8217;<\/p>\n<audio class=\"wp-audio-shortcode\" id=\"audio-333239-6\" preload=\"none\" style=\"width: 100%;\" controls=\"controls\"><source type=\"audio\/mpeg\" src=\"https:\/\/www.radiopiu.net\/wordpress\/wp-content\/uploads\/2023\/04\/chissale-framont-2.mp3?_=6\" \/><a href=\"https:\/\/www.radiopiu.net\/wordpress\/wp-content\/uploads\/2023\/04\/chissale-framont-2.mp3\">https:\/\/www.radiopiu.net\/wordpress\/wp-content\/uploads\/2023\/04\/chissale-framont-2.mp3<\/a><\/audio>\n<p>&nbsp;<\/p>\n<p>&nbsp;<\/p>\n<p>&nbsp;<\/p>\n<hr \/>\n<blockquote>\n<h3><\/h3>\n<h3>IL CONSIGLIO COMUNALE DI AGORDO<\/h3>\n<\/blockquote>\n<p><strong>LA DIRETTA RADIO PIU&#8217;<\/strong><\/p>\n<p><strong>Video 1<\/strong><\/p>\n<p>https:\/\/www.facebook.com\/marco.baghy.1\/videos\/1259724284681559<\/p>\n<p>&nbsp;<\/p>\n<p><strong>Video 2<\/strong><\/p>\n<p>https:\/\/www.facebook.com\/marco.baghy.1\/videos\/754118636370511<\/p>\n<p>&nbsp;<\/p>\n<hr \/>\n<p>&nbsp;<\/p>\n<blockquote>\n<h3>VERSO LA RIQUALIFICAZIONE L\u2019EX GARDEN BAR DI CAVARZANO<\/h3>\n<\/blockquote>\n<p><strong>BELLUNO<\/strong> Progetto di riqualificazione per l\u2019area ex Garden Bar di Cavarzano: l\u2019immobile sar\u00e0 riportato in uso dall\u2019Associazione Nazionale Alpini \u2013 Sezione di Belluno \u2013 Gruppo Cavarzano Oltrardo. Le penne nere adibiranno gli spazi a sede, luogo di incontro e riunione per i soci, a magazzino e allo svolgimento di attivit\u00e0 e manifestazioni e si assumeranno l\u2019impegno di tutti i lavori di riqualifica, di manutenzioni ordinarie e straordinarie di cui ci sar\u00e0 bisogno. Il bene, di propriet\u00e0 comunale, \u00e8 inutilizzato da anni e versa in uno stato di degrado.<\/p>\n<p><strong>IL SINDACO DI BELLUNO OSCAR DE PELLEGRIN<\/strong><\/p>\n<p><iframe loading=\"lazy\" title=\"DE PELLEGRIN GARDEN BAR\" width=\"1200\" height=\"675\" src=\"https:\/\/www.youtube.com\/embed\/FSggouS94Eg?feature=oembed\" frameborder=\"0\" allow=\"accelerometer; autoplay; clipboard-write; encrypted-media; gyroscope; picture-in-picture; web-share\" allowfullscreen><\/iframe><\/p>\n<p>&nbsp;<\/p>\n<p>&nbsp;<\/p>\n<hr \/>\n<p>&nbsp;<\/p>\n<p>&nbsp;<\/p>\n<blockquote>\n<h2>Bilancio consuntivo approvato: 360mila euro per frazioni, scuole e sociale<\/h2>\n<\/blockquote>\n<p><em><a class=\"dt-pswp-item\" href=\"https:\/\/www.radiopiu.net\/wordpress\/wp-content\/uploads\/2023\/04\/Lavori_in_viale_Cadore.jpg\" data-dt-img-description=\"\" data-large_image_width=\"1024\" data-large_image_height=\"939\"><img loading=\"lazy\" decoding=\"async\" class=\" wp-image-333348 alignleft\" src=\"https:\/\/www.radiopiu.net\/wordpress\/wp-content\/uploads\/2023\/04\/Lavori_in_viale_Cadore-300x275.jpg\" alt=\"\" width=\"218\" height=\"200\" srcset=\"https:\/\/www.radiopiu.net\/wordpress\/wp-content\/uploads\/2023\/04\/Lavori_in_viale_Cadore-300x275.jpg 300w, https:\/\/www.radiopiu.net\/wordpress\/wp-content\/uploads\/2023\/04\/Lavori_in_viale_Cadore-768x704.jpg 768w, https:\/\/www.radiopiu.net\/wordpress\/wp-content\/uploads\/2023\/04\/Lavori_in_viale_Cadore.jpg 1024w\" sizes=\"auto, (max-width: 218px) 100vw, 218px\" \/><\/a>Il consiglio comunale di Ponte nelle Alpi approva il bilancio consuntivo con 360mila euro destinati a opere nelle frazioni e interventi nelle scuole e nel sociale. E, nel frattempo, i finanziamenti Pnrr europei ottenuti dal Comune, tramite appositi bandi, si stanno gi\u00e0 concretizzando.\u00a0<\/em><\/p>\n<p>Sono iniziate le opere per la realizzazione dei nuovi marciapiedi in viale Cadore (foto)per un importo di 700mila euro.\u00a0 Interventi previsti:\u00a0 190mila euro per la manutenzione straordinaria della viabilit\u00e0 nelle frazioni, 10mila euro per lavori in casa di riposo, 19mila euro per attrezzature delle mense scolastiche, 17mila per l\u2019ampliamento di spazi in Biblioteca civica, 30mila per il progetto \u201cSport nei parchi\u201d. Sono finanziati anche i capitoli delle progettualit\u00e0 per 10mila euro, cos\u00ec da dare seguito alla finalizzazione di opere importanti come il completamento dei campi da bocce di Nuova Erto.<\/p>\n<p>&nbsp;<\/p>\n<p>&nbsp;<\/p>\n<p>&nbsp;<\/p>\n<hr \/>\n<p>&nbsp;<\/p>\n<blockquote>\n<h3>Giornata mondiale per la salute e la sicurezza sui luoghi di lavoro: incontro con le ditte del comparto della logistica<\/h3>\n<\/blockquote>\n<p><strong><a class=\"dt-pswp-item\" href=\"https:\/\/www.radiopiu.net\/wordpress\/wp-content\/uploads\/2022\/04\/spisal.jpg\" data-dt-img-description=\"\" data-large_image_width=\"344\" data-large_image_height=\"381\"><img loading=\"lazy\" decoding=\"async\" class=\" wp-image-272870 alignleft\" src=\"https:\/\/www.radiopiu.net\/wordpress\/wp-content\/uploads\/2022\/04\/spisal-271x300.jpg\" alt=\"\" width=\"179\" height=\"198\" srcset=\"https:\/\/www.radiopiu.net\/wordpress\/wp-content\/uploads\/2022\/04\/spisal-271x300.jpg 271w, https:\/\/www.radiopiu.net\/wordpress\/wp-content\/uploads\/2022\/04\/spisal.jpg 344w\" sizes=\"auto, (max-width: 179px) 100vw, 179px\" \/><\/a>BELLUNO<\/strong> In occasione della Giornata mondiale per la salute e la sicurezza sui luoghi di lavoro,\u00a0 oggi lo SPISAL dell\u2019 Ulss Dolomiti ha dato avvio al primo di tre progetti previsti dal Piano di Prevenzione 20-25 della Regione Veneto. Riguardano interventi di prevenzione e vigilanza da effettuarsi da qui al 2025 nei comparti della logistica, metalmeccanica e del legno, comparti che hanno visto negli ultimi anni un aumento del\u00a0 numero degli infortuni e delle malattie professionali\u00a0 e che necessitano di una particolare attenzione. Oggi lo SPISAL incontrer\u00e0 presso il nuovo hub vaccinale di Salce \u2013 Belluno circa 30 ditte del comparto della logistica con presenza dei Datori di Lavoro e loro consulenti in materia di sicurezza. Sono state invitate a partecipare, inoltre, anche le rappresentanze delle associazioni di categoria e le organizzazioni sindacali. \u00a0Una fase ispettiva sar\u00e0, poi, costituita da sopralluoghi di verifica del rispetto della normativa in materia di igiene e sicurezza sul lavoro, effettuati dal personale tecnico e sanitario dello SPISAL a partire dal mese di ottobre 2023\u00a0 cos\u00ec da dare il tempo alle aziende di effettuare l\u2019autovalutazione ed eventualmente mettere in atto azioni correttive. La fase conclusiva, che si attuer\u00e0 nel 2025, preveder\u00e0, infine, un nuovo incontro con le aziende per la divulgazione e condivisione dei risultati e delle conclusioni.<\/p>\n<p>&nbsp;<\/p>\n<hr \/>\n<p>&nbsp;<\/p>\n<blockquote>\n<h1>Libere e sovrane<\/h1>\n<p><em>Lentiai \u2013 Borgo Valbelluna \u2013 27 aprile: i ragazzi della 3^ A della secondaria di primo grado di Lentiai celebrano la Liberazione e le onorevoli della costituente.<\/em><\/p><\/blockquote>\n<p><a class=\"dt-pswp-item\" href=\"https:\/\/www.radiopiu.net\/wordpress\/wp-content\/uploads\/2023\/04\/25_aprile_panoramica.jpg\" data-dt-img-description=\"\" data-large_image_width=\"980\" data-large_image_height=\"490\"><img loading=\"lazy\" decoding=\"async\" class=\"size-medium wp-image-333344 alignleft\" src=\"https:\/\/www.radiopiu.net\/wordpress\/wp-content\/uploads\/2023\/04\/25_aprile_panoramica-300x150.jpg\" alt=\"\" width=\"300\" height=\"150\" srcset=\"https:\/\/www.radiopiu.net\/wordpress\/wp-content\/uploads\/2023\/04\/25_aprile_panoramica-300x150.jpg 300w, https:\/\/www.radiopiu.net\/wordpress\/wp-content\/uploads\/2023\/04\/25_aprile_panoramica-768x384.jpg 768w, https:\/\/www.radiopiu.net\/wordpress\/wp-content\/uploads\/2023\/04\/25_aprile_panoramica.jpg 980w\" sizes=\"auto, (max-width: 300px) 100vw, 300px\" \/><\/a><strong>BORGO VALBELLUNA<\/strong> Ieri i ragazzi della terza A della Secondaria di Lentiai si sono ritrovati in piazza Crivellaro, alla presenza dell\u2019Anpi, delle istituzioni locali, dei rappresentanti delle varie Armi e della cittadinanza, non solo per ricordare la liberazione dal nazifascismo &#8211; avvenuta il 25 aprile del 1945 \u2013 ma anche per celebrare il 75\u00b0 anniversario della Costituzione. Per festeggiare quest\u2019ultima i ragazzi, grazie ad un lavoro di approfondimento svolto in classe con l\u2019insegnate di lettere, hanno presentato le 21 madri costituenti che fortemente hanno contribuito alla stesura del testo costituzionale. Gli alunni hanno esordito citando una frase di Teresa Mattei, una delle grandi costituenti: Le lapidi sono importanti, i monumenti sono importanti, ma il pi\u00f9 grande monumento, il maggiore, il pi\u00f9 straordinario che si \u00e8 costruito in Italia <a class=\"dt-pswp-item\" href=\"https:\/\/www.radiopiu.net\/wordpress\/wp-content\/uploads\/2023\/04\/25_aprile_3A_lentiai_mod.jpg\" data-dt-img-description=\"\" data-large_image_width=\"1302\" data-large_image_height=\"1047\"><img loading=\"lazy\" decoding=\"async\" class=\"size-medium wp-image-333343 alignright\" src=\"https:\/\/www.radiopiu.net\/wordpress\/wp-content\/uploads\/2023\/04\/25_aprile_3A_lentiai_mod-300x241.jpg\" alt=\"\" width=\"300\" height=\"241\" srcset=\"https:\/\/www.radiopiu.net\/wordpress\/wp-content\/uploads\/2023\/04\/25_aprile_3A_lentiai_mod-300x241.jpg 300w, https:\/\/www.radiopiu.net\/wordpress\/wp-content\/uploads\/2023\/04\/25_aprile_3A_lentiai_mod-1024x823.jpg 1024w, https:\/\/www.radiopiu.net\/wordpress\/wp-content\/uploads\/2023\/04\/25_aprile_3A_lentiai_mod-768x618.jpg 768w, https:\/\/www.radiopiu.net\/wordpress\/wp-content\/uploads\/2023\/04\/25_aprile_3A_lentiai_mod.jpg 1302w\" sizes=\"auto, (max-width: 300px) 100vw, 300px\" \/><\/a>alla libert\u00e0, alla giustizia, alla Resistenza, all\u2019antifascismo, al pacifismo, \u00e8 la nostra Costituzione. Gli allievi hanno poi presentato le varie tappe storiche che hanno portato al 25 aprile del 1945; hanno ricordato come il 2 giugno del 1946 le donne abbiano votano per la prima volta e come alcune di loro abbiano cambiato la nostra storia entrando a far parte prima dell\u2019Assemblea costituente e poi della Commissione dei 75, l&#8217;organo che ebbe il compito di concepire la Costituzione italiana. Ciascuno dei ragazzi ha presentato in prima persona le 21 donne libere e sovrane che per prime nella storia d&#8217;Italia intervennero nelle decisioni politiche sul futuro del nostro paese. Insieme contribuirono a scrivere la Costituzione rendendola cos\u00ec anche la Costituzione delle donne. Avevano et\u00e0 diverse, provenivano da varie regioni d&#8217;Italia e non avevano le stesse idee politiche. All&#8217;assemblea Costituente furono elette 21 donne e 535 uomini, ma &#8211; anche se in netta minoranza &#8211; le onorevoli seppero fare la differenza. Infatti, se la nostra Costituzione afferma la parit\u00e0 di diritti tra donna e uomo \u00e8 soprattutto per merito loro. Infine i ragazzi hanno rimarcato come sia stato fondamentale per il raggiungimento della liberazione l\u2019attivit\u00e0 dei partigiani e della Resistenza e &#8211; parlando di donne &#8211; delle staffette, tra cui le partigiane venete Tina Anselmi e Tina Merlin.<\/p>\n<p>&nbsp;<\/p>\n<p>&nbsp;<\/p>\n<hr \/>\n<p>&nbsp;<\/p>\n<blockquote>\n<h3>VERSO IL PRIMO MAGGIO, FESTA DEI LAVORATORI. IL\u00a0 TEMPO DELLA RIFLESSIONE<\/h3>\n<\/blockquote>\n<p><span dir=\"ltr\" role=\"presentation\"><strong><a class=\"dt-pswp-item\" href=\"https:\/\/www.radiopiu.net\/wordpress\/wp-content\/uploads\/2020\/12\/CGIL.jpg\" data-dt-img-description=\"\" data-large_image_width=\"512\" data-large_image_height=\"285\"><img loading=\"lazy\" decoding=\"async\" class=\" wp-image-180372 alignleft\" src=\"https:\/\/www.radiopiu.net\/wordpress\/wp-content\/uploads\/2020\/12\/CGIL-300x167.jpg\" alt=\"\" width=\"266\" height=\"148\" srcset=\"https:\/\/www.radiopiu.net\/wordpress\/wp-content\/uploads\/2020\/12\/CGIL-300x167.jpg 300w, https:\/\/www.radiopiu.net\/wordpress\/wp-content\/uploads\/2020\/12\/CGIL.jpg 512w\" sizes=\"auto, (max-width: 266px) 100vw, 266px\" \/><\/a>BELLUNO<\/strong> La Camera del lavoro di Belluno e la Rete degli studenti medi organizzano, in occasione <\/span><span dir=\"ltr\" role=\"presentation\">della ricorrenza della Festa dei lavoratori del 1\u00b0 maggio, un pomeriggio di riflessione sulle <\/span><span dir=\"ltr\" role=\"presentation\">tematiche del lavoro di maggiore attualit\u00e0, in particolare dopo la pandemia e al centro di una <\/span><span dir=\"ltr\" role=\"presentation\">complessiva valutazione su scala europea. <\/span><span dir=\"ltr\" role=\"presentation\">A partire dalle 14, al cinema Italia di Belluno, ci sar\u00e0 la proiezione del film di Pif, dal <\/span><span dir=\"ltr\" role=\"presentation\">titolo \u201cE noi come stronzi rimanemmo a guardare\u201d, alla quale far\u00e0 seguito la presentazione del <\/span><span dir=\"ltr\" role=\"presentation\">libro \u201cLavorare meno, vivere meglio. Appunti sulla riduzione dell\u2019orario di lavoro per una <\/span><span dir=\"ltr\" role=\"presentation\">societ\u00e0 migliore e una diversa economia\u201d, con la presenza dell\u2019autore, Fausto Durante, <\/span><span dir=\"ltr\" role=\"presentation\">segretario generale della CGIL della Sardegna e gli interventi di Denise Casanova, segretaria <\/span><span dir=\"ltr\" role=\"presentation\">della CGIL di Belluno, Roberto Grandinetti, docente di management all\u2019universit\u00e0 di Padova e <\/span><span dir=\"ltr\" role=\"presentation\">Nicola Zanon, segretario di Confapi Veneto. <\/span><span dir=\"ltr\" role=\"presentation\">\u201cA 75 anni dall\u2019entrata in vigore della Costituzione repubblicana\u201d chiarisce Denise <\/span><span dir=\"ltr\" role=\"presentation\">Casanova \u201csono diventati maturi i tempi per affrontare un ragionamento complessivo sulla <\/span><span dir=\"ltr\" role=\"presentation\">necessit\u00e0, da parte delle persone, di avere pi\u00f9 tempo da dedicare alle proprie famiglie, una <\/span><span dir=\"ltr\" role=\"presentation\">esigenza emersa fortemente durante la pandemia e che \u00e8 oggetto di sperimentazione in diversi <\/span><span dir=\"ltr\" role=\"presentation\">Paesi, dove i primi risultati, che si sono raggiunti, hanno fornito esiti confortanti\u201d.<\/span><\/p>\n<p>&nbsp;<\/p>\n<hr \/>\n<p>&nbsp;<\/p>\n<div class=\"page-title-head hgroup\">\n<blockquote>\n<h3 class=\"entry-title\">60 ANNI DI ALPINISMO IN CIVETTA, AD ALLEGHE L\u2019INCONTRO CON TANTI GRANDI NOMI<\/h3>\n<\/blockquote>\n<\/div>\n<p><img loading=\"lazy\" decoding=\"async\" class=\"alignleft\" src=\"https:\/\/www.radiopiu.net\/wordpress\/wp-content\/uploads\/2019\/08\/Attilio-Tissi-con-la-moglie-Mariola-sulla-cima-della-Torre-Lavaredo-poco-prima-della-caduta-22-agosto-1959-1.jpg\" width=\"139\" height=\"209\" \/><strong>ALLEGHE<\/strong> Sabato 6 maggio 2023 alle ore 17 presso la Sala Congressi di Alleghe si parler\u00e0 del grande alpinismo in Civetta insieme a chi quell\u2019alpinismo l\u2019ha vissuto. L\u2019occasione \u00e8 il 60 mo anniversario del Rifugio Tissi, di propriet\u00e0 del CAI Belluno, organizzatore dell\u2019evento. La serata, moderata da Bepi Casagrande, vedr\u00e0 la partecipazione di grandi nomi dell\u2019alpinismo: Aldo Anghileri, Alessandro Ba\u00f9, Alessandro Beber, Domenico Bellenzier, Piero Bez, Marcello Bonafede, Gianbattista Crimella, Manrico Dall&#8217;Agnola, Venturino De Bona, Bruno De Don\u00e0, Martin Dejori, Soro Dorotei, Mariano Frizzera, Gianni Gianeselli, Adam Holzknecht, Renato Panciera, Titus Prinoth, Gianni Rusconi, Dario Spreafico, Roberto Sorgato (in collegamento), Giorgio Tessari, Nicola Tondini, Mauro Valmassoi, Fabio Valseschini, Gianbattista Villa, Alex Walpoth. I gestori del rifugio Tissi Paola e Valter Bellenzier racconteranno la storia del rifugio, costruito nel 1963 e intitolato alla memoria dell\u2019alpinista Attilio Tissi, scomparso nel 1959. Durante l\u2019evento saranno proiettati dei filmati riguardanti il contesto dolomitico tratti dalla raccolta <em>C\u2019era una volta,<\/em> dell\u2019alpinista e accademico del CAI Giorgio Radaelli, scomparso nel 2022. L\u2019evento sar\u00e0 accompagnato dai canti del coro CAI di Belluno e vedr\u00e0 la partecipazione del Soccorso Alpino e del presidente regionale del Club Alpino Italiano Renato Frigo.Informazioni: <a href=\"mailto:info@caibelluno.it\">info@caibelluno.it <\/a><\/p>\n<p>FOTO Attilio Tissi e la moglie Mariola<\/p>\n<p>&nbsp;<\/p>\n<p>&nbsp;<\/p>\n<hr \/>\n<p>&nbsp;<\/p>\n<blockquote>\n<h3>AL MUSEO LONGARONE VAJONT PRESENTAZIONE MARATONA DI LETTURA IL VENETO LEGGE 2023<\/h3>\n<\/blockquote>\n<p><strong><a class=\"dt-pswp-item\" href=\"https:\/\/www.radiopiu.net\/wordpress\/wp-content\/uploads\/2023\/04\/SCR-20230427-kqze.png\" data-dt-img-description=\"\" data-large_image_width=\"1268\" data-large_image_height=\"602\"><img loading=\"lazy\" decoding=\"async\" class=\" wp-image-333300 alignleft\" src=\"https:\/\/www.radiopiu.net\/wordpress\/wp-content\/uploads\/2023\/04\/SCR-20230427-kqze-300x142.png\" alt=\"\" width=\"194\" height=\"92\" srcset=\"https:\/\/www.radiopiu.net\/wordpress\/wp-content\/uploads\/2023\/04\/SCR-20230427-kqze-300x142.png 300w, https:\/\/www.radiopiu.net\/wordpress\/wp-content\/uploads\/2023\/04\/SCR-20230427-kqze-1024x486.png 1024w, https:\/\/www.radiopiu.net\/wordpress\/wp-content\/uploads\/2023\/04\/SCR-20230427-kqze-768x365.png 768w, https:\/\/www.radiopiu.net\/wordpress\/wp-content\/uploads\/2023\/04\/SCR-20230427-kqze.png 1268w\" sizes=\"auto, (max-width: 194px) 100vw, 194px\" \/><\/a>LONGARONE <\/strong>Oggi alle 12.30 al Museo Longarone Vajont Centro Culturale \u201cF. Parri\u201d sar\u00e0 presentata la Maratona di lettura &#8216;il Veneto legge&#8217; \u2013 settima edizione. Durante l\u2019appuntamento verranno annunciati i temi scelti per questa edizione, le attivit\u00e0 in programma e si dar\u00e0 il via agli eventi di &#8216;riscaldamento&#8217; che condurranno tutto il Veneto a leggere il 29 settembre prossimo.\u00a0 La Maratona di lettura &#8220;Il Veneto legge&#8221; \u00e8 un progetto della Regione del Veneto,\u00a0Assessorato alla Cultura,\u00a0realizzato\u00a0in collaborazione con l\u2019Associazione Italiana Biblioteche Veneto\u00a0e l\u2019Ufficio Scolastico Regionale Veneto.<\/p>\n<p>&nbsp;<\/p>\n<p>&nbsp;<\/p>\n<hr \/>\n<p>&nbsp;<\/p>\n<blockquote>\n<h3><strong>CHIUSO IL CONCORSO DI DISEGNO \u201cADOTTA UN CORSO D\u2019ACQUA, ADOTTA UN PESCE\u201d: TRIONFANO AURONZO E CALALZO<\/strong><\/h3>\n<\/blockquote>\n<p><strong><a class=\"dt-pswp-item\" href=\"https:\/\/www.radiopiu.net\/wordpress\/wp-content\/uploads\/2023\/04\/Disegno_Vincitore-votazione-popolare.jpg\" data-dt-img-description=\"\" data-large_image_width=\"1772\" data-large_image_height=\"1269\"><img loading=\"lazy\" decoding=\"async\" class=\" wp-image-333255 alignleft\" src=\"https:\/\/www.radiopiu.net\/wordpress\/wp-content\/uploads\/2023\/04\/Disegno_Vincitore-votazione-popolare-300x215.jpg\" alt=\"\" width=\"177\" height=\"127\" srcset=\"https:\/\/www.radiopiu.net\/wordpress\/wp-content\/uploads\/2023\/04\/Disegno_Vincitore-votazione-popolare-300x215.jpg 300w, https:\/\/www.radiopiu.net\/wordpress\/wp-content\/uploads\/2023\/04\/Disegno_Vincitore-votazione-popolare-1024x733.jpg 1024w, https:\/\/www.radiopiu.net\/wordpress\/wp-content\/uploads\/2023\/04\/Disegno_Vincitore-votazione-popolare-768x550.jpg 768w, https:\/\/www.radiopiu.net\/wordpress\/wp-content\/uploads\/2023\/04\/Disegno_Vincitore-votazione-popolare-1536x1100.jpg 1536w, https:\/\/www.radiopiu.net\/wordpress\/wp-content\/uploads\/2023\/04\/Disegno_Vincitore-votazione-popolare.jpg 1772w\" sizes=\"auto, (max-width: 177px) 100vw, 177px\" \/><\/a>LONGARONE <\/strong>Sono stati 404 i voti ai disegni di \u201cAdotta un corso d\u2019acqua, adotta un pesce\u201d, espressi dai visitatori di \u201cCaccia, pesca, natura\u201d, a Longarone Fiere Dolomiti. Il progetto, messo in campo dalla Federazione dei bacini di pesca e dalla Fondazione Fantastiche Dolomiti, e appoggiato dalla Provincia di Belluno ha portato i pescatori a spiegare tra i banchi la loro attivit\u00e0 ed \u00e8 diventato un concorso di disegno rivolto ai pi\u00f9 piccoli, chiamati a tratteggiare gli abitanti dei corsi d\u2019acqua. Il concorso ha esposto in fiera i 340 disegni realizzati dai bambini. E ha lasciato spazio alla votazione del pubblico. Lo spoglio delle schede effettuato dal segretario e dal presidente della Federazione (Claudio Canova e Filippo Sitran) ha avuto ottimi risultati per le scuole del Cadore. Il disegno pi\u00f9 votato (con 30 voti) \u00e8 stato della classe quinta di Auronzo, che \u00e8 risultata anche la classe pi\u00f9 votata (con 48 voti). La scuola pi\u00f9 votata invece, con 119 voti, \u00e8 stata quella di Calalzo. (nella foto il disegno vincitore del concorso)<\/p>\n<p>&nbsp;<\/p>\n<p>&nbsp;<\/p>\n<hr \/>\n<p>&nbsp;<\/p>\n<p><strong>LOTTA ALLA PLASTICA. ASSESSORE AMBIENTE: \u201cLA PLASTICA IN VENETO HA LE ORE CONTATE. RIVER EYE E\u2019 UN PROGETTO INNOVATIVO PER CONTRASTARE LA PLASTICA NEI NOSTRI FIUMI\u201d<\/strong><\/p>\n<p>&nbsp;<\/p>\n<p><strong><a class=\"dt-pswp-item\" href=\"https:\/\/www.radiopiu.net\/wordpress\/wp-content\/uploads\/2019\/08\/Rifiuti-Nevegal.jpeg\" data-dt-img-description=\"\" data-large_image_width=\"1200\" data-large_image_height=\"1600\"><img loading=\"lazy\" decoding=\"async\" class=\"wp-image-94722 alignleft\" src=\"https:\/\/www.radiopiu.net\/wordpress\/wp-content\/uploads\/2019\/08\/Rifiuti-Nevegal-225x300.jpeg\" alt=\"\" width=\"116\" height=\"155\" srcset=\"https:\/\/www.radiopiu.net\/wordpress\/wp-content\/uploads\/2019\/08\/Rifiuti-Nevegal-225x300.jpeg 225w, https:\/\/www.radiopiu.net\/wordpress\/wp-content\/uploads\/2019\/08\/Rifiuti-Nevegal-768x1024.jpeg 768w, https:\/\/www.radiopiu.net\/wordpress\/wp-content\/uploads\/2019\/08\/Rifiuti-Nevegal.jpeg 1200w\" sizes=\"auto, (max-width: 116px) 100vw, 116px\" \/><\/a>VENEZIA<\/strong> <em>\u201cIn Veneto la plastica ha le ore contate. In questa direzione va l\u2019importante iniziativa promossa dalla nostra Regione grazie alla collaborazione con l&#8217;associazione no profit Plastic Free, la nostra Regione, oltre alla sensibilizzazione sui corretti comportamenti da seguire, decide di fare di pi\u00f9 in maniera efficace e ci mette la faccia con un progetto innovativo e tecnologicamente moderno che intanto riguarder\u00e0 quattro fiumi (Piave, Bacchiglione, Canalbianco, Po), i comuni di Eraclea, Adria, Correzzola e Ficarolo\u201d.<\/em> Con queste parole, l\u2019assessore regionale veneto all\u2019Ambiente ha introdotto, nella conferenza stampa di oggi al Balbi a Venezia, un progetto tecnologicamente all\u2019avanguardia che sar\u00e0 impiegato in Veneto per monitorare e quantificare i rifiuti.<\/p>\n<p>&nbsp;<\/p>\n<hr \/>\n<blockquote>\n<h3><\/h3>\n<h3>PNRR, UNCEM: ANTICIPAZIONI DI CASSA PER I LAVORI IMPOSSIBILI PER I COMUNI. PARALISI FINANZIARIA ALLE PORTE<\/h3>\n<\/blockquote>\n<p><strong><a class=\"dt-pswp-item\" href=\"https:\/\/www.radiopiu.net\/wordpress\/wp-content\/uploads\/2020\/11\/logoUNCEM_no_scritta-wdtr.jpg\" data-dt-img-description=\"\" data-large_image_width=\"640\" data-large_image_height=\"640\"><img loading=\"lazy\" decoding=\"async\" class=\" wp-image-170846 alignleft\" src=\"https:\/\/www.radiopiu.net\/wordpress\/wp-content\/uploads\/2020\/11\/logoUNCEM_no_scritta-wdtr-300x300.jpg\" alt=\"\" width=\"144\" height=\"144\" srcset=\"https:\/\/www.radiopiu.net\/wordpress\/wp-content\/uploads\/2020\/11\/logoUNCEM_no_scritta-wdtr-300x300.jpg 300w, https:\/\/www.radiopiu.net\/wordpress\/wp-content\/uploads\/2020\/11\/logoUNCEM_no_scritta-wdtr-150x150.jpg 150w, https:\/\/www.radiopiu.net\/wordpress\/wp-content\/uploads\/2020\/11\/logoUNCEM_no_scritta-wdtr.jpg 640w\" sizes=\"auto, (max-width: 144px) 100vw, 144px\" \/><\/a>ROMA<\/strong> &#8220;I Comuni non possono anticipare dalle loro casse le risorse economiche per pagare i lavori del PNRR. Non hannno quei soldi. \u00c8 un grido di allarme serio, preoccupante, che Uncem ha gi\u00e0 riportato a Governo e Parlamentari. Non solo i Comuni bloccano i lavori, rinunciano, ma se non arrivano adeguate risorse agli Enti per pagare le ditte che lavorano e i progettisti, gli Enti entrano in una paralisi che di fatto blocca il PNRR. Lo diciamo da due anni. Non si pu\u00f2 stanziare in prima battuta solo il 10 o il 20% delle somme per i lavori, da parte dei Ministeri ai Comuni, e chiedere proprio ai Comuni di fare da polmone finanziario. Abbiamo ottenuto, nel DL PNRR l&#8217;articolo 6 che prevede anticipazioni, ma non sono definiti n\u00e9 il plafond n\u00e9 le modalit\u00e0 di accesso. Altro che asili e realizzazione di scuole dell&#8217;infanzia bloccate. Il PNRR per i Comuni, piccoli e grandi, ma in particolare i pi\u00f9 piccoli, \u00e8 tutto bloccato se non si d\u00e0 corpo a un fondo rotativo di almeno 10 miliardi al quale i Comuni possono accedere subito&#8221;. Lo afferma Marco Bussone, Presidente Uncem<\/p>\n<p>&nbsp;<\/p>\n<p>&nbsp;<\/p>\n<hr \/>\n<p>&nbsp;<\/p>\n<blockquote>\n<h3>DILLO A RADIO PIU&#8217;&#8230;L&#8217;AUTOVELOX DI CANALE D&#8217;AGORDO NON OMOLOGATO<\/h3>\n<\/blockquote>\n<p><strong><a class=\"dt-pswp-item\" href=\"https:\/\/www.radiopiu.net\/wordpress\/wp-content\/uploads\/2022\/12\/AUTOVELOX.jpg\" data-dt-img-description=\"\" data-large_image_width=\"1920\" data-large_image_height=\"1280\"><img loading=\"lazy\" decoding=\"async\" class=\" wp-image-310004 alignleft\" src=\"https:\/\/www.radiopiu.net\/wordpress\/wp-content\/uploads\/2022\/12\/AUTOVELOX-300x200.jpg\" alt=\"\" width=\"191\" height=\"127\" srcset=\"https:\/\/www.radiopiu.net\/wordpress\/wp-content\/uploads\/2022\/12\/AUTOVELOX-300x200.jpg 300w, https:\/\/www.radiopiu.net\/wordpress\/wp-content\/uploads\/2022\/12\/AUTOVELOX-1024x683.jpg 1024w, https:\/\/www.radiopiu.net\/wordpress\/wp-content\/uploads\/2022\/12\/AUTOVELOX-768x512.jpg 768w, https:\/\/www.radiopiu.net\/wordpress\/wp-content\/uploads\/2022\/12\/AUTOVELOX-1536x1024.jpg 1536w, https:\/\/www.radiopiu.net\/wordpress\/wp-content\/uploads\/2022\/12\/AUTOVELOX.jpg 1920w\" sizes=\"auto, (max-width: 191px) 100vw, 191px\" \/><\/a>REDAZIONE<\/strong> Riceviamo e pubblichiamo alcune considerazioni di Rodolfo Pellegrinon in merito all&#8217;autovelox di Canale D&#8217;Agordo non omologato.<\/p>\n<blockquote><p><em>Una considerazione in merito all\u2019autovelox del Comune di Canale d\u2019Agordo ritenuto non in regola.\u00a0 Sono dovuti intervenire i legali di \u201cALTVELOX\u201d per accertare che l\u2019apparecchio del Comune di Canale d\u2019Agordo non aveva i requisiti previsti dalla legge. Detto Comune operava sulla Regionale 203 con un autovelox mobile tipo \u201cVELOMATIC 5120\u201d non omologato e non in regola con le previste tarature.\u00a0Ora il Comune dovr\u00e0 restituire la sanzione pagata al ricorrente ma, chiedo: e tutti coloro che hanno ricevuto e pagato la sanzione?\u00a0Un Comune serio, sapendo di avere commesso un abuso dovrebbe rimborsare tutte le sanzioni collegate all\u2019apparecchio non in regola e chiedere scusa agli automobilisti sanzionati. Solo cos\u00ec i cittadini potrebbero avere fiducia nelle istituzioni come dire: \u201cse sbaglio io pago \u2013 se sbagli tu paghi\u201d. In un paese normale, la Legge dovrebbe essere uguale per tutti. Gi\u00e0, dimenticavo, qui siamo in Italia.<\/em><\/p>\n<p><em>Rodolfo Pellegrinon<\/em><\/p><\/blockquote>\n<p>&nbsp;<\/p>\n<hr \/>\n<p>&nbsp;<\/p>\n<p>&nbsp;<\/p>\n<blockquote>\n<h3>DILLO A RADIO PIU&#8217;&#8230;LA CICLABILE PER LA VALLE DI SAN LUCANO &#8220;NON MI SONO PERSO&#8221;<\/h3>\n<\/blockquote>\n<p><strong><img loading=\"lazy\" decoding=\"async\" class=\"alignleft\" src=\"https:\/\/www.radiopiu.net\/wordpress\/wp-content\/uploads\/2020\/05\/eriche-san-lucano-3.jpg\" width=\"295\" height=\"221\" \/><em>REDAZIONE<\/em><\/strong><em> La ciclabile per la Valle di San Lucano paradiso per gli amanti della mtb se tutto fila liscio. E nel caso di Pietro \u00e8 andata proprio cos\u00ec e questa volta non arrivano critiche al terminale della RADIOPIU ma i complimenti per il percorso.<\/em><\/p>\n<p>Volevo farti sapere che ultimamente sono stato a farmi un giro con la mia MTB in quel di Taibon ed ho percorso le strade forestali della splendida valle di S. Lucano fino a col dei Pra e per la prima volta non mi sono perso e non ho trovato interruzioni causa lavori\/frane o altro. Quindi mi sento di ringraziare l\u2019amministrazione , gli operai , i volontari e tutte le persone che hanno permesso di poter permettere di percorrere i vari sentieri per raggiungere la meta e tornare a casa pedalando in sicurezza ed essere felice di aver trascorso due ore di sport gratificante percorrendo una parte delle nostre splendide valli . Giusto fare osservazioni , consigli e\/o critiche ma anche di ringraziare quando le cose ci sono e funzionano. Nel percorso ho trovato pi\u00f9 tabelle di indicazione e strade meglio tenute e sono ottimista che si pu\u00f2 migliorare e rendere pi\u00f9 fruibile questi percorsi anche alle famiglie con bimbi piccoli (almeno fino alle pescherie), e rendere accessibile ufficialmente anche la strada tagliafuoco dal lato opposto. Grazie ancora\u2026 Pietro.<\/p>\n<p>&nbsp;<\/p>\n<p>&nbsp;<\/p>\n<hr \/>\n<p>&nbsp;<\/p>\n<blockquote>\n<h3>AUSER E ARCA IN ASSEMBLEA NEL FINE SETTIMANA<\/h3>\n<\/blockquote>\n<p><strong><a class=\"dt-pswp-item\" href=\"https:\/\/www.radiopiu.net\/wordpress\/wp-content\/uploads\/2021\/07\/SALA-DON-TAMIS.png\" data-dt-img-description=\"\" data-large_image_width=\"1354\" data-large_image_height=\"920\"><img loading=\"lazy\" decoding=\"async\" class=\" wp-image-220859 alignleft\" src=\"https:\/\/www.radiopiu.net\/wordpress\/wp-content\/uploads\/2021\/07\/SALA-DON-TAMIS-300x204.png\" alt=\"\" width=\"188\" height=\"128\" srcset=\"https:\/\/www.radiopiu.net\/wordpress\/wp-content\/uploads\/2021\/07\/SALA-DON-TAMIS-300x204.png 300w, https:\/\/www.radiopiu.net\/wordpress\/wp-content\/uploads\/2021\/07\/SALA-DON-TAMIS-1024x696.png 1024w, https:\/\/www.radiopiu.net\/wordpress\/wp-content\/uploads\/2021\/07\/SALA-DON-TAMIS-768x522.png 768w, https:\/\/www.radiopiu.net\/wordpress\/wp-content\/uploads\/2021\/07\/SALA-DON-TAMIS.png 1354w\" sizes=\"auto, (max-width: 188px) 100vw, 188px\" \/><\/a>AGORDO<\/strong><\/p>\n<p>di Gianni Santomaso<\/p>\n<audio class=\"wp-audio-shortcode\" id=\"audio-333239-7\" preload=\"none\" style=\"width: 100%;\" controls=\"controls\"><source type=\"audio\/mpeg\" src=\"https:\/\/www.radiopiu.net\/wordpress\/wp-content\/uploads\/2023\/04\/GIANNI-ASSEMBLEE-VOLONTARIATO-AGORDINO-AUSER-E-ARCA.mp3?_=7\" \/><a href=\"https:\/\/www.radiopiu.net\/wordpress\/wp-content\/uploads\/2023\/04\/GIANNI-ASSEMBLEE-VOLONTARIATO-AGORDINO-AUSER-E-ARCA.mp3\">https:\/\/www.radiopiu.net\/wordpress\/wp-content\/uploads\/2023\/04\/GIANNI-ASSEMBLEE-VOLONTARIATO-AGORDINO-AUSER-E-ARCA.mp3<\/a><\/audio>\n<p>&nbsp;<\/p>\n<hr \/>\n<p>&nbsp;<\/p>\n<blockquote>\n<h3>OGGI IL CONSIGLIO COMUNALE A COLLE SANTA LUCIA<\/h3>\n<\/blockquote>\n<p><strong>COLLE SANTA LUCIA<\/strong><\/p>\n<p>di Gianni Santomaso<\/p>\n<audio class=\"wp-audio-shortcode\" id=\"audio-333239-8\" preload=\"none\" style=\"width: 100%;\" controls=\"controls\"><source type=\"audio\/mpeg\" src=\"https:\/\/www.radiopiu.net\/wordpress\/wp-content\/uploads\/2023\/04\/GIANNI-CONSIGLIO-COLLE-SANTA-LUCIA.mp3?_=8\" \/><a href=\"https:\/\/www.radiopiu.net\/wordpress\/wp-content\/uploads\/2023\/04\/GIANNI-CONSIGLIO-COLLE-SANTA-LUCIA.mp3\">https:\/\/www.radiopiu.net\/wordpress\/wp-content\/uploads\/2023\/04\/GIANNI-CONSIGLIO-COLLE-SANTA-LUCIA.mp3<\/a><\/audio>\n<p>&nbsp;<\/p>\n<hr \/>\n<p>&nbsp;<\/p>\n<blockquote>\n<h3>GIOVEDI L&#8217;ASSEMBLEA DEL BIM PIAVE<\/h3>\n<\/blockquote>\n<p><strong>BELLUNO<\/strong> \u00c8 in programma per gioved\u00ec alle 14:30 nella sala convegno del Park Hotel Villa Carpenada l&#8217;assemblea generale del consorzio BIM PIave. Sei i punti da discutere, tra questi: Approvazione Rendiconto di gestione esercizio 2022; Approvazione Prima variazione al Bilancio di Previsione 2023-2025; Approvazione modifica dello Statuto del Gal Prealpi e Dolomiti; Operazione di fusione societa\u0300 Gestione Servizi Pubblici Spa e Bim Belluno Infrastrutture Spa.<\/p>\n<p>&nbsp;<\/p>\n<p>&nbsp;<\/p>\n<hr \/>\n<p>&nbsp;<\/p>\n<blockquote>\n<h3>L&#8217;ASSEMBLEA ANNUALE AUSER &#8220;EL BROI&#8221;<\/h3>\n<\/blockquote>\n<p><strong>AGORDO<\/strong> <strong>Domani<\/strong> alle 15:30 \u00e8 convocata l&#8217;assemblea annuale dei soci Auser &#8220;El Broi&#8221; nella sala Don Tamis di Agordo. Si discuter\u00e0 della proposta di aumentare il numero dei componenti del consiglio direttivo, la votazione dei nuovi componenti, la relazione del presidente, il bilancio sociale, l&#8217;aprovazione del bilancio consuntivo 2022 e di previsione 2023. Seguir\u00e0 un momento conviviale nella sede del circolo.<\/p>\n<p>&nbsp;<\/p>\n<hr \/>\n<p>&nbsp;<\/p>\n<blockquote>\n<h3>SAPORI, PROFUMI, TRADIZIONI ARTIGIANATO IN RIVA AL LAGO<\/h3>\n<\/blockquote>\n<p><strong><img loading=\"lazy\" decoding=\"async\" class=\"alignleft\" src=\"https:\/\/www.radiopiu.net\/wordpress\/wp-content\/uploads\/2023\/04\/6b396808-b991-4786-82ab-4804f57f79fd.jpg\" width=\"145\" height=\"146\" \/>REDAZIONE<\/strong> Il ponte del primo maggio ad Alleghe con il mercatino. Ne abbiamo parlato con Giuseppe della &#8220;Sara Pravato&#8221;. Ecco i particolari dell&#8217;evento rivierasco<\/p>\n<p>di mirko mezzacasa<\/p>\n<audio class=\"wp-audio-shortcode\" id=\"audio-333239-9\" preload=\"none\" style=\"width: 100%;\" controls=\"controls\"><source type=\"audio\/mpeg\" src=\"https:\/\/www.radiopiu.net\/wordpress\/wp-content\/uploads\/2023\/04\/registrazioni-giuseppe-1.mp3?_=9\" \/><a href=\"https:\/\/www.radiopiu.net\/wordpress\/wp-content\/uploads\/2023\/04\/registrazioni-giuseppe-1.mp3\">https:\/\/www.radiopiu.net\/wordpress\/wp-content\/uploads\/2023\/04\/registrazioni-giuseppe-1.mp3<\/a><\/audio>\n<p>&nbsp;<\/p>\n<hr \/>\n<p>&nbsp;<\/p>\n<p>&nbsp;<\/p>\n<p align=\"CENTER\"><span style=\"color: #3b3838;\"><span style=\"font-family: Arial, serif;\"><span style=\"font-size: large;\"><b>OCCHIALERIA SOSTENIBILE: PRESENTATO A LONGARONE IL PROGETTO \u201cOCCHIO AL BIO\u201d<\/b><\/span><\/span><\/span><\/p>\n<p align=\"CENTER\"><span style=\"color: #3b3838;\"><span style=\"font-family: Arial, serif;\"><span style=\"font-size: medium;\"><i>Sviluppato dall\u2019Universit\u00e0 di Trento in collaborazione con Certottica, esso<\/i><\/span><\/span><\/span><\/p>\n<p align=\"CENTER\"><span style=\"color: #3b3838;\"><span style=\"font-family: Arial, serif;\"><span style=\"font-size: medium;\"><i>si propone di individuare metodologie efficaci per la certificazione e la corretta gestione del fine vita dei prodotti basati sulle bioplastiche, incentivando cos\u00ec ulteriormente le aziende del settore a produrre pi\u00f9 linee di articoli \u201cgreen\u201d. <\/i><\/span><\/span><\/span><\/p>\n\n\t\t\t<style type='text\/css'>\n\t\t\t\t#gallery-3 {\n\t\t\t\t\tmargin: auto;\n\t\t\t\t}\n\t\t\t\t#gallery-3 .gallery-item {\n\t\t\t\t\tfloat: left;\n\t\t\t\t\tmargin-top: 10px;\n\t\t\t\t\ttext-align: center;\n\t\t\t\t\twidth: 33%;\n\t\t\t\t}\n\t\t\t\t#gallery-3 img {\n\t\t\t\t\tborder: 2px solid #cfcfcf;\n\t\t\t\t}\n\t\t\t\t#gallery-3 .gallery-caption {\n\t\t\t\t\tmargin-left: 0;\n\t\t\t\t}\n\t\t\t\t\/* see gallery_shortcode() in wp-includes\/media.php *\/\n\t\t\t<\/style>\n\t\t<div id='gallery-3' class='dt-gallery-container gallery galleryid-333239 gallery-columns-3 gallery-size-thumbnail'><dl class='gallery-item'>\n\t\t\t\t<dt class='gallery-icon landscape'>\n\t\t\t\t\t<a class=\"rollover rollover-zoom dt-pswp-item\" title=\"image_50412289\" data-dt-img-description=\"\" data-large_image_width=\"2560\" data-large_image_height=\"1920\"href='https:\/\/www.radiopiu.net\/wordpress\/wp-content\/uploads\/2023\/04\/image_50412289-scaled.jpg'><img loading=\"lazy\" decoding=\"async\" width=\"150\" height=\"150\" src=\"https:\/\/www.radiopiu.net\/wordpress\/wp-content\/uploads\/2023\/04\/image_50412289-150x150.jpg\" class=\"attachment-thumbnail size-thumbnail\" alt=\"\" \/><\/a>\n\t\t\t\t<\/dt><\/dl><dl class='gallery-item'>\n\t\t\t\t<dt class='gallery-icon landscape'>\n\t\t\t\t\t<a class=\"rollover rollover-zoom dt-pswp-item\" title=\"image_50436865\" data-dt-img-description=\"\" data-large_image_width=\"2560\" data-large_image_height=\"1920\"href='https:\/\/www.radiopiu.net\/wordpress\/wp-content\/uploads\/2023\/04\/image_50436865-scaled.jpg'><img loading=\"lazy\" decoding=\"async\" width=\"150\" height=\"150\" src=\"https:\/\/www.radiopiu.net\/wordpress\/wp-content\/uploads\/2023\/04\/image_50436865-150x150.jpg\" class=\"attachment-thumbnail size-thumbnail\" alt=\"\" \/><\/a>\n\t\t\t\t<\/dt><\/dl><dl class='gallery-item'>\n\t\t\t\t<dt class='gallery-icon landscape'>\n\t\t\t\t\t<a class=\"rollover rollover-zoom dt-pswp-item\" title=\"image_50457601\" data-dt-img-description=\"\" data-large_image_width=\"2560\" data-large_image_height=\"1920\"href='https:\/\/www.radiopiu.net\/wordpress\/wp-content\/uploads\/2023\/04\/image_50457601-scaled.jpg'><img loading=\"lazy\" decoding=\"async\" width=\"150\" height=\"150\" src=\"https:\/\/www.radiopiu.net\/wordpress\/wp-content\/uploads\/2023\/04\/image_50457601-150x150.jpg\" class=\"attachment-thumbnail size-thumbnail\" alt=\"\" \/><\/a>\n\t\t\t\t<\/dt><\/dl><br style=\"clear: both\" \/>\n\t\t\t<\/div>\n\n<p>&nbsp;<\/p>\n<p>&nbsp;<\/p>\n<hr \/>\n<p>&nbsp;<\/p>\n<p>&nbsp;<\/p>\n<p align=\"CENTER\"><span style=\"font-family: Arial, serif;\"><span style=\"font-size: x-large;\"><b>Dai maestra<\/b><\/span><\/span><span style=\"font-family: Arial, serif;\"><span style=\"font-size: x-large;\"><span lang=\"it-IT\"><b>,<\/b><\/span><\/span><\/span><span style=\"font-family: Arial, serif;\"><span style=\"font-size: x-large;\"><b> corriamo<\/b><\/span><\/span><span style=\"font-family: Arial, serif;\"><span style=\"font-size: x-large;\"><span lang=\"it-IT\"><b>!<\/b><\/span><\/span><\/span><\/p>\n<p align=\"JUSTIFY\"><span style=\"font-family: Arial, serif;\"><span style=\"font-size: large;\"><span lang=\"it-IT\"><b>Borgo Valbelluna: la scuola primaria di Mel-Villa di Villa conclude con soddisfazione il progetto \u201cCorro lontano perch\u00e9 mangio sano\u201d.<\/b><\/span><\/span><\/span><\/p>\n<p align=\"JUSTIFY\"><span style=\"font-family: Arial, serif;\"><span style=\"font-size: medium;\"><a class=\"dt-pswp-item\" href=\"https:\/\/www.radiopiu.net\/wordpress\/wp-content\/uploads\/2023\/04\/FOTO-4-1-1-scaled.jpg\" data-dt-img-description=\"\" data-large_image_width=\"1920\" data-large_image_height=\"2560\"><img loading=\"lazy\" decoding=\"async\" class=\" wp-image-333340 alignleft\" src=\"https:\/\/www.radiopiu.net\/wordpress\/wp-content\/uploads\/2023\/04\/FOTO-4-1-1-225x300.jpg\" alt=\"\" width=\"212\" height=\"283\" srcset=\"https:\/\/www.radiopiu.net\/wordpress\/wp-content\/uploads\/2023\/04\/FOTO-4-1-1-225x300.jpg 225w, https:\/\/www.radiopiu.net\/wordpress\/wp-content\/uploads\/2023\/04\/FOTO-4-1-1-768x1024.jpg 768w, https:\/\/www.radiopiu.net\/wordpress\/wp-content\/uploads\/2023\/04\/FOTO-4-1-1-1152x1536.jpg 1152w, https:\/\/www.radiopiu.net\/wordpress\/wp-content\/uploads\/2023\/04\/FOTO-4-1-1-1536x2048.jpg 1536w, https:\/\/www.radiopiu.net\/wordpress\/wp-content\/uploads\/2023\/04\/FOTO-4-1-1-scaled.jpg 1920w\" sizes=\"auto, (max-width: 212px) 100vw, 212px\" \/><\/a><strong>BORGO VALBELLUNA<\/strong> La scuola primaria di Mel-Villa di Villa da diversi anni aderisce al progetto \u201c Corro lontano perch\u00e9 mangio sano\u201d , promosso dall\u2019Ulss n.1,<\/span><\/span> <span style=\"font-family: Arial, serif;\"><span style=\"font-size: medium;\">per avvicinare i bambini ad uno stile di vita sano sia dal punto di vista alimentare che <\/span><\/span><span style=\"font-family: Arial, serif;\"><span style=\"font-size: medium;\"><span lang=\"it-IT\">motorio<\/span><\/span><\/span><span style=\"font-family: Arial, serif;\"><span style=\"font-size: medium;\">. <\/span><\/span><span style=\"font-family: Arial, serif;\"><span style=\"font-size: medium;\">Quest\u2019anno, in modo particolare, oltre al consumo di una merenda sana, che vedeva portare frutta o verdura 3 volte alla settimana, <\/span><\/span><span style=\"font-family: Arial, serif;\"><span style=\"font-size: medium;\"><span lang=\"it-IT\">le maestre hanno<\/span><\/span><\/span><span style=\"font-family: Arial, serif;\"><span style=\"font-size: medium;\"> cercato di favorire l\u2019attivit\u00e0 motoria all\u2019aperto <\/span><\/span><span style=\"font-family: Arial, serif;\"><span style=\"font-size: medium;\"><span lang=\"it-IT\">proponendo dell\u2019uscite<\/span><\/span><\/span> <span style=\"font-family: Arial, serif;\"><span style=\"font-size: medium;\"><span lang=\"it-IT\">su<\/span><\/span><\/span><span style=\"font-family: Arial, serif;\"><span style=\"font-size: medium;\">l territorio <\/span><\/span><span style=\"font-family: Arial, serif;\"><span style=\"font-size: medium;\"><span lang=\"it-IT\">a passo veloce<\/span><\/span><\/span><span style=\"font-family: Arial, serif;\"><span style=\"font-size: medium;\">. <\/span><\/span><span style=\"font-family: Arial, serif;\"><span style=\"font-size: medium;\">Ogni sabato,<\/span><\/span><span style=\"font-family: Arial, serif;\"><span style=\"font-size: medium;\"><span lang=\"it-IT\">gli abitanti di Villa di Villa hanno cos\u00ec visto le vie del paese animarsi grazie ai bambini <\/span><\/span><\/span><span style=\"font-family: Arial, serif;\"><span style=\"font-size: medium;\">delle classi 1^,2^,3^ e 4^<\/span><\/span><span style=\"font-family: Arial, serif;\"><span style=\"font-size: medium;\"><span lang=\"it-IT\"> che, insieme alle loro maestre, si sono avventurati lungo nuovi percorsi scoprendo anche<\/span><\/span><\/span><span style=\"font-family: Arial, serif;\"><span style=\"font-size: medium;\"> sentieri poco frequentati . <\/span><\/span><span style=\"font-family: Arial, serif;\"><span style=\"font-size: medium;\">Ciascun bambino ha registrato poi i suoi progressi in un medagliere <\/span><\/span><span style=\"font-family: Arial, serif;\"><span style=\"font-size: medium;\"><span lang=\"it-IT\">m<\/span><\/span><\/span><span style=\"font-family: Arial, serif;\"><span style=\"font-size: medium;\">e<\/span><\/span><span style=\"font-family: Arial, serif;\"><span style=\"font-size: medium;\"><span lang=\"it-IT\">ntre<\/span><\/span><\/span><span style=\"font-family: Arial, serif;\"><span style=\"font-size: medium;\"> le classi verranno<\/span><\/span><span style=\"font-family: Arial, serif;\"><span style=\"font-size: medium;\"><span lang=\"it-IT\"> poi<\/span><\/span><\/span><span style=\"font-family: Arial, serif;\"><span style=\"font-size: medium;\"> premiate in occasione della manifestazione<\/span><\/span><span style=\"font-family: Arial, serif;\"><span style=\"font-size: medium;\"><span lang=\"it-IT\"> conclusiva<\/span><\/span><\/span><span style=\"font-family: Arial, serif;\"><span style=\"font-size: medium;\"> che si terr\u00e0 a Feltre il 21 maggio. <\/span><\/span><span style=\"font-family: Arial, serif;\"><span style=\"font-size: medium;\">Visto l\u2019impegno, l\u2019entusiasmo e la determinazione dei bambini <\/span><\/span><span style=\"font-family: Arial, serif;\"><span style=\"font-size: medium;\"><span lang=\"it-IT\">le maestre auspicano<\/span><\/span><\/span><span style=\"font-family: Arial, serif;\"><span style=\"font-size: medium;\"> che<\/span><\/span><span style=\"font-family: Arial, serif;\"><span style=\"font-size: medium;\"><span lang=\"it-IT\"> l\u2019esperienza<\/span><\/span><\/span><span style=\"font-family: Arial, serif;\"><span style=\"font-size: medium;\"> non rimanga un progetto educativo-didattico fine a se stesso, ma possa diventare uno stile di vita che li accompagn<\/span><\/span><span style=\"font-family: Arial, serif;\"><span style=\"font-size: medium;\"><span lang=\"it-IT\">i<\/span><\/span><\/span><span style=\"font-family: Arial, serif;\"><span style=\"font-size: medium;\"> nel futuro. <\/span><\/span><span style=\"font-family: Arial, serif;\"><span style=\"font-size: medium;\">La finalit\u00e0 di questo progetto \u00e8 infatti rendere <\/span><\/span><span style=\"font-family: Arial, serif;\"><span style=\"font-size: medium;\"><span lang=\"it-IT\">gli<\/span><\/span><\/span><span style=\"font-family: Arial, serif;\"><span style=\"font-size: medium;\"> alunni consapevoli che cibo sano abbinato al movimento sono una garanzia per la <\/span><\/span><span style=\"font-family: Arial, serif;\"><span style=\"font-size: medium;\"><span lang=\"it-IT\">loro<\/span><\/span><\/span><span style=\"font-family: Arial, serif;\"><span style=\"font-size: medium;\"> salute<\/span><\/span><span style=\"font-family: Arial, serif;\"><span style=\"font-size: medium;\"><span lang=\"it-IT\"> e per la salute di tutti<\/span><\/span><\/span><span style=\"font-family: Arial, serif;\"><span style=\"font-size: medium;\">.<\/span><\/span><\/p>\n<p>&nbsp;<\/p>\n<hr \/>\n<p>&nbsp;<\/p>\n<p>&nbsp;<\/p>\n<blockquote>\n<h3>Record di racconti al Premio letterario nazionale \u201cTrichiana Paese del Libro\u201d<\/h3>\n<\/blockquote>\n<p><strong><a class=\"dt-pswp-item\" href=\"https:\/\/www.radiopiu.net\/wordpress\/wp-content\/uploads\/2018\/08\/Trichiana5.jpg\" data-dt-img-description=\"\" data-large_image_width=\"2506\" data-large_image_height=\"1585\"><img loading=\"lazy\" decoding=\"async\" class=\"wp-image-57993 alignleft\" src=\"https:\/\/www.radiopiu.net\/wordpress\/wp-content\/uploads\/2018\/08\/Trichiana5-300x190.jpg\" alt=\"\" width=\"198\" height=\"125\" srcset=\"https:\/\/www.radiopiu.net\/wordpress\/wp-content\/uploads\/2018\/08\/Trichiana5-300x190.jpg 300w, https:\/\/www.radiopiu.net\/wordpress\/wp-content\/uploads\/2018\/08\/Trichiana5-768x486.jpg 768w, https:\/\/www.radiopiu.net\/wordpress\/wp-content\/uploads\/2018\/08\/Trichiana5-1024x648.jpg 1024w\" sizes=\"auto, (max-width: 198px) 100vw, 198px\" \/><\/a>TRICHIANA\u00a0 <\/strong>C\u2019era tempo fino alla mezzanotte del 25 aprile per partecipare alla 33\u00b0 edizione del Premio letterario nazionale \u201cTrichiana Paese del Libro\u201d con un racconto inedito sul tema \u201cIncontrare e incontrarsi\u201d. E quest\u2019anno davvero in tantissimi hanno risposto alla chiamata: sono arrivati oltre 400 racconti, un record rispetto agli anni passati. Adesso la palla passa ai lettori: i membri della pregiuria dovranno leggere i racconti e selezionare i dieci finalisti, che verranno poi letti e giudicati dalla giuria, coordinata dalla Presidente, Alessandra Grandelis, docente dell\u2019Universit\u00e0 di Padova, scrittrice e responsabile scientifico dell\u2019Associazione Fondo Alberto Moravia. Sabato la cerimonia di premiazione.<\/p>\n<p>&nbsp;<\/p>\n<p>&nbsp;<\/p>\n<hr \/>\n<p>&nbsp;<\/p>\n<p align=\"JUSTIFY\"><span style=\"color: #000000;\"><span style=\"font-family: Arial, serif;\"><span style=\"font-size: large;\"><b>Meno di un mese alle tappe dolomitiche, l\u2019atmosfera Giro entra nel vivo<\/b><\/span><\/span><\/span><\/p>\n<p align=\"JUSTIFY\"><span style=\"color: #000000;\"><span style=\"font-family: Arial, serif;\"><span style=\"font-size: large;\"><b>Sabato serata con l\u2019ex campione Sonny Colbrelli<\/b><\/span><\/span><\/span><\/p>\n<p align=\"JUSTIFY\"><span style=\"color: #000000;\"><span style=\"font-family: Arial, serif;\"><span style=\"font-size: medium;\"><strong>BELLUNO<\/strong> Il calendario degli eventi collaterali al Giro d\u2019Italia entra nel vivo. Dopo la serata di mercoled\u00ec sera con il patron della corsa rosa Mauro Vegni e con la Gazzetta dello Sport, il prossimo appuntamento \u00e8 con un campione del passato. Sabato (29 aprile) a Longarone arriva Sonny Colbrelli. Presenter\u00e0 il suo libro \u201cCon il cuore nel fango. L&#8217;epica del ciclismo nella storia del Cobra\u201d (scritto insieme a Marco Pastonesi). Racconter\u00e0 le vittorie, ma anche il problema che lo ha costretto a ritirarsi ad appena 32 anni.<\/span><\/span><\/span><\/p>\n\n\t\t\t<style type='text\/css'>\n\t\t\t\t#gallery-4 {\n\t\t\t\t\tmargin: auto;\n\t\t\t\t}\n\t\t\t\t#gallery-4 .gallery-item {\n\t\t\t\t\tfloat: left;\n\t\t\t\t\tmargin-top: 10px;\n\t\t\t\t\ttext-align: center;\n\t\t\t\t\twidth: 50%;\n\t\t\t\t}\n\t\t\t\t#gallery-4 img {\n\t\t\t\t\tborder: 2px solid #cfcfcf;\n\t\t\t\t}\n\t\t\t\t#gallery-4 .gallery-caption {\n\t\t\t\t\tmargin-left: 0;\n\t\t\t\t}\n\t\t\t\t\/* see gallery_shortcode() in wp-includes\/media.php *\/\n\t\t\t<\/style>\n\t\t<div id='gallery-4' class='dt-gallery-container gallery galleryid-333239 gallery-columns-2 gallery-size-thumbnail'><dl class='gallery-item'>\n\t\t\t\t<dt class='gallery-icon landscape'>\n\t\t\t\t\t<a class=\"rollover rollover-zoom dt-pswp-item\" title=\"PHOTO-2023-04-27-18-22-52-1\" data-dt-img-description=\"\" data-large_image_width=\"2048\" data-large_image_height=\"1536\"href='https:\/\/www.radiopiu.net\/wordpress\/wp-content\/uploads\/2023\/04\/PHOTO-2023-04-27-18-22-52-1.jpg'><img loading=\"lazy\" decoding=\"async\" width=\"150\" height=\"150\" src=\"https:\/\/www.radiopiu.net\/wordpress\/wp-content\/uploads\/2023\/04\/PHOTO-2023-04-27-18-22-52-1-150x150.jpg\" class=\"attachment-thumbnail size-thumbnail\" alt=\"\" \/><\/a>\n\t\t\t\t<\/dt><\/dl><dl class='gallery-item'>\n\t\t\t\t<dt class='gallery-icon portrait'>\n\t\t\t\t\t<a class=\"rollover rollover-zoom dt-pswp-item\" title=\"PHOTO-2023-04-27-18-22-54\" data-dt-img-description=\"\" data-large_image_width=\"1536\" data-large_image_height=\"2048\"href='https:\/\/www.radiopiu.net\/wordpress\/wp-content\/uploads\/2023\/04\/PHOTO-2023-04-27-18-22-54.jpg'><img loading=\"lazy\" decoding=\"async\" width=\"150\" height=\"150\" src=\"https:\/\/www.radiopiu.net\/wordpress\/wp-content\/uploads\/2023\/04\/PHOTO-2023-04-27-18-22-54-150x150.jpg\" class=\"attachment-thumbnail size-thumbnail\" alt=\"\" \/><\/a>\n\t\t\t\t<\/dt><\/dl><br style=\"clear: both\" \/>\n\t\t\t<\/div>\n\n<p>&nbsp;<\/p>\n<p>&nbsp;<\/p>\n<hr \/>\n<p>&nbsp;<\/p>\n<h2><span style=\"color: #ff0000;\">ALLA RADIO\u00a0<\/span><\/h2>\n<h3><strong><a class=\"dt-pswp-item\" href=\"https:\/\/www.radiopiu.net\/wordpress\/wp-content\/uploads\/2019\/05\/DOLOMITIRALLY2.jpg\" data-dt-img-description=\"\" data-large_image_width=\"4041\" data-large_image_height=\"2474\"><img loading=\"lazy\" decoding=\"async\" class=\" wp-image-86331 alignleft\" src=\"https:\/\/www.radiopiu.net\/wordpress\/wp-content\/uploads\/2019\/05\/DOLOMITIRALLY2-300x184.jpg\" alt=\"\" width=\"152\" height=\"93\" srcset=\"https:\/\/www.radiopiu.net\/wordpress\/wp-content\/uploads\/2019\/05\/DOLOMITIRALLY2-300x184.jpg 300w, https:\/\/www.radiopiu.net\/wordpress\/wp-content\/uploads\/2019\/05\/DOLOMITIRALLY2-768x470.jpg 768w, https:\/\/www.radiopiu.net\/wordpress\/wp-content\/uploads\/2019\/05\/DOLOMITIRALLY2-1024x627.jpg 1024w\" sizes=\"auto, (max-width: 152px) 100vw, 152px\" \/><\/a><\/strong><span style=\"color: #800080;\">A FALCADE &#8220;MOTORI E SPERANZA&#8221;, UNA GIORNATA DEDICATA AI MOTORI E LA BENEFICENZA <\/span><\/h3>\n<p><strong>di Mirko Mezzacasa<\/strong><\/p>\n<p>OSPITI: Mauro Riva ed Enzo Slongo<\/p>\n<audio class=\"wp-audio-shortcode\" id=\"audio-333239-10\" preload=\"none\" style=\"width: 100%;\" controls=\"controls\"><source type=\"audio\/mpeg\" src=\"https:\/\/www.radiopiu.net\/wordpress\/wp-content\/uploads\/2023\/04\/mauro-e-enzo-7-maggio.mp3?_=10\" \/><a href=\"https:\/\/www.radiopiu.net\/wordpress\/wp-content\/uploads\/2023\/04\/mauro-e-enzo-7-maggio.mp3\">https:\/\/www.radiopiu.net\/wordpress\/wp-content\/uploads\/2023\/04\/mauro-e-enzo-7-maggio.mp3<\/a><\/audio>\n<p>&nbsp;<\/p>\n<p>&nbsp;<\/p>\n<p>&nbsp;<\/p>\n<blockquote class=\"wp-embedded-content\" data-secret=\"RXOt2QtAnY\"><p><a href=\"https:\/\/www.radiopiu.net\/wordpress\/il-ritorno-di-alice-bettolo-dallaquario-del-pesce-rosso-ai-mille-passi-con-morgana\/\">IL RITORNO DI ALICE BETTOLO, DALL&#8217;AQUARIO DEL PESCE ROSSO AI MILLE PASSI CON MORGANA<\/a><\/p><\/blockquote>\n<p><iframe loading=\"lazy\" class=\"wp-embedded-content\" sandbox=\"allow-scripts\" security=\"restricted\" style=\"position: absolute; clip: rect(1px, 1px, 1px, 1px);\" title=\"&#8220;IL RITORNO DI ALICE BETTOLO, DALL&#8217;AQUARIO DEL PESCE ROSSO AI MILLE PASSI CON MORGANA&#8221; &#8212; Radio Pi\u00f9\" src=\"https:\/\/www.radiopiu.net\/wordpress\/il-ritorno-di-alice-bettolo-dallaquario-del-pesce-rosso-ai-mille-passi-con-morgana\/embed\/#?secret=ytU3svby2H#?secret=RXOt2QtAnY\" data-secret=\"RXOt2QtAnY\" width=\"600\" height=\"338\" frameborder=\"0\" marginwidth=\"0\" marginheight=\"0\" scrolling=\"no\"><\/iframe><\/p>\n<p>&nbsp;<\/p>\n<p>&nbsp;<\/p>\n<p>&nbsp;<\/p>\n<hr \/>\n<p>&nbsp;<\/p>\n<p>&nbsp;<\/p>\n<p>&nbsp;<\/p>\n<h3><strong><a class=\"dt-pswp-item\" href=\"https:\/\/www.radiopiu.net\/wordpress\/wp-content\/uploads\/2023\/04\/ENGLISH.png\" data-dt-img-description=\"\" data-large_image_width=\"305\" data-large_image_height=\"167\"><img loading=\"lazy\" decoding=\"async\" class=\" wp-image-333251 alignleft\" src=\"https:\/\/www.radiopiu.net\/wordpress\/wp-content\/uploads\/2023\/04\/ENGLISH-300x164.png\" alt=\"\" width=\"174\" height=\"95\" srcset=\"https:\/\/www.radiopiu.net\/wordpress\/wp-content\/uploads\/2023\/04\/ENGLISH-300x164.png 300w, https:\/\/www.radiopiu.net\/wordpress\/wp-content\/uploads\/2023\/04\/ENGLISH.png 305w\" sizes=\"auto, (max-width: 174px) 100vw, 174px\" \/><\/a><\/strong><span style=\"color: #3366ff;\">ENGLISH ON THE ROAD a cura di Magic Teacher Claudia e Stefano Campedel<\/span><\/h3>\n<p><strong>6 &#8211; PUNTATA AUDIO 27 APRILE 2023<\/strong><\/p>\n<audio class=\"wp-audio-shortcode\" id=\"audio-333239-11\" preload=\"none\" style=\"width: 100%;\" controls=\"controls\"><source type=\"audio\/mpeg\" src=\"https:\/\/www.radiopiu.net\/wordpress\/wp-content\/uploads\/2023\/04\/ENGLISH-ON-THE-ROAD-6-3.mp3?_=11\" \/><a href=\"https:\/\/www.radiopiu.net\/wordpress\/wp-content\/uploads\/2023\/04\/ENGLISH-ON-THE-ROAD-6-3.mp3\">https:\/\/www.radiopiu.net\/wordpress\/wp-content\/uploads\/2023\/04\/ENGLISH-ON-THE-ROAD-6-3.mp3<\/a><\/audio>\n<p><strong>LA RACCOLTA COMPLETA<\/strong><\/p>\n<blockquote class=\"wp-embedded-content\" data-secret=\"QDc2QBhBpQ\"><p><a href=\"https:\/\/www.radiopiu.net\/wordpress\/puntata-en\/\">ENGLISH ON THE ROAD a cura di Magic Teacher Claudia e Stefano Campedel<\/a><\/p><\/blockquote>\n<p><iframe loading=\"lazy\" class=\"wp-embedded-content\" sandbox=\"allow-scripts\" security=\"restricted\" style=\"position: absolute; clip: rect(1px, 1px, 1px, 1px);\" title=\"&#8220;ENGLISH ON THE ROAD a cura di Magic Teacher Claudia e Stefano Campedel&#8221; &#8212; Radio Pi\u00f9\" src=\"https:\/\/www.radiopiu.net\/wordpress\/puntata-en\/embed\/#?secret=DPRUkmLPRP#?secret=QDc2QBhBpQ\" data-secret=\"QDc2QBhBpQ\" width=\"600\" height=\"338\" frameborder=\"0\" marginwidth=\"0\" marginheight=\"0\" scrolling=\"no\"><\/iframe><\/p>\n<p>&nbsp;<\/p>\n<hr \/>\n<p>&nbsp;<\/p>\n<h2><span style=\"color: #008080;\">DEDICHE E RICHIESTE<\/span><\/h2>\n<blockquote>\n<h3>LUCIA DALMASSO E LA SUA STAGIONE DA INCORNICIARE<\/h3>\n<\/blockquote>\n<p><strong><a class=\"dt-pswp-item\" href=\"https:\/\/www.radiopiu.net\/wordpress\/wp-content\/uploads\/2022\/01\/934ed186-f1eb-4bee-a1c4-dae328874085.jpg\" data-dt-img-description=\"\" data-large_image_width=\"1080\" data-large_image_height=\"720\"><img loading=\"lazy\" decoding=\"async\" class=\" wp-image-256452 alignleft\" src=\"https:\/\/www.radiopiu.net\/wordpress\/wp-content\/uploads\/2022\/01\/934ed186-f1eb-4bee-a1c4-dae328874085-300x200.jpg\" alt=\"\" width=\"132\" height=\"88\" srcset=\"https:\/\/www.radiopiu.net\/wordpress\/wp-content\/uploads\/2022\/01\/934ed186-f1eb-4bee-a1c4-dae328874085-300x200.jpg 300w, https:\/\/www.radiopiu.net\/wordpress\/wp-content\/uploads\/2022\/01\/934ed186-f1eb-4bee-a1c4-dae328874085-1024x683.jpg 1024w, https:\/\/www.radiopiu.net\/wordpress\/wp-content\/uploads\/2022\/01\/934ed186-f1eb-4bee-a1c4-dae328874085-768x512.jpg 768w, https:\/\/www.radiopiu.net\/wordpress\/wp-content\/uploads\/2022\/01\/934ed186-f1eb-4bee-a1c4-dae328874085.jpg 1080w\" sizes=\"auto, (max-width: 132px) 100vw, 132px\" \/><\/a>REDAZIONE<\/strong> Appuntamento settimanale con Dediche e Richieste che \u00e8 stato aperto con il primo ospite sportivo della serata. Al telefono Lucia Dalmasso, la falcadina delle Fiamme Gialle che ha chiuso da poco la stagione di Snowboard con il primo podio in carriera in una gara di Coppa del Mondo.<\/p>\n<p><strong>LUCIA DAL MASSO<\/strong><\/p>\n<audio class=\"wp-audio-shortcode\" id=\"audio-333239-12\" preload=\"none\" style=\"width: 100%;\" controls=\"controls\"><source type=\"audio\/mpeg\" src=\"https:\/\/www.radiopiu.net\/wordpress\/wp-content\/uploads\/2023\/04\/DEDICHE-DALMASSO.mp3?_=12\" \/><a href=\"https:\/\/www.radiopiu.net\/wordpress\/wp-content\/uploads\/2023\/04\/DEDICHE-DALMASSO.mp3\">https:\/\/www.radiopiu.net\/wordpress\/wp-content\/uploads\/2023\/04\/DEDICHE-DALMASSO.mp3<\/a><\/audio>\n<p>&nbsp;<\/p>\n<p>&nbsp;<\/p>\n<p>&nbsp;<\/p>\n<blockquote>\n<h3>ASTRID MIOLA E LA SUA MOUNTAIN BIKE<\/h3>\n<\/blockquote>\n<p><strong><a class=\"dt-pswp-item\" href=\"https:\/\/www.radiopiu.net\/wordpress\/wp-content\/uploads\/2023\/04\/SCR-20230425-rioq.jpeg\" data-dt-img-description=\"\" data-large_image_width=\"910\" data-large_image_height=\"590\"><img loading=\"lazy\" decoding=\"async\" class=\" wp-image-333010 alignleft\" src=\"https:\/\/www.radiopiu.net\/wordpress\/wp-content\/uploads\/2023\/04\/SCR-20230425-rioq-300x195.jpeg\" alt=\"\" width=\"134\" height=\"87\" srcset=\"https:\/\/www.radiopiu.net\/wordpress\/wp-content\/uploads\/2023\/04\/SCR-20230425-rioq-300x195.jpeg 300w, https:\/\/www.radiopiu.net\/wordpress\/wp-content\/uploads\/2023\/04\/SCR-20230425-rioq-768x498.jpeg 768w, https:\/\/www.radiopiu.net\/wordpress\/wp-content\/uploads\/2023\/04\/SCR-20230425-rioq.jpeg 910w\" sizes=\"auto, (max-width: 134px) 100vw, 134px\" \/><\/a>REDAZIONE<\/strong> In Dediche e Richieste anche Astrid Miola tra gli ospiti della puntata. La ragazza di Agordo ha iniziato la sua stagione in Mountain Bike mettendo a segno ben 3 vittorie su altrettante gare disputate in Veneto Cup. Inoltre ottimi risultati anche a livello nazionale e Internazionale.<\/p>\n<p><strong>ASTRID MIOLA<\/strong><\/p>\n<audio class=\"wp-audio-shortcode\" id=\"audio-333239-13\" preload=\"none\" style=\"width: 100%;\" controls=\"controls\"><source type=\"audio\/mpeg\" src=\"https:\/\/www.radiopiu.net\/wordpress\/wp-content\/uploads\/2023\/04\/DEDICHE-ASTRID.mp3?_=13\" \/><a href=\"https:\/\/www.radiopiu.net\/wordpress\/wp-content\/uploads\/2023\/04\/DEDICHE-ASTRID.mp3\">https:\/\/www.radiopiu.net\/wordpress\/wp-content\/uploads\/2023\/04\/DEDICHE-ASTRID.mp3<\/a><\/audio>\n<p>&nbsp;<\/p>\n<p>&nbsp;<\/p>\n<p>&nbsp;<\/p>\n<blockquote>\n<h3>MAURO GROPPA, IL 6 MAGGIO A FALCADE &#8220;RISO FA BUON SANGUE&#8221;<\/h3>\n<\/blockquote>\n<p><strong><a class=\"dt-pswp-item\" href=\"https:\/\/www.radiopiu.net\/wordpress\/wp-content\/uploads\/2023\/04\/mauro-groppa.png\" data-dt-img-description=\"\" data-large_image_width=\"327\" data-large_image_height=\"238\"><img loading=\"lazy\" decoding=\"async\" class=\" wp-image-333190 alignleft\" src=\"https:\/\/www.radiopiu.net\/wordpress\/wp-content\/uploads\/2023\/04\/mauro-groppa-300x218.png\" alt=\"\" width=\"126\" height=\"91\" srcset=\"https:\/\/www.radiopiu.net\/wordpress\/wp-content\/uploads\/2023\/04\/mauro-groppa-300x218.png 300w, https:\/\/www.radiopiu.net\/wordpress\/wp-content\/uploads\/2023\/04\/mauro-groppa.png 327w\" sizes=\"auto, (max-width: 126px) 100vw, 126px\" \/><\/a>REDAZIONE<\/strong> Negli studi di Radio Pi\u00f9 \u00e8 arrivato a trovarci Mauro Groppa, detto &#8220;Paky&#8221;, che ci ha parlato dell&#8217;evento in programma il 6 maggio al PalaFalcade dove le sezioni ABVS di Falcade, Canale, Vallada e Cencenighe organizzano uno spettacolo teatrale dal titolo &#8220;Riso fa buon sangue&#8221;. Ingresso gratuito con offerta libera.<\/p>\n<p><strong>MAURO GROPPA<\/strong><\/p>\n<audio class=\"wp-audio-shortcode\" id=\"audio-333239-14\" preload=\"none\" style=\"width: 100%;\" controls=\"controls\"><source type=\"audio\/mpeg\" src=\"https:\/\/www.radiopiu.net\/wordpress\/wp-content\/uploads\/2023\/04\/DEDICHE-PAKY.mp3?_=14\" \/><a href=\"https:\/\/www.radiopiu.net\/wordpress\/wp-content\/uploads\/2023\/04\/DEDICHE-PAKY.mp3\">https:\/\/www.radiopiu.net\/wordpress\/wp-content\/uploads\/2023\/04\/DEDICHE-PAKY.mp3<\/a><\/audio>\n<p>&nbsp;<\/p>\n<p>&nbsp;<\/p>\n<p>&nbsp;<\/p>\n<hr \/>\n<p>&nbsp;<\/p>\n<blockquote>\n<h3>PRIMO MAGGIO NEL RICORDO DI DON SERGIO MANFROI<\/h3>\n<\/blockquote>\n<p><a class=\"dt-pswp-item\" href=\"https:\/\/www.radiopiu.net\/wordpress\/wp-content\/uploads\/2023\/04\/a32e12a8-6c7a-4173-beb7-329b64d4a34b.jpg\" data-dt-img-description=\"\" data-large_image_width=\"194\" data-large_image_height=\"194\"><img loading=\"lazy\" decoding=\"async\" class=\"size-full wp-image-332704 alignright\" src=\"https:\/\/www.radiopiu.net\/wordpress\/wp-content\/uploads\/2023\/04\/a32e12a8-6c7a-4173-beb7-329b64d4a34b.jpg\" alt=\"\" width=\"194\" height=\"194\" srcset=\"https:\/\/www.radiopiu.net\/wordpress\/wp-content\/uploads\/2023\/04\/a32e12a8-6c7a-4173-beb7-329b64d4a34b.jpg 194w, https:\/\/www.radiopiu.net\/wordpress\/wp-content\/uploads\/2023\/04\/a32e12a8-6c7a-4173-beb7-329b64d4a34b-150x150.jpg 150w\" sizes=\"auto, (max-width: 194px) 100vw, 194px\" \/><\/a><strong>Il primo maggio<\/strong> alle 10.30 presso chiesa parrocchiale si Chies, sara&#8217; celebrata in memoria di don Sergio Manfroi ( parroco della parrocchia di Chies per 18 anni e morto il 28 aprile 2013). La santa messa sar\u00e0 officiata dal vescovo emerito Giuseppe Andrich ed animata dal coro parrocchiale Lamosano e Chies .<br \/>\nLa comunit\u00e0 tutta di Chies d&#8217;Alpago per la grande stima verso il sacerdote lo ricorda ancora oggi sempre con grande affetto&#8230;. Don Sergio era un grande predicatore,\u00a0 conosciuto in tutta la provincia come grande direttore dei cori parrocchiali, ha organizzato i centri estivi per i bambino fino a 85 anni&#8230;.&#8221;Uomo e Sacerdote ricordato dalla gente della comunit\u00e0 per le tante doti e doni :&#8221; Umano , empatico , simpatico , sorridente e assertivo &#8221;<\/p>\n<p>&nbsp;<\/p>\n<div dir=\"auto\">\n<p>&nbsp;<\/p>\n<p>&nbsp;<\/p>\n<hr \/>\n<p>&nbsp;<\/p>\n<blockquote>\n<h3 class=\"entry-title\">L\u2019IMPEGNO PER LA FIBROSI CISTICA, SULLA STRADA DI BICE<\/h3>\n<\/blockquote>\n<p><strong>REDAZIONE <\/strong>Raccolta fondi: <span id=\"page3R_mcid0\" class=\"markedContent\"><span dir=\"ltr\" role=\"presentation\">\u00a0<\/span><\/span><span id=\"page3R_mcid2\" class=\"markedContent\"><span dir=\"ltr\" role=\"presentation\"><strong>SABATO 6<\/strong>\u00a0maggio a\u00a0<\/span><\/span><span id=\"page3R_mcid3\" class=\"markedContent\"><span dir=\"ltr\" role=\"presentation\">Santo Stefano di Cadore, Dosoledo, Agordo, Caviola, Falcade, Castion in Piazza I\u00b0\u00a0<\/span><span dir=\"ltr\" role=\"presentation\">Maggio (Alpini), Puos d<\/span><span dir=\"ltr\" role=\"presentation\">\u2019<\/span><span dir=\"ltr\" role=\"presentation\">Alpago Piazza P. Luciani.\u00a0<\/span><\/span><span id=\"page3R_mcid5\" class=\"markedContent\"><span dir=\"ltr\" role=\"presentation\"><strong>DOMENICA 7 Maggio<\/strong>\u00a0<\/span><\/span><span id=\"page3R_mcid6\" class=\"markedContent\"><span dir=\"ltr\" role=\"presentation\">Parrocchie Del Poi (Rivamonte, Tiser, Gosaldo, Frassen\u00e8 e Voltago) <\/span><\/span><span id=\"page3R_mcid8\" class=\"markedContent\"><span dir=\"ltr\" role=\"presentation\"><strong>Durante<\/strong> la settimana ci sar\u00e0 il recapito porta a porta della<\/span>\u00a0<span dir=\"ltr\" role=\"presentation\">\u201c<\/span><span dir=\"ltr\" role=\"presentation\">dipladenia<\/span><span dir=\"ltr\" role=\"presentation\">\u201d<\/span>\u00a0<span dir=\"ltr\" role=\"presentation\">a Farra\u00a0<\/span><span dir=\"ltr\" role=\"presentation\">d<\/span><span dir=\"ltr\" role=\"presentation\">\u2019<\/span><span dir=\"ltr\" role=\"presentation\">Alpago e Zopp\u00e8 di Cadore\u00a0<\/span><\/span><\/p>\n<p>&nbsp;<\/p>\n<p>&nbsp;<\/p>\n<hr \/>\n<\/div>\n<div dir=\"auto\"><\/div>\n<div dir=\"auto\">\n<blockquote>\n<h2><strong>Una serata al cinema per l\u2019affido familiare<\/strong><\/h2>\n<\/blockquote>\n<p><strong>BELLUNO<\/strong> I Centri per l\u2019Affido e la Solidariet\u00e0 Familiare dell\u2019Ulss Dolomiti, in collaborazione con Lions Club Belluno, Lions Club Feltre, Lions Club Cadore Dolomiti e con il patrocinio del Comune di Belluno, organizzano una serata al cinema per promuovere l\u2019affido e la solidariet\u00e0 familiare. L\u2019appuntamento \u00e8 per <strong>gioved\u00ec<\/strong> alle 20.30 al Cinema Italia di Belluno. Grazie alla disponibilit\u00e0 del Cinema, durante la serata sar\u00e0 proiettato il film \u201cThe Quiet Girl\u201d<\/p>\n<p>&nbsp;<\/p>\n<p>&nbsp;<\/p>\n<hr \/>\n<p>&nbsp;<\/p>\n<blockquote>\n<h3>UNIVERSITA&#8217; ANZIANI ADULTI, L&#8217;ULTIMA LEZIONE CON MELCHIORRE E SOGNE<\/h3>\n<\/blockquote>\n<p><strong><img loading=\"lazy\" decoding=\"async\" class=\"alignleft\" src=\"https:\/\/www.radiopiu.net\/wordpress\/wp-content\/uploads\/2022\/09\/UNIVERSITA-ANZIANI-AGORDO-min-300x300.jpg\" width=\"168\" height=\"168\" \/>AGORDO<\/strong><\/p>\n<p><strong>DI GIANNI SANTOMASO<\/strong><\/p>\n<audio class=\"wp-audio-shortcode\" id=\"audio-333239-15\" preload=\"none\" style=\"width: 100%;\" controls=\"controls\"><source type=\"audio\/mpeg\" src=\"https:\/\/www.radiopiu.net\/wordpress\/wp-content\/uploads\/2023\/02\/UNIVERSTIA-GIANNIA.mp3?_=15\" \/><a href=\"https:\/\/www.radiopiu.net\/wordpress\/wp-content\/uploads\/2023\/02\/UNIVERSTIA-GIANNIA.mp3\">https:\/\/www.radiopiu.net\/wordpress\/wp-content\/uploads\/2023\/02\/UNIVERSTIA-GIANNIA.mp3<\/a><\/audio>\n<p>&nbsp;<\/p>\n<hr \/>\n<p>&nbsp;<\/p>\n<\/div>\n<div dir=\"auto\">\n<blockquote>\n<h3>SOSPIROLO EVENTI<\/h3>\n<\/blockquote>\n<h3><a class=\"dt-pswp-item\" href=\"https:\/\/www.radiopiu.net\/wordpress\/wp-content\/uploads\/2023\/04\/Senza-nome-66.jpg\" data-dt-img-description=\"\" data-large_image_width=\"129\" data-large_image_height=\"153\"><img loading=\"lazy\" decoding=\"async\" class=\"size-full wp-image-332530 alignleft\" src=\"https:\/\/www.radiopiu.net\/wordpress\/wp-content\/uploads\/2023\/04\/Senza-nome-66.jpg\" alt=\"\" width=\"129\" height=\"153\" \/><\/a><\/h3>\n<p><strong>SOSPIROLO<\/strong> \u00a0<strong>venerd\u00ec 5<\/strong> maggio ore 20.45 al Pr\u00e0 della Melia <strong>Sonon par San Gottardo, concerto di fisarmoniche.<\/strong> Serata di raccolta fondi per il restauro del campanile (Comitato pro San Gottardo) <strong>sabato 6<\/strong> maggio dalle 10.30 a La Mandra <strong>Festa sociale della Montagna<\/strong> (Centro Studi Montagna Sospirolese)<\/p>\n<\/div>\n<div dir=\"auto\"><\/div>\n<div dir=\"auto\"><\/div>\n<div dir=\"auto\"><\/div>\n<div dir=\"auto\"><\/div>\n<div dir=\"auto\"><\/div>\n<div dir=\"auto\"><\/div>\n<div dir=\"auto\">\n<hr \/>\n<p><a class=\"dt-pswp-item\" href=\"https:\/\/www.radiopiu.net\/wordpress\/wp-content\/uploads\/2023\/04\/34f4cfc6-e863-46e9-9695-8df44be63421.jpg\" data-dt-img-description=\"\" data-large_image_width=\"1200\" data-large_image_height=\"1200\"><img loading=\"lazy\" decoding=\"async\" class=\"size-medium wp-image-333390 aligncenter\" src=\"https:\/\/www.radiopiu.net\/wordpress\/wp-content\/uploads\/2023\/04\/34f4cfc6-e863-46e9-9695-8df44be63421-300x300.jpg\" alt=\"\" width=\"300\" height=\"300\" srcset=\"https:\/\/www.radiopiu.net\/wordpress\/wp-content\/uploads\/2023\/04\/34f4cfc6-e863-46e9-9695-8df44be63421-300x300.jpg 300w, https:\/\/www.radiopiu.net\/wordpress\/wp-content\/uploads\/2023\/04\/34f4cfc6-e863-46e9-9695-8df44be63421-1024x1024.jpg 1024w, https:\/\/www.radiopiu.net\/wordpress\/wp-content\/uploads\/2023\/04\/34f4cfc6-e863-46e9-9695-8df44be63421-150x150.jpg 150w, https:\/\/www.radiopiu.net\/wordpress\/wp-content\/uploads\/2023\/04\/34f4cfc6-e863-46e9-9695-8df44be63421-768x768.jpg 768w, https:\/\/www.radiopiu.net\/wordpress\/wp-content\/uploads\/2023\/04\/34f4cfc6-e863-46e9-9695-8df44be63421.jpg 1200w\" sizes=\"auto, (max-width: 300px) 100vw, 300px\" \/><\/a><\/p>\n<\/div>\n<div dir=\"auto\"><\/div>\n<div dir=\"auto\"><\/div>\n<div dir=\"auto\">\n<hr \/>\n<\/div>\n<blockquote>\n<h3 dir=\"auto\">PRIMO MAGGIO IN ALTO&#8230; A RIF DI AGORDO CON LA FESTA DI SAN GIUSEPPE<\/h3>\n<\/blockquote>\n<div dir=\"auto\"><\/div>\n<div dir=\"auto\">\n<p><strong><img decoding=\"async\" class=\"alignleft\" src=\"https:\/\/www.radiopiu.net\/wordpress\/wp-content\/uploads\/2022\/02\/DSC07985-150x150-1.jpg\" \/>L&#8217;INTERVISTA A EVA OLIVIER, PORTAVOCE BOCE DA RIF<\/strong><\/p>\n<p><strong>DI MIRKO MEZZACASA<\/strong><\/p>\n<audio class=\"wp-audio-shortcode\" id=\"audio-333239-16\" preload=\"none\" style=\"width: 100%;\" controls=\"controls\"><source type=\"audio\/mpeg\" src=\"https:\/\/www.radiopiu.net\/wordpress\/wp-content\/uploads\/2022\/02\/RIF-BOCE-DA-RIF.mp3?_=16\" \/><a href=\"https:\/\/www.radiopiu.net\/wordpress\/wp-content\/uploads\/2022\/02\/RIF-BOCE-DA-RIF.mp3\">https:\/\/www.radiopiu.net\/wordpress\/wp-content\/uploads\/2022\/02\/RIF-BOCE-DA-RIF.mp3<\/a><\/audio>\n<p>&nbsp;<\/p>\n<\/div>\n<div dir=\"auto\"><\/div>\n<div dir=\"auto\"><\/div>\n<div dir=\"auto\">\n<hr \/>\n<\/div>\n<div dir=\"auto\"><\/div>\n<p>&nbsp;<\/p>\n<blockquote>\n<h3><strong>EDITORIA, IL LIBRO DI LUISA MANFROI\u00a0<\/strong><\/h3>\n<\/blockquote>\n<p>di Gianni Santomaso<\/p>\n<audio class=\"wp-audio-shortcode\" id=\"audio-333239-17\" preload=\"none\" style=\"width: 100%;\" controls=\"controls\"><source type=\"audio\/mpeg\" src=\"https:\/\/www.radiopiu.net\/wordpress\/wp-content\/uploads\/2023\/04\/GIANNI-LIBRO-LUISA-MANFROI.mp3?_=17\" \/><a href=\"https:\/\/www.radiopiu.net\/wordpress\/wp-content\/uploads\/2023\/04\/GIANNI-LIBRO-LUISA-MANFROI.mp3\">https:\/\/www.radiopiu.net\/wordpress\/wp-content\/uploads\/2023\/04\/GIANNI-LIBRO-LUISA-MANFROI.mp3<\/a><\/audio>\n<p>&nbsp;<\/p>\n<p><a class=\"dt-pswp-item\" href=\"https:\/\/www.radiopiu.net\/wordpress\/wp-content\/uploads\/2023\/04\/locandina.jpg\" data-dt-img-description=\"\" data-large_image_width=\"1414\" data-large_image_height=\"2000\"><img loading=\"lazy\" decoding=\"async\" class=\"size-medium wp-image-332545 alignleft\" src=\"https:\/\/www.radiopiu.net\/wordpress\/wp-content\/uploads\/2023\/04\/locandina-212x300.jpg\" alt=\"\" width=\"212\" height=\"300\" srcset=\"https:\/\/www.radiopiu.net\/wordpress\/wp-content\/uploads\/2023\/04\/locandina-212x300.jpg 212w, https:\/\/www.radiopiu.net\/wordpress\/wp-content\/uploads\/2023\/04\/locandina-724x1024.jpg 724w, https:\/\/www.radiopiu.net\/wordpress\/wp-content\/uploads\/2023\/04\/locandina-768x1086.jpg 768w, https:\/\/www.radiopiu.net\/wordpress\/wp-content\/uploads\/2023\/04\/locandina-1086x1536.jpg 1086w, https:\/\/www.radiopiu.net\/wordpress\/wp-content\/uploads\/2023\/04\/locandina.jpg 1414w\" sizes=\"auto, (max-width: 212px) 100vw, 212px\" \/><\/a><\/p>\n<p><strong>CENCENIGHE<\/strong> <strong>Domani<\/strong> alle 17.30 in sala consiliare del Comune presentazione del libro\u00a0 IL CENTRO TURISTICO CULTURALE NOF FILO&#8217;, storia di un edificio e di una comunit\u00e0 di Luisa Manfroi<br \/>\nInterventi di\u00a0 Luisa Manfroi, Mauro Soppelsa sindaco di Cencenighe e Bepi Pellegrinon editore.<\/p>\n<p>&nbsp;<\/p>\n<p>&nbsp;<\/p>\n<p>&nbsp;<\/p>\n<p>&nbsp;<\/p>\n<p>&nbsp;<\/p>\n<p>&nbsp;<\/p>\n<p>&nbsp;<\/p>\n<p>&nbsp;<\/p>\n<hr \/>\n<p>&nbsp;<\/p>\n<blockquote>\n<h3>LE ORME IN CONCERTO AD ANZU&#8217; DI FELTRE<\/h3>\n<\/blockquote>\n<p><strong><a class=\"dt-pswp-item\" href=\"https:\/\/www.radiopiu.net\/wordpress\/wp-content\/uploads\/2023\/04\/LE-ORME-CONCERTO.jpg\" data-dt-img-description=\"\" data-large_image_width=\"921\" data-large_image_height=\"551\"><img loading=\"lazy\" decoding=\"async\" class=\" wp-image-332388 alignleft\" src=\"https:\/\/www.radiopiu.net\/wordpress\/wp-content\/uploads\/2023\/04\/LE-ORME-CONCERTO-300x179.jpg\" alt=\"\" width=\"179\" height=\"107\" srcset=\"https:\/\/www.radiopiu.net\/wordpress\/wp-content\/uploads\/2023\/04\/LE-ORME-CONCERTO-300x179.jpg 300w, https:\/\/www.radiopiu.net\/wordpress\/wp-content\/uploads\/2023\/04\/LE-ORME-CONCERTO-768x459.jpg 768w, https:\/\/www.radiopiu.net\/wordpress\/wp-content\/uploads\/2023\/04\/LE-ORME-CONCERTO.jpg 921w\" sizes=\"auto, (max-width: 179px) 100vw, 179px\" \/><\/a>FELTRE<\/strong><\/p>\n<p><strong>L&#8217;INTERVISTA<\/strong><\/p>\n<audio class=\"wp-audio-shortcode\" id=\"audio-333239-18\" preload=\"none\" style=\"width: 100%;\" controls=\"controls\"><source type=\"audio\/mpeg\" src=\"https:\/\/www.radiopiu.net\/wordpress\/wp-content\/uploads\/2023\/04\/CONCERTO-LE-ORME.mp3?_=18\" \/><a href=\"https:\/\/www.radiopiu.net\/wordpress\/wp-content\/uploads\/2023\/04\/CONCERTO-LE-ORME.mp3\">https:\/\/www.radiopiu.net\/wordpress\/wp-content\/uploads\/2023\/04\/CONCERTO-LE-ORME.mp3<\/a><\/audio>\n<p>&nbsp;<\/p>\n<p><strong>IL SALUTO DI TONY PAGLIUCA\u00a0<\/strong><\/p>\n<audio class=\"wp-audio-shortcode\" id=\"audio-333239-19\" preload=\"none\" style=\"width: 100%;\" controls=\"controls\"><source type=\"audio\/mpeg\" src=\"https:\/\/www.radiopiu.net\/wordpress\/wp-content\/uploads\/2023\/04\/pagliuca.mp3?_=19\" \/><a href=\"https:\/\/www.radiopiu.net\/wordpress\/wp-content\/uploads\/2023\/04\/pagliuca.mp3\">https:\/\/www.radiopiu.net\/wordpress\/wp-content\/uploads\/2023\/04\/pagliuca.mp3<\/a><\/audio>\n<p>&nbsp;<\/p>\n<p>&nbsp;<\/p>\n<hr \/>\n<p>&nbsp;<\/p>\n<p>&nbsp;<\/p>\n<p><img loading=\"lazy\" decoding=\"async\" class=\"alignleft\" src=\"https:\/\/www.radiopiu.net\/wordpress\/wp-content\/uploads\/2023\/04\/BARACA-de-FEN-1-724x1024.png\" width=\"149\" height=\"211\" \/><\/p>\n<p>&nbsp;<\/p>\n<p>&nbsp;<\/p>\n<p><strong>LIVINALLONGO<\/strong> \u00c8 in programma <strong>domani<\/strong> alle 16, in sala Taulac a Livinallongo Del Col Di Lana, l\u2019evento dedicato alla terra fodoma dal titolo \u201cFodom terra di antiche culture\u2026in cerca di nuovi sapori\u201d. Ci sar\u00e0 la presentazione del libro sul rilancio e continuit\u00e0 della biodiversit\u00e0 coltivata nelle dolomiti agordine a cura di Orazio Andrich e Johannes Keinzel. A seguire la visione del video-documentario \u201cLa baraca de fen\u201d a cura dell\u2019Istitut Cultural Ladin Cesa de Jan. A seguire l\u2019aperitivo con i sapori della biodiversit\u00e0 ladina.<\/p>\n<p>&nbsp;<\/p>\n<p>&nbsp;<\/p>\n<p>&nbsp;<\/p>\n<hr \/>\n<p>&nbsp;<\/p>\n<p>&nbsp;<\/p>\n<p><iframe loading=\"lazy\" title=\"Trailer live Falcade 23 05 2023\" width=\"1200\" height=\"675\" src=\"https:\/\/www.youtube.com\/embed\/vytkb_XSQIQ?feature=oembed\" frameborder=\"0\" allow=\"accelerometer; autoplay; clipboard-write; encrypted-media; gyroscope; picture-in-picture; web-share\" allowfullscreen><\/iframe><\/p>\n<p>&nbsp;<\/p>\n<blockquote class=\"wp-embedded-content\" data-secret=\"JVIm6gXZkh\"><p><a href=\"https:\/\/www.radiopiu.net\/wordpress\/una-sera-di-comicita-al-palafalcade-con-ingresso-gratuito\/\">UNA SERA DI COMICITA&#8217; AL PALAFALCADE CON INGRESSO GRATUITO<\/a><\/p><\/blockquote>\n<p><iframe loading=\"lazy\" class=\"wp-embedded-content\" sandbox=\"allow-scripts\" security=\"restricted\" style=\"position: absolute; clip: rect(1px, 1px, 1px, 1px);\" title=\"&#8220;UNA SERA DI COMICITA&#8217; AL PALAFALCADE CON INGRESSO GRATUITO&#8221; &#8212; Radio Pi\u00f9\" src=\"https:\/\/www.radiopiu.net\/wordpress\/una-sera-di-comicita-al-palafalcade-con-ingresso-gratuito\/embed\/#?secret=Y5YSkpOAzL#?secret=JVIm6gXZkh\" data-secret=\"JVIm6gXZkh\" width=\"600\" height=\"338\" frameborder=\"0\" marginwidth=\"0\" marginheight=\"0\" scrolling=\"no\"><\/iframe><\/p>\n<p>&nbsp;<\/p>\n<p>&nbsp;<\/p>\n<hr \/>\n<p>&nbsp;<\/p>\n<p><strong>I GRAFICI DI TIZIANO DE COL<\/strong><\/p>\n\n\t\t\t<style type='text\/css'>\n\t\t\t\t#gallery-5 {\n\t\t\t\t\tmargin: auto;\n\t\t\t\t}\n\t\t\t\t#gallery-5 .gallery-item {\n\t\t\t\t\tfloat: left;\n\t\t\t\t\tmargin-top: 10px;\n\t\t\t\t\ttext-align: center;\n\t\t\t\t\twidth: 20%;\n\t\t\t\t}\n\t\t\t\t#gallery-5 img {\n\t\t\t\t\tborder: 2px solid #cfcfcf;\n\t\t\t\t}\n\t\t\t\t#gallery-5 .gallery-caption {\n\t\t\t\t\tmargin-left: 0;\n\t\t\t\t}\n\t\t\t\t\/* see gallery_shortcode() in wp-includes\/media.php *\/\n\t\t\t<\/style>\n\t\t<div id='gallery-5' class='dt-gallery-container gallery galleryid-333239 gallery-columns-5 gallery-size-medium'><dl class='gallery-item'>\n\t\t\t\t<dt class='gallery-icon landscape'>\n\t\t\t\t\t<a class=\"rollover rollover-zoom dt-pswp-item\" title=\"f30923e8-e47e-4064-be80-558970822c64\" data-dt-img-description=\"\" data-large_image_width=\"560\" data-large_image_height=\"357\"href='https:\/\/www.radiopiu.net\/wordpress\/wp-content\/uploads\/2023\/04\/f30923e8-e47e-4064-be80-558970822c64.jpg'><img loading=\"lazy\" decoding=\"async\" width=\"300\" height=\"191\" src=\"https:\/\/www.radiopiu.net\/wordpress\/wp-content\/uploads\/2023\/04\/f30923e8-e47e-4064-be80-558970822c64-300x191.jpg\" class=\"attachment-medium size-medium\" alt=\"\" srcset=\"https:\/\/www.radiopiu.net\/wordpress\/wp-content\/uploads\/2023\/04\/f30923e8-e47e-4064-be80-558970822c64-300x191.jpg 300w, https:\/\/www.radiopiu.net\/wordpress\/wp-content\/uploads\/2023\/04\/f30923e8-e47e-4064-be80-558970822c64.jpg 560w\" sizes=\"auto, (max-width: 300px) 100vw, 300px\" \/><\/a>\n\t\t\t\t<\/dt><\/dl><dl class='gallery-item'>\n\t\t\t\t<dt class='gallery-icon landscape'>\n\t\t\t\t\t<a class=\"rollover rollover-zoom dt-pswp-item\" title=\"a296cf9e-f472-44b0-9a68-936a24be3e9d\" data-dt-img-description=\"\" data-large_image_width=\"596\" data-large_image_height=\"353\"href='https:\/\/www.radiopiu.net\/wordpress\/wp-content\/uploads\/2023\/04\/a296cf9e-f472-44b0-9a68-936a24be3e9d.jpg'><img loading=\"lazy\" decoding=\"async\" width=\"300\" height=\"178\" src=\"https:\/\/www.radiopiu.net\/wordpress\/wp-content\/uploads\/2023\/04\/a296cf9e-f472-44b0-9a68-936a24be3e9d-300x178.jpg\" class=\"attachment-medium size-medium\" alt=\"\" srcset=\"https:\/\/www.radiopiu.net\/wordpress\/wp-content\/uploads\/2023\/04\/a296cf9e-f472-44b0-9a68-936a24be3e9d-300x178.jpg 300w, https:\/\/www.radiopiu.net\/wordpress\/wp-content\/uploads\/2023\/04\/a296cf9e-f472-44b0-9a68-936a24be3e9d.jpg 596w\" sizes=\"auto, (max-width: 300px) 100vw, 300px\" \/><\/a>\n\t\t\t\t<\/dt><\/dl><dl class='gallery-item'>\n\t\t\t\t<dt class='gallery-icon landscape'>\n\t\t\t\t\t<a class=\"rollover rollover-zoom dt-pswp-item\" title=\"a29b6c20-97ed-4dcd-a0b0-807cb796cef1\" data-dt-img-description=\"\" data-large_image_width=\"596\" data-large_image_height=\"351\"href='https:\/\/www.radiopiu.net\/wordpress\/wp-content\/uploads\/2023\/04\/a29b6c20-97ed-4dcd-a0b0-807cb796cef1.jpg'><img loading=\"lazy\" decoding=\"async\" width=\"300\" height=\"177\" src=\"https:\/\/www.radiopiu.net\/wordpress\/wp-content\/uploads\/2023\/04\/a29b6c20-97ed-4dcd-a0b0-807cb796cef1-300x177.jpg\" class=\"attachment-medium size-medium\" alt=\"\" srcset=\"https:\/\/www.radiopiu.net\/wordpress\/wp-content\/uploads\/2023\/04\/a29b6c20-97ed-4dcd-a0b0-807cb796cef1-300x177.jpg 300w, https:\/\/www.radiopiu.net\/wordpress\/wp-content\/uploads\/2023\/04\/a29b6c20-97ed-4dcd-a0b0-807cb796cef1.jpg 596w\" sizes=\"auto, (max-width: 300px) 100vw, 300px\" \/><\/a>\n\t\t\t\t<\/dt><\/dl><dl class='gallery-item'>\n\t\t\t\t<dt class='gallery-icon landscape'>\n\t\t\t\t\t<a class=\"rollover rollover-zoom dt-pswp-item\" title=\"f02a776a-645f-465d-8755-02145b3ac8e6\" data-dt-img-description=\"\" data-large_image_width=\"584\" data-large_image_height=\"348\"href='https:\/\/www.radiopiu.net\/wordpress\/wp-content\/uploads\/2023\/04\/f02a776a-645f-465d-8755-02145b3ac8e6.jpg'><img loading=\"lazy\" decoding=\"async\" width=\"300\" height=\"179\" src=\"https:\/\/www.radiopiu.net\/wordpress\/wp-content\/uploads\/2023\/04\/f02a776a-645f-465d-8755-02145b3ac8e6-300x179.jpg\" class=\"attachment-medium size-medium\" alt=\"\" srcset=\"https:\/\/www.radiopiu.net\/wordpress\/wp-content\/uploads\/2023\/04\/f02a776a-645f-465d-8755-02145b3ac8e6-300x179.jpg 300w, https:\/\/www.radiopiu.net\/wordpress\/wp-content\/uploads\/2023\/04\/f02a776a-645f-465d-8755-02145b3ac8e6.jpg 584w\" sizes=\"auto, (max-width: 300px) 100vw, 300px\" \/><\/a>\n\t\t\t\t<\/dt><\/dl><dl class='gallery-item'>\n\t\t\t\t<dt class='gallery-icon landscape'>\n\t\t\t\t\t<a class=\"rollover rollover-zoom dt-pswp-item\" title=\"e4cc0354-33e5-4c74-bfd9-de462f86b2aa\" data-dt-img-description=\"\" data-large_image_width=\"598\" data-large_image_height=\"360\"href='https:\/\/www.radiopiu.net\/wordpress\/wp-content\/uploads\/2023\/04\/e4cc0354-33e5-4c74-bfd9-de462f86b2aa.jpg'><img loading=\"lazy\" decoding=\"async\" width=\"300\" height=\"181\" src=\"https:\/\/www.radiopiu.net\/wordpress\/wp-content\/uploads\/2023\/04\/e4cc0354-33e5-4c74-bfd9-de462f86b2aa-300x181.jpg\" class=\"attachment-medium size-medium\" alt=\"\" srcset=\"https:\/\/www.radiopiu.net\/wordpress\/wp-content\/uploads\/2023\/04\/e4cc0354-33e5-4c74-bfd9-de462f86b2aa-300x181.jpg 300w, https:\/\/www.radiopiu.net\/wordpress\/wp-content\/uploads\/2023\/04\/e4cc0354-33e5-4c74-bfd9-de462f86b2aa.jpg 598w\" sizes=\"auto, (max-width: 300px) 100vw, 300px\" \/><\/a>\n\t\t\t\t<\/dt><\/dl><br style=\"clear: both\" \/>\n\t\t\t<\/div>\n\n<p>&nbsp;<\/p>\n<hr \/>\n<p>&nbsp;<\/p>\n<div dir=\"auto\">\n<p><strong class=\"photoswipe-wrapper\"><a class=\"dt-pswp-item pspw-wrap-ready\" href=\"https:\/\/www.radiopiu.net\/wordpress\/wp-content\/uploads\/2021\/06\/8554eb80-bb6e-4752-a6d3-57aff91a2903.jpg\" data-dt-img-description=\"\" data-large_image_width=\"768\" data-large_image_height=\"1024\"><img loading=\"lazy\" decoding=\"async\" class=\"wp-image-215003 alignleft\" src=\"https:\/\/www.radiopiu.net\/wordpress\/wp-content\/uploads\/2021\/06\/8554eb80-bb6e-4752-a6d3-57aff91a2903-225x300.jpg\" sizes=\"auto, (max-width: 116px) 100vw, 116px\" srcset=\"https:\/\/www.radiopiu.net\/wordpress\/wp-content\/uploads\/2021\/06\/8554eb80-bb6e-4752-a6d3-57aff91a2903-225x300.jpg 225w, https:\/\/www.radiopiu.net\/wordpress\/wp-content\/uploads\/2021\/06\/8554eb80-bb6e-4752-a6d3-57aff91a2903.jpg 768w\" alt=\"\" width=\"116\" height=\"155\" \/><\/a><span style=\"color: #ff0000;\">BANDI ALLA RADIO\u00a0<\/span><\/strong><\/p>\n<p><strong>BANDI DI CONCORSO, DAL COMUNE DI ROCCA PIETORE.\u00a0<\/strong>UN POSTO DI ISTRUTTORE AMMINISTRATIVO categoria C1, a tempo pieno e indeterminato UN POSTO DI ISTRUTTORE TECNICO categoria C1, contratto a tempo pieno e indeterminato Tutte le informazioni inerenti ai bandi di concorso, le modalit\u00e0 e i termini di presentazione delle domande sono reperibili sul sito del Comune: WWW.COMUNE.ROCCAPIETORE.BL.IT<\/p>\n<p>&nbsp;<\/p>\n<p>&nbsp;<\/p>\n<hr \/>\n<p>&nbsp;<\/p>\n<p>&nbsp;<\/p>\n<div class=\"message spoilers-container\" dir=\"auto\">\n<div>\n<div class=\"b654a4as d2edcug0\">\n<div class=\"rq0escxv hkbzh7o3 jwdofwj8 n8tt0mok r8blr3vg hyh9befq\">\n<p><a class=\"dt-pswp-item\" href=\"https:\/\/www.radiopiu.net\/wordpress\/wp-content\/uploads\/2020\/10\/pp.jpg\" data-dt-img-description=\"\" data-large_image_width=\"640\" data-large_image_height=\"640\"><img loading=\"lazy\" decoding=\"async\" class=\"wp-image-163678 alignleft\" src=\"https:\/\/www.radiopiu.net\/wordpress\/wp-content\/uploads\/2020\/10\/pp-300x300.jpg\" alt=\"\" width=\"106\" height=\"106\" srcset=\"https:\/\/www.radiopiu.net\/wordpress\/wp-content\/uploads\/2020\/10\/pp-300x300.jpg 300w, https:\/\/www.radiopiu.net\/wordpress\/wp-content\/uploads\/2020\/10\/pp-150x150.jpg 150w, https:\/\/www.radiopiu.net\/wordpress\/wp-content\/uploads\/2020\/10\/pp-125x125.jpg 125w, https:\/\/www.radiopiu.net\/wordpress\/wp-content\/uploads\/2020\/10\/pp-200x200.jpg 200w, https:\/\/www.radiopiu.net\/wordpress\/wp-content\/uploads\/2020\/10\/pp-80x80.jpg 80w, https:\/\/www.radiopiu.net\/wordpress\/wp-content\/uploads\/2020\/10\/pp-480x480.jpg 480w, https:\/\/www.radiopiu.net\/wordpress\/wp-content\/uploads\/2020\/10\/pp.jpg 640w\" sizes=\"auto, (max-width: 106px) 100vw, 106px\" \/><\/a><\/p>\n<\/div>\n<\/div>\n<\/div>\n<\/div>\n<div class=\"message spoilers-container\" dir=\"auto\">\n<div>\n<div class=\"page-title-head hgroup\">\n<div class=\"page-title-head hgroup\">\n<div class=\"b654a4as d2edcug0\">\n<div class=\"j83agx80 btwxx1t3 lhclo0ds hop8lmos nkwizq5d scwd0bx6 roh60bw9\">\n<div class=\"rq0escxv hkbzh7o3 jwdofwj8 n8tt0mok r8blr3vg hyh9befq\">\n<div class=\"do00u71z l9j0dhe7 k4urcfbm\" style=\"text-align: left;\">\n<h2><span style=\"color: #000080;\">DON CESARE, IL PENSIERO DEL GIORNO. ALLA RADIO ALLE 7 DEL MATTINO E ALLE 19.30 DELLA SERA<\/span><\/h2>\n<audio class=\"wp-audio-shortcode\" id=\"audio-333239-20\" preload=\"none\" style=\"width: 100%;\" controls=\"controls\"><source type=\"audio\/mpeg\" src=\"https:\/\/www.radiopiu.net\/wordpress\/wp-content\/uploads\/2023\/04\/CESARE-19.mp3?_=20\" \/><a href=\"https:\/\/www.radiopiu.net\/wordpress\/wp-content\/uploads\/2023\/04\/CESARE-19.mp3\">https:\/\/www.radiopiu.net\/wordpress\/wp-content\/uploads\/2023\/04\/CESARE-19.mp3<\/a><\/audio>\n<\/div>\n<\/div>\n<\/div>\n<\/div>\n<\/div>\n<\/div>\n<\/div>\n<\/div>\n<p>&nbsp;<\/p>\n<hr \/>\n<p>&nbsp;<\/p>\n<div class=\"message spoilers-container\" dir=\"auto\">\n<p>&nbsp;<\/p>\n<\/div>\n<div class=\"message spoilers-container\" dir=\"auto\">\n<h2><span style=\"color: #ff00ff;\">IN VIVO VERSO\u00a0 \u00a0 \u00a0<\/span><\/h2>\n<blockquote>\n<h3>LA FARFALLA DI FEDERICO SOPPELSA<\/h3>\n<\/blockquote>\n<p><strong>AUDIO<\/strong><\/p>\n<audio class=\"wp-audio-shortcode\" id=\"audio-333239-21\" preload=\"none\" style=\"width: 100%;\" controls=\"controls\"><source type=\"audio\/mpeg\" src=\"https:\/\/www.radiopiu.net\/wordpress\/wp-content\/uploads\/2023\/04\/04-LA-FARFALLA.mp3?_=21\" \/><a href=\"https:\/\/www.radiopiu.net\/wordpress\/wp-content\/uploads\/2023\/04\/04-LA-FARFALLA.mp3\">https:\/\/www.radiopiu.net\/wordpress\/wp-content\/uploads\/2023\/04\/04-LA-FARFALLA.mp3<\/a><\/audio>\n<p>&nbsp;<\/p>\n<p><a class=\"dt-pswp-item\" href=\"https:\/\/www.radiopiu.net\/wordpress\/wp-content\/uploads\/2023\/04\/FEDE.jpg\" data-dt-img-description=\"\" data-large_image_width=\"474\" data-large_image_height=\"315\"><img loading=\"lazy\" decoding=\"async\" class=\"wp-image-333321 alignleft\" src=\"https:\/\/www.radiopiu.net\/wordpress\/wp-content\/uploads\/2023\/04\/FEDE-300x199.jpg\" alt=\"\" width=\"164\" height=\"109\" srcset=\"https:\/\/www.radiopiu.net\/wordpress\/wp-content\/uploads\/2023\/04\/FEDE-300x199.jpg 300w, https:\/\/www.radiopiu.net\/wordpress\/wp-content\/uploads\/2023\/04\/FEDE.jpg 474w\" sizes=\"auto, (max-width: 164px) 100vw, 164px\" \/><\/a><strong>Federico Soppelsa<\/strong><br \/>\n<strong>LA FARFALLA<\/strong><\/p>\n<p>Vorrei svegliarmi in un prato fiorito<br \/>\nda una dolce folata di vento accarezzato<br \/>\npensando sia il battito d&#8217;ali di una farfalla<br \/>\nche cerca riposo posandosi sulla mia spalla<\/p>\n<p>Vorrei guardar lontano all&#8217;orizzonte<br \/>\nmentre il sole del mattino bacia la mia fronte<br \/>\ne veder le nuvole giocar nel cielo blu<br \/>\ndisegnando magici ricordi vissuti in giovent\u00f9<\/p>\n<p>Chiudere gli occhi e immaginare il mare<br \/>\ne nella calda sabbia potermi addormentare<br \/>\nsentire confuso con il battito d&#8217;ali dei gabbiani<br \/>\nlo sciabordio delle onde infrangersi sui rami<\/p>\n<p>Scalare una montagna fra erti innevati sentieri<br \/>\ne in vetta cancellare tutti i miei pensieri<br \/>\nguardare in lontananza le bellezze sottostanti<br \/>\nammirando estasiato panorami affascinanti<\/p>\n<p>Vorrei andare su una lontana isola deserta<br \/>\ndormir in una capanna dagli alberi coperta<br \/>\ncullato dal canto di molteplici uccellini<br \/>\nignari interpreti di un concerto di violini<\/p>\n<p>Entrare in una antica grotta inesplorata<br \/>\nimmaginare sia stata abitata da una fata<br \/>\nammirare le stalattiti e stalagmiti<br \/>\ne scoprire antichi e preistorici graffiti<\/p>\n<p>Catapultarmi al centro di un grande arcobaleno<br \/>\nimmergermi tra quelle righe in un baleno<br \/>\nattingere da ogni colore una sua propriet\u00e0<br \/>\nper applicarla nella vita con molta umilt\u00e0<\/p>\n<p>Sedermi infine su una panchina in riva al lago<br \/>\npensando a questi auspici finalmente pago<br \/>\ne vedendo improvvisamente una coloratissima farfalla<br \/>\nla stessa che in quel prato fiorito si pos\u00f2 sulla mia spalla<\/p>\n<p><strong>LA RACCOLTA COMPLETA<\/strong><\/p>\n<\/div>\n<div class=\"message spoilers-container\" dir=\"auto\">\n<blockquote class=\"wp-embedded-content\" data-secret=\"90rYDp00oA\"><p><a href=\"https:\/\/www.radiopiu.net\/wordpress\/in-vivo-verso\/\">In Vivo Verso<\/a><\/p><\/blockquote>\n<p><iframe loading=\"lazy\" class=\"wp-embedded-content\" sandbox=\"allow-scripts\" security=\"restricted\" style=\"position: absolute; clip: rect(1px, 1px, 1px, 1px);\" title=\"&#8220;In Vivo Verso&#8221; &#8212; Radio Pi\u00f9\" src=\"https:\/\/www.radiopiu.net\/wordpress\/in-vivo-verso\/embed\/#?secret=LAUU3kivdZ#?secret=90rYDp00oA\" data-secret=\"90rYDp00oA\" width=\"600\" height=\"338\" frameborder=\"0\" marginwidth=\"0\" marginheight=\"0\" scrolling=\"no\"><\/iframe><\/p>\n<\/div>\n<div class=\"message spoilers-container\" dir=\"auto\"><\/div>\n<p>&nbsp;<\/p>\n<hr \/>\n<p>&nbsp;<\/p>\n<div class=\"message spoilers-container\" dir=\"auto\">\n<h2><span style=\"color: #008080;\">GOCCE DI FILOSOFIA\u00a0\u00a0<\/span><\/h2>\n<p><strong>PUNTATA 299 &#8211; Chiara Cau_TERZA STAGIONE<\/strong><\/p>\n<audio class=\"wp-audio-shortcode\" id=\"audio-333239-22\" preload=\"none\" style=\"width: 100%;\" controls=\"controls\"><source type=\"audio\/mpeg\" src=\"https:\/\/www.radiopiu.net\/wordpress\/wp-content\/uploads\/2023\/04\/FI4-3.mp3?_=22\" \/><a href=\"https:\/\/www.radiopiu.net\/wordpress\/wp-content\/uploads\/2023\/04\/FI4-3.mp3\">https:\/\/www.radiopiu.net\/wordpress\/wp-content\/uploads\/2023\/04\/FI4-3.mp3<\/a><\/audio>\n<p>&nbsp;<\/p>\n<\/div>\n<blockquote>\n<div class=\"message spoilers-container\" dir=\"auto\">\n<p><strong>LA RACCOLTA COMPLETA<\/strong><\/p>\n<\/div>\n<\/blockquote>\n<div class=\"message spoilers-container\" dir=\"auto\">\n<blockquote class=\"wp-embedded-content\" data-secret=\"eKdpKi6UQs\"><p><a href=\"https:\/\/www.radiopiu.net\/wordpress\/gocce-filosofia\/\">Gocce di filosofia,  LA TERZA STAGIONE&#8230; 2023<\/a><\/p><\/blockquote>\n<p><iframe loading=\"lazy\" class=\"wp-embedded-content\" sandbox=\"allow-scripts\" security=\"restricted\" style=\"position: absolute; clip: rect(1px, 1px, 1px, 1px);\" title=\"&#8220;Gocce di filosofia,  LA TERZA STAGIONE&#8230; 2023&#8221; &#8212; Radio Pi\u00f9\" src=\"https:\/\/www.radiopiu.net\/wordpress\/gocce-filosofia\/embed\/#?secret=o5KJFKDg2I#?secret=eKdpKi6UQs\" data-secret=\"eKdpKi6UQs\" width=\"600\" height=\"338\" frameborder=\"0\" marginwidth=\"0\" marginheight=\"0\" scrolling=\"no\"><\/iframe><\/p>\n<p>&nbsp;<\/p>\n<\/div>\n<blockquote><p>&nbsp;<\/p><\/blockquote>\n<div class=\"message spoilers-container\" dir=\"auto\">\n<hr \/>\n<p>&nbsp;<\/p>\n<\/div>\n<div class=\"message spoilers-container\" dir=\"auto\">\n<div class=\"column\">\n<p><img loading=\"lazy\" decoding=\"async\" class=\"aligncenter wp-image-61954 size-full\" src=\"https:\/\/www.radiopiu.net\/wordpress\/wp-content\/uploads\/2018\/09\/viabilita.jpeg\" sizes=\"auto, (max-width: 800px) 100vw, 800px\" srcset=\"https:\/\/www.radiopiu.net\/wordpress\/wp-content\/uploads\/2018\/09\/viabilita.jpeg 800w, https:\/\/www.radiopiu.net\/wordpress\/wp-content\/uploads\/2018\/09\/viabilita-300x38.jpeg 300w, https:\/\/www.radiopiu.net\/wordpress\/wp-content\/uploads\/2018\/09\/viabilita-768x96.jpeg 768w\" alt=\"\" width=\"800\" height=\"100\" \/><\/p>\n<\/div>\n<\/div>\n<div class=\"message spoilers-container\" dir=\"auto\">\n<div class=\"column\">\n<p>&nbsp;<\/p>\n<\/div>\n<\/div>\n<div class=\"message spoilers-container\" dir=\"auto\">\n<div class=\"column\">\n<div dir=\"ltr\">\n<div class=\"gmail_quote\">\n<div dir=\"ltr\">\n<div class=\"gmail_quote\">\n<blockquote class=\"wp-embedded-content\" data-secret=\"nFV0pfzoJH\"><p><a href=\"https:\/\/www.radiopiu.net\/wordpress\/viabilita\/\">viabilita<\/a><\/p><\/blockquote>\n<p><iframe loading=\"lazy\" class=\"wp-embedded-content\" sandbox=\"allow-scripts\" security=\"restricted\" style=\"position: absolute; clip: rect(1px, 1px, 1px, 1px);\" title=\"&#8220;viabilita&#8221; &#8212; Radio Pi\u00f9\" src=\"https:\/\/www.radiopiu.net\/wordpress\/viabilita\/embed\/#?secret=jqsypaXTwc#?secret=nFV0pfzoJH\" data-secret=\"nFV0pfzoJH\" width=\"600\" height=\"338\" frameborder=\"0\" marginwidth=\"0\" marginheight=\"0\" scrolling=\"no\"><\/iframe><\/p>\n<\/div>\n<\/div>\n<\/div>\n<\/div>\n<\/div>\n<\/div>\n<div class=\"message spoilers-container\" dir=\"auto\">\n<div class=\"column\">\n<div>\n<div dir=\"ltr\">\n<div class=\"gmail_quote\">\n<div dir=\"ltr\">\n<div><\/div>\n<\/div>\n<\/div>\n<\/div>\n<\/div>\n<hr \/>\n<p>&nbsp;<\/p>\n<p><a class=\"dt-pswp-item\" href=\"https:\/\/www.radiopiu.net\/wordpress\/wp-content\/uploads\/2018\/09\/WhatsApp-Image-2018-09-20-at-16.04.06.jpeg\" data-dt-img-description=\"\" data-large_image_width=\"800\" data-large_image_height=\"100\"><img loading=\"lazy\" decoding=\"async\" class=\"wp-image-61378 size-full aligncenter\" src=\"https:\/\/www.radiopiu.net\/wordpress\/wp-content\/uploads\/2018\/09\/WhatsApp-Image-2018-09-20-at-16.04.06.jpeg\" alt=\"\" width=\"800\" height=\"100\" srcset=\"https:\/\/www.radiopiu.net\/wordpress\/wp-content\/uploads\/2018\/09\/WhatsApp-Image-2018-09-20-at-16.04.06.jpeg 800w, https:\/\/www.radiopiu.net\/wordpress\/wp-content\/uploads\/2018\/09\/WhatsApp-Image-2018-09-20-at-16.04.06-300x38.jpeg 300w, https:\/\/www.radiopiu.net\/wordpress\/wp-content\/uploads\/2018\/09\/WhatsApp-Image-2018-09-20-at-16.04.06-768x96.jpeg 768w\" sizes=\"auto, (max-width: 800px) 100vw, 800px\" \/><\/a><\/p>\n<\/div>\n<\/div>\n<div class=\"message spoilers-container\" dir=\"auto\"><center>\u00a0<\/center><center><\/center><center><\/center><b><\/b><\/div>\n<p>&nbsp;<\/p>\n<p><center><b>OGGI<\/b><\/center>Cielo irregolarmente nuvoloso con nubi medio-alte, anche estese, specie nella seconda parte della giornata in grado di coprire a tratti il sole, anche se non mancheranno temporanei tratti soleggiati soprattutto durante la mattinata.<br \/>\n<b>Precipitazioni: <\/b>Al mattino assenti (0%). Nel corso del pomeriggio possibile qualche occasionale e breve piovasco, specie sulle Dolomiti (20-30%), meno probabili sulle zone prealpine (10-20%)<br \/>\n<b>Temperature: <\/b>In ulteriore generale lieve rialzo specie in alta montagna, salvo risultare stazionarie o in lieve calo le massime nelle valli dolomitiche, su valori prossimi alla norma.<\/p>\n<hr \/>\n<p><center><b>DOMANI<\/b><\/center>Soleggiato specie al mattino, nel pomeriggio cielo poco o parzialmente nuvoloso per il transito di nubi medio-alte eventualmente associate a qualche modestissimo e breve fenomeno.<br \/>\n<b>Precipitazioni: <\/b>Assenti (0%) al mattino, nel pomeriggio\/sera non del tutto escluso (10-20%) qualche modestissimo fenomeno locale<br \/>\n<b>Temperature: <\/b>In ulteriore rialzo specie le massime e in quota, salvo risultare stazionarie le minime nelle valli, con valori di qualche grado al di sopra della norma.<\/p>\n<hr \/>\n<p><center><b>DOMENICA<\/b><\/center>Cielo nuvoloso o molto nuvoloso, con temporanei e brevi tratti parzialmente soleggiati; probabili modeste precipitazioni sparse e intermittenti nel corso della giornata, nevose oltre i 2300-2600 m. Temperature minime in contenuto aumento, massime in diminuzione, anche sensibile e inferiori alla norma.<\/p>\n<hr \/>\n<p><center><b>LUNEDI<\/b><\/center>Giornata simile a quella di domenica solo un po&#8217; pi\u00f9 fresca, con cielo nuvoloso o molto nuvoloso, salvo qualche breve e temporaneo tratto parzialmente soleggiato specie al mattino; probabili precipitazioni sparse da modeste a moderate e intermittenti. Temperature in diminuzione, specie le massime e in quota su valori inferiori alla norma.<\/p>\n<p>&nbsp;<\/p>\n<\/div>\n<div class=\"message spoilers-container\" dir=\"auto\">\n<hr \/>\n<p>&nbsp;<\/p>\n<p><a class=\"dt-pswp-item\" href=\"https:\/\/www.radiopiu.net\/wordpress\/wp-content\/uploads\/2018\/09\/sport.jpg\" data-dt-img-description=\"\" data-large_image_width=\"800\" data-large_image_height=\"100\"><img loading=\"lazy\" decoding=\"async\" class=\"aligncenter wp-image-60761 size-full\" src=\"https:\/\/www.radiopiu.net\/wordpress\/wp-content\/uploads\/2018\/09\/sport.jpg\" alt=\"\" width=\"800\" height=\"100\" srcset=\"https:\/\/www.radiopiu.net\/wordpress\/wp-content\/uploads\/2018\/09\/sport.jpg 800w, https:\/\/www.radiopiu.net\/wordpress\/wp-content\/uploads\/2018\/09\/sport-300x38.jpg 300w, https:\/\/www.radiopiu.net\/wordpress\/wp-content\/uploads\/2018\/09\/sport-768x96.jpg 768w\" sizes=\"auto, (max-width: 800px) 100vw, 800px\" \/><\/a><\/p>\n<\/div>\n<div class=\"message spoilers-container\" dir=\"auto\">\n<p>&nbsp;<\/p>\n<p><span style=\"color: #0000ff;\"><strong>CALCIO<\/strong><\/span><\/p>\n<blockquote>\n<h3>CRISTIAN DE LUCA E LA SUA ESPERIENZA DA ALLENATORE CON LE UNDER 13 DELLA DOLOMITI BELLUNESI<\/h3>\n<\/blockquote>\n<p><strong>di Marco Gaz<\/strong><\/p>\n<p><strong>REDAZIONE <\/strong>Continua l&#8217;esperienza in panchina per Cristian De Luca che dopo quattro stagioni alla guida degli esordienti del Canale D&#8217;Agordo ha pensato di intraprendere una nuova strada e spostarsi a Belluno. Negli ultimi mesi De Luca ha voluto fare una nuova esperienza con la Dolomiti Bellunesi. Il ragazzo della Valle del Biois si \u00e8 accasato nel capoluogo di provincia per seguire il settore giovanile della squadra femminile della Dolomiti Bellunesi. In mano a Cristian e a Maria Casanova la formazione Under 13 che ha fatto le prime esperienze sul campo proprio quest&#8217;anno. &#8220;Dopo 4 anni con gli esordienti del Canale volevo fare un anno sabbatico ma non perch\u00e9 non mi divertissi, anzi allenare i ragazzi ti da molto &#8211; afferma De Luca &#8211; ma perch\u00e9 secondo me non era giusto che mio figlio Franco fosse allenato sempre dal pap\u00e0, giusto che provi qualcosa di diverso. In realt\u00e0 il mio anno sabbatico \u00e8 durato un mese perch\u00e9 dopo il Campionato Agordino Giovanile mi \u00e9 stato proposto di dare una mano alla nuova squadra Under 13 femminile della Dolomiti Bellunesi, affiancando il mister Maria Casanova. Una squadra di sole ragazze, tantissime difficolt\u00e0 perch\u00e9 la maggior parte di loro alla prima esperienza nel calcio e iscritta subito nel girone contro i pari et\u00e0 maschi. Qui la difficolt\u00e0 di giocare contro squadre gi\u00e0 amalgamate e che giocano insieme da anni &#8211; dice Cristian &#8211; ogni partita una sconfitta ma non per loro che vogliono solo fare gruppo e imparare.&#8221; Al Torneo di Villorba, attualmente in corso, contro altre squadre femminili si sta vedendo il frutto del lavoro fatto fino ad ora. Nel fine settimana le giovani bellunesi hanno vinto 4 a 2 contro il Treviso e pareggiato 0-0 contro il Venezia. &#8220;Il torneo continua per tutto il mese di maggio e sono convinto che queste ragazze si toglieranno molte soddisfazioni &#8211; conclude Cristian De Luca &#8211; Penso che il movimento nel femminile \u00e9 sempre pi\u00f9 in crescita. A luglio &#8211; agosto penso ci saranno altri open-day, una bella opportunit\u00e0 che da la societ\u00e0 Dolomiti bellunesi alle ragazze che vogliono provare a entrare nel mondo del calcio&#8221;.<\/p>\n\n\t\t\t<style type='text\/css'>\n\t\t\t\t#gallery-6 {\n\t\t\t\t\tmargin: auto;\n\t\t\t\t}\n\t\t\t\t#gallery-6 .gallery-item {\n\t\t\t\t\tfloat: left;\n\t\t\t\t\tmargin-top: 10px;\n\t\t\t\t\ttext-align: center;\n\t\t\t\t\twidth: 33%;\n\t\t\t\t}\n\t\t\t\t#gallery-6 img {\n\t\t\t\t\tborder: 2px solid #cfcfcf;\n\t\t\t\t}\n\t\t\t\t#gallery-6 .gallery-caption {\n\t\t\t\t\tmargin-left: 0;\n\t\t\t\t}\n\t\t\t\t\/* see gallery_shortcode() in wp-includes\/media.php *\/\n\t\t\t<\/style>\n\t\t<div id='gallery-6' class='dt-gallery-container gallery galleryid-333239 gallery-columns-3 gallery-size-medium'><dl class='gallery-item'>\n\t\t\t\t<dt class='gallery-icon landscape'>\n\t\t\t\t\t<a class=\"rollover rollover-zoom dt-pswp-item\" title=\"e57ed038-a08b-4f77-9c0e-ea69dddecfb6\" data-dt-img-description=\"\" data-large_image_width=\"2000\" data-large_image_height=\"900\"href='https:\/\/www.radiopiu.net\/wordpress\/wp-content\/uploads\/2023\/04\/e57ed038-a08b-4f77-9c0e-ea69dddecfb6.jpg'><img loading=\"lazy\" decoding=\"async\" width=\"300\" height=\"135\" src=\"https:\/\/www.radiopiu.net\/wordpress\/wp-content\/uploads\/2023\/04\/e57ed038-a08b-4f77-9c0e-ea69dddecfb6-300x135.jpg\" class=\"attachment-medium size-medium\" alt=\"\" srcset=\"https:\/\/www.radiopiu.net\/wordpress\/wp-content\/uploads\/2023\/04\/e57ed038-a08b-4f77-9c0e-ea69dddecfb6-300x135.jpg 300w, https:\/\/www.radiopiu.net\/wordpress\/wp-content\/uploads\/2023\/04\/e57ed038-a08b-4f77-9c0e-ea69dddecfb6-1024x461.jpg 1024w, https:\/\/www.radiopiu.net\/wordpress\/wp-content\/uploads\/2023\/04\/e57ed038-a08b-4f77-9c0e-ea69dddecfb6-768x346.jpg 768w, https:\/\/www.radiopiu.net\/wordpress\/wp-content\/uploads\/2023\/04\/e57ed038-a08b-4f77-9c0e-ea69dddecfb6-1536x691.jpg 1536w, https:\/\/www.radiopiu.net\/wordpress\/wp-content\/uploads\/2023\/04\/e57ed038-a08b-4f77-9c0e-ea69dddecfb6.jpg 2000w\" sizes=\"auto, (max-width: 300px) 100vw, 300px\" \/><\/a>\n\t\t\t\t<\/dt><\/dl><dl class='gallery-item'>\n\t\t\t\t<dt class='gallery-icon landscape'>\n\t\t\t\t\t<a class=\"rollover rollover-zoom dt-pswp-item\" title=\"141b5ac2-222a-45a8-b39e-9c55fcf9979e\" data-dt-img-description=\"\" data-large_image_width=\"2048\" data-large_image_height=\"1536\"href='https:\/\/www.radiopiu.net\/wordpress\/wp-content\/uploads\/2023\/04\/141b5ac2-222a-45a8-b39e-9c55fcf9979e.jpg'><img loading=\"lazy\" decoding=\"async\" width=\"300\" height=\"225\" src=\"https:\/\/www.radiopiu.net\/wordpress\/wp-content\/uploads\/2023\/04\/141b5ac2-222a-45a8-b39e-9c55fcf9979e-300x225.jpg\" class=\"attachment-medium size-medium\" alt=\"\" srcset=\"https:\/\/www.radiopiu.net\/wordpress\/wp-content\/uploads\/2023\/04\/141b5ac2-222a-45a8-b39e-9c55fcf9979e-300x225.jpg 300w, https:\/\/www.radiopiu.net\/wordpress\/wp-content\/uploads\/2023\/04\/141b5ac2-222a-45a8-b39e-9c55fcf9979e-1024x768.jpg 1024w, https:\/\/www.radiopiu.net\/wordpress\/wp-content\/uploads\/2023\/04\/141b5ac2-222a-45a8-b39e-9c55fcf9979e-768x576.jpg 768w, https:\/\/www.radiopiu.net\/wordpress\/wp-content\/uploads\/2023\/04\/141b5ac2-222a-45a8-b39e-9c55fcf9979e-1536x1152.jpg 1536w, https:\/\/www.radiopiu.net\/wordpress\/wp-content\/uploads\/2023\/04\/141b5ac2-222a-45a8-b39e-9c55fcf9979e.jpg 2048w\" sizes=\"auto, (max-width: 300px) 100vw, 300px\" \/><\/a>\n\t\t\t\t<\/dt><\/dl><dl class='gallery-item'>\n\t\t\t\t<dt class='gallery-icon landscape'>\n\t\t\t\t\t<a class=\"rollover rollover-zoom dt-pswp-item\" title=\"685332a6-9441-4b9a-86c6-4b28026771c6\" data-dt-img-description=\"\" data-large_image_width=\"2000\" data-large_image_height=\"900\"href='https:\/\/www.radiopiu.net\/wordpress\/wp-content\/uploads\/2023\/04\/685332a6-9441-4b9a-86c6-4b28026771c6.jpg'><img loading=\"lazy\" decoding=\"async\" width=\"300\" height=\"135\" src=\"https:\/\/www.radiopiu.net\/wordpress\/wp-content\/uploads\/2023\/04\/685332a6-9441-4b9a-86c6-4b28026771c6-300x135.jpg\" class=\"attachment-medium size-medium\" alt=\"\" srcset=\"https:\/\/www.radiopiu.net\/wordpress\/wp-content\/uploads\/2023\/04\/685332a6-9441-4b9a-86c6-4b28026771c6-300x135.jpg 300w, https:\/\/www.radiopiu.net\/wordpress\/wp-content\/uploads\/2023\/04\/685332a6-9441-4b9a-86c6-4b28026771c6-1024x461.jpg 1024w, https:\/\/www.radiopiu.net\/wordpress\/wp-content\/uploads\/2023\/04\/685332a6-9441-4b9a-86c6-4b28026771c6-768x346.jpg 768w, https:\/\/www.radiopiu.net\/wordpress\/wp-content\/uploads\/2023\/04\/685332a6-9441-4b9a-86c6-4b28026771c6-1536x691.jpg 1536w, https:\/\/www.radiopiu.net\/wordpress\/wp-content\/uploads\/2023\/04\/685332a6-9441-4b9a-86c6-4b28026771c6.jpg 2000w\" sizes=\"auto, (max-width: 300px) 100vw, 300px\" \/><\/a>\n\t\t\t\t<\/dt><\/dl><br style=\"clear: both\" \/><dl class='gallery-item'>\n\t\t\t\t<dt class='gallery-icon landscape'>\n\t\t\t\t\t<a class=\"rollover rollover-zoom dt-pswp-item\" title=\"9a3a9562-8f45-4887-9444-352936f30205\" data-dt-img-description=\"\" data-large_image_width=\"1600\" data-large_image_height=\"1066\"href='https:\/\/www.radiopiu.net\/wordpress\/wp-content\/uploads\/2023\/04\/9a3a9562-8f45-4887-9444-352936f30205.jpg'><img loading=\"lazy\" decoding=\"async\" width=\"300\" height=\"200\" src=\"https:\/\/www.radiopiu.net\/wordpress\/wp-content\/uploads\/2023\/04\/9a3a9562-8f45-4887-9444-352936f30205-300x200.jpg\" class=\"attachment-medium size-medium\" alt=\"\" srcset=\"https:\/\/www.radiopiu.net\/wordpress\/wp-content\/uploads\/2023\/04\/9a3a9562-8f45-4887-9444-352936f30205-300x200.jpg 300w, https:\/\/www.radiopiu.net\/wordpress\/wp-content\/uploads\/2023\/04\/9a3a9562-8f45-4887-9444-352936f30205-1024x682.jpg 1024w, https:\/\/www.radiopiu.net\/wordpress\/wp-content\/uploads\/2023\/04\/9a3a9562-8f45-4887-9444-352936f30205-768x512.jpg 768w, https:\/\/www.radiopiu.net\/wordpress\/wp-content\/uploads\/2023\/04\/9a3a9562-8f45-4887-9444-352936f30205-1536x1023.jpg 1536w, https:\/\/www.radiopiu.net\/wordpress\/wp-content\/uploads\/2023\/04\/9a3a9562-8f45-4887-9444-352936f30205.jpg 1600w\" sizes=\"auto, (max-width: 300px) 100vw, 300px\" \/><\/a>\n\t\t\t\t<\/dt><\/dl><dl class='gallery-item'>\n\t\t\t\t<dt class='gallery-icon portrait'>\n\t\t\t\t\t<a class=\"rollover rollover-zoom dt-pswp-item\" title=\"3e86077f-f2d6-4250-ba51-c850b5794562\" data-dt-img-description=\"\" data-large_image_width=\"900\" data-large_image_height=\"2000\"href='https:\/\/www.radiopiu.net\/wordpress\/wp-content\/uploads\/2023\/04\/3e86077f-f2d6-4250-ba51-c850b5794562.jpg'><img loading=\"lazy\" decoding=\"async\" width=\"135\" height=\"300\" src=\"https:\/\/www.radiopiu.net\/wordpress\/wp-content\/uploads\/2023\/04\/3e86077f-f2d6-4250-ba51-c850b5794562-135x300.jpg\" class=\"attachment-medium size-medium\" alt=\"\" srcset=\"https:\/\/www.radiopiu.net\/wordpress\/wp-content\/uploads\/2023\/04\/3e86077f-f2d6-4250-ba51-c850b5794562-135x300.jpg 135w, https:\/\/www.radiopiu.net\/wordpress\/wp-content\/uploads\/2023\/04\/3e86077f-f2d6-4250-ba51-c850b5794562-461x1024.jpg 461w, https:\/\/www.radiopiu.net\/wordpress\/wp-content\/uploads\/2023\/04\/3e86077f-f2d6-4250-ba51-c850b5794562-768x1707.jpg 768w, https:\/\/www.radiopiu.net\/wordpress\/wp-content\/uploads\/2023\/04\/3e86077f-f2d6-4250-ba51-c850b5794562-691x1536.jpg 691w, https:\/\/www.radiopiu.net\/wordpress\/wp-content\/uploads\/2023\/04\/3e86077f-f2d6-4250-ba51-c850b5794562.jpg 900w\" sizes=\"auto, (max-width: 135px) 100vw, 135px\" \/><\/a>\n\t\t\t\t<\/dt><\/dl><dl class='gallery-item'>\n\t\t\t\t<dt class='gallery-icon landscape'>\n\t\t\t\t\t<a class=\"rollover rollover-zoom dt-pswp-item\" title=\"56e43474-99dd-49d2-bf7f-a3542206f073\" data-dt-img-description=\"\" data-large_image_width=\"1600\" data-large_image_height=\"1066\"href='https:\/\/www.radiopiu.net\/wordpress\/wp-content\/uploads\/2023\/04\/56e43474-99dd-49d2-bf7f-a3542206f073.jpg'><img loading=\"lazy\" decoding=\"async\" width=\"300\" height=\"200\" src=\"https:\/\/www.radiopiu.net\/wordpress\/wp-content\/uploads\/2023\/04\/56e43474-99dd-49d2-bf7f-a3542206f073-300x200.jpg\" class=\"attachment-medium size-medium\" alt=\"\" srcset=\"https:\/\/www.radiopiu.net\/wordpress\/wp-content\/uploads\/2023\/04\/56e43474-99dd-49d2-bf7f-a3542206f073-300x200.jpg 300w, https:\/\/www.radiopiu.net\/wordpress\/wp-content\/uploads\/2023\/04\/56e43474-99dd-49d2-bf7f-a3542206f073-1024x682.jpg 1024w, https:\/\/www.radiopiu.net\/wordpress\/wp-content\/uploads\/2023\/04\/56e43474-99dd-49d2-bf7f-a3542206f073-768x512.jpg 768w, https:\/\/www.radiopiu.net\/wordpress\/wp-content\/uploads\/2023\/04\/56e43474-99dd-49d2-bf7f-a3542206f073-1536x1023.jpg 1536w, https:\/\/www.radiopiu.net\/wordpress\/wp-content\/uploads\/2023\/04\/56e43474-99dd-49d2-bf7f-a3542206f073.jpg 1600w\" sizes=\"auto, (max-width: 300px) 100vw, 300px\" \/><\/a>\n\t\t\t\t<\/dt><\/dl><br style=\"clear: both\" \/>\n\t\t\t<\/div>\n\n<\/div>\n<p>&nbsp;<\/p>\n<p><span style=\"color: #0000ff;\"><strong>HOCKEY\u00a0<\/strong><\/span><\/p>\n<table width=\"100%\">\n<tbody>\n<tr>\n<td>\n<table width=\"100%\">\n<tbody>\n<tr>\n<td>\n<table width=\"100%\">\n<tbody>\n<tr>\n<td>\n<h2>HOCKEY<\/h2>\n<h1>Nazionale Senior, vittoria per 5 a 3 contro la Corea del Sud nell&#8217;ultima amichevole<\/h1>\n<\/td>\n<\/tr>\n<\/tbody>\n<\/table>\n<\/td>\n<\/tr>\n<\/tbody>\n<\/table>\n<\/td>\n<\/tr>\n<tr>\n<td>\n<table width=\"100%\">\n<tbody>\n<tr>\n<td>\n<table width=\"100%\">\n<tbody>\n<tr>\n<td>\n<h3><strong>Grazie ai goal di Petan, Frigo, Tedesco, Miceli e McNally gli Azzurri piegano la Corea del Sud &#8211; prossima avversaria al Mondiale &#8211; per 5 a 3.\u00a0<\/strong><\/h3>\n<\/td>\n<\/tr>\n<\/tbody>\n<\/table>\n<\/td>\n<\/tr>\n<\/tbody>\n<\/table>\n<table width=\"100%\">\n<tbody>\n<tr>\n<td>\n<table width=\"100%\">\n<tbody>\n<tr>\n<td>\n<h4><a class=\"dt-pswp-item\" href=\"https:\/\/www.radiopiu.net\/wordpress\/wp-content\/uploads\/2023\/04\/91507527-a952-2ef5-d317-dfa3ed44d682-scaled.jpg\" data-dt-img-description=\"\" data-large_image_width=\"2560\" data-large_image_height=\"1707\"><img loading=\"lazy\" decoding=\"async\" class=\" wp-image-333341 alignleft\" src=\"https:\/\/www.radiopiu.net\/wordpress\/wp-content\/uploads\/2023\/04\/91507527-a952-2ef5-d317-dfa3ed44d682-300x200.jpg\" alt=\"\" width=\"269\" height=\"179\" srcset=\"https:\/\/www.radiopiu.net\/wordpress\/wp-content\/uploads\/2023\/04\/91507527-a952-2ef5-d317-dfa3ed44d682-300x200.jpg 300w, https:\/\/www.radiopiu.net\/wordpress\/wp-content\/uploads\/2023\/04\/91507527-a952-2ef5-d317-dfa3ed44d682-1024x683.jpg 1024w, https:\/\/www.radiopiu.net\/wordpress\/wp-content\/uploads\/2023\/04\/91507527-a952-2ef5-d317-dfa3ed44d682-768x512.jpg 768w, https:\/\/www.radiopiu.net\/wordpress\/wp-content\/uploads\/2023\/04\/91507527-a952-2ef5-d317-dfa3ed44d682-1536x1024.jpg 1536w, https:\/\/www.radiopiu.net\/wordpress\/wp-content\/uploads\/2023\/04\/91507527-a952-2ef5-d317-dfa3ed44d682-2048x1365.jpg 2048w\" sizes=\"auto, (max-width: 269px) 100vw, 269px\" \/><\/a>Si chiude con una <strong>vittoria per 5 a 3 contro la Corea del Sud<\/strong> l&#8217;ultima amichevole della Nazionale italiana di hockey prima del Mondiale di 1^ Divisione Gruppo A. Sul ghiaccio di Nottingham gli Azzurri vanno avanti di tre reti grazie a Petan, Frigo e Tedesco, prima di subire la rimonta coreana. Ci pensa poi Miceli a risolvere la contesa, con McNally autore del goal a porta vuota nel finale di gara. Per coach Mike Keenan segnali positivi soprattutto dal powerplay, special team meno convincente nelle prime amichevoli e a segno oggi in due occasioni su tre. Nelle prossime ore il coaching staff azzurro si riunir\u00e0 per decidere gli ultimi tagli e definire quindi il roster che affronter\u00e0 l&#8217;appuntamento iridato.<\/h4>\n<\/td>\n<\/tr>\n<\/tbody>\n<\/table>\n<\/td>\n<\/tr>\n<\/tbody>\n<\/table>\n<\/td>\n<\/tr>\n<\/tbody>\n<\/table>\n<p>&nbsp;<\/p>\n<p>&nbsp;<\/p>\n<p>&nbsp;<\/p>\n<p>&nbsp;<\/p>\n<\/div>\n","protected":false},"excerpt":{"rendered":"<p>\u00a0 \u00a0 \u00a0 ISCRIVITI AL NOSTRO CANALE\u00a0 YOUTUBE PER SEGUIRE IN DIRETTA I PRINCIPALI PROGRAMMI DI RADIO PIU&#8217; E LE FUTURE DIRETTE IN ESTERNA. PER ISCRIVERTI CLICCA QUI E PREMI\u00a0 &#8220;Iscriviti&#8221;\u00a0 \u00a0 \u00a0\u00a0 &nbsp; &nbsp; &nbsp; &nbsp; &nbsp; &nbsp; \u00a0\u00a0 E anche STAMANE\u00a0 RADIOPIU si fa in QUATTRO\u00a0 per i suoi ascoltatori&#8230;. 1&#8230;. alle 8&hellip;<\/p>\n","protected":false},"author":4,"featured_media":333259,"comment_status":"closed","ping_status":"closed","sticky":false,"template":"","format":"standard","meta":{"_monsterinsights_skip_tracking":false,"_monsterinsights_sitenote_active":false,"_monsterinsights_sitenote_note":"","_monsterinsights_sitenote_category":0,"footnotes":""},"categories":[51,86,49],"tags":[],"class_list":["post-333239","post","type-post","status-publish","format-standard","has-post-thumbnail","hentry","category-evidenza-top","category-gr","category-news-18","category-51","category-86","category-49","description-off"],"img_url":"https:\/\/www.radiopiu.net\/wordpress\/wp-content\/uploads\/2023\/04\/141b5ac2-222a-45a8-b39e-9c55fcf9979e.jpg","_links":{"self":[{"href":"https:\/\/www.radiopiu.net\/wordpress\/wp-json\/wp\/v2\/posts\/333239","targetHints":{"allow":["GET"]}}],"collection":[{"href":"https:\/\/www.radiopiu.net\/wordpress\/wp-json\/wp\/v2\/posts"}],"about":[{"href":"https:\/\/www.radiopiu.net\/wordpress\/wp-json\/wp\/v2\/types\/post"}],"author":[{"embeddable":true,"href":"https:\/\/www.radiopiu.net\/wordpress\/wp-json\/wp\/v2\/users\/4"}],"replies":[{"embeddable":true,"href":"https:\/\/www.radiopiu.net\/wordpress\/wp-json\/wp\/v2\/comments?post=333239"}],"version-history":[{"count":0,"href":"https:\/\/www.radiopiu.net\/wordpress\/wp-json\/wp\/v2\/posts\/333239\/revisions"}],"wp:featuredmedia":[{"embeddable":true,"href":"https:\/\/www.radiopiu.net\/wordpress\/wp-json\/wp\/v2\/media\/333259"}],"wp:attachment":[{"href":"https:\/\/www.radiopiu.net\/wordpress\/wp-json\/wp\/v2\/media?parent=333239"}],"wp:term":[{"taxonomy":"category","embeddable":true,"href":"https:\/\/www.radiopiu.net\/wordpress\/wp-json\/wp\/v2\/categories?post=333239"},{"taxonomy":"post_tag","embeddable":true,"href":"https:\/\/www.radiopiu.net\/wordpress\/wp-json\/wp\/v2\/tags?post=333239"}],"curies":[{"name":"wp","href":"https:\/\/api.w.org\/{rel}","templated":true}]}}