{"id":333284,"date":"2023-04-27T20:30:20","date_gmt":"2023-04-27T18:30:20","guid":{"rendered":"https:\/\/www.radiopiu.net\/wordpress\/?p=333284"},"modified":"2023-04-27T11:23:19","modified_gmt":"2023-04-27T09:23:19","slug":"nuovi-parcheggi-a-parech-di-agordo-chissale-la-caoticita-regna-sovrana","status":"publish","type":"post","link":"https:\/\/www.radiopiu.net\/wordpress\/nuovi-parcheggi-a-parech-di-agordo-chissale-la-caoticita-regna-sovrana\/","title":{"rendered":"NUOVI PARCHEGGI A PARECH DI AGORDO. CHISSALE&#8217; &#8220;LA CAOTICITA&#8217; REGNA SOVRANA&#8221;"},"content":{"rendered":"<p><strong><img loading=\"lazy\" decoding=\"async\" class=\"alignleft\" src=\"https:\/\/www.radiopiu.net\/wordpress\/wp-content\/uploads\/2023\/04\/DSC09497.jpg\" width=\"223\" height=\"167\" \/>AGORDO<\/strong> Il consiglio comunale ha approvato la variante al prg e si appresta a commissionare i lavori per i parcheggi sulla lobbia di Parech. Sar\u00e0 soprattutto sistemata una zona <em>&#8220;Serve un po&#8217; di ordine -ha detto il sindaco Roberto Chissal\u00e8- ci sono delle ore in cui la caoticit\u00e0 regna sovrana, serve ordine&#8221;.<\/em> E&#8217; stato un percorso lungo per acquisire le aree ha rimarcato il sindaco: nessun esproprio, ma solo accordi bonari.\u00a0 Dopo l&#8217;approvazione ci sono tutti i presupposti per appaltare i lavori in tempi brevi. \u00a0Recentemente \u00e8 stato dato il via alla realizzazione di 5 nuovi parcheggi sempre salendo verso\u00a0 Parech (all&#8217;inizio della salita),\u00a0 come sono stati appaltati i nuovi 50 parcheggi in via Teto Piciol a favore di tutte le frazioni circostanti.<\/p>\n<p><strong>IL SINDACO ROBERTO CHISSALE&#8217;<\/strong><\/p>\n<audio class=\"wp-audio-shortcode\" id=\"audio-333284-1\" preload=\"none\" style=\"width: 100%;\" controls=\"controls\"><source type=\"audio\/mpeg\" src=\"https:\/\/www.radiopiu.net\/wordpress\/wp-content\/uploads\/2023\/04\/chissale-parcheggi.mp3?_=1\" \/><a href=\"https:\/\/www.radiopiu.net\/wordpress\/wp-content\/uploads\/2023\/04\/chissale-parcheggi.mp3\">https:\/\/www.radiopiu.net\/wordpress\/wp-content\/uploads\/2023\/04\/chissale-parcheggi.mp3<\/a><\/audio>\n<p>&nbsp;<\/p>\n<hr \/>\n<p>&nbsp;<\/p>\n","protected":false},"excerpt":{"rendered":"<p>AGORDO Il consiglio comunale ha approvato la variante al prg e si appresta a commissionare i lavori per i parcheggi sulla lobbia di Parech. Sar\u00e0 soprattutto sistemata una zona &#8220;Serve un po&#8217; di ordine -ha detto il sindaco Roberto Chissal\u00e8- ci sono delle ore in cui la caoticit\u00e0 regna sovrana, serve ordine&#8221;. E&#8217; stato un&hellip;<\/p>\n","protected":false},"author":4,"featured_media":333286,"comment_status":"closed","ping_status":"closed","sticky":false,"template":"","format":"standard","meta":{"_monsterinsights_skip_tracking":false,"_monsterinsights_sitenote_active":false,"_monsterinsights_sitenote_note":"","_monsterinsights_sitenote_category":0,"footnotes":""},"categories":[51,49],"tags":[],"class_list":["post-333284","post","type-post","status-publish","format-standard","has-post-thumbnail","hentry","category-evidenza-top","category-news-18","category-51","category-49","description-off"],"img_url":"https:\/\/www.radiopiu.net\/wordpress\/wp-content\/uploads\/2023\/04\/DSC09497.jpg","_links":{"self":[{"href":"https:\/\/www.radiopiu.net\/wordpress\/wp-json\/wp\/v2\/posts\/333284","targetHints":{"allow":["GET"]}}],"collection":[{"href":"https:\/\/www.radiopiu.net\/wordpress\/wp-json\/wp\/v2\/posts"}],"about":[{"href":"https:\/\/www.radiopiu.net\/wordpress\/wp-json\/wp\/v2\/types\/post"}],"author":[{"embeddable":true,"href":"https:\/\/www.radiopiu.net\/wordpress\/wp-json\/wp\/v2\/users\/4"}],"replies":[{"embeddable":true,"href":"https:\/\/www.radiopiu.net\/wordpress\/wp-json\/wp\/v2\/comments?post=333284"}],"version-history":[{"count":0,"href":"https:\/\/www.radiopiu.net\/wordpress\/wp-json\/wp\/v2\/posts\/333284\/revisions"}],"wp:featuredmedia":[{"embeddable":true,"href":"https:\/\/www.radiopiu.net\/wordpress\/wp-json\/wp\/v2\/media\/333286"}],"wp:attachment":[{"href":"https:\/\/www.radiopiu.net\/wordpress\/wp-json\/wp\/v2\/media?parent=333284"}],"wp:term":[{"taxonomy":"category","embeddable":true,"href":"https:\/\/www.radiopiu.net\/wordpress\/wp-json\/wp\/v2\/categories?post=333284"},{"taxonomy":"post_tag","embeddable":true,"href":"https:\/\/www.radiopiu.net\/wordpress\/wp-json\/wp\/v2\/tags?post=333284"}],"curies":[{"name":"wp","href":"https:\/\/api.w.org\/{rel}","templated":true}]}}