{"id":333313,"date":"2023-04-28T04:57:38","date_gmt":"2023-04-28T02:57:38","guid":{"rendered":"https:\/\/www.radiopiu.net\/wordpress\/?p=333313"},"modified":"2023-04-28T05:56:45","modified_gmt":"2023-04-28T03:56:45","slug":"precipita-col-parapendio-e-si-infortuna","status":"publish","type":"post","link":"https:\/\/www.radiopiu.net\/wordpress\/precipita-col-parapendio-e-si-infortuna\/","title":{"rendered":"PRECIPITA COL PARAPENDIO E SI INFORTUNA\u00a0"},"content":{"rendered":"<p><strong>CHIES D&#8217;ALPAGO<\/strong>\u00a0 Poco prima delle 14 \u00e8 scattato l&#8217;allarme per un parapendio precipitato tra Lamosano e Chies d&#8217;Alpago, in localit\u00e0 Molini. Decollato dal Dolada, il pilota aveva infatti perso il controllo della vela, finendo al suolo in prossimit\u00e0 del torrente Fermega e riportando nell&#8217;urto con il terreno la sospetta frattura di una gamba. Una squadra del Soccorso alpino dell&#8217;Alpago ha raggiungo l&#8217;infortunato per dare supporto all&#8217;equipaggio dell&#8217;elicottero del Suem di Pieve di Cadore, atterrato sul prato nelle vicinanze. Prestate le prime cure al 47enne austriaco, l&#8217;uomo \u00e8 stato poi trasportato fino all&#8217;eliambulanza decollata in direzione dell&#8217;ospedale di Belluno.<\/p>\n<p>&nbsp;<\/p>\n\n\t\t\t<style type='text\/css'>\n\t\t\t\t#gallery-1 {\n\t\t\t\t\tmargin: auto;\n\t\t\t\t}\n\t\t\t\t#gallery-1 .gallery-item {\n\t\t\t\t\tfloat: left;\n\t\t\t\t\tmargin-top: 10px;\n\t\t\t\t\ttext-align: center;\n\t\t\t\t\twidth: 50%;\n\t\t\t\t}\n\t\t\t\t#gallery-1 img {\n\t\t\t\t\tborder: 2px solid #cfcfcf;\n\t\t\t\t}\n\t\t\t\t#gallery-1 .gallery-caption {\n\t\t\t\t\tmargin-left: 0;\n\t\t\t\t}\n\t\t\t\t\/* see gallery_shortcode() in wp-includes\/media.php *\/\n\t\t\t<\/style>\n\t\t<div id='gallery-1' class='dt-gallery-container gallery galleryid-333313 gallery-columns-2 gallery-size-medium'><dl class='gallery-item'>\n\t\t\t\t<dt class='gallery-icon portrait'>\n\t\t\t\t\t<a class=\"rollover rollover-zoom dt-pswp-item\" title=\"Watermark_20230427_152610_011\" data-dt-img-description=\"\" data-large_image_width=\"1773\" data-large_image_height=\"2364\"href='https:\/\/www.radiopiu.net\/wordpress\/wp-content\/uploads\/2023\/04\/Watermark_20230427_152610_011.jpg'><img loading=\"lazy\" decoding=\"async\" width=\"225\" height=\"300\" src=\"https:\/\/www.radiopiu.net\/wordpress\/wp-content\/uploads\/2023\/04\/Watermark_20230427_152610_011-225x300.jpg\" class=\"attachment-medium size-medium\" alt=\"\" srcset=\"https:\/\/www.radiopiu.net\/wordpress\/wp-content\/uploads\/2023\/04\/Watermark_20230427_152610_011-225x300.jpg 225w, https:\/\/www.radiopiu.net\/wordpress\/wp-content\/uploads\/2023\/04\/Watermark_20230427_152610_011-768x1024.jpg 768w, https:\/\/www.radiopiu.net\/wordpress\/wp-content\/uploads\/2023\/04\/Watermark_20230427_152610_011-1152x1536.jpg 1152w, https:\/\/www.radiopiu.net\/wordpress\/wp-content\/uploads\/2023\/04\/Watermark_20230427_152610_011-1536x2048.jpg 1536w, https:\/\/www.radiopiu.net\/wordpress\/wp-content\/uploads\/2023\/04\/Watermark_20230427_152610_011.jpg 1773w\" sizes=\"auto, (max-width: 225px) 100vw, 225px\" \/><\/a>\n\t\t\t\t<\/dt><\/dl><dl class='gallery-item'>\n\t\t\t\t<dt class='gallery-icon portrait'>\n\t\t\t\t\t<a class=\"rollover rollover-zoom dt-pswp-item\" title=\"Watermark_20230427_152514_288\" data-dt-img-description=\"\" data-large_image_width=\"1773\" data-large_image_height=\"2364\"href='https:\/\/www.radiopiu.net\/wordpress\/wp-content\/uploads\/2023\/04\/Watermark_20230427_152514_288.jpg'><img loading=\"lazy\" decoding=\"async\" width=\"225\" height=\"300\" src=\"https:\/\/www.radiopiu.net\/wordpress\/wp-content\/uploads\/2023\/04\/Watermark_20230427_152514_288-225x300.jpg\" class=\"attachment-medium size-medium\" alt=\"\" srcset=\"https:\/\/www.radiopiu.net\/wordpress\/wp-content\/uploads\/2023\/04\/Watermark_20230427_152514_288-225x300.jpg 225w, https:\/\/www.radiopiu.net\/wordpress\/wp-content\/uploads\/2023\/04\/Watermark_20230427_152514_288-768x1024.jpg 768w, https:\/\/www.radiopiu.net\/wordpress\/wp-content\/uploads\/2023\/04\/Watermark_20230427_152514_288-1152x1536.jpg 1152w, https:\/\/www.radiopiu.net\/wordpress\/wp-content\/uploads\/2023\/04\/Watermark_20230427_152514_288-1536x2048.jpg 1536w, https:\/\/www.radiopiu.net\/wordpress\/wp-content\/uploads\/2023\/04\/Watermark_20230427_152514_288.jpg 1773w\" sizes=\"auto, (max-width: 225px) 100vw, 225px\" \/><\/a>\n\t\t\t\t<\/dt><\/dl><br style=\"clear: both\" \/>\n\t\t\t<\/div>\n\n","protected":false},"excerpt":{"rendered":"<p>CHIES D&#8217;ALPAGO\u00a0 Poco prima delle 14 \u00e8 scattato l&#8217;allarme per un parapendio precipitato tra Lamosano e Chies d&#8217;Alpago, in localit\u00e0 Molini. Decollato dal Dolada, il pilota aveva infatti perso il controllo della vela, finendo al suolo in prossimit\u00e0 del torrente Fermega e riportando nell&#8217;urto con il terreno la sospetta frattura di una gamba. Una squadra&hellip;<\/p>\n","protected":false},"author":4,"featured_media":333315,"comment_status":"closed","ping_status":"closed","sticky":false,"template":"","format":"standard","meta":{"_monsterinsights_skip_tracking":false,"_monsterinsights_sitenote_active":false,"_monsterinsights_sitenote_note":"","_monsterinsights_sitenote_category":0,"footnotes":""},"categories":[51,49],"tags":[],"class_list":["post-333313","post","type-post","status-publish","format-standard","has-post-thumbnail","hentry","category-evidenza-top","category-news-18","category-51","category-49","description-off"],"img_url":"https:\/\/www.radiopiu.net\/wordpress\/wp-content\/uploads\/2023\/04\/Watermark_20230427_152514_288.jpg","_links":{"self":[{"href":"https:\/\/www.radiopiu.net\/wordpress\/wp-json\/wp\/v2\/posts\/333313","targetHints":{"allow":["GET"]}}],"collection":[{"href":"https:\/\/www.radiopiu.net\/wordpress\/wp-json\/wp\/v2\/posts"}],"about":[{"href":"https:\/\/www.radiopiu.net\/wordpress\/wp-json\/wp\/v2\/types\/post"}],"author":[{"embeddable":true,"href":"https:\/\/www.radiopiu.net\/wordpress\/wp-json\/wp\/v2\/users\/4"}],"replies":[{"embeddable":true,"href":"https:\/\/www.radiopiu.net\/wordpress\/wp-json\/wp\/v2\/comments?post=333313"}],"version-history":[{"count":0,"href":"https:\/\/www.radiopiu.net\/wordpress\/wp-json\/wp\/v2\/posts\/333313\/revisions"}],"wp:featuredmedia":[{"embeddable":true,"href":"https:\/\/www.radiopiu.net\/wordpress\/wp-json\/wp\/v2\/media\/333315"}],"wp:attachment":[{"href":"https:\/\/www.radiopiu.net\/wordpress\/wp-json\/wp\/v2\/media?parent=333313"}],"wp:term":[{"taxonomy":"category","embeddable":true,"href":"https:\/\/www.radiopiu.net\/wordpress\/wp-json\/wp\/v2\/categories?post=333313"},{"taxonomy":"post_tag","embeddable":true,"href":"https:\/\/www.radiopiu.net\/wordpress\/wp-json\/wp\/v2\/tags?post=333313"}],"curies":[{"name":"wp","href":"https:\/\/api.w.org\/{rel}","templated":true}]}}