{"id":333338,"date":"2023-04-28T04:57:08","date_gmt":"2023-04-28T02:57:08","guid":{"rendered":"https:\/\/www.radiopiu.net\/wordpress\/?p=333338"},"modified":"2023-04-28T06:01:46","modified_gmt":"2023-04-28T04:01:46","slug":"luxottica-festa-patronale-e-calendario-ferie","status":"publish","type":"post","link":"https:\/\/www.radiopiu.net\/wordpress\/luxottica-festa-patronale-e-calendario-ferie\/","title":{"rendered":"LUXOTTICA: FESTA PATRONALE E CALENDARIO FERIE"},"content":{"rendered":"<p><img loading=\"lazy\" decoding=\"async\" class=\"alignleft\" src=\"https:\/\/www.radiopiu.net\/wordpress\/wp-content\/uploads\/2022\/06\/LUXOTTICA-9-scaled.jpg\" width=\"156\" height=\"104\" \/><strong>AGORDO<\/strong> Oggi i dipendenti Luxottica saranno informati delle novit\u00e0, dalla festivit\u00e0 patronale alle ferie d&#8217;agosto. In occasione del S. Patrono di Agordo, il periodo di chiusura \u00e8 previsto dal 29 al 30 giugno (giovedi e venerdi)\u00a0 con l&#8217;utilizzo di un giorno di PIR. La chiusura estiva \u00e8 prevista dal 31 luglio\u00a0 al 18 agosto\u00a0 con l&#8217;utilizzo di 15 giorni di Ferie. Il rientro al lavoro \u00e8 previsto per luned\u00ec 21 agosto.<\/p>\n<p>&nbsp;<\/p>\n<p>&nbsp;<\/p>\n<p>___<\/p>\n","protected":false},"excerpt":{"rendered":"<p>AGORDO Oggi i dipendenti Luxottica saranno informati delle novit\u00e0, dalla festivit\u00e0 patronale alle ferie d&#8217;agosto. In occasione del S. Patrono di Agordo, il periodo di chiusura \u00e8 previsto dal 29 al 30 giugno (giovedi e venerdi)\u00a0 con l&#8217;utilizzo di un giorno di PIR. La chiusura estiva \u00e8 prevista dal 31 luglio\u00a0 al 18 agosto\u00a0 con&hellip;<\/p>\n","protected":false},"author":4,"featured_media":284030,"comment_status":"closed","ping_status":"closed","sticky":false,"template":"","format":"standard","meta":{"_monsterinsights_skip_tracking":false,"_monsterinsights_sitenote_active":false,"_monsterinsights_sitenote_note":"","_monsterinsights_sitenote_category":0,"footnotes":""},"categories":[51,49],"tags":[],"class_list":["post-333338","post","type-post","status-publish","format-standard","has-post-thumbnail","hentry","category-evidenza-top","category-news-18","category-51","category-49","description-off"],"img_url":"https:\/\/www.radiopiu.net\/wordpress\/wp-content\/uploads\/2022\/06\/LUXOTTICA-9-scaled.jpg","_links":{"self":[{"href":"https:\/\/www.radiopiu.net\/wordpress\/wp-json\/wp\/v2\/posts\/333338","targetHints":{"allow":["GET"]}}],"collection":[{"href":"https:\/\/www.radiopiu.net\/wordpress\/wp-json\/wp\/v2\/posts"}],"about":[{"href":"https:\/\/www.radiopiu.net\/wordpress\/wp-json\/wp\/v2\/types\/post"}],"author":[{"embeddable":true,"href":"https:\/\/www.radiopiu.net\/wordpress\/wp-json\/wp\/v2\/users\/4"}],"replies":[{"embeddable":true,"href":"https:\/\/www.radiopiu.net\/wordpress\/wp-json\/wp\/v2\/comments?post=333338"}],"version-history":[{"count":0,"href":"https:\/\/www.radiopiu.net\/wordpress\/wp-json\/wp\/v2\/posts\/333338\/revisions"}],"wp:featuredmedia":[{"embeddable":true,"href":"https:\/\/www.radiopiu.net\/wordpress\/wp-json\/wp\/v2\/media\/284030"}],"wp:attachment":[{"href":"https:\/\/www.radiopiu.net\/wordpress\/wp-json\/wp\/v2\/media?parent=333338"}],"wp:term":[{"taxonomy":"category","embeddable":true,"href":"https:\/\/www.radiopiu.net\/wordpress\/wp-json\/wp\/v2\/categories?post=333338"},{"taxonomy":"post_tag","embeddable":true,"href":"https:\/\/www.radiopiu.net\/wordpress\/wp-json\/wp\/v2\/tags?post=333338"}],"curies":[{"name":"wp","href":"https:\/\/api.w.org\/{rel}","templated":true}]}}