{"id":333353,"date":"2023-04-27T18:24:29","date_gmt":"2023-04-27T16:24:29","guid":{"rendered":"https:\/\/www.radiopiu.net\/wordpress\/?p=333353"},"modified":"2023-04-27T18:24:29","modified_gmt":"2023-04-27T16:24:29","slug":"dillo-a-radio-piu-la-ciclabile-per-la-valle-di-san-lucano-non-mi-sono-perso","status":"publish","type":"post","link":"https:\/\/www.radiopiu.net\/wordpress\/dillo-a-radio-piu-la-ciclabile-per-la-valle-di-san-lucano-non-mi-sono-perso\/","title":{"rendered":"DILLO A RADIO PIU&#8217;&#8230;LA CICLABILE PER LA VALLE DI SAN LUCANO &#8220;NON MI SONO PERSO&#8221;"},"content":{"rendered":"<p><strong><img loading=\"lazy\" decoding=\"async\" class=\"alignleft\" src=\"https:\/\/www.radiopiu.net\/wordpress\/wp-content\/uploads\/2020\/05\/eriche-san-lucano-3.jpg\" width=\"295\" height=\"221\" \/><em>REDAZIONE<\/em><\/strong><em> La ciclabile per la Valle di San Lucano paradiso per gli amanti della mtb se tutto fila liscio. E nel caso di Pietro \u00e8 andata proprio cos\u00ec e questa volta non arrivano critiche al terminale della RADIOPIU ma i complimenti per il percorso.<\/em><\/p>\n<p>Volevo farti sapere che ultimamente sono stato a farmi un giro con la mia MTB in quel di Taibon ed ho percorso le strade forestali della splendida valle di S. Lucano fino a col dei Pra e per la prima volta non mi sono perso e non ho trovato interruzioni causa lavori\/frane o altro. Quindi mi sento di ringraziare l\u2019amministrazione , gli operai , i volontari e tutte le persone che hanno permesso di poter permettere di percorrere i vari sentieri per raggiungere la meta e tornare a casa pedalando in sicurezza ed essere felice di aver trascorso due ore di sport gratificante percorrendo una parte delle nostre splendide valli . Giusto fare osservazioni , consigli e\/o critiche ma anche di ringraziare quando le cose ci sono e funzionano. Nel percorso ho trovato pi\u00f9 tabelle di indicazione e strade meglio tenute e sono ottimista che si pu\u00f2 migliorare e rendere pi\u00f9 fruibile questi percorsi anche alle famiglie con bimbi piccoli (almeno fino alle pescherie), e rendere accessibile ufficialmente anche la strada tagliafuoco dal lato opposto. Grazie ancora\u2026 Pietro.<\/p>\n<p>&nbsp;<\/p>\n<p>&nbsp;<\/p>\n<hr \/>\n<p>&nbsp;<\/p>\n","protected":false},"excerpt":{"rendered":"<p>REDAZIONE La ciclabile per la Valle di San Lucano paradiso per gli amanti della mtb se tutto fila liscio. E nel caso di Pietro \u00e8 andata proprio cos\u00ec e questa volta non arrivano critiche al terminale della RADIOPIU ma i complimenti per il percorso. Volevo farti sapere che ultimamente sono stato a farmi un giro&hellip;<\/p>\n","protected":false},"author":4,"featured_media":136502,"comment_status":"closed","ping_status":"closed","sticky":false,"template":"","format":"standard","meta":{"_monsterinsights_skip_tracking":false,"_monsterinsights_sitenote_active":false,"_monsterinsights_sitenote_note":"","_monsterinsights_sitenote_category":0,"footnotes":""},"categories":[104,49],"tags":[],"class_list":["post-333353","post","type-post","status-publish","format-standard","has-post-thumbnail","hentry","category-evidenza_3","category-news-18","category-104","category-49","description-off"],"img_url":"https:\/\/www.radiopiu.net\/wordpress\/wp-content\/uploads\/2020\/05\/eriche-san-lucano-3.jpg","_links":{"self":[{"href":"https:\/\/www.radiopiu.net\/wordpress\/wp-json\/wp\/v2\/posts\/333353","targetHints":{"allow":["GET"]}}],"collection":[{"href":"https:\/\/www.radiopiu.net\/wordpress\/wp-json\/wp\/v2\/posts"}],"about":[{"href":"https:\/\/www.radiopiu.net\/wordpress\/wp-json\/wp\/v2\/types\/post"}],"author":[{"embeddable":true,"href":"https:\/\/www.radiopiu.net\/wordpress\/wp-json\/wp\/v2\/users\/4"}],"replies":[{"embeddable":true,"href":"https:\/\/www.radiopiu.net\/wordpress\/wp-json\/wp\/v2\/comments?post=333353"}],"version-history":[{"count":0,"href":"https:\/\/www.radiopiu.net\/wordpress\/wp-json\/wp\/v2\/posts\/333353\/revisions"}],"wp:featuredmedia":[{"embeddable":true,"href":"https:\/\/www.radiopiu.net\/wordpress\/wp-json\/wp\/v2\/media\/136502"}],"wp:attachment":[{"href":"https:\/\/www.radiopiu.net\/wordpress\/wp-json\/wp\/v2\/media?parent=333353"}],"wp:term":[{"taxonomy":"category","embeddable":true,"href":"https:\/\/www.radiopiu.net\/wordpress\/wp-json\/wp\/v2\/categories?post=333353"},{"taxonomy":"post_tag","embeddable":true,"href":"https:\/\/www.radiopiu.net\/wordpress\/wp-json\/wp\/v2\/tags?post=333353"}],"curies":[{"name":"wp","href":"https:\/\/api.w.org\/{rel}","templated":true}]}}