{"id":333378,"date":"2023-04-28T04:57:54","date_gmt":"2023-04-28T02:57:54","guid":{"rendered":"https:\/\/www.radiopiu.net\/wordpress\/?p=333378"},"modified":"2023-04-28T05:22:50","modified_gmt":"2023-04-28T03:22:50","slug":"il-piccolo-ustionato-finalmente-in-reparto-e-le-sue-condizioni-sono-stabili","status":"publish","type":"post","link":"https:\/\/www.radiopiu.net\/wordpress\/il-piccolo-ustionato-finalmente-in-reparto-e-le-sue-condizioni-sono-stabili\/","title":{"rendered":"IL PICCOLO USTIONATO: FINALMENTE IN REPARTO E LE SUE CONDIZIONI SONO STABILI\u00a0"},"content":{"rendered":"<blockquote>\n<h3><strong><a class=\"dt-pswp-item\" href=\"https:\/\/www.radiopiu.net\/wordpress\/wp-content\/uploads\/2021\/12\/ambulanze1.jpeg\" data-dt-img-description=\"\" data-large_image_width=\"1200\" data-large_image_height=\"1600\"><img loading=\"lazy\" decoding=\"async\" class=\"wp-image-250921 alignleft\" src=\"https:\/\/www.radiopiu.net\/wordpress\/wp-content\/uploads\/2021\/12\/ambulanze1-225x300.jpeg\" alt=\"\" width=\"120\" height=\"160\" srcset=\"https:\/\/www.radiopiu.net\/wordpress\/wp-content\/uploads\/2021\/12\/ambulanze1-225x300.jpeg 225w, https:\/\/www.radiopiu.net\/wordpress\/wp-content\/uploads\/2021\/12\/ambulanze1-768x1024.jpeg 768w, https:\/\/www.radiopiu.net\/wordpress\/wp-content\/uploads\/2021\/12\/ambulanze1-1152x1536.jpeg 1152w, https:\/\/www.radiopiu.net\/wordpress\/wp-content\/uploads\/2021\/12\/ambulanze1.jpeg 1200w\" sizes=\"auto, (max-width: 120px) 100vw, 120px\" \/><\/a> <\/strong><strong style=\"font-size: 14px;\">AGORDINO<\/strong><span style=\"font-size: 14px; font-weight: normal;\"> Il bambino ustionato \u00e8 uscito dalla Terapia intensiva.\u00a0 Il ragazzino agordino di 9 anni \u00e8 seguito dal dottor Enrico Vigato, che si \u00e8 occupato di lui, fin dal momento del suo ricovero sabato mattina. \u00c8 vigile e viene sedato solo quando \u00e8 necessario fargli le medicazioni. Superata la fase pi\u00f9 acuta, grazie anche a una tecnica innovativa che permette la rimozione selettiva dei tessuti ustionati con l&#8217;utilizzo di un gel, ci vorranno almeno un paio di settimane, prima di cominciare a parlare di ritorno a casa.<\/span><\/h3>\n<\/blockquote>\n<p>LA STORIA La sua intenzione era quella di preparare la prima colazione. Ha cercato di accendere il fuoco spruzzando l&#8217;alcol all&#8217;interno della stufa: il flacone \u00e8 esploso e il fuoco l&#8217;ha investito nella parte bassa del corpo. La madre ha allertato subito i soccorsi con una telefonata al 118 e, sul posto, sono intervenuti prima l&#8217;ambulanza di Agordo e poi l&#8217;elicottero del Suem per il trasporto a Verona<\/p>\n<p>&nbsp;<\/p>\n<p>&nbsp;<\/p>\n<hr \/>\n<p>&nbsp;<\/p>\n","protected":false},"excerpt":{"rendered":"<p>AGORDINO Il bambino ustionato \u00e8 uscito dalla Terapia intensiva.\u00a0 Il ragazzino agordino di 9 anni \u00e8 seguito dal dottor Enrico Vigato, che si \u00e8 occupato di lui, fin dal momento del suo ricovero sabato mattina. \u00c8 vigile e viene sedato solo quando \u00e8 necessario fargli le medicazioni. Superata la fase pi\u00f9 acuta, grazie anche a&hellip;<\/p>\n","protected":false},"author":4,"featured_media":55783,"comment_status":"closed","ping_status":"closed","sticky":false,"template":"","format":"standard","meta":{"_monsterinsights_skip_tracking":false,"_monsterinsights_sitenote_active":false,"_monsterinsights_sitenote_note":"","_monsterinsights_sitenote_category":0,"footnotes":""},"categories":[51,49],"tags":[],"class_list":["post-333378","post","type-post","status-publish","format-standard","has-post-thumbnail","hentry","category-evidenza-top","category-news-18","category-51","category-49","description-off"],"img_url":"https:\/\/www.radiopiu.net\/wordpress\/wp-content\/uploads\/2018\/07\/ambulanza.jpg","_links":{"self":[{"href":"https:\/\/www.radiopiu.net\/wordpress\/wp-json\/wp\/v2\/posts\/333378","targetHints":{"allow":["GET"]}}],"collection":[{"href":"https:\/\/www.radiopiu.net\/wordpress\/wp-json\/wp\/v2\/posts"}],"about":[{"href":"https:\/\/www.radiopiu.net\/wordpress\/wp-json\/wp\/v2\/types\/post"}],"author":[{"embeddable":true,"href":"https:\/\/www.radiopiu.net\/wordpress\/wp-json\/wp\/v2\/users\/4"}],"replies":[{"embeddable":true,"href":"https:\/\/www.radiopiu.net\/wordpress\/wp-json\/wp\/v2\/comments?post=333378"}],"version-history":[{"count":0,"href":"https:\/\/www.radiopiu.net\/wordpress\/wp-json\/wp\/v2\/posts\/333378\/revisions"}],"wp:featuredmedia":[{"embeddable":true,"href":"https:\/\/www.radiopiu.net\/wordpress\/wp-json\/wp\/v2\/media\/55783"}],"wp:attachment":[{"href":"https:\/\/www.radiopiu.net\/wordpress\/wp-json\/wp\/v2\/media?parent=333378"}],"wp:term":[{"taxonomy":"category","embeddable":true,"href":"https:\/\/www.radiopiu.net\/wordpress\/wp-json\/wp\/v2\/categories?post=333378"},{"taxonomy":"post_tag","embeddable":true,"href":"https:\/\/www.radiopiu.net\/wordpress\/wp-json\/wp\/v2\/tags?post=333378"}],"curies":[{"name":"wp","href":"https:\/\/api.w.org\/{rel}","templated":true}]}}