{"id":333394,"date":"2023-04-28T07:55:33","date_gmt":"2023-04-28T05:55:33","guid":{"rendered":"https:\/\/www.radiopiu.net\/wordpress\/?p=333394"},"modified":"2023-04-28T08:54:20","modified_gmt":"2023-04-28T06:54:20","slug":"in-diretta-alla-radio-piu-la-rassegna-stampa-locale-di-mirko-mezzacasa-dal-1983","status":"publish","type":"post","link":"https:\/\/www.radiopiu.net\/wordpress\/in-diretta-alla-radio-piu-la-rassegna-stampa-locale-di-mirko-mezzacasa-dal-1983\/","title":{"rendered":"in diretta alla radio piu&#8217; LA RASSEGNA STAMPA LOCALE di mirko mezzacasa dal 1983"},"content":{"rendered":"<p><strong>INCIDENTE MORTALE A FONZASO,<\/strong> MUORE 78ENNE COLTO DA INFARTO L\u2019uomo, Alberto Turcato, 78 anni di Agana &#8211; originario del veneziano &#8211;\u00a0 colpito da un attacco cardiaco ha perso il controllo della sua auto, finita sul guard-rail. In tilt la circolazione con lunghe colonne di mezzi pesanti fermi, Arten intasato d&#8217;auto e camion<br \/>\n<strong>UN ALTRO TETTO PREDA DELLE FIAMME,<\/strong> INTERVENGONO I RESIDENTI Due famiglie di Zorzoi di Sovramonte\u00a0 mercoled\u00ec alle 21.30 hanno salvato la casa tenendo a bada le fiamme\u00a0 in attesa dei\u00a0 vigili del fuoco di Feltre. I residenti, per\u00f2, non si sono persi d&#8217;animo e hanno tentato di rallentare il pi\u00f9 possibile le fiamme.<br \/>\n<strong>PRECIPITA COL PARAPENDIO E SI INFORTUNA\u00a0<\/strong> Ieri alle\u00a014 \u00e8 scattato l&#8217;allarme per un parapendio precipitato tra Lamosano e Chies d&#8217;Alpago, in localit\u00e0 Molini. Decollato dal Dolada, il pilota aveva infatti perso il controllo della vela, finendo al suolo in prossimit\u00e0 del torrente Fermega e riportando nell&#8217;urto con il terreno la sospetta frattura di una gamba.<br \/>\n<strong>IL PICCOLO USTIONATO<\/strong>: FINALMENTE IN REPARTO E LE SUE CONDIZIONI SONO STABILI Il bambino ustionato \u00e8 uscito dalla Terapia intensiva.\u00a0 Il ragazzino agordino di 9 anni \u00e8 seguito dal dottor Enrico Vigato, che si \u00e8 occupato di lui, fin dal momento del suo ricovero sabato mattina. \u00c8 vigile e viene sedato solo quando \u00e8 necessario fargli le medicazioni. Superata la fase pi\u00f9 acuta<br \/>\n<strong>CORTINA<\/strong> Gli albergatori della sede olimpica 2026 aprono la battaglia con la DMO. Rottura sulle indicazioni per il Cda espresso dalla camera di commercio. L&#8217;associazione ampezzana voleva Pirro, il Comune prova a ricucire.<br \/>\n<strong>FELTRE<\/strong> Sei mesi di condanna ad un feltrino per aver sganciato il carrello carico di gasolio sui Carabinieri. L&#8217;uomo era stata arrestato con obbliga di dimora, ieri il patteggiamento.<br \/>\n<strong>BELLUNO<\/strong> La Provincia nel consiglio itinerante di Chies d&#8217;Alpago vara il bilancio. Malessere: lo Stato trasferisce alla Provincia 35milioni di euro ma ne rivuole indietro poco meno di 32 dal contributo degli enti Provincia.<br \/>\n<strong>FELTRE<\/strong> Tasse, le bollette dei rifiuti non aumentano per il cittadino, per le aziende salgono i costi per il conferimento dei rifiuti indifferenziati.<br \/>\n<strong>LA MINORANZA &#8220;SALVA&#8221; IL CONSIGLIO COMUNALE<\/strong> E PONE DUBBI SULLA NOMINA DI FEDERICA ZASSO ALLA MUNICIPALIZZATA Consiglio comunale di Agordo alle otto di mattina, gli impegni extra Comune hanno tenuto lontano alcuni amministratori, ma la minoranza (Zaltron-De Riva) con la sua presenza ha contribuito al raggiungimento del numero legale e il consiglio ha avuto inizio<br \/>\n<strong>AGORDO<\/strong> Con le dimissioni da consigliere comunale di Federica Zasso,\u00a0 decade anche la nomina a consigliere dell&#8217;Unione Montana Agordina. Il consiglio comunale ha quindi\u00a0 votato il successore. Sar\u00e0\u00a0 Chiara Fontanive a\u00a0 sedere sugli scranni di Palazzo Bianco accanto al sindaco Roberto Chissal\u00e8 e al consigliere di opposizione Paolo Selva Moretti<br \/>\n<strong>AGORDO<\/strong> I terreni comunali in localit\u00e0 Valcozzena saranno venduti o meglio, come specifica l&#8217;assessore Claudio Sito &#8220;alienati&#8221;. Il Comune incasser\u00e0 oltre 150 mila euro. L&#8217;alienazione \u00e8 stata inserita nel Dup.<br \/>\n<strong>BELLUNO<\/strong> Progetto di riqualificazione per l\u2019area ex Garden Bar di Cavarzano: l\u2019immobile sar\u00e0 riportato in uso dall\u2019Associazione Nazionale Alpini \u2013 Sezione di Belluno \u2013 Gruppo Cavarzano Oltrardo. Le penne nere adibiranno gli spazi a sede<br \/>\n<strong>PONTE NELLE ALPI<\/strong> Il consiglio comunale di Ponte nelle Alpi approva il bilancio consuntivo con 360mila euro destinati a opere nelle frazioni e interventi nelle scuole e nel sociale. E, nel frattempo, i finanziamenti Pnrr europei ottenuti dal Comune, tramite appositi bandi, si stanno gi\u00e0 concretizzando.<br \/>\n<strong>BELLUNO<\/strong> In occasione della Giornata mondiale per la salute e la sicurezza sui luoghi di lavoro,\u00a0 ieri lo SPISAL dell\u2019 Ulss Dolomiti ha dato avvio al primo di tre progetti previsti dal Piano di Prevenzione 20-25 della Regione Veneto<br \/>\n<strong>BELLUNO<\/strong> La Camera del lavoro di Belluno e la Rete degli studenti medi organizzano, in occasione della ricorrenza della Festa dei lavoratori del 1\u00b0 maggio, un pomeriggio di riflessione<br \/>\n<strong>ALLEGHE<\/strong> Sabato 6 maggio 2023 alle ore 17 presso la Sala Congressi di Alleghe si parler\u00e0 del grande alpinismo in Civetta insieme a chi quell\u2019alpinismo l\u2019ha vissuto. L\u2019occasione \u00e8 il 60 mo anniversario del Rifugio Tissi, di propriet\u00e0 del CAI Belluno, organizzatore dell\u2019evento. La serata, moderata da Bepi Casagrande<br \/>\n<strong>REDAZIONE<\/strong> La ciclabile per la Valle di San Lucano paradiso per gli amanti della mtb se tutto fila liscio. E nel caso di Pietro \u00e8 andata proprio cos\u00ec e questa volta non arrivano critiche al terminale della RADIOPIU ma i complimenti per il percorso.<br \/>\n<strong>REDAZIONE<\/strong> Il ponte del primo maggio ad Alleghe con il mercatino. Ne abbiamo parlato con Giuseppe della &#8220;Sara Pravato&#8221; i particolari dell&#8217;evento rivierasco sul sito di radiopiu nel GIORNALE RADIOPIU il quotidiano della nostra testate, dal 2015 che dal lunedi al sabato alle sei del mattino viene inviato al canale telgram RADIOPIU INFORMAZIONE<br \/>\n<strong>BORGO VALBELLUNA<\/strong> La scuola primaria di Mel-Villa di Villa da diversi anni aderisce al progetto \u201c Corro lontano perch\u00e9 mangio sano\u201d , promosso dall\u2019Ulss n.1, per avvicinare i bambini ad uno stile di vita sano sia dal punto di vista alimentare che motorio.<br \/>\n<span style=\"color: #ff0000;\"><strong>CALCIO<\/strong><\/span> CRISTIAN DE LUCA E LA SUA ESPERIENZA DA ALLENATORE CON LE UNDER 13 DELLA DOLOMITI BELLUNESI<\/p>\n<p>&nbsp;<\/p>\n<p>&nbsp;<\/p>\n<p><iframe loading=\"lazy\" title=\"RASSEGNA STAMPA LOCALE\" width=\"1200\" height=\"675\" src=\"https:\/\/www.youtube.com\/embed\/hjOYeTBYf7g?feature=oembed\" frameborder=\"0\" allow=\"accelerometer; autoplay; clipboard-write; encrypted-media; gyroscope; picture-in-picture; web-share\" allowfullscreen><\/iframe><\/p>\n<p>&nbsp;<\/p>\n<p>&nbsp;<\/p>\n","protected":false},"excerpt":{"rendered":"<p>INCIDENTE MORTALE A FONZASO, MUORE 78ENNE COLTO DA INFARTO L\u2019uomo, Alberto Turcato, 78 anni di Agana &#8211; originario del veneziano &#8211;\u00a0 colpito da un attacco cardiaco ha perso il controllo della sua auto, finita sul guard-rail. In tilt la circolazione con lunghe colonne di mezzi pesanti fermi, Arten intasato d&#8217;auto e camion UN ALTRO TETTO&hellip;<\/p>\n","protected":false},"author":4,"featured_media":333395,"comment_status":"closed","ping_status":"closed","sticky":false,"template":"","format":"standard","meta":{"_monsterinsights_skip_tracking":false,"_monsterinsights_sitenote_active":false,"_monsterinsights_sitenote_note":"","_monsterinsights_sitenote_category":0,"footnotes":""},"categories":[49,142],"tags":[],"class_list":["post-333394","post","type-post","status-publish","format-standard","has-post-thumbnail","hentry","category-news-18","category-rassegna-stampa","category-49","category-142","description-off"],"img_url":"https:\/\/www.radiopiu.net\/wordpress\/wp-content\/uploads\/2023\/04\/Senza-nome-90.jpg","_links":{"self":[{"href":"https:\/\/www.radiopiu.net\/wordpress\/wp-json\/wp\/v2\/posts\/333394","targetHints":{"allow":["GET"]}}],"collection":[{"href":"https:\/\/www.radiopiu.net\/wordpress\/wp-json\/wp\/v2\/posts"}],"about":[{"href":"https:\/\/www.radiopiu.net\/wordpress\/wp-json\/wp\/v2\/types\/post"}],"author":[{"embeddable":true,"href":"https:\/\/www.radiopiu.net\/wordpress\/wp-json\/wp\/v2\/users\/4"}],"replies":[{"embeddable":true,"href":"https:\/\/www.radiopiu.net\/wordpress\/wp-json\/wp\/v2\/comments?post=333394"}],"version-history":[{"count":0,"href":"https:\/\/www.radiopiu.net\/wordpress\/wp-json\/wp\/v2\/posts\/333394\/revisions"}],"wp:featuredmedia":[{"embeddable":true,"href":"https:\/\/www.radiopiu.net\/wordpress\/wp-json\/wp\/v2\/media\/333395"}],"wp:attachment":[{"href":"https:\/\/www.radiopiu.net\/wordpress\/wp-json\/wp\/v2\/media?parent=333394"}],"wp:term":[{"taxonomy":"category","embeddable":true,"href":"https:\/\/www.radiopiu.net\/wordpress\/wp-json\/wp\/v2\/categories?post=333394"},{"taxonomy":"post_tag","embeddable":true,"href":"https:\/\/www.radiopiu.net\/wordpress\/wp-json\/wp\/v2\/tags?post=333394"}],"curies":[{"name":"wp","href":"https:\/\/api.w.org\/{rel}","templated":true}]}}