{"id":333408,"date":"2023-04-29T05:50:27","date_gmt":"2023-04-29T03:50:27","guid":{"rendered":"https:\/\/www.radiopiu.net\/wordpress\/?p=333408"},"modified":"2023-04-29T09:20:51","modified_gmt":"2023-04-29T07:20:51","slug":"giornale-radiopiu-29-aprile-2023-direttore-mirko-mezzacasa-verso-i-40-anni-25-giugno-1983-25-giugno-2023","status":"publish","type":"post","link":"https:\/\/www.radiopiu.net\/wordpress\/giornale-radiopiu-29-aprile-2023-direttore-mirko-mezzacasa-verso-i-40-anni-25-giugno-1983-25-giugno-2023\/","title":{"rendered":"GIORNALE RADIOPIU 29 APRILE 2023 DIRETTORE MIRKO MEZZACASA&#8230;verso i 40 anni 25 giugno 1983-25 giugno 2023"},"content":{"rendered":"<h2 style=\"text-align: left;\"><span style=\"color: #ff0000;\"><span style=\"vertical-align: inherit;\"><a class=\"dt-pswp-item\" href=\"https:\/\/www.radiopiu.net\/wordpress\/wp-content\/uploads\/2023\/04\/e0aad41d-951e-47b9-9fae-1a879a9bcb7e-1.jpg\" data-dt-img-description=\"\" data-large_image_width=\"1200\" data-large_image_height=\"1200\"><img loading=\"lazy\" decoding=\"async\" class=\"wp-image-333205 alignleft\" src=\"https:\/\/www.radiopiu.net\/wordpress\/wp-content\/uploads\/2023\/04\/e0aad41d-951e-47b9-9fae-1a879a9bcb7e-1-300x300.jpg\" alt=\"\" width=\"180\" height=\"180\" srcset=\"https:\/\/www.radiopiu.net\/wordpress\/wp-content\/uploads\/2023\/04\/e0aad41d-951e-47b9-9fae-1a879a9bcb7e-1-300x300.jpg 300w, https:\/\/www.radiopiu.net\/wordpress\/wp-content\/uploads\/2023\/04\/e0aad41d-951e-47b9-9fae-1a879a9bcb7e-1-1024x1024.jpg 1024w, https:\/\/www.radiopiu.net\/wordpress\/wp-content\/uploads\/2023\/04\/e0aad41d-951e-47b9-9fae-1a879a9bcb7e-1-150x150.jpg 150w, https:\/\/www.radiopiu.net\/wordpress\/wp-content\/uploads\/2023\/04\/e0aad41d-951e-47b9-9fae-1a879a9bcb7e-1-768x768.jpg 768w, https:\/\/www.radiopiu.net\/wordpress\/wp-content\/uploads\/2023\/04\/e0aad41d-951e-47b9-9fae-1a879a9bcb7e-1.jpg 1200w\" sizes=\"auto, (max-width: 180px) 100vw, 180px\" \/><\/a><\/span><\/span><\/h2>\n<h2 style=\"text-align: left;\"><span style=\"color: #ff0000;\"><span style=\"vertical-align: inherit;\">ISCRIVITI AL NOSTRO CANALE\u00a0 <\/span><\/span><span style=\"vertical-align: inherit;\"> YOUTUBE PER SEGUIRE IN DIRETTA I PRINCIPALI PROGRAMMI DI RADIO PIU&#8217; E LE FUTURE DIRETTE IN ESTERNA. PER ISCRIVERTI <\/span><a style=\"color: #ff0000;\" href=\"https:\/\/youtube.com\/@radiopiu1527\"><span style=\"vertical-align: inherit;\">CLICCA QUI <\/span><\/a><span style=\"color: #ff0000; font-size: 14px; font-weight: normal;\"><span style=\"vertical-align: inherit;\">E PREMI\u00a0 &#8220;Iscriviti&#8221;\u00a0 \u00a0 \u00a0\u00a0<\/span><\/span><\/h2>\n<p>&nbsp;<\/p>\n<p>&nbsp;<\/p>\n<p>&nbsp;<\/p>\n<p>&nbsp;<\/p>\n<hr \/>\n<div dir=\"auto\"><span style=\"color: #0000ff;\"><strong>\u00a0\u00a0<\/strong><\/span><\/div>\n<p dir=\"auto\"><span style=\"color: #0000ff;\"><strong>E anche STAMANE\u00a0 RADIOPIU si fa in QUATTRO\u00a0 per i suoi ascoltatori&#8230;.<\/strong><\/span><\/p>\n<p dir=\"auto\"><strong><a class=\"dt-pswp-item\" href=\"https:\/\/www.radiopiu.net\/wordpress\/wp-content\/uploads\/2023\/04\/120174246_10223779647583195_6297631747166802991_n.jpg\" data-dt-img-description=\"\" data-large_image_width=\"1440\" data-large_image_height=\"1440\"><img loading=\"lazy\" decoding=\"async\" class=\"wp-image-333487 alignleft\" src=\"https:\/\/www.radiopiu.net\/wordpress\/wp-content\/uploads\/2023\/04\/120174246_10223779647583195_6297631747166802991_n-300x300.jpg\" alt=\"\" width=\"148\" height=\"148\" srcset=\"https:\/\/www.radiopiu.net\/wordpress\/wp-content\/uploads\/2023\/04\/120174246_10223779647583195_6297631747166802991_n-300x300.jpg 300w, https:\/\/www.radiopiu.net\/wordpress\/wp-content\/uploads\/2023\/04\/120174246_10223779647583195_6297631747166802991_n-1024x1024.jpg 1024w, https:\/\/www.radiopiu.net\/wordpress\/wp-content\/uploads\/2023\/04\/120174246_10223779647583195_6297631747166802991_n-150x150.jpg 150w, https:\/\/www.radiopiu.net\/wordpress\/wp-content\/uploads\/2023\/04\/120174246_10223779647583195_6297631747166802991_n-768x768.jpg 768w, https:\/\/www.radiopiu.net\/wordpress\/wp-content\/uploads\/2023\/04\/120174246_10223779647583195_6297631747166802991_n.jpg 1440w\" sizes=\"auto, (max-width: 148px) 100vw, 148px\" \/><\/a>1&#8230;.<\/strong> alle 8 la rassegna stampa locale, dal 1983 tutti i giorni puntuale alle otto del mattino<\/p>\n<p dir=\"auto\"><strong>2<\/strong>&#8230;.alle 9.10 le novit\u00e0 in Premier, il programma musicale di Marco Gaz (foto)<\/p>\n<p dir=\"auto\"><strong>3.<\/strong> &#8230;.alle 1030 Gianni Santomaso, settimanale rassegna stampa da l&#8217;Amico del Popolo<\/p>\n<p dir=\"auto\"><strong>4<\/strong>&#8230;.alle 12.30 giornale radio edizione principale<\/p>\n<p dir=\"auto\">\n<blockquote>\n<p dir=\"auto\">\n<\/blockquote>\n<hr \/>\n<p>&nbsp;<\/p>\n<blockquote>\n<h3>ESCE DI CASA E NON FA RIENTRO. RECUPERATO IL CORPO SENZA VITA DI UN CINQUANTENNE DI FONZASO<\/h3>\n<\/blockquote>\n<p><strong><a class=\"dt-pswp-item\" href=\"https:\/\/www.radiopiu.net\/wordpress\/wp-content\/uploads\/2022\/04\/soccorso-alpino-1024x602-1.jpg\" data-dt-img-description=\"\" data-large_image_width=\"1024\" data-large_image_height=\"602\"><img loading=\"lazy\" decoding=\"async\" class=\"wp-image-270917 alignleft\" src=\"https:\/\/www.radiopiu.net\/wordpress\/wp-content\/uploads\/2022\/04\/soccorso-alpino-1024x602-1-300x176.jpg\" alt=\"\" width=\"143\" height=\"84\" srcset=\"https:\/\/www.radiopiu.net\/wordpress\/wp-content\/uploads\/2022\/04\/soccorso-alpino-1024x602-1-300x176.jpg 300w, https:\/\/www.radiopiu.net\/wordpress\/wp-content\/uploads\/2022\/04\/soccorso-alpino-1024x602-1-768x452.jpg 768w, https:\/\/www.radiopiu.net\/wordpress\/wp-content\/uploads\/2022\/04\/soccorso-alpino-1024x602-1.jpg 1024w\" sizes=\"auto, (max-width: 143px) 100vw, 143px\" \/><\/a>FONZASO <\/strong>Su richiesta dei Carabinieri, giovedi sera il Soccorso alpino di Feltre \u00e8 intervenuto in localit\u00e0 Pedesalto per recuperare il corpo senza vita di un uomo cinquantenne di Fonzaso, uscito di casa senza pi\u00f9 fare rientro da alcuni giorni. I soccorritori hanno raggiunto il luogo indicato alla base di un dirupo dove era caduto, lungo un sentierino di accesso alla condotta dell&#8217;acqua, hanno ricomposto e imbarellato la salma per poi trasportarla al carro funebre.<\/p>\n<p>&nbsp;<\/p>\n<p>&nbsp;<\/p>\n<hr \/>\n<p>&nbsp;<\/p>\n<blockquote>\n<h3>MIGRANTI: 30 SINDACI DAL PREFETTO E FINE DEI MALUMORI<\/h3>\n<\/blockquote>\n<p><strong><img loading=\"lazy\" decoding=\"async\" class=\"alignleft\" src=\"https:\/\/www.radiopiu.net\/wordpress\/wp-content\/uploads\/2023\/04\/sudan-2324778__340.jpg\" width=\"242\" height=\"182\" \/>BELLUNO<\/strong><\/p>\n<p><strong>DI MORENO GIOLI<\/strong><\/p>\n<audio class=\"wp-audio-shortcode\" id=\"audio-333408-1\" preload=\"none\" style=\"width: 100%;\" controls=\"controls\"><source type=\"audio\/mpeg\" src=\"https:\/\/www.radiopiu.net\/wordpress\/wp-content\/uploads\/2023\/04\/incontro-migranti.mp3?_=1\" \/><a href=\"https:\/\/www.radiopiu.net\/wordpress\/wp-content\/uploads\/2023\/04\/incontro-migranti.mp3\">https:\/\/www.radiopiu.net\/wordpress\/wp-content\/uploads\/2023\/04\/incontro-migranti.mp3<\/a><\/audio>\n<p>&nbsp;<\/p>\n<p>&nbsp;<\/p>\n<hr \/>\n<p>&nbsp;<\/p>\n<blockquote>\n<h3>TERRE DELL&#8217;OCCHIALE: NASCE L&#8217;ECOMUSEO DELL&#8217;OCCHIALERIA BELLUNESE<\/h3>\n<\/blockquote>\n<p><strong><a class=\"dt-pswp-item\" href=\"https:\/\/www.radiopiu.net\/wordpress\/wp-content\/uploads\/2023\/04\/Presentazione-progetto-Terre-dellOcchiale-2-scaled.jpg\" data-dt-img-description=\"\" data-large_image_width=\"2560\" data-large_image_height=\"1707\"><img loading=\"lazy\" decoding=\"async\" class=\" wp-image-333440 alignleft\" src=\"https:\/\/www.radiopiu.net\/wordpress\/wp-content\/uploads\/2023\/04\/Presentazione-progetto-Terre-dellOcchiale-2-300x200.jpg\" alt=\"\" width=\"198\" height=\"132\" srcset=\"https:\/\/www.radiopiu.net\/wordpress\/wp-content\/uploads\/2023\/04\/Presentazione-progetto-Terre-dellOcchiale-2-300x200.jpg 300w, https:\/\/www.radiopiu.net\/wordpress\/wp-content\/uploads\/2023\/04\/Presentazione-progetto-Terre-dellOcchiale-2-1024x683.jpg 1024w, https:\/\/www.radiopiu.net\/wordpress\/wp-content\/uploads\/2023\/04\/Presentazione-progetto-Terre-dellOcchiale-2-768x512.jpg 768w, https:\/\/www.radiopiu.net\/wordpress\/wp-content\/uploads\/2023\/04\/Presentazione-progetto-Terre-dellOcchiale-2-1536x1024.jpg 1536w, https:\/\/www.radiopiu.net\/wordpress\/wp-content\/uploads\/2023\/04\/Presentazione-progetto-Terre-dellOcchiale-2-2048x1365.jpg 2048w\" sizes=\"auto, (max-width: 198px) 100vw, 198px\" \/><\/a>BELLUNO <\/strong>Valorizzare il patrimonio industriale dell\u2019occhialeria bellunese, promuovendo lo sviluppo del territorio e diversificando l&#8217;offerta turistica: questo l&#8217;obbiettivo di \u201cTerre dell\u2019Occhiale \u2013 Ecomuseo dell\u2019occhialeria bellunese\u201d, iniziativa presentata nella sede del Museo dell&#8217;occhiale di Pieve di Cadore.<\/p>\n<p>Il Musero si affiancher\u00e0 alla rete \u201cfisica\u201d dei musei\u00a0 (in fase di costruzione) con obbiettivo finale includere realt\u00e0 come il Museo dell&#8217;Occhiale di Pieve di Cadore, il Museo dell&#8217;Ottica di Agordo, la Galleria Safilo, il Sentiero del Valore di Alpago, oltre ad alcune siti di fabbriche storiche o ancora attive<\/p>\n<p><strong>DANIELA ZAMBELLI, DIRETTRICE DEL MUSEO DELL&#8217;OCCHIALE<\/strong><\/p>\n<p><iframe loading=\"lazy\" title=\"Daniela Zambelli   Direttrice Museo dell&#039;Occhiale\" width=\"1200\" height=\"675\" src=\"https:\/\/www.youtube.com\/embed\/zs1awLgg60o?feature=oembed\" frameborder=\"0\" allow=\"accelerometer; autoplay; clipboard-write; encrypted-media; gyroscope; picture-in-picture; web-share\" allowfullscreen><\/iframe><\/p>\n<p>&nbsp;<\/p>\n<p>&nbsp;<\/p>\n<p>&nbsp;<\/p>\n<hr \/>\n<p>&nbsp;<\/p>\n<blockquote>\n<h3>OGGI L&#8217;ADDIO A PAOLO DELLA &#8220;BAITA DEI CACCIATORI&#8221;<\/h3>\n<\/blockquote>\n<div id=\"data\"><strong><a class=\"dt-pswp-item\" href=\"https:\/\/www.radiopiu.net\/wordpress\/wp-content\/uploads\/2023\/04\/Senza-nome-93.jpg\" data-dt-img-description=\"\" data-large_image_width=\"238\" data-large_image_height=\"147\"><img loading=\"lazy\" decoding=\"async\" class=\"size-full wp-image-333522 alignleft\" src=\"https:\/\/www.radiopiu.net\/wordpress\/wp-content\/uploads\/2023\/04\/Senza-nome-93.jpg\" alt=\"\" width=\"238\" height=\"147\" \/><\/a>FALCADE<\/strong> La valle del Biois saluta Paolo, persona garbata amante della propria professione tra le sue montagne. Si svolgeranno oggi alle 14,30 nella chiesa parrocchiale di Falcade i funerali di Paolo Da Pos di 59 anni scomparso dopo lunga malattia.La famiglia ha ringraziato la dottoressa Corazzin dell&#8217;associazione Pettirosso Agordino, la Croce Verde Val Biois e l&#8217;associazione Cucchini<\/div>\n<div>Negli ultimi anni ha gestito assieme alla figlia Sara la &#8220;Baita dei Cacciatori&#8221;\u00a0 sotto le cime dell&#8217; Auta, un sogno che Paolo aveva coronato continuando quella attivit\u00e0 che il suocero, Rino Da Rif aveva gestito per molti anni. Un messaggio di cordoglio anche dalla nostra redazione alla moglie Miriam ai figli Simone e Sara con Andrea e Margherita il fratello Gian Davide con Mariana, Valentina e Cristian.<\/div>\n<div class=\"testoArticolo\"><\/div>\n<div><\/div>\n<div><\/div>\n<div>\n<hr \/>\n<\/div>\n<blockquote>\n<div><\/div>\n<\/blockquote>\n<div><\/div>\n<blockquote>\n<div><\/div>\n<\/blockquote>\n<div>\n<hr \/>\n<\/div>\n<div><\/div>\n<blockquote>\n<h3>A MILANO E&#8217; MANCATO GIANNI RESNATI<\/h3>\n<\/blockquote>\n<div><a class=\"dt-pswp-item\" href=\"https:\/\/www.radiopiu.net\/wordpress\/wp-content\/uploads\/2023\/04\/Senza-nome-94.jpg\" data-dt-img-description=\"\" data-large_image_width=\"249\" data-large_image_height=\"214\"><img loading=\"lazy\" decoding=\"async\" class=\"wp-image-333526 alignleft\" src=\"https:\/\/www.radiopiu.net\/wordpress\/wp-content\/uploads\/2023\/04\/Senza-nome-94.jpg\" alt=\"\" width=\"176\" height=\"151\" \/><\/a><\/div>\n<div>\n<p><strong>REDAZIONE<\/strong> Con un abbraccio a Marco, gestore del Bar Centrale per la scomparsa del pap\u00e0 Gianni di 94 anni. Volto noto anche nell&#8217;Agordino, da decenni infatti frequentava l&#8217;Agordino, la valle del Biois in particolare con casa a Vallada. La notizia della morte, avvenuta a Desio (Milano) \u00e8 stata data a cremazione avvenuta dai figli Marco, Laura e Luca, genero, nuore e nipoti.<\/p>\n<\/div>\n<div><\/div>\n<div><\/div>\n<div><\/div>\n<div><\/div>\n<div><\/div>\n<hr \/>\n<p>&nbsp;<\/p>\n<p>&nbsp;<\/p>\n<blockquote>\n<h2>IN VALLE DI GARES RUBATO IL CUORE DELLA LIBERAZIONE<\/h2>\n<\/blockquote>\n<p><strong><img loading=\"lazy\" decoding=\"async\" class=\"alignleft\" src=\"https:\/\/www.radiopiu.net\/wordpress\/wp-content\/uploads\/2023\/04\/4b365809-2d52-4725-bad8-5fffb9ba4e81.jpg\" width=\"157\" height=\"178\" \/>CANALE D&#8217;AGORDO\u00a0<\/strong> Per festeggiare il 25 aprile Nico ha realizzato un grande cuore in legno, cinquanta chilogrammi di affetto. Lo ha collocato in un luogo splendido, nei verdi pascoli della Valle di Gares, a disposizione di tutti. Talmente bello che noi lo abbiamo riportato nell&#8217;apertura del notiziario di ieri. Un artista Nico, dal cuore grande,\u00a0 che poi rappresenta nella sua arte,\u00a0 come ai tempi dei cuori di ghiaccio in tutti i Comuni dell&#8217;Agordino. Quel cuore in Valle di Gares ha pulsato per poco, qualcuno, anzi pi\u00f9 di uno visto il peso del cuore di legno, ha pensato fosse a disposizione di tutti, come lo era in effetti,\u00a0 ma questo non giustifica il furto. Nico Tancon ha scoperto ieri\u00a0 che il cuore non c&#8217;\u00e8 pi\u00f9.<\/p>\n<p>&nbsp;<\/p>\n\n\t\t\t<style type='text\/css'>\n\t\t\t\t#gallery-1 {\n\t\t\t\t\tmargin: auto;\n\t\t\t\t}\n\t\t\t\t#gallery-1 .gallery-item {\n\t\t\t\t\tfloat: left;\n\t\t\t\t\tmargin-top: 10px;\n\t\t\t\t\ttext-align: center;\n\t\t\t\t\twidth: 50%;\n\t\t\t\t}\n\t\t\t\t#gallery-1 img {\n\t\t\t\t\tborder: 2px solid #cfcfcf;\n\t\t\t\t}\n\t\t\t\t#gallery-1 .gallery-caption {\n\t\t\t\t\tmargin-left: 0;\n\t\t\t\t}\n\t\t\t\t\/* see gallery_shortcode() in wp-includes\/media.php *\/\n\t\t\t<\/style>\n\t\t<div id='gallery-1' class='dt-gallery-container gallery galleryid-333408 gallery-columns-2 gallery-size-medium'><dl class='gallery-item'>\n\t\t\t\t<dt class='gallery-icon portrait'>\n\t\t\t\t\t<a class=\"rollover rollover-zoom dt-pswp-item\" title=\"5c64ab7f-18d2-4815-b325-67eb92a48333\" data-dt-img-description=\"\" data-large_image_width=\"1078\" data-large_image_height=\"1440\"href='https:\/\/www.radiopiu.net\/wordpress\/wp-content\/uploads\/2023\/04\/5c64ab7f-18d2-4815-b325-67eb92a48333.jpg'><img loading=\"lazy\" decoding=\"async\" width=\"225\" height=\"300\" src=\"https:\/\/www.radiopiu.net\/wordpress\/wp-content\/uploads\/2023\/04\/5c64ab7f-18d2-4815-b325-67eb92a48333-225x300.jpg\" class=\"attachment-medium size-medium\" alt=\"\" aria-describedby=\"gallery-1-333503\" srcset=\"https:\/\/www.radiopiu.net\/wordpress\/wp-content\/uploads\/2023\/04\/5c64ab7f-18d2-4815-b325-67eb92a48333-225x300.jpg 225w, https:\/\/www.radiopiu.net\/wordpress\/wp-content\/uploads\/2023\/04\/5c64ab7f-18d2-4815-b325-67eb92a48333-767x1024.jpg 767w, https:\/\/www.radiopiu.net\/wordpress\/wp-content\/uploads\/2023\/04\/5c64ab7f-18d2-4815-b325-67eb92a48333-768x1026.jpg 768w, https:\/\/www.radiopiu.net\/wordpress\/wp-content\/uploads\/2023\/04\/5c64ab7f-18d2-4815-b325-67eb92a48333.jpg 1078w\" sizes=\"auto, (max-width: 225px) 100vw, 225px\" \/><\/a>\n\t\t\t\t<\/dt>\n\t\t\t\t\t<dd class='wp-caption-text gallery-caption' id='gallery-1-333503'>\n\t\t\t\t\t25 aprile\n\t\t\t\t\t<\/dd><\/dl><dl class='gallery-item'>\n\t\t\t\t<dt class='gallery-icon portrait'>\n\t\t\t\t\t<a class=\"rollover rollover-zoom dt-pswp-item\" title=\"77ffae52-ac01-4dcd-b6f4-f6851227467a\" data-dt-img-description=\"\" data-large_image_width=\"1078\" data-large_image_height=\"1440\"href='https:\/\/www.radiopiu.net\/wordpress\/wp-content\/uploads\/2023\/04\/77ffae52-ac01-4dcd-b6f4-f6851227467a.jpg'><img loading=\"lazy\" decoding=\"async\" width=\"225\" height=\"300\" src=\"https:\/\/www.radiopiu.net\/wordpress\/wp-content\/uploads\/2023\/04\/77ffae52-ac01-4dcd-b6f4-f6851227467a-225x300.jpg\" class=\"attachment-medium size-medium\" alt=\"\" aria-describedby=\"gallery-1-333504\" srcset=\"https:\/\/www.radiopiu.net\/wordpress\/wp-content\/uploads\/2023\/04\/77ffae52-ac01-4dcd-b6f4-f6851227467a-225x300.jpg 225w, https:\/\/www.radiopiu.net\/wordpress\/wp-content\/uploads\/2023\/04\/77ffae52-ac01-4dcd-b6f4-f6851227467a-767x1024.jpg 767w, https:\/\/www.radiopiu.net\/wordpress\/wp-content\/uploads\/2023\/04\/77ffae52-ac01-4dcd-b6f4-f6851227467a-768x1026.jpg 768w, https:\/\/www.radiopiu.net\/wordpress\/wp-content\/uploads\/2023\/04\/77ffae52-ac01-4dcd-b6f4-f6851227467a.jpg 1078w\" sizes=\"auto, (max-width: 225px) 100vw, 225px\" \/><\/a>\n\t\t\t\t<\/dt>\n\t\t\t\t\t<dd class='wp-caption-text gallery-caption' id='gallery-1-333504'>\n\t\t\t\t\tieri\n\t\t\t\t\t<\/dd><\/dl><br style=\"clear: both\" \/>\n\t\t\t<\/div>\n\n<p>&nbsp;<\/p>\n<p>&nbsp;<\/p>\n<hr \/>\n<p>&nbsp;<\/p>\n<blockquote>\n<h3>IN BUSTA PAGA 170 EURO IN PIU&#8217;, IL CONTRATTO NAZIONALE DELL&#8217;OCCHIALERIA<\/h3>\n<\/blockquote>\n<p><a class=\"dt-pswp-item\" href=\"https:\/\/www.radiopiu.net\/wordpress\/wp-content\/uploads\/2019\/07\/ITS-2019-5926.jpg\" data-dt-img-description=\"\" data-large_image_width=\"1500\" data-large_image_height=\"1000\"><img loading=\"lazy\" decoding=\"async\" class=\"wp-image-93761 alignleft\" src=\"https:\/\/www.radiopiu.net\/wordpress\/wp-content\/uploads\/2019\/07\/ITS-2019-5926-300x200.jpg\" alt=\"\" width=\"194\" height=\"129\" srcset=\"https:\/\/www.radiopiu.net\/wordpress\/wp-content\/uploads\/2019\/07\/ITS-2019-5926-300x200.jpg 300w, https:\/\/www.radiopiu.net\/wordpress\/wp-content\/uploads\/2019\/07\/ITS-2019-5926-768x512.jpg 768w, https:\/\/www.radiopiu.net\/wordpress\/wp-content\/uploads\/2019\/07\/ITS-2019-5926-1024x683.jpg 1024w, https:\/\/www.radiopiu.net\/wordpress\/wp-content\/uploads\/2019\/07\/ITS-2019-5926.jpg 1500w\" sizes=\"auto, (max-width: 194px) 100vw, 194px\" \/><\/a><strong>BELLUNO<\/strong> Il nuovo contratto nazionale di comparto, siglato ieri in Confindustria conferma per i lavoratori di quarto livello dell\u2019occhialeria\u00a0 l&#8217;aumento in busta paga di 62 euro in pi\u00f9 al mese. Il contratto era scaduto a fine 2022. Part-time, passaggio dall\u20198% al 10% del totale dei dipendenti, in caso di rientro da maternit\u00e0, dal 3% al 4%.\u00a0 Permessi, ridotto il preavviso: si \u00e8 passati da 15 a cinque giorni. \u00c8 anche stato previsto un permesso di 10 giorni per il padre, nei primi due mesi di vita del figlio. Previdenza complementare, quota a carico dell\u2019azienda sale dall\u20191,7% al 2%.<\/p>\n<p>&nbsp;<\/p>\n<a href=\"https:\/\/www.radiopiu.net\/wordpress\/wp-content\/uploads\/2023\/04\/230429_CS_CCNL_Occhiali_Occhialeria_b.pdf\" class=\"pdfemb-viewer\" style=\"\" data-width=\"max\" data-height=\"max\" data-toolbar=\"top\" data-toolbar-fixed=\"on\">230429_CS_CCNL_Occhiali_Occhialeria_b<\/a>\n<p>&nbsp;<\/p>\n<p>&nbsp;<\/p>\n<p>&nbsp;<\/p>\n<hr \/>\n<p>&nbsp;<\/p>\n<p>&nbsp;<\/p>\n<blockquote>\n<h3>CASSA INTEGRAZIONE ALLA SEST<\/h3>\n<\/blockquote>\n<p><strong>LIMANA<\/strong> I sindacati di categoria metalmeccanici hanno chiesto alla Regione di organizzare un incontro con suoi rappresentanti di Sest e il commissario straordinario per la fase liquidatoria dell\u2019Acc, Maurizio Castro.\u00a0 Secondo gli accordi con i sindacati, i 150 lavoratori sarebbero stati assorbiti a scaglioni dilazionati nel tempo, ma oggi il mercato di Sest\u00a0 ha subito\u00a0 rallentamenti e l\u2019azienda ha avuto giornate di fermo, in cassa integrazione.<\/p>\n<p>&nbsp;<\/p>\n<p>&nbsp;<\/p>\n<hr \/>\n<p>&nbsp;<\/p>\n<blockquote>\n<h3>BILANCIO. LA GIUNTA APPROVA CONSUNTIVO 2022<\/h3>\n<\/blockquote>\n<p><strong><a class=\"dt-pswp-item\" href=\"https:\/\/www.radiopiu.net\/wordpress\/wp-content\/uploads\/2021\/09\/regione-veneto.png\" data-dt-img-description=\"\" data-large_image_width=\"455\" data-large_image_height=\"344\"><img loading=\"lazy\" decoding=\"async\" class=\" wp-image-234211 alignleft\" src=\"https:\/\/www.radiopiu.net\/wordpress\/wp-content\/uploads\/2021\/09\/regione-veneto-300x227.png\" alt=\"\" width=\"178\" height=\"135\" srcset=\"https:\/\/www.radiopiu.net\/wordpress\/wp-content\/uploads\/2021\/09\/regione-veneto-300x227.png 300w, https:\/\/www.radiopiu.net\/wordpress\/wp-content\/uploads\/2021\/09\/regione-veneto.png 455w\" sizes=\"auto, (max-width: 178px) 100vw, 178px\" \/><\/a>VENEZIA <\/strong>La Giunta regionale ha approvato il Bilancio consuntivo 2022 Al 31 dicembre, il fondo cassa ammontava a 1.288.746.214 euro, i\u00a0 tempi di pagamento, anche nel 2022 si sono attestati attorno a una media di 13,2 giorni rispetto alla scadenza imposta dalla legge e pari a 30\u201d. Con un positivo di 1.704.748.214 euro\u00a0 registrato un miglioramento di 489.338.600 euro\u00a0 rispetto al valore del 2021\u201d.<\/p>\n<p>&nbsp;<\/p>\n<p>&nbsp;<\/p>\n<p>&nbsp;<\/p>\n<hr \/>\n<p>&nbsp;<\/p>\n<blockquote>\n<h3>UN VENETO SOLIDALE ED INCLUSIVO ATTRAVERSO I FONDI PER PROGETTI RIVOLTI AGLI ENTI DEL TERZO SETTORE<\/h3>\n<\/blockquote>\n<p><strong>VENEZIA <\/strong>\u201cSi aprono i termini per la presentazione dei progetti volti a finanziare iniziative e progetti di Organizzazioni di Volontariato, Associazioni di Promozione Sociale e Fondazioni del Terzo settore\u201d. Cos\u00ec l\u2019assessore alla Sanit\u00e0 e Servizi sociali annuncia l\u2019uscita dell\u2019avviso regionale,\u00a0 bando, del valore di 2.258.758 euro.\u00a0 C\u2019\u00e8 tempo fino alle ore 23:59 del 31 maggio 2023 per presentare la domanda di finanziamento per le iniziative e i progetti di rilevanza regionale e locale<\/p>\n<p>&nbsp;<\/p>\n<p>&nbsp;<\/p>\n<hr \/>\n<p>&nbsp;<\/p>\n<p>&nbsp;<\/p>\n<blockquote>\n<h1><strong>Bilancio 2022: perdita inferiore al previsto<\/strong><\/h1>\n<\/blockquote>\n<p><strong><a class=\"dt-pswp-item\" href=\"https:\/\/www.radiopiu.net\/wordpress\/wp-content\/uploads\/2020\/03\/ULSS-1-DOLOMITI-LOGO.jpg\" data-dt-img-description=\"\" data-large_image_width=\"298\" data-large_image_height=\"219\"><img loading=\"lazy\" decoding=\"async\" class=\" wp-image-121256 alignleft\" src=\"https:\/\/www.radiopiu.net\/wordpress\/wp-content\/uploads\/2020\/03\/ULSS-1-DOLOMITI-LOGO.jpg\" alt=\"\" width=\"274\" height=\"201\" \/><\/a>BELLUNO<\/strong>\u00a0 L\u2019Azienda Ulss n. 1 Dolomiti ha chiuso il Bilancio di Esercizio 2022 con una perdita pari ad euro 11,5 milioni di euro, con un valore della produzione di oltre 519 milioni di euro, in miglioramento rispetto all\u2019obiettivo assegnato dalla Regione di una perdita di 13 milioni di euro. L\u2019Azienda ha quindi centrato il principale obiettivo economico assegnato all\u2019Azienda per l\u2019anno 2022. La gestione della pandemia da Covid-19, anche se con un impatto minore rispetto agli anni 2020-2021, ha determinato costi per circa 4,4 milioni di euro nel solo primo trimestre 2022 nel quale era ancora in vigore lo stato di emergenza sanitaria.\u00a0 Risultato raggiuntI pur in presenza di alcuni fattori di criticit\u00e0 quali: territorio di riferimento prevalentemente montano, caratterizzato da una forte dispersione della popolazione.\u00a0 Bassa numerosit\u00e0 della popolazione. \u00a0Popolazione tra le pi\u00f9 anziane della Regione <em>\u00abChiudiamo un bilancio complesso, in un contesto economico di particolare criticit\u00e0, con un risultato migliore delle previsioni. Gli aumenti che il tessuto economico e le famiglie vivono quotidianamente riguardano anche l\u2019Azienda che \u00e8 comunque riuscita a contenere le perdite con una gestione oculata. Purtroppo la carenza di personale sanitario ha talvolta inciso nell\u2019erogazione dei servizi. L\u2019Azienda si \u00e8 adoperata e sta percorrendo tutte le strade possibili per riuscire a garantire una risposta soddisfacente ai bisogni di salute\u00bb commenta il Direttore Generale ff Rosanna Zatta<\/em><\/p>\n<p>&nbsp;<\/p>\n<p>&nbsp;<\/p>\n<hr \/>\n<p>&nbsp;<\/p>\n<blockquote>\n<h3>APPROVATO IL PROGETTO DI LEGGE PER LE MALGHE<\/h3>\n<\/blockquote>\n<p><strong><img loading=\"lazy\" decoding=\"async\" class=\"alignleft\" src=\"https:\/\/www.radiopiu.net\/wordpress\/wp-content\/uploads\/2020\/06\/malgo.jpg\" width=\"257\" height=\"171\" \/>VENEZIA\u00a0<\/strong> Parte da Venezia il nuovo progetto di valorizzazione delle malghe: approvato nei giorni scorsi il progetto di legge presentato dal consigliere regionale bellunese Giovanni Puppato.<\/p>\n<p>&nbsp;<\/p>\n<p><strong>di DANIELE DALVIT<\/strong><\/p>\n<audio class=\"wp-audio-shortcode\" id=\"audio-333408-2\" preload=\"none\" style=\"width: 100%;\" controls=\"controls\"><source type=\"audio\/mpeg\" src=\"https:\/\/www.radiopiu.net\/wordpress\/wp-content\/uploads\/2023\/04\/Radio-Piu-Servizio-Valorizzazione-Malghe.mp3?_=2\" \/><a href=\"https:\/\/www.radiopiu.net\/wordpress\/wp-content\/uploads\/2023\/04\/Radio-Piu-Servizio-Valorizzazione-Malghe.mp3\">https:\/\/www.radiopiu.net\/wordpress\/wp-content\/uploads\/2023\/04\/Radio-Piu-Servizio-Valorizzazione-Malghe.mp3<\/a><\/audio>\n<p>&nbsp;<\/p>\n<p>&nbsp;<\/p>\n<hr \/>\n<p>&nbsp;<\/p>\n<blockquote>\n<h3>LA GIORNATA MONDIALE PER LA SALUTE E LA SICUREZZA SUI LUOGHI DI LAVORO<\/h3>\n<\/blockquote>\n<blockquote>\n<h3>incontro con le ditte del comparto della logistica<\/h3>\n<\/blockquote>\n<p><strong><a class=\"dt-pswp-item\" href=\"https:\/\/www.radiopiu.net\/wordpress\/wp-content\/uploads\/2023\/04\/Senza-nome-91.jpg\" data-dt-img-description=\"\" data-large_image_width=\"461\" data-large_image_height=\"378\"><img loading=\"lazy\" decoding=\"async\" class=\" wp-image-333513 alignleft\" src=\"https:\/\/www.radiopiu.net\/wordpress\/wp-content\/uploads\/2023\/04\/Senza-nome-91-300x246.jpg\" alt=\"\" width=\"235\" height=\"193\" srcset=\"https:\/\/www.radiopiu.net\/wordpress\/wp-content\/uploads\/2023\/04\/Senza-nome-91-300x246.jpg 300w, https:\/\/www.radiopiu.net\/wordpress\/wp-content\/uploads\/2023\/04\/Senza-nome-91.jpg 461w\" sizes=\"auto, (max-width: 235px) 100vw, 235px\" \/><\/a>BELLUNO<\/strong> In occasione della Giornata mondiale per la salute e la sicurezza sui luoghi di lavoro,\u00a0 ieri lo SPISAL dell\u2019 Ulss Dolomiti ha dato avvio al primo di tre progetti previsti dal Piano di Prevenzione 20-25 della Regione Veneto. Riguardano interventi di prevenzione e vigilanza da effettuarsi da qui al 2025 nei comparti della logistica, metalmeccanica e del legno, comparti che hanno visto negli ultimi anni un aumento del\u00a0 numero degli infortuni e delle malattie professionali\u00a0 e che necessitano di una particolare attenzione.<\/p>\n<p>&nbsp;<\/p>\n<p><strong>di BARBARA PAOLAZZI Radio Club 103, ospite Gianfranco Albertin responsabile in provincia del servizio Spisal\u00a0 (foto)<\/strong><\/p>\n<audio class=\"wp-audio-shortcode\" id=\"audio-333408-3\" preload=\"none\" style=\"width: 100%;\" controls=\"controls\"><source type=\"audio\/mpeg\" src=\"https:\/\/www.radiopiu.net\/wordpress\/wp-content\/uploads\/2023\/04\/barbara.mp3?_=3\" \/><a href=\"https:\/\/www.radiopiu.net\/wordpress\/wp-content\/uploads\/2023\/04\/barbara.mp3\">https:\/\/www.radiopiu.net\/wordpress\/wp-content\/uploads\/2023\/04\/barbara.mp3<\/a><\/audio>\n<p>&nbsp;<\/p>\n<p>&nbsp;<\/p>\n<p>&nbsp;<\/p>\n<hr \/>\n<p>&nbsp;<\/p>\n<blockquote>\n<h3>MASSO DAL PENDIO FINO ALLA BARACCA, STRADA CHIUSA<\/h3>\n<\/blockquote>\n<p><em>\u00a0<\/em><\/p>\n<p><em>A ridosso delle prime case di Fortogna. Deviazioni in loco. Una situazione che va risolta in fretta, come rimarcato dal sindaco Roberto Padrin, tra l&#8217;altro su un tratto di strada dove\u00a0 lo scorso anno\u00a0 degli autotreni si sono incastrati per colpa del navigatore\u00a0<\/em><\/p>\n<p><a class=\"dt-pswp-item\" href=\"https:\/\/www.radiopiu.net\/wordpress\/wp-content\/uploads\/2023\/04\/Senza-nome-92.jpg\" data-dt-img-description=\"\" data-large_image_width=\"153\" data-large_image_height=\"99\"><img loading=\"lazy\" decoding=\"async\" class=\"size-full wp-image-333517 alignleft\" src=\"https:\/\/www.radiopiu.net\/wordpress\/wp-content\/uploads\/2023\/04\/Senza-nome-92.jpg\" alt=\"\" width=\"153\" height=\"99\" \/><\/a><br \/>\n<strong>LONGARONE\u00a0<\/strong> Strada comunale chiusa da Fortogna\u00a0 all&#8217;abitato. La caduta di un masso di medie dimensioni ha obbligato il Comune a transennare il tratto di strada. Non sono state coinvolte persone nella caduta del masso, che ha raggiunto una baracca nei pressi della strada, ma potrebbero verificarsi nuovi distacchi.<\/p>\n<p>&nbsp;<\/p>\n<p>&nbsp;<\/p>\n<p>&nbsp;<\/p>\n<hr \/>\n<p>&nbsp;<\/p>\n<p>&nbsp;<\/p>\n<blockquote>\n<h1><strong>Tutta la provincia riconosciuta zona disagiata per la continuit\u00e0 assistenziale<\/strong><\/h1>\n<\/blockquote>\n<p><strong><a class=\"dt-pswp-item\" href=\"https:\/\/www.radiopiu.net\/wordpress\/wp-content\/uploads\/2021\/03\/Giovanni-Magra-e-Manlio-Sito_medici-di-base-agordini.jpg\" data-dt-img-description=\"\" data-large_image_width=\"1280\" data-large_image_height=\"720\"><img loading=\"lazy\" decoding=\"async\" class=\"wp-image-198338 alignleft\" src=\"https:\/\/www.radiopiu.net\/wordpress\/wp-content\/uploads\/2021\/03\/Giovanni-Magra-e-Manlio-Sito_medici-di-base-agordini-300x169.jpg\" alt=\"\" width=\"209\" height=\"118\" srcset=\"https:\/\/www.radiopiu.net\/wordpress\/wp-content\/uploads\/2021\/03\/Giovanni-Magra-e-Manlio-Sito_medici-di-base-agordini-300x169.jpg 300w, https:\/\/www.radiopiu.net\/wordpress\/wp-content\/uploads\/2021\/03\/Giovanni-Magra-e-Manlio-Sito_medici-di-base-agordini-1024x576.jpg 1024w, https:\/\/www.radiopiu.net\/wordpress\/wp-content\/uploads\/2021\/03\/Giovanni-Magra-e-Manlio-Sito_medici-di-base-agordini-768x432.jpg 768w, https:\/\/www.radiopiu.net\/wordpress\/wp-content\/uploads\/2021\/03\/Giovanni-Magra-e-Manlio-Sito_medici-di-base-agordini.jpg 1280w\" sizes=\"auto, (max-width: 209px) 100vw, 209px\" \/><\/a>BELLUNO<\/strong>\u00a0 Tutte le sedi di continuit\u00e0 assistenziale della provincia di Belluno, sia territoriali che relative alla Casa Circondariale di Belluno, sono state individuate zona disagiata in ragione della grave criticit\u00e0 degli organici e delle caratteristiche orografiche del territorio. Questo comporta che ai medici che svolgono l\u2019attivit\u00e0 nelle sedi di continuit\u00e0 assistenziale venga riconosciuto un compenso aggiuntivo, per un totale di 40 euro l\u2019ora.\u00a0 \u00a0In Ulss Dolomiti sono state individuate, oltre alle zone disagiate, anche le zone disagiatissime per le quali ai medici di Medicina Generale viene corrisposto un compenso aggiuntivo. L\u2019ulss Dolomiti ha recentemente individuato per i medici di medicina generale le zone disagiatissime che prevedono un compenso annuo forfettario di euro \u20ac 7.746,85 per ciascun medico, che si aggiunge alla quota di 6,20 euro ad assistiti prevista per le zone disagiate. (FOTO ARCHIVIO RADIOPIU)<\/p>\n<p>&nbsp;<\/p>\n<hr \/>\n<p>&nbsp;<\/p>\n<p>&nbsp;<\/p>\n<blockquote>\n<h3>L&#8217;ASSEMBLEA ANNUALE AUSER &#8220;EL BROI&#8221;<\/h3>\n<\/blockquote>\n<p><strong><a class=\"dt-pswp-item\" href=\"https:\/\/www.radiopiu.net\/wordpress\/wp-content\/uploads\/2020\/09\/auser-1.jpg\" data-dt-img-description=\"\" data-large_image_width=\"1772\" data-large_image_height=\"811\"><img loading=\"lazy\" decoding=\"async\" class=\"wp-image-163020 alignleft\" src=\"https:\/\/www.radiopiu.net\/wordpress\/wp-content\/uploads\/2020\/09\/auser-1-300x137.jpg\" alt=\"\" width=\"221\" height=\"101\" srcset=\"https:\/\/www.radiopiu.net\/wordpress\/wp-content\/uploads\/2020\/09\/auser-1-300x137.jpg 300w, https:\/\/www.radiopiu.net\/wordpress\/wp-content\/uploads\/2020\/09\/auser-1-1024x469.jpg 1024w, https:\/\/www.radiopiu.net\/wordpress\/wp-content\/uploads\/2020\/09\/auser-1-768x351.jpg 768w, https:\/\/www.radiopiu.net\/wordpress\/wp-content\/uploads\/2020\/09\/auser-1-1536x703.jpg 1536w, https:\/\/www.radiopiu.net\/wordpress\/wp-content\/uploads\/2020\/09\/auser-1-640x293.jpg 640w, https:\/\/www.radiopiu.net\/wordpress\/wp-content\/uploads\/2020\/09\/auser-1.jpg 1772w\" sizes=\"auto, (max-width: 221px) 100vw, 221px\" \/><\/a>AGORDO<\/strong> Oggi alle 15:30 \u00e8 convocata l&#8217;assemblea annuale dei soci Auser &#8220;El Broi&#8221; nella sala Don Tamis di Agordo. Si discuter\u00e0 della proposta di aumentare il numero dei componenti del consiglio direttivo, la votazione dei nuovi componenti, la relazione del presidente, il bilancio sociale, l&#8217;approvazione del bilancio consuntivo 2022 e di previsione 2023. Seguir\u00e0 un momento conviviale nella sede del circolo.<\/p>\n<p>L&#8217;Auser chiude l&#8217;anno 2022 con numeri importanti: 667 interventi, 40.748 chilometri percorsi, 1758 ore di volontariato, 129 persone accompagnate, 50 i volontari impegnati. Nell&#8217;intervista che segue Pietro Urpi spiega l&#8217;impegno in ambito sociale con attivit\u00e0 rivolte prevalentemente ai soci e il volontarito rivolto alla societ\u00e0.<\/p>\n<p><strong>IERI ALLA RADIO L&#8217;INTERVISTA A PIETRO URPI, IL SEGRETARIO\u00a0<\/strong><\/p>\n<audio class=\"wp-audio-shortcode\" id=\"audio-333408-4\" preload=\"none\" style=\"width: 100%;\" controls=\"controls\"><source type=\"audio\/mpeg\" src=\"https:\/\/www.radiopiu.net\/wordpress\/wp-content\/uploads\/2023\/04\/PIETRO-AUSER-URPI.mp3?_=4\" \/><a href=\"https:\/\/www.radiopiu.net\/wordpress\/wp-content\/uploads\/2023\/04\/PIETRO-AUSER-URPI.mp3\">https:\/\/www.radiopiu.net\/wordpress\/wp-content\/uploads\/2023\/04\/PIETRO-AUSER-URPI.mp3<\/a><\/audio>\n<p>&nbsp;<\/p>\n<hr \/>\n<p>&nbsp;<\/p>\n<blockquote>\n<h3>PROGETTO PERSONE LIBERE, CON DAFNE E BLHYSTER<\/h3>\n<\/blockquote>\n<p><strong><a class=\"dt-pswp-item\" href=\"https:\/\/www.radiopiu.net\/wordpress\/wp-content\/uploads\/2023\/04\/260469529_10218590729832228_7792382286369541945_n.jpg\" data-dt-img-description=\"\" data-large_image_width=\"960\" data-large_image_height=\"949\"><img loading=\"lazy\" decoding=\"async\" class=\" wp-image-333516 alignleft\" src=\"https:\/\/www.radiopiu.net\/wordpress\/wp-content\/uploads\/2023\/04\/260469529_10218590729832228_7792382286369541945_n-300x297.jpg\" alt=\"\" width=\"152\" height=\"150\" srcset=\"https:\/\/www.radiopiu.net\/wordpress\/wp-content\/uploads\/2023\/04\/260469529_10218590729832228_7792382286369541945_n-300x297.jpg 300w, https:\/\/www.radiopiu.net\/wordpress\/wp-content\/uploads\/2023\/04\/260469529_10218590729832228_7792382286369541945_n-768x759.jpg 768w, https:\/\/www.radiopiu.net\/wordpress\/wp-content\/uploads\/2023\/04\/260469529_10218590729832228_7792382286369541945_n.jpg 960w\" sizes=\"auto, (max-width: 152px) 100vw, 152px\" \/><\/a>BELLUNO<\/strong> L&#8217;associazione Dafne e la cooperativa sociale Blhyster, da tempo sono impegnate in iniziative di supporto alla comunit\u00e0 locale che accoglie tra le proprie fila persone esposte quotidianamente al rischio di vedere violati i propri diritti e per le quali le associazioni Dafne e Blhyster hanno deciso di fare rete con l&#8217;obiettivo di diffondere la cultura del rispetto, del benessere e dell&#8217;inclusione.\u00a0 Una proposta che prevede la creazione di un polo di servizi \u00abPensiamo a uno spazio di iniziativa culturale, sociale, politica, aperto a tutte le persone senza distinzioni religiose, etniche, politiche, di cittadinanza con l&#8217;obiettivo di favorire la crescita di soggettivit\u00e0 consapevoli\u00bb, spiegano i promotori dell&#8217;iniziativa, \u00abper questo desideriamo coinvolgere, contribuendo in termini di saperi e suggerimenti, una rete costituita da quanti hanno risposto al questionario della mappatura&#8221; Per informazioni e adesioni \u00e8 possibile scrivere a bellunoliberepersone@gmail.com.\u00a0 (foto, Francesco Santn, Blhyster<\/p>\n<p>&nbsp;<\/p>\n<hr \/>\n<p>&nbsp;<\/p>\n<blockquote>\n<h3>A 14 BELLUNESI E&#8217; STATA CONFERITA LA &#8220;STELLA AL MERITO DEL LAVORO&#8221;<\/h3>\n<\/blockquote>\n<p><img loading=\"lazy\" decoding=\"async\" class=\"alignleft\" src=\"https:\/\/www.radiopiu.net\/wordpress\/wp-content\/uploads\/2023\/04\/th-9.jpg\" width=\"288\" height=\"174\" \/>Sono quattordici i bellunesi, su 79 di tutto il Veneto, ai quali quest\u2019anno \u00e8 stata conferita la \u201cStella al Merito del Lavoro\u201d, onorificenza decretata dal Presidente della Repubblica Sergio Mattarella su proposta del Ministro del Lavoro Elvira Calderone.<\/p>\n<p><strong>La \u201cStella\u201d sar\u00e0 consegnata a Carlo Bedont, Marco Del Din e Laura Gobbis (Luxottica srl di Agordo); Silvia Centinaro e Monica De Barba (De Rigo Vision spa di Longarone); Rosella Da Rold e Gianluigi Fossen (Unifarco spa di S. Giustina); Caterina De Bernardo e Renato Foffano (Giorgio Fedon e figli spa di Alpago); Claudio Maccagnan (Hydro Extrusion Italy srl di Feltre); Apollonia Menia Cadore di Galvalux srl (Tai di Pieve di Cadore); Roberto Rimoldi Rudatis (Tofana srl di Cortina d\u2019Ampezzo); Ivo Slongo (Deon spa di Belluno); Nicolina Zanette (Perenz srl di Quero Vas).<\/strong><\/p>\n<p>La cerimonia si svolger\u00e0 nella prima settimana di dicembre, in concomitanza con le celebrazioni del centenario della \u201cStella al Merito del Lavoro\u201d , che sar\u00e0 in contemporanea con quella che si svolger\u00e0 a Roma, non \u00e8 ancora stata definita dal Quirinale e sar\u00e0 segnalata appena nota.<\/p>\n<p>&nbsp;<\/p>\n<p>&nbsp;<\/p>\n<hr \/>\n<p>&nbsp;<\/p>\n<blockquote>\n<h3>IL PAGAMENTO DELLE PENSIONI<\/h3>\n<\/blockquote>\n<p><strong><a class=\"dt-pswp-item\" href=\"https:\/\/www.radiopiu.net\/wordpress\/wp-content\/uploads\/2021\/11\/20211125_111618-1-scaled.jpg\" data-dt-img-description=\"\" data-large_image_width=\"2560\" data-large_image_height=\"1213\"><img loading=\"lazy\" decoding=\"async\" class=\" wp-image-245022 alignleft\" src=\"https:\/\/www.radiopiu.net\/wordpress\/wp-content\/uploads\/2021\/11\/20211125_111618-1-300x142.jpg\" alt=\"\" width=\"173\" height=\"82\" srcset=\"https:\/\/www.radiopiu.net\/wordpress\/wp-content\/uploads\/2021\/11\/20211125_111618-1-300x142.jpg 300w, https:\/\/www.radiopiu.net\/wordpress\/wp-content\/uploads\/2021\/11\/20211125_111618-1-1024x485.jpg 1024w, https:\/\/www.radiopiu.net\/wordpress\/wp-content\/uploads\/2021\/11\/20211125_111618-1-768x364.jpg 768w, https:\/\/www.radiopiu.net\/wordpress\/wp-content\/uploads\/2021\/11\/20211125_111618-1-1536x728.jpg 1536w, https:\/\/www.radiopiu.net\/wordpress\/wp-content\/uploads\/2021\/11\/20211125_111618-1-2048x970.jpg 2048w\" sizes=\"auto, (max-width: 173px) 100vw, 173px\" \/><\/a>BELLUNO <\/strong>Poste Italiane comunica che, vista la festivit\u00e0 dl 1\u00b0 maggio, in tutti i <strong>104<\/strong> Uffici Postali della provincia di Belluno le pensioni del mese saranno in pagamento da marted\u00ec 2. In continuit\u00e0 con quanto fatto finora, per evitare assembramenti, il pagamento delle pensioni in contanti avverr\u00e0 preferibilmente secondo la seguente turnazione alfabetica, che potr\u00e0 variare in base al numero di giorni di apertura della sede di riferimento. I cognomi: <em>dalla A alla C marted\u00ec 2 maggio; dalla D alla K mercoled\u00ec 3 maggio; dalla L alla P gioved\u00ec 4 maggio; dalla Q alla Z venerd\u00ec 5 maggio.<\/em><\/p>\n<p>&nbsp;<\/p>\n<hr \/>\n<p><strong>\u00a0<\/strong><\/p>\n<p><strong>DA LONGARONE IL VIA A FASE DI RISCALDAMENTO DELLA VII MARATONA DI LETTURA \u201cIL VENETO LEGGE\u201d.\u00a0<\/strong><\/p>\n<p><strong><a class=\"dt-pswp-item\" href=\"https:\/\/www.radiopiu.net\/wordpress\/wp-content\/uploads\/2023\/04\/767-2023-gara-lettura-Longarone_1-.jpeg\" data-dt-img-description=\"\" data-large_image_width=\"2016\" data-large_image_height=\"1134\"><img loading=\"lazy\" decoding=\"async\" class=\" wp-image-333481 alignleft\" src=\"https:\/\/www.radiopiu.net\/wordpress\/wp-content\/uploads\/2023\/04\/767-2023-gara-lettura-Longarone_1--300x169.jpeg\" alt=\"\" width=\"254\" height=\"143\" srcset=\"https:\/\/www.radiopiu.net\/wordpress\/wp-content\/uploads\/2023\/04\/767-2023-gara-lettura-Longarone_1--300x169.jpeg 300w, https:\/\/www.radiopiu.net\/wordpress\/wp-content\/uploads\/2023\/04\/767-2023-gara-lettura-Longarone_1--1024x576.jpeg 1024w, https:\/\/www.radiopiu.net\/wordpress\/wp-content\/uploads\/2023\/04\/767-2023-gara-lettura-Longarone_1--768x432.jpeg 768w, https:\/\/www.radiopiu.net\/wordpress\/wp-content\/uploads\/2023\/04\/767-2023-gara-lettura-Longarone_1--1536x864.jpeg 1536w, https:\/\/www.radiopiu.net\/wordpress\/wp-content\/uploads\/2023\/04\/767-2023-gara-lettura-Longarone_1-.jpeg 2016w\" sizes=\"auto, (max-width: 254px) 100vw, 254px\" \/><\/a>LONGARONE<\/strong> La letteratura di fiume nei libri di autori veneti o che parlano del Veneto, i 60 anni dalla tragedia del Vajont, i 60 anni dalla pubblicazione del capolavoro di Luigi Meneghello \u2018Libera nos a Malo\u2019 e i 100 anni dalla nascita di Italo Calvino. Sono i temi scelti per la 7\u00b0 edizione della maratona di lettura \u201cIl Veneto Legge\u201d, presentata\u00a0 ieri a Longarone, luogo simbolo del delicato rapporto tra uomo e natura, tra l\u2019uomo e il territorio, monito a non piegare la natura ai propri interessi e al fatto che la pianificazione territoriale \u00e8 un processo continuo e delicato. L\u2019iniziativa, in programma il 29 settembre prossimo in tutto il territorio del Veneto.<\/p>\n<p>&nbsp;<\/p>\n<hr \/>\n<p>&nbsp;<\/p>\n<blockquote>\n<h3>\u00a0I CONCORSI DELLA POLIZIA<\/h3>\n<\/blockquote>\n<p><strong>BELLUNO<\/strong> Sul portale unico della poliziadistato.it \u00e8 pubblicato il bando per l&#8217;assunzione di 28 atleti da assegnare ai gruppi sportivi della Polizia di Stato-Fiamme Oro, inquadrati nel ruolo degli agente e assistenti<\/p>\n<p>&nbsp;<\/p>\n<hr \/>\n<p>&nbsp;<\/p>\n<p><strong>AVVISO DI SELEZIONE DEL RESPONSABILE ANIMAZIONE E COMUNICAZIONE DEL GAL ALTO BELLUNESE<\/strong><\/p>\n<p>Il GAL intende selezionare una figura professionale che ricopra il ruolo di Responsabile dell\u2019animazione e comunicazione\u00a0 dotata di adeguata esperienza, qualificazione e competenza.\u00a0La scadenza per la presentazione delle candidature \u00e8 il<strong> 22\/05\/2023. <\/strong>L\u2019avviso \u00e8 pubblicato sul sito <a href=\"http:\/\/www.galaltobellunese.com\/bandi-e-contratti\/\">www.galaltobellunese.com<\/a><\/p>\n<p>&nbsp;<\/p>\n<hr \/>\n<p>&nbsp;<\/p>\n<p>&nbsp;<\/p>\n<h1><span style=\"color: #ff0000;\">OGGI NELL&#8217;AGORDINO<\/span><\/h1>\n<blockquote>\n<h3><strong>EDITORIA, IL LIBRO DI LUISA MANFROI\u00a0<\/strong><\/h3>\n<\/blockquote>\n<p>di Gianni Santomaso<\/p>\n<audio class=\"wp-audio-shortcode\" id=\"audio-333408-5\" preload=\"none\" style=\"width: 100%;\" controls=\"controls\"><source type=\"audio\/mpeg\" src=\"https:\/\/www.radiopiu.net\/wordpress\/wp-content\/uploads\/2023\/04\/GIANNI-LIBRO-LUISA-MANFROI.mp3?_=5\" \/><a href=\"https:\/\/www.radiopiu.net\/wordpress\/wp-content\/uploads\/2023\/04\/GIANNI-LIBRO-LUISA-MANFROI.mp3\">https:\/\/www.radiopiu.net\/wordpress\/wp-content\/uploads\/2023\/04\/GIANNI-LIBRO-LUISA-MANFROI.mp3<\/a><\/audio>\n<p>&nbsp;<\/p>\n<p><a class=\"dt-pswp-item\" href=\"https:\/\/www.radiopiu.net\/wordpress\/wp-content\/uploads\/2023\/04\/locandina.jpg\" data-dt-img-description=\"\" data-large_image_width=\"1414\" data-large_image_height=\"2000\"><img loading=\"lazy\" decoding=\"async\" class=\"size-medium wp-image-332545 alignleft\" src=\"https:\/\/www.radiopiu.net\/wordpress\/wp-content\/uploads\/2023\/04\/locandina-212x300.jpg\" alt=\"\" width=\"212\" height=\"300\" srcset=\"https:\/\/www.radiopiu.net\/wordpress\/wp-content\/uploads\/2023\/04\/locandina-212x300.jpg 212w, https:\/\/www.radiopiu.net\/wordpress\/wp-content\/uploads\/2023\/04\/locandina-724x1024.jpg 724w, https:\/\/www.radiopiu.net\/wordpress\/wp-content\/uploads\/2023\/04\/locandina-768x1086.jpg 768w, https:\/\/www.radiopiu.net\/wordpress\/wp-content\/uploads\/2023\/04\/locandina-1086x1536.jpg 1086w, https:\/\/www.radiopiu.net\/wordpress\/wp-content\/uploads\/2023\/04\/locandina.jpg 1414w\" sizes=\"auto, (max-width: 212px) 100vw, 212px\" \/><\/a><\/p>\n<p><strong>CENCENIGHE<\/strong> Oggi alle 17.30 in sala consiliare del Comune presentazione del libro\u00a0 IL CENTRO TURISTICO CULTURALE NOF FILO&#8217;, storia di un edificio e di una comunit\u00e0 di Luisa Manfroi<br \/>\nInterventi di\u00a0 Luisa Manfroi, Mauro Soppelsa sindaco di Cencenighe e Bepi Pellegrinon editore.<\/p>\n<p>&nbsp;<\/p>\n<p>&nbsp;<\/p>\n<p>&nbsp;<\/p>\n<p>&nbsp;<\/p>\n<p>&nbsp;<\/p>\n<p>&nbsp;<\/p>\n<p>&nbsp;<\/p>\n<p>&nbsp;<\/p>\n<hr \/>\n<p>&nbsp;<\/p>\n<h1><span style=\"color: #ff0000;\">OGGI NELL&#8217;AGORDINO<\/span><\/h1>\n<blockquote>\n<h3><a class=\"dt-pswp-item\" href=\"https:\/\/www.radiopiu.net\/wordpress\/wp-content\/uploads\/2023\/04\/BARACA-de-FEN-1-724x1024-1.png\" data-dt-img-description=\"\" data-large_image_width=\"724\" data-large_image_height=\"1024\"><img loading=\"lazy\" decoding=\"async\" class=\" wp-image-333468 alignleft\" src=\"https:\/\/www.radiopiu.net\/wordpress\/wp-content\/uploads\/2023\/04\/BARACA-de-FEN-1-724x1024-1-212x300.png\" alt=\"\" width=\"177\" height=\"250\" srcset=\"https:\/\/www.radiopiu.net\/wordpress\/wp-content\/uploads\/2023\/04\/BARACA-de-FEN-1-724x1024-1-212x300.png 212w, https:\/\/www.radiopiu.net\/wordpress\/wp-content\/uploads\/2023\/04\/BARACA-de-FEN-1-724x1024-1.png 724w\" sizes=\"auto, (max-width: 177px) 100vw, 177px\" \/><\/a>FODOM, TERRA DI ANTICHE COLTURE, IN CERCA DI NUOVI SAPORI<\/h3>\n<\/blockquote>\n<p><strong>LIVINALLONGO<\/strong> \u00c8 in programma oggi<b> <\/b>\u00a0alle 16, in sala Taulac a Livinallongo Del Col Di Lana, l\u2019evento dedicato alla terra fodoma dal titolo \u201cFodom terra di antiche culture\u2026in cerca di nuovi sapori\u201d. Ci sar\u00e0 la presentazione del libro sul rilancio e continuit\u00e0 della biodiversit\u00e0 coltivata nelle dolomiti agordine a cura di Orazio Andrich e Johannes Keinzel. A seguire la visione del video-documentario \u201cLa baraca de fen\u201d a cura dell\u2019Istitut Cultural Ladin Cesa de Jan. A seguire l\u2019aperitivo con i sapori della biodiversit\u00e0 ladina. Ne abbiamo parlato con il Direttore dell&#8217;Istitut Ladin Cesa de Jan, Denni Dorigo<\/p>\n<p><strong>di Mirko Mezzacasa\u00a0<\/strong><\/p>\n<audio class=\"wp-audio-shortcode\" id=\"audio-333408-6\" preload=\"none\" style=\"width: 100%;\" controls=\"controls\"><source type=\"audio\/mpeg\" src=\"https:\/\/www.radiopiu.net\/wordpress\/wp-content\/uploads\/2023\/04\/DENNI.mp3?_=6\" \/><a href=\"https:\/\/www.radiopiu.net\/wordpress\/wp-content\/uploads\/2023\/04\/DENNI.mp3\">https:\/\/www.radiopiu.net\/wordpress\/wp-content\/uploads\/2023\/04\/DENNI.mp3<\/a><\/audio>\n<p>&nbsp;<\/p>\n<p>&nbsp;<\/p>\n<hr \/>\n<p>&nbsp;<\/p>\n<blockquote>\n<h3>&#8220;LA COTA&#8221;: IL 19 MAGGIO L&#8217;ACCENSIONE DELLA CALCHERA DE LE TORTE IN VALLE DI SAN LUCANO<\/h3>\n<\/blockquote>\n<p><strong><a class=\"dt-pswp-item\" href=\"https:\/\/www.radiopiu.net\/wordpress\/wp-content\/uploads\/2023\/04\/calchera-de-le-torte.jpg\" data-dt-img-description=\"\" data-large_image_width=\"1920\" data-large_image_height=\"1080\"><img loading=\"lazy\" decoding=\"async\" class=\" wp-image-333411 alignleft\" src=\"https:\/\/www.radiopiu.net\/wordpress\/wp-content\/uploads\/2023\/04\/calchera-de-le-torte-300x169.jpg\" alt=\"\" width=\"162\" height=\"91\" srcset=\"https:\/\/www.radiopiu.net\/wordpress\/wp-content\/uploads\/2023\/04\/calchera-de-le-torte-300x169.jpg 300w, https:\/\/www.radiopiu.net\/wordpress\/wp-content\/uploads\/2023\/04\/calchera-de-le-torte-1024x576.jpg 1024w, https:\/\/www.radiopiu.net\/wordpress\/wp-content\/uploads\/2023\/04\/calchera-de-le-torte-768x432.jpg 768w, https:\/\/www.radiopiu.net\/wordpress\/wp-content\/uploads\/2023\/04\/calchera-de-le-torte-1536x864.jpg 1536w, https:\/\/www.radiopiu.net\/wordpress\/wp-content\/uploads\/2023\/04\/calchera-de-le-torte.jpg 1920w\" sizes=\"auto, (max-width: 162px) 100vw, 162px\" \/><\/a>TAIBON<\/strong> Ritorna &#8220;La Cota&#8221; in Valle di San Lucano. I volontari del gruppo Piodech assieme alla Pro Loco di Taibon, Comune, Pompieri Volontari di Agordo e la scuola Minerari di Agordo, organizzano per venerd\u00ec 19 maggio la rievocazione dell&#8217;attivit\u00e0 produttiva del passato relativa all&#8217;ottenimento di calce da costruzione tramite la cottura della pietra calcarea. L&#8217;accensione avverr\u00e0 alla Calch\u00e8ra de le Torte nei pressi della chiesetta di San Lucano alle 10. Interverranno: Paolo Sibillon, Presidente del gruppo Piodech, il sindaco di Taibon Silvia Tormen, un rappresentante dell&#8217;Istituto Follador-De Rossi di Agordo e della scuola primaria di Taibon. Alle 11 l&#8217;accensione della fornace, dopo la benedizione di Monsignor Cesare Larese.<\/p>\n<p>&nbsp;<\/p>\n<p>&nbsp;<\/p>\n<hr \/>\n<p>&nbsp;<\/p>\n<blockquote>\n<h3><strong>\u201cCONOSCERE LA STORIA E I BENI CULTURALI NELL\u2019AREA DOLOMITI LIVE\u201d:\u00a0 <\/strong><strong>ULTIMO MESE DI PROGRAMMAZIONE NEI MUSEI CADORINI<\/strong><\/h3>\n<\/blockquote>\n<p><strong><a class=\"dt-pswp-item\" href=\"https:\/\/www.radiopiu.net\/wordpress\/wp-content\/uploads\/2023\/04\/Mattiuzzi-scarpet.jpg\" data-dt-img-description=\"\" data-large_image_width=\"2081\" data-large_image_height=\"1561\"><img loading=\"lazy\" decoding=\"async\" class=\" wp-image-333446 alignleft\" src=\"https:\/\/www.radiopiu.net\/wordpress\/wp-content\/uploads\/2023\/04\/Mattiuzzi-scarpet-300x225.jpg\" alt=\"\" width=\"159\" height=\"119\" srcset=\"https:\/\/www.radiopiu.net\/wordpress\/wp-content\/uploads\/2023\/04\/Mattiuzzi-scarpet-300x225.jpg 300w, https:\/\/www.radiopiu.net\/wordpress\/wp-content\/uploads\/2023\/04\/Mattiuzzi-scarpet-1024x768.jpg 1024w, https:\/\/www.radiopiu.net\/wordpress\/wp-content\/uploads\/2023\/04\/Mattiuzzi-scarpet-768x576.jpg 768w, https:\/\/www.radiopiu.net\/wordpress\/wp-content\/uploads\/2023\/04\/Mattiuzzi-scarpet-1536x1152.jpg 1536w, https:\/\/www.radiopiu.net\/wordpress\/wp-content\/uploads\/2023\/04\/Mattiuzzi-scarpet-2048x1536.jpg 2048w\" sizes=\"auto, (max-width: 159px) 100vw, 159px\" \/><\/a>PIEVE DI CADORE <\/strong>Ultimo mese di programmazione per le attivit\u00e0 del progetto Interreg IT-AU 2014-2020 \u201cConoscere la storia e i beni culturali nell\u2019area Dolomiti Live\u201d finanziato nell&#8217;ambito della strategia nel CLLD Dolomiti Live, di cui \u00e8 partner il Gal Alto Bellunese, avviato a gennaio: a maggio saranno tredici gli appuntamenti nei musei del Cadore, dedicati sia agli adulti sia ai bambini, e spazieranno dagli spettacoli alla musica, dai laboratori alle escursioni. Il prossimo appuntamento sabato 6 maggio alle 17.00 al Museo Archeologico Cadorino, con lo spettacolo \u201cIl pi\u00f9 grande uomo scimmia del Pleistocene\u201d, con l\u2019associazione culturale Mont De Vie, una giocosa sequenza di scene che raccontano le vicende di un branco di ominidi primitivi.<\/p>\n<p>&nbsp;<\/p>\n<hr \/>\n<blockquote>\n<h2><\/h2>\n<h2 align=\"left\"><span style=\"color: #000000; font-family: Helvetica;\"><i><b>A 75 anni dalla Costituzione, lavoro e salute al centro della riflessione di Cgil, Cisl e Uil<\/b><\/i><\/span><\/h2>\n<\/blockquote>\n<div align=\"left\"><span style=\"color: #000000; font-family: Helvetica;\">\u00a0<\/span><\/div>\n<div align=\"left\"><span style=\"color: #000000; font-family: Helvetica;\"><a class=\"dt-pswp-item\" href=\"https:\/\/www.radiopiu.net\/wordpress\/wp-content\/uploads\/2020\/08\/ospedale_Auronzo.jpg\" data-dt-img-description=\"\" data-large_image_width=\"782\" data-large_image_height=\"578\"><img loading=\"lazy\" decoding=\"async\" class=\" wp-image-153528 alignleft\" src=\"https:\/\/www.radiopiu.net\/wordpress\/wp-content\/uploads\/2020\/08\/ospedale_Auronzo-300x222.jpg\" alt=\"\" width=\"257\" height=\"190\" srcset=\"https:\/\/www.radiopiu.net\/wordpress\/wp-content\/uploads\/2020\/08\/ospedale_Auronzo-300x222.jpg 300w, https:\/\/www.radiopiu.net\/wordpress\/wp-content\/uploads\/2020\/08\/ospedale_Auronzo-768x568.jpg 768w, https:\/\/www.radiopiu.net\/wordpress\/wp-content\/uploads\/2020\/08\/ospedale_Auronzo.jpg 782w\" sizes=\"auto, (max-width: 257px) 100vw, 257px\" \/><\/a>Cgil, Cisl e Uil nel giorno della Festa dei Lavoratori rendono omaggio alla Carta costituzionale, in occasione dei 75 anni dalla sua entrata in vigore. \u00c8 dedicata alla Costituzione italiana e ai suoi principi fondativi l\u2019edizione del Primo Maggio 2023, in Italia, con la manifestazione unitaria nazionale che si svolger\u00e0 a Potenza. <\/span><span style=\"color: #000000; font-family: Helvetica;\">Anche a Treviso Cgil, Cisl e Uil territoriali manifesteranno per la difesa e per l\u2019applicazione dei diritti fondativi della Costituzione, a partire da quello alla salute e alla sanit\u00e0 universale, davanti all\u2019Ospedale Ca\u2019 Foncello, uno dei principali presidi ospedalieri della regione, dalle ore 10 di luned\u00ec.\u00a0 <\/span><span style=\"color: #000000; font-family: Helvetica;\"><i>\u201cParteciperemo alla manifestazione anche con le lavoratrici, i lavoratori, le pensionate e i pensionati della provincia di Belluno<\/i> &#8211; spiega il segretario generale della Cisl Belluno Treviso Massimiliano Paglini &#8211; <i>per sottolineare ancora una volta come le due pi\u00f9 gravi emergenze da affrontare anche nelle terre di montagna siano la sanit\u00e0 e il lavoro. <\/i><\/span><span style=\"color: #000000; font-family: Helvetica;\">Sul tema, la Cisl Belluno Treviso ha avviato nelle scorse settimane una petizione sia online che cartacea nelle sedi del territorio bellunese, lanciando un SOS per la salvezza della sanit\u00e0 in montagna, intervento che deve portare alla creazione di un\u2019unica regia provinciale e un unico coordinamento fra tutte le diverse azioni che ancora oggi vedono molti soggetti andare in ordine sparso.<\/span><\/div>\n<p>&nbsp;<\/p>\n<p>&nbsp;<\/p>\n<hr \/>\n<p>&nbsp;<\/p>\n<blockquote>\n<h3>VERSO IL PRIMO MAGGIO, FESTA DEI LAVORATORI. IL\u00a0 TEMPO DELLA RIFLESSIONE<\/h3>\n<\/blockquote>\n<p><span dir=\"ltr\" role=\"presentation\"><strong><a class=\"dt-pswp-item\" href=\"https:\/\/www.radiopiu.net\/wordpress\/wp-content\/uploads\/2020\/12\/CGIL.jpg\" data-dt-img-description=\"\" data-large_image_width=\"512\" data-large_image_height=\"285\"><img loading=\"lazy\" decoding=\"async\" class=\" wp-image-180372 alignleft\" src=\"https:\/\/www.radiopiu.net\/wordpress\/wp-content\/uploads\/2020\/12\/CGIL-300x167.jpg\" alt=\"\" width=\"266\" height=\"148\" srcset=\"https:\/\/www.radiopiu.net\/wordpress\/wp-content\/uploads\/2020\/12\/CGIL-300x167.jpg 300w, https:\/\/www.radiopiu.net\/wordpress\/wp-content\/uploads\/2020\/12\/CGIL.jpg 512w\" sizes=\"auto, (max-width: 266px) 100vw, 266px\" \/><\/a>BELLUNO<\/strong> La Camera del lavoro di Belluno e la Rete degli studenti medi organizzano, in occasione <\/span><span dir=\"ltr\" role=\"presentation\">della ricorrenza della Festa dei lavoratori del 1\u00b0 maggio, un pomeriggio di riflessione sulle <\/span><span dir=\"ltr\" role=\"presentation\">tematiche del lavoro di maggiore attualit\u00e0, in particolare dopo la pandemia e al centro di una <\/span><span dir=\"ltr\" role=\"presentation\">complessiva valutazione su scala europea. <\/span><span dir=\"ltr\" role=\"presentation\">A partire dalle 14, al cinema Italia di Belluno, ci sar\u00e0 la proiezione del film di Pif, dal <\/span><span dir=\"ltr\" role=\"presentation\">titolo \u201cE noi come stronzi rimanemmo a guardare\u201d, alla quale far\u00e0 seguito la presentazione del <\/span><span dir=\"ltr\" role=\"presentation\">libro \u201cLavorare meno, vivere meglio. Appunti sulla riduzione dell\u2019orario di lavoro per una <\/span><span dir=\"ltr\" role=\"presentation\">societ\u00e0 migliore e una diversa economia\u201d, con la presenza dell\u2019autore, Fausto Durante, <\/span><span dir=\"ltr\" role=\"presentation\">segretario generale della CGIL della Sardegna e gli interventi di Denise Casanova, segretaria <\/span><span dir=\"ltr\" role=\"presentation\">della CGIL di Belluno, Roberto Grandinetti, docente di management all\u2019universit\u00e0 di Padova e <\/span><span dir=\"ltr\" role=\"presentation\">Nicola Zanon, segretario di Confapi Veneto.<\/span><\/p>\n<p>&nbsp;<\/p>\n<p>&nbsp;<\/p>\n<hr \/>\n<p>&nbsp;<\/p>\n<div class=\"page-title-head hgroup\">\n<blockquote>\n<h3 class=\"entry-title\">60 ANNI DI ALPINISMO IN CIVETTA, AD ALLEGHE L\u2019INCONTRO CON TANTI GRANDI NOMI<\/h3>\n<\/blockquote>\n<\/div>\n<p><img loading=\"lazy\" decoding=\"async\" class=\"alignleft\" src=\"https:\/\/www.radiopiu.net\/wordpress\/wp-content\/uploads\/2019\/08\/Attilio-Tissi-con-la-moglie-Mariola-sulla-cima-della-Torre-Lavaredo-poco-prima-della-caduta-22-agosto-1959-1.jpg\" width=\"139\" height=\"209\" \/><strong>ALLEGHE<\/strong> Sabato 6 maggio alle ore 17 nella Sala Congressi di Alleghe si parler\u00e0 del grande alpinismo in Civetta insieme a chi quell\u2019alpinismo l\u2019ha vissuto. L\u2019occasione \u00e8 il 60 mo anniversario del Rifugio Tissi, di propriet\u00e0 del CAI Belluno, organizzatore dell\u2019evento. La serata, moderata da Bepi Casagrande, vedr\u00e0 la partecipazione di grandi nomi dell\u2019alpinismo: Aldo Anghileri, Alessandro Ba\u00f9, Alessandro Beber, Domenico Bellenzier, Piero Bez, Marcello Bonafede, Gianbattista Crimella, Manrico Dall&#8217;Agnola, Venturino De Bona, Bruno De Don\u00e0, Martin Dejori, Soro Dorotei, Mariano Frizzera, Gianni Gianeselli, Adam Holzknecht, Renato Panciera, Titus Prinoth, Gianni Rusconi, Dario Spreafico, Roberto Sorgato (in collegamento), Giorgio Tessari, Nicola Tondini, Mauro Valmassoi, Fabio Valseschini, Gianbattista Villa, Alex Walpoth. I gestori del rifugio Tissi Paola e Valter Bellenzier racconteranno la storia del rifugio, costruito nel 1963 e intitolato alla memoria dell\u2019alpinista Attilio Tissi, scomparso nel 1959. Durante l\u2019evento saranno proiettati dei filmati riguardanti il contesto dolomitico tratti dalla raccolta <em>C\u2019era una volta,<\/em> dell\u2019alpinista e accademico del CAI Giorgio Radaelli, scomparso nel 2022. L\u2019evento sar\u00e0 accompagnato dai canti del coro CAI di Belluno e vedr\u00e0 la partecipazione del Soccorso Alpino e del presidente regionale del Club Alpino Italiano Renato Frigo.Informazioni: <a href=\"mailto:info@caibelluno.it\">info@caibelluno.it <\/a><\/p>\n<p>FOTO Attilio Tissi e la moglie Mariola<\/p>\n<p>&nbsp;<\/p>\n<p>&nbsp;<\/p>\n<hr \/>\n<p>&nbsp;<\/p>\n<blockquote>\n<h3>COMUNICARE LA COESISTENZA\u2026 IN CASO DI LUPI<\/h3>\n<\/blockquote>\n<p><strong><a class=\"dt-pswp-item\" href=\"https:\/\/www.radiopiu.net\/wordpress\/wp-content\/uploads\/2023\/04\/CUCCIOLI-LUPO.jpeg\" data-dt-img-description=\"\" data-large_image_width=\"916\" data-large_image_height=\"714\"><img loading=\"lazy\" decoding=\"async\" class=\" wp-image-333449 alignleft\" src=\"https:\/\/www.radiopiu.net\/wordpress\/wp-content\/uploads\/2023\/04\/CUCCIOLI-LUPO-300x234.jpeg\" alt=\"\" width=\"171\" height=\"133\" srcset=\"https:\/\/www.radiopiu.net\/wordpress\/wp-content\/uploads\/2023\/04\/CUCCIOLI-LUPO-300x234.jpeg 300w, https:\/\/www.radiopiu.net\/wordpress\/wp-content\/uploads\/2023\/04\/CUCCIOLI-LUPO-768x599.jpeg 768w, https:\/\/www.radiopiu.net\/wordpress\/wp-content\/uploads\/2023\/04\/CUCCIOLI-LUPO.jpeg 916w\" sizes=\"auto, (max-width: 171px) 100vw, 171px\" \/><\/a>FELTRE <\/strong>L\u2019associazione Faunisti Veneti-APS, insieme al Parco Nazionale Dolomiti Bellunesi e PAMS Foundation, organizza un incontro per parlare dell\u2019utilizzo e dell\u2019importanza di una corretta comunicazione per facilitare la convivenza tra uomo e fauna selvatica. L\u2019incontro si terr\u00e0 il prossimo 05 maggio alle ore 18:00 presso la sala riunioni del consorzio Piave Dop a Busche di Cesiomaggiore (BL), vedr\u00e0 l\u2019intervento di Anna Sustersic, giornalista scientifica e scrittrice esperta in comunicazione della coesistenza con i grandi mammiferi, e di Bruno Boz, Ivan Mazzon e Roberto Sacchet, ideatori del progetto video-fotografico \u201cIl sentiero dei lupi\u201d nato per documentare il ritorno naturale del lupo nel territorio del Parco Nazionale Dolomiti Bellunesi.<\/p>\n<p>&nbsp;<\/p>\n<p>&nbsp;<\/p>\n<hr \/>\n<p>&nbsp;<\/p>\n<blockquote>\n<h3>AUSER E ARCA IN ASSEMBLEA NEL FINE SETTIMANA<\/h3>\n<\/blockquote>\n<p><strong><a class=\"dt-pswp-item\" href=\"https:\/\/www.radiopiu.net\/wordpress\/wp-content\/uploads\/2021\/07\/SALA-DON-TAMIS.png\" data-dt-img-description=\"\" data-large_image_width=\"1354\" data-large_image_height=\"920\"><img loading=\"lazy\" decoding=\"async\" class=\" wp-image-220859 alignleft\" src=\"https:\/\/www.radiopiu.net\/wordpress\/wp-content\/uploads\/2021\/07\/SALA-DON-TAMIS-300x204.png\" alt=\"\" width=\"188\" height=\"128\" srcset=\"https:\/\/www.radiopiu.net\/wordpress\/wp-content\/uploads\/2021\/07\/SALA-DON-TAMIS-300x204.png 300w, https:\/\/www.radiopiu.net\/wordpress\/wp-content\/uploads\/2021\/07\/SALA-DON-TAMIS-1024x696.png 1024w, https:\/\/www.radiopiu.net\/wordpress\/wp-content\/uploads\/2021\/07\/SALA-DON-TAMIS-768x522.png 768w, https:\/\/www.radiopiu.net\/wordpress\/wp-content\/uploads\/2021\/07\/SALA-DON-TAMIS.png 1354w\" sizes=\"auto, (max-width: 188px) 100vw, 188px\" \/><\/a>AGORDO<\/strong><\/p>\n<p>di Gianni Santomaso<\/p>\n<audio class=\"wp-audio-shortcode\" id=\"audio-333408-7\" preload=\"none\" style=\"width: 100%;\" controls=\"controls\"><source type=\"audio\/mpeg\" src=\"https:\/\/www.radiopiu.net\/wordpress\/wp-content\/uploads\/2023\/04\/GIANNI-ASSEMBLEE-VOLONTARIATO-AGORDINO-AUSER-E-ARCA.mp3?_=7\" \/><a href=\"https:\/\/www.radiopiu.net\/wordpress\/wp-content\/uploads\/2023\/04\/GIANNI-ASSEMBLEE-VOLONTARIATO-AGORDINO-AUSER-E-ARCA.mp3\">https:\/\/www.radiopiu.net\/wordpress\/wp-content\/uploads\/2023\/04\/GIANNI-ASSEMBLEE-VOLONTARIATO-AGORDINO-AUSER-E-ARCA.mp3<\/a><\/audio>\n<p>&nbsp;<\/p>\n<hr \/>\n<p>&nbsp;<\/p>\n<blockquote>\n<h3>IL COMUNE VALUTA L&#8217;OPERATO DI ASCA\u00a0 E DELLA MUNICIPALIZZATA<\/h3>\n<\/blockquote>\n<p><strong>TAIBON<\/strong> Il sindaco Silvia Tormen ha convocato il consiglio comunale per sabato 6 maggio alle 9, all&#8217;ordine del giorno l&#8217;approvazione del bilancio Asca, approvazione bilancio di esercizio dell&#8217;azienda speciale del Comune, approvazione rendiconto finanziario, variazione al bilancio di previsione, riconoscimento debito fuori bilancio per una sentenza del Tribunale di Belluno<\/p>\n<p>&nbsp;<\/p>\n<p>&nbsp;<\/p>\n<blockquote>\n<h3>LUNEDI&#8217; 8 MAGGIO IL CONSIGLIO DELL&#8217;UNIONE MONTANA AGORDINA<\/h3>\n<\/blockquote>\n<p><strong>AGORDO<\/strong> Il presidente dell&#8217;Unione Montana Agordina Paolo Frena ha convocato i consiglieri per luned\u00ec 8 maggio alle 20. Saranno 6 i punti da discutere. Tra questi l&#8217;approvazione del rendiconto 2022, l&#8217;approvazione delle tariffe dei rifiuti per l&#8217;anno 2023, una nota di aggiornamento al DUP 2023\/2025 e una variazione al bilancio.<\/p>\n<p>&nbsp;<\/p>\n<p>&nbsp;<\/p>\n<hr \/>\n<p>&nbsp;<\/p>\n<blockquote>\n<h3>GIOVEDI L&#8217;ASSEMBLEA DEL BIM PIAVE<\/h3>\n<\/blockquote>\n<p><strong>BELLUNO<\/strong> \u00c8 in programma per gioved\u00ec alle 14:30 nella sala convegno del Park Hotel Villa Carpenada l&#8217;assemblea generale del consorzio BIM PIave. Sei i punti da discutere, tra questi: Approvazione Rendiconto di gestione esercizio 2022; Approvazione Prima variazione al Bilancio di Previsione 2023-2025; Approvazione modifica dello Statuto del Gal Prealpi e Dolomiti; Operazione di fusione societa\u0300 Gestione Servizi Pubblici Spa e Bim Belluno Infrastrutture Spa.<\/p>\n<p>&nbsp;<\/p>\n<p>&nbsp;<\/p>\n<p>&nbsp;<\/p>\n<hr \/>\n<p>&nbsp;<\/p>\n<blockquote>\n<h3>SAPORI, PROFUMI, TRADIZIONI ARTIGIANATO IN RIVA AL LAGO<\/h3>\n<\/blockquote>\n<p><strong><img loading=\"lazy\" decoding=\"async\" class=\"alignleft\" src=\"https:\/\/www.radiopiu.net\/wordpress\/wp-content\/uploads\/2023\/04\/6b396808-b991-4786-82ab-4804f57f79fd.jpg\" width=\"145\" height=\"146\" \/>REDAZIONE<\/strong> Il ponte del primo maggio ad Alleghe con il mercatino. Ne abbiamo parlato con Giuseppe della &#8220;Sara Pravato&#8221;. Ecco i particolari dell&#8217;evento rivierasco<\/p>\n<p>di mirko mezzacasa<\/p>\n<audio class=\"wp-audio-shortcode\" id=\"audio-333408-8\" preload=\"none\" style=\"width: 100%;\" controls=\"controls\"><source type=\"audio\/mpeg\" src=\"https:\/\/www.radiopiu.net\/wordpress\/wp-content\/uploads\/2023\/04\/registrazioni-giuseppe-1.mp3?_=8\" \/><a href=\"https:\/\/www.radiopiu.net\/wordpress\/wp-content\/uploads\/2023\/04\/registrazioni-giuseppe-1.mp3\">https:\/\/www.radiopiu.net\/wordpress\/wp-content\/uploads\/2023\/04\/registrazioni-giuseppe-1.mp3<\/a><\/audio>\n<p>&nbsp;<\/p>\n<p>&nbsp;<\/p>\n<hr \/>\n<p>&nbsp;<\/p>\n<h1><span style=\"color: #ff0000;\">OGGI NELL&#8217;AGORDINO<\/span><\/h1>\n<blockquote>\n<h3>TORNANO IN CONCERTO GLI RH NEGATIVO. SABATO L&#8217;EVENTO IN BIRRERIA PEDAVENA A LA VALLE AGORDINA<\/h3>\n<\/blockquote>\n<p><strong>28<img loading=\"lazy\" decoding=\"async\" class=\"wp-image-333006 alignleft\" src=\"https:\/\/www.radiopiu.net\/wordpress\/wp-content\/uploads\/2023\/04\/rh-negativo-284x300.jpeg\" alt=\"\" width=\"129\" height=\"136\" srcset=\"https:\/\/www.radiopiu.net\/wordpress\/wp-content\/uploads\/2023\/04\/rh-negativo-284x300.jpeg 284w, https:\/\/www.radiopiu.net\/wordpress\/wp-content\/uploads\/2023\/04\/rh-negativo-971x1024.jpeg 971w, https:\/\/www.radiopiu.net\/wordpress\/wp-content\/uploads\/2023\/04\/rh-negativo-768x810.jpeg 768w, https:\/\/www.radiopiu.net\/wordpress\/wp-content\/uploads\/2023\/04\/rh-negativo.jpeg 1282w\" sizes=\"auto, (max-width: 129px) 100vw, 129px\" \/>REDAZIONE<\/strong> Grande evento sabato sera alla Birreria Pedavena di La Valle Agordina. Gli RH Negativo tornano in concerto. Una serata a tutto rock per il ritorno sul palco della band che delizier\u00e0 il pubblico con grandi successi italiani ma non solo. Ne abbiamo parlato con il chitarrista della band, Fabiano Mazzoni<\/p>\n<p>&nbsp;<\/p>\n<p>&nbsp;<\/p>\n<p>&nbsp;<\/p>\n<p><strong>L&#8217;INTERVISTA<\/strong><\/p>\n<audio class=\"wp-audio-shortcode\" id=\"audio-333408-9\" preload=\"none\" style=\"width: 100%;\" controls=\"controls\"><source type=\"audio\/mpeg\" src=\"https:\/\/www.radiopiu.net\/wordpress\/wp-content\/uploads\/2023\/04\/FABIANO-MAZZONI-RH-NEGATIVO.mp3?_=9\" \/><a href=\"https:\/\/www.radiopiu.net\/wordpress\/wp-content\/uploads\/2023\/04\/FABIANO-MAZZONI-RH-NEGATIVO.mp3\">https:\/\/www.radiopiu.net\/wordpress\/wp-content\/uploads\/2023\/04\/FABIANO-MAZZONI-RH-NEGATIVO.mp3<\/a><\/audio>\n<p>&nbsp;<\/p>\n<p>&nbsp;<\/p>\n<hr \/>\n<p>&nbsp;<\/p>\n<h2><span style=\"color: #ff0000;\">ALLA RADIO<\/span><\/h2>\n<h2><span style=\"color: #008080;\">&#8220;DINTORN E FORA VIA&#8221;\u00a0<\/span><span style=\"color: #008080;\"> IL PROGRAMMA\u00a0 <\/span><span style=\"color: #008080;\">A CURA DEL MUSLA\u00a0\u00a0<\/span><\/h2>\n<h1 style=\"text-align: center;\"><strong><span style=\"color: #ff0000;\">SECONDO ANNO\u00a0\u00a0<\/span><\/strong><\/h1>\n<p><strong><a class=\"dt-pswp-item\" href=\"https:\/\/www.radiopiu.net\/wordpress\/wp-content\/uploads\/2023\/04\/FRANCE-24.png\" data-dt-img-description=\"\" data-large_image_width=\"512\" data-large_image_height=\"512\"><img loading=\"lazy\" decoding=\"async\" class=\" wp-image-333422 alignleft\" src=\"https:\/\/www.radiopiu.net\/wordpress\/wp-content\/uploads\/2023\/04\/FRANCE-24-300x300.png\" alt=\"\" width=\"117\" height=\"117\" srcset=\"https:\/\/www.radiopiu.net\/wordpress\/wp-content\/uploads\/2023\/04\/FRANCE-24-300x300.png 300w, https:\/\/www.radiopiu.net\/wordpress\/wp-content\/uploads\/2023\/04\/FRANCE-24-150x150.png 150w, https:\/\/www.radiopiu.net\/wordpress\/wp-content\/uploads\/2023\/04\/FRANCE-24.png 512w\" sizes=\"auto, (max-width: 117px) 100vw, 117px\" \/><\/a>PUNTATA DEL 28 APRILE\u00a0 DAVIDE CONEDERA<\/strong><\/p>\n<audio class=\"wp-audio-shortcode\" id=\"audio-333408-10\" preload=\"none\" style=\"width: 100%;\" controls=\"controls\"><source type=\"audio\/mpeg\" src=\"https:\/\/www.radiopiu.net\/wordpress\/wp-content\/uploads\/2023\/04\/MUSLA-3.mp3?_=10\" \/><a href=\"https:\/\/www.radiopiu.net\/wordpress\/wp-content\/uploads\/2023\/04\/MUSLA-3.mp3\">https:\/\/www.radiopiu.net\/wordpress\/wp-content\/uploads\/2023\/04\/MUSLA-3.mp3<\/a><\/audio>\n<p>LA RACCOLTA<\/p>\n<blockquote class=\"wp-embedded-content\" data-secret=\"cISPX6OdKj\"><p><a href=\"https:\/\/www.radiopiu.net\/wordpress\/musla\/\">MUSLA<\/a><\/p><\/blockquote>\n<p><iframe loading=\"lazy\" class=\"wp-embedded-content\" sandbox=\"allow-scripts\" security=\"restricted\" style=\"position: absolute; clip: rect(1px, 1px, 1px, 1px);\" title=\"&#8220;MUSLA&#8221; &#8212; Radio Pi\u00f9\" src=\"https:\/\/www.radiopiu.net\/wordpress\/musla\/embed\/#?secret=4hchRUnbMF#?secret=cISPX6OdKj\" data-secret=\"cISPX6OdKj\" width=\"600\" height=\"338\" frameborder=\"0\" marginwidth=\"0\" marginheight=\"0\" scrolling=\"no\"><\/iframe><\/p>\n<p>&nbsp;<\/p>\n<h2><strong><a class=\"dt-pswp-item\" href=\"https:\/\/www.radiopiu.net\/wordpress\/wp-content\/uploads\/2023\/04\/brozzi.jpg\" data-dt-img-description=\"\" data-large_image_width=\"2048\" data-large_image_height=\"1152\"><img loading=\"lazy\" decoding=\"async\" class=\" wp-image-333426 alignleft\" src=\"https:\/\/www.radiopiu.net\/wordpress\/wp-content\/uploads\/2023\/04\/brozzi-300x169.jpg\" alt=\"\" width=\"176\" height=\"99\" srcset=\"https:\/\/www.radiopiu.net\/wordpress\/wp-content\/uploads\/2023\/04\/brozzi-300x169.jpg 300w, https:\/\/www.radiopiu.net\/wordpress\/wp-content\/uploads\/2023\/04\/brozzi-1024x576.jpg 1024w, https:\/\/www.radiopiu.net\/wordpress\/wp-content\/uploads\/2023\/04\/brozzi-768x432.jpg 768w, https:\/\/www.radiopiu.net\/wordpress\/wp-content\/uploads\/2023\/04\/brozzi-1536x864.jpg 1536w, https:\/\/www.radiopiu.net\/wordpress\/wp-content\/uploads\/2023\/04\/brozzi.jpg 2048w\" sizes=\"auto, (max-width: 176px) 100vw, 176px\" \/><\/a>\u00a0<span style=\"color: #33cccc;\">\u201c120-80\u201d DAL POLIAMULATORIO DI AGORDO IL DERMATOLOGO JACOPO BROZZI <\/span><\/strong><\/h2>\n<p><strong>di Mirko Mezzacasa<\/strong><\/p>\n<p>OSPITE: il dermatologo Jacopo Brozzi<\/p>\n<audio class=\"wp-audio-shortcode\" id=\"audio-333408-11\" preload=\"none\" style=\"width: 100%;\" controls=\"controls\"><source type=\"audio\/mpeg\" src=\"https:\/\/www.radiopiu.net\/wordpress\/wp-content\/uploads\/2023\/04\/JACOPO-BROZZI.mp3?_=11\" \/><a href=\"https:\/\/www.radiopiu.net\/wordpress\/wp-content\/uploads\/2023\/04\/JACOPO-BROZZI.mp3\">https:\/\/www.radiopiu.net\/wordpress\/wp-content\/uploads\/2023\/04\/JACOPO-BROZZI.mp3<\/a><\/audio>\n<p>&nbsp;<\/p>\n<hr \/>\n<p>&nbsp;<\/p>\n<blockquote>\n<h3>PRIMO MAGGIO NEL RICORDO DI DON SERGIO MANFROI<\/h3>\n<\/blockquote>\n<p><a class=\"dt-pswp-item\" href=\"https:\/\/www.radiopiu.net\/wordpress\/wp-content\/uploads\/2023\/04\/a32e12a8-6c7a-4173-beb7-329b64d4a34b.jpg\" data-dt-img-description=\"\" data-large_image_width=\"194\" data-large_image_height=\"194\"><img loading=\"lazy\" decoding=\"async\" class=\"size-full wp-image-332704 alignright\" src=\"https:\/\/www.radiopiu.net\/wordpress\/wp-content\/uploads\/2023\/04\/a32e12a8-6c7a-4173-beb7-329b64d4a34b.jpg\" alt=\"\" width=\"194\" height=\"194\" srcset=\"https:\/\/www.radiopiu.net\/wordpress\/wp-content\/uploads\/2023\/04\/a32e12a8-6c7a-4173-beb7-329b64d4a34b.jpg 194w, https:\/\/www.radiopiu.net\/wordpress\/wp-content\/uploads\/2023\/04\/a32e12a8-6c7a-4173-beb7-329b64d4a34b-150x150.jpg 150w\" sizes=\"auto, (max-width: 194px) 100vw, 194px\" \/><\/a><strong>Il primo maggio<\/strong> alle 10.30 presso chiesa parrocchiale si Chies, sara&#8217; celebrata in memoria di don Sergio Manfroi ( parroco della parrocchia di Chies per 18 anni e morto il 28 aprile 2013). La santa messa sar\u00e0 officiata dal vescovo emerito Giuseppe Andrich ed animata dal coro parrocchiale Lamosano e Chies .<br \/>\nLa comunit\u00e0 tutta di Chies d&#8217;Alpago per la grande stima verso il sacerdote lo ricorda ancora oggi sempre con grande affetto&#8230;. Don Sergio era un grande predicatore,\u00a0 conosciuto in tutta la provincia come grande direttore dei cori parrocchiali, ha organizzato i centri estivi per i bambino fino a 85 anni&#8230;.&#8221;Uomo e Sacerdote ricordato dalla gente della comunit\u00e0 per le tante doti e doni :&#8221; Umano , empatico , simpatico , sorridente e assertivo &#8221;<\/p>\n<p>&nbsp;<\/p>\n<div dir=\"auto\">\n<p>&nbsp;<\/p>\n<p>&nbsp;<\/p>\n<hr \/>\n<p>&nbsp;<\/p>\n<blockquote>\n<h3 class=\"entry-title\">L\u2019IMPEGNO PER LA FIBROSI CISTICA, SULLA STRADA DI BICE<\/h3>\n<\/blockquote>\n<p><strong>REDAZIONE <\/strong>Raccolta fondi: <span id=\"page3R_mcid0\" class=\"markedContent\"><span dir=\"ltr\" role=\"presentation\">\u00a0<\/span><\/span><span id=\"page3R_mcid2\" class=\"markedContent\"><span dir=\"ltr\" role=\"presentation\"><strong>SABATO 6<\/strong>\u00a0maggio a\u00a0<\/span><\/span><span id=\"page3R_mcid3\" class=\"markedContent\"><span dir=\"ltr\" role=\"presentation\">Santo Stefano di Cadore, Dosoledo, Agordo, Caviola, Falcade, Castion in Piazza I\u00b0\u00a0<\/span><span dir=\"ltr\" role=\"presentation\">Maggio (Alpini), Puos d<\/span><span dir=\"ltr\" role=\"presentation\">\u2019<\/span><span dir=\"ltr\" role=\"presentation\">Alpago Piazza P. Luciani.\u00a0<\/span><\/span><span id=\"page3R_mcid5\" class=\"markedContent\"><span dir=\"ltr\" role=\"presentation\"><strong>DOMENICA 7 Maggio<\/strong>\u00a0<\/span><\/span><span id=\"page3R_mcid6\" class=\"markedContent\"><span dir=\"ltr\" role=\"presentation\">Parrocchie Del Poi (Rivamonte, Tiser, Gosaldo, Frassen\u00e8 e Voltago) <\/span><\/span><span id=\"page3R_mcid8\" class=\"markedContent\"><span dir=\"ltr\" role=\"presentation\"><strong>Durante<\/strong> la settimana ci sar\u00e0 il recapito porta a porta della<\/span>\u00a0<span dir=\"ltr\" role=\"presentation\">\u201c<\/span><span dir=\"ltr\" role=\"presentation\">dipladenia<\/span><span dir=\"ltr\" role=\"presentation\">\u201d<\/span>\u00a0<span dir=\"ltr\" role=\"presentation\">a Farra\u00a0<\/span><span dir=\"ltr\" role=\"presentation\">d<\/span><span dir=\"ltr\" role=\"presentation\">\u2019<\/span><span dir=\"ltr\" role=\"presentation\">Alpago e Zopp\u00e8 di Cadore\u00a0<\/span><\/span><\/p>\n<p>&nbsp;<\/p>\n<p>&nbsp;<\/p>\n<hr \/>\n<\/div>\n<div dir=\"auto\"><\/div>\n<div dir=\"auto\">\n<blockquote>\n<h2><strong>Una serata al cinema per l\u2019affido familiare<\/strong><\/h2>\n<\/blockquote>\n<p><strong>BELLUNO<\/strong> I Centri per l\u2019Affido e la Solidariet\u00e0 Familiare dell\u2019Ulss Dolomiti, in collaborazione con Lions Club Belluno, Lions Club Feltre, Lions Club Cadore Dolomiti e con il patrocinio del Comune di Belluno, organizzano una serata al cinema per promuovere l\u2019affido e la solidariet\u00e0 familiare. L\u2019appuntamento \u00e8 per <strong>gioved\u00ec<\/strong> alle 20.30 al Cinema Italia di Belluno. Grazie alla disponibilit\u00e0 del Cinema, durante la serata sar\u00e0 proiettato il film \u201cThe Quiet Girl\u201d<\/p>\n<p>&nbsp;<\/p>\n<p>&nbsp;<\/p>\n<hr \/>\n<p>&nbsp;<\/p>\n<blockquote>\n<h3>UNIVERSITA&#8217; ANZIANI ADULTI, L&#8217;ULTIMA LEZIONE CON MELCHIORRE E SOGNE<\/h3>\n<\/blockquote>\n<p><strong><img loading=\"lazy\" decoding=\"async\" class=\"alignleft\" src=\"https:\/\/www.radiopiu.net\/wordpress\/wp-content\/uploads\/2022\/09\/UNIVERSITA-ANZIANI-AGORDO-min-300x300.jpg\" width=\"168\" height=\"168\" \/>AGORDO<\/strong><\/p>\n<p><strong>DI GIANNI SANTOMASO<\/strong><\/p>\n<audio class=\"wp-audio-shortcode\" id=\"audio-333408-12\" preload=\"none\" style=\"width: 100%;\" controls=\"controls\"><source type=\"audio\/mpeg\" src=\"https:\/\/www.radiopiu.net\/wordpress\/wp-content\/uploads\/2023\/02\/UNIVERSTIA-GIANNIA.mp3?_=12\" \/><a href=\"https:\/\/www.radiopiu.net\/wordpress\/wp-content\/uploads\/2023\/02\/UNIVERSTIA-GIANNIA.mp3\">https:\/\/www.radiopiu.net\/wordpress\/wp-content\/uploads\/2023\/02\/UNIVERSTIA-GIANNIA.mp3<\/a><\/audio>\n<p>&nbsp;<\/p>\n<hr \/>\n<p>&nbsp;<\/p>\n<\/div>\n<div dir=\"auto\">\n<blockquote>\n<h3>SOSPIROLO EVENTI<\/h3>\n<\/blockquote>\n<h3><a class=\"dt-pswp-item\" href=\"https:\/\/www.radiopiu.net\/wordpress\/wp-content\/uploads\/2023\/04\/Senza-nome-66.jpg\" data-dt-img-description=\"\" data-large_image_width=\"129\" data-large_image_height=\"153\"><img loading=\"lazy\" decoding=\"async\" class=\"size-full wp-image-332530 alignleft\" src=\"https:\/\/www.radiopiu.net\/wordpress\/wp-content\/uploads\/2023\/04\/Senza-nome-66.jpg\" alt=\"\" width=\"129\" height=\"153\" \/><\/a><\/h3>\n<p><strong>SOSPIROLO<\/strong> \u00a0<strong>venerd\u00ec 5<\/strong> maggio ore 20.45 al Pr\u00e0 della Melia <strong>Sonon par San Gottardo, concerto di fisarmoniche.<\/strong> Serata di raccolta fondi per il restauro del campanile (Comitato pro San Gottardo) <strong>sabato 6<\/strong> maggio dalle 10.30 a La Mandra <strong>Festa sociale della Montagna<\/strong> (Centro Studi Montagna Sospirolese)<\/p>\n<\/div>\n<div dir=\"auto\"><\/div>\n<div dir=\"auto\"><\/div>\n<div dir=\"auto\"><\/div>\n<div dir=\"auto\"><\/div>\n<div dir=\"auto\"><\/div>\n<div dir=\"auto\"><\/div>\n<div dir=\"auto\">\n<hr \/>\n<p>&nbsp;<\/p>\n<\/div>\n<blockquote>\n<h3 dir=\"auto\"><span id=\"page3R_mcid6\" class=\"markedContent\"><span dir=\"ltr\" role=\"presentation\">Gruppo di lettura sul libro \u201cAbbassa il cielo e scendi\u201d di Giorgio Boatti\u00a0<\/span><\/span><\/h3>\n<\/blockquote>\n<div dir=\"auto\"><span id=\"page3R_mcid7\" class=\"markedContent\"><br role=\"presentation\" \/><strong><span dir=\"ltr\" role=\"presentation\">BELLUNO <\/span><\/strong><\/span><span id=\"page3R_mcid9\" class=\"markedContent\"><span dir=\"ltr\" role=\"presentation\">La Biblioteca civica di Belluno organizza un gruppo di lettura con tre incontri per<\/span><span dir=\"ltr\" role=\"presentation\">discutere sui temi proposti dal libro<\/span> <span dir=\"ltr\" role=\"presentation\">\u201c<\/span><span dir=\"ltr\" role=\"presentation\">Abbassa il cielo e scendi<\/span><span dir=\"ltr\" role=\"presentation\">\u201d<\/span> <span dir=\"ltr\" role=\"presentation\">di Giorgio Boatti, <\/span><span dir=\"ltr\" role=\"presentation\">condotto dalla psicologa Sonia Fagherazzi. <\/span><\/span><span id=\"page3R_mcid10\" class=\"markedContent\"><span dir=\"ltr\" role=\"presentation\">Le giornate in calendario sono tre venerd\u00ec di maggio, il 12, 19 e 26, dalle 15 alle<\/span><span dir=\"ltr\" role=\"presentation\">16. Nell<\/span><span dir=\"ltr\" role=\"presentation\">\u2019<\/span><span dir=\"ltr\" role=\"presentation\">ultimo incontro, il 26 maggio, \u00e8 p<\/span><span dir=\"ltr\" role=\"presentation\">revista la partecipazione dell\u2019a<\/span><span dir=\"ltr\" role=\"presentation\">utore. <\/span><span dir=\"ltr\" role=\"presentation\">L\u2019iniziativa, per la quale sono<\/span> <span dir=\"ltr\" role=\"presentation\">gi\u00e0 aperte le iscrizioni, si svolger\u00e0 presso la sala <\/span><span dir=\"ltr\" role=\"presentation\">conferenze al 2\u00b0 piano di Palazzo Bembo\u00a0<\/span><\/span><\/div>\n<div dir=\"auto\"><\/div>\n<div dir=\"auto\"><\/div>\n<div dir=\"auto\">\n<hr \/>\n<\/div>\n<blockquote>\n<h3 dir=\"auto\">PRIMO MAGGIO IN ALTO&#8230; A RIF DI AGORDO CON LA FESTA DI SAN GIUSEPPE<\/h3>\n<\/blockquote>\n<div dir=\"auto\"><\/div>\n<div dir=\"auto\">\n<p><strong><img decoding=\"async\" class=\"alignleft\" src=\"https:\/\/www.radiopiu.net\/wordpress\/wp-content\/uploads\/2022\/02\/DSC07985-150x150-1.jpg\" \/>L&#8217;INTERVISTA A EVA OLIVIER, PORTAVOCE BOCE DA RIF<\/strong><\/p>\n<p><strong>DI MIRKO MEZZACASA<\/strong><\/p>\n<audio class=\"wp-audio-shortcode\" id=\"audio-333408-13\" preload=\"none\" style=\"width: 100%;\" controls=\"controls\"><source type=\"audio\/mpeg\" src=\"https:\/\/www.radiopiu.net\/wordpress\/wp-content\/uploads\/2022\/02\/RIF-BOCE-DA-RIF.mp3?_=13\" \/><a href=\"https:\/\/www.radiopiu.net\/wordpress\/wp-content\/uploads\/2022\/02\/RIF-BOCE-DA-RIF.mp3\">https:\/\/www.radiopiu.net\/wordpress\/wp-content\/uploads\/2022\/02\/RIF-BOCE-DA-RIF.mp3<\/a><\/audio>\n<p>&nbsp;<\/p>\n<\/div>\n<p>&nbsp;<\/p>\n<p>&nbsp;<\/p>\n<hr \/>\n<p>&nbsp;<\/p>\n<blockquote>\n<h3>LE ORME IN CONCERTO AD ANZU&#8217; DI FELTRE<\/h3>\n<\/blockquote>\n<p><strong><a class=\"dt-pswp-item\" href=\"https:\/\/www.radiopiu.net\/wordpress\/wp-content\/uploads\/2023\/04\/LE-ORME-CONCERTO.jpg\" data-dt-img-description=\"\" data-large_image_width=\"921\" data-large_image_height=\"551\"><img loading=\"lazy\" decoding=\"async\" class=\" wp-image-332388 alignleft\" src=\"https:\/\/www.radiopiu.net\/wordpress\/wp-content\/uploads\/2023\/04\/LE-ORME-CONCERTO-300x179.jpg\" alt=\"\" width=\"179\" height=\"107\" srcset=\"https:\/\/www.radiopiu.net\/wordpress\/wp-content\/uploads\/2023\/04\/LE-ORME-CONCERTO-300x179.jpg 300w, https:\/\/www.radiopiu.net\/wordpress\/wp-content\/uploads\/2023\/04\/LE-ORME-CONCERTO-768x459.jpg 768w, https:\/\/www.radiopiu.net\/wordpress\/wp-content\/uploads\/2023\/04\/LE-ORME-CONCERTO.jpg 921w\" sizes=\"auto, (max-width: 179px) 100vw, 179px\" \/><\/a>FELTRE<\/strong><\/p>\n<p><strong>L&#8217;INTERVISTA<\/strong><\/p>\n<audio class=\"wp-audio-shortcode\" id=\"audio-333408-14\" preload=\"none\" style=\"width: 100%;\" controls=\"controls\"><source type=\"audio\/mpeg\" src=\"https:\/\/www.radiopiu.net\/wordpress\/wp-content\/uploads\/2023\/04\/CONCERTO-LE-ORME.mp3?_=14\" \/><a href=\"https:\/\/www.radiopiu.net\/wordpress\/wp-content\/uploads\/2023\/04\/CONCERTO-LE-ORME.mp3\">https:\/\/www.radiopiu.net\/wordpress\/wp-content\/uploads\/2023\/04\/CONCERTO-LE-ORME.mp3<\/a><\/audio>\n<p>&nbsp;<\/p>\n<p><strong>IL SALUTO DI TONY PAGLIUCA\u00a0<\/strong><\/p>\n<audio class=\"wp-audio-shortcode\" id=\"audio-333408-15\" preload=\"none\" style=\"width: 100%;\" controls=\"controls\"><source type=\"audio\/mpeg\" src=\"https:\/\/www.radiopiu.net\/wordpress\/wp-content\/uploads\/2023\/04\/pagliuca.mp3?_=15\" \/><a href=\"https:\/\/www.radiopiu.net\/wordpress\/wp-content\/uploads\/2023\/04\/pagliuca.mp3\">https:\/\/www.radiopiu.net\/wordpress\/wp-content\/uploads\/2023\/04\/pagliuca.mp3<\/a><\/audio>\n<p>&nbsp;<\/p>\n<p>&nbsp;<\/p>\n<p>&nbsp;<\/p>\n<p>&nbsp;<\/p>\n<hr \/>\n<p>&nbsp;<\/p>\n<p>&nbsp;<\/p>\n<p><iframe loading=\"lazy\" title=\"Trailer Promo Falcade Live Show il 06 05 2023\" width=\"1200\" height=\"675\" src=\"https:\/\/www.youtube.com\/embed\/vytkb_XSQIQ?feature=oembed\" frameborder=\"0\" allow=\"accelerometer; autoplay; clipboard-write; encrypted-media; gyroscope; picture-in-picture; web-share\" allowfullscreen><\/iframe><\/p>\n<p>&nbsp;<\/p>\n<blockquote class=\"wp-embedded-content\" data-secret=\"jgslTrWV45\"><p><a href=\"https:\/\/www.radiopiu.net\/wordpress\/una-sera-di-comicita-al-palafalcade-con-ingresso-gratuito\/\">UNA SERA DI COMICITA&#8217; AL PALAFALCADE CON INGRESSO GRATUITO<\/a><\/p><\/blockquote>\n<p><iframe loading=\"lazy\" class=\"wp-embedded-content\" sandbox=\"allow-scripts\" security=\"restricted\" style=\"position: absolute; clip: rect(1px, 1px, 1px, 1px);\" title=\"&#8220;UNA SERA DI COMICITA&#8217; AL PALAFALCADE CON INGRESSO GRATUITO&#8221; &#8212; Radio Pi\u00f9\" src=\"https:\/\/www.radiopiu.net\/wordpress\/una-sera-di-comicita-al-palafalcade-con-ingresso-gratuito\/embed\/#?secret=kZux1vK9po#?secret=jgslTrWV45\" data-secret=\"jgslTrWV45\" width=\"600\" height=\"338\" frameborder=\"0\" marginwidth=\"0\" marginheight=\"0\" scrolling=\"no\"><\/iframe><\/p>\n<p>&nbsp;<\/p>\n<p>&nbsp;<\/p>\n<hr \/>\n<p>&nbsp;<\/p>\n<blockquote>\n<h3>L&#8217;ACCADEMIA TEATRO LA SCALA AL TEATRO COMUNALE DI BELLUNO<\/h3>\n<\/blockquote>\n<p><strong><a class=\"dt-pswp-item\" href=\"https:\/\/www.radiopiu.net\/wordpress\/wp-content\/uploads\/2023\/04\/Accademia-Teatro-Alla-Scala-SITO.png\" data-dt-img-description=\"\" data-large_image_width=\"688\" data-large_image_height=\"270\"><img loading=\"lazy\" decoding=\"async\" class=\" wp-image-333420 alignleft\" src=\"https:\/\/www.radiopiu.net\/wordpress\/wp-content\/uploads\/2023\/04\/Accademia-Teatro-Alla-Scala-SITO-300x118.png\" alt=\"\" width=\"191\" height=\"75\" srcset=\"https:\/\/www.radiopiu.net\/wordpress\/wp-content\/uploads\/2023\/04\/Accademia-Teatro-Alla-Scala-SITO-300x118.png 300w, https:\/\/www.radiopiu.net\/wordpress\/wp-content\/uploads\/2023\/04\/Accademia-Teatro-Alla-Scala-SITO.png 688w\" sizes=\"auto, (max-width: 191px) 100vw, 191px\" \/><\/a>BELLUNO<\/strong> Il Teatro alla Scala di Milano in concerto a Belluno, con un gruppo da camera della sua prestigiosa Accademia. Un nuovo grande appuntamento di <em>Intrecci Musicali 2023<\/em> del Circolo Culturale Bellunese, mercoled\u00ec 3 maggio ore 20:30, Teatro Comunale, con l&#8217;opportunit\u00e0 per il pubblico di ascoltare dal vivo a Belluno i musicisti dello storico teatro milanese, celebre in tutto il mondo. Il gruppo \u00e8 composto da violini, viola, violoncello, contrabbasso, arpa, flauto, clarinetto e corno, con 10 giovani musicisti dell&#8217;Accademia. Informazioni e note di sala complete su belcircolo.org<\/p>\n<p>&nbsp;<\/p>\n<p>&nbsp;<\/p>\n<hr \/>\n<p>&nbsp;<\/p>\n<p><strong>I GRAFICI DI TIZIANO DE COL<\/strong><\/p>\n\n\t\t\t<style type='text\/css'>\n\t\t\t\t#gallery-2 {\n\t\t\t\t\tmargin: auto;\n\t\t\t\t}\n\t\t\t\t#gallery-2 .gallery-item {\n\t\t\t\t\tfloat: left;\n\t\t\t\t\tmargin-top: 10px;\n\t\t\t\t\ttext-align: center;\n\t\t\t\t\twidth: 20%;\n\t\t\t\t}\n\t\t\t\t#gallery-2 img {\n\t\t\t\t\tborder: 2px solid #cfcfcf;\n\t\t\t\t}\n\t\t\t\t#gallery-2 .gallery-caption {\n\t\t\t\t\tmargin-left: 0;\n\t\t\t\t}\n\t\t\t\t\/* see gallery_shortcode() in wp-includes\/media.php *\/\n\t\t\t<\/style>\n\t\t<div id='gallery-2' class='dt-gallery-container gallery galleryid-333408 gallery-columns-5 gallery-size-medium'><dl class='gallery-item'>\n\t\t\t\t<dt class='gallery-icon landscape'>\n\t\t\t\t\t<a class=\"rollover rollover-zoom dt-pswp-item\" title=\"8c517ab2-316a-4e82-87c5-3d6be7b96d58\" data-dt-img-description=\"\" data-large_image_width=\"560\" data-large_image_height=\"358\"href='https:\/\/www.radiopiu.net\/wordpress\/wp-content\/uploads\/2023\/04\/8c517ab2-316a-4e82-87c5-3d6be7b96d58.jpg'><img loading=\"lazy\" decoding=\"async\" width=\"300\" height=\"192\" src=\"https:\/\/www.radiopiu.net\/wordpress\/wp-content\/uploads\/2023\/04\/8c517ab2-316a-4e82-87c5-3d6be7b96d58-300x192.jpg\" class=\"attachment-medium size-medium\" alt=\"\" srcset=\"https:\/\/www.radiopiu.net\/wordpress\/wp-content\/uploads\/2023\/04\/8c517ab2-316a-4e82-87c5-3d6be7b96d58-300x192.jpg 300w, https:\/\/www.radiopiu.net\/wordpress\/wp-content\/uploads\/2023\/04\/8c517ab2-316a-4e82-87c5-3d6be7b96d58.jpg 560w\" sizes=\"auto, (max-width: 300px) 100vw, 300px\" \/><\/a>\n\t\t\t\t<\/dt><\/dl><dl class='gallery-item'>\n\t\t\t\t<dt class='gallery-icon landscape'>\n\t\t\t\t\t<a class=\"rollover rollover-zoom dt-pswp-item\" title=\"edca0004-6b39-45c2-9aa1-b0502c8fd927\" data-dt-img-description=\"\" data-large_image_width=\"614\" data-large_image_height=\"350\"href='https:\/\/www.radiopiu.net\/wordpress\/wp-content\/uploads\/2023\/04\/edca0004-6b39-45c2-9aa1-b0502c8fd927.jpg'><img loading=\"lazy\" decoding=\"async\" width=\"300\" height=\"171\" src=\"https:\/\/www.radiopiu.net\/wordpress\/wp-content\/uploads\/2023\/04\/edca0004-6b39-45c2-9aa1-b0502c8fd927-300x171.jpg\" class=\"attachment-medium size-medium\" alt=\"\" srcset=\"https:\/\/www.radiopiu.net\/wordpress\/wp-content\/uploads\/2023\/04\/edca0004-6b39-45c2-9aa1-b0502c8fd927-300x171.jpg 300w, https:\/\/www.radiopiu.net\/wordpress\/wp-content\/uploads\/2023\/04\/edca0004-6b39-45c2-9aa1-b0502c8fd927.jpg 614w\" sizes=\"auto, (max-width: 300px) 100vw, 300px\" \/><\/a>\n\t\t\t\t<\/dt><\/dl><dl class='gallery-item'>\n\t\t\t\t<dt class='gallery-icon landscape'>\n\t\t\t\t\t<a class=\"rollover rollover-zoom dt-pswp-item\" title=\"248ac595-8ff8-4a60-a909-dc008de431a4\" data-dt-img-description=\"\" data-large_image_width=\"598\" data-large_image_height=\"344\"href='https:\/\/www.radiopiu.net\/wordpress\/wp-content\/uploads\/2023\/04\/248ac595-8ff8-4a60-a909-dc008de431a4.jpg'><img loading=\"lazy\" decoding=\"async\" width=\"300\" height=\"173\" src=\"https:\/\/www.radiopiu.net\/wordpress\/wp-content\/uploads\/2023\/04\/248ac595-8ff8-4a60-a909-dc008de431a4-300x173.jpg\" class=\"attachment-medium size-medium\" alt=\"\" srcset=\"https:\/\/www.radiopiu.net\/wordpress\/wp-content\/uploads\/2023\/04\/248ac595-8ff8-4a60-a909-dc008de431a4-300x173.jpg 300w, https:\/\/www.radiopiu.net\/wordpress\/wp-content\/uploads\/2023\/04\/248ac595-8ff8-4a60-a909-dc008de431a4.jpg 598w\" sizes=\"auto, (max-width: 300px) 100vw, 300px\" \/><\/a>\n\t\t\t\t<\/dt><\/dl><dl class='gallery-item'>\n\t\t\t\t<dt class='gallery-icon landscape'>\n\t\t\t\t\t<a class=\"rollover rollover-zoom dt-pswp-item\" title=\"f80da09a-1d10-4867-910c-f0a841385f89\" data-dt-img-description=\"\" data-large_image_width=\"592\" data-large_image_height=\"347\"href='https:\/\/www.radiopiu.net\/wordpress\/wp-content\/uploads\/2023\/04\/f80da09a-1d10-4867-910c-f0a841385f89.jpg'><img loading=\"lazy\" decoding=\"async\" width=\"300\" height=\"176\" src=\"https:\/\/www.radiopiu.net\/wordpress\/wp-content\/uploads\/2023\/04\/f80da09a-1d10-4867-910c-f0a841385f89-300x176.jpg\" class=\"attachment-medium size-medium\" alt=\"\" srcset=\"https:\/\/www.radiopiu.net\/wordpress\/wp-content\/uploads\/2023\/04\/f80da09a-1d10-4867-910c-f0a841385f89-300x176.jpg 300w, https:\/\/www.radiopiu.net\/wordpress\/wp-content\/uploads\/2023\/04\/f80da09a-1d10-4867-910c-f0a841385f89.jpg 592w\" sizes=\"auto, (max-width: 300px) 100vw, 300px\" \/><\/a>\n\t\t\t\t<\/dt><\/dl><dl class='gallery-item'>\n\t\t\t\t<dt class='gallery-icon landscape'>\n\t\t\t\t\t<a class=\"rollover rollover-zoom dt-pswp-item\" title=\"ee57507b-bfd0-45c6-b3e9-b97a281964a8\" data-dt-img-description=\"\" data-large_image_width=\"604\" data-large_image_height=\"346\"href='https:\/\/www.radiopiu.net\/wordpress\/wp-content\/uploads\/2023\/04\/ee57507b-bfd0-45c6-b3e9-b97a281964a8.jpg'><img loading=\"lazy\" decoding=\"async\" width=\"300\" height=\"172\" src=\"https:\/\/www.radiopiu.net\/wordpress\/wp-content\/uploads\/2023\/04\/ee57507b-bfd0-45c6-b3e9-b97a281964a8-300x172.jpg\" class=\"attachment-medium size-medium\" alt=\"\" srcset=\"https:\/\/www.radiopiu.net\/wordpress\/wp-content\/uploads\/2023\/04\/ee57507b-bfd0-45c6-b3e9-b97a281964a8-300x172.jpg 300w, https:\/\/www.radiopiu.net\/wordpress\/wp-content\/uploads\/2023\/04\/ee57507b-bfd0-45c6-b3e9-b97a281964a8.jpg 604w\" sizes=\"auto, (max-width: 300px) 100vw, 300px\" \/><\/a>\n\t\t\t\t<\/dt><\/dl><br style=\"clear: both\" \/>\n\t\t\t<\/div>\n\n<p>&nbsp;<\/p>\n<p>&nbsp;<\/p>\n<div dir=\"auto\">\n<p>&nbsp;<\/p>\n<hr \/>\n<p>&nbsp;<\/p>\n<p>&nbsp;<\/p>\n<div class=\"message spoilers-container\" dir=\"auto\">\n<div>\n<div class=\"b654a4as d2edcug0\">\n<div class=\"rq0escxv hkbzh7o3 jwdofwj8 n8tt0mok r8blr3vg hyh9befq\">\n<p><a class=\"dt-pswp-item\" href=\"https:\/\/www.radiopiu.net\/wordpress\/wp-content\/uploads\/2020\/10\/pp.jpg\" data-dt-img-description=\"\" data-large_image_width=\"640\" data-large_image_height=\"640\"><img loading=\"lazy\" decoding=\"async\" class=\"wp-image-163678 alignleft\" src=\"https:\/\/www.radiopiu.net\/wordpress\/wp-content\/uploads\/2020\/10\/pp-300x300.jpg\" alt=\"\" width=\"106\" height=\"106\" srcset=\"https:\/\/www.radiopiu.net\/wordpress\/wp-content\/uploads\/2020\/10\/pp-300x300.jpg 300w, https:\/\/www.radiopiu.net\/wordpress\/wp-content\/uploads\/2020\/10\/pp-150x150.jpg 150w, https:\/\/www.radiopiu.net\/wordpress\/wp-content\/uploads\/2020\/10\/pp-125x125.jpg 125w, https:\/\/www.radiopiu.net\/wordpress\/wp-content\/uploads\/2020\/10\/pp-200x200.jpg 200w, https:\/\/www.radiopiu.net\/wordpress\/wp-content\/uploads\/2020\/10\/pp-80x80.jpg 80w, https:\/\/www.radiopiu.net\/wordpress\/wp-content\/uploads\/2020\/10\/pp-480x480.jpg 480w, https:\/\/www.radiopiu.net\/wordpress\/wp-content\/uploads\/2020\/10\/pp.jpg 640w\" sizes=\"auto, (max-width: 106px) 100vw, 106px\" \/><\/a><\/p>\n<\/div>\n<\/div>\n<\/div>\n<\/div>\n<div class=\"message spoilers-container\" dir=\"auto\">\n<div>\n<div class=\"page-title-head hgroup\">\n<div class=\"page-title-head hgroup\">\n<div class=\"b654a4as d2edcug0\">\n<div class=\"j83agx80 btwxx1t3 lhclo0ds hop8lmos nkwizq5d scwd0bx6 roh60bw9\">\n<div class=\"rq0escxv hkbzh7o3 jwdofwj8 n8tt0mok r8blr3vg hyh9befq\">\n<div class=\"do00u71z l9j0dhe7 k4urcfbm\" style=\"text-align: left;\">\n<h2><span style=\"color: #000080;\">DON CESARE, IL PENSIERO DEL GIORNO. ALLA RADIO ALLE 7 DEL MATTINO E ALLE 19.30 DELLA SERA<\/span><\/h2>\n<audio class=\"wp-audio-shortcode\" id=\"audio-333408-16\" preload=\"none\" style=\"width: 100%;\" controls=\"controls\"><source type=\"audio\/mpeg\" src=\"https:\/\/www.radiopiu.net\/wordpress\/wp-content\/uploads\/2023\/04\/CESARE-20.mp3?_=16\" \/><a href=\"https:\/\/www.radiopiu.net\/wordpress\/wp-content\/uploads\/2023\/04\/CESARE-20.mp3\">https:\/\/www.radiopiu.net\/wordpress\/wp-content\/uploads\/2023\/04\/CESARE-20.mp3<\/a><\/audio>\n<\/div>\n<\/div>\n<\/div>\n<\/div>\n<\/div>\n<\/div>\n<\/div>\n<\/div>\n<p>&nbsp;<\/p>\n<hr \/>\n<p>&nbsp;<\/p>\n<div class=\"message spoilers-container\" dir=\"auto\">\n<p>&nbsp;<\/p>\n<\/div>\n<div class=\"message spoilers-container\" dir=\"auto\">\n<h2><span style=\"color: #ff00ff;\">IN VIVO VERSO\u00a0 \u00a0<\/span><\/h2>\n<blockquote>\n<h3><span style=\"color: #ff00ff;\">MAMMA DI FEDERICO SOPPELSA <\/span><\/h3>\n<\/blockquote>\n<p>AUDIO<\/p>\n<audio class=\"wp-audio-shortcode\" id=\"audio-333408-17\" preload=\"none\" style=\"width: 100%;\" controls=\"controls\"><source type=\"audio\/mpeg\" src=\"https:\/\/www.radiopiu.net\/wordpress\/wp-content\/uploads\/2023\/04\/05-MAMMA.mp3?_=17\" \/><a href=\"https:\/\/www.radiopiu.net\/wordpress\/wp-content\/uploads\/2023\/04\/05-MAMMA.mp3\">https:\/\/www.radiopiu.net\/wordpress\/wp-content\/uploads\/2023\/04\/05-MAMMA.mp3<\/a><\/audio>\n<p>&nbsp;<\/p>\n<p><a class=\"dt-pswp-item\" href=\"https:\/\/www.radiopiu.net\/wordpress\/wp-content\/uploads\/2023\/04\/MAMMA.jpg\" data-dt-img-description=\"\" data-large_image_width=\"590\" data-large_image_height=\"590\"><img loading=\"lazy\" decoding=\"async\" class=\" wp-image-333475 alignleft\" src=\"https:\/\/www.radiopiu.net\/wordpress\/wp-content\/uploads\/2023\/04\/MAMMA-300x300.jpg\" alt=\"\" width=\"229\" height=\"229\" srcset=\"https:\/\/www.radiopiu.net\/wordpress\/wp-content\/uploads\/2023\/04\/MAMMA-300x300.jpg 300w, https:\/\/www.radiopiu.net\/wordpress\/wp-content\/uploads\/2023\/04\/MAMMA-150x150.jpg 150w, https:\/\/www.radiopiu.net\/wordpress\/wp-content\/uploads\/2023\/04\/MAMMA.jpg 590w\" sizes=\"auto, (max-width: 229px) 100vw, 229px\" \/><\/a>MAMMA<\/p>\n<p>FEDERICO SOPPELSA<\/p>\n<p>QUANTI RICORDI SONO AFFIORATI ALLA MIA MENTE<br \/>\nDEI PRIMI DUE O TRE ANNI NON MI RICORDO NIENTE<br \/>\nMAMMA<\/p>\n<p>UN GIORNO HO GUARDATO IL CIELO E HO VISTO IL TUO VOLTO<br \/>\nUN VOLTO SERENO E UN SORRISO SUL TUO VISO HO COLTO<br \/>\nI TUOI GRANDI OCCHI SCURI MI HAN GUARDATO CON AMORE<br \/>\nIL TUO SALUTO CON LA MANO MI \u00c8 ARRIVATO DRITTO AL CUORE<br \/>\nSSO SOLO IMMAGINARE CON QUANTO AMORE MI ACCUDIVI<br \/>\nE QUANTO SENTIVO LA TUA MANCANZA QUANDO PER LAVORO TU PARTIVI<\/p>\n<p>POI FIEVOLI RICORDI MI PORTAVI IN QUELLA CASA PIENA DI GATTINI<br \/>\nIO GLI UNIVO LE ZAMPINE COME FOSSERO BAMBINI<br \/>\nFACEVO LORO RECITARE LE PREGHIERE<br \/>\nOGNI GIORNO A TUTTI E VENTI TUTTE LE SERE<\/p>\n<p>IL PAP\u00c0 QUEGLI ANNI ANDAVA LONTANO A LAVORARE<br \/>\nTU MI PARLAVI SEMPRE DI LUI PER NON FARMELO DIMENTICARE<br \/>\nQUANDO ANDAVAMO AD IMBUCARE LE LETTERE CHE GLI SCRIVEVI<br \/>\nIO GRIDAVO FORTE CIAOO NELLA BUCHETTA E CHIEDEVO QUANDO ARRIVI?<\/p>\n<p>POI LA SCUOLA SVEGLIATO DA UNA TUA IMMANCABILE CAREZZA<br \/>\nIL CAFFELATTE GI\u00c0 PRONTO IN QUELLA BIANCA TAZZA<br \/>\nI VESTITI NON FIRMATI MA SEMPRE BEN PULITI<br \/>\nLA CARTELLA UN PO&#8217; SGUALCITA CON LA CINGHIA CONSUMATA<\/p>\n<p>FACEVI LA SOLITA RACCOMANDAZIONE A LUCIANO MIO FRATELLO<br \/>\nATTENTO AL FEDE ACCOMPAGNALO FIN GI\u00d9 AL CANCELLO<br \/>\nAL RITORNO DALLA SCUOLA IL TUO INMANCABILE BACINO<br \/>\nLA TAVOLA IMBANDITA E SEMPRE UN DELIZIOSO PROFUMINO<\/p>\n<p>HAI GESTITO I MIEI RISPARMI DA QUANDO AVEVO QUINDIC&#8217;ANNI<br \/>\nSE L&#8217;AVESSI FATTO IO AVREI CREATO SOLO DANNI<br \/>\nDA TE HO IMPARATO CHE BISOGNA RISPARMIARE<br \/>\nSE VUOI AVER QUALCOSA QUANDO POI TI VUOI SPOSARE<\/p>\n<p>HAI TRATTATO LA MIA ANNA COME FOSSE FIGLIA TUA<br \/>\nMI DICE SEMPRE CHE ANCHE PER LEI ERI COME MAMMA SUA<br \/>\nRIEMPIVI LE MIE BIMBE DEL TUO AFFETTO<br \/>\nANCHE QUANDO ERI AMMALATA NEL TUO LETTO<\/p>\n<p>MI HAI CHIESTO MILLE VOLTE DI SMETTERE DI BERE<br \/>\nTU HAI SEMPRE CREDUTO CHE CI\u00d2 POTESSE ACCADERE<br \/>\nHAI CAPITO CHE CE L&#8217;AVEVO FATTA PRIMA DI SALIRE IN PARADISO<br \/>\nECCO PERCH\u00c9 QUANDO MI HAI SALUTATO MI HAI SORRISO<\/p>\n<p>FEDERICO SOPPELSA<\/p>\n<p>&nbsp;<\/p>\n<p><strong>LA RACCOLTA COMPLETA<\/strong><\/p>\n<\/div>\n<div class=\"message spoilers-container\" dir=\"auto\">\n<blockquote class=\"wp-embedded-content\" data-secret=\"KR5BmZkeAf\"><p><a href=\"https:\/\/www.radiopiu.net\/wordpress\/in-vivo-verso\/\">In Vivo Verso<\/a><\/p><\/blockquote>\n<p><iframe loading=\"lazy\" class=\"wp-embedded-content\" sandbox=\"allow-scripts\" security=\"restricted\" style=\"position: absolute; clip: rect(1px, 1px, 1px, 1px);\" title=\"&#8220;In Vivo Verso&#8221; &#8212; Radio Pi\u00f9\" src=\"https:\/\/www.radiopiu.net\/wordpress\/in-vivo-verso\/embed\/#?secret=CaZuIngoT0#?secret=KR5BmZkeAf\" data-secret=\"KR5BmZkeAf\" width=\"600\" height=\"338\" frameborder=\"0\" marginwidth=\"0\" marginheight=\"0\" scrolling=\"no\"><\/iframe><\/p>\n<\/div>\n<div class=\"message spoilers-container\" dir=\"auto\"><\/div>\n<p>&nbsp;<\/p>\n<hr \/>\n<p>&nbsp;<\/p>\n<div class=\"message spoilers-container\" dir=\"auto\">\n<h2><span style=\"color: #008080;\">GOCCE DI FILOSOFIA\u00a0\u00a0<\/span><\/h2>\n<p><strong>PUNTATA 300 &#8211; Chiara Cau_TERZA STAGIONE<\/strong><\/p>\n<audio class=\"wp-audio-shortcode\" id=\"audio-333408-18\" preload=\"none\" style=\"width: 100%;\" controls=\"controls\"><source type=\"audio\/mpeg\" src=\"https:\/\/www.radiopiu.net\/wordpress\/wp-content\/uploads\/2023\/04\/FI5-3.mp3?_=18\" \/><a href=\"https:\/\/www.radiopiu.net\/wordpress\/wp-content\/uploads\/2023\/04\/FI5-3.mp3\">https:\/\/www.radiopiu.net\/wordpress\/wp-content\/uploads\/2023\/04\/FI5-3.mp3<\/a><\/audio>\n<p>&nbsp;<\/p>\n<\/div>\n<blockquote>\n<div class=\"message spoilers-container\" dir=\"auto\">\n<p><strong>LA RACCOLTA COMPLETA<\/strong><\/p>\n<\/div>\n<\/blockquote>\n<div class=\"message spoilers-container\" dir=\"auto\">\n<blockquote class=\"wp-embedded-content\" data-secret=\"9t1W6UCgIP\"><p><a href=\"https:\/\/www.radiopiu.net\/wordpress\/gocce-filosofia\/\">Gocce di filosofia,  LA TERZA STAGIONE&#8230; 2023<\/a><\/p><\/blockquote>\n<p><iframe loading=\"lazy\" class=\"wp-embedded-content\" sandbox=\"allow-scripts\" security=\"restricted\" style=\"position: absolute; clip: rect(1px, 1px, 1px, 1px);\" title=\"&#8220;Gocce di filosofia,  LA TERZA STAGIONE&#8230; 2023&#8221; &#8212; Radio Pi\u00f9\" src=\"https:\/\/www.radiopiu.net\/wordpress\/gocce-filosofia\/embed\/#?secret=W91uc4Dvdt#?secret=9t1W6UCgIP\" data-secret=\"9t1W6UCgIP\" width=\"600\" height=\"338\" frameborder=\"0\" marginwidth=\"0\" marginheight=\"0\" scrolling=\"no\"><\/iframe><\/p>\n<p>&nbsp;<\/p>\n<\/div>\n<blockquote><p>&nbsp;<\/p><\/blockquote>\n<div class=\"message spoilers-container\" dir=\"auto\">\n<hr \/>\n<p>&nbsp;<\/p>\n<\/div>\n<div class=\"message spoilers-container\" dir=\"auto\">\n<div class=\"column\">\n<p><img loading=\"lazy\" decoding=\"async\" class=\"aligncenter wp-image-61954 size-full\" src=\"https:\/\/www.radiopiu.net\/wordpress\/wp-content\/uploads\/2018\/09\/viabilita.jpeg\" sizes=\"auto, (max-width: 800px) 100vw, 800px\" srcset=\"https:\/\/www.radiopiu.net\/wordpress\/wp-content\/uploads\/2018\/09\/viabilita.jpeg 800w, https:\/\/www.radiopiu.net\/wordpress\/wp-content\/uploads\/2018\/09\/viabilita-300x38.jpeg 300w, https:\/\/www.radiopiu.net\/wordpress\/wp-content\/uploads\/2018\/09\/viabilita-768x96.jpeg 768w\" alt=\"\" width=\"800\" height=\"100\" \/><\/p>\n<\/div>\n<\/div>\n<div class=\"message spoilers-container\" dir=\"auto\">\n<div class=\"column\">\n<p>&nbsp;<\/p>\n<\/div>\n<\/div>\n<div class=\"message spoilers-container\" dir=\"auto\">\n<div class=\"column\">\n<div dir=\"ltr\">\n<div class=\"gmail_quote\">\n<div dir=\"ltr\">\n<div class=\"gmail_quote\">\n<blockquote class=\"wp-embedded-content\" data-secret=\"u2H8lqD3e3\"><p><a href=\"https:\/\/www.radiopiu.net\/wordpress\/viabilita\/\">viabilita<\/a><\/p><\/blockquote>\n<p><iframe loading=\"lazy\" class=\"wp-embedded-content\" sandbox=\"allow-scripts\" security=\"restricted\" style=\"position: absolute; clip: rect(1px, 1px, 1px, 1px);\" title=\"&#8220;viabilita&#8221; &#8212; Radio Pi\u00f9\" src=\"https:\/\/www.radiopiu.net\/wordpress\/viabilita\/embed\/#?secret=b4lkOoixmi#?secret=u2H8lqD3e3\" data-secret=\"u2H8lqD3e3\" width=\"600\" height=\"338\" frameborder=\"0\" marginwidth=\"0\" marginheight=\"0\" scrolling=\"no\"><\/iframe><\/p>\n<\/div>\n<\/div>\n<\/div>\n<\/div>\n<\/div>\n<\/div>\n<div class=\"message spoilers-container\" dir=\"auto\">\n<div class=\"column\">\n<div>\n<div dir=\"ltr\">\n<div class=\"gmail_quote\">\n<div dir=\"ltr\">\n<div><\/div>\n<\/div>\n<\/div>\n<\/div>\n<\/div>\n<hr \/>\n<p>&nbsp;<\/p>\n<p><a class=\"dt-pswp-item\" href=\"https:\/\/www.radiopiu.net\/wordpress\/wp-content\/uploads\/2018\/09\/WhatsApp-Image-2018-09-20-at-16.04.06.jpeg\" data-dt-img-description=\"\" data-large_image_width=\"800\" data-large_image_height=\"100\"><img loading=\"lazy\" decoding=\"async\" class=\"wp-image-61378 size-full aligncenter\" src=\"https:\/\/www.radiopiu.net\/wordpress\/wp-content\/uploads\/2018\/09\/WhatsApp-Image-2018-09-20-at-16.04.06.jpeg\" alt=\"\" width=\"800\" height=\"100\" srcset=\"https:\/\/www.radiopiu.net\/wordpress\/wp-content\/uploads\/2018\/09\/WhatsApp-Image-2018-09-20-at-16.04.06.jpeg 800w, https:\/\/www.radiopiu.net\/wordpress\/wp-content\/uploads\/2018\/09\/WhatsApp-Image-2018-09-20-at-16.04.06-300x38.jpeg 300w, https:\/\/www.radiopiu.net\/wordpress\/wp-content\/uploads\/2018\/09\/WhatsApp-Image-2018-09-20-at-16.04.06-768x96.jpeg 768w\" sizes=\"auto, (max-width: 800px) 100vw, 800px\" \/><\/a><\/p>\n<\/div>\n<\/div>\n<div class=\"message spoilers-container\" dir=\"auto\"><center><strong>\u00a0<\/strong><\/center><center><\/center><center><\/center><\/div>\n<p><strong>OGGI<\/strong> Al mattino parzialmente soleggiato con nubi in aumento nel corso della mattinata. Nel pomeriggio cielo generalmente nuvoloso per il transito di nubi medio-alte e per una moderata attivit\u00e0 cumuliforme, eventualmente associata a qualche modestissimo e breve fenomeno<br \/>\n<strong>DOMANI .<\/strong> Cielo nuvoloso o molto nuvoloso, con temporanei e brevi tratti parzialmente soleggiati. Precipitazioni modestesparse e intermittenti nel corso della giornata, nevose oltre i 2300-2600 m. Temperature. Minime in contenuto aumento<br \/>\n<strong>LUNEDI<\/strong> Giornata simile a quella di domenica solo un po&#8217; pi\u00f9 fresca, con cielo nuvolosoo molto nuvoloso, salvo qualche breve e temporaneo tratto parzialmente soleggiatospecie al mattino; probabili precipitazioni sparse da modeste a moderate e intermittenti, nevose oltre i 1800-2100 m<br \/>\n<strong>MARTEDI<\/strong> Tempo variabile con annuvolamenti e parziali schiarite, pi\u00f9 significative nella notte. Precipitazioni intermittenti da locali a sparse e molto modeste, in esaurimento verso sera con limite neve oltre i 2100-2300m. Temperature minime in lieve calo, massime in aumento su valori di qualche grado pi\u00f9 bassi della norma. Clima diurno ancora piuttosto umido, ma pi\u00f9 mite rispetto a luned\u00ec. Venti in quota moderati o tesi da nord est<\/p>\n<p>&nbsp;<\/p>\n<p>&nbsp;<\/p>\n<p>&nbsp;<\/p>\n<\/div>\n<div class=\"message spoilers-container\" dir=\"auto\">\n<hr \/>\n<p>&nbsp;<\/p>\n<p><a class=\"dt-pswp-item\" href=\"https:\/\/www.radiopiu.net\/wordpress\/wp-content\/uploads\/2018\/09\/sport.jpg\" data-dt-img-description=\"\" data-large_image_width=\"800\" data-large_image_height=\"100\"><img loading=\"lazy\" decoding=\"async\" class=\"aligncenter wp-image-60761 size-full\" src=\"https:\/\/www.radiopiu.net\/wordpress\/wp-content\/uploads\/2018\/09\/sport.jpg\" alt=\"\" width=\"800\" height=\"100\" srcset=\"https:\/\/www.radiopiu.net\/wordpress\/wp-content\/uploads\/2018\/09\/sport.jpg 800w, https:\/\/www.radiopiu.net\/wordpress\/wp-content\/uploads\/2018\/09\/sport-300x38.jpg 300w, https:\/\/www.radiopiu.net\/wordpress\/wp-content\/uploads\/2018\/09\/sport-768x96.jpg 768w\" sizes=\"auto, (max-width: 800px) 100vw, 800px\" \/><\/a><\/p>\n<\/div>\n<div class=\"message spoilers-container\" dir=\"auto\">\n<p>&nbsp;<\/p>\n<p><span style=\"color: #0000ff;\"><strong>CALCIO<\/strong><\/span><\/p>\n<blockquote>\n<h3>JUNIORES E PRIMA SQUADRA DELL&#8217;AGORDINA IN CAMPO NEL FINE SETTIMANA<\/h3>\n<\/blockquote>\n<p><strong><a class=\"dt-pswp-item\" href=\"https:\/\/www.radiopiu.net\/wordpress\/wp-content\/uploads\/2022\/10\/CALCIO-2022-e1665937841126.jpg\" data-dt-img-description=\"\" data-large_image_width=\"400\" data-large_image_height=\"250\"><img loading=\"lazy\" decoding=\"async\" class=\" wp-image-301842 alignleft\" src=\"https:\/\/www.radiopiu.net\/wordpress\/wp-content\/uploads\/2022\/10\/CALCIO-2022-e1665937841126-300x188.jpg\" alt=\"\" width=\"204\" height=\"128\" srcset=\"https:\/\/www.radiopiu.net\/wordpress\/wp-content\/uploads\/2022\/10\/CALCIO-2022-e1665937841126-300x188.jpg 300w, https:\/\/www.radiopiu.net\/wordpress\/wp-content\/uploads\/2022\/10\/CALCIO-2022-e1665937841126.jpg 400w\" sizes=\"auto, (max-width: 204px) 100vw, 204px\" \/><\/a>di Marco Gaz<\/strong><\/p>\n<p><strong>REDAZIONE<\/strong> Iniziano le settimane cruciali per la fine del campionato delle squadre dell&#8217;Agordina Calcio. Nel fine settimana saranno due le partite che verranno disputate dalle compagini del presidente Cosmo Forcella. Ad iniziare il fine settimana calcistico saranno gli Juniores di De Zaiacomo che sono chiamati alla terza gara della fase finale del Campionato. Dopo le due vittorie nelle prime due uscite del girone finale del torneo provinciale, i ragazzi di Agordo proveranno ad incamerare la terza vittoria consecutiva contro la Dynamo nel match in programma in terra feltrina oggi pomeriggio alle 15:30. Domani iniziano i playout di Seconda Categoria per la prima squadra allenata da Danilo Chenet. L&#8217;Agordina ha avuto 15 giorni di tempo per preparare al meglio la doppia sfida con il Gemelle. Il primo round si giocher\u00e0 domani alle 15:30 all&#8217;Ivano Dorigo di Agordo. Agordini che sulla carta sembrano essere favoriti ma le partite di fine stagione sono sempre un&#8217;incognita. Radio Pi\u00f9 seguir\u00e0 in diretta la sfida all&#8217;interno di &#8220;Domenica Pi\u00f9 Sport&#8221; a partire dalle 15:30.<\/p>\n<p>&nbsp;<\/p>\n<table width=\"100%\">\n<tbody>\n<tr>\n<td>\n<table width=\"100%\">\n<tbody>\n<tr>\n<td>\n<table width=\"100%\">\n<tbody>\n<tr>\n<td>\n<h1>Nazionale Senior, diramata la lista definitiva dei convocati &#8211; Domani l&#8217;esordio con la Romania<\/h1>\n<\/td>\n<\/tr>\n<\/tbody>\n<\/table>\n<\/td>\n<\/tr>\n<\/tbody>\n<\/table>\n<\/td>\n<\/tr>\n<tr>\n<td>\n<table width=\"100%\">\n<tbody>\n<tr>\n<td>\n<table width=\"100%\">\n<tbody>\n<tr>\n<td>\n<h3><strong>Lasciano il ritiro Casetti, Di Perna, Magnabosco, Salinitri e Gl\u00fcck. Domani gli Azzurri se la vedranno con la Romania, una sfida che manca dal 2012.\u00a0<\/strong><\/h3>\n<\/td>\n<\/tr>\n<\/tbody>\n<\/table>\n<\/td>\n<\/tr>\n<\/tbody>\n<\/table>\n<table width=\"100%\">\n<tbody>\n<tr>\n<td>\n<table width=\"100%\">\n<tbody>\n<tr>\n<td>\n<h4><a class=\"dt-pswp-item\" href=\"https:\/\/www.radiopiu.net\/wordpress\/wp-content\/uploads\/2023\/04\/dcfb8230-3609-de97-eac2-aade3d3e7595-scaled.jpg\" data-dt-img-description=\"\" data-large_image_width=\"2560\" data-large_image_height=\"1707\"><img loading=\"lazy\" decoding=\"async\" class=\" wp-image-333483 alignleft\" src=\"https:\/\/www.radiopiu.net\/wordpress\/wp-content\/uploads\/2023\/04\/dcfb8230-3609-de97-eac2-aade3d3e7595-300x200.jpg\" alt=\"\" width=\"245\" height=\"163\" srcset=\"https:\/\/www.radiopiu.net\/wordpress\/wp-content\/uploads\/2023\/04\/dcfb8230-3609-de97-eac2-aade3d3e7595-300x200.jpg 300w, https:\/\/www.radiopiu.net\/wordpress\/wp-content\/uploads\/2023\/04\/dcfb8230-3609-de97-eac2-aade3d3e7595-1024x683.jpg 1024w, https:\/\/www.radiopiu.net\/wordpress\/wp-content\/uploads\/2023\/04\/dcfb8230-3609-de97-eac2-aade3d3e7595-768x512.jpg 768w, https:\/\/www.radiopiu.net\/wordpress\/wp-content\/uploads\/2023\/04\/dcfb8230-3609-de97-eac2-aade3d3e7595-1536x1024.jpg 1536w, https:\/\/www.radiopiu.net\/wordpress\/wp-content\/uploads\/2023\/04\/dcfb8230-3609-de97-eac2-aade3d3e7595-2048x1365.jpg 2048w\" sizes=\"auto, (max-width: 245px) 100vw, 245px\" \/><\/a>Mancano ormai solo poco pi\u00f9 di 24 ore all&#8217;<strong>esordio della Nazionale italiana di hockey su ghiaccio al Mondiale di 1^ Divisione Gruppo A di Nottingham<\/strong>, in Gran Bretagna.\u00a0 Oggi alle\u00a0 17 gli Azzurri incroceranno le stecche con la <strong>Romania<\/strong>.<\/h4>\n<p>E&#8217; stata comunicata la lista definitiva delle convocazioni: rispetto al gruppo allargato che era arrivato a Nottingham marted\u00ec, dovranno lasciare il ritiro i difensori Lorenzo Casetti e Dylan Di Perna e gli attaccanti Marco Magnabosco, Anthony Salinitri e Diego Gl\u00fcck. Il duo dei portieri sar\u00e0 composto da Justin Fazio e Damian Clara, l&#8217;emergency goalie sar\u00e0 Gianluca Vallini.<\/td>\n<\/tr>\n<\/tbody>\n<\/table>\n<\/td>\n<\/tr>\n<\/tbody>\n<\/table>\n<\/td>\n<\/tr>\n<\/tbody>\n<\/table>\n<p>&nbsp;<\/p>\n<p>&nbsp;<\/p>\n<p>&nbsp;<\/p>\n<p>&nbsp;<\/p>\n<p>&nbsp;<\/p>\n<hr \/>\n<p>&nbsp;<\/p>\n<h2><span style=\"color: #008080;\">DEDICHE E RICHIESTE<\/span><\/h2>\n<blockquote>\n<h3>LUCIA DALMASSO E LA SUA STAGIONE DA INCORNICIARE<\/h3>\n<\/blockquote>\n<p><strong><a class=\"dt-pswp-item\" href=\"https:\/\/www.radiopiu.net\/wordpress\/wp-content\/uploads\/2022\/01\/934ed186-f1eb-4bee-a1c4-dae328874085.jpg\" data-dt-img-description=\"\" data-large_image_width=\"1080\" data-large_image_height=\"720\"><img loading=\"lazy\" decoding=\"async\" class=\" wp-image-256452 alignleft\" src=\"https:\/\/www.radiopiu.net\/wordpress\/wp-content\/uploads\/2022\/01\/934ed186-f1eb-4bee-a1c4-dae328874085-300x200.jpg\" alt=\"\" width=\"132\" height=\"88\" srcset=\"https:\/\/www.radiopiu.net\/wordpress\/wp-content\/uploads\/2022\/01\/934ed186-f1eb-4bee-a1c4-dae328874085-300x200.jpg 300w, https:\/\/www.radiopiu.net\/wordpress\/wp-content\/uploads\/2022\/01\/934ed186-f1eb-4bee-a1c4-dae328874085-1024x683.jpg 1024w, https:\/\/www.radiopiu.net\/wordpress\/wp-content\/uploads\/2022\/01\/934ed186-f1eb-4bee-a1c4-dae328874085-768x512.jpg 768w, https:\/\/www.radiopiu.net\/wordpress\/wp-content\/uploads\/2022\/01\/934ed186-f1eb-4bee-a1c4-dae328874085.jpg 1080w\" sizes=\"auto, (max-width: 132px) 100vw, 132px\" \/><\/a>REDAZIONE<\/strong> Appuntamento settimanale con Dediche e Richieste che \u00e8 stato aperto con il primo ospite sportivo della serata. Al telefono Lucia Dalmasso, la falcadina delle Fiamme Gialle che ha chiuso da poco la stagione di Snowboard con il primo podio in carriera in una gara di Coppa del Mondo.<\/p>\n<p><strong>LUCIA DAL MASSO<\/strong><\/p>\n<audio class=\"wp-audio-shortcode\" id=\"audio-333408-19\" preload=\"none\" style=\"width: 100%;\" controls=\"controls\"><source type=\"audio\/mpeg\" src=\"https:\/\/www.radiopiu.net\/wordpress\/wp-content\/uploads\/2023\/04\/DEDICHE-DALMASSO.mp3?_=19\" \/><a href=\"https:\/\/www.radiopiu.net\/wordpress\/wp-content\/uploads\/2023\/04\/DEDICHE-DALMASSO.mp3\">https:\/\/www.radiopiu.net\/wordpress\/wp-content\/uploads\/2023\/04\/DEDICHE-DALMASSO.mp3<\/a><\/audio>\n<p>&nbsp;<\/p>\n<p>&nbsp;<\/p>\n<p>&nbsp;<\/p>\n<blockquote>\n<h3>ASTRID MIOLA E LA SUA MOUNTAIN BIKE<\/h3>\n<\/blockquote>\n<p><strong><a class=\"dt-pswp-item\" href=\"https:\/\/www.radiopiu.net\/wordpress\/wp-content\/uploads\/2023\/04\/SCR-20230425-rioq.jpeg\" data-dt-img-description=\"\" data-large_image_width=\"910\" data-large_image_height=\"590\"><img loading=\"lazy\" decoding=\"async\" class=\" wp-image-333010 alignleft\" src=\"https:\/\/www.radiopiu.net\/wordpress\/wp-content\/uploads\/2023\/04\/SCR-20230425-rioq-300x195.jpeg\" alt=\"\" width=\"134\" height=\"87\" srcset=\"https:\/\/www.radiopiu.net\/wordpress\/wp-content\/uploads\/2023\/04\/SCR-20230425-rioq-300x195.jpeg 300w, https:\/\/www.radiopiu.net\/wordpress\/wp-content\/uploads\/2023\/04\/SCR-20230425-rioq-768x498.jpeg 768w, https:\/\/www.radiopiu.net\/wordpress\/wp-content\/uploads\/2023\/04\/SCR-20230425-rioq.jpeg 910w\" sizes=\"auto, (max-width: 134px) 100vw, 134px\" \/><\/a>REDAZIONE<\/strong> In Dediche e Richieste anche Astrid Miola tra gli ospiti della puntata. La ragazza di Agordo ha iniziato la sua stagione in Mountain Bike mettendo a segno ben 3 vittorie su altrettante gare disputate in Veneto Cup. Inoltre ottimi risultati anche a livello nazionale e Internazionale.<\/p>\n<p><strong>ASTRID MIOLA<\/strong><\/p>\n<audio class=\"wp-audio-shortcode\" id=\"audio-333408-20\" preload=\"none\" style=\"width: 100%;\" controls=\"controls\"><source type=\"audio\/mpeg\" src=\"https:\/\/www.radiopiu.net\/wordpress\/wp-content\/uploads\/2023\/04\/DEDICHE-ASTRID.mp3?_=20\" \/><a href=\"https:\/\/www.radiopiu.net\/wordpress\/wp-content\/uploads\/2023\/04\/DEDICHE-ASTRID.mp3\">https:\/\/www.radiopiu.net\/wordpress\/wp-content\/uploads\/2023\/04\/DEDICHE-ASTRID.mp3<\/a><\/audio>\n<p>&nbsp;<\/p>\n<p>&nbsp;<\/p>\n<p>&nbsp;<\/p>\n<blockquote>\n<h3>MAURO GROPPA, IL 6 MAGGIO A FALCADE &#8220;RISO FA BUON SANGUE&#8221;<\/h3>\n<\/blockquote>\n<p><strong><a class=\"dt-pswp-item\" href=\"https:\/\/www.radiopiu.net\/wordpress\/wp-content\/uploads\/2023\/04\/mauro-groppa.png\" data-dt-img-description=\"\" data-large_image_width=\"327\" data-large_image_height=\"238\"><img loading=\"lazy\" decoding=\"async\" class=\" wp-image-333190 alignleft\" src=\"https:\/\/www.radiopiu.net\/wordpress\/wp-content\/uploads\/2023\/04\/mauro-groppa-300x218.png\" alt=\"\" width=\"126\" height=\"91\" srcset=\"https:\/\/www.radiopiu.net\/wordpress\/wp-content\/uploads\/2023\/04\/mauro-groppa-300x218.png 300w, https:\/\/www.radiopiu.net\/wordpress\/wp-content\/uploads\/2023\/04\/mauro-groppa.png 327w\" sizes=\"auto, (max-width: 126px) 100vw, 126px\" \/><\/a>REDAZIONE<\/strong> Negli studi di Radio Pi\u00f9 \u00e8 arrivato a trovarci Mauro Groppa, detto &#8220;Paky&#8221;, che ci ha parlato dell&#8217;evento in programma il 6 maggio al PalaFalcade dove le sezioni ABVS di Falcade, Canale, Vallada e Cencenighe organizzano uno spettacolo teatrale dal titolo &#8220;Riso fa buon sangue&#8221;. Ingresso gratuito con offerta libera.<\/p>\n<p><strong>MAURO GROPPA<\/strong><\/p>\n<audio class=\"wp-audio-shortcode\" id=\"audio-333408-21\" preload=\"none\" style=\"width: 100%;\" controls=\"controls\"><source type=\"audio\/mpeg\" src=\"https:\/\/www.radiopiu.net\/wordpress\/wp-content\/uploads\/2023\/04\/DEDICHE-PAKY.mp3?_=21\" \/><a href=\"https:\/\/www.radiopiu.net\/wordpress\/wp-content\/uploads\/2023\/04\/DEDICHE-PAKY.mp3\">https:\/\/www.radiopiu.net\/wordpress\/wp-content\/uploads\/2023\/04\/DEDICHE-PAKY.mp3<\/a><\/audio>\n<p>&nbsp;<\/p>\n<p>&nbsp;<\/p>\n<\/div>\n","protected":false},"excerpt":{"rendered":"<p>ISCRIVITI AL NOSTRO CANALE\u00a0 YOUTUBE PER SEGUIRE IN DIRETTA I PRINCIPALI PROGRAMMI DI RADIO PIU&#8217; E LE FUTURE DIRETTE IN ESTERNA. PER ISCRIVERTI CLICCA QUI E PREMI\u00a0 &#8220;Iscriviti&#8221;\u00a0 \u00a0 \u00a0\u00a0 &nbsp; &nbsp; &nbsp; &nbsp; \u00a0\u00a0 E anche STAMANE\u00a0 RADIOPIU si fa in QUATTRO\u00a0 per i suoi ascoltatori&#8230;. 1&#8230;. alle 8 la rassegna stampa locale, dal&hellip;<\/p>\n","protected":false},"author":4,"featured_media":333527,"comment_status":"closed","ping_status":"closed","sticky":false,"template":"","format":"standard","meta":{"_monsterinsights_skip_tracking":false,"_monsterinsights_sitenote_active":false,"_monsterinsights_sitenote_note":"","_monsterinsights_sitenote_category":0,"footnotes":""},"categories":[51,86,49],"tags":[],"class_list":["post-333408","post","type-post","status-publish","format-standard","has-post-thumbnail","hentry","category-evidenza-top","category-gr","category-news-18","category-51","category-86","category-49","description-off"],"img_url":"https:\/\/www.radiopiu.net\/wordpress\/wp-content\/uploads\/2023\/04\/sudan-2324778__340.jpg","_links":{"self":[{"href":"https:\/\/www.radiopiu.net\/wordpress\/wp-json\/wp\/v2\/posts\/333408","targetHints":{"allow":["GET"]}}],"collection":[{"href":"https:\/\/www.radiopiu.net\/wordpress\/wp-json\/wp\/v2\/posts"}],"about":[{"href":"https:\/\/www.radiopiu.net\/wordpress\/wp-json\/wp\/v2\/types\/post"}],"author":[{"embeddable":true,"href":"https:\/\/www.radiopiu.net\/wordpress\/wp-json\/wp\/v2\/users\/4"}],"replies":[{"embeddable":true,"href":"https:\/\/www.radiopiu.net\/wordpress\/wp-json\/wp\/v2\/comments?post=333408"}],"version-history":[{"count":0,"href":"https:\/\/www.radiopiu.net\/wordpress\/wp-json\/wp\/v2\/posts\/333408\/revisions"}],"wp:featuredmedia":[{"embeddable":true,"href":"https:\/\/www.radiopiu.net\/wordpress\/wp-json\/wp\/v2\/media\/333527"}],"wp:attachment":[{"href":"https:\/\/www.radiopiu.net\/wordpress\/wp-json\/wp\/v2\/media?parent=333408"}],"wp:term":[{"taxonomy":"category","embeddable":true,"href":"https:\/\/www.radiopiu.net\/wordpress\/wp-json\/wp\/v2\/categories?post=333408"},{"taxonomy":"post_tag","embeddable":true,"href":"https:\/\/www.radiopiu.net\/wordpress\/wp-json\/wp\/v2\/tags?post=333408"}],"curies":[{"name":"wp","href":"https:\/\/api.w.org\/{rel}","templated":true}]}}