{"id":333410,"date":"2023-04-28T09:52:37","date_gmt":"2023-04-28T07:52:37","guid":{"rendered":"https:\/\/www.radiopiu.net\/wordpress\/?p=333410"},"modified":"2023-04-28T13:28:20","modified_gmt":"2023-04-28T11:28:20","slug":"la-cota-il-19-maggio-laccensione-della-calchera-de-le-torte-in-valle-di-san-lucano","status":"publish","type":"post","link":"https:\/\/www.radiopiu.net\/wordpress\/la-cota-il-19-maggio-laccensione-della-calchera-de-le-torte-in-valle-di-san-lucano\/","title":{"rendered":"&#8220;LA COTA&#8221;: IL 19 MAGGIO L&#8217;ACCENSIONE DELLA CALCHERA DE LE TORTE IN VALLE DI SAN LUCANO"},"content":{"rendered":"<p><strong>\u00a0<\/strong><\/p>\n<p><strong> <img decoding=\"async\" src=\"https:\/\/www.radiopiu.net\/wordpress\/wp-content\/uploads\/2023\/04\/calchera-de-le-torte.jpg\" \/><\/strong><\/p>\n<p>&nbsp;<\/p>\n<p><strong>TAIBON<\/strong> Ritorna &#8220;La Cota&#8221; in Valle di San Lucano. I volontari del gruppo Piodech assieme alla Pro Loco di Taibon, Comune, Pompieri Volontari di Agordo e la scuola Minerari di Agordo, organizzano per venerd\u00ec 19 maggio la rievocazione dell&#8217;attivit\u00e0 produttiva del passato relativa all&#8217;ottenimento di calce da costruzione tramite la cottura della pietra calcarea. L&#8217;accensione avverr\u00e0 alla Calch\u00e8ra de le Torte nei pressi della chiesetta di San Lucano alle 10. Interverranno: Paolo Sibillon, Presidente del gruppo Piodech, il sindaco di Taibon Silvia Tormen, un rappresentante dell&#8217;Istituto Follador-De Rossi di Agordo e della scuola primaria di Taibon. Alle 11 l&#8217;accensione della fornace, dopo la benedizione di Monsignor Cesare Larese.<\/p>\n<p>&nbsp;<\/p>\n<p>&nbsp;<\/p>\n<p>&nbsp;<\/p>\n<h2><span style=\"color: #ff0000;\">DALL&#8217;ARCHIVIO RADIO PIU&#8217;<\/span><\/h2>\n<p><strong>A cura di\u00a0 Alessandro Savio<\/strong><\/p>\n<p>In Comune di Taibon Agordino ci sono delle antiche testimonianze di manufatti in pietra che costituivano le \u201cCalchere\u201d, fornaci per la cottura del calcare in funzione della produzione della calce , materiale da costruzione , legante per la malta delle murature , per le tinteggiature degli edifici e per la igienizzazione dei locali. Erano costruzioni seminterrate a ridosso del pendio, di forma circolare e di varie dimensioni. La cotta necessitava di molto lavoro preparativo e la presenza di pi\u00f9 persone per il trasporto delle pietre e della legna,infatti lo studio attuale delle calchere comprende degli aspetti di archeologia industriale, artigianale, forestale e soprattutto sociale per la indispensabile collaborazione di numerose persone che si aiutavano a vicenda per la produzione di questo pregiato materiale da costruzione. La quantit\u00e0 di legna per una cotta variava a seconda delle dimensioni della fornace e conseguentemente dalla quantit\u00e0 di pietre da cuocere. Per la cottura di circa 300-350 quintali di pietre sono necessarie 2000 fascine ben secche di latifoglie del peso di 25-30 kg , pari a 550 quintali di legna. I tempi di cottura possono variare ininterrottamente dai 5-7 giorni per ottenere 250-300 quintali di calcare cotto. (calce viva). Il materiale veniva poi stoccato in una fossa di spegnimento interrata , gi\u00e0 predisposta per ultimare il processo di idratazione(calce spenta) per poi utilizzare il prodotto finito preferibilmente dopo tre anni dallo spegnimento. Ovviamente questa descrizione \u00e8 alquanto riassuntiva e breve, priva di tutti quei particolari tecnici da adottare per l\u2019esatto procedimento assai laborioso , e raggiunto dai nostri avi solo dopo anni di esperienza tramandata verbalmente dalle generazioni. Nel territorio \u00a0\u00a0comunale di Taibon\u00a0 Agordino esiste ancora la testimonianza di parecchie \u201cCalchere\u201d, alcune rappresentate anche sulle mappe catastali con un cerchietto tratteggiato. Ormai sono tutte in disuso da anni , ma ancora assai integre , con la struttura originaria a forma di tino di blocchi di pietra squadrati, senza copertura e \u00a0dotate di imbocco frontale per la introduzione delle fascine di legna e per il recupero della cenere. Una di queste calchere \u00a0si trova in Valle di San Lucano , a valle della strada che conduce al villaggio di Col Di Pr\u00e0 , nei pressi del Capitello votivo delle \u201cScalette\u201d , detto anche delle tre dita ove si dice che\u00a0 il vescovo Lucano abbia scacciato il diavolo imprimendo la forma delle tre dita ancora visibile nella pietra calcarea del capitello. La zona \u00e8 assai nota dal punto di vista storico perch\u00e9 vicina alla Chiesa di San Lucano\u00a0 risalente al\u00a0 1500 e poi per la vicinanza al sito menzionato come ricovero temporaneo della Regia Guardia Di Finanza di stanza in Agordo, che controllava quel piccolo commercio di tabacco, sale, fiammiferi, pietrine, assai in voga fino ai primi anni del 1900 scambiato con gli abitanti del vicino Primiero all\u2019epoca sotto il dominio dell\u2019Impero Austro Ungarico. Ora il piccolo fabbricato \u00e8 stato ristrutturato e viene usato come ricovero agricolo. La calchera in questione denominata \u201cCalchera dei Marin\u201d dal soprannome di famiglia del proprietario del terreno, risulta abbastanza\u00a0 integra ed \u00e8 stata recentemente oggetto di opere di recupero da parte del Gruppo Volontari Piodech di Taibon Agordino. Opere che sono tutt\u2019ora in corso , con le quali i volontari intendono effettuare una rievocazione storica della passata attivit\u00e0 produttiva della calce mediante la cotta di pietre calcaree come veniva fatto un tempo. Si pensa che l\u2019intervento venga ultimato nella primavera del 2023 , per concludersi con l\u2019accensione della fornace e la produzione della calce. Da notizie apprese dalla memoria storica del paese GINO BENVEGNU\u2019 si \u00e8 certi che l\u2019ultima accensione della Calchera dei Marin risalga al 1946 , effettuata da ANTONIO BENVEGNU\u2019 , fratello di Gino per ultimare i lavori di costruzione della casa di famiglia situata nel villaggio di Col Di Pr\u00e0. La fossa di spegnimento \u00a0, per una questione di comodit\u00e0 e di avvicinamento fu realizzata nei pressi della casa , purtroppo, la devastante alluvione del 1951 , con l\u2019esondazione del torrente Bordina provoc\u00f2 un travaso della fossa con dei materiali\u00a0 alluvionali e la calce divenne inutilizzabile , il colpo finale fu l\u2019alluvione del 1966 e quindi la fossa della calce fu definitivamente riempita e non pi\u00f9 utilizzata. L\u2019evento di rievocazione della cotta sar\u00e0 preventivamente pubblicizzato tramite i mezzi di informazione in maniera di poter rivivere dal vero un antico mestiere caratteristico dei nostri avi . Grazie pertanto al proprietario del terreno SILVIO DELL\u2019ANDREA (Marin) \u00a0per la sua disponibilit\u00e0\u00a0 , ed al gruppo Volontari Piodech di Taibon Agordino per l\u2019iniziativa assai impegnativa sia dal punto di vista tecnico ed anche\u00a0 per il tempo impiegato.<\/p>\n\n\t\t\t<style type='text\/css'>\n\t\t\t\t#gallery-1 {\n\t\t\t\t\tmargin: auto;\n\t\t\t\t}\n\t\t\t\t#gallery-1 .gallery-item {\n\t\t\t\t\tfloat: left;\n\t\t\t\t\tmargin-top: 10px;\n\t\t\t\t\ttext-align: center;\n\t\t\t\t\twidth: 25%;\n\t\t\t\t}\n\t\t\t\t#gallery-1 img {\n\t\t\t\t\tborder: 2px solid #cfcfcf;\n\t\t\t\t}\n\t\t\t\t#gallery-1 .gallery-caption {\n\t\t\t\t\tmargin-left: 0;\n\t\t\t\t}\n\t\t\t\t\/* see gallery_shortcode() in wp-includes\/media.php *\/\n\t\t\t<\/style>\n\t\t<div id='gallery-1' class='dt-gallery-container gallery galleryid-333410 gallery-columns-4 gallery-size-medium'><dl class='gallery-item'>\n\t\t\t\t<dt class='gallery-icon landscape'>\n\t\t\t\t\t<a class=\"rollover rollover-zoom dt-pswp-item\" title=\"1\" data-dt-img-description=\"\" data-large_image_width=\"1090\" data-large_image_height=\"818\"href='https:\/\/www.radiopiu.net\/wordpress\/wp-content\/uploads\/2022\/10\/1-4.jpg'><img loading=\"lazy\" decoding=\"async\" width=\"300\" height=\"225\" src=\"https:\/\/www.radiopiu.net\/wordpress\/wp-content\/uploads\/2022\/10\/1-4-300x225.jpg\" class=\"attachment-medium size-medium\" alt=\"\" srcset=\"https:\/\/www.radiopiu.net\/wordpress\/wp-content\/uploads\/2022\/10\/1-4-300x225.jpg 300w, https:\/\/www.radiopiu.net\/wordpress\/wp-content\/uploads\/2022\/10\/1-4-1024x768.jpg 1024w, https:\/\/www.radiopiu.net\/wordpress\/wp-content\/uploads\/2022\/10\/1-4-768x576.jpg 768w, https:\/\/www.radiopiu.net\/wordpress\/wp-content\/uploads\/2022\/10\/1-4.jpg 1090w\" sizes=\"auto, (max-width: 300px) 100vw, 300px\" \/><\/a>\n\t\t\t\t<\/dt><\/dl><dl class='gallery-item'>\n\t\t\t\t<dt class='gallery-icon landscape'>\n\t\t\t\t\t<a class=\"rollover rollover-zoom dt-pswp-item\" title=\"2\" data-dt-img-description=\"\" data-large_image_width=\"1090\" data-large_image_height=\"818\"href='https:\/\/www.radiopiu.net\/wordpress\/wp-content\/uploads\/2022\/10\/2-4.jpg'><img loading=\"lazy\" decoding=\"async\" width=\"300\" height=\"225\" src=\"https:\/\/www.radiopiu.net\/wordpress\/wp-content\/uploads\/2022\/10\/2-4-300x225.jpg\" class=\"attachment-medium size-medium\" alt=\"\" srcset=\"https:\/\/www.radiopiu.net\/wordpress\/wp-content\/uploads\/2022\/10\/2-4-300x225.jpg 300w, https:\/\/www.radiopiu.net\/wordpress\/wp-content\/uploads\/2022\/10\/2-4-1024x768.jpg 1024w, https:\/\/www.radiopiu.net\/wordpress\/wp-content\/uploads\/2022\/10\/2-4-768x576.jpg 768w, https:\/\/www.radiopiu.net\/wordpress\/wp-content\/uploads\/2022\/10\/2-4.jpg 1090w\" sizes=\"auto, (max-width: 300px) 100vw, 300px\" \/><\/a>\n\t\t\t\t<\/dt><\/dl><dl class='gallery-item'>\n\t\t\t\t<dt class='gallery-icon landscape'>\n\t\t\t\t\t<a class=\"rollover rollover-zoom dt-pswp-item\" title=\"3\" data-dt-img-description=\"\" data-large_image_width=\"1127\" data-large_image_height=\"846\"href='https:\/\/www.radiopiu.net\/wordpress\/wp-content\/uploads\/2022\/10\/3-2.jpg'><img loading=\"lazy\" decoding=\"async\" width=\"300\" height=\"225\" src=\"https:\/\/www.radiopiu.net\/wordpress\/wp-content\/uploads\/2022\/10\/3-2-300x225.jpg\" class=\"attachment-medium size-medium\" alt=\"\" srcset=\"https:\/\/www.radiopiu.net\/wordpress\/wp-content\/uploads\/2022\/10\/3-2-300x225.jpg 300w, https:\/\/www.radiopiu.net\/wordpress\/wp-content\/uploads\/2022\/10\/3-2-1024x769.jpg 1024w, https:\/\/www.radiopiu.net\/wordpress\/wp-content\/uploads\/2022\/10\/3-2-768x577.jpg 768w, https:\/\/www.radiopiu.net\/wordpress\/wp-content\/uploads\/2022\/10\/3-2.jpg 1127w\" sizes=\"auto, (max-width: 300px) 100vw, 300px\" \/><\/a>\n\t\t\t\t<\/dt><\/dl><dl class='gallery-item'>\n\t\t\t\t<dt class='gallery-icon landscape'>\n\t\t\t\t\t<a class=\"rollover rollover-zoom dt-pswp-item\" title=\"4\" data-dt-img-description=\"\" data-large_image_width=\"1093\" data-large_image_height=\"821\"href='https:\/\/www.radiopiu.net\/wordpress\/wp-content\/uploads\/2022\/10\/4-3.jpg'><img loading=\"lazy\" decoding=\"async\" width=\"300\" height=\"225\" src=\"https:\/\/www.radiopiu.net\/wordpress\/wp-content\/uploads\/2022\/10\/4-3-300x225.jpg\" class=\"attachment-medium size-medium\" alt=\"\" srcset=\"https:\/\/www.radiopiu.net\/wordpress\/wp-content\/uploads\/2022\/10\/4-3-300x225.jpg 300w, https:\/\/www.radiopiu.net\/wordpress\/wp-content\/uploads\/2022\/10\/4-3-1024x769.jpg 1024w, https:\/\/www.radiopiu.net\/wordpress\/wp-content\/uploads\/2022\/10\/4-3-768x577.jpg 768w, https:\/\/www.radiopiu.net\/wordpress\/wp-content\/uploads\/2022\/10\/4-3.jpg 1093w\" sizes=\"auto, (max-width: 300px) 100vw, 300px\" \/><\/a>\n\t\t\t\t<\/dt><\/dl><br style=\"clear: both\" \/>\n\t\t\t<\/div>\n\n<p>&nbsp;<\/p>\n<h3>DAL GIORNALE RADIO DEL 15 LUGLIO 2022<\/h3>\n<p><strong>TAIBON<\/strong> C&#8217;\u00e8 una macchina perfettamente oliata in paese, \u00e8 quella del &#8220;piodech&#8221; (volontariato), questa si funziona. Il recupero della calchera dei Marin ne \u00e8 solo l&#8217;ultimo esempio. In questi mesi i lavori per il recupero della storia. Lungo la strada comunale per San Lucano \u00e8 gi\u00e0 visibile il cartello che presenta la rievocazione dell&#8217;attivit\u00e0 produttiva del passato per la produzione di calce tramite la cottura del sasso calcareo. L&#8217;elegante cartello ben inserito nell&#8217;ambiente da anche appuntamento a settembre per la prima &#8220;cota&#8221;<\/p>\n\n\t\t\t<style type='text\/css'>\n\t\t\t\t#gallery-2 {\n\t\t\t\t\tmargin: auto;\n\t\t\t\t}\n\t\t\t\t#gallery-2 .gallery-item {\n\t\t\t\t\tfloat: left;\n\t\t\t\t\tmargin-top: 10px;\n\t\t\t\t\ttext-align: center;\n\t\t\t\t\twidth: 25%;\n\t\t\t\t}\n\t\t\t\t#gallery-2 img {\n\t\t\t\t\tborder: 2px solid #cfcfcf;\n\t\t\t\t}\n\t\t\t\t#gallery-2 .gallery-caption {\n\t\t\t\t\tmargin-left: 0;\n\t\t\t\t}\n\t\t\t\t\/* see gallery_shortcode() in wp-includes\/media.php *\/\n\t\t\t<\/style>\n\t\t<div id='gallery-2' class='dt-gallery-container gallery galleryid-333410 gallery-columns-4 gallery-size-thumbnail'><dl class='gallery-item'>\n\t\t\t\t<dt class='gallery-icon landscape'>\n\t\t\t\t\t<a class=\"rollover rollover-zoom dt-pswp-item\" title=\"53ef4725-7129-487b-8f81-c5433464f5a8\" data-dt-img-description=\"\" data-large_image_width=\"1920\" data-large_image_height=\"1080\"href='https:\/\/www.radiopiu.net\/wordpress\/wp-content\/uploads\/2022\/03\/53ef4725-7129-487b-8f81-c5433464f5a8.jpg'><img loading=\"lazy\" decoding=\"async\" width=\"150\" height=\"150\" src=\"https:\/\/www.radiopiu.net\/wordpress\/wp-content\/uploads\/2022\/03\/53ef4725-7129-487b-8f81-c5433464f5a8-150x150.jpg\" class=\"attachment-thumbnail size-thumbnail\" alt=\"\" \/><\/a>\n\t\t\t\t<\/dt><\/dl><dl class='gallery-item'>\n\t\t\t\t<dt class='gallery-icon landscape'>\n\t\t\t\t\t<a class=\"rollover rollover-zoom dt-pswp-item\" title=\"06821038-7242-4568-ae1e-207b9b474a07\" data-dt-img-description=\"\" data-large_image_width=\"1920\" data-large_image_height=\"1080\"href='https:\/\/www.radiopiu.net\/wordpress\/wp-content\/uploads\/2022\/03\/06821038-7242-4568-ae1e-207b9b474a07.jpg'><img loading=\"lazy\" decoding=\"async\" width=\"150\" height=\"150\" src=\"https:\/\/www.radiopiu.net\/wordpress\/wp-content\/uploads\/2022\/03\/06821038-7242-4568-ae1e-207b9b474a07-150x150.jpg\" class=\"attachment-thumbnail size-thumbnail\" alt=\"\" \/><\/a>\n\t\t\t\t<\/dt><\/dl><dl class='gallery-item'>\n\t\t\t\t<dt class='gallery-icon landscape'>\n\t\t\t\t\t<a class=\"rollover rollover-zoom dt-pswp-item\" title=\"fbed8297-93db-4232-b046-ebf40e25c865\" data-dt-img-description=\"\" data-large_image_width=\"1920\" data-large_image_height=\"1080\"href='https:\/\/www.radiopiu.net\/wordpress\/wp-content\/uploads\/2022\/03\/fbed8297-93db-4232-b046-ebf40e25c865.jpg'><img loading=\"lazy\" decoding=\"async\" width=\"150\" height=\"150\" src=\"https:\/\/www.radiopiu.net\/wordpress\/wp-content\/uploads\/2022\/03\/fbed8297-93db-4232-b046-ebf40e25c865-150x150.jpg\" class=\"attachment-thumbnail size-thumbnail\" alt=\"\" \/><\/a>\n\t\t\t\t<\/dt><\/dl><dl class='gallery-item'>\n\t\t\t\t<dt class='gallery-icon landscape'>\n\t\t\t\t\t<a class=\"rollover rollover-zoom dt-pswp-item\" title=\"1017394c-bfe9-408c-9af8-59e8f13f01b5\" data-dt-img-description=\"\" data-large_image_width=\"1920\" data-large_image_height=\"1080\"href='https:\/\/www.radiopiu.net\/wordpress\/wp-content\/uploads\/2022\/03\/1017394c-bfe9-408c-9af8-59e8f13f01b5.jpg'><img loading=\"lazy\" decoding=\"async\" width=\"150\" height=\"150\" src=\"https:\/\/www.radiopiu.net\/wordpress\/wp-content\/uploads\/2022\/03\/1017394c-bfe9-408c-9af8-59e8f13f01b5-150x150.jpg\" class=\"attachment-thumbnail size-thumbnail\" alt=\"\" \/><\/a>\n\t\t\t\t<\/dt><\/dl><br style=\"clear: both\" \/>\n\t\t\t<\/div>\n\n\n\t\t\t<style type='text\/css'>\n\t\t\t\t#gallery-3 {\n\t\t\t\t\tmargin: auto;\n\t\t\t\t}\n\t\t\t\t#gallery-3 .gallery-item {\n\t\t\t\t\tfloat: left;\n\t\t\t\t\tmargin-top: 10px;\n\t\t\t\t\ttext-align: center;\n\t\t\t\t\twidth: 50%;\n\t\t\t\t}\n\t\t\t\t#gallery-3 img {\n\t\t\t\t\tborder: 2px solid #cfcfcf;\n\t\t\t\t}\n\t\t\t\t#gallery-3 .gallery-caption {\n\t\t\t\t\tmargin-left: 0;\n\t\t\t\t}\n\t\t\t\t\/* see gallery_shortcode() in wp-includes\/media.php *\/\n\t\t\t<\/style>\n\t\t<div id='gallery-3' class='dt-gallery-container gallery galleryid-333410 gallery-columns-2 gallery-size-medium'><dl class='gallery-item'>\n\t\t\t\t<dt class='gallery-icon landscape'>\n\t\t\t\t\t<a class=\"rollover rollover-zoom dt-pswp-item\" title=\"aedf1748-d416-4232-b2af-8363d3c12129\" data-dt-img-description=\"\" data-large_image_width=\"1920\" data-large_image_height=\"1080\"href='https:\/\/www.radiopiu.net\/wordpress\/wp-content\/uploads\/2022\/03\/aedf1748-d416-4232-b2af-8363d3c12129.jpg'><img loading=\"lazy\" decoding=\"async\" width=\"300\" height=\"169\" src=\"https:\/\/www.radiopiu.net\/wordpress\/wp-content\/uploads\/2022\/03\/aedf1748-d416-4232-b2af-8363d3c12129-300x169.jpg\" class=\"attachment-medium size-medium\" alt=\"\" srcset=\"https:\/\/www.radiopiu.net\/wordpress\/wp-content\/uploads\/2022\/03\/aedf1748-d416-4232-b2af-8363d3c12129-300x169.jpg 300w, https:\/\/www.radiopiu.net\/wordpress\/wp-content\/uploads\/2022\/03\/aedf1748-d416-4232-b2af-8363d3c12129-1024x576.jpg 1024w, https:\/\/www.radiopiu.net\/wordpress\/wp-content\/uploads\/2022\/03\/aedf1748-d416-4232-b2af-8363d3c12129-768x432.jpg 768w, https:\/\/www.radiopiu.net\/wordpress\/wp-content\/uploads\/2022\/03\/aedf1748-d416-4232-b2af-8363d3c12129-1536x864.jpg 1536w, https:\/\/www.radiopiu.net\/wordpress\/wp-content\/uploads\/2022\/03\/aedf1748-d416-4232-b2af-8363d3c12129.jpg 1920w\" sizes=\"auto, (max-width: 300px) 100vw, 300px\" \/><\/a>\n\t\t\t\t<\/dt><\/dl><dl class='gallery-item'>\n\t\t\t\t<dt class='gallery-icon landscape'>\n\t\t\t\t\t<a class=\"rollover rollover-zoom dt-pswp-item\" title=\"SDASD\" data-dt-img-description=\"\" data-large_image_width=\"526\" data-large_image_height=\"243\"href='https:\/\/www.radiopiu.net\/wordpress\/wp-content\/uploads\/2022\/03\/SDASD.jpg'><img loading=\"lazy\" decoding=\"async\" width=\"300\" height=\"139\" src=\"https:\/\/www.radiopiu.net\/wordpress\/wp-content\/uploads\/2022\/03\/SDASD-300x139.jpg\" class=\"attachment-medium size-medium\" alt=\"\" srcset=\"https:\/\/www.radiopiu.net\/wordpress\/wp-content\/uploads\/2022\/03\/SDASD-300x139.jpg 300w, https:\/\/www.radiopiu.net\/wordpress\/wp-content\/uploads\/2022\/03\/SDASD.jpg 526w\" sizes=\"auto, (max-width: 300px) 100vw, 300px\" \/><\/a>\n\t\t\t\t<\/dt><\/dl><br style=\"clear: both\" \/>\n\t\t\t<\/div>\n\n<p>&nbsp;<\/p>\n<hr \/>\n<h3><\/h3>\n<h3>DAL GIORNALE RADIO DEL 22 MARZO 2022<\/h3>\n<blockquote>\n<h3><em>Il <\/em><em>sito si trova in prossimit\u00e0 del capitello delle tre dita, prima della chiesa di San Lucano.\u00a0<\/em><\/h3>\n<\/blockquote>\n<p><a class=\"dt-pswp-item\" href=\"https:\/\/www.radiopiu.net\/wordpress\/wp-content\/uploads\/2022\/03\/download-1.jpg\" data-dt-img-description=\"\" data-large_image_width=\"230\" data-large_image_height=\"183\"><img loading=\"lazy\" decoding=\"async\" class=\"size-thumbnail wp-image-267150 alignleft\" src=\"https:\/\/www.radiopiu.net\/wordpress\/wp-content\/uploads\/2022\/03\/download-1-150x150.jpg\" alt=\"\" width=\"150\" height=\"150\" \/><\/a><\/p>\n<p><strong>\u00a0<\/strong><strong>TAIBON<\/strong> I volontari di Taibon da tempo lavorano ad un progetto ambizioso: ridare vita alla Calch\u00e8ra de le t\u00f2rte, in previsione della \u201ccota\u201d di primavera, un evento dal momento che almeno da settant\u2019anni l\u2019operazione non \u00e8 pi\u00f9 praticata. Per quell&#8217;occasione sar\u00e0 importante e necessario che gli uomini del Piodech guidati dal presidente Paolo &#8220;moncio&#8221; Sibillon abbiamo a disposizione tanta legna. Ecco quindi la richiesta di collaborazione al paese. &#8220;In questi giorni &#8211; riflette Sibillon &#8211; sono in corso i lavori di giardinaggio, molte persone tagliano i rami degli alberi, cespugli per smaltire il legnatico presso l&#8217;ecocentro. Quello che chiediamo e che questo materiale venga preparato in fascine, della lunghezza di circa un metro. Anzich\u00e8 finire all&#8217;econcentro serviranno per la cota di primavera. Ci mettiamo a disposizione per recuperare presso le abitazioni le fascine di legna. Con un grazie in anticipo&#8221;. Per ulteriori informazioni e segnalare eventuali ritiri il referente \u00e8 Agostino &#8220;il tecnico&#8221; Cadorin telefono 337 495 723<\/p>\n<p>Una\u00a0<b>fascina<\/b>\u00a0\u00e8 un insieme di\u00a0<a title=\"Ramo\" href=\"https:\/\/it.wikipedia.org\/wiki\/Ramo\">rami<\/a>\u00a0di\u00a0<a title=\"Legno\" href=\"https:\/\/it.wikipedia.org\/wiki\/Legno\">legna<\/a>\u00a0tenuti tra loro e legati in genere con\u00a0<a title=\"Corda\" href=\"https:\/\/it.wikipedia.org\/wiki\/Corda\">corde<\/a>,\u00a0<a title=\"Spago\" href=\"https:\/\/it.wikipedia.org\/wiki\/Spago\">spaghi<\/a>\u00a0o fibre di\u00a0<a title=\"Vimine\" href=\"https:\/\/it.wikipedia.org\/wiki\/Vimine\">vimini<\/a>; composta di legna fresca o secca (se comprendente anche\u00a0<a title=\"Paglia\" href=\"https:\/\/it.wikipedia.org\/wiki\/Paglia\">paglia<\/a>,\u00a0<a title=\"Erba\" href=\"https:\/\/it.wikipedia.org\/wiki\/Erba\">erba<\/a>\u00a0e\u00a0<a title=\"Fieno\" href=\"https:\/\/it.wikipedia.org\/wiki\/Fieno\">fieno<\/a>\u00a0\u00e8 detta\u00a0<b>fastello<\/b><sup id=\"cite_ref-1\" class=\"reference\"><\/sup>), ha diversi utilizzi principalmente da\u00a0<a title=\"Fuoco\" href=\"https:\/\/it.wikipedia.org\/wiki\/Fuoco\">fuoco<\/a>. Pu\u00f2 ad esempio essere usata per facilitare l&#8217;accensione del\u00a0<a title=\"Focolare\" href=\"https:\/\/it.wikipedia.org\/wiki\/Focolare\">focolare<\/a>\u00a0o per la regolazione della temperatura del\u00a0<a title=\"Forno\" href=\"https:\/\/it.wikipedia.org\/wiki\/Forno\">forno<\/a>\u00a0a legna.<\/p>\n","protected":false},"excerpt":{"rendered":"<p>\u00a0 &nbsp; TAIBON Ritorna &#8220;La Cota&#8221; in Valle di San Lucano. I volontari del gruppo Piodech assieme alla Pro Loco di Taibon, Comune, Pompieri Volontari di Agordo e la scuola Minerari di Agordo, organizzano per venerd\u00ec 19 maggio la rievocazione dell&#8217;attivit\u00e0 produttiva del passato relativa all&#8217;ottenimento di calce da costruzione tramite la cottura della pietra&hellip;<\/p>\n","protected":false},"author":4,"featured_media":333411,"comment_status":"closed","ping_status":"closed","sticky":false,"template":"","format":"standard","meta":{"_monsterinsights_skip_tracking":false,"_monsterinsights_sitenote_active":false,"_monsterinsights_sitenote_note":"","_monsterinsights_sitenote_category":0,"footnotes":""},"categories":[104,49],"tags":[],"class_list":["post-333410","post","type-post","status-publish","format-standard","has-post-thumbnail","hentry","category-evidenza_3","category-news-18","category-104","category-49","description-off"],"img_url":"https:\/\/www.radiopiu.net\/wordpress\/wp-content\/uploads\/2023\/04\/calchera-de-le-torte.jpg","_links":{"self":[{"href":"https:\/\/www.radiopiu.net\/wordpress\/wp-json\/wp\/v2\/posts\/333410","targetHints":{"allow":["GET"]}}],"collection":[{"href":"https:\/\/www.radiopiu.net\/wordpress\/wp-json\/wp\/v2\/posts"}],"about":[{"href":"https:\/\/www.radiopiu.net\/wordpress\/wp-json\/wp\/v2\/types\/post"}],"author":[{"embeddable":true,"href":"https:\/\/www.radiopiu.net\/wordpress\/wp-json\/wp\/v2\/users\/4"}],"replies":[{"embeddable":true,"href":"https:\/\/www.radiopiu.net\/wordpress\/wp-json\/wp\/v2\/comments?post=333410"}],"version-history":[{"count":0,"href":"https:\/\/www.radiopiu.net\/wordpress\/wp-json\/wp\/v2\/posts\/333410\/revisions"}],"wp:featuredmedia":[{"embeddable":true,"href":"https:\/\/www.radiopiu.net\/wordpress\/wp-json\/wp\/v2\/media\/333411"}],"wp:attachment":[{"href":"https:\/\/www.radiopiu.net\/wordpress\/wp-json\/wp\/v2\/media?parent=333410"}],"wp:term":[{"taxonomy":"category","embeddable":true,"href":"https:\/\/www.radiopiu.net\/wordpress\/wp-json\/wp\/v2\/categories?post=333410"},{"taxonomy":"post_tag","embeddable":true,"href":"https:\/\/www.radiopiu.net\/wordpress\/wp-json\/wp\/v2\/tags?post=333410"}],"curies":[{"name":"wp","href":"https:\/\/api.w.org\/{rel}","templated":true}]}}