{"id":333429,"date":"2023-04-28T23:59:06","date_gmt":"2023-04-28T21:59:06","guid":{"rendered":"https:\/\/www.radiopiu.net\/wordpress\/?p=333429"},"modified":"2023-04-28T10:44:29","modified_gmt":"2023-04-28T08:44:29","slug":"juniores-e-prima-squadra-dellagordina-in-campo-nel-fine-settimana","status":"publish","type":"post","link":"https:\/\/www.radiopiu.net\/wordpress\/juniores-e-prima-squadra-dellagordina-in-campo-nel-fine-settimana\/","title":{"rendered":"JUNIORES E PRIMA SQUADRA DELL&#8217;AGORDINA IN CAMPO NEL FINE SETTIMANA"},"content":{"rendered":"<p><strong><a class=\"dt-pswp-item\" href=\"https:\/\/www.radiopiu.net\/wordpress\/wp-content\/uploads\/2022\/10\/CALCIO-2022-e1665937841126.jpg\" data-dt-img-description=\"\" data-large_image_width=\"400\" data-large_image_height=\"250\"><img loading=\"lazy\" decoding=\"async\" class=\" wp-image-301842 alignleft\" src=\"https:\/\/www.radiopiu.net\/wordpress\/wp-content\/uploads\/2022\/10\/CALCIO-2022-e1665937841126-300x188.jpg\" alt=\"\" width=\"204\" height=\"128\" srcset=\"https:\/\/www.radiopiu.net\/wordpress\/wp-content\/uploads\/2022\/10\/CALCIO-2022-e1665937841126-300x188.jpg 300w, https:\/\/www.radiopiu.net\/wordpress\/wp-content\/uploads\/2022\/10\/CALCIO-2022-e1665937841126.jpg 400w\" sizes=\"auto, (max-width: 204px) 100vw, 204px\" \/><\/a>di Marco Gaz<\/strong><\/p>\n<p><strong>REDAZIONE<\/strong> Iniziano le settimane cruciali per la fine del campionato delle squadre dell&#8217;Agordina Calcio. Nel fine settimana saranno due le partite che verranno disputate dalle compagini del presidente Cosmo Forcella. Ad iniziare il fine settimana calcistico saranno gli Juniores di De Zaiacomo che sono chiamati alla terza gara della fase finale del Campionato. Dopo le due vittorie nelle prime due uscite del girone finale del torneo provinciale, i ragazzi di Agordo proveranno ad incamerare la terza vittoria consecutiva contro la Dynamo nel match in programma in terra feltrina oggi pomeriggio alle 15:30. Domani iniziano i playout di Seconda Categoria per la prima squadra allenata da Danilo Chenet. L&#8217;Agordina ha avuto 15 giorni di tempo per preparare al meglio la doppia sfida con il Gemelle. Il primo round si giocher\u00e0 domani alle 15:30 all&#8217;Ivano Dorigo di Agordo. Agordini che sulla carta sembrano essere favoriti ma le partite di fine stagione sono sempre un&#8217;incognita. Radio Pi\u00f9 seguir\u00e0 in diretta la sfida all&#8217;interno di &#8220;Domenica Pi\u00f9 Sport&#8221; a partire dalle 15:30.<\/p>\n<p>&nbsp;<\/p>\n<p>&nbsp;<\/p>\n<p>*******<\/p>\n","protected":false},"excerpt":{"rendered":"<p>di Marco Gaz REDAZIONE Iniziano le settimane cruciali per la fine del campionato delle squadre dell&#8217;Agordina Calcio. Nel fine settimana saranno due le partite che verranno disputate dalle compagini del presidente Cosmo Forcella. Ad iniziare il fine settimana calcistico saranno gli Juniores di De Zaiacomo che sono chiamati alla terza gara della fase finale del&hellip;<\/p>\n","protected":false},"author":4,"featured_media":301842,"comment_status":"closed","ping_status":"closed","sticky":false,"template":"","format":"standard","meta":{"_monsterinsights_skip_tracking":false,"_monsterinsights_sitenote_active":false,"_monsterinsights_sitenote_note":"","_monsterinsights_sitenote_category":0,"footnotes":""},"categories":[49],"tags":[],"class_list":["post-333429","post","type-post","status-publish","format-standard","has-post-thumbnail","hentry","category-news-18","category-49","description-off"],"img_url":"https:\/\/www.radiopiu.net\/wordpress\/wp-content\/uploads\/2022\/10\/CALCIO-2022-e1665937841126.jpg","_links":{"self":[{"href":"https:\/\/www.radiopiu.net\/wordpress\/wp-json\/wp\/v2\/posts\/333429","targetHints":{"allow":["GET"]}}],"collection":[{"href":"https:\/\/www.radiopiu.net\/wordpress\/wp-json\/wp\/v2\/posts"}],"about":[{"href":"https:\/\/www.radiopiu.net\/wordpress\/wp-json\/wp\/v2\/types\/post"}],"author":[{"embeddable":true,"href":"https:\/\/www.radiopiu.net\/wordpress\/wp-json\/wp\/v2\/users\/4"}],"replies":[{"embeddable":true,"href":"https:\/\/www.radiopiu.net\/wordpress\/wp-json\/wp\/v2\/comments?post=333429"}],"version-history":[{"count":0,"href":"https:\/\/www.radiopiu.net\/wordpress\/wp-json\/wp\/v2\/posts\/333429\/revisions"}],"wp:featuredmedia":[{"embeddable":true,"href":"https:\/\/www.radiopiu.net\/wordpress\/wp-json\/wp\/v2\/media\/301842"}],"wp:attachment":[{"href":"https:\/\/www.radiopiu.net\/wordpress\/wp-json\/wp\/v2\/media?parent=333429"}],"wp:term":[{"taxonomy":"category","embeddable":true,"href":"https:\/\/www.radiopiu.net\/wordpress\/wp-json\/wp\/v2\/categories?post=333429"},{"taxonomy":"post_tag","embeddable":true,"href":"https:\/\/www.radiopiu.net\/wordpress\/wp-json\/wp\/v2\/tags?post=333429"}],"curies":[{"name":"wp","href":"https:\/\/api.w.org\/{rel}","templated":true}]}}