{"id":333438,"date":"2023-04-28T23:56:14","date_gmt":"2023-04-28T21:56:14","guid":{"rendered":"https:\/\/www.radiopiu.net\/wordpress\/?p=333438"},"modified":"2023-04-29T06:13:04","modified_gmt":"2023-04-29T04:13:04","slug":"terre-dellocchiale-nasce-lecomuseo-dellocchialeria-bellunese","status":"publish","type":"post","link":"https:\/\/www.radiopiu.net\/wordpress\/terre-dellocchiale-nasce-lecomuseo-dellocchialeria-bellunese\/","title":{"rendered":"TERRE DELL&#8217;OCCHIALE: NASCE L&#8217;ECOMUSEO DELL&#8217;OCCHIALERIA BELLUNESE"},"content":{"rendered":"<p><strong><a class=\"dt-pswp-item\" href=\"https:\/\/www.radiopiu.net\/wordpress\/wp-content\/uploads\/2023\/04\/Presentazione-progetto-Terre-dellOcchiale-2-scaled.jpg\" data-dt-img-description=\"\" data-large_image_width=\"2560\" data-large_image_height=\"1707\"><img loading=\"lazy\" decoding=\"async\" class=\" wp-image-333440 alignleft\" src=\"https:\/\/www.radiopiu.net\/wordpress\/wp-content\/uploads\/2023\/04\/Presentazione-progetto-Terre-dellOcchiale-2-300x200.jpg\" alt=\"\" width=\"198\" height=\"132\" srcset=\"https:\/\/www.radiopiu.net\/wordpress\/wp-content\/uploads\/2023\/04\/Presentazione-progetto-Terre-dellOcchiale-2-300x200.jpg 300w, https:\/\/www.radiopiu.net\/wordpress\/wp-content\/uploads\/2023\/04\/Presentazione-progetto-Terre-dellOcchiale-2-1024x683.jpg 1024w, https:\/\/www.radiopiu.net\/wordpress\/wp-content\/uploads\/2023\/04\/Presentazione-progetto-Terre-dellOcchiale-2-768x512.jpg 768w, https:\/\/www.radiopiu.net\/wordpress\/wp-content\/uploads\/2023\/04\/Presentazione-progetto-Terre-dellOcchiale-2-1536x1024.jpg 1536w, https:\/\/www.radiopiu.net\/wordpress\/wp-content\/uploads\/2023\/04\/Presentazione-progetto-Terre-dellOcchiale-2-2048x1365.jpg 2048w\" sizes=\"auto, (max-width: 198px) 100vw, 198px\" \/><\/a>BELLUNO <\/strong>Valorizzare il patrimonio industriale dell\u2019occhialeria bellunese, promuovendo lo sviluppo del territorio e diversificando l&#8217;offerta turistica: questo l&#8217;obbiettivo di \u201cTerre dell\u2019Occhiale \u2013 Ecomuseo dell\u2019occhialeria bellunese\u201d, iniziativa presentata ieri pomeriggio nella sede del Museo dell&#8217;occhiale di Pieve di Cadore e che pu\u00f2 contare su un contributo di 100mila euro da Fondazione Cariverona, oltre al cofinanziamento da parte dello stesso Museo dell\u2019Occhiale, di ANFAO &#8211; Associazione Nazionale Fabbricanti di Articoli Ottici, Confindustria Belluno Dolomiti ed EBO \u2013 Ente Bilaterale Occhialeria. Al progetto collaborano anche l\u2019Universit\u00e0 di Padova \u2013 Dipartimento dei Beni Culturali. Archeologia, Storia dell\u2019Arte, del Cinema e della Musica (DBC), Confindustria Belluno Dolomiti e Certottica; a patrocinare l&#8217;iniziativa, i comuni di Pieve di Cadore e di Calalzo di Cadore. Obbiettivo del progetto \u00e8 quello di realizzare un ecomuseo dell&#8217;occhialeria bellunese, mettendo in rete i musei e i siti industriali del Cadore e dell&#8217;Agordino, per valorizzarne il patrimonio e attirare nuovi visitatori interessati al turismo industriale. Quello del turismo industriale \u00e8 un settore che solo in Italia muove quasi 900mila visitatori all&#8217;anno per un giro di affari di 25 milioni di euro; in Europa i numeri crescono, toccando i 146 milioni di visitatori per 9 miliardi di euro annui di valore. A questi numeri, si aggiungono quelli del turismo montano, che in Veneto fanno registrare 1,1 milioni di arrivi e 4,3 milioni di presenze ogni anno. Alla rete \u201cfisica\u201d dei musei \u2013 in fase di costruzione e alla quale si sta lavorando con l&#8217;obbiettivo di includere realt\u00e0 come il Museo dell&#8217;Occhiale di Pieve di Cadore, il Museo dell&#8217;Ottica di Agordo, la Galleria Safilo, il Sentiero del Valore di Alpago, oltre ad alcune siti di fabbriche storiche o ancora attive \u2013, si affiancher\u00e0 un Museo Digitale Diffuso dell\u2019Occhiale che attraverso strumenti multimediali e le pi\u00f9 moderne tecnologie (dalla geo-localizzazione alla realt\u00e0 aumentata) permetter\u00e0 di conoscere protagonisti e prodotti dell\u2019occhialeria bellunese.<\/p>\n<p><strong>DANIELA ZAMBELLI, DIRETTRICE DEL MUSEO DELL&#8217;OCCHIALE<\/strong><\/p>\n<p><iframe loading=\"lazy\" title=\"Daniela Zambelli   Direttrice Museo dell&#039;Occhiale\" width=\"1200\" height=\"675\" src=\"https:\/\/www.youtube.com\/embed\/zs1awLgg60o?feature=oembed\" frameborder=\"0\" allow=\"accelerometer; autoplay; clipboard-write; encrypted-media; gyroscope; picture-in-picture; web-share\" allowfullscreen><\/iframe><\/p>\n<p>&nbsp;<\/p>\n<p>&nbsp;<\/p>\n<p>********<\/p>\n","protected":false},"excerpt":{"rendered":"<p>BELLUNO Valorizzare il patrimonio industriale dell\u2019occhialeria bellunese, promuovendo lo sviluppo del territorio e diversificando l&#8217;offerta turistica: questo l&#8217;obbiettivo di \u201cTerre dell\u2019Occhiale \u2013 Ecomuseo dell\u2019occhialeria bellunese\u201d, iniziativa presentata ieri pomeriggio nella sede del Museo dell&#8217;occhiale di Pieve di Cadore e che pu\u00f2 contare su un contributo di 100mila euro da Fondazione Cariverona, oltre al cofinanziamento da&hellip;<\/p>\n","protected":false},"author":4,"featured_media":333440,"comment_status":"closed","ping_status":"closed","sticky":false,"template":"","format":"standard","meta":{"_monsterinsights_skip_tracking":false,"_monsterinsights_sitenote_active":false,"_monsterinsights_sitenote_note":"","_monsterinsights_sitenote_category":0,"footnotes":""},"categories":[104,49],"tags":[],"class_list":["post-333438","post","type-post","status-publish","format-standard","has-post-thumbnail","hentry","category-evidenza_3","category-news-18","category-104","category-49","description-off"],"img_url":"https:\/\/www.radiopiu.net\/wordpress\/wp-content\/uploads\/2023\/04\/Presentazione-progetto-Terre-dellOcchiale-2-scaled.jpg","_links":{"self":[{"href":"https:\/\/www.radiopiu.net\/wordpress\/wp-json\/wp\/v2\/posts\/333438","targetHints":{"allow":["GET"]}}],"collection":[{"href":"https:\/\/www.radiopiu.net\/wordpress\/wp-json\/wp\/v2\/posts"}],"about":[{"href":"https:\/\/www.radiopiu.net\/wordpress\/wp-json\/wp\/v2\/types\/post"}],"author":[{"embeddable":true,"href":"https:\/\/www.radiopiu.net\/wordpress\/wp-json\/wp\/v2\/users\/4"}],"replies":[{"embeddable":true,"href":"https:\/\/www.radiopiu.net\/wordpress\/wp-json\/wp\/v2\/comments?post=333438"}],"version-history":[{"count":0,"href":"https:\/\/www.radiopiu.net\/wordpress\/wp-json\/wp\/v2\/posts\/333438\/revisions"}],"wp:featuredmedia":[{"embeddable":true,"href":"https:\/\/www.radiopiu.net\/wordpress\/wp-json\/wp\/v2\/media\/333440"}],"wp:attachment":[{"href":"https:\/\/www.radiopiu.net\/wordpress\/wp-json\/wp\/v2\/media?parent=333438"}],"wp:term":[{"taxonomy":"category","embeddable":true,"href":"https:\/\/www.radiopiu.net\/wordpress\/wp-json\/wp\/v2\/categories?post=333438"},{"taxonomy":"post_tag","embeddable":true,"href":"https:\/\/www.radiopiu.net\/wordpress\/wp-json\/wp\/v2\/tags?post=333438"}],"curies":[{"name":"wp","href":"https:\/\/api.w.org\/{rel}","templated":true}]}}