{"id":333497,"date":"2023-04-28T23:58:42","date_gmt":"2023-04-28T21:58:42","guid":{"rendered":"https:\/\/www.radiopiu.net\/wordpress\/?p=333497"},"modified":"2023-04-29T06:12:19","modified_gmt":"2023-04-29T04:12:19","slug":"a-14-bellunesi-e-stata-conferita-la-stella-al-merito-del-lavoro","status":"publish","type":"post","link":"https:\/\/www.radiopiu.net\/wordpress\/a-14-bellunesi-e-stata-conferita-la-stella-al-merito-del-lavoro\/","title":{"rendered":"A 14 BELLUNESI E&#8217; STATA CONFERITA LA &#8220;STELLA AL MERITO DEL LAVORO&#8221;"},"content":{"rendered":"<p>&nbsp;<\/p>\n<p><img loading=\"lazy\" decoding=\"async\" class=\"alignleft\" src=\"https:\/\/www.radiopiu.net\/wordpress\/wp-content\/uploads\/2023\/04\/th-9.jpg\" width=\"288\" height=\"174\" \/>Sono quattordici i bellunesi, su 79 di tutto il Veneto, ai quali quest\u2019anno \u00e8 stata conferita la \u201cStella al Merito del Lavoro\u201d, onorificenza decretata dal Presidente della Repubblica Sergio Mattarella su proposta del Ministro del Lavoro Elvira Calderone.<\/p>\n<p><strong>La \u201cStella\u201d sar\u00e0 consegnata a Carlo Bedont, Marco Del Din e Laura Gobbis (Luxottica srl di Agordo); Silvia Centinaro e Monica De Barba (De Rigo Vision spa di Longarone); Rosella Da Rold e Gianluigi Fossen (Unifarco spa di S. Giustina); Caterina De Bernardo e Renato Foffano (Giorgio Fedon e figli spa di Alpago); Claudio Maccagnan (Hydro Extrusion Italy srl di Feltre); Apollonia Menia Cadore di Galvalux srl (Tai di Pieve di Cadore); Roberto Rimoldi Rudatis (Tofana srl di Cortina d\u2019Ampezzo); Ivo Slongo (Deon spa di Belluno); Nicolina Zanette (Perenz srl di Quero Vas).<\/strong><\/p>\n<p>La cerimonia si svolger\u00e0 nella prima settimana di dicembre, in concomitanza con le celebrazioni del centenario della \u201cStella al Merito del Lavoro\u201d , che sar\u00e0 in contemporanea con quella che si svolger\u00e0 a Roma, non \u00e8 ancora stata definita dal Quirinale e sar\u00e0 segnalata appena nota.<\/p>\n<p>&nbsp;<\/p>\n<p>&nbsp;<\/p>\n<hr \/>\n<p>&nbsp;<\/p>\n<p>&nbsp;<\/p>\n","protected":false},"excerpt":{"rendered":"<p>&nbsp; Sono quattordici i bellunesi, su 79 di tutto il Veneto, ai quali quest\u2019anno \u00e8 stata conferita la \u201cStella al Merito del Lavoro\u201d, onorificenza decretata dal Presidente della Repubblica Sergio Mattarella su proposta del Ministro del Lavoro Elvira Calderone. La \u201cStella\u201d sar\u00e0 consegnata a Carlo Bedont, Marco Del Din e Laura Gobbis (Luxottica srl di&hellip;<\/p>\n","protected":false},"author":4,"featured_media":333498,"comment_status":"closed","ping_status":"closed","sticky":false,"template":"","format":"standard","meta":{"_monsterinsights_skip_tracking":false,"_monsterinsights_sitenote_active":false,"_monsterinsights_sitenote_note":"","_monsterinsights_sitenote_category":0,"footnotes":""},"categories":[104,49],"tags":[],"class_list":["post-333497","post","type-post","status-publish","format-standard","has-post-thumbnail","hentry","category-evidenza_3","category-news-18","category-104","category-49","description-off"],"img_url":"https:\/\/www.radiopiu.net\/wordpress\/wp-content\/uploads\/2023\/04\/th-9.jpg","_links":{"self":[{"href":"https:\/\/www.radiopiu.net\/wordpress\/wp-json\/wp\/v2\/posts\/333497","targetHints":{"allow":["GET"]}}],"collection":[{"href":"https:\/\/www.radiopiu.net\/wordpress\/wp-json\/wp\/v2\/posts"}],"about":[{"href":"https:\/\/www.radiopiu.net\/wordpress\/wp-json\/wp\/v2\/types\/post"}],"author":[{"embeddable":true,"href":"https:\/\/www.radiopiu.net\/wordpress\/wp-json\/wp\/v2\/users\/4"}],"replies":[{"embeddable":true,"href":"https:\/\/www.radiopiu.net\/wordpress\/wp-json\/wp\/v2\/comments?post=333497"}],"version-history":[{"count":0,"href":"https:\/\/www.radiopiu.net\/wordpress\/wp-json\/wp\/v2\/posts\/333497\/revisions"}],"wp:featuredmedia":[{"embeddable":true,"href":"https:\/\/www.radiopiu.net\/wordpress\/wp-json\/wp\/v2\/media\/333498"}],"wp:attachment":[{"href":"https:\/\/www.radiopiu.net\/wordpress\/wp-json\/wp\/v2\/media?parent=333497"}],"wp:term":[{"taxonomy":"category","embeddable":true,"href":"https:\/\/www.radiopiu.net\/wordpress\/wp-json\/wp\/v2\/categories?post=333497"},{"taxonomy":"post_tag","embeddable":true,"href":"https:\/\/www.radiopiu.net\/wordpress\/wp-json\/wp\/v2\/tags?post=333497"}],"curies":[{"name":"wp","href":"https:\/\/api.w.org\/{rel}","templated":true}]}}