{"id":333552,"date":"2023-05-02T05:45:55","date_gmt":"2023-05-02T03:45:55","guid":{"rendered":"https:\/\/www.radiopiu.net\/wordpress\/?p=333552"},"modified":"2023-05-02T09:17:23","modified_gmt":"2023-05-02T07:17:23","slug":"giornale-radiopiu-02-maggio-2023-direttore-mirko-mezzacasa-verso-i-40-anni-25-giugno-1983-25-giugno-2023","status":"publish","type":"post","link":"https:\/\/www.radiopiu.net\/wordpress\/giornale-radiopiu-02-maggio-2023-direttore-mirko-mezzacasa-verso-i-40-anni-25-giugno-1983-25-giugno-2023\/","title":{"rendered":"GIORNALE RADIOPIU 02 MAGGIO 2023 DIRETTORE MIRKO MEZZACASA&#8230;verso i 40 anni 25 giugno 1983-25 giugno 2023"},"content":{"rendered":"<h2 style=\"text-align: left;\"><span style=\"color: #ff0000;\"><span style=\"vertical-align: inherit;\"><a class=\"dt-pswp-item\" href=\"https:\/\/www.radiopiu.net\/wordpress\/wp-content\/uploads\/2023\/04\/e0aad41d-951e-47b9-9fae-1a879a9bcb7e-1.jpg\" data-dt-img-description=\"\" data-large_image_width=\"1200\" data-large_image_height=\"1200\"><img loading=\"lazy\" decoding=\"async\" class=\"wp-image-333205 alignleft\" src=\"https:\/\/www.radiopiu.net\/wordpress\/wp-content\/uploads\/2023\/04\/e0aad41d-951e-47b9-9fae-1a879a9bcb7e-1-300x300.jpg\" alt=\"\" width=\"180\" height=\"180\" srcset=\"https:\/\/www.radiopiu.net\/wordpress\/wp-content\/uploads\/2023\/04\/e0aad41d-951e-47b9-9fae-1a879a9bcb7e-1-300x300.jpg 300w, https:\/\/www.radiopiu.net\/wordpress\/wp-content\/uploads\/2023\/04\/e0aad41d-951e-47b9-9fae-1a879a9bcb7e-1-1024x1024.jpg 1024w, https:\/\/www.radiopiu.net\/wordpress\/wp-content\/uploads\/2023\/04\/e0aad41d-951e-47b9-9fae-1a879a9bcb7e-1-150x150.jpg 150w, https:\/\/www.radiopiu.net\/wordpress\/wp-content\/uploads\/2023\/04\/e0aad41d-951e-47b9-9fae-1a879a9bcb7e-1-768x768.jpg 768w, https:\/\/www.radiopiu.net\/wordpress\/wp-content\/uploads\/2023\/04\/e0aad41d-951e-47b9-9fae-1a879a9bcb7e-1.jpg 1200w\" sizes=\"auto, (max-width: 180px) 100vw, 180px\" \/><\/a><\/span><\/span><\/h2>\n<h2 style=\"text-align: left;\"><span style=\"color: #ff0000;\"><span style=\"vertical-align: inherit;\">ISCRIVITI AL NOSTRO CANALE\u00a0 <\/span><\/span><span style=\"vertical-align: inherit;\"> YOUTUBE PER SEGUIRE IN DIRETTA I PRINCIPALI PROGRAMMI DI RADIO PIU&#8217; E LE FUTURE DIRETTE IN ESTERNA. PER ISCRIVERTI <\/span><a style=\"color: #ff0000;\" href=\"https:\/\/youtube.com\/@radiopiu1527\"><span style=\"vertical-align: inherit;\">CLICCA QUI <\/span><\/a><span style=\"color: #ff0000; font-size: 14px; font-weight: normal;\"><span style=\"vertical-align: inherit;\">E PREMI\u00a0 &#8220;Iscriviti&#8221;\u00a0 \u00a0 \u00a0\u00a0<\/span><\/span><\/h2>\n<p>&nbsp;<\/p>\n<p>&nbsp;<\/p>\n<p>&nbsp;<\/p>\n<hr \/>\n<p>&nbsp;<\/p>\n<blockquote>\n<h3>CHI AMA LA MONTAGNA&#8230; SOPPORTA I SUOI SASSI<\/h3>\n<\/blockquote>\n<p><strong>AGORDO- RIVAMONTE<\/strong><\/p>\n\n\t\t\t<style type='text\/css'>\n\t\t\t\t#gallery-1 {\n\t\t\t\t\tmargin: auto;\n\t\t\t\t}\n\t\t\t\t#gallery-1 .gallery-item {\n\t\t\t\t\tfloat: left;\n\t\t\t\t\tmargin-top: 10px;\n\t\t\t\t\ttext-align: center;\n\t\t\t\t\twidth: 50%;\n\t\t\t\t}\n\t\t\t\t#gallery-1 img {\n\t\t\t\t\tborder: 2px solid #cfcfcf;\n\t\t\t\t}\n\t\t\t\t#gallery-1 .gallery-caption {\n\t\t\t\t\tmargin-left: 0;\n\t\t\t\t}\n\t\t\t\t\/* see gallery_shortcode() in wp-includes\/media.php *\/\n\t\t\t<\/style>\n\t\t<div id='gallery-1' class='dt-gallery-container gallery galleryid-333552 gallery-columns-2 gallery-size-thumbnail'><dl class='gallery-item'>\n\t\t\t\t<dt class='gallery-icon portrait'>\n\t\t\t\t\t<a class=\"rollover rollover-zoom dt-pswp-item\" title=\"344550948_1848467318868599_3854322060068900244_n\" data-dt-img-description=\"\" data-large_image_width=\"1536\" data-large_image_height=\"2048\"href='https:\/\/www.radiopiu.net\/wordpress\/wp-content\/uploads\/2023\/05\/344550948_1848467318868599_3854322060068900244_n.jpg'><img loading=\"lazy\" decoding=\"async\" width=\"150\" height=\"150\" src=\"https:\/\/www.radiopiu.net\/wordpress\/wp-content\/uploads\/2023\/05\/344550948_1848467318868599_3854322060068900244_n-150x150.jpg\" class=\"attachment-thumbnail size-thumbnail\" alt=\"\" aria-describedby=\"gallery-1-333870\" \/><\/a>\n\t\t\t\t<\/dt>\n\t\t\t\t\t<dd class='wp-caption-text gallery-caption' id='gallery-1-333870'>\n\t\t\t\t\tgona_rivamonte\n\t\t\t\t\t<\/dd><\/dl><dl class='gallery-item'>\n\t\t\t\t<dt class='gallery-icon landscape'>\n\t\t\t\t\t<a class=\"rollover rollover-zoom dt-pswp-item\" title=\"344052700_634995974827033_585193927131253536_n\" data-dt-img-description=\"\" data-large_image_width=\"2048\" data-large_image_height=\"1536\"href='https:\/\/www.radiopiu.net\/wordpress\/wp-content\/uploads\/2023\/05\/344052700_634995974827033_585193927131253536_n.jpg'><img loading=\"lazy\" decoding=\"async\" width=\"150\" height=\"150\" src=\"https:\/\/www.radiopiu.net\/wordpress\/wp-content\/uploads\/2023\/05\/344052700_634995974827033_585193927131253536_n-150x150.jpg\" class=\"attachment-thumbnail size-thumbnail\" alt=\"\" \/><\/a>\n\t\t\t\t<\/dt><\/dl><br style=\"clear: both\" \/>\n\t\t\t<\/div>\n\n<p><strong> Stamane, ore 6.30, strada per Rivamonte (da Ponte Alto) in localit\u00e0 Conedera. Nessuna persona o mezzo coinvolto.<\/strong><\/p>\n<p>&nbsp;<\/p>\n<p><strong>CHAT VIABILITA&#8217; PROVINCIA DI BELLUNO, PASSO FALZAREGO ALLE SETTE DEL MATTINO<a class=\"dt-pswp-item\" href=\"https:\/\/www.radiopiu.net\/wordpress\/wp-content\/uploads\/2023\/05\/b431feda-f88e-46cf-acf5-fea9093bf1db-1.jpg\" data-dt-img-description=\"\" data-large_image_width=\"1280\" data-large_image_height=\"640\"><img loading=\"lazy\" decoding=\"async\" class=\"alignnone size-medium wp-image-333876\" src=\"https:\/\/www.radiopiu.net\/wordpress\/wp-content\/uploads\/2023\/05\/b431feda-f88e-46cf-acf5-fea9093bf1db-1-300x150.jpg\" alt=\"\" width=\"300\" height=\"150\" srcset=\"https:\/\/www.radiopiu.net\/wordpress\/wp-content\/uploads\/2023\/05\/b431feda-f88e-46cf-acf5-fea9093bf1db-1-300x150.jpg 300w, https:\/\/www.radiopiu.net\/wordpress\/wp-content\/uploads\/2023\/05\/b431feda-f88e-46cf-acf5-fea9093bf1db-1-1024x512.jpg 1024w, https:\/\/www.radiopiu.net\/wordpress\/wp-content\/uploads\/2023\/05\/b431feda-f88e-46cf-acf5-fea9093bf1db-1-768x384.jpg 768w, https:\/\/www.radiopiu.net\/wordpress\/wp-content\/uploads\/2023\/05\/b431feda-f88e-46cf-acf5-fea9093bf1db-1.jpg 1280w\" sizes=\"auto, (max-width: 300px) 100vw, 300px\" \/><\/a><\/strong><\/p>\n<p>&nbsp;<\/p>\n<hr \/>\n<div dir=\"auto\"><span style=\"color: #0000ff;\"><strong>\u00a0\u00a0<\/strong><\/span><\/div>\n<p><span style=\"color: #0000ff;\"><strong>E anche STAMANE\u00a0 RADIOPIU si fa in SEI\u00a0 per i suoi ascoltatori&#8230;.<\/strong><\/span><\/p>\n<p><strong><a class=\"dt-pswp-item\" href=\"https:\/\/www.radiopiu.net\/wordpress\/wp-content\/uploads\/2023\/05\/f3b93f84-3985-4daf-8121-efca9dd545ed.jpg\" data-dt-img-description=\"\" data-large_image_width=\"1085\" data-large_image_height=\"814\"><img loading=\"lazy\" decoding=\"async\" class=\"wp-image-333858 alignleft\" src=\"https:\/\/www.radiopiu.net\/wordpress\/wp-content\/uploads\/2023\/05\/f3b93f84-3985-4daf-8121-efca9dd545ed-300x225.jpg\" alt=\"\" width=\"200\" height=\"150\" srcset=\"https:\/\/www.radiopiu.net\/wordpress\/wp-content\/uploads\/2023\/05\/f3b93f84-3985-4daf-8121-efca9dd545ed-300x225.jpg 300w, https:\/\/www.radiopiu.net\/wordpress\/wp-content\/uploads\/2023\/05\/f3b93f84-3985-4daf-8121-efca9dd545ed-1024x768.jpg 1024w, https:\/\/www.radiopiu.net\/wordpress\/wp-content\/uploads\/2023\/05\/f3b93f84-3985-4daf-8121-efca9dd545ed-768x576.jpg 768w, https:\/\/www.radiopiu.net\/wordpress\/wp-content\/uploads\/2023\/05\/f3b93f84-3985-4daf-8121-efca9dd545ed.jpg 1085w\" sizes=\"auto, (max-width: 200px) 100vw, 200px\" \/><\/a>1&#8230;.<\/strong> alle 8 la rassegna stampa locale, dal 1983 tutti i giorni puntuale alle otto del mattino<\/p>\n<p><strong>2<\/strong>&#8230;.alle 9.10 il country con Alex Nascimben<\/p>\n<p><strong>3<\/strong>&#8230;.alle 10.15 MUSLA\u00a0 le nove per ladin<\/p>\n<p><strong>4.<\/strong> &#8230;.alle 10.30 L&#8217;EVENTO MOTIRISTICI DEL FINE SETTIMANA,\u00a0 con Mauro ed Enzo<\/p>\n<p><strong>5<\/strong>&#8230;.alle 12.30 giornale radio edizione principale<\/p>\n<p><strong>6<\/strong>&#8230;.alle 14 con Alice Bettolo, la seconda puntata de i 1000 passi (foto)<\/p>\n<p>&nbsp;<\/p>\n<p>&nbsp;<\/p>\n<hr \/>\n<p>&nbsp;<\/p>\n<blockquote>\n<h3>SCOSSA DI TERREMOTO IN ALPAGO<\/h3>\n<\/blockquote>\n<p><strong>REDAZIONE <\/strong>Una piccola scossa di terremoto \u00e8 stata registrata ieri in terra alpagotta. Erano le 17:33 quando la terra ha tremato. Una scossa di magnitudo di 1.6 ad una profondit\u00e0 di 5,7 km. L&#8217;epicentro a 4,6 km da Chies D&#8217;Alpago<\/p>\n\n\t\t\t<style type='text\/css'>\n\t\t\t\t#gallery-2 {\n\t\t\t\t\tmargin: auto;\n\t\t\t\t}\n\t\t\t\t#gallery-2 .gallery-item {\n\t\t\t\t\tfloat: left;\n\t\t\t\t\tmargin-top: 10px;\n\t\t\t\t\ttext-align: center;\n\t\t\t\t\twidth: 50%;\n\t\t\t\t}\n\t\t\t\t#gallery-2 img {\n\t\t\t\t\tborder: 2px solid #cfcfcf;\n\t\t\t\t}\n\t\t\t\t#gallery-2 .gallery-caption {\n\t\t\t\t\tmargin-left: 0;\n\t\t\t\t}\n\t\t\t\t\/* see gallery_shortcode() in wp-includes\/media.php *\/\n\t\t\t<\/style>\n\t\t<div id='gallery-2' class='dt-gallery-container gallery galleryid-333552 gallery-columns-2 gallery-size-medium'><dl class='gallery-item'>\n\t\t\t\t<dt class='gallery-icon portrait'>\n\t\t\t\t\t<a class=\"rollover rollover-zoom dt-pswp-item\" title=\"0d226880-6609-493b-bd78-1a7ca4153965\" data-dt-img-description=\"\" data-large_image_width=\"720\" data-large_image_height=\"1280\"href='https:\/\/www.radiopiu.net\/wordpress\/wp-content\/uploads\/2023\/05\/0d226880-6609-493b-bd78-1a7ca4153965.jpg'><img loading=\"lazy\" decoding=\"async\" width=\"169\" height=\"300\" src=\"https:\/\/www.radiopiu.net\/wordpress\/wp-content\/uploads\/2023\/05\/0d226880-6609-493b-bd78-1a7ca4153965-169x300.jpg\" class=\"attachment-medium size-medium\" alt=\"\" srcset=\"https:\/\/www.radiopiu.net\/wordpress\/wp-content\/uploads\/2023\/05\/0d226880-6609-493b-bd78-1a7ca4153965-169x300.jpg 169w, https:\/\/www.radiopiu.net\/wordpress\/wp-content\/uploads\/2023\/05\/0d226880-6609-493b-bd78-1a7ca4153965-576x1024.jpg 576w, https:\/\/www.radiopiu.net\/wordpress\/wp-content\/uploads\/2023\/05\/0d226880-6609-493b-bd78-1a7ca4153965.jpg 720w\" sizes=\"auto, (max-width: 169px) 100vw, 169px\" \/><\/a>\n\t\t\t\t<\/dt><\/dl><dl class='gallery-item'>\n\t\t\t\t<dt class='gallery-icon landscape'>\n\t\t\t\t\t<a class=\"rollover rollover-zoom dt-pswp-item\" title=\"96beaba4-e45e-431f-a526-c5509880f593\" data-dt-img-description=\"\" data-large_image_width=\"1024\" data-large_image_height=\"711\"href='https:\/\/www.radiopiu.net\/wordpress\/wp-content\/uploads\/2023\/05\/96beaba4-e45e-431f-a526-c5509880f593.jpg'><img loading=\"lazy\" decoding=\"async\" width=\"300\" height=\"208\" src=\"https:\/\/www.radiopiu.net\/wordpress\/wp-content\/uploads\/2023\/05\/96beaba4-e45e-431f-a526-c5509880f593-300x208.jpg\" class=\"attachment-medium size-medium\" alt=\"\" srcset=\"https:\/\/www.radiopiu.net\/wordpress\/wp-content\/uploads\/2023\/05\/96beaba4-e45e-431f-a526-c5509880f593-300x208.jpg 300w, https:\/\/www.radiopiu.net\/wordpress\/wp-content\/uploads\/2023\/05\/96beaba4-e45e-431f-a526-c5509880f593-768x533.jpg 768w, https:\/\/www.radiopiu.net\/wordpress\/wp-content\/uploads\/2023\/05\/96beaba4-e45e-431f-a526-c5509880f593.jpg 1024w\" sizes=\"auto, (max-width: 300px) 100vw, 300px\" \/><\/a>\n\t\t\t\t<\/dt><\/dl><br style=\"clear: both\" \/>\n\t\t\t<\/div>\n\n<hr \/>\n<p>&nbsp;<\/p>\n<p>&nbsp;<\/p>\n<blockquote>\n<h3><a class=\"dt-pswp-item\" href=\"https:\/\/www.radiopiu.net\/wordpress\/wp-content\/uploads\/2023\/05\/brown-bear-7591629__340.jpg\" data-dt-img-description=\"\" data-large_image_width=\"481\" data-large_image_height=\"340\"><img loading=\"lazy\" decoding=\"async\" class=\" wp-image-333854 alignleft\" src=\"https:\/\/www.radiopiu.net\/wordpress\/wp-content\/uploads\/2023\/05\/brown-bear-7591629__340-300x212.jpg\" alt=\"\" width=\"236\" height=\"167\" srcset=\"https:\/\/www.radiopiu.net\/wordpress\/wp-content\/uploads\/2023\/05\/brown-bear-7591629__340-300x212.jpg 300w, https:\/\/www.radiopiu.net\/wordpress\/wp-content\/uploads\/2023\/05\/brown-bear-7591629__340.jpg 481w\" sizes=\"auto, (max-width: 236px) 100vw, 236px\" \/><\/a>ANCHE IL CANSIGLIO COME IL TRENTINO VANTA IL SUO ORSO<\/h3>\n<\/blockquote>\n<p><strong>BELLUNO<\/strong> Sono state scoperte\u00a0 nel bosco del Cansiglio, le impronte di un orso di taglia media. Il ritrovamento \u00e8 stato effettuato da un volontario che stava accompagnando la forestale nel censimento dei lupi presenti in zona. Le impronte sono state rilevate in una zona molto frequentata dagli escursionisti e vicina a stalle, vivai e abitazioni. Secondo gli esperti si tratterebbe di un orso in transito che non \u00e8 stato ancora possibile tracciare. Questo avvistamento non \u00e8 il primo, lo scorso anno era gi\u00e0 stato notato il passaggio dell&#8217;orso nella stessa zona.<\/p>\n<p>&nbsp;<\/p>\n<p>&nbsp;<\/p>\n<hr \/>\n<p>&nbsp;<\/p>\n<blockquote>\n<h3>L&#8217;EVENTO, RIAPERTA LA CHIESA IN CADORE, ERA IN BILICO SULLA FRANA<\/h3>\n<\/blockquote>\n<p><strong><a class=\"dt-pswp-item\" href=\"https:\/\/www.radiopiu.net\/wordpress\/wp-content\/uploads\/2023\/05\/Senza-nome-2.jpg\" data-dt-img-description=\"\" data-large_image_width=\"252\" data-large_image_height=\"180\"><img loading=\"lazy\" decoding=\"async\" class=\" wp-image-333845 alignleft\" src=\"https:\/\/www.radiopiu.net\/wordpress\/wp-content\/uploads\/2023\/05\/Senza-nome-2.jpg\" alt=\"\" width=\"213\" height=\"152\" \/><\/a>VALLE DI CADORE\u00a0 <\/strong>La chiesa di San Martino a Valle di Cadore, a rischio di crollo a causa di una frana, \u00e8 stata salvata grazie a un intervento di consolidamento che ha costato 1,1 milioni di euro e che ha visto la realizzazione di terrazzamenti sulla roccia per consolidare le fondamenta. La chiesa, chiusa per due anni, \u00e8 stata restituita alla comunit\u00e0 cadorina il primo maggio, in una cerimonia alla quale hanno partecipato il vescovo, il presidente della Regione Veneto, la sindaca di Valle di Cadore e l&#8217;assessore regionale. L&#8217;intervento rappresenta un esempio unico di lavori in situazioni estreme e il progetto sar\u00e0 probabilmente pubblicato. La salvaguardia della chiesa \u00e8 stata sostenuta dai fondi per il risarcimento dei danni provocati dalla tempesta Vaia e rappresenta un importante passo verso i lavori di consolidamento del tratto della statale 51 di Alemagna, interessato dalla difficile strettoia di Valle di Cadore, in vista delle Olimpiadi di Milano-Cortina 2026.<\/p>\n<p>&nbsp;<\/p>\n<p><a class=\"dt-pswp-item\" href=\"https:\/\/www.radiopiu.net\/wordpress\/wp-content\/uploads\/2023\/05\/Senza-nome-1.jpg\" data-dt-img-description=\"\" data-large_image_width=\"506\" data-large_image_height=\"226\"><img loading=\"lazy\" decoding=\"async\" class=\"size-medium wp-image-333844 aligncenter\" src=\"https:\/\/www.radiopiu.net\/wordpress\/wp-content\/uploads\/2023\/05\/Senza-nome-1-300x134.jpg\" alt=\"\" width=\"300\" height=\"134\" srcset=\"https:\/\/www.radiopiu.net\/wordpress\/wp-content\/uploads\/2023\/05\/Senza-nome-1-300x134.jpg 300w, https:\/\/www.radiopiu.net\/wordpress\/wp-content\/uploads\/2023\/05\/Senza-nome-1.jpg 506w\" sizes=\"auto, (max-width: 300px) 100vw, 300px\" \/>\u00a0<\/a><\/p>\n<p>&nbsp;<\/p>\n<div dir=\"auto\"><a class=\"dt-pswp-item\" href=\"https:\/\/www.radiopiu.net\/wordpress\/wp-content\/uploads\/2023\/05\/Senza-nome-3.jpg\" data-dt-img-description=\"\" data-large_image_width=\"257\" data-large_image_height=\"179\"><img loading=\"lazy\" decoding=\"async\" class=\"wp-image-333846 alignleft\" src=\"https:\/\/www.radiopiu.net\/wordpress\/wp-content\/uploads\/2023\/05\/Senza-nome-3.jpg\" alt=\"\" width=\"184\" height=\"128\" \/><\/a><strong>L&#8217;ASSESSORE GIANPAOLO BOTTACIN<\/strong> &#8221; Abbiamo festeggiato la fine dei lavori che hanno reso sicura una chiesa dopo un movimento franoso del versante. Nel 2017 ho effettuato un sopralluogo e nel 2018 abbiamo ampliato il monitoraggio dell&#8217;area con una delibera in Giunta. La situazione \u00e8 peggiorata e la chiesa ha chiuso, ma abbiamo investito dei fondi per riportarla in sicurezza. L&#8217;intervento \u00e8 stato coraggioso e lungimirante, grazie anche alle scelte ingegneristiche azzeccate e alla maestria delle aziende. \u00c8 un esempio di collaborazione tra governo e aziende per garantire la sicurezza delle infrastrutture e delle comunit\u00e0. La chiesa ora \u00e8 utilizzabile dalla comunit\u00e0 locale e speriamo che questo esempio possa ispirare altri interventi simili nel futuro.<\/div>\n<p>&nbsp;<\/p>\n<hr \/>\n<p>&nbsp;<\/p>\n<blockquote>\n<h3>ARRIVATI A FALCADE I DUE MIGRANTI CHE LA PREFETTURA HA AFFIDATO AL COMUNE<\/h3>\n<\/blockquote>\n<p><strong><a class=\"dt-pswp-item\" href=\"https:\/\/www.radiopiu.net\/wordpress\/wp-content\/uploads\/2023\/05\/SCR-20230501-pmrc.jpeg\" data-dt-img-description=\"\" data-large_image_width=\"1278\" data-large_image_height=\"796\"><img loading=\"lazy\" decoding=\"async\" class=\" wp-image-333794 alignleft\" src=\"https:\/\/www.radiopiu.net\/wordpress\/wp-content\/uploads\/2023\/05\/SCR-20230501-pmrc-300x187.jpeg\" alt=\"\" width=\"223\" height=\"139\" srcset=\"https:\/\/www.radiopiu.net\/wordpress\/wp-content\/uploads\/2023\/05\/SCR-20230501-pmrc-300x187.jpeg 300w, https:\/\/www.radiopiu.net\/wordpress\/wp-content\/uploads\/2023\/05\/SCR-20230501-pmrc-1024x638.jpeg 1024w, https:\/\/www.radiopiu.net\/wordpress\/wp-content\/uploads\/2023\/05\/SCR-20230501-pmrc-768x478.jpeg 768w, https:\/\/www.radiopiu.net\/wordpress\/wp-content\/uploads\/2023\/05\/SCR-20230501-pmrc.jpeg 1278w\" sizes=\"auto, (max-width: 223px) 100vw, 223px\" \/><\/a>FALCADE<\/strong> La Croce Rossa Italiana ha portato a Falcade i due migranti che la Prefettura ha affidato al comune. Sono Hamadou, 27 anni, e Kanane, 20 anni, originari del Burkina Faso. I due ragazzi non parlano italiano n\u00e8 inglese, ma solo un p\u00f2 di francese. Sono stati ospitati negli appartamenti dell&#8217;ex sede della Croce Verde. Ad accoglierli il sindaco di Falcade Mauro Salvaterra, il parroco, il vicesindaco, i Carabinieri e i rappresentanti della minoranza consigliare oltre ai volontari. &#8220;Grazie alla collaborazione di tante persone &#8211; dice il sindaco sulla sua pagina Facebook &#8211; abbiamo provveduto a fornire loro cibo, scarpe, vestiario, lenzuola e quanto loro possa servire. Nei prossimi giorni, sempre in contatto con la Prefettura, sar\u00e0 mio compito espletare i vari protocolli medico sanitari e le pratiche necessarie presso la Questura&#8221;.<\/p>\n<p><strong>LE CONSIDERAZIONI DI AXEL DE PELLEGRINI, CONSIGLIERE COMUNALE DELLA MINORANZA A FALCADE<\/strong><\/p>\n<p><a class=\"dt-pswp-item\" href=\"https:\/\/www.radiopiu.net\/wordpress\/wp-content\/uploads\/2023\/05\/7c75735c-5562-43bd-903d-a5deeeb4cab9.jpg\" data-dt-img-description=\"\" data-large_image_width=\"1600\" data-large_image_height=\"1200\"><img loading=\"lazy\" decoding=\"async\" class=\"wp-image-333793 alignright\" src=\"https:\/\/www.radiopiu.net\/wordpress\/wp-content\/uploads\/2023\/05\/7c75735c-5562-43bd-903d-a5deeeb4cab9-300x225.jpg\" alt=\"\" width=\"149\" height=\"112\" srcset=\"https:\/\/www.radiopiu.net\/wordpress\/wp-content\/uploads\/2023\/05\/7c75735c-5562-43bd-903d-a5deeeb4cab9-300x225.jpg 300w, https:\/\/www.radiopiu.net\/wordpress\/wp-content\/uploads\/2023\/05\/7c75735c-5562-43bd-903d-a5deeeb4cab9-1024x768.jpg 1024w, https:\/\/www.radiopiu.net\/wordpress\/wp-content\/uploads\/2023\/05\/7c75735c-5562-43bd-903d-a5deeeb4cab9-768x576.jpg 768w, https:\/\/www.radiopiu.net\/wordpress\/wp-content\/uploads\/2023\/05\/7c75735c-5562-43bd-903d-a5deeeb4cab9-1536x1152.jpg 1536w, https:\/\/www.radiopiu.net\/wordpress\/wp-content\/uploads\/2023\/05\/7c75735c-5562-43bd-903d-a5deeeb4cab9.jpg 1600w\" sizes=\"auto, (max-width: 149px) 100vw, 149px\" \/><\/a>In merito alla questione migranti a Falcade vorrei precisare che, personalmente, non sono mai stato a favore della distribuzione imposta da parte dell&#8217;italico Stato di migranti nel territorio. Nei nostri piccoli paesi anche abbiamo persone bisognose di aiuto, ma molto spesso non si fa nulla o si fa finta di non vedere. Credo che uno Stato che davvero tenga a difendere il proprio territorio e i propri cittadini dovrebbe prima di tutto aiutarli con un sistema di welfare nazionale ben elaborato e utile a diminuire la disparit\u00e0 tra i pi\u00f9 ricchi e i meno abbienti. I migranti che sono giunti qui a Falcade spero non debbano pesare sulle tasche dell&#8217;amministrazione, bens\u00ec del governo che dovrebbe pagare di tasca propria. Certo, \u00e8 vero che sono stato ad accoglierli, ma non per questo ho pregiudizi, di certo non mi presento con il fucile o in modo totalmente sbagliato. Non \u00e8 colpa loro se sono stati destinati qui a Falcade, ma di un governo incapace di farsi rispettare a livello internazionale. Come al solito poi ci sono persone che sanno sempre tutto e niente e sputano sentenze senza nemmeno sapere un piffero di ci\u00f2 che \u00e8 successo e nemmeno delle idee delle persone coinvolte. Se sapete tutto meglio e sapete fare meglio, perch\u00e9 l&#8217;anno scorso non vi siete candidati a Sindaco o Consigliere? Rispetto sempre le idee altrui anche se sbagliate o infondate, perch\u00e9 la libert\u00e0 di espressione \u00e8 sacrosanta. La cosa per\u00f2 che non mi piace sono coloro che sputano sentenze senza aver realmente parlato con i diretti interessati. Se sapete fare tutto meglio candidatevi la prossima volta, ma se la scorsa volta non siete andati nemmeno alle urne, sarebbe il caso di non dire nulla visto che non avete espresso una preferenza pur avendone la scelta. Inoltre, se siete cos\u00ec contrari all&#8217;accoglienza di migranti in qualsiasi luogo, perch\u00e9 quando ci sono manifestazioni contrarie alle politiche di immigrazione non vi presentate mai in piazza o dove si svolgono? Spero che sia chiaro a tutti che nemmeno io avrei voluto che arrivassero, ma voi Sindaci o Consiglieri da Bar, cosa avreste fatto riguardo ad una imposizione da parte del Prefetto? Avreste magari contrastato con le barricate a La Mora e ai confini del Comune?<\/p>\n<p><em>Axel De Pellegrini<\/em><br \/>\n<em>(Cittadino e Capogruppo della minoranza consiliare di Falcade)<\/em><\/p>\n<p>&nbsp;<\/p>\n<p>&nbsp;<\/p>\n<hr \/>\n<p>&nbsp;<\/p>\n<blockquote>\n<h3>SEDICO PIANGE SERGIO DE CIAN. OGGI I FUNERALI<\/h3>\n<\/blockquote>\n<p><strong><a class=\"dt-pswp-item\" href=\"https:\/\/www.radiopiu.net\/wordpress\/wp-content\/uploads\/2023\/04\/SCR-20230430-jdlu.png\" data-dt-img-description=\"\" data-large_image_width=\"342\" data-large_image_height=\"408\"><img loading=\"lazy\" decoding=\"async\" class=\" wp-image-333630 alignleft\" src=\"https:\/\/www.radiopiu.net\/wordpress\/wp-content\/uploads\/2023\/04\/SCR-20230430-jdlu-251x300.png\" alt=\"\" width=\"152\" height=\"182\" srcset=\"https:\/\/www.radiopiu.net\/wordpress\/wp-content\/uploads\/2023\/04\/SCR-20230430-jdlu-251x300.png 251w, https:\/\/www.radiopiu.net\/wordpress\/wp-content\/uploads\/2023\/04\/SCR-20230430-jdlu.png 342w\" sizes=\"auto, (max-width: 152px) 100vw, 152px\" \/><\/a>SEDICO<\/strong> Se n&#8217;\u00e8 andato all&#8217;et\u00e0 di 84 anni Sergio De Cian. De Cian \u00e8 stato sindaco di Sedico dal 1979 al 2004, lasciando un segno importante nella vita politica della citt\u00e0. La scomparsa di De Cian ha suscitato grande commozione e cordoglio nella comunit\u00e0 di Sedico e in tutto il territorio bellunese, dove l&#8217;ex sindaco era molto stimato e apprezzato per la sua umanit\u00e0, la sua integrit\u00e0 e la sua competenza.\u00a0 I funerali di Sergio De Cian avranno luogo oggi alle 15 nella Chiesa Parocchiale di Libano di Sedico. A darne il triste annuncio la moglie Angela, Le figlie Sabrina e Chiara, il genero Fabio, i nipoti Isabella, Francesco e Agnese, il fratello Remo, i cognati, le cognate e i parenti tutti. I famigliari ringraziano di cuore il personale dell&#8217;Ospedale San Martino di Belluno che lo ha assistito in questo breve periodo.<\/p>\n<p>&nbsp;<\/p>\n<p>&nbsp;<\/p>\n<hr \/>\n<p>&nbsp;<\/p>\n<blockquote>\n<h3>GIOVEDI L&#8217;ULTIMO SALUTO A GIO&#8217;<\/h3>\n<\/blockquote>\n<p><a class=\"dt-pswp-item\" href=\"https:\/\/www.radiopiu.net\/wordpress\/wp-content\/uploads\/2023\/04\/344020575_163045366417725_8669014211725261012_n.jpg\" data-dt-img-description=\"\" data-large_image_width=\"526\" data-large_image_height=\"526\"><img loading=\"lazy\" decoding=\"async\" class=\" wp-image-333620 alignleft\" src=\"https:\/\/www.radiopiu.net\/wordpress\/wp-content\/uploads\/2023\/04\/344020575_163045366417725_8669014211725261012_n-300x300.jpg\" alt=\"\" width=\"247\" height=\"247\" srcset=\"https:\/\/www.radiopiu.net\/wordpress\/wp-content\/uploads\/2023\/04\/344020575_163045366417725_8669014211725261012_n-300x300.jpg 300w, https:\/\/www.radiopiu.net\/wordpress\/wp-content\/uploads\/2023\/04\/344020575_163045366417725_8669014211725261012_n-150x150.jpg 150w, https:\/\/www.radiopiu.net\/wordpress\/wp-content\/uploads\/2023\/04\/344020575_163045366417725_8669014211725261012_n.jpg 526w\" sizes=\"auto, (max-width: 247px) 100vw, 247px\" \/><\/a><strong>FELTRE<\/strong> Il popolo dei Nomadi sta organizzando il funerale dell&#8217;amico e manager Giovanni Tosatto, dopo la notizia della sua scomparsa ha fatto rapidamente il giro d&#8217;Italia. Il funerale si terr\u00e0 gioved\u00ec 4 maggio alle 14.30 nella chiesa di Tomo. I Nomadi sono come una grande famiglia, centinaia di persone stanno scrivendo messaggi di cordoglio e ricordi sui profili social del gruppo e di Giovanni. Anche Italo Sandi, ex parlamentare e insegnante di musica, ha lasciato un ricordo di quando Giovanni si innamor\u00f2 della canzone simbolo del gruppo, &#8220;Io vagabondo&#8221;, durante la terza media.<\/p>\n<div class=\"group w-full text-gray-800 dark:text-gray-100 border-b border-black\/10 dark:border-gray-900\/50 bg-gray-50 dark:bg-[#444654]\">\n<div class=\"text-base gap-4 md:gap-6 md:max-w-2xl lg:max-w-xl xl:max-w-3xl p-4 md:py-6 flex lg:px-0 m-auto\">\n<div class=\"relative flex w-[calc(100%-50px)] flex-col gap-1 md:gap-3 lg:w-[calc(100%-115px)]\">\n<div class=\"flex justify-between lg:block\">\n<div class=\"text-xs flex items-center justify-center gap-1 self-center pt-2 !invisible\"><\/div>\n<div class=\"text-gray-400 flex self-end lg:self-center justify-center mt-2 gap-2 md:gap-3 lg:gap-1 lg:absolute lg:top-0 lg:translate-x-full lg:right-0 lg:mt-0 lg:pl-2 visible\">\n<div class=\"group w-full text-gray-800 dark:text-gray-100 border-b border-black\/10 dark:border-gray-900\/50 bg-gray-50 dark:bg-[#444654]\">\n<div class=\"text-base gap-4 md:gap-6 md:max-w-2xl lg:max-w-xl xl:max-w-3xl p-4 md:py-6 flex lg:px-0 m-auto\">\n<div class=\"relative flex w-[calc(100%-50px)] flex-col gap-1 md:gap-3 lg:w-[calc(100%-115px)]\">\n<div class=\"flex flex-grow flex-col gap-3\">\n<div class=\"min-h-[20px] flex flex-col items-start gap-4 whitespace-pre-wrap break-words\">\n<div class=\"markdown prose w-full break-words dark:prose-invert light\">\n<blockquote><p><em>Giuseppe Tosatto \u00e8 stato un grande fan dei Nomadi per pi\u00f9 di 30 anni, diventando poi collaboratore del gruppo, aiutando nella logistica delle loro tourn\u00e9e e gestendo il merchandising insieme alla sorella. Con il tempo, Tosatto \u00e8 diventato il loro manager, organizzando ogni tappa e garantendo il successo dei loro concerti. Nel maggio 2021, ha lavorato per far s\u00ec che i Nomadi potessero tornare a esibirsi dal vivo, nonostante le sfide legate alla pandemia. Il suo impegno ha permesso al gruppo di continuare a cantare davanti ai loro fedeli fan.\u00a0<\/em><\/p><\/blockquote>\n<\/div>\n<\/div>\n<\/div>\n<div class=\"flex justify-between lg:block\">\n<div class=\"text-xs flex items-center justify-center gap-1 self-center pt-2 !invisible\"><\/div>\n<div class=\"text-gray-400 flex self-end lg:self-center justify-center mt-2 gap-2 md:gap-3 lg:gap-1 lg:absolute lg:top-0 lg:translate-x-full lg:right-0 lg:mt-0 lg:pl-2 visible\"><\/div>\n<\/div>\n<\/div>\n<\/div>\n<\/div>\n<\/div>\n<\/div>\n<\/div>\n<\/div>\n<\/div>\n<p>&nbsp;<\/p>\n<hr \/>\n<p>&nbsp;<\/p>\n<blockquote>\n<h3 class=\"entry-title\"><a class=\"dt-pswp-item\" href=\"https:\/\/www.radiopiu.net\/wordpress\/wp-content\/uploads\/2023\/05\/344535797_624800445783224_8098001480676845194_n.jpg\" data-dt-img-description=\"\" data-large_image_width=\"600\" data-large_image_height=\"450\"><img loading=\"lazy\" decoding=\"async\" class=\" wp-image-333853 alignleft\" src=\"https:\/\/www.radiopiu.net\/wordpress\/wp-content\/uploads\/2023\/05\/344535797_624800445783224_8098001480676845194_n-300x225.jpg\" alt=\"\" width=\"263\" height=\"197\" srcset=\"https:\/\/www.radiopiu.net\/wordpress\/wp-content\/uploads\/2023\/05\/344535797_624800445783224_8098001480676845194_n-300x225.jpg 300w, https:\/\/www.radiopiu.net\/wordpress\/wp-content\/uploads\/2023\/05\/344535797_624800445783224_8098001480676845194_n.jpg 600w\" sizes=\"auto, (max-width: 263px) 100vw, 263px\" \/><\/a>LA CHIESA DI SALCE E&#8217; INAGIBILE<\/h3>\n<\/blockquote>\n<div>\n<p class=\"sezioneArticolo\"><strong>BELLUNO<\/strong> La chiesa di San Bartolomeo in Col di Salce, a Belluno, ha subito un&#8217;imprevista rottura dell&#8217;ornamento in cemento che si trovava in cima al campanile, ovvero il &#8220;globo crucigero&#8221;, la palla in pietra con la croce in cima, che simboleggia il dominio di Cristo sul mondo. Il <strong><a class=\"dt-pswp-item\" href=\"https:\/\/www.radiopiu.net\/wordpress\/wp-content\/uploads\/2023\/05\/344574939_2446130668881900_2032923527331419721_n.jpg\" data-dt-img-description=\"\" data-large_image_width=\"720\" data-large_image_height=\"960\"><img loading=\"lazy\" decoding=\"async\" class=\"size-medium wp-image-333852 alignright\" src=\"https:\/\/www.radiopiu.net\/wordpress\/wp-content\/uploads\/2023\/05\/344574939_2446130668881900_2032923527331419721_n-225x300.jpg\" alt=\"\" width=\"225\" height=\"300\" srcset=\"https:\/\/www.radiopiu.net\/wordpress\/wp-content\/uploads\/2023\/05\/344574939_2446130668881900_2032923527331419721_n-225x300.jpg 225w, https:\/\/www.radiopiu.net\/wordpress\/wp-content\/uploads\/2023\/05\/344574939_2446130668881900_2032923527331419721_n.jpg 720w\" sizes=\"auto, (max-width: 225px) 100vw, 225px\" \/><\/a><\/strong>sagrestano ha notato l&#8217;incidente e ha chiamato il comando dei vigili del fuoco di Belluno, che hanno visionato la situazione e riscontrato un &#8220;dissesto statico&#8221;. Fortunatamente, nessuno \u00e8 stato coinvolto nel crollo e l&#8217;area della chiesa \u00e8 stata transennata e interdetta. La chiesa rimarr\u00e0 chiusa fino a nuovo avviso e le messe sono sospese. La chiesa di San Bartolomeo in Col di Salce \u00e8 tra le pi\u00f9 antiche della zona, con una storia che risale al 1346. Nel corso degli anni sono stati effettuati vari lavori di consolidamento e abbellimento, che hanno dato all&#8217;edificio il volto attuale.<\/p>\n<p><strong>Carlo Dallo\u00a0 <\/strong><em>Quando ho aperto la chiesa alle 09.00 non era successo niente, ci siamo accordati alle 10.00 che eravamo andati per la messa delle 10.30. Bravi i pompieri di Belluno interventi prontamente dopo la chiamata del parroco don Giorgio Aresi.<\/em><\/p>\n<p>La palla in pietra sulla cima del campanile della chiesa di Salce Belluno si \u00e8 spezzata e causato danni al tetto. La chiesa \u00e8 stata dichiarata inagibile e tutte le messe sono sospese, compreso il rosario. Le messe del fine settimana si terranno nella chiesa di San Fermo, mentre il Santo Rosario sar\u00e0 recitato nella chiesa di Sant&#8217;Antonio in Giamosa. La posizione della messa del 4 e 5 maggio verr\u00e0 comunicata in seguito. I pompieri di Belluno hanno prontamente gestito la situazione dopo la chiamata del parroco.<\/p>\n<\/div>\n<p>&nbsp;<\/p>\n<p>&nbsp;<\/p>\n<p>&nbsp;<\/p>\n<p>&nbsp;<\/p>\n<hr \/>\n<p>&nbsp;<\/p>\n<blockquote>\n<h3>LA SQUADRA MOBILE DELLA POLIZIA SGOMINA UN GIRO DI PROSTITUZIONE IN UN CENTRO MASSAGGI A BELLUNO<\/h3>\n<\/blockquote>\n<p><strong>BELLUNO<\/strong><\/p>\n<p>di Moreno Gioli<\/p>\n<audio class=\"wp-audio-shortcode\" id=\"audio-333552-1\" preload=\"none\" style=\"width: 100%;\" controls=\"controls\"><source type=\"audio\/mpeg\" src=\"https:\/\/www.radiopiu.net\/wordpress\/wp-content\/uploads\/2023\/04\/prostituzione-belluno.mp3?_=1\" \/><a href=\"https:\/\/www.radiopiu.net\/wordpress\/wp-content\/uploads\/2023\/04\/prostituzione-belluno.mp3\">https:\/\/www.radiopiu.net\/wordpress\/wp-content\/uploads\/2023\/04\/prostituzione-belluno.mp3<\/a><\/audio>\n<p>&nbsp;<\/p>\n\n\t\t\t<style type='text\/css'>\n\t\t\t\t#gallery-3 {\n\t\t\t\t\tmargin: auto;\n\t\t\t\t}\n\t\t\t\t#gallery-3 .gallery-item {\n\t\t\t\t\tfloat: left;\n\t\t\t\t\tmargin-top: 10px;\n\t\t\t\t\ttext-align: center;\n\t\t\t\t\twidth: 33%;\n\t\t\t\t}\n\t\t\t\t#gallery-3 img {\n\t\t\t\t\tborder: 2px solid #cfcfcf;\n\t\t\t\t}\n\t\t\t\t#gallery-3 .gallery-caption {\n\t\t\t\t\tmargin-left: 0;\n\t\t\t\t}\n\t\t\t\t\/* see gallery_shortcode() in wp-includes\/media.php *\/\n\t\t\t<\/style>\n\t\t<div id='gallery-3' class='dt-gallery-container gallery galleryid-333552 gallery-columns-3 gallery-size-medium'><dl class='gallery-item'>\n\t\t\t\t<dt class='gallery-icon landscape'>\n\t\t\t\t\t<a class=\"rollover rollover-zoom dt-pswp-item\" title=\"e819efed-79b2-457a-a8b4-ced3cd8b8831\" data-dt-img-description=\"\" data-large_image_width=\"1562\" data-large_image_height=\"1212\"href='https:\/\/www.radiopiu.net\/wordpress\/wp-content\/uploads\/2023\/04\/e819efed-79b2-457a-a8b4-ced3cd8b8831.jpg'><img loading=\"lazy\" decoding=\"async\" width=\"300\" height=\"233\" src=\"https:\/\/www.radiopiu.net\/wordpress\/wp-content\/uploads\/2023\/04\/e819efed-79b2-457a-a8b4-ced3cd8b8831-300x233.jpg\" class=\"attachment-medium size-medium\" alt=\"\" srcset=\"https:\/\/www.radiopiu.net\/wordpress\/wp-content\/uploads\/2023\/04\/e819efed-79b2-457a-a8b4-ced3cd8b8831-300x233.jpg 300w, https:\/\/www.radiopiu.net\/wordpress\/wp-content\/uploads\/2023\/04\/e819efed-79b2-457a-a8b4-ced3cd8b8831-1024x795.jpg 1024w, https:\/\/www.radiopiu.net\/wordpress\/wp-content\/uploads\/2023\/04\/e819efed-79b2-457a-a8b4-ced3cd8b8831-768x596.jpg 768w, https:\/\/www.radiopiu.net\/wordpress\/wp-content\/uploads\/2023\/04\/e819efed-79b2-457a-a8b4-ced3cd8b8831-1536x1192.jpg 1536w, https:\/\/www.radiopiu.net\/wordpress\/wp-content\/uploads\/2023\/04\/e819efed-79b2-457a-a8b4-ced3cd8b8831.jpg 1562w\" sizes=\"auto, (max-width: 300px) 100vw, 300px\" \/><\/a>\n\t\t\t\t<\/dt><\/dl><dl class='gallery-item'>\n\t\t\t\t<dt class='gallery-icon landscape'>\n\t\t\t\t\t<a class=\"rollover rollover-zoom dt-pswp-item\" title=\"6f28afb0-58de-4134-83e4-0a87cd625c94\" data-dt-img-description=\"\" data-large_image_width=\"1600\" data-large_image_height=\"1200\"href='https:\/\/www.radiopiu.net\/wordpress\/wp-content\/uploads\/2023\/04\/6f28afb0-58de-4134-83e4-0a87cd625c94.jpg'><img loading=\"lazy\" decoding=\"async\" width=\"300\" height=\"225\" src=\"https:\/\/www.radiopiu.net\/wordpress\/wp-content\/uploads\/2023\/04\/6f28afb0-58de-4134-83e4-0a87cd625c94-300x225.jpg\" class=\"attachment-medium size-medium\" alt=\"\" srcset=\"https:\/\/www.radiopiu.net\/wordpress\/wp-content\/uploads\/2023\/04\/6f28afb0-58de-4134-83e4-0a87cd625c94-300x225.jpg 300w, https:\/\/www.radiopiu.net\/wordpress\/wp-content\/uploads\/2023\/04\/6f28afb0-58de-4134-83e4-0a87cd625c94-1024x768.jpg 1024w, https:\/\/www.radiopiu.net\/wordpress\/wp-content\/uploads\/2023\/04\/6f28afb0-58de-4134-83e4-0a87cd625c94-768x576.jpg 768w, https:\/\/www.radiopiu.net\/wordpress\/wp-content\/uploads\/2023\/04\/6f28afb0-58de-4134-83e4-0a87cd625c94-1536x1152.jpg 1536w, https:\/\/www.radiopiu.net\/wordpress\/wp-content\/uploads\/2023\/04\/6f28afb0-58de-4134-83e4-0a87cd625c94.jpg 1600w\" sizes=\"auto, (max-width: 300px) 100vw, 300px\" \/><\/a>\n\t\t\t\t<\/dt><\/dl><dl class='gallery-item'>\n\t\t\t\t<dt class='gallery-icon landscape'>\n\t\t\t\t\t<a class=\"rollover rollover-zoom dt-pswp-item\" title=\"f94af533-1b82-42b3-ba0b-6aac94ac34c6\" data-dt-img-description=\"\" data-large_image_width=\"1600\" data-large_image_height=\"1059\"href='https:\/\/www.radiopiu.net\/wordpress\/wp-content\/uploads\/2023\/04\/f94af533-1b82-42b3-ba0b-6aac94ac34c6.jpg'><img loading=\"lazy\" decoding=\"async\" width=\"300\" height=\"199\" src=\"https:\/\/www.radiopiu.net\/wordpress\/wp-content\/uploads\/2023\/04\/f94af533-1b82-42b3-ba0b-6aac94ac34c6-300x199.jpg\" class=\"attachment-medium size-medium\" alt=\"\" srcset=\"https:\/\/www.radiopiu.net\/wordpress\/wp-content\/uploads\/2023\/04\/f94af533-1b82-42b3-ba0b-6aac94ac34c6-300x199.jpg 300w, https:\/\/www.radiopiu.net\/wordpress\/wp-content\/uploads\/2023\/04\/f94af533-1b82-42b3-ba0b-6aac94ac34c6-1024x678.jpg 1024w, https:\/\/www.radiopiu.net\/wordpress\/wp-content\/uploads\/2023\/04\/f94af533-1b82-42b3-ba0b-6aac94ac34c6-768x508.jpg 768w, https:\/\/www.radiopiu.net\/wordpress\/wp-content\/uploads\/2023\/04\/f94af533-1b82-42b3-ba0b-6aac94ac34c6-1536x1017.jpg 1536w, https:\/\/www.radiopiu.net\/wordpress\/wp-content\/uploads\/2023\/04\/f94af533-1b82-42b3-ba0b-6aac94ac34c6.jpg 1600w\" sizes=\"auto, (max-width: 300px) 100vw, 300px\" \/><\/a>\n\t\t\t\t<\/dt><\/dl><br style=\"clear: both\" \/>\n\t\t\t<\/div>\n\n<p>&nbsp;<\/p>\n<hr \/>\n<p>&nbsp;<\/p>\n<blockquote>\n<h3 class=\"entry-title\">ARRESTATO CITTADINO POLACCO SENZA FISSA DIMORA PER FURTO E RESISTENZA<\/h3>\n<\/blockquote>\n<p><strong><img loading=\"lazy\" decoding=\"async\" class=\"alignleft\" src=\"https:\/\/www.radiopiu.net\/wordpress\/wp-content\/uploads\/2018\/09\/POLIZIA-3.jpg\" width=\"323\" height=\"111\" \/>BELLUNO<\/strong> L\u2019altra mattina alle 6 la Questura di Belluno \u00e8 stata allarmata da un istituto di vigilanza riguardo ad un soggetto che stava scavalcando la recinzione di una concessionaria di via Tiziano Vecellio. All\u2019arrivo della Volante della Polizia, l\u2019uomo ha cercato di fuggire ma \u00e8 stato fermato circa 100 metri dopo dagli agenti. Il soggetto, un cittadino polacco senza fissa dimora, ha opposto resistenza e minacciato gli operatori con fare intimidatorio. In passato, l\u2019uomo era stato segnalato per aver trasportato all\u2019interno del proprio furgone parti di veicoli non giustificate. All\u2019interno del prefabbricato di lamiera della concessionaria, sono stati trovati attrezzi da scasso e strumenti utilizzati per il furto di veicoli. Il soggetto \u00e8 stato deferito all\u2019autorit\u00e0 giudiziaria per furto aggravato e resistenza a pubblico ufficiale. Questo episodio evidenzia l\u2019importanza della collaborazione tra le Forze dell\u2019Ordine e gli istituti di vigilanza per prevenire e contrastare la criminalit\u00e0. Inoltre, pone l\u2019accento sulla necessit\u00e0 di aumentare la sicurezza nelle concessionarie e nei parcheggi per prevenire il furto di veicoli. Infine, la presenza di soggetti senza fissa dimora con precedenti penali rappresenta una problematica sempre pi\u00f9 diffusa. \u00c8 necessario, quindi, sviluppare politiche di inclusione sociale per offrire a questi individui una prospettiva di vita diversa e prevenire il loro coinvolgimento nella criminalit\u00e0.<\/p>\n<p>&nbsp;<\/p>\n<p>&nbsp;<\/p>\n<hr \/>\n<p>&nbsp;<\/p>\n<blockquote>\n<h3 class=\"entry-title\">SEQUESTRATA QUANTIT\u00c0 DI DROGA IN UNA CASA A BELLUNO: COPPIA DEFERITA ALL\u2019AUTORIT\u00c0 GIUDIZIARIA<\/h3>\n<\/blockquote>\n<p><img loading=\"lazy\" decoding=\"async\" class=\"alignleft\" src=\"https:\/\/www.radiopiu.net\/wordpress\/wp-content\/uploads\/2018\/07\/image1.jpeg\" width=\"174\" height=\"130\" \/><strong>BELLUNO<\/strong> Nella serata di venerd\u00ec, la polizia \u00e8 intervenuta in una casa nella periferia, chiamata da un vicino di casa che aveva sentito una violenta lite tra i coniugi che vi abitavano. Alla vista della volante della Questura, i due erano ancora agitati, ma hanno aperto la porta per far entrare gli agenti. L\u2019interno dell\u2019abitazione era in disordine, ma la sorpresa pi\u00f9 grande \u00e8 stata trovare una quantit\u00e0 consistente di sostanza stupefacente. Pi\u00f9 di 100 grammi di marijuana e 30 di hashish erano presenti, insieme a una settantina di spinelli gi\u00e0 confezionati per un peso totale di 77 grammi. La coppia ha cercato di giustificarsi, dicendo che la droga era solo per uso personale, ma la polizia ha scoperto che non solo veniva consumata, ma addirittura coltivata all\u2019interno dell\u2019abitazione. La droga \u00e8 stata sequestrata e la coppia \u00e8 stata deferita all\u2019autorit\u00e0 giudiziaria per concorso e detenzione ai fini di spaccio, coltivazione e produzione di sostanza stupefacente. Si tratta di un reato, che potrebbe comportare una pesante sanzione penale per i coniugi coinvolti. La polizia di Belluno ha voluto ribadire l\u2019importanza di segnalare alle autorit\u00e0 eventuali situazioni sospette, come in questo caso la lite tra i coniugi, che ha permesso di scoprire l\u2019attivit\u00e0 illecita in corso nella casa. La lotta al traffico di droga rimane una priorit\u00e0 per le forze dell\u2019ordine, che lavorano costantemente per contrastare questo fenomeno criminoso e proteggere la sicurezza dei cittadini.<\/p>\n<p>&nbsp;<\/p>\n<p>&nbsp;<\/p>\n<hr \/>\n<p>&nbsp;<\/p>\n<blockquote>\n<h3 class=\"entry-title\">AMALIA STA BENE. RITROVATA IERI MATTINA LA DONNA SCOMPARSA DOMENICA<\/h3>\n<\/blockquote>\n<p><strong class=\"photoswipe-wrapper\"><a class=\"dt-pswp-item pspw-wrap-ready\" href=\"https:\/\/www.radiopiu.net\/wordpress\/wp-content\/uploads\/2023\/04\/FB_IMG_1682860896008-768x948-1.jpg\" data-dt-img-description=\"\" data-large_image_width=\"768\" data-large_image_height=\"948\"><img loading=\"lazy\" decoding=\"async\" class=\" wp-image-333691 alignleft\" src=\"https:\/\/www.radiopiu.net\/wordpress\/wp-content\/uploads\/2023\/04\/FB_IMG_1682860896008-768x948-1-243x300.jpg\" sizes=\"auto, (max-width: 92px) 100vw, 92px\" srcset=\"https:\/\/www.radiopiu.net\/wordpress\/wp-content\/uploads\/2023\/04\/FB_IMG_1682860896008-768x948-1-243x300.jpg 243w, https:\/\/www.radiopiu.net\/wordpress\/wp-content\/uploads\/2023\/04\/FB_IMG_1682860896008-768x948-1.jpg 768w\" alt=\"\" width=\"92\" height=\"114\" \/><\/a>LIMANA<\/strong> E\u2019 stata ritrovata sana e salva Amalia Zampieri, la donna di cui non si avevano notizie da domenica. La donna era partita per una passeggiata ma non aveva pi\u00f9 fatto rientro a casa. Le ricerche erano partite nel pomeriggio di domenica e sono proseguite per tutta la notte senza risultati. Ieri alle 7 la buona notizia \u00e8 arrivata dalla pagina Facebook del Comune di Limana: \u201cAmalia \u00e8 stata ritrovata stamattina. Ha autonomamente raggiunto un\u2019abitazione. Sta bene ed \u00e8 stata recuperata da forze dell\u2019ordine e vigili del fuoco. Sta ora riabbracciando i suoi familiari. Grazie a tutti coloro che hanno collaborato\u201d si legge sul post.<\/p>\n<p>&nbsp;<\/p>\n<p>&nbsp;<\/p>\n<hr \/>\n<p>&nbsp;<\/p>\n<blockquote>\n<h3>UN FERITO NELL&#8217;INCIDENTE DI VIGO DI CADORE<\/h3>\n<\/blockquote>\n<p><strong><a class=\"dt-pswp-item\" href=\"https:\/\/www.radiopiu.net\/wordpress\/wp-content\/uploads\/2023\/04\/234f374d-eaaf-44a6-8e35-bc0983b64084.jpg\" data-dt-img-description=\"\" data-large_image_width=\"1280\" data-large_image_height=\"720\"><img loading=\"lazy\" decoding=\"async\" class=\" wp-image-333607 alignleft\" src=\"https:\/\/www.radiopiu.net\/wordpress\/wp-content\/uploads\/2023\/04\/234f374d-eaaf-44a6-8e35-bc0983b64084-300x169.jpg\" alt=\"\" width=\"195\" height=\"110\" srcset=\"https:\/\/www.radiopiu.net\/wordpress\/wp-content\/uploads\/2023\/04\/234f374d-eaaf-44a6-8e35-bc0983b64084-300x169.jpg 300w, https:\/\/www.radiopiu.net\/wordpress\/wp-content\/uploads\/2023\/04\/234f374d-eaaf-44a6-8e35-bc0983b64084-1024x576.jpg 1024w, https:\/\/www.radiopiu.net\/wordpress\/wp-content\/uploads\/2023\/04\/234f374d-eaaf-44a6-8e35-bc0983b64084-768x432.jpg 768w, https:\/\/www.radiopiu.net\/wordpress\/wp-content\/uploads\/2023\/04\/234f374d-eaaf-44a6-8e35-bc0983b64084.jpg 1280w\" sizes=\"auto, (max-width: 195px) 100vw, 195px\" \/><\/a>VIGO DI CADORE <\/strong>Un incidente stradale si \u00e8 verificato nel pomeriggio di sabato, intorno alle 15:30, in localit\u00e0 Pelos nel comune di Vigo di Cadore. Una vettura \u00e8 finita rovesciata dopo la perdita di controllo del conducente, rimasto ferito nell&#8217;incidente. Sul posto sono giunti i Vigili del Fuoco di Pieve di Cadore, che hanno messo in sicurezza l&#8217;area e hanno estratto il conducente rimasto ferito dall&#8217;abitacolo della vettura. Il personale del SUEM ha provveduto a prestare le prime cure all&#8217;automobilista e lo ha trasferito in ospedale per le cure del caso. I Carabinieri hanno inoltre deviato il traffico sulla strada interessata dall&#8217;incidente e hanno eseguito i rilievi del sinistro.Le operazioni di soccorso sono durate circa un&#8217;ora.<\/p>\n<p>&nbsp;<\/p>\n<p>&nbsp;<\/p>\n<hr \/>\n<p>&nbsp;<\/p>\n<blockquote>\n<h3 class=\"entry-title\">RAGAZZA SI INFORTUNA IN PIAN CANSIGLIO<\/h3>\n<\/blockquote>\n<p><strong>TAMBRE\u00a0<\/strong>Verso le 17:15 di domenica una squadra del Soccorso alpino dell\u2019Alpago \u00e8 intervenuta sulla Piana del Cansiglio, poich\u00e9 una ragazza che stava partecipando ad un addestramento di orienteering si era fatta male a un piede mentre si trovava nel bosco a 500 metri dalla strada. Ricevute le coordinate da uno dei compagni della 21enne di Schio (VI), una squadra \u00e8 riuscita ad avvicinarsi in jeep sulla strada, dove l\u2019infortunata, che aveva riportato un sospetto trauma alla caviglia, si era nel frattempo portata, nella zona di Cima Val Sotta. La ragazza \u00e8 stata quindi accompagnata dai soccorritori nel luogo in cui il gruppo \u00e8 alloggiato<\/p>\n<p>&nbsp;<\/p>\n<p>&nbsp;<\/p>\n<hr \/>\n<p>&nbsp;<\/p>\n<blockquote>\n<h3>RUBATO IL CUORE DELLA LIBERAZIONE IN VALLE DI GARES. L&#8217;ARTISTA NE FARA&#8217; UN&#8217;ALTRO<\/h3>\n<\/blockquote>\n<p><strong><a class=\"dt-pswp-item\" href=\"https:\/\/www.radiopiu.net\/wordpress\/wp-content\/uploads\/2023\/04\/SCR-20230430-jozi.jpeg\" data-dt-img-description=\"\" data-large_image_width=\"902\" data-large_image_height=\"620\"><img loading=\"lazy\" decoding=\"async\" class=\" wp-image-333642 alignleft\" src=\"https:\/\/www.radiopiu.net\/wordpress\/wp-content\/uploads\/2023\/04\/SCR-20230430-jozi-300x206.jpeg\" alt=\"\" width=\"186\" height=\"128\" srcset=\"https:\/\/www.radiopiu.net\/wordpress\/wp-content\/uploads\/2023\/04\/SCR-20230430-jozi-300x206.jpeg 300w, https:\/\/www.radiopiu.net\/wordpress\/wp-content\/uploads\/2023\/04\/SCR-20230430-jozi-768x528.jpeg 768w, https:\/\/www.radiopiu.net\/wordpress\/wp-content\/uploads\/2023\/04\/SCR-20230430-jozi.jpeg 902w\" sizes=\"auto, (max-width: 186px) 100vw, 186px\" \/><\/a>CANALE D&#8217;AGORDO<\/strong><\/p>\n<p>di Gianni Santomaso<\/p>\n<audio class=\"wp-audio-shortcode\" id=\"audio-333552-2\" preload=\"none\" style=\"width: 100%;\" controls=\"controls\"><source type=\"audio\/mpeg\" src=\"https:\/\/www.radiopiu.net\/wordpress\/wp-content\/uploads\/2023\/04\/GIANNI-CUORE-DI-LEGNO-GARES.mp3?_=2\" \/><a href=\"https:\/\/www.radiopiu.net\/wordpress\/wp-content\/uploads\/2023\/04\/GIANNI-CUORE-DI-LEGNO-GARES.mp3\">https:\/\/www.radiopiu.net\/wordpress\/wp-content\/uploads\/2023\/04\/GIANNI-CUORE-DI-LEGNO-GARES.mp3<\/a><\/audio>\n<p>&nbsp;<\/p>\n<hr \/>\n<p>&nbsp;<\/p>\n<blockquote>\n<h3>CONTINUITA\u2019 DI SERVIZI PER FAMIGLIE E DONNE VITTIME DI VIOLENZA: RIUNITO IL PRIMO CDA DELLA NUOVA FONDAZIONE WELFARE DOLOMITI<\/h3>\n<\/blockquote>\n<p><strong><a class=\"dt-pswp-item\" href=\"https:\/\/www.radiopiu.net\/wordpress\/wp-content\/uploads\/2023\/04\/PHOTO-2023-04-29-11-09-31.jpg\" data-dt-img-description=\"\" data-large_image_width=\"2016\" data-large_image_height=\"1134\"><img loading=\"lazy\" decoding=\"async\" class=\" wp-image-333580 alignleft\" src=\"https:\/\/www.radiopiu.net\/wordpress\/wp-content\/uploads\/2023\/04\/PHOTO-2023-04-29-11-09-31-300x169.jpg\" alt=\"\" width=\"227\" height=\"128\" srcset=\"https:\/\/www.radiopiu.net\/wordpress\/wp-content\/uploads\/2023\/04\/PHOTO-2023-04-29-11-09-31-300x169.jpg 300w, https:\/\/www.radiopiu.net\/wordpress\/wp-content\/uploads\/2023\/04\/PHOTO-2023-04-29-11-09-31-1024x576.jpg 1024w, https:\/\/www.radiopiu.net\/wordpress\/wp-content\/uploads\/2023\/04\/PHOTO-2023-04-29-11-09-31-768x432.jpg 768w, https:\/\/www.radiopiu.net\/wordpress\/wp-content\/uploads\/2023\/04\/PHOTO-2023-04-29-11-09-31-1536x864.jpg 1536w, https:\/\/www.radiopiu.net\/wordpress\/wp-content\/uploads\/2023\/04\/PHOTO-2023-04-29-11-09-31.jpg 2016w\" sizes=\"auto, (max-width: 227px) 100vw, 227px\" \/><\/a>BELLUNO <\/strong>Si \u00e8 riunito venerd\u00ec 28 aprile il primo cda della Fondazione Welfare Dolomiti. Si tratta del primo atto conseguente alla nascita della nuova formula che proseguir\u00e0 e amplier\u00e0 il lavoro svolto fin qui dal Comitato Fondo Welfare e Identit\u00e0 Territoriale. Al primo punto della riunione, l\u2019accettazione dell\u2019incarico di consigliere. Il consiglio di amministrazione risulta cos\u00ec composto: Francesca De Biasi (presidente), Andrea Ferrazzi, Sonia Bridda, Maurizio Cappellin, Stefano Bellumat, Diego Donazzolo e Rita Gentilin, oltre a Christian Sacchet, Mauro De Carli, don Mario Doriguzzi e Gianluca Corsetti (questi ultimi quattro, insieme a De Biasi, compongono il comitato esecutivo, vale a dire il gruppo di lavoro ristretto che ha il compito di sviluppare i progetti secondo gli indirizzi del cda).<\/p>\n<p><strong>LA PRESIDENTE FRANCESCA DE BIASI<\/strong><\/p>\n<audio class=\"wp-audio-shortcode\" id=\"audio-333552-3\" preload=\"none\" style=\"width: 100%;\" controls=\"controls\"><source type=\"audio\/mpeg\" src=\"https:\/\/www.radiopiu.net\/wordpress\/wp-content\/uploads\/2023\/04\/DE-BIASI-CDA-PROVINCIA.mp3?_=3\" \/><a href=\"https:\/\/www.radiopiu.net\/wordpress\/wp-content\/uploads\/2023\/04\/DE-BIASI-CDA-PROVINCIA.mp3\">https:\/\/www.radiopiu.net\/wordpress\/wp-content\/uploads\/2023\/04\/DE-BIASI-CDA-PROVINCIA.mp3<\/a><\/audio>\n<p>&nbsp;<\/p>\n<hr \/>\n<p>&nbsp;<\/p>\n<blockquote>\n<h3>155MILA EURO PER PROMUOVERE E POTENZIARE IL TURISMO IN BICICLETTA<\/h3>\n<\/blockquote>\n<p><strong><a class=\"dt-pswp-item\" href=\"https:\/\/www.radiopiu.net\/wordpress\/wp-content\/uploads\/2023\/04\/775-2023_assessore-al-turismo.jpeg\" data-dt-img-description=\"\" data-large_image_width=\"960\" data-large_image_height=\"720\"><img loading=\"lazy\" decoding=\"async\" class=\" wp-image-333712 alignleft\" src=\"https:\/\/www.radiopiu.net\/wordpress\/wp-content\/uploads\/2023\/04\/775-2023_assessore-al-turismo-300x225.jpeg\" alt=\"\" width=\"147\" height=\"110\" srcset=\"https:\/\/www.radiopiu.net\/wordpress\/wp-content\/uploads\/2023\/04\/775-2023_assessore-al-turismo-300x225.jpeg 300w, https:\/\/www.radiopiu.net\/wordpress\/wp-content\/uploads\/2023\/04\/775-2023_assessore-al-turismo-768x576.jpeg 768w, https:\/\/www.radiopiu.net\/wordpress\/wp-content\/uploads\/2023\/04\/775-2023_assessore-al-turismo.jpeg 960w\" sizes=\"auto, (max-width: 147px) 100vw, 147px\" \/><\/a>VENEZIA <\/strong>\u201cIl bando approvato in Giunta destina ulteriori risorse al cicloturismo per attivit\u00e0 di promozione e valorizzazione turistica dei percorsi veneti. Si tratta di oltre 155mila euro da destinare al potenziamento del turismo in bicicletta, alla diversificazione dell\u2019offerta turistica eco-sostenibile, nel rispetto dell\u2019ambiente e del paesaggio rurale del territorio regionale\u201d. Lo dice l\u2019assessore regionale al Turismo annunciando il secondo bando, che segue quello del 2021, per il mondo del turismo della bicicletta e per la valorizzazione dei percorsi cicloturistici, con l\u2019assegnazione di contributi a favore dei soggetti gestori di percorsi e itinerari ciclistici delle \u201cGrandi salite del Veneto\u201d. L\u2019obiettivo del provvedimento \u00e8 quello di finanziare attivit\u00e0 legate alla promozione e valorizzazione del prodotto turistico \u201cVenice Bike System\u201d. Il bando \u00e8 pubblicato nel Bollettino Ufficiale della Regione del Veneto n. 59 del 28 aprile 2023 e le domande di finanziamento potranno essere presentate fino al 27 di giugno 2023.<\/p>\n<p>&nbsp;<\/p>\n<p>&nbsp;<\/p>\n<hr \/>\n<p>&nbsp;<\/p>\n<blockquote>\n<h3>SONIA D&#8217;AGOSTINI CONFERMATA PRESIDENTE DI PETTIROSSO AGORDINO<\/h3>\n<\/blockquote>\n<p><strong><a class=\"dt-pswp-item\" href=\"https:\/\/www.radiopiu.net\/wordpress\/wp-content\/uploads\/2023\/04\/3a418291-8e8a-48a9-bf81-adb5377ac12a.jpg\" data-dt-img-description=\"\" data-large_image_width=\"1600\" data-large_image_height=\"1204\"><img loading=\"lazy\" decoding=\"async\" class=\" wp-image-333637 alignleft\" src=\"https:\/\/www.radiopiu.net\/wordpress\/wp-content\/uploads\/2023\/04\/3a418291-8e8a-48a9-bf81-adb5377ac12a-300x226.jpg\" alt=\"\" width=\"159\" height=\"120\" srcset=\"https:\/\/www.radiopiu.net\/wordpress\/wp-content\/uploads\/2023\/04\/3a418291-8e8a-48a9-bf81-adb5377ac12a-300x226.jpg 300w, https:\/\/www.radiopiu.net\/wordpress\/wp-content\/uploads\/2023\/04\/3a418291-8e8a-48a9-bf81-adb5377ac12a-1024x771.jpg 1024w, https:\/\/www.radiopiu.net\/wordpress\/wp-content\/uploads\/2023\/04\/3a418291-8e8a-48a9-bf81-adb5377ac12a-768x578.jpg 768w, https:\/\/www.radiopiu.net\/wordpress\/wp-content\/uploads\/2023\/04\/3a418291-8e8a-48a9-bf81-adb5377ac12a-1536x1156.jpg 1536w, https:\/\/www.radiopiu.net\/wordpress\/wp-content\/uploads\/2023\/04\/3a418291-8e8a-48a9-bf81-adb5377ac12a.jpg 1600w\" sizes=\"auto, (max-width: 159px) 100vw, 159px\" \/><\/a>AGORDO<\/strong><\/p>\n<p>di Gianni Santomaso<\/p>\n<audio class=\"wp-audio-shortcode\" id=\"audio-333552-4\" preload=\"none\" style=\"width: 100%;\" controls=\"controls\"><source type=\"audio\/mpeg\" src=\"https:\/\/www.radiopiu.net\/wordpress\/wp-content\/uploads\/2023\/04\/GIANNI-SONIA-DAGOSTINI.mp3?_=4\" \/><a href=\"https:\/\/www.radiopiu.net\/wordpress\/wp-content\/uploads\/2023\/04\/GIANNI-SONIA-DAGOSTINI.mp3\">https:\/\/www.radiopiu.net\/wordpress\/wp-content\/uploads\/2023\/04\/GIANNI-SONIA-DAGOSTINI.mp3<\/a><\/audio>\n<p>&nbsp;<\/p>\n<hr \/>\n<p>&nbsp;<\/p>\n<blockquote>\n<h2>Da Milano alle Dolomiti: la storia di Elena Bergamin (il Dolomiti)<\/h2>\n<\/blockquote>\n<p><strong>REDAZIONE<\/strong> Il sito internet\u00a0 &#8220;il Dolomiti&#8221; celebra Elena Bergamin: \u00e8 una ragazza di citt\u00e0, originaria della zona di Varese, che ha trovato la sua passione per le Dolomiti bellunesi quando suo nonno l&#8217;ha portata per la prima volta a 14 anni. Dopo aver lavorato per quattro stagioni presso il rifugio Sasso Bianco, conquistando l&#8217;affetto dei proprietari Michele e Luciana, le \u00e8 stata proposta di gestire il rifugio. Elena ha accettato e ha trovato un coetaneo amante della montagna, Alessandro, che si \u00e8 unito alla sua avventura. Nonostante i timori legati a un nuovo inizio, Elena \u00e8 entusiasta di fare ci\u00f2 che davvero desidera e di valorizzare un piccolo gioiello sulle Dolomiti che merita di essere vissuto.<\/p>\n<p><a class=\"dt-pswp-item\" href=\"https:\/\/www.radiopiu.net\/wordpress\/wp-content\/uploads\/2023\/05\/elena-copia.jpg\" data-dt-img-description=\"\" data-large_image_width=\"980\" data-large_image_height=\"450\"><img loading=\"lazy\" decoding=\"async\" class=\"size-medium wp-image-333856 aligncenter\" src=\"https:\/\/www.radiopiu.net\/wordpress\/wp-content\/uploads\/2023\/05\/elena-copia-300x138.jpg\" alt=\"\" width=\"300\" height=\"138\" srcset=\"https:\/\/www.radiopiu.net\/wordpress\/wp-content\/uploads\/2023\/05\/elena-copia-300x138.jpg 300w, https:\/\/www.radiopiu.net\/wordpress\/wp-content\/uploads\/2023\/05\/elena-copia-768x353.jpg 768w, https:\/\/www.radiopiu.net\/wordpress\/wp-content\/uploads\/2023\/05\/elena-copia.jpg 980w\" sizes=\"auto, (max-width: 300px) 100vw, 300px\" \/><\/a><\/p>\n<p>LEGGI L&#8217;ARTICOLO DA &#8220;IL DOLOMITI&#8221;,\u00a0 DI SARA DE PASCALE, 01MAGGIO 2023<span style=\"color: #0000ff;\"><strong><a style=\"color: #0000ff;\" href=\"https:\/\/www.ildolomiti.it\/montagna\/2023\/da-milano-alle-dolomiti-per-gestire-un-rifugio-storia-della-25enne-elena-bergamin-i-tramonti-sul-civetta-ripagano-la-fatica-in-quota-ho-trovato-il-mio-posto-del-cuore\"> CLICCA QUI<\/a><\/strong><\/span><\/p>\n<p>&nbsp;<\/p>\n<p>&nbsp;<\/p>\n<hr \/>\n<p>&nbsp;<\/p>\n<blockquote>\n<h3>POSTI LETTO AD USO FORESTERIA IN IMMOBILI DELL\u2019ULSS DOLOMITI FINANZIATI CON I FONDI COMUNI DI CONFINE: APPROVATA LA CONVENZIONE<\/h3>\n<\/blockquote>\n<p><strong><a class=\"dt-pswp-item\" href=\"https:\/\/www.radiopiu.net\/wordpress\/wp-content\/uploads\/2020\/03\/ULSS-1-DOLOMITI-LOGO.jpg\" data-dt-img-description=\"\" data-large_image_width=\"298\" data-large_image_height=\"219\"><img loading=\"lazy\" decoding=\"async\" class=\" wp-image-121256 alignleft\" src=\"https:\/\/www.radiopiu.net\/wordpress\/wp-content\/uploads\/2020\/03\/ULSS-1-DOLOMITI-LOGO.jpg\" alt=\"\" width=\"176\" height=\"129\" \/><\/a>BELLUNO <\/strong>Dopo l\u2019affidamento dell\u2019incarico di progettazione, direzione lavori e coordinamento per la sicurezza dei lavori e l\u2019approvazione del progetto di fattibilit\u00e0 tecnica ed economica, \u00e8 stata approvata la Convenzione tra Provincia di Belluno e l\u2019Ulss Dolomiti relativa al progetto strategico di realizzazione di posti letto ad uso foresteria in immobili di propriet\u00e0 dell\u2019Ulss Dolomiti. Un intervento realizzato grazie a un finanziamento di 500 mila euro dei Fondi Comuni di Confine e a un cofinanziamento Ulss di 150 mila euro. L\u2019Ulss Dolomiti ringrazia i Comuni e il Presidente del Comitato paritetico per la gestione dell\u2019intesa per il Fondo Comuni Confinanti Dario Bond che hanno reso possibile il progetto. Nel dettaglio, il progetto prevede la ristrutturazione delle strutture di propriet\u00e0 dell\u2019Ulss al fine di ricavare degli appartamenti per mettere a disposizione in totale 20 posti letto ad uso foresteria per i professionisti che scelgono di lavorare in Ulss Dolomiti. Gli Immobili interessati dall\u2019intervento sono situati ad Agordo, Belluno e Feltre. Nello specifico: <strong>Belluno &#8211; via Sant\u2019Andrea n.8:<\/strong> si proceder\u00e0 con la ristrutturazione di un appartamento al secondo piano di un immobile che si sviluppa su tre livelli. Il progetto prevede una riorganizzazione degli spazi dell\u2019appartamento al fine di ricavare 10 posti letto. I locali che verranno realizzati all\u2019interno saranno una cucina, due soggiorni\/aree relax, due camere doppie, sei camere singole, tre servizi igienici, una dispensa, un ripostiglio e un locale tecnico. <strong>Feltre &#8211; via Ligont n. 25:<\/strong> l\u2019appartamento oggetto dell\u2019intervento si trova al primo piano di un immobile che si sviluppa su due livelli. Il progetto prevede di ottenere 4 posti letto, mettendo a disposizione una cucina, un soggiorno, una camera doppia, due camere singole, un servizio igienico e una lavanderia. <strong>Agordo &#8211; Ospedale in via Fontana n. 35:<\/strong> il progetto prevede la riorganizzazione delle foresterie esistenti all\u2019interno dell\u2019ospedale, al primo piano dell\u2019ala est del Corpo C, rendendo fruibili 6 posti letto. L\u2019 investimento complessivo \u00e8 di 650 mila euro di cui 500.000 euro per lavori e 150.000 euro per gli arredi. I locali saranno messi a disposizione di personale sanitario e medici specializzandi che necessitino di alloggio temporaneo in attesa di sistemazione definitiva.<\/p>\n<p>&nbsp;<\/p>\n<p>&nbsp;<\/p>\n<hr \/>\n<p>&nbsp;<\/p>\n<blockquote>\n<h3>CRISTINA BULLO E&#8217; IL NUOVO DIRETTORE U.O.C. DI CURE PRIMARIE DI FELTRE<\/h3>\n<\/blockquote>\n<p><strong><a class=\"dt-pswp-item\" href=\"https:\/\/www.radiopiu.net\/wordpress\/wp-content\/uploads\/2023\/04\/Bullo.jpeg\" data-dt-img-description=\"\" data-large_image_width=\"1537\" data-large_image_height=\"2048\"><img loading=\"lazy\" decoding=\"async\" class=\" wp-image-333586 alignleft\" src=\"https:\/\/www.radiopiu.net\/wordpress\/wp-content\/uploads\/2023\/04\/Bullo-225x300.jpeg\" alt=\"\" width=\"121\" height=\"161\" srcset=\"https:\/\/www.radiopiu.net\/wordpress\/wp-content\/uploads\/2023\/04\/Bullo-225x300.jpeg 225w, https:\/\/www.radiopiu.net\/wordpress\/wp-content\/uploads\/2023\/04\/Bullo-769x1024.jpeg 769w, https:\/\/www.radiopiu.net\/wordpress\/wp-content\/uploads\/2023\/04\/Bullo-768x1023.jpeg 768w, https:\/\/www.radiopiu.net\/wordpress\/wp-content\/uploads\/2023\/04\/Bullo-1153x1536.jpeg 1153w, https:\/\/www.radiopiu.net\/wordpress\/wp-content\/uploads\/2023\/04\/Bullo.jpeg 1537w\" sizes=\"auto, (max-width: 121px) 100vw, 121px\" \/><\/a>FELTRE <\/strong>Cristina Bullo \u00e8 stata nominata nuovo Direttore di U.O.C. di Cure Primarie del Distretto di Feltre. Classe 1972, di Castelfranco, Cristina Bullo si \u00e8 laureata in Medicina e Chirurgia all\u2019Universit\u00e0 di Padova, dove poi ha conseguito la specializzazione in Medicina Interna e un Master di II livello in Medicina vascolare. Ha ottenuto, inoltre, un Master di II livello in Cure Palliative all\u2019Universit\u00e0 di Parma. Proviene dall\u2019Azienda Ulss 2 Marca Trevigiana, dove ricopre un incarico di alta specializzazione, occupandosi di dimissioni protette, attivit\u00e0 clinico-assistenziale e di governo clinico integrato e continuit\u00e0 ospedale-territorio nella cronicit\u00e0 complessa avanzata, in collaborazione con la COT. Si \u00e8 occupata anche di progetti di residenzialit\u00e0 e semi-residenzialit\u00e0 all\u2019interno dell\u2019unit\u00e0 operativa di non-autosufficienza. Dal 2009 al 2016 ha prestato, inoltre, servizio nel reparto di Medicina Generale dell\u2019Ospedale di Castelfranco Veneto sotto la guida del dottor Gino Lusiani. La dottoressa Bullo ha maturato una solida esperienza nell\u2019ambito delle cure palliative e nella gestione del fine vita del paziente a domicilio, dove ha sviluppato capacit\u00e0 di lavorare in equipe relazionandosi con i vari operatori e con i Servizi Sociali Territoriali. Tra i temi di maggior interesse, anche di carattere scientifico, la desistenza terapeutica, il fine vita e la Slow Medicine.<\/p>\n<p>&nbsp;<\/p>\n<p>&nbsp;<\/p>\n<hr \/>\n<p>&nbsp;<\/p>\n<blockquote>\n<h3>LA PEDIATRA TESSAROTTO CESSA L&#8217; ATTIVITA&#8217;<\/h3>\n<\/blockquote>\n<p><strong><a class=\"dt-pswp-item\" href=\"https:\/\/www.radiopiu.net\/wordpress\/wp-content\/uploads\/2020\/10\/Medicodimedicinagenerale.jpg\" data-dt-img-description=\"\" data-large_image_width=\"1200\" data-large_image_height=\"790\"><img loading=\"lazy\" decoding=\"async\" class=\" wp-image-167000 alignleft\" src=\"https:\/\/www.radiopiu.net\/wordpress\/wp-content\/uploads\/2020\/10\/Medicodimedicinagenerale-300x198.jpg\" alt=\"\" width=\"156\" height=\"103\" srcset=\"https:\/\/www.radiopiu.net\/wordpress\/wp-content\/uploads\/2020\/10\/Medicodimedicinagenerale-300x198.jpg 300w, https:\/\/www.radiopiu.net\/wordpress\/wp-content\/uploads\/2020\/10\/Medicodimedicinagenerale-1024x674.jpg 1024w, https:\/\/www.radiopiu.net\/wordpress\/wp-content\/uploads\/2020\/10\/Medicodimedicinagenerale-768x506.jpg 768w, https:\/\/www.radiopiu.net\/wordpress\/wp-content\/uploads\/2020\/10\/Medicodimedicinagenerale.jpg 1200w\" sizes=\"auto, (max-width: 156px) 100vw, 156px\" \/><\/a>BELLUNO <\/strong>Dal 30 aprile la dr.ssa Lucia Tessarotto cesser\u00e0 la propria attivit\u00e0 di pediatra di libera scelta. L\u2019Azienda si sta adoperando da tempo nella ricerca di un medico disponibile ad assumere l\u2019incarico di pediatra di libera scelta in sostituzione della dott.ssa Tessarotto, senza gli esiti sperati ad oggi. L\u2019azienda continua, tuttavia, le attivit\u00e0 di reclutamento per la ricerca di un professionista che operi nell\u2019ambito territoriale in cui la dottoressa ha svolto il proprio incarico. Fino all\u2019individuazione di un nuovo pediatra, i genitori degli assistiti della dr.ssa Tessarotto con et\u00e0 da 6 a 14 anni, dovranno scegliere, temporaneamente, un medico di base a scelta tra i medici di assistenza primaria del proprio ambito territoriale che abbiano disponibilit\u00e0 di posti. Le disponibilit\u00e0 dei medici, gli orari e le sedi degli ambulatori possono essere verificate collegandosi al seguente link\u00a0 https:\/\/salute.regione.veneto.it\/servizi\/cerca-medici-e-pediatri.<\/p>\n<p>&nbsp;<\/p>\n<hr \/>\n<p>&nbsp;<\/p>\n<blockquote>\n<h3>ULTIMI GIORNI DI LAVORO IN ULSS 1 DOLOMITI PER I DOTTORI MAZZON E MONTIN<\/h3>\n<\/blockquote>\n<p><strong><a class=\"dt-pswp-item\" href=\"https:\/\/www.radiopiu.net\/wordpress\/wp-content\/uploads\/2021\/06\/MEDICO.jpg\" data-dt-img-description=\"\" data-large_image_width=\"1920\" data-large_image_height=\"1440\"><img loading=\"lazy\" decoding=\"async\" class=\" wp-image-216887 alignleft\" src=\"https:\/\/www.radiopiu.net\/wordpress\/wp-content\/uploads\/2021\/06\/MEDICO-300x225.jpg\" alt=\"\" width=\"137\" height=\"103\" srcset=\"https:\/\/www.radiopiu.net\/wordpress\/wp-content\/uploads\/2021\/06\/MEDICO-300x225.jpg 300w, https:\/\/www.radiopiu.net\/wordpress\/wp-content\/uploads\/2021\/06\/MEDICO-1024x768.jpg 1024w, https:\/\/www.radiopiu.net\/wordpress\/wp-content\/uploads\/2021\/06\/MEDICO-768x576.jpg 768w, https:\/\/www.radiopiu.net\/wordpress\/wp-content\/uploads\/2021\/06\/MEDICO-1536x1152.jpg 1536w, https:\/\/www.radiopiu.net\/wordpress\/wp-content\/uploads\/2021\/06\/MEDICO.jpg 1920w\" sizes=\"auto, (max-width: 137px) 100vw, 137px\" \/><\/a>BELLUNO <\/strong>In questi giorni cessa il servizio in Ulss Dolomiti il direttore della Anestesia di Belluno, Davide Mazzon e, dal 1\u00b0 giugno, cesser\u00e0 anche il direttore della chirurgia di Feltre Umberto Montin. Il dr Mazzon, in servizio in Ulss Dolomiti dal 2001 come direttore della Anestesia di Belluno, andr\u00e0 in quiescenza dopo una vita dedicata al San Martino dove ha sempre interpretato il suo ruolo con profonda dedizione e professionalit\u00e0. Tra il 2004 e il 2018 \u00e8 stato anche direttore del dipartimento di chirurgia di Belluno. Oltre alla direzione della sua unit\u00e0 operativa, ha curato la formazione di molti professionisti facendo crescere una solida squadra. Molto attivo anche in ambito scientifico, ha fatto crescere la cultura, non solo tra i professionisti ma anche tra i cittadini, sui temi della bioetica e della donazione di organi. Dal 2022 \u00e8 coordinatore aziendale dei trapianti. L\u2019Azienda ringrazia il dr Mazzon e gli augura una buona nuova vita. Nelle more dell\u2019espletamento del concorso. Il reparto sar\u00e0 guidato dal facente funzione dr Bernardi. Il dr Montin, in Ulss Dolomiti dal 2018, \u00e8 stato nominato direttore del dipartimento di chirurgia gi\u00e0 dal 2019, raggiungendo l\u2019apice della carriera. Nei tre anni passati all\u2019ospedale di Feltre, dove \u00e8 forte la tradizione chirurgica, ha potuto consolidare la sua esperienza dirigenziale oltre che clinica, offrendo stimoli per la formazione anche dei propri collaboratori. Prender\u00e0 servizio come direttore della chirurgia dell\u2019ospedale di Mestre. L\u2019Azienda ringrazia il dr Montin e gli augura un brillante proseguo di carriera, come quello svolto all\u2019ospedale di Feltre. Per la copertura di entrambe posizioni \u00e8 gi\u00e0 stata richiesta e ottenuta l\u2019autorizzazione dalla Regione Veneto. I profili dei prossimi direttore delle due unit\u00e0 operative, strategiche per gli ospedali, sono gi\u00e0 stati approvati dal Collegio di Direzione ed \u00e8 in corso l\u2019iter per la pubblicazione degli avvisi per il conferimento dei nuovi incarichi.<\/p>\n<p>&nbsp;<\/p>\n<p>&nbsp;<\/p>\n<hr \/>\n<p>&nbsp;<\/p>\n<blockquote>\n<h3>I CAMBIAMENTI CLIMATICI SALVERANNO LA MONTAGNA (BELLUNESE) DALLO SPOPOLAMENTO? DUE GIORNI DI EVENTI A BELLUNO IL 5 E 6 MAGGIO<\/h3>\n<\/blockquote>\n<p><strong><a class=\"dt-pswp-item\" href=\"https:\/\/www.radiopiu.net\/wordpress\/wp-content\/uploads\/2021\/05\/CONFINDUSTRIA.png\" data-dt-img-description=\"\" data-large_image_width=\"575\" data-large_image_height=\"575\"><img loading=\"lazy\" decoding=\"async\" class=\" wp-image-211858 alignleft\" src=\"https:\/\/www.radiopiu.net\/wordpress\/wp-content\/uploads\/2021\/05\/CONFINDUSTRIA-300x300.png\" alt=\"\" width=\"141\" height=\"141\" srcset=\"https:\/\/www.radiopiu.net\/wordpress\/wp-content\/uploads\/2021\/05\/CONFINDUSTRIA-300x300.png 300w, https:\/\/www.radiopiu.net\/wordpress\/wp-content\/uploads\/2021\/05\/CONFINDUSTRIA-150x150.png 150w, https:\/\/www.radiopiu.net\/wordpress\/wp-content\/uploads\/2021\/05\/CONFINDUSTRIA.png 575w\" sizes=\"auto, (max-width: 141px) 100vw, 141px\" \/><\/a>BELLUNO <\/strong>Saranno i cambiamenti climatici a salvare la montagna (bellunese) dallo spopolamento e dall\u2019invecchiamento? Quella che pu\u00f2 apparire una provocazione \u00e8, in realt\u00e0, un\u2019ipotesi, se non addirittura una vera e propria prospettiva supportata da dati e analisi. Che i prossimi saranno decenni di grandi migrazioni provocate dagli effetti nefasti dell\u2019innalzamento delle temperature \u00e8 ormai assodato, tanto che c\u2019\u00e8 chi parla addirittura del XXI come del \u201csecolo nomade\u201d. Ma i trend demografici cambieranno anche dentro i continenti e gli Stati, con uno spostamento degli abitanti verso le aree interne e montane? &#8220;I diversi modelli climatici utilizzati per l&#8217;Italia &#8211; spiega Paola Mercogliano del Centro Mediterraneo per i Cambiamenti Climatici &#8211; mostrano risultati concordi su un aumento della temperatura media a met\u00e0 secolo rispetto alla fine dello scorso secolo. Intorno al 2050, infatti, in tutti gli scenari si evidenzia un aumento della temperatura tra un grado centigrado (nello scenario con politiche climatiche pi\u00f9 aggressive), fino a 5 gradi, nello scenario in cui non si assumano politiche climatiche. \u00c8 anche interessante notare come in tutti gli scenari si evidenzi un consistente aumento di giorni con temperatura minima superiore a 20\u00b0C in estate con un corrispondente aumento della durata dei periodi senza pioggia. L&#8217;atteso aumento di stress termico, inoltre, si acuisce in ambiente urbano, dove aumentano i rischi per la salute connessi ai cambiamenti climatici&#8221;. E proprio a questo tema, e di come affrontare i mutamenti del clima nelle terre alte con strumenti adeguati e azioni concrete, \u00e8 al centro del seminario promosso da Confindustria Belluno Dolomiti e dall&#8217;Associazione &#8220;Riabitare l\u2019Italia\u201d con il supporto di Volksbank il 5 e 6 maggio prossimi a Villa Doglioni Dalmas.<\/p>\n<p>&nbsp;<\/p>\n<p>&nbsp;<\/p>\n<hr \/>\n<p>&nbsp;<\/p>\n<blockquote>\n<h3>LA PRESENTAZIONE DEL LIBRO DI LUISA MANFROI SUL NOF FILO&#8217; DI CENCENIGHE<\/h3>\n<\/blockquote>\n<p><strong><a class=\"dt-pswp-item\" href=\"https:\/\/www.radiopiu.net\/wordpress\/wp-content\/uploads\/2023\/04\/d1ac092a-e910-44f4-8976-50c7d19001dc.jpg\" data-dt-img-description=\"\" data-large_image_width=\"1024\" data-large_image_height=\"768\"><img loading=\"lazy\" decoding=\"async\" class=\" wp-image-333601 alignleft\" src=\"https:\/\/www.radiopiu.net\/wordpress\/wp-content\/uploads\/2023\/04\/d1ac092a-e910-44f4-8976-50c7d19001dc-300x225.jpg\" alt=\"\" width=\"149\" height=\"112\" srcset=\"https:\/\/www.radiopiu.net\/wordpress\/wp-content\/uploads\/2023\/04\/d1ac092a-e910-44f4-8976-50c7d19001dc-300x225.jpg 300w, https:\/\/www.radiopiu.net\/wordpress\/wp-content\/uploads\/2023\/04\/d1ac092a-e910-44f4-8976-50c7d19001dc-768x576.jpg 768w, https:\/\/www.radiopiu.net\/wordpress\/wp-content\/uploads\/2023\/04\/d1ac092a-e910-44f4-8976-50c7d19001dc.jpg 1024w\" sizes=\"auto, (max-width: 149px) 100vw, 149px\" \/><\/a>CENCENIGHE<\/strong> In sala consiliare del Comune presentazione del libro\u00a0 IL CENTRO TURISTICO CULTURALE NOF FILO\u2019, storia di un edificio e di una comunit\u00e0 di Luisa Manfroi Interventi di\u00a0 Luisa Manfroi, Mauro Soppelsa sindaco di Cencenighe e Bepi Pellegrinon editore.<\/p>\n<p>&nbsp;<\/p>\n<p>&nbsp;<\/p>\n<p><strong>LA DIRETTA RADIO PIU&#8217;<\/strong><\/p>\n<p><iframe loading=\"lazy\" title=\"PRESENTAZIONE LIBRO NOF FILO LUISA MANFROI\" width=\"1200\" height=\"675\" src=\"https:\/\/www.youtube.com\/embed\/dQsy_T6ui40?feature=oembed\" frameborder=\"0\" allow=\"accelerometer; autoplay; clipboard-write; encrypted-media; gyroscope; picture-in-picture; web-share\" allowfullscreen><\/iframe><\/p>\n<p>&nbsp;<\/p>\n<hr \/>\n<p>&nbsp;<\/p>\n<blockquote>\n<h3>LA FESTA DI SAN GIUSEPPE A RIF DI AGORDO<\/h3>\n<\/blockquote>\n<p><strong>AGORDO<\/strong> Uno degli eventi tradizionali, genuini \u00e8 senza ombra di dubbio la festa del Primo maggio a Rif di Agordo. La Festa di San Giuseppe \u00e8 una tradizione nella frazione alta di Agordo, con i Boce da Rif indaffarati a rendere accogliente il posto con stand gastronomici e mercatini in piazza.<\/p>\n<p><strong>LA DIRETTA RADIO PIU&#8217;<\/strong><\/p>\n<p>https:\/\/www.facebook.com\/marco.baghy.1\/videos\/1191041918261864<\/p>\n<p>&nbsp;<\/p>\n<hr \/>\n<p>&nbsp;<\/p>\n<blockquote>\n<h3>I RAGAZZI DELLA SECONDARIA DI LENTIAI TERZI ALLE OLIMPIADI DI PROBLEM SOLVING<\/h3>\n<\/blockquote>\n<p><strong><a class=\"dt-pswp-item\" href=\"https:\/\/www.radiopiu.net\/wordpress\/wp-content\/uploads\/2023\/04\/Cesena-2023-04-29-premio.jpg\" data-dt-img-description=\"\" data-large_image_width=\"1600\" data-large_image_height=\"1200\"><img loading=\"lazy\" decoding=\"async\" class=\" wp-image-333710 alignleft\" src=\"https:\/\/www.radiopiu.net\/wordpress\/wp-content\/uploads\/2023\/04\/Cesena-2023-04-29-premio-300x225.jpg\" alt=\"\" width=\"183\" height=\"137\" srcset=\"https:\/\/www.radiopiu.net\/wordpress\/wp-content\/uploads\/2023\/04\/Cesena-2023-04-29-premio-300x225.jpg 300w, https:\/\/www.radiopiu.net\/wordpress\/wp-content\/uploads\/2023\/04\/Cesena-2023-04-29-premio-1024x768.jpg 1024w, https:\/\/www.radiopiu.net\/wordpress\/wp-content\/uploads\/2023\/04\/Cesena-2023-04-29-premio-768x576.jpg 768w, https:\/\/www.radiopiu.net\/wordpress\/wp-content\/uploads\/2023\/04\/Cesena-2023-04-29-premio-1536x1152.jpg 1536w, https:\/\/www.radiopiu.net\/wordpress\/wp-content\/uploads\/2023\/04\/Cesena-2023-04-29-premio.jpg 1600w\" sizes=\"auto, (max-width: 183px) 100vw, 183px\" \/><\/a>BORGO VALBELLUNA <\/strong>Grande soddisfazione per la squadra del Toro formata da Vanessa Dal Farra, Alice e Leonardo Marcer e Chiara Scarton, alunni della 3^A di Lentiai che dopo aver sbaragliato tutti gli avversari nella fase regionale, sabato 29 aprile a Cesena si sono aggiudicati il terzo posto su diciotto squadre nelle Olimpiadi di Problem Solving.\u00a0I ragazzi di Lentiai si erano dimostrati la migliore squadra classificata nella selezione regionale, ottenendo anche, come richiesto dal regolamento, un punteggio superiore alla media nazionale. La trasferta a Cesena presso i laboratori del Corso di Studi in Ingegneria e Scienze Informatiche dell\u2019Universit\u00e0 di Bologna, accompagnati dall\u2019insegnante di matematica Giorgio Venuto, \u00e8 stata tanto impegnativa quanto entusiasmante. Un\u2019esperienza che difficilmente dimenticheranno oltre alla soddisfazione del risultato di cui vanno fieri anche i loro insegnanti e tutta una comunit\u00e0.<\/p>\n<p>&nbsp;<\/p>\n<p>&nbsp;<\/p>\n<hr \/>\n<p>&nbsp;<\/p>\n<blockquote>\n<h3>SALA GREMITA A TRENTO PER IL DOCUFILM &#8220;L&#8217;ULTIMA VIA DI RICCARDO BEE&#8221;<\/h3>\n<\/blockquote>\n<p><strong><a class=\"dt-pswp-item\" href=\"https:\/\/www.radiopiu.net\/wordpress\/wp-content\/uploads\/2023\/05\/d9f34024-ddb9-4029-9be7-3d2ad5e890e5.jpg\" data-dt-img-description=\"\" data-large_image_width=\"870\" data-large_image_height=\"1245\"><img loading=\"lazy\" decoding=\"async\" class=\" wp-image-333767 alignleft\" src=\"https:\/\/www.radiopiu.net\/wordpress\/wp-content\/uploads\/2023\/05\/d9f34024-ddb9-4029-9be7-3d2ad5e890e5-210x300.jpg\" alt=\"\" width=\"132\" height=\"189\" srcset=\"https:\/\/www.radiopiu.net\/wordpress\/wp-content\/uploads\/2023\/05\/d9f34024-ddb9-4029-9be7-3d2ad5e890e5-210x300.jpg 210w, https:\/\/www.radiopiu.net\/wordpress\/wp-content\/uploads\/2023\/05\/d9f34024-ddb9-4029-9be7-3d2ad5e890e5-716x1024.jpg 716w, https:\/\/www.radiopiu.net\/wordpress\/wp-content\/uploads\/2023\/05\/d9f34024-ddb9-4029-9be7-3d2ad5e890e5-768x1099.jpg 768w, https:\/\/www.radiopiu.net\/wordpress\/wp-content\/uploads\/2023\/05\/d9f34024-ddb9-4029-9be7-3d2ad5e890e5.jpg 870w\" sizes=\"auto, (max-width: 132px) 100vw, 132px\" \/><\/a>di Claudio Pra<\/strong><\/p>\n<p>Supercinema Vittoria di Trento gremito, domenica 30 aprile, in occasione della proiezione in prima mondiale del docufilm dedicato a Riccardo Bee nel quarantesimo anniversario dalla sua morte avvenuta sull&#8217;Agner. Se lo meritava Riccardo un ricordo che ne esaltasse la grande figura alpinistica, iniziata in cordata con Franco Miotto e saltuariamente altri compagni e proseguita poi da cavaliere solitario su pareti immense come il Burel e l&#8217;Agner. La sua scarsa ricerca della notoriet\u00e0 ha probabilmente impedito, a parte fra gli addetti ai lavori, che le sue imprese avessero l&#8217;eco che meritavano e finora soltanto un libro piuttosto recente, &#8220;Riccardo Bee, un alpinismo titanico&#8221;, ne aveva raccontato le incredibili gesta fatte di avvicinamenti scomodi e lunghissimi, di pareti vertiginose, di bivacchi al gelo e di prime ascensioni che ancora oggi destano ammirazione e incredulit\u00e0. Il docufilm &#8220;L&#8217;ultima via di Riccardo Bee&#8221;non \u00e8 per\u00f2 solo il racconto di scalate e imprese, anzi, \u00e8 prevalentemente il ritratto di un uomo eccezionale che nella vita era per\u00f3 normale. Di un marito e pap\u00e0 premuroso e di un compagnone per gli amici, che aveva per\u00f2 assoluto bisogno dei suoi spazi sulle crode per potersi esprimersi totalmente. Un grande e lungo applauso al termine della proiezione ha omaggiato questo grande lavoro del regista Emanuele Confortin, che in molte riprese ha portato lo spettatore dentro le incredibili pareti teatro delle gesta di Riccardo, tanto che a volte \u00e8 parso di essere li insieme a lui. Oltre ai fratelli dell&#8217;alpinista bellunese tanti erano i Bellunesi e gli agordini in sala, compagni di cordata, autorit\u00e0 o semplici ammiratori di un uomo romantico e visionario a cui non si pu\u00f2 non voler bene, caduto sull&#8217;Agner in un inverno di quarant&#8217;anni fa rincorrendo un sogno.<\/p>\n<p>&nbsp;<\/p>\n<p>&nbsp;<\/p>\n<hr \/>\n<p>&nbsp;<\/p>\n<blockquote>\n<h3>LIFE IN TOUR: UN VIAGGIO EMOZIONALE NELLA CONCA DELL\u2019ALPAGO<\/h3>\n<\/blockquote>\n<p><strong><a class=\"dt-pswp-item\" href=\"https:\/\/www.radiopiu.net\/wordpress\/wp-content\/uploads\/2023\/04\/Lotto-Menegaz-wide.jpg\" data-dt-img-description=\"\" data-large_image_width=\"544\" data-large_image_height=\"352\"><img loading=\"lazy\" decoding=\"async\" class=\" wp-image-333590 alignleft\" src=\"https:\/\/www.radiopiu.net\/wordpress\/wp-content\/uploads\/2023\/04\/Lotto-Menegaz-wide-300x194.jpg\" alt=\"\" width=\"179\" height=\"116\" srcset=\"https:\/\/www.radiopiu.net\/wordpress\/wp-content\/uploads\/2023\/04\/Lotto-Menegaz-wide-300x194.jpg 300w, https:\/\/www.radiopiu.net\/wordpress\/wp-content\/uploads\/2023\/04\/Lotto-Menegaz-wide.jpg 544w\" sizes=\"auto, (max-width: 179px) 100vw, 179px\" \/><\/a>ALPAGO <\/strong>Si terr\u00e0 stasera alle 21 il workshop esperienziale di comunicazione emotiva \u201cLife in Tour\u201d. Presso la sala polivalente di Lamosano di Chies d\u2019Alpago gli analogisti Erik Lotto e Luisa Menegaz terranno una introduzione al Tour e spiegheranno le principali aree di interessate da questo percorso che tocca la dimensione emotiva interiore e che mira a liberarsi di quei condizionamenti emotivi che spesso ci limitano nell\u2019agire e nell\u2019esprimersi quotidianamente. Un\u2019iniziativa sostenuta anche dal Comune di Chies d\u2019Alpago e dalla Comunanza delle Regole dell\u2019Alpago, vista la funzione di supporto che vuole offire a tutta la Comunit\u00e0 della Conca alpagota. Erik Lotto e Luisa Menegaz sono analogisti esperti nell\u2019interpretazione del linguaggio emotivo e nell\u2019individuazione delle dinamiche comportamentali dell\u2019individuo. Essi svolgono una professione d\u2019aiuto a carattere olistico con lo scopo di aiutare le persone a raggiungere il proprio benessere liberandosi da blocchi emotivi, condizionamenti e pensieri autolimitanti. Erik Lotto e Luisa Menegaz, hanno scelto di dedicare alla comunit\u00e0 della conca dell\u2019Alpago anche un percorso di gruppo strutturato in 4 incontri in cui si dar\u00e0 l\u2019opportunit\u00e0 di approfondire la conoscenza di s\u00e9 e la risoluzione delle tensioni emotive di base presenti nelle principali aree della vita; ci\u00f2 significa dare l\u2019opportunit\u00e0 di rivedere il rapporto con i propri genitori, i pari e le persone significative, il rapporto con l\u2019intimit\u00e0, la sessualit\u00e0 e l\u2019autorealizzazione sia in ambito professionale che di gestione del s\u00e9. Tale esperienza di gruppo si terr\u00e0 marted\u00ec 09 maggio, luned\u00ec 15 maggio, marted\u00ec 06 e 13 giugno dalle 20:30 alle 22:00 nella sala funzionale di Chies d\u2019Alpago.<\/p>\n<p>&nbsp;<\/p>\n<p>&nbsp;<\/p>\n<hr \/>\n<p>&nbsp;<\/p>\n<blockquote>\n<h3>IN ROMAGNA AL RADUNO DI AUTO STORICHE CON IL LOGO DI RADIO PIU&#8217;<\/h3>\n<\/blockquote>\n<p><strong><a class=\"dt-pswp-item\" href=\"https:\/\/www.radiopiu.net\/wordpress\/wp-content\/uploads\/2023\/05\/2511120d-bbc2-4073-b791-a2b8467c946f.jpg\" data-dt-img-description=\"\" data-large_image_width=\"836\" data-large_image_height=\"1165\"><img loading=\"lazy\" decoding=\"async\" class=\" wp-image-333812 alignleft\" src=\"https:\/\/www.radiopiu.net\/wordpress\/wp-content\/uploads\/2023\/05\/2511120d-bbc2-4073-b791-a2b8467c946f-215x300.jpg\" alt=\"\" width=\"128\" height=\"179\" srcset=\"https:\/\/www.radiopiu.net\/wordpress\/wp-content\/uploads\/2023\/05\/2511120d-bbc2-4073-b791-a2b8467c946f-215x300.jpg 215w, https:\/\/www.radiopiu.net\/wordpress\/wp-content\/uploads\/2023\/05\/2511120d-bbc2-4073-b791-a2b8467c946f-735x1024.jpg 735w, https:\/\/www.radiopiu.net\/wordpress\/wp-content\/uploads\/2023\/05\/2511120d-bbc2-4073-b791-a2b8467c946f-768x1070.jpg 768w, https:\/\/www.radiopiu.net\/wordpress\/wp-content\/uploads\/2023\/05\/2511120d-bbc2-4073-b791-a2b8467c946f.jpg 836w\" sizes=\"auto, (max-width: 128px) 100vw, 128px\" \/><\/a>VILLANOVA DI BAGNACAVALLO<\/strong><\/p>\n<p>di Roberto Bona<\/p>\n<audio class=\"wp-audio-shortcode\" id=\"audio-333552-5\" preload=\"none\" style=\"width: 100%;\" controls=\"controls\"><source type=\"audio\/mpeg\" src=\"https:\/\/www.radiopiu.net\/wordpress\/wp-content\/uploads\/2023\/05\/BONA-AUTOSTORICHE-LOGO-RADIO-PIU.mp3?_=5\" \/><a href=\"https:\/\/www.radiopiu.net\/wordpress\/wp-content\/uploads\/2023\/05\/BONA-AUTOSTORICHE-LOGO-RADIO-PIU.mp3\">https:\/\/www.radiopiu.net\/wordpress\/wp-content\/uploads\/2023\/05\/BONA-AUTOSTORICHE-LOGO-RADIO-PIU.mp3<\/a><\/audio>\n<p>&nbsp;<\/p>\n<hr \/>\n<p>&nbsp;<\/p>\n<blockquote>\n<h3>LA NOTTE NAZIONALE DEL LICEO CLASSICO<\/h3>\n<\/blockquote>\n<p><strong>BELLUNO<\/strong> Ritorna la Notte Nazionale del Liceo Classico. Venerd\u00ec sera si terr\u00e0 nei Licei classici di tutta Italia la IX edizione della manifestazione che, dopo le due ultime edizioni svoltesi online per la pandemia, torner\u00e0 nuovamente in presenza. Anche il Liceo classico Tiziano, nella propria sede di via Cavour, a partire dalle 20 e fino alle 22:30 circa, parteciper\u00e0 all\u2019iniziativa, con una serata dedicata al tema \u201cIl mantello di Arlecchino. Ovvero del vivere la cultura classica nella vita\u201d.<\/p>\n<p>&nbsp;<\/p>\n<hr \/>\n<p>&nbsp;<\/p>\n<blockquote>\n<h2>ALPINISMO GIOVANILE, incontro con Merino Mattiuzzi: uomo speciale che personifica il bosco<\/h2>\n<\/blockquote>\n<p><strong><img decoding=\"async\" class=\"aligncenter\" src=\"https:\/\/www.radiopiu.net\/wordpress\/wp-content\/uploads\/2023\/05\/Senza-nome.jpg\" \/><\/strong><\/p>\n<p>&nbsp;<\/p>\n<p><strong>AGORDO<\/strong> La Sezione Agordina del CAI continua a proporre interessanti iniziative anche per promuovere l&#8217;alpinismo giovanile. Dopo il successo delle &#8220;Sere d&#8217;Autunno 2022&#8221;, il prossimo appuntamento sar\u00e0 con Merino Mattiuzzi, personaggio che incarna la natura, il bosco e gli antichi mestieri del passato. La giornata, in programma per domenica 7 maggio a Zopp\u00e8 di Cadore, prevede un percorso didattico per conoscere da vicino la figura di Merino e immergersi in un mondo sconosciuto. L&#8217;escursione, adatta anche ai pi\u00f9 piccoli, sar\u00e0 facile e istruttiva e permetter\u00e0 ai partecipanti di apprendere nuove nozioni sulla natura e sugli antichi mestieri. L&#8217;Alpinismo Giovanile, guidato dal CAI di Agordo, si conferma quindi come un&#8217;ottima occasione per far conoscere ai giovani il valore dell&#8217;ambiente e della storia delle nostre montagne.<\/p>\n<p>&nbsp;<\/p>\n<p>&nbsp;<\/p>\n<p>&nbsp;<\/p>\n<hr \/>\n<p>&nbsp;<\/p>\n<blockquote>\n<h3>ASPETTANDO IL PALIO DI FELTRE CON UN CICLO DI CONFERENZE<\/h3>\n<\/blockquote>\n<p><strong>FELTRE <\/strong>L&#8217;Associazione Palio Citt\u00e0 di Feltre, in collaborazione del Museo Diocesano di Belluno-Feltre, ripropone un ciclo di conferenze dal titolo \u201cAspettando il Palio. Storia e storie tra Medioevo e Rinascimento\u201d, un ricco programma di otto incontri che, dopo tre anni di pausa, si svilupper\u00e0 tra i mesi di maggio e luglio, accompagnando la comunit\u00e0 feltrina verso la quarantaquattresima edizione del Palio di Feltre. Il filo conduttore dell&#8217;iniziativa \u00e8 sempre quello di aprire una finestra su aspetti storici, archeologici, artistici del nostro territorio o del periodo cronologico a cui il Palio si riferisce.<\/p>\n<p>&nbsp;<\/p>\n<p>&nbsp;<\/p>\n<hr \/>\n<p>&nbsp;<\/p>\n<blockquote>\n<h3>I CONCORSI DELLA POLIZIA<\/h3>\n<\/blockquote>\n<p><strong>BELLUNO<\/strong> Sul portale unico della poliziadistato.it \u00e8 pubblicato il bando per l&#8217;assunzione di 28 atleti da assegnare ai gruppi sportivi della Polizia di Stato-Fiamme Oro, inquadrati nel ruolo degli agente e assistenti<\/p>\n<p>&nbsp;<\/p>\n<hr \/>\n<p>&nbsp;<\/p>\n<p><strong>AVVISO DI SELEZIONE DEL RESPONSABILE ANIMAZIONE E COMUNICAZIONE DEL GAL ALTO BELLUNESE<\/strong><\/p>\n<p>Il GAL intende selezionare una figura professionale che ricopra il ruolo di Responsabile dell\u2019animazione e comunicazione\u00a0 dotata di adeguata esperienza, qualificazione e competenza.\u00a0La scadenza per la presentazione delle candidature \u00e8 il<strong> 22\/05\/2023. <\/strong>L\u2019avviso \u00e8 pubblicato sul sito <a href=\"http:\/\/www.galaltobellunese.com\/bandi-e-contratti\/\">www.galaltobellunese.com<\/a><\/p>\n<p>&nbsp;<\/p>\n<p>&nbsp;<\/p>\n<hr \/>\n<p>&nbsp;<\/p>\n<blockquote>\n<h3>IL COMUNE VALUTA L&#8217;OPERATO DI ASCA\u00a0 E DELLA MUNICIPALIZZATA<\/h3>\n<\/blockquote>\n<p><strong>TAIBON<\/strong> Il sindaco Silvia Tormen ha convocato il consiglio comunale per sabato 6 maggio alle 9, all&#8217;ordine del giorno l&#8217;approvazione del bilancio Asca, approvazione bilancio di esercizio dell&#8217;azienda speciale del Comune, approvazione rendiconto finanziario, variazione al bilancio di previsione, riconoscimento debito fuori bilancio per una sentenza del Tribunale di Belluno<\/p>\n<p>&nbsp;<\/p>\n<p>&nbsp;<\/p>\n<blockquote>\n<h3>LUNEDI&#8217; 8 MAGGIO IL CONSIGLIO DELL&#8217;UNIONE MONTANA AGORDINA<\/h3>\n<\/blockquote>\n<p><strong>AGORDO<\/strong> Il presidente dell&#8217;Unione Montana Agordina Paolo Frena ha convocato i consiglieri per luned\u00ec 8 maggio alle 20. Saranno 6 i punti da discutere. Tra questi l&#8217;approvazione del rendiconto 2022, l&#8217;approvazione delle tariffe dei rifiuti per l&#8217;anno 2023, una nota di aggiornamento al DUP 2023\/2025 e una variazione al bilancio.<\/p>\n<p>&nbsp;<\/p>\n<p>&nbsp;<\/p>\n<hr \/>\n<p>&nbsp;<\/p>\n<blockquote>\n<h3>GIOVEDI L&#8217;ASSEMBLEA DEL BIM PIAVE<\/h3>\n<\/blockquote>\n<p><strong>BELLUNO<\/strong> \u00c8 in programma per gioved\u00ec alle 14:30 nella sala convegno del Park Hotel Villa Carpenada l&#8217;assemblea generale del consorzio BIM PIave. Sei i punti da discutere, tra questi: Approvazione Rendiconto di gestione esercizio 2022; Approvazione Prima variazione al Bilancio di Previsione 2023-2025; Approvazione modifica dello Statuto del Gal Prealpi e Dolomiti; Operazione di fusione societa\u0300 Gestione Servizi Pubblici Spa e Bim Belluno Infrastrutture Spa.<\/p>\n<p>&nbsp;<\/p>\n<p>&nbsp;<\/p>\n<hr \/>\n<p>&nbsp;<\/p>\n<h2><span style=\"color: #ff0000;\">ALLA RADIO<\/span><\/h2>\n<h2><a class=\"dt-pswp-item\" href=\"https:\/\/www.radiopiu.net\/wordpress\/wp-content\/uploads\/2023\/05\/4f09560a-568c-63c1-19e6-4a7d4133c805.jpg\" data-dt-img-description=\"Young scientists conducting research investigations in a medical laboratory, a researcher in the foreground is using a microscope\" data-large_image_width=\"800\" data-large_image_height=\"445\"><img loading=\"lazy\" decoding=\"async\" class=\"wp-image-333747 alignleft\" src=\"https:\/\/www.radiopiu.net\/wordpress\/wp-content\/uploads\/2023\/05\/4f09560a-568c-63c1-19e6-4a7d4133c805-300x167.jpg\" alt=\"\" width=\"156\" height=\"87\" srcset=\"https:\/\/www.radiopiu.net\/wordpress\/wp-content\/uploads\/2023\/05\/4f09560a-568c-63c1-19e6-4a7d4133c805-300x167.jpg 300w, https:\/\/www.radiopiu.net\/wordpress\/wp-content\/uploads\/2023\/05\/4f09560a-568c-63c1-19e6-4a7d4133c805-768x427.jpg 768w, https:\/\/www.radiopiu.net\/wordpress\/wp-content\/uploads\/2023\/05\/4f09560a-568c-63c1-19e6-4a7d4133c805.jpg 800w\" sizes=\"auto, (max-width: 156px) 100vw, 156px\" \/><\/a><span style=\"color: #33cccc;\">SALUTE E SOCIETA&#8217;<\/span><\/h2>\n<p><strong>Ricerca clinica <\/strong>Presentati a Milano i nuovi bandi Roche per la ricerca clinica e per i servizi in sclerosi multipla. <strong>Colite ulcerosa <\/strong>Quali sono i bisogni insoddisfatti dei pazienti con colite ulcerosa? <strong>Tumore dell\u2019endometrio <\/strong>Il tumore dell\u2019endometrio colpisce In Italia 117mila donne.<\/p>\n<p><strong>LA PUNTATA DEL 1 MAGGIO 2023<\/strong><\/p>\n<audio class=\"wp-audio-shortcode\" id=\"audio-333552-6\" preload=\"none\" style=\"width: 100%;\" controls=\"controls\"><source type=\"audio\/mpeg\" src=\"https:\/\/www.radiopiu.net\/wordpress\/wp-content\/uploads\/2023\/04\/SALUTE-4.mp3?_=6\" \/><a href=\"https:\/\/www.radiopiu.net\/wordpress\/wp-content\/uploads\/2023\/04\/SALUTE-4.mp3\">https:\/\/www.radiopiu.net\/wordpress\/wp-content\/uploads\/2023\/04\/SALUTE-4.mp3<\/a><\/audio>\n<p>&nbsp;<\/p>\n<hr \/>\n<p>&nbsp;<\/p>\n<blockquote>\n<h3>LA FESTA DEL CACCIATORE A SAN TOMASO<\/h3>\n<\/blockquote>\n<p><strong>SAN TOMASO<\/strong> Il Distretto Venatorio Agordino vi invita <strong>Domenica<\/strong>, dalle 9, all&#8217;Arena 1082 di San Tomaso per la Festa del Cacciatore Agordino: cultura, tradizione e ambiente. Alle 10 suonatori di corno da caccia, premiazioni soci anziani e migliori trofei d&#8217;annata, complessi folk, Jagerkrainer e Bati i Orz de San Tomaso. Alle 12 cucina con selvaggina, servizio bar e ristoro. Nell&#8217;Arena diorama, attrezzatura venatoria e rassegna di pittori. Alle 17 estrazione della lotteria.<\/p>\n<p>&nbsp;<\/p>\n<p>&nbsp;<\/p>\n<hr \/>\n<p>&nbsp;<\/p>\n<blockquote>\n<h3>&#8220;LA COTA&#8221;: IL 19 MAGGIO L&#8217;ACCENSIONE DELLA CALCHERA DE LE TORTE IN VALLE DI SAN LUCANO<\/h3>\n<\/blockquote>\n<p><strong><a class=\"dt-pswp-item\" href=\"https:\/\/www.radiopiu.net\/wordpress\/wp-content\/uploads\/2023\/04\/calchera-de-le-torte.jpg\" data-dt-img-description=\"\" data-large_image_width=\"1920\" data-large_image_height=\"1080\"><img loading=\"lazy\" decoding=\"async\" class=\" wp-image-333411 alignleft\" src=\"https:\/\/www.radiopiu.net\/wordpress\/wp-content\/uploads\/2023\/04\/calchera-de-le-torte-300x169.jpg\" alt=\"\" width=\"162\" height=\"91\" srcset=\"https:\/\/www.radiopiu.net\/wordpress\/wp-content\/uploads\/2023\/04\/calchera-de-le-torte-300x169.jpg 300w, https:\/\/www.radiopiu.net\/wordpress\/wp-content\/uploads\/2023\/04\/calchera-de-le-torte-1024x576.jpg 1024w, https:\/\/www.radiopiu.net\/wordpress\/wp-content\/uploads\/2023\/04\/calchera-de-le-torte-768x432.jpg 768w, https:\/\/www.radiopiu.net\/wordpress\/wp-content\/uploads\/2023\/04\/calchera-de-le-torte-1536x864.jpg 1536w, https:\/\/www.radiopiu.net\/wordpress\/wp-content\/uploads\/2023\/04\/calchera-de-le-torte.jpg 1920w\" sizes=\"auto, (max-width: 162px) 100vw, 162px\" \/><\/a>TAIBON<\/strong> Ritorna &#8220;La Cota&#8221; in Valle di San Lucano. I volontari del gruppo Piodech assieme alla Pro Loco di Taibon, Comune, Pompieri Volontari di Agordo e la scuola Minerari di Agordo, organizzano per <strong>venerd\u00ec 19 maggio<\/strong> la rievocazione dell&#8217;attivit\u00e0 produttiva del passato relativa all&#8217;ottenimento di calce da costruzione tramite la cottura della pietra calcarea. L&#8217;accensione avverr\u00e0 alla Calch\u00e8ra de le Torte nei pressi della chiesetta di San Lucano alle 10. Interverranno: Paolo Sibillon, Presidente del gruppo Piodech, il sindaco di Taibon Silvia Tormen, un rappresentante dell&#8217;Istituto Follador-De Rossi di Agordo e della scuola primaria di Taibon. Alle 11 l&#8217;accensione della fornace, dopo la benedizione di Monsignor Cesare Larese.<\/p>\n<p>&nbsp;<\/p>\n<p>&nbsp;<\/p>\n<hr \/>\n<p>&nbsp;<\/p>\n<div class=\"page-title-head hgroup\">\n<blockquote>\n<h3 class=\"entry-title\">60 ANNI DI ALPINISMO IN CIVETTA, AD ALLEGHE L\u2019INCONTRO CON TANTI GRANDI NOMI<\/h3>\n<\/blockquote>\n<\/div>\n<p><img loading=\"lazy\" decoding=\"async\" class=\"alignleft\" src=\"https:\/\/www.radiopiu.net\/wordpress\/wp-content\/uploads\/2019\/08\/Attilio-Tissi-con-la-moglie-Mariola-sulla-cima-della-Torre-Lavaredo-poco-prima-della-caduta-22-agosto-1959-1.jpg\" width=\"139\" height=\"209\" \/><strong>ALLEGHE<\/strong> <strong>Sabato 6 maggio<\/strong> alle ore 17 nella Sala Congressi di Alleghe si parler\u00e0 del grande alpinismo in Civetta insieme a chi quell\u2019alpinismo l\u2019ha vissuto. L\u2019occasione \u00e8 il 60 mo anniversario del Rifugio Tissi, di propriet\u00e0 del CAI Belluno, organizzatore dell\u2019evento. La serata, moderata da Bepi Casagrande, vedr\u00e0 la partecipazione di grandi nomi dell\u2019alpinismo: Aldo Anghileri, Alessandro Ba\u00f9, Alessandro Beber, Domenico Bellenzier, Piero Bez, Marcello Bonafede, Gianbattista Crimella, Manrico Dall&#8217;Agnola, Venturino De Bona, Bruno De Don\u00e0, Martin Dejori, Soro Dorotei, Mariano Frizzera, Gianni Gianeselli, Adam Holzknecht, Renato Panciera, Titus Prinoth, Gianni Rusconi, Dario Spreafico, Roberto Sorgato (in collegamento), Giorgio Tessari, Nicola Tondini, Mauro Valmassoi, Fabio Valseschini, Gianbattista Villa, Alex Walpoth. I gestori del rifugio Tissi Paola e Valter Bellenzier racconteranno la storia del rifugio, costruito nel 1963 e intitolato alla memoria dell\u2019alpinista Attilio Tissi, scomparso nel 1959. Durante l\u2019evento saranno proiettati dei filmati riguardanti il contesto dolomitico tratti dalla raccolta <em>C\u2019era una volta,<\/em> dell\u2019alpinista e accademico del CAI Giorgio Radaelli, scomparso nel 2022. L\u2019evento sar\u00e0 accompagnato dai canti del coro CAI di Belluno e vedr\u00e0 la partecipazione del Soccorso Alpino e del presidente regionale del Club Alpino Italiano Renato Frigo.Informazioni: <a href=\"mailto:info@caibelluno.it\">info@caibelluno.it <\/a><\/p>\n<p>FOTO Attilio Tissi e la moglie Mariola<\/p>\n<p>&nbsp;<\/p>\n<p>&nbsp;<\/p>\n<hr \/>\n<p>&nbsp;<\/p>\n<blockquote>\n<h3>COMUNICARE LA COESISTENZA\u2026 IN CASO DI LUPI<\/h3>\n<\/blockquote>\n<p><strong><a class=\"dt-pswp-item\" href=\"https:\/\/www.radiopiu.net\/wordpress\/wp-content\/uploads\/2023\/04\/CUCCIOLI-LUPO.jpeg\" data-dt-img-description=\"\" data-large_image_width=\"916\" data-large_image_height=\"714\"><img loading=\"lazy\" decoding=\"async\" class=\" wp-image-333449 alignleft\" src=\"https:\/\/www.radiopiu.net\/wordpress\/wp-content\/uploads\/2023\/04\/CUCCIOLI-LUPO-300x234.jpeg\" alt=\"\" width=\"171\" height=\"133\" srcset=\"https:\/\/www.radiopiu.net\/wordpress\/wp-content\/uploads\/2023\/04\/CUCCIOLI-LUPO-300x234.jpeg 300w, https:\/\/www.radiopiu.net\/wordpress\/wp-content\/uploads\/2023\/04\/CUCCIOLI-LUPO-768x599.jpeg 768w, https:\/\/www.radiopiu.net\/wordpress\/wp-content\/uploads\/2023\/04\/CUCCIOLI-LUPO.jpeg 916w\" sizes=\"auto, (max-width: 171px) 100vw, 171px\" \/><\/a>FELTRE <\/strong>L\u2019associazione Faunisti Veneti-APS, insieme al Parco Nazionale Dolomiti Bellunesi e PAMS Foundation, organizza un incontro per parlare dell\u2019utilizzo e dell\u2019importanza di una corretta comunicazione per facilitare la convivenza tra uomo e fauna selvatica. L\u2019incontro si terr\u00e0 <strong>venerd\u00ec<\/strong> alle 18 presso la sala riunioni del consorzio Piave Dop a Busche di Cesiomaggiore (BL), vedr\u00e0 l\u2019intervento di Anna Sustersic, giornalista scientifica e scrittrice esperta in comunicazione della coesistenza con i grandi mammiferi, e di Bruno Boz, Ivan Mazzon e Roberto Sacchet, ideatori del progetto video-fotografico \u201cIl sentiero dei lupi\u201d nato per documentare il ritorno naturale del lupo nel territorio del Parco Nazionale Dolomiti Bellunesi.<\/p>\n<p>&nbsp;<\/p>\n<p>&nbsp;<\/p>\n<hr \/>\n<p>&nbsp;<\/p>\n<div dir=\"auto\">\n<blockquote>\n<h3 class=\"entry-title\">L\u2019IMPEGNO PER LA FIBROSI CISTICA, SULLA STRADA DI BICE<\/h3>\n<\/blockquote>\n<p><strong>REDAZIONE <\/strong>Raccolta fondi: <span id=\"page3R_mcid0\" class=\"markedContent\"><span dir=\"ltr\" role=\"presentation\">\u00a0<\/span><\/span><span id=\"page3R_mcid2\" class=\"markedContent\"><span dir=\"ltr\" role=\"presentation\"><strong>SABATO 6<\/strong>\u00a0maggio a\u00a0<\/span><\/span><span id=\"page3R_mcid3\" class=\"markedContent\"><span dir=\"ltr\" role=\"presentation\">Santo Stefano di Cadore, Dosoledo, Agordo, Caviola, Falcade, Castion in Piazza I\u00b0\u00a0<\/span><span dir=\"ltr\" role=\"presentation\">Maggio (Alpini), Puos d<\/span><span dir=\"ltr\" role=\"presentation\">\u2019<\/span><span dir=\"ltr\" role=\"presentation\">Alpago Piazza P. Luciani.\u00a0<\/span><\/span><span id=\"page3R_mcid5\" class=\"markedContent\"><span dir=\"ltr\" role=\"presentation\"><strong>DOMENICA 7 Maggio<\/strong>\u00a0<\/span><\/span><span id=\"page3R_mcid6\" class=\"markedContent\"><span dir=\"ltr\" role=\"presentation\">Parrocchie Del Poi (Rivamonte, Tiser, Gosaldo, Frassen\u00e8 e Voltago) <\/span><\/span><span id=\"page3R_mcid8\" class=\"markedContent\"><span dir=\"ltr\" role=\"presentation\"><strong>Durante<\/strong> la settimana ci sar\u00e0 il recapito porta a porta della<\/span>\u00a0<span dir=\"ltr\" role=\"presentation\">\u201c<\/span><span dir=\"ltr\" role=\"presentation\">dipladenia<\/span><span dir=\"ltr\" role=\"presentation\">\u201d<\/span>\u00a0<span dir=\"ltr\" role=\"presentation\">a Farra\u00a0<\/span><span dir=\"ltr\" role=\"presentation\">d<\/span><span dir=\"ltr\" role=\"presentation\">\u2019<\/span><span dir=\"ltr\" role=\"presentation\">Alpago e Zopp\u00e8 di Cadore\u00a0<\/span><\/span><\/p>\n<p>&nbsp;<\/p>\n<p>&nbsp;<\/p>\n<hr \/>\n<\/div>\n<div dir=\"auto\"><\/div>\n<div dir=\"auto\">\n<blockquote>\n<h2><strong>Una serata al cinema per l\u2019affido familiare<\/strong><\/h2>\n<\/blockquote>\n<p><strong>BELLUNO<\/strong> I Centri per l\u2019Affido e la Solidariet\u00e0 Familiare dell\u2019Ulss Dolomiti, in collaborazione con Lions Club Belluno, Lions Club Feltre, Lions Club Cadore Dolomiti e con il patrocinio del Comune di Belluno, organizzano una serata al cinema per promuovere l\u2019affido e la solidariet\u00e0 familiare. L\u2019appuntamento \u00e8 per <strong>gioved\u00ec<\/strong> alle 20.30 al Cinema Italia di Belluno. Grazie alla disponibilit\u00e0 del Cinema, durante la serata sar\u00e0 proiettato il film \u201cThe Quiet Girl\u201d<\/p>\n<p>&nbsp;<\/p>\n<p>&nbsp;<\/p>\n<hr \/>\n<p>&nbsp;<\/p>\n<blockquote>\n<h3>UNIVERSITA&#8217; ANZIANI ADULTI, L&#8217;ULTIMA LEZIONE CON MELCHIORRE E SOGNE<\/h3>\n<\/blockquote>\n<p><strong><img loading=\"lazy\" decoding=\"async\" class=\"alignleft\" src=\"https:\/\/www.radiopiu.net\/wordpress\/wp-content\/uploads\/2022\/09\/UNIVERSITA-ANZIANI-AGORDO-min-300x300.jpg\" width=\"168\" height=\"168\" \/>AGORDO<\/strong><\/p>\n<p><strong>DI GIANNI SANTOMASO<\/strong><\/p>\n<audio class=\"wp-audio-shortcode\" id=\"audio-333552-7\" preload=\"none\" style=\"width: 100%;\" controls=\"controls\"><source type=\"audio\/mpeg\" src=\"https:\/\/www.radiopiu.net\/wordpress\/wp-content\/uploads\/2023\/02\/UNIVERSTIA-GIANNIA.mp3?_=7\" \/><a href=\"https:\/\/www.radiopiu.net\/wordpress\/wp-content\/uploads\/2023\/02\/UNIVERSTIA-GIANNIA.mp3\">https:\/\/www.radiopiu.net\/wordpress\/wp-content\/uploads\/2023\/02\/UNIVERSTIA-GIANNIA.mp3<\/a><\/audio>\n<p>&nbsp;<\/p>\n<p>&nbsp;<\/p>\n<hr \/>\n<p>&nbsp;<\/p>\n<div class=\"page-title-head hgroup\">\n<blockquote>\n<h3 class=\"entry-title\">GIUSEPPE TANCON, UNA VITA CON E PER I VIGILI DEL FUOCO<\/h3>\n<\/blockquote>\n<\/div>\n<div class=\"page-title-breadcrumbs\">\n<blockquote>\n<h3><em>Ultimo giorno di lavoro per il vigile del fuoco di Toccol\u00a0<\/em><\/h3>\n<\/blockquote>\n<p><strong><a class=\"dt-pswp-item\" href=\"https:\/\/www.radiopiu.net\/wordpress\/wp-content\/uploads\/2023\/04\/IMG-20230429-WA0013.jpg\" data-dt-img-description=\"\" data-large_image_width=\"1600\" data-large_image_height=\"1204\"><img loading=\"lazy\" decoding=\"async\" class=\"size-medium wp-image-333612 alignleft\" src=\"https:\/\/www.radiopiu.net\/wordpress\/wp-content\/uploads\/2023\/04\/IMG-20230429-WA0013-300x226.jpg\" alt=\"\" width=\"300\" height=\"226\" srcset=\"https:\/\/www.radiopiu.net\/wordpress\/wp-content\/uploads\/2023\/04\/IMG-20230429-WA0013-300x226.jpg 300w, https:\/\/www.radiopiu.net\/wordpress\/wp-content\/uploads\/2023\/04\/IMG-20230429-WA0013-1024x771.jpg 1024w, https:\/\/www.radiopiu.net\/wordpress\/wp-content\/uploads\/2023\/04\/IMG-20230429-WA0013-768x578.jpg 768w, https:\/\/www.radiopiu.net\/wordpress\/wp-content\/uploads\/2023\/04\/IMG-20230429-WA0013-1536x1156.jpg 1536w, https:\/\/www.radiopiu.net\/wordpress\/wp-content\/uploads\/2023\/04\/IMG-20230429-WA0013.jpg 1600w\" sizes=\"auto, (max-width: 300px) 100vw, 300px\" \/><\/a>AGORDO<\/strong> Giuseppe Tancon \u00e8 in pensione, nato e cresciuto in frazione Toccol,\u00a0 vigile del fuoco di Agordo,\u00a0 ha trascorso oltre trent&#8217;anni al servizio della comunit\u00e0. Ha lavorato presso il Comando dei Vigili del Fuoco di Belluno, dove ha ottenuto numerosi riconoscimenti per il suo impegno nella gestione di emergenze naturali e altre situazioni di crisi. Il suo contributo nella settimana dei non vedenti tra le Dolomiti Agordine gli \u00e8 valso il plauso dall&#8217;Associazione disabili visivi di Roma nel 2007 e nel 2009. Nel corso della sua carriera, ha partecipato alle attivit\u00e0 di soccorso in diverse zone colpite da calamit\u00e0 naturali, tra cui le zone terremotate del Molise nel 2002, le attivit\u00e0 connesse all&#8217;emergenza maltempo nel 2010 e le grandi nevicate nel centro Italia nel 2012. Tancon \u00e8 stato promosso capo squadra nel 2014, dopo aver trascorso oltre vent&#8217;anni come vigile del fuoco. Ha ricevuto numerosi riconoscimenti durante la sua carriera, tra cui il diploma di benemerenza nel 1997 per il suo intervento durante il terremoto in Umbria e Marche. Nel 2006, il Dipartimento Protezione Civile gli ha conferito la benemerenza per aver partecipato alle operazioni di soccorso nelle zone alluvionate del Friuli Venezia Giulia e nel 2009 per aver partecipato alle operazioni di soccorso per il sisma in Abruzzo. Nel 2008,\u00a0 Giuseppe Tancon ha ricevuto la benemerenza &#8220;Croce di anzianit\u00e0&#8221; con lode per i suoi oltre 15 anni di servizio. La sua dedizione e il suo impegno nel corso della sua carriera sono stati molto apprezzati dalla comunit\u00e0. A Giuseppe da parte dei colleghi e da tutti quelli che lo conoscono, un futuro ricco di serenit\u00e0&#8230;e buona vita\u00a0 tra i tuoi affetti e passioni. (mm)<\/p>\n<p><a class=\"dt-pswp-item\" href=\"https:\/\/www.radiopiu.net\/wordpress\/wp-content\/uploads\/2023\/04\/IMG-20230430-WA0010.jpg\" data-dt-img-description=\"\" data-large_image_width=\"2048\" data-large_image_height=\"1536\"><img loading=\"lazy\" decoding=\"async\" class=\"wp-image-333615 aligncenter\" src=\"https:\/\/www.radiopiu.net\/wordpress\/wp-content\/uploads\/2023\/04\/IMG-20230430-WA0010.jpg\" alt=\"\" width=\"305\" height=\"229\" srcset=\"https:\/\/www.radiopiu.net\/wordpress\/wp-content\/uploads\/2023\/04\/IMG-20230430-WA0010.jpg 2048w, https:\/\/www.radiopiu.net\/wordpress\/wp-content\/uploads\/2023\/04\/IMG-20230430-WA0010-300x225.jpg 300w, https:\/\/www.radiopiu.net\/wordpress\/wp-content\/uploads\/2023\/04\/IMG-20230430-WA0010-1024x768.jpg 1024w, https:\/\/www.radiopiu.net\/wordpress\/wp-content\/uploads\/2023\/04\/IMG-20230430-WA0010-768x576.jpg 768w, https:\/\/www.radiopiu.net\/wordpress\/wp-content\/uploads\/2023\/04\/IMG-20230430-WA0010-1536x1152.jpg 1536w\" sizes=\"auto, (max-width: 305px) 100vw, 305px\" \/><\/a>&#8212;-<\/p>\n<p>&nbsp;<\/p>\n<\/div>\n<p>&nbsp;<\/p>\n<p>&nbsp;<\/p>\n<hr \/>\n<p>&nbsp;<\/p>\n<blockquote>\n<h3>IL TORNEO DELLE FRAZIONI SUL BROI DI AGORDO<\/h3>\n<\/blockquote>\n<p><strong>AGORDO<\/strong> Il Torneo della Frazioni sta per invadere il Broi di Agordo il <strong>14 maggio<\/strong> Sar\u00e0 un&#8217;intensa giornata di calcio a 5, con fasi eliminatorie durante la mattina e una fantastica semifinale nel pomeriggio, che ci condurr\u00e0 alla finalissima delle 18:00. Sar\u00e0 una sfida all&#8217;ultimo gol, dove solo i migliori avranno la possibilit\u00e0 di alzare il trofeo alla fine del torneo. Ma non \u00e8 tutto! Ci saranno premiazioni a fine partita, musica e intrattenimento con R DJ, chiosco e ristoro. Organizzazione Palio dei 100, Pro Loco e il Comune di Agordo. Ti aspettiamo al Torneo della Frazioni, il 14 maggio sul Broi di Agordo dalle 9.30.<\/p>\n<p>&nbsp;<\/p>\n<p>&nbsp;<\/p>\n<hr \/>\n<p>&nbsp;<\/p>\n<\/div>\n<div dir=\"auto\">\n<blockquote>\n<h3>SOSPIROLO EVENTI<\/h3>\n<\/blockquote>\n<h3><a class=\"dt-pswp-item\" href=\"https:\/\/www.radiopiu.net\/wordpress\/wp-content\/uploads\/2023\/04\/Senza-nome-66.jpg\" data-dt-img-description=\"\" data-large_image_width=\"129\" data-large_image_height=\"153\"><img loading=\"lazy\" decoding=\"async\" class=\"size-full wp-image-332530 alignleft\" src=\"https:\/\/www.radiopiu.net\/wordpress\/wp-content\/uploads\/2023\/04\/Senza-nome-66.jpg\" alt=\"\" width=\"129\" height=\"153\" \/><\/a><\/h3>\n<p><strong>SOSPIROLO<\/strong> \u00a0<strong>venerd\u00ec 5<\/strong> maggio ore 20.45 al Pr\u00e0 della Melia <strong>Sonon par San Gottardo, concerto di fisarmoniche.<\/strong> Serata di raccolta fondi per il restauro del campanile (Comitato pro San Gottardo) <strong>sabato 6<\/strong> maggio dalle 10.30 a La Mandra <strong>Festa sociale della Montagna<\/strong> (Centro Studi Montagna Sospirolese)<\/p>\n<\/div>\n<div dir=\"auto\"><\/div>\n<div dir=\"auto\"><\/div>\n<div dir=\"auto\"><\/div>\n<div dir=\"auto\"><\/div>\n<div dir=\"auto\"><\/div>\n<div dir=\"auto\"><\/div>\n<div dir=\"auto\">\n<hr \/>\n<p>&nbsp;<\/p>\n<blockquote>\n<h3>DOMENICA 4 MAGGIO LA 4 PAS IN DOI<\/h3>\n<\/blockquote>\n<p><strong>AGORDO<\/strong> <strong>DOMENICA 4 GIUGNO<\/strong> AD AGORDO: &#8220;4 Pas in doi&#8221; TRAIL RUNNING A COPPIE. Due percorsi: 16 km con 900 metri di dislivello, o 5 km con 250 metri di dislivello. E per i pi\u00f9 golosi, la &#8220;4 Pas in doi Bocoi&#8221;: itinerario enogastronomico, 6 km, con 4 tappe da&#8230; gustare. Per informazioni ed iscrizioni: www.4pasindoi.it<\/p>\n<p>&nbsp;<\/p>\n<p>&nbsp;<\/p>\n<hr \/>\n<p>&nbsp;<\/p>\n<blockquote>\n<h3>LE ORME IN CONCERTO AD ANZU&#8217; DI FELTRE IL 12 MAGGIO<\/h3>\n<\/blockquote>\n<p><strong><a class=\"dt-pswp-item\" href=\"https:\/\/www.radiopiu.net\/wordpress\/wp-content\/uploads\/2023\/04\/LE-ORME-CONCERTO.jpg\" data-dt-img-description=\"\" data-large_image_width=\"921\" data-large_image_height=\"551\"><img loading=\"lazy\" decoding=\"async\" class=\" wp-image-332388 alignleft\" src=\"https:\/\/www.radiopiu.net\/wordpress\/wp-content\/uploads\/2023\/04\/LE-ORME-CONCERTO-300x179.jpg\" alt=\"\" width=\"179\" height=\"107\" srcset=\"https:\/\/www.radiopiu.net\/wordpress\/wp-content\/uploads\/2023\/04\/LE-ORME-CONCERTO-300x179.jpg 300w, https:\/\/www.radiopiu.net\/wordpress\/wp-content\/uploads\/2023\/04\/LE-ORME-CONCERTO-768x459.jpg 768w, https:\/\/www.radiopiu.net\/wordpress\/wp-content\/uploads\/2023\/04\/LE-ORME-CONCERTO.jpg 921w\" sizes=\"auto, (max-width: 179px) 100vw, 179px\" \/><\/a>FELTRE<\/strong><\/p>\n<p><strong>L&#8217;INTERVISTA<\/strong><\/p>\n<audio class=\"wp-audio-shortcode\" id=\"audio-333552-8\" preload=\"none\" style=\"width: 100%;\" controls=\"controls\"><source type=\"audio\/mpeg\" src=\"https:\/\/www.radiopiu.net\/wordpress\/wp-content\/uploads\/2023\/04\/CONCERTO-LE-ORME.mp3?_=8\" \/><a href=\"https:\/\/www.radiopiu.net\/wordpress\/wp-content\/uploads\/2023\/04\/CONCERTO-LE-ORME.mp3\">https:\/\/www.radiopiu.net\/wordpress\/wp-content\/uploads\/2023\/04\/CONCERTO-LE-ORME.mp3<\/a><\/audio>\n<p>&nbsp;<\/p>\n<p><strong>IL SALUTO DI TONY PAGLIUCA\u00a0<\/strong><\/p>\n<audio class=\"wp-audio-shortcode\" id=\"audio-333552-9\" preload=\"none\" style=\"width: 100%;\" controls=\"controls\"><source type=\"audio\/mpeg\" src=\"https:\/\/www.radiopiu.net\/wordpress\/wp-content\/uploads\/2023\/04\/pagliuca.mp3?_=9\" \/><a href=\"https:\/\/www.radiopiu.net\/wordpress\/wp-content\/uploads\/2023\/04\/pagliuca.mp3\">https:\/\/www.radiopiu.net\/wordpress\/wp-content\/uploads\/2023\/04\/pagliuca.mp3<\/a><\/audio>\n<p>&nbsp;<\/p>\n<p>&nbsp;<\/p>\n<p>&nbsp;<\/p>\n<p>&nbsp;<\/p>\n<hr \/>\n<p>&nbsp;<\/p>\n<p>&nbsp;<\/p>\n<p><iframe loading=\"lazy\" title=\"Trailer Promo Falcade Live Show il 06 05 2023\" width=\"1200\" height=\"675\" src=\"https:\/\/www.youtube.com\/embed\/vytkb_XSQIQ?feature=oembed\" frameborder=\"0\" allow=\"accelerometer; autoplay; clipboard-write; encrypted-media; gyroscope; picture-in-picture; web-share\" allowfullscreen><\/iframe><\/p>\n<p>&nbsp;<\/p>\n<blockquote class=\"wp-embedded-content\" data-secret=\"2ms3BmJtWa\"><p><a href=\"https:\/\/www.radiopiu.net\/wordpress\/una-sera-di-comicita-al-palafalcade-con-ingresso-gratuito\/\">UNA SERA DI COMICITA&#8217; AL PALAFALCADE CON INGRESSO GRATUITO<\/a><\/p><\/blockquote>\n<p><iframe loading=\"lazy\" class=\"wp-embedded-content\" sandbox=\"allow-scripts\" security=\"restricted\" style=\"position: absolute; clip: rect(1px, 1px, 1px, 1px);\" title=\"&#8220;UNA SERA DI COMICITA&#8217; AL PALAFALCADE CON INGRESSO GRATUITO&#8221; &#8212; Radio Pi\u00f9\" src=\"https:\/\/www.radiopiu.net\/wordpress\/una-sera-di-comicita-al-palafalcade-con-ingresso-gratuito\/embed\/#?secret=zuQMcoRLYo#?secret=2ms3BmJtWa\" data-secret=\"2ms3BmJtWa\" width=\"600\" height=\"338\" frameborder=\"0\" marginwidth=\"0\" marginheight=\"0\" scrolling=\"no\"><\/iframe><\/p>\n<p>&nbsp;<\/p>\n<p>&nbsp;<\/p>\n<hr \/>\n<p>&nbsp;<\/p>\n<blockquote>\n<h3>L&#8217;ACCADEMIA TEATRO LA SCALA AL TEATRO COMUNALE DI BELLUNO<\/h3>\n<\/blockquote>\n<p><strong><a class=\"dt-pswp-item\" href=\"https:\/\/www.radiopiu.net\/wordpress\/wp-content\/uploads\/2023\/04\/Accademia-Teatro-Alla-Scala-SITO.png\" data-dt-img-description=\"\" data-large_image_width=\"688\" data-large_image_height=\"270\"><img loading=\"lazy\" decoding=\"async\" class=\" wp-image-333420 alignleft\" src=\"https:\/\/www.radiopiu.net\/wordpress\/wp-content\/uploads\/2023\/04\/Accademia-Teatro-Alla-Scala-SITO-300x118.png\" alt=\"\" width=\"191\" height=\"75\" srcset=\"https:\/\/www.radiopiu.net\/wordpress\/wp-content\/uploads\/2023\/04\/Accademia-Teatro-Alla-Scala-SITO-300x118.png 300w, https:\/\/www.radiopiu.net\/wordpress\/wp-content\/uploads\/2023\/04\/Accademia-Teatro-Alla-Scala-SITO.png 688w\" sizes=\"auto, (max-width: 191px) 100vw, 191px\" \/><\/a>BELLUNO<\/strong> Il Teatro alla Scala di Milano in concerto a Belluno, con un gruppo da camera della sua prestigiosa Accademia. Un nuovo grande appuntamento di <em>Intrecci Musicali 2023<\/em> del Circolo Culturale Bellunese, <strong>domani<\/strong> ore 20:30, Teatro Comunale, con l&#8217;opportunit\u00e0 per il pubblico di ascoltare dal vivo a Belluno i musicisti dello storico teatro milanese, celebre in tutto il mondo. Il gruppo \u00e8 composto da violini, viola, violoncello, contrabbasso, arpa, flauto, clarinetto e corno, con 10 giovani musicisti dell&#8217;Accademia. Informazioni e note di sala complete su belcircolo.org<\/p>\n<p>&nbsp;<\/p>\n<p>&nbsp;<\/p>\n<hr \/>\n<p>&nbsp;<\/p>\n<blockquote>\n<h3>I GALLI FORCELLI NEGLI SCATTI DI MARIO DE MARCO<\/h3>\n<\/blockquote>\n<p><strong>REDAZIONE<\/strong> Una grande passione per la fotografia assieme ad una grande passione per la natura&#8230;\u00e8 quello che contraddistigue Mario De Marco che anche questa volta ci fa rimanere a bocca aperta con degli scatti speciali a dei galli forcelli. &#8220;Recarsi in alta montagna a notte fonda, posizionare il capanno portatile in maniera discreta ai margini dell&#8217;arena di canto e attendere in completo silenzio l&#8217;arrivo<br \/>\ndei galli forcelli (Lyrurus tetrix), &#8220;el gal&#8221;, e infine a giorno avanzato senza disturbare smontare il tutto e avviarsi verso casa. Non ha prezzo. Ci sono dei fotografi naturalisti che tramite la conoscenza del territorio e la conoscenza della specie in maniera etica realizzano dei preziosi scatti come testimonianza tangibile di vita in sistemi delicati come la nostra alta montagna&#8230;&#8221; le parole di Mario De Marco che accompagnano gli scatti che vi proponiamo.<\/p>\n\n\t\t\t<style type='text\/css'>\n\t\t\t\t#gallery-4 {\n\t\t\t\t\tmargin: auto;\n\t\t\t\t}\n\t\t\t\t#gallery-4 .gallery-item {\n\t\t\t\t\tfloat: left;\n\t\t\t\t\tmargin-top: 10px;\n\t\t\t\t\ttext-align: center;\n\t\t\t\t\twidth: 33%;\n\t\t\t\t}\n\t\t\t\t#gallery-4 img {\n\t\t\t\t\tborder: 2px solid #cfcfcf;\n\t\t\t\t}\n\t\t\t\t#gallery-4 .gallery-caption {\n\t\t\t\t\tmargin-left: 0;\n\t\t\t\t}\n\t\t\t\t\/* see gallery_shortcode() in wp-includes\/media.php *\/\n\t\t\t<\/style>\n\t\t<div id='gallery-4' class='dt-gallery-container gallery galleryid-333552 gallery-columns-3 gallery-size-medium'><dl class='gallery-item'>\n\t\t\t\t<dt class='gallery-icon landscape'>\n\t\t\t\t\t<a class=\"rollover rollover-zoom dt-pswp-item\" title=\"c4e1da68-28f6-4119-80e0-1b46e84bc16e\" data-dt-img-description=\"\" data-large_image_width=\"1599\" data-large_image_height=\"783\"href='https:\/\/www.radiopiu.net\/wordpress\/wp-content\/uploads\/2023\/05\/c4e1da68-28f6-4119-80e0-1b46e84bc16e.jpg'><img loading=\"lazy\" decoding=\"async\" width=\"300\" height=\"147\" src=\"https:\/\/www.radiopiu.net\/wordpress\/wp-content\/uploads\/2023\/05\/c4e1da68-28f6-4119-80e0-1b46e84bc16e-300x147.jpg\" class=\"attachment-medium size-medium\" alt=\"\" srcset=\"https:\/\/www.radiopiu.net\/wordpress\/wp-content\/uploads\/2023\/05\/c4e1da68-28f6-4119-80e0-1b46e84bc16e-300x147.jpg 300w, https:\/\/www.radiopiu.net\/wordpress\/wp-content\/uploads\/2023\/05\/c4e1da68-28f6-4119-80e0-1b46e84bc16e-1024x501.jpg 1024w, https:\/\/www.radiopiu.net\/wordpress\/wp-content\/uploads\/2023\/05\/c4e1da68-28f6-4119-80e0-1b46e84bc16e-768x376.jpg 768w, https:\/\/www.radiopiu.net\/wordpress\/wp-content\/uploads\/2023\/05\/c4e1da68-28f6-4119-80e0-1b46e84bc16e-1536x752.jpg 1536w, https:\/\/www.radiopiu.net\/wordpress\/wp-content\/uploads\/2023\/05\/c4e1da68-28f6-4119-80e0-1b46e84bc16e.jpg 1599w\" sizes=\"auto, (max-width: 300px) 100vw, 300px\" \/><\/a>\n\t\t\t\t<\/dt><\/dl><dl class='gallery-item'>\n\t\t\t\t<dt class='gallery-icon landscape'>\n\t\t\t\t\t<a class=\"rollover rollover-zoom dt-pswp-item\" title=\"1e9e9feb-180f-4259-ba5e-c2b8201027f6\" data-dt-img-description=\"\" data-large_image_width=\"1600\" data-large_image_height=\"982\"href='https:\/\/www.radiopiu.net\/wordpress\/wp-content\/uploads\/2023\/05\/1e9e9feb-180f-4259-ba5e-c2b8201027f6.jpg'><img loading=\"lazy\" decoding=\"async\" width=\"300\" height=\"184\" src=\"https:\/\/www.radiopiu.net\/wordpress\/wp-content\/uploads\/2023\/05\/1e9e9feb-180f-4259-ba5e-c2b8201027f6-300x184.jpg\" class=\"attachment-medium size-medium\" alt=\"\" srcset=\"https:\/\/www.radiopiu.net\/wordpress\/wp-content\/uploads\/2023\/05\/1e9e9feb-180f-4259-ba5e-c2b8201027f6-300x184.jpg 300w, https:\/\/www.radiopiu.net\/wordpress\/wp-content\/uploads\/2023\/05\/1e9e9feb-180f-4259-ba5e-c2b8201027f6-1024x628.jpg 1024w, https:\/\/www.radiopiu.net\/wordpress\/wp-content\/uploads\/2023\/05\/1e9e9feb-180f-4259-ba5e-c2b8201027f6-768x471.jpg 768w, https:\/\/www.radiopiu.net\/wordpress\/wp-content\/uploads\/2023\/05\/1e9e9feb-180f-4259-ba5e-c2b8201027f6-1536x943.jpg 1536w, https:\/\/www.radiopiu.net\/wordpress\/wp-content\/uploads\/2023\/05\/1e9e9feb-180f-4259-ba5e-c2b8201027f6.jpg 1600w\" sizes=\"auto, (max-width: 300px) 100vw, 300px\" \/><\/a>\n\t\t\t\t<\/dt><\/dl><dl class='gallery-item'>\n\t\t\t\t<dt class='gallery-icon landscape'>\n\t\t\t\t\t<a class=\"rollover rollover-zoom dt-pswp-item\" title=\"c2415a6e-c831-449e-89bc-a9828dacdd80\" data-dt-img-description=\"\" data-large_image_width=\"1600\" data-large_image_height=\"882\"href='https:\/\/www.radiopiu.net\/wordpress\/wp-content\/uploads\/2023\/05\/c2415a6e-c831-449e-89bc-a9828dacdd80.jpg'><img loading=\"lazy\" decoding=\"async\" width=\"300\" height=\"165\" src=\"https:\/\/www.radiopiu.net\/wordpress\/wp-content\/uploads\/2023\/05\/c2415a6e-c831-449e-89bc-a9828dacdd80-300x165.jpg\" class=\"attachment-medium size-medium\" alt=\"\" srcset=\"https:\/\/www.radiopiu.net\/wordpress\/wp-content\/uploads\/2023\/05\/c2415a6e-c831-449e-89bc-a9828dacdd80-300x165.jpg 300w, https:\/\/www.radiopiu.net\/wordpress\/wp-content\/uploads\/2023\/05\/c2415a6e-c831-449e-89bc-a9828dacdd80-1024x564.jpg 1024w, https:\/\/www.radiopiu.net\/wordpress\/wp-content\/uploads\/2023\/05\/c2415a6e-c831-449e-89bc-a9828dacdd80-768x423.jpg 768w, https:\/\/www.radiopiu.net\/wordpress\/wp-content\/uploads\/2023\/05\/c2415a6e-c831-449e-89bc-a9828dacdd80-1536x847.jpg 1536w, https:\/\/www.radiopiu.net\/wordpress\/wp-content\/uploads\/2023\/05\/c2415a6e-c831-449e-89bc-a9828dacdd80.jpg 1600w\" sizes=\"auto, (max-width: 300px) 100vw, 300px\" \/><\/a>\n\t\t\t\t<\/dt><\/dl><br style=\"clear: both\" \/><dl class='gallery-item'>\n\t\t\t\t<dt class='gallery-icon landscape'>\n\t\t\t\t\t<a class=\"rollover rollover-zoom dt-pswp-item\" title=\"d50f4a52-0b5d-40bc-9c42-2463f6bd8632\" data-dt-img-description=\"\" data-large_image_width=\"1600\" data-large_image_height=\"841\"href='https:\/\/www.radiopiu.net\/wordpress\/wp-content\/uploads\/2023\/05\/d50f4a52-0b5d-40bc-9c42-2463f6bd8632.jpg'><img loading=\"lazy\" decoding=\"async\" width=\"300\" height=\"158\" src=\"https:\/\/www.radiopiu.net\/wordpress\/wp-content\/uploads\/2023\/05\/d50f4a52-0b5d-40bc-9c42-2463f6bd8632-300x158.jpg\" class=\"attachment-medium size-medium\" alt=\"\" srcset=\"https:\/\/www.radiopiu.net\/wordpress\/wp-content\/uploads\/2023\/05\/d50f4a52-0b5d-40bc-9c42-2463f6bd8632-300x158.jpg 300w, https:\/\/www.radiopiu.net\/wordpress\/wp-content\/uploads\/2023\/05\/d50f4a52-0b5d-40bc-9c42-2463f6bd8632-1024x538.jpg 1024w, https:\/\/www.radiopiu.net\/wordpress\/wp-content\/uploads\/2023\/05\/d50f4a52-0b5d-40bc-9c42-2463f6bd8632-768x404.jpg 768w, https:\/\/www.radiopiu.net\/wordpress\/wp-content\/uploads\/2023\/05\/d50f4a52-0b5d-40bc-9c42-2463f6bd8632-1536x807.jpg 1536w, https:\/\/www.radiopiu.net\/wordpress\/wp-content\/uploads\/2023\/05\/d50f4a52-0b5d-40bc-9c42-2463f6bd8632.jpg 1600w\" sizes=\"auto, (max-width: 300px) 100vw, 300px\" \/><\/a>\n\t\t\t\t<\/dt><\/dl><dl class='gallery-item'>\n\t\t\t\t<dt class='gallery-icon landscape'>\n\t\t\t\t\t<a class=\"rollover rollover-zoom dt-pswp-item\" title=\"1d00f4d8-1b48-4cce-a072-99037286a425\" data-dt-img-description=\"\" data-large_image_width=\"1600\" data-large_image_height=\"1002\"href='https:\/\/www.radiopiu.net\/wordpress\/wp-content\/uploads\/2023\/05\/1d00f4d8-1b48-4cce-a072-99037286a425.jpg'><img loading=\"lazy\" decoding=\"async\" width=\"300\" height=\"188\" src=\"https:\/\/www.radiopiu.net\/wordpress\/wp-content\/uploads\/2023\/05\/1d00f4d8-1b48-4cce-a072-99037286a425-300x188.jpg\" class=\"attachment-medium size-medium\" alt=\"\" srcset=\"https:\/\/www.radiopiu.net\/wordpress\/wp-content\/uploads\/2023\/05\/1d00f4d8-1b48-4cce-a072-99037286a425-300x188.jpg 300w, https:\/\/www.radiopiu.net\/wordpress\/wp-content\/uploads\/2023\/05\/1d00f4d8-1b48-4cce-a072-99037286a425-1024x641.jpg 1024w, https:\/\/www.radiopiu.net\/wordpress\/wp-content\/uploads\/2023\/05\/1d00f4d8-1b48-4cce-a072-99037286a425-768x481.jpg 768w, https:\/\/www.radiopiu.net\/wordpress\/wp-content\/uploads\/2023\/05\/1d00f4d8-1b48-4cce-a072-99037286a425-1536x962.jpg 1536w, https:\/\/www.radiopiu.net\/wordpress\/wp-content\/uploads\/2023\/05\/1d00f4d8-1b48-4cce-a072-99037286a425.jpg 1600w\" sizes=\"auto, (max-width: 300px) 100vw, 300px\" \/><\/a>\n\t\t\t\t<\/dt><\/dl><dl class='gallery-item'>\n\t\t\t\t<dt class='gallery-icon landscape'>\n\t\t\t\t\t<a class=\"rollover rollover-zoom dt-pswp-item\" title=\"af87757c-2361-4bee-bbb5-7c88b63d1343\" data-dt-img-description=\"\" data-large_image_width=\"1600\" data-large_image_height=\"957\"href='https:\/\/www.radiopiu.net\/wordpress\/wp-content\/uploads\/2023\/05\/af87757c-2361-4bee-bbb5-7c88b63d1343.jpg'><img loading=\"lazy\" decoding=\"async\" width=\"300\" height=\"179\" src=\"https:\/\/www.radiopiu.net\/wordpress\/wp-content\/uploads\/2023\/05\/af87757c-2361-4bee-bbb5-7c88b63d1343-300x179.jpg\" class=\"attachment-medium size-medium\" alt=\"\" srcset=\"https:\/\/www.radiopiu.net\/wordpress\/wp-content\/uploads\/2023\/05\/af87757c-2361-4bee-bbb5-7c88b63d1343-300x179.jpg 300w, https:\/\/www.radiopiu.net\/wordpress\/wp-content\/uploads\/2023\/05\/af87757c-2361-4bee-bbb5-7c88b63d1343-1024x612.jpg 1024w, https:\/\/www.radiopiu.net\/wordpress\/wp-content\/uploads\/2023\/05\/af87757c-2361-4bee-bbb5-7c88b63d1343-768x459.jpg 768w, https:\/\/www.radiopiu.net\/wordpress\/wp-content\/uploads\/2023\/05\/af87757c-2361-4bee-bbb5-7c88b63d1343-1536x919.jpg 1536w, https:\/\/www.radiopiu.net\/wordpress\/wp-content\/uploads\/2023\/05\/af87757c-2361-4bee-bbb5-7c88b63d1343.jpg 1600w\" sizes=\"auto, (max-width: 300px) 100vw, 300px\" \/><\/a>\n\t\t\t\t<\/dt><\/dl><br style=\"clear: both\" \/>\n\t\t\t<\/div>\n\n<p>&nbsp;<\/p>\n<hr \/>\n<p>&nbsp;<\/p>\n<p><strong>I GRAFICI DI TIZIANO DE COL<\/strong><\/p>\n\n\t\t\t<style type='text\/css'>\n\t\t\t\t#gallery-5 {\n\t\t\t\t\tmargin: auto;\n\t\t\t\t}\n\t\t\t\t#gallery-5 .gallery-item {\n\t\t\t\t\tfloat: left;\n\t\t\t\t\tmargin-top: 10px;\n\t\t\t\t\ttext-align: center;\n\t\t\t\t\twidth: 20%;\n\t\t\t\t}\n\t\t\t\t#gallery-5 img {\n\t\t\t\t\tborder: 2px solid #cfcfcf;\n\t\t\t\t}\n\t\t\t\t#gallery-5 .gallery-caption {\n\t\t\t\t\tmargin-left: 0;\n\t\t\t\t}\n\t\t\t\t\/* see gallery_shortcode() in wp-includes\/media.php *\/\n\t\t\t<\/style>\n\t\t<div id='gallery-5' class='dt-gallery-container gallery galleryid-333552 gallery-columns-5 gallery-size-medium'><dl class='gallery-item'>\n\t\t\t\t<dt class='gallery-icon landscape'>\n\t\t\t\t\t<a class=\"rollover rollover-zoom dt-pswp-item\" title=\"50ecb5c2-9013-4222-bf73-f0152889da9b\" data-dt-img-description=\"\" data-large_image_width=\"612\" data-large_image_height=\"353\"href='https:\/\/www.radiopiu.net\/wordpress\/wp-content\/uploads\/2023\/05\/50ecb5c2-9013-4222-bf73-f0152889da9b.jpg'><img loading=\"lazy\" decoding=\"async\" width=\"300\" height=\"173\" src=\"https:\/\/www.radiopiu.net\/wordpress\/wp-content\/uploads\/2023\/05\/50ecb5c2-9013-4222-bf73-f0152889da9b-300x173.jpg\" class=\"attachment-medium size-medium\" alt=\"\" srcset=\"https:\/\/www.radiopiu.net\/wordpress\/wp-content\/uploads\/2023\/05\/50ecb5c2-9013-4222-bf73-f0152889da9b-300x173.jpg 300w, https:\/\/www.radiopiu.net\/wordpress\/wp-content\/uploads\/2023\/05\/50ecb5c2-9013-4222-bf73-f0152889da9b.jpg 612w\" sizes=\"auto, (max-width: 300px) 100vw, 300px\" \/><\/a>\n\t\t\t\t<\/dt><\/dl><dl class='gallery-item'>\n\t\t\t\t<dt class='gallery-icon landscape'>\n\t\t\t\t\t<a class=\"rollover rollover-zoom dt-pswp-item\" title=\"cd6c778c-e191-4068-85f0-b4af95d4ae9a\" data-dt-img-description=\"\" data-large_image_width=\"610\" data-large_image_height=\"354\"href='https:\/\/www.radiopiu.net\/wordpress\/wp-content\/uploads\/2023\/05\/cd6c778c-e191-4068-85f0-b4af95d4ae9a.jpg'><img loading=\"lazy\" decoding=\"async\" width=\"300\" height=\"174\" src=\"https:\/\/www.radiopiu.net\/wordpress\/wp-content\/uploads\/2023\/05\/cd6c778c-e191-4068-85f0-b4af95d4ae9a-300x174.jpg\" class=\"attachment-medium size-medium\" alt=\"\" srcset=\"https:\/\/www.radiopiu.net\/wordpress\/wp-content\/uploads\/2023\/05\/cd6c778c-e191-4068-85f0-b4af95d4ae9a-300x174.jpg 300w, https:\/\/www.radiopiu.net\/wordpress\/wp-content\/uploads\/2023\/05\/cd6c778c-e191-4068-85f0-b4af95d4ae9a.jpg 610w\" sizes=\"auto, (max-width: 300px) 100vw, 300px\" \/><\/a>\n\t\t\t\t<\/dt><\/dl><dl class='gallery-item'>\n\t\t\t\t<dt class='gallery-icon landscape'>\n\t\t\t\t\t<a class=\"rollover rollover-zoom dt-pswp-item\" title=\"48df6385-fbf7-4ab3-9022-6b28a4e0d5fe\" data-dt-img-description=\"\" data-large_image_width=\"596\" data-large_image_height=\"346\"href='https:\/\/www.radiopiu.net\/wordpress\/wp-content\/uploads\/2023\/05\/48df6385-fbf7-4ab3-9022-6b28a4e0d5fe.jpg'><img loading=\"lazy\" decoding=\"async\" width=\"300\" height=\"174\" src=\"https:\/\/www.radiopiu.net\/wordpress\/wp-content\/uploads\/2023\/05\/48df6385-fbf7-4ab3-9022-6b28a4e0d5fe-300x174.jpg\" class=\"attachment-medium size-medium\" alt=\"\" srcset=\"https:\/\/www.radiopiu.net\/wordpress\/wp-content\/uploads\/2023\/05\/48df6385-fbf7-4ab3-9022-6b28a4e0d5fe-300x174.jpg 300w, https:\/\/www.radiopiu.net\/wordpress\/wp-content\/uploads\/2023\/05\/48df6385-fbf7-4ab3-9022-6b28a4e0d5fe.jpg 596w\" sizes=\"auto, (max-width: 300px) 100vw, 300px\" \/><\/a>\n\t\t\t\t<\/dt><\/dl><dl class='gallery-item'>\n\t\t\t\t<dt class='gallery-icon landscape'>\n\t\t\t\t\t<a class=\"rollover rollover-zoom dt-pswp-item\" title=\"9e5d0c65-7d64-4f83-b5c3-e57a17a87ca5\" data-dt-img-description=\"\" data-large_image_width=\"596\" data-large_image_height=\"345\"href='https:\/\/www.radiopiu.net\/wordpress\/wp-content\/uploads\/2023\/05\/9e5d0c65-7d64-4f83-b5c3-e57a17a87ca5.jpg'><img loading=\"lazy\" decoding=\"async\" width=\"300\" height=\"174\" src=\"https:\/\/www.radiopiu.net\/wordpress\/wp-content\/uploads\/2023\/05\/9e5d0c65-7d64-4f83-b5c3-e57a17a87ca5-300x174.jpg\" class=\"attachment-medium size-medium\" alt=\"\" srcset=\"https:\/\/www.radiopiu.net\/wordpress\/wp-content\/uploads\/2023\/05\/9e5d0c65-7d64-4f83-b5c3-e57a17a87ca5-300x174.jpg 300w, https:\/\/www.radiopiu.net\/wordpress\/wp-content\/uploads\/2023\/05\/9e5d0c65-7d64-4f83-b5c3-e57a17a87ca5.jpg 596w\" sizes=\"auto, (max-width: 300px) 100vw, 300px\" \/><\/a>\n\t\t\t\t<\/dt><\/dl><dl class='gallery-item'>\n\t\t\t\t<dt class='gallery-icon landscape'>\n\t\t\t\t\t<a class=\"rollover rollover-zoom dt-pswp-item\" title=\"240b5004-87ef-430f-bc16-bc7a982cc875\" data-dt-img-description=\"\" data-large_image_width=\"612\" data-large_image_height=\"354\"href='https:\/\/www.radiopiu.net\/wordpress\/wp-content\/uploads\/2023\/05\/240b5004-87ef-430f-bc16-bc7a982cc875.jpg'><img loading=\"lazy\" decoding=\"async\" width=\"300\" height=\"174\" src=\"https:\/\/www.radiopiu.net\/wordpress\/wp-content\/uploads\/2023\/05\/240b5004-87ef-430f-bc16-bc7a982cc875-300x174.jpg\" class=\"attachment-medium size-medium\" alt=\"\" srcset=\"https:\/\/www.radiopiu.net\/wordpress\/wp-content\/uploads\/2023\/05\/240b5004-87ef-430f-bc16-bc7a982cc875-300x174.jpg 300w, https:\/\/www.radiopiu.net\/wordpress\/wp-content\/uploads\/2023\/05\/240b5004-87ef-430f-bc16-bc7a982cc875.jpg 612w\" sizes=\"auto, (max-width: 300px) 100vw, 300px\" \/><\/a>\n\t\t\t\t<\/dt><\/dl><br style=\"clear: both\" \/>\n\t\t\t<\/div>\n\n<p>&nbsp;<\/p>\n<hr \/>\n<p>&nbsp;<\/p>\n<h2><strong><a class=\"dt-pswp-item\" href=\"https:\/\/www.radiopiu.net\/wordpress\/wp-content\/uploads\/2020\/12\/DON-GIORGIO-LISE.jpg\" data-dt-img-description=\"\" data-large_image_width=\"1600\" data-large_image_height=\"901\"><img loading=\"lazy\" decoding=\"async\" class=\" wp-image-177420 alignleft\" src=\"https:\/\/www.radiopiu.net\/wordpress\/wp-content\/uploads\/2020\/12\/DON-GIORGIO-LISE-300x169.jpg\" alt=\"\" width=\"211\" height=\"119\" srcset=\"https:\/\/www.radiopiu.net\/wordpress\/wp-content\/uploads\/2020\/12\/DON-GIORGIO-LISE-300x169.jpg 300w, https:\/\/www.radiopiu.net\/wordpress\/wp-content\/uploads\/2020\/12\/DON-GIORGIO-LISE-1024x577.jpg 1024w, https:\/\/www.radiopiu.net\/wordpress\/wp-content\/uploads\/2020\/12\/DON-GIORGIO-LISE-768x432.jpg 768w, https:\/\/www.radiopiu.net\/wordpress\/wp-content\/uploads\/2020\/12\/DON-GIORGIO-LISE-1536x865.jpg 1536w, https:\/\/www.radiopiu.net\/wordpress\/wp-content\/uploads\/2020\/12\/DON-GIORGIO-LISE.jpg 1600w\" sizes=\"auto, (max-width: 211px) 100vw, 211px\" \/><\/a><\/strong><span style=\"color: #ff6600;\">DUE MINUTI PER TE<\/span><\/h2>\n<p><strong>APPUNTAMENTO DELLA DOMENICA CON IL PENSIERO DI MONSIGNOR GIORGIO LISE<\/strong><\/p>\n<audio class=\"wp-audio-shortcode\" id=\"audio-333552-10\" preload=\"none\" style=\"width: 100%;\" controls=\"controls\"><source type=\"audio\/mpeg\" src=\"https:\/\/www.radiopiu.net\/wordpress\/wp-content\/uploads\/2023\/04\/DON-GIORGIO-5.mp3?_=10\" \/><a href=\"https:\/\/www.radiopiu.net\/wordpress\/wp-content\/uploads\/2023\/04\/DON-GIORGIO-5.mp3\">https:\/\/www.radiopiu.net\/wordpress\/wp-content\/uploads\/2023\/04\/DON-GIORGIO-5.mp3<\/a><\/audio>\n<p>&nbsp;<\/p>\n<p>&nbsp;<\/p>\n<hr \/>\n<p>&nbsp;<\/p>\n<div dir=\"auto\">\n<div class=\"message spoilers-container\" dir=\"auto\">\n<div>\n<div class=\"b654a4as d2edcug0\">\n<div class=\"rq0escxv hkbzh7o3 jwdofwj8 n8tt0mok r8blr3vg hyh9befq\">\n<p><a class=\"dt-pswp-item\" href=\"https:\/\/www.radiopiu.net\/wordpress\/wp-content\/uploads\/2020\/10\/pp.jpg\" data-dt-img-description=\"\" data-large_image_width=\"640\" data-large_image_height=\"640\"><img loading=\"lazy\" decoding=\"async\" class=\"wp-image-163678 alignleft\" src=\"https:\/\/www.radiopiu.net\/wordpress\/wp-content\/uploads\/2020\/10\/pp-300x300.jpg\" alt=\"\" width=\"106\" height=\"106\" srcset=\"https:\/\/www.radiopiu.net\/wordpress\/wp-content\/uploads\/2020\/10\/pp-300x300.jpg 300w, https:\/\/www.radiopiu.net\/wordpress\/wp-content\/uploads\/2020\/10\/pp-150x150.jpg 150w, https:\/\/www.radiopiu.net\/wordpress\/wp-content\/uploads\/2020\/10\/pp-125x125.jpg 125w, https:\/\/www.radiopiu.net\/wordpress\/wp-content\/uploads\/2020\/10\/pp-200x200.jpg 200w, https:\/\/www.radiopiu.net\/wordpress\/wp-content\/uploads\/2020\/10\/pp-80x80.jpg 80w, https:\/\/www.radiopiu.net\/wordpress\/wp-content\/uploads\/2020\/10\/pp-480x480.jpg 480w, https:\/\/www.radiopiu.net\/wordpress\/wp-content\/uploads\/2020\/10\/pp.jpg 640w\" sizes=\"auto, (max-width: 106px) 100vw, 106px\" \/><\/a><\/p>\n<\/div>\n<\/div>\n<\/div>\n<\/div>\n<div class=\"message spoilers-container\" dir=\"auto\">\n<div>\n<div class=\"page-title-head hgroup\">\n<div class=\"page-title-head hgroup\">\n<div class=\"b654a4as d2edcug0\">\n<div class=\"j83agx80 btwxx1t3 lhclo0ds hop8lmos nkwizq5d scwd0bx6 roh60bw9\">\n<div class=\"rq0escxv hkbzh7o3 jwdofwj8 n8tt0mok r8blr3vg hyh9befq\">\n<div class=\"do00u71z l9j0dhe7 k4urcfbm\" style=\"text-align: left;\">\n<h2><span style=\"color: #000080;\">DON CESARE, IL PENSIERO DEL GIORNO. ALLA RADIO ALLE 7 DEL MATTINO E ALLE 19.30 DELLA SERA<\/span><\/h2>\n<audio class=\"wp-audio-shortcode\" id=\"audio-333552-11\" preload=\"none\" style=\"width: 100%;\" controls=\"controls\"><source type=\"audio\/mpeg\" src=\"https:\/\/www.radiopiu.net\/wordpress\/wp-content\/uploads\/2023\/05\/CESARE.mp3?_=11\" \/><a href=\"https:\/\/www.radiopiu.net\/wordpress\/wp-content\/uploads\/2023\/05\/CESARE.mp3\">https:\/\/www.radiopiu.net\/wordpress\/wp-content\/uploads\/2023\/05\/CESARE.mp3<\/a><\/audio>\n<p>&nbsp;<\/p>\n<\/div>\n<\/div>\n<\/div>\n<\/div>\n<\/div>\n<\/div>\n<\/div>\n<\/div>\n<p>&nbsp;<\/p>\n<hr \/>\n<p>&nbsp;<\/p>\n<div class=\"message spoilers-container\" dir=\"auto\">\n<h2><strong><a class=\"dt-pswp-item\" href=\"https:\/\/www.radiopiu.net\/wordpress\/wp-content\/uploads\/2020\/12\/SISTO.jpg\" data-dt-img-description=\"\" data-large_image_width=\"620\" data-large_image_height=\"340\"><img loading=\"lazy\" decoding=\"async\" class=\" wp-image-181222 alignleft\" src=\"https:\/\/www.radiopiu.net\/wordpress\/wp-content\/uploads\/2020\/12\/SISTO-300x165.jpg\" alt=\"\" width=\"196\" height=\"108\" srcset=\"https:\/\/www.radiopiu.net\/wordpress\/wp-content\/uploads\/2020\/12\/SISTO-300x165.jpg 300w, https:\/\/www.radiopiu.net\/wordpress\/wp-content\/uploads\/2020\/12\/SISTO.jpg 620w\" sizes=\"auto, (max-width: 196px) 100vw, 196px\" \/><\/a><span style=\"color: #008000;\">LA RASSEGNA STAMPA DA L&#8217;AMICO DEL POPOLO <\/span><\/strong><\/h2>\n<p><strong>di Gianni Santomaso<\/strong><\/p>\n<p>OSPITE: Sisto Da Roit, Presidente del GAV<\/p>\n<audio class=\"wp-audio-shortcode\" id=\"audio-333552-12\" preload=\"none\" style=\"width: 100%;\" controls=\"controls\"><source type=\"audio\/mpeg\" src=\"https:\/\/www.radiopiu.net\/wordpress\/wp-content\/uploads\/2023\/04\/RASSEGNA-GIANNI-2.mp3?_=12\" \/><a href=\"https:\/\/www.radiopiu.net\/wordpress\/wp-content\/uploads\/2023\/04\/RASSEGNA-GIANNI-2.mp3\">https:\/\/www.radiopiu.net\/wordpress\/wp-content\/uploads\/2023\/04\/RASSEGNA-GIANNI-2.mp3<\/a><\/audio>\n<p>&nbsp;<\/p>\n<hr \/>\n<p>&nbsp;<\/p>\n<\/div>\n<div class=\"message spoilers-container\" dir=\"auto\">\n<h2><span style=\"color: #ff00ff;\">IN VIVO VERSO\u00a0 \u00a0<\/span><\/h2>\n<blockquote>\n<h3>AMARSI ALL&#8217; IMPOSSIBILE di RENATO MOSENA<\/h3>\n<\/blockquote>\n<p>AUDIO<\/p>\n<audio class=\"wp-audio-shortcode\" id=\"audio-333552-13\" preload=\"none\" style=\"width: 100%;\" controls=\"controls\"><source type=\"audio\/mpeg\" src=\"https:\/\/www.radiopiu.net\/wordpress\/wp-content\/uploads\/2023\/05\/VIVO-VERSO-LUN.mp3?_=13\" \/><a href=\"https:\/\/www.radiopiu.net\/wordpress\/wp-content\/uploads\/2023\/05\/VIVO-VERSO-LUN.mp3\">https:\/\/www.radiopiu.net\/wordpress\/wp-content\/uploads\/2023\/05\/VIVO-VERSO-LUN.mp3<\/a><\/audio>\n<p>&nbsp;<\/p>\n<p><a class=\"dt-pswp-item\" href=\"https:\/\/www.radiopiu.net\/wordpress\/wp-content\/uploads\/2023\/05\/RENATO-MOSENA.jpg\" data-dt-img-description=\"\" data-large_image_width=\"960\" data-large_image_height=\"955\"><img loading=\"lazy\" decoding=\"async\" class=\"wp-image-333780 alignleft\" src=\"https:\/\/www.radiopiu.net\/wordpress\/wp-content\/uploads\/2023\/05\/RENATO-MOSENA-300x298.jpg\" alt=\"\" width=\"163\" height=\"162\" srcset=\"https:\/\/www.radiopiu.net\/wordpress\/wp-content\/uploads\/2023\/05\/RENATO-MOSENA-300x298.jpg 300w, https:\/\/www.radiopiu.net\/wordpress\/wp-content\/uploads\/2023\/05\/RENATO-MOSENA-150x150.jpg 150w, https:\/\/www.radiopiu.net\/wordpress\/wp-content\/uploads\/2023\/05\/RENATO-MOSENA-768x764.jpg 768w, https:\/\/www.radiopiu.net\/wordpress\/wp-content\/uploads\/2023\/05\/RENATO-MOSENA.jpg 960w\" sizes=\"auto, (max-width: 163px) 100vw, 163px\" \/><\/a><strong>Renato Mosena<\/strong><\/p>\n<p>AMARSI ALL&#8217; IMPOSSIBILE<\/p>\n<p>&nbsp;<\/p>\n<p>L&#8217;incertezza che aleggia,<br \/>\nnel profondo mare<br \/>\ndi una serenit\u00e0 pensata,..<br \/>\nmi abbraccia come corolla<br \/>\ndi silenzi e voglie strane di realt\u00e0\u2026<br \/>\ndentro lo scuro di due occhi dove<br \/>\nvivono gli incanti dei misteri,<br \/>\ntra le acque di rivoli imbiancati,<br \/>\ne profumi di capelli neri,\u2026<br \/>\ncullati dal romantico calore<br \/>\ndi un sogno senza oblio,<br \/>\nmentre si spengono indecise<br \/>\nle lune vuote ,nel dolce cielo<br \/>\ndi un sorriso in volo..<\/p>\n<p>&nbsp;<\/p>\n<p><strong>LA RACCOLTA COMPLETA<\/strong><\/p>\n<\/div>\n<div class=\"message spoilers-container\" dir=\"auto\">\n<blockquote class=\"wp-embedded-content\" data-secret=\"annLC181hn\"><p><a href=\"https:\/\/www.radiopiu.net\/wordpress\/in-vivo-verso\/\">In Vivo Verso<\/a><\/p><\/blockquote>\n<p><iframe loading=\"lazy\" class=\"wp-embedded-content\" sandbox=\"allow-scripts\" security=\"restricted\" style=\"position: absolute; clip: rect(1px, 1px, 1px, 1px);\" title=\"&#8220;In Vivo Verso&#8221; &#8212; Radio Pi\u00f9\" src=\"https:\/\/www.radiopiu.net\/wordpress\/in-vivo-verso\/embed\/#?secret=WtTmK8OU0g#?secret=annLC181hn\" data-secret=\"annLC181hn\" width=\"600\" height=\"338\" frameborder=\"0\" marginwidth=\"0\" marginheight=\"0\" scrolling=\"no\"><\/iframe><\/p>\n<\/div>\n<div class=\"message spoilers-container\" dir=\"auto\"><\/div>\n<p>&nbsp;<\/p>\n<hr \/>\n<p>&nbsp;<\/p>\n<div class=\"message spoilers-container\" dir=\"auto\">\n<h2><span style=\"color: #008080;\">GOCCE DI FILOSOFIA\u00a0\u00a0<\/span><\/h2>\n<p><strong>PUNTATA 301 &#8211; LISA DE LUCA<\/strong><\/p>\n<audio class=\"wp-audio-shortcode\" id=\"audio-333552-14\" preload=\"none\" style=\"width: 100%;\" controls=\"controls\"><source type=\"audio\/mpeg\" src=\"https:\/\/www.radiopiu.net\/wordpress\/wp-content\/uploads\/2023\/05\/FI1.mp3?_=14\" \/><a href=\"https:\/\/www.radiopiu.net\/wordpress\/wp-content\/uploads\/2023\/05\/FI1.mp3\">https:\/\/www.radiopiu.net\/wordpress\/wp-content\/uploads\/2023\/05\/FI1.mp3<\/a><\/audio>\n<\/div>\n<blockquote>\n<div class=\"message spoilers-container\" dir=\"auto\">\n<p><strong>LA RACCOLTA COMPLETA<\/strong><\/p>\n<\/div>\n<\/blockquote>\n<div class=\"message spoilers-container\" dir=\"auto\">\n<blockquote class=\"wp-embedded-content\" data-secret=\"y4ijutKz1Q\"><p><a href=\"https:\/\/www.radiopiu.net\/wordpress\/gocce-filosofia\/\">Gocce di filosofia,  LA TERZA STAGIONE&#8230; 2023<\/a><\/p><\/blockquote>\n<p><iframe loading=\"lazy\" class=\"wp-embedded-content\" sandbox=\"allow-scripts\" security=\"restricted\" style=\"position: absolute; clip: rect(1px, 1px, 1px, 1px);\" title=\"&#8220;Gocce di filosofia,  LA TERZA STAGIONE&#8230; 2023&#8221; &#8212; Radio Pi\u00f9\" src=\"https:\/\/www.radiopiu.net\/wordpress\/gocce-filosofia\/embed\/#?secret=WWX8ju4tVi#?secret=y4ijutKz1Q\" data-secret=\"y4ijutKz1Q\" width=\"600\" height=\"338\" frameborder=\"0\" marginwidth=\"0\" marginheight=\"0\" scrolling=\"no\"><\/iframe><\/p>\n<\/div>\n<p>&nbsp;<\/p>\n<hr \/>\n<p>&nbsp;<\/p>\n<h2><span style=\"color: #3366ff;\">I RACCONTI DI PAOLO SOPPELSA<\/span><\/h2>\n<p><strong>IN GITA A VENEZIA<\/strong><\/p>\n<p><strong>AUDIO<\/strong><\/p>\n<audio class=\"wp-audio-shortcode\" id=\"audio-333552-15\" preload=\"none\" style=\"width: 100%;\" controls=\"controls\"><source type=\"audio\/mpeg\" src=\"https:\/\/www.radiopiu.net\/wordpress\/wp-content\/uploads\/2023\/04\/PAOLO-SOPPELSA-IN-GITA-A-VENEZIA.mp3?_=15\" \/><a href=\"https:\/\/www.radiopiu.net\/wordpress\/wp-content\/uploads\/2023\/04\/PAOLO-SOPPELSA-IN-GITA-A-VENEZIA.mp3\">https:\/\/www.radiopiu.net\/wordpress\/wp-content\/uploads\/2023\/04\/PAOLO-SOPPELSA-IN-GITA-A-VENEZIA.mp3<\/a><\/audio>\n<p>&nbsp;<\/p>\n<p><a class=\"dt-pswp-item\" href=\"https:\/\/www.radiopiu.net\/wordpress\/wp-content\/uploads\/2023\/04\/20254b43-e836-465c-8bb4-83bc123f7250.jpg\" data-dt-img-description=\"\" data-large_image_width=\"675\" data-large_image_height=\"960\"><img loading=\"lazy\" decoding=\"async\" class=\" wp-image-333707 alignleft\" src=\"https:\/\/www.radiopiu.net\/wordpress\/wp-content\/uploads\/2023\/04\/20254b43-e836-465c-8bb4-83bc123f7250-211x300.jpg\" alt=\"\" width=\"153\" height=\"218\" srcset=\"https:\/\/www.radiopiu.net\/wordpress\/wp-content\/uploads\/2023\/04\/20254b43-e836-465c-8bb4-83bc123f7250-211x300.jpg 211w, https:\/\/www.radiopiu.net\/wordpress\/wp-content\/uploads\/2023\/04\/20254b43-e836-465c-8bb4-83bc123f7250.jpg 675w\" sizes=\"auto, (max-width: 153px) 100vw, 153px\" \/><\/a>&#8220;&#8230;sabo don in gita a Venezia\u2026&#8221;, mi dissero i miei un giorno di fine maggio del lontano 1986, ed era stato un annuncio piuttosto emozionante per me che fino a quel momento la Regina del Mare l&#8217;avevo vista solamente in televisione. Arriv\u00f2 in fretta quel fatidico ultimo sabato del mese delle rose e, fatto assolutamente inconsueto, uscii da scuola addirittura un&#8217;ora prima del suono della campanella. La corriera che ci attendeva all&#8217;ombra del campanile dello Juvarra si riemp\u00ec in fretta e all&#8217;una precisa partimmo in direzione sud. C&#8217;era un bel clima all&#8217;interno del pullman che conteneva i dipendenti dell&#8217;Ente Provincia con famigliari al seguito e il tempo del viaggio lungo la pianura veneta pass\u00f2 in fretta; poco meno di due ore ed ecco il mare da attraversare percorrendo il grandioso Ponte della Libert\u00e0; mai mi era capitato di viaggiare a pochi metri dall&#8217;acqua salata che muoveva dolcemente accarezzando le briccole consunte. All&#8217;orizzonte si mostrava la citt\u00e0 del leone alato e maestose si levavano verso il cielo le ciminiere di Porto Marghera, e chiss\u00e0 perch\u00e9 alla loro sommit\u00e0 ardeva un misterioso pennacchio di fuoco. In Piazzale Roma il &#8220;liberi tutti&#8221; per qualche ora, e allora via in modalit\u00e0 camminata veloce con l&#8217;obiettivo di raggiungere la mitica Piazza San Marco. Ed era un solcare ponti pi\u00f9 o meno lunghi che attraversavano canali piu o meno importanti, erano foto centellinate scattate con perizia dopo lunghi attimi spesi regolando messe a fuoco e tempi di esposizione. E, nel frattempo, l&#8217;orecchio ascoltava lo sciabordio delle onde che si infrangevano sui muri dei palazzi e l&#8217;occhio cercava quei cartelli gialli con la scritta nera che indicavano il percorso da seguire per raggiungere il cuore della citt\u00e0 circondata dal mare. Un vagare affascinante e un po&#8217; casuale fra calli e campielli che formavano una sorta di magico labirinto e poi l&#8217;emozionante approdo in Piazza San Marco; ora finalmente potevo ammirare i classici scorci che avevo imparato a conoscere sugli album di figurine, ovviamente mai completati, riguardanti la geografia d&#8217;Italia. La Basilica, Palazzo Ducale, i Mori che suonavano la campana con due giganteschi martelli; e poi l&#8217;altissimo campanile, i piccioni che li potevo quasi toccare, i camerieri con il papillon che entravano e uscivano dai locali e le bottigliette da mezzo litro d&#8217;acqua naturale a cinquemila lire. La folla, gli sguardi carichi di meraviglia, lingue di tutto il mondo e le foto d&#8217;obbligo con il Ponte dei Sospiri a fare da severo sfondo. La fortuna quel giorno era dalla nostra parte e, oltre ad aiutarmi a non cadere in nessun canale, fece pure in modo che potessimo visitare una nave della Marina Militare Italiana ormeggiata nei pressi della piazza. E cos\u00ec potei ammirare gli enormi motori, gli slanciati missili, scrutare la laguna attraverso le feritoie, inciampare nelle soglie delle porte tagliafuoco e sbirciare nelle canne dei cannoni; peccato solo dover scendere, ma il tempo stringeva e occorreva fare ritorno in Piazzale Roma per riprendere la corriera che ci avrebbe portato nell&#8217;entroterra di Caorle. La destinazione era un ristorante dove avremmo consumato una classica cena a base di pesce. Correva veloce il pullman lungo il Ponte della Libert\u00e0, ed ora i seriosi dipendenti dell&#8217;Ente Provincia ridevano e scherzavano producendo un allegro chiasso. Arrivammo al ristorante poco prima dell&#8217;approssimarsi del tramonto e di l\u00ec a poco ebbe inizio la sontuosa cena in modalit\u00e0 anni &#8217;80 style. Profumo di frittura di pesce, tintinnio di posate e bicchieri come ai matrimoni, conchiglie da aprire e sgroppini da assaggiare, il tutto condito da risate e aneddoti da ufficio da ascoltare. Poi, mano a mano che la cena avanzava, suoni e profumi arrivavano sempre pi\u00f9 sfumati; era il preludio del crollo fisico arrivato poco dopo la mezzanotte. Un breve risveglio mentre mi accasciavo nella 127 color del cielo e poi un altro lungo sonno; al risveglio era gi\u00e0 trascorsa mezza domenica e Venezia era gi\u00e0 un ricordo da narrare nel tema del luned\u00ec.<\/p>\n<p>&nbsp;<\/p>\n<p>&nbsp;<\/p>\n<div class=\"message spoilers-container\" dir=\"auto\">\n<hr \/>\n<p>&nbsp;<\/p>\n<\/div>\n<div class=\"message spoilers-container\" dir=\"auto\">\n<div class=\"column\">\n<p><img loading=\"lazy\" decoding=\"async\" class=\"aligncenter wp-image-61954 size-full\" src=\"https:\/\/www.radiopiu.net\/wordpress\/wp-content\/uploads\/2018\/09\/viabilita.jpeg\" sizes=\"auto, (max-width: 800px) 100vw, 800px\" srcset=\"https:\/\/www.radiopiu.net\/wordpress\/wp-content\/uploads\/2018\/09\/viabilita.jpeg 800w, https:\/\/www.radiopiu.net\/wordpress\/wp-content\/uploads\/2018\/09\/viabilita-300x38.jpeg 300w, https:\/\/www.radiopiu.net\/wordpress\/wp-content\/uploads\/2018\/09\/viabilita-768x96.jpeg 768w\" alt=\"\" width=\"800\" height=\"100\" \/><\/p>\n<\/div>\n<\/div>\n<div class=\"message spoilers-container\" dir=\"auto\">\n<div class=\"column\">\n<p>&nbsp;<\/p>\n<\/div>\n<\/div>\n<div class=\"message spoilers-container\" dir=\"auto\">\n<div class=\"column\">\n<div dir=\"ltr\">\n<div class=\"gmail_quote\">\n<div dir=\"ltr\">\n<div class=\"gmail_quote\">\n<blockquote class=\"wp-embedded-content\" data-secret=\"DxrFCtUPcn\"><p><a href=\"https:\/\/www.radiopiu.net\/wordpress\/viabilita\/\">viabilita<\/a><\/p><\/blockquote>\n<p><iframe loading=\"lazy\" class=\"wp-embedded-content\" sandbox=\"allow-scripts\" security=\"restricted\" style=\"position: absolute; clip: rect(1px, 1px, 1px, 1px);\" title=\"&#8220;viabilita&#8221; &#8212; Radio Pi\u00f9\" src=\"https:\/\/www.radiopiu.net\/wordpress\/viabilita\/embed\/#?secret=L9Bmplyzq9#?secret=DxrFCtUPcn\" data-secret=\"DxrFCtUPcn\" width=\"600\" height=\"338\" frameborder=\"0\" marginwidth=\"0\" marginheight=\"0\" scrolling=\"no\"><\/iframe><\/p>\n<\/div>\n<\/div>\n<\/div>\n<\/div>\n<\/div>\n<\/div>\n<div class=\"message spoilers-container\" dir=\"auto\">\n<div class=\"column\">\n<div>\n<div dir=\"ltr\">\n<div class=\"gmail_quote\">\n<div dir=\"ltr\">\n<div><\/div>\n<\/div>\n<\/div>\n<\/div>\n<\/div>\n<hr \/>\n<p>&nbsp;<\/p>\n<p><a class=\"dt-pswp-item\" href=\"https:\/\/www.radiopiu.net\/wordpress\/wp-content\/uploads\/2018\/09\/WhatsApp-Image-2018-09-20-at-16.04.06.jpeg\" data-dt-img-description=\"\" data-large_image_width=\"800\" data-large_image_height=\"100\"><img loading=\"lazy\" decoding=\"async\" class=\"wp-image-61378 size-full aligncenter\" src=\"https:\/\/www.radiopiu.net\/wordpress\/wp-content\/uploads\/2018\/09\/WhatsApp-Image-2018-09-20-at-16.04.06.jpeg\" alt=\"\" width=\"800\" height=\"100\" srcset=\"https:\/\/www.radiopiu.net\/wordpress\/wp-content\/uploads\/2018\/09\/WhatsApp-Image-2018-09-20-at-16.04.06.jpeg 800w, https:\/\/www.radiopiu.net\/wordpress\/wp-content\/uploads\/2018\/09\/WhatsApp-Image-2018-09-20-at-16.04.06-300x38.jpeg 300w, https:\/\/www.radiopiu.net\/wordpress\/wp-content\/uploads\/2018\/09\/WhatsApp-Image-2018-09-20-at-16.04.06-768x96.jpeg 768w\" sizes=\"auto, (max-width: 800px) 100vw, 800px\" \/><\/a><\/p>\n<\/div>\n<\/div>\n<div class=\"message spoilers-container\" dir=\"auto\"><center><strong>\u00a0<\/strong><\/center><center><\/center><center><\/center><\/div>\n<p><center><b>OGGI<\/b><\/center><b>Tempo atteso: <\/b>Tempo variabile con annuvolamenti anche consistenti, specie nella prima parte della giornata, associati a fenomeni modesti o moderati, alternati a parziali schiarite soprattutto nel corso del pomeriggio, pi\u00f9 ampie nella notte.<br \/>\n<b>Precipitazioni: <\/b>Al mattino probabilit\u00e0 medio-alta (50-75%) di precipitazioni da sparse a diffuse, di debole o di moderata intensit\u00e0, in esaurimento nel corso del pomeriggio\/sera quando la probabilit\u00e0 tender\u00e0 a divenire bassa per fenomeni residui da sparsi a locali<br \/>\n<b>Temperature: <\/b>Senza notevoli variazioni o in lieve diminuzione, su valori pi\u00f9 bassi della norma. Escursione termica giornaliera ancora modesta. Clima diurno ancora piuttosto umido e fresco.<\/p>\n<hr \/>\n<p><center><b>DOMANI<\/b><\/center><b>Tempo atteso: <\/b>Al mattino abbastanza soleggiato e asciutto, salvo una residua nuvolosit\u00e0 nelle prime ore, specie nelle valli per possibili nubi basse nelle ore fredde, in rapido dissolvimento dopo l&#8217;alba. Tuttavia, l&#8217;aria rimarr\u00e0 ancora moderatamente instabile e nelle ore calde saranno possibili moderati annuvolamenti a sviluppo cumuliforme associati a possibili locali fenomeni. Ampie schiarite verso sera.<br \/>\n<b>Precipitazioni: <\/b>Al mattino assenti (0%). Nel pomeriggio possibili locali precipitazioni, anche a carattere di rovescio o di temporale, specie sulle Prealpi (30-40%), meno probabili sulle Dolomiti.<br \/>\n<b>Temperature: <\/b>Minime stazionarie o in lieve diminuzione specie nelle valli, massime in aumento anche sensibile con significativa escursione termica giornaliera<\/p>\n<hr \/>\n<p><center><b>GIOVEDI<\/b><\/center>Tempo pi\u00f9 stabile e soleggiato rispetto a mercoled\u00ec anche se saranno ancora presenti annuvolamenti cumuliformi, specie nelle ore calde, associati al transito di nubi alte. Precipitazioni assenti. Temperature in ulteriore lieve aumento, con importante escursione termica giornaliera.<\/p>\n<hr \/>\n<p><center><b>VENERDI<\/b><\/center>Tempo variabile. Al mattino abbastanza soleggiato con qualche annuvolamento specie in prossimit\u00e0 delle cime; nelle ore calde addensamenti pi\u00f9 diffusi per una moderata attivit\u00e0 cumuliforme, soprattutto sulle Dolomiti, dove non sar\u00e0 del tutto escluso qualche sporadico rovescio o temporale. Temperature in ulteriore lieve aumento su valori di qualche grado superiori alla norma.<\/p>\n<p>&nbsp;<\/p>\n<p>&nbsp;<\/p>\n<\/div>\n<div class=\"message spoilers-container\" dir=\"auto\">\n<hr \/>\n<p>&nbsp;<\/p>\n<p><a class=\"dt-pswp-item\" href=\"https:\/\/www.radiopiu.net\/wordpress\/wp-content\/uploads\/2018\/09\/sport.jpg\" data-dt-img-description=\"\" data-large_image_width=\"800\" data-large_image_height=\"100\"><img loading=\"lazy\" decoding=\"async\" class=\"aligncenter wp-image-60761 size-full\" src=\"https:\/\/www.radiopiu.net\/wordpress\/wp-content\/uploads\/2018\/09\/sport.jpg\" alt=\"\" width=\"800\" height=\"100\" srcset=\"https:\/\/www.radiopiu.net\/wordpress\/wp-content\/uploads\/2018\/09\/sport.jpg 800w, https:\/\/www.radiopiu.net\/wordpress\/wp-content\/uploads\/2018\/09\/sport-300x38.jpg 300w, https:\/\/www.radiopiu.net\/wordpress\/wp-content\/uploads\/2018\/09\/sport-768x96.jpg 768w\" sizes=\"auto, (max-width: 800px) 100vw, 800px\" \/><\/a><\/p>\n<\/div>\n<div class=\"message spoilers-container\" dir=\"auto\">\n<p>&nbsp;<\/p>\n<p><span style=\"color: #0000ff;\"><strong>MOUNTAIN BIKE<\/strong><\/span><\/p>\n<blockquote>\n<h3>QUARTA VITTORIA CONSECUTIVA IN VENETO CUP PER ASTRID MIOLA<\/h3>\n<\/blockquote>\n<p><strong><a class=\"dt-pswp-item\" href=\"https:\/\/www.radiopiu.net\/wordpress\/wp-content\/uploads\/2023\/05\/astrid-miola.jpeg\" data-dt-img-description=\"\" data-large_image_width=\"1344\" data-large_image_height=\"856\"><img loading=\"lazy\" decoding=\"async\" class=\" wp-image-333835 alignleft\" src=\"https:\/\/www.radiopiu.net\/wordpress\/wp-content\/uploads\/2023\/05\/astrid-miola-300x191.jpeg\" alt=\"\" width=\"190\" height=\"121\" srcset=\"https:\/\/www.radiopiu.net\/wordpress\/wp-content\/uploads\/2023\/05\/astrid-miola-300x191.jpeg 300w, https:\/\/www.radiopiu.net\/wordpress\/wp-content\/uploads\/2023\/05\/astrid-miola-1024x652.jpeg 1024w, https:\/\/www.radiopiu.net\/wordpress\/wp-content\/uploads\/2023\/05\/astrid-miola-768x489.jpeg 768w, https:\/\/www.radiopiu.net\/wordpress\/wp-content\/uploads\/2023\/05\/astrid-miola.jpeg 1344w\" sizes=\"auto, (max-width: 190px) 100vw, 190px\" \/><\/a>REDAZIONE<\/strong> Astrid Miola ha ottenuto la sua quarta vittoria consecutiva alla Veneto Cup di Mountain Bike, durante la gara di Farra di Soligo. La giovane biker di Agordo ha dimostrato una volta di pi\u00f9 la sua grande abilit\u00e0, conquistando la prima posizione nella categoria femminile. Astrid Miola ha saputo gestire al meglio le difficolt\u00e0 del percorso. Non \u00e8 stata una gara facile per l&#8217;agordina che usciva da un&#8217;influenza che l&#8217;ha messa a dura prova. La sua vittoria rappresenta un&#8217;ulteriore dimostrazione delle sue capacit\u00e0 tecniche e della sua determinazione. (foto: Alessandro Billiani)<\/p>\n<p>&nbsp;<\/p>\n<p><span style=\"color: #0000ff;\"><strong>CALCIO<\/strong><\/span><\/p>\n<blockquote>\n<h3>IL GEMELLE ESPUGNA L&#8217;IVANO DORIGO DI AGORDO DOPO CHE L&#8217;AGORDINA FA LA PARTITA<\/h3>\n<\/blockquote>\n<p><strong><a class=\"dt-pswp-item\" href=\"https:\/\/www.radiopiu.net\/wordpress\/wp-content\/uploads\/2022\/03\/CALCIO-2022.jpg\" data-dt-img-description=\"\" data-large_image_width=\"1920\" data-large_image_height=\"1281\"><img loading=\"lazy\" decoding=\"async\" class=\" wp-image-265514 alignleft\" src=\"https:\/\/www.radiopiu.net\/wordpress\/wp-content\/uploads\/2022\/03\/CALCIO-2022-300x200.jpg\" alt=\"\" width=\"174\" height=\"116\" srcset=\"https:\/\/www.radiopiu.net\/wordpress\/wp-content\/uploads\/2022\/03\/CALCIO-2022-300x200.jpg 300w, https:\/\/www.radiopiu.net\/wordpress\/wp-content\/uploads\/2022\/03\/CALCIO-2022-1024x683.jpg 1024w, https:\/\/www.radiopiu.net\/wordpress\/wp-content\/uploads\/2022\/03\/CALCIO-2022-768x512.jpg 768w, https:\/\/www.radiopiu.net\/wordpress\/wp-content\/uploads\/2022\/03\/CALCIO-2022-1536x1025.jpg 1536w, https:\/\/www.radiopiu.net\/wordpress\/wp-content\/uploads\/2022\/03\/CALCIO-2022.jpg 1920w\" sizes=\"auto, (max-width: 174px) 100vw, 174px\" \/><\/a>Di Marco Gaz<\/strong><\/p>\n<p><strong>SECONDA CATEGORIA GIR. T \/PLAYOUT \/ AGORDINA \u2013 GEMELLE 0-2<\/strong><\/p>\n<p>Che beffa per l\u2019Agordina. Il Gemelle vince due a zero all\u2019Ivano Dorigo dopo che la squadra di Agordo ha gestito il match per 85\u2019. Due errori sono stati fatali per gli uomini di Chenet ed ora la strada per rimanere in seconda categoria si fa in salita. Domenica prossima si giocher\u00e0 il ritorno dei playout a Borgo Valbelluna e gli agordini per rimanere nel torneo regionale dovranno fare un\u2019impresa e battere il Gemelle con almeno tre gol di scarto. Le squadre lottano fin dai primi minuti. Chissal\u00e8 salva il risultato alla prima conclusione della squadra ospite. Agordina che risponde subito con Wiesner ma il suo tiro termina fuori di poco. Le due compagini giocano a viso aperto con tanti capovolgimenti di fronte. Sono tanti gli errori in fase offensiva e i tiri in porta stentano ad arrivare. \u00a0Match che non si sblocca e la prima frazione di gioco termina a reti inviolate. L\u2019Agordina prova a cambiare ritmo e si fa pericolosa dalle parti del portiere del Gemelle. A provarci \u00e8 Costa ma la sua conclusione termina di poco alta sulla traversa. Danilo Chenet prova a cambiare qualcosa in campo con la speranza di sbloccare la partita. Cancel va vicino al gol del vantaggio in due occasioni ma il pallone \u00e8 facile preda del portiere del Gemelle. Nel momento migliore degli agordini, i zumellesi trovano il vantaggio in contropiede. Palla che viene rubata e l\u2019attaccante del Gemelle che buca Chissal\u00e8. Nel finale di gara gli uomini di Chenet si buttano in avanti alla ricerca del pareggio che per\u00f2 non arriva. Arriva per\u00f2 la seconda marcatura degli ospiti che vanno a segno per la seconda volta allo scadere.<\/p>\n<p>&nbsp;<\/p>\n<p><strong>GIOVANISSIMI PROVINCIALI \/ SEMIFINALI DI CAMPIONATO IN PROGRAMMA DALLA PROSSIMA SETTIMANA<\/strong><\/p>\n<p><strong>\u00a0<\/strong><\/p>\n<p><strong>ALLIEVI REGIONALI \/ AGORDINA \u2013 campionato terminato<\/strong><\/p>\n<p>&nbsp;<\/p>\n<p><strong>JUNIORES PROVINCIALI \/ COPPA VALBELLUNA MEMORIAL CALLIGARO \/ DYNAMO \u2013 AGORDINA 3-1<\/strong><\/p>\n<p>Dopo un inizio promettente nella Coppa Valbelluna Memorial Calligaro, L\u2019Agordina di De Zaiacomo cade in terra feltrina contro la Dynamo che vince 3 a 1. Per gli agordini prima sconfitta del torneo, dopo una serie di vittorie convincenti nelle prime partite. In generale, la partita \u00e8 stata molto intensa e combattuta, con entrambe le squadre che hanno dato il massimo per ottenere il risultato. Tuttavia, alla fine, \u00e8 stata la Dynamo ad avere la meglio. Entrambe le compagini si trovano in testa alla classifica del Memorial con 6 punti.<\/p>\n<p>&nbsp;<\/p>\n<p><strong>JUNIORES REGIONALI \/ FIORI BARP \u2013 <\/strong><strong>campionato terminato<\/strong><\/p>\n<p>&nbsp;<\/p>\n<p><span style=\"color: #0000ff;\"><strong>CALCIO A 5<\/strong><\/span><\/p>\n<blockquote>\n<h3>TERMINA IN PAREGGIO TRA ATESINA E CANOTTIERI BELLUNO. ORA SI PENSA AI PLAYOFF<\/h3>\n<\/blockquote>\n<p><span style=\"color: #ff0000;\"><strong><a class=\"dt-pswp-item\" href=\"https:\/\/www.radiopiu.net\/wordpress\/wp-content\/uploads\/2023\/04\/343929802_250489500844486_4585986744765338661_n.jpg\" data-dt-img-description=\"\" data-large_image_width=\"1967\" data-large_image_height=\"1149\"><img loading=\"lazy\" decoding=\"async\" class=\" wp-image-333652 alignleft\" src=\"https:\/\/www.radiopiu.net\/wordpress\/wp-content\/uploads\/2023\/04\/343929802_250489500844486_4585986744765338661_n-300x175.jpg\" alt=\"\" width=\"170\" height=\"99\" srcset=\"https:\/\/www.radiopiu.net\/wordpress\/wp-content\/uploads\/2023\/04\/343929802_250489500844486_4585986744765338661_n-300x175.jpg 300w, https:\/\/www.radiopiu.net\/wordpress\/wp-content\/uploads\/2023\/04\/343929802_250489500844486_4585986744765338661_n-1024x598.jpg 1024w, https:\/\/www.radiopiu.net\/wordpress\/wp-content\/uploads\/2023\/04\/343929802_250489500844486_4585986744765338661_n-768x449.jpg 768w, https:\/\/www.radiopiu.net\/wordpress\/wp-content\/uploads\/2023\/04\/343929802_250489500844486_4585986744765338661_n-1536x897.jpg 1536w, https:\/\/www.radiopiu.net\/wordpress\/wp-content\/uploads\/2023\/04\/343929802_250489500844486_4585986744765338661_n.jpg 1967w\" sizes=\"auto, (max-width: 170px) 100vw, 170px\" \/><\/a>SERIE B &#8211; GIRONE B<\/strong><\/span><\/p>\n<p><strong>ATESINA &#8211; CANOTTIERI BELLUNO 5-5<\/strong><\/p>\n<p>Vuole vincerla, la Canottieri. Ma anche l&#8217;Atesina. Finisce 5 a 5: doppio Max Dall&#8217;\u00d2, Storti, Savi e autorete di Mair.<\/p>\n<p><strong>IL SERVIZIO DI ANTONIO FIABANE, PORTAVOCE DELLA CANOTTIERI BELLUNO<\/strong><\/p>\n<audio class=\"wp-audio-shortcode\" id=\"audio-333552-16\" preload=\"none\" style=\"width: 100%;\" controls=\"controls\"><source type=\"audio\/mpeg\" src=\"https:\/\/www.radiopiu.net\/wordpress\/wp-content\/uploads\/2023\/04\/CANOTTIERI-SITO-3.mp3?_=16\" \/><a href=\"https:\/\/www.radiopiu.net\/wordpress\/wp-content\/uploads\/2023\/04\/CANOTTIERI-SITO-3.mp3\">https:\/\/www.radiopiu.net\/wordpress\/wp-content\/uploads\/2023\/04\/CANOTTIERI-SITO-3.mp3<\/a><\/audio>\n<p>&nbsp;<\/p>\n<p><span style=\"color: #0000ff;\"><strong>PALLAVOLO<\/strong><\/span><\/p>\n<blockquote>\n<h3>IL VOLLEY CLUB AGORDINO PERDE CON IL MONTEVOLLEY MA EVITA I PLAYOUT<\/h3>\n<\/blockquote>\n<p><span style=\"color: #000000;\"><strong><a class=\"dt-pswp-item\" href=\"https:\/\/www.radiopiu.net\/wordpress\/wp-content\/uploads\/2021\/03\/VOLLEY.jpg\" data-dt-img-description=\"\" data-large_image_width=\"1280\" data-large_image_height=\"853\"><img loading=\"lazy\" decoding=\"async\" class=\" wp-image-196965 alignleft\" src=\"https:\/\/www.radiopiu.net\/wordpress\/wp-content\/uploads\/2021\/03\/VOLLEY-300x200.jpg\" alt=\"\" width=\"177\" height=\"118\" srcset=\"https:\/\/www.radiopiu.net\/wordpress\/wp-content\/uploads\/2021\/03\/VOLLEY-300x200.jpg 300w, https:\/\/www.radiopiu.net\/wordpress\/wp-content\/uploads\/2021\/03\/VOLLEY-1024x682.jpg 1024w, https:\/\/www.radiopiu.net\/wordpress\/wp-content\/uploads\/2021\/03\/VOLLEY-768x512.jpg 768w, https:\/\/www.radiopiu.net\/wordpress\/wp-content\/uploads\/2021\/03\/VOLLEY.jpg 1280w\" sizes=\"auto, (max-width: 177px) 100vw, 177px\" \/><\/a>di Marco Gaz<\/strong><\/span><\/p>\n<p><span style=\"color: #ff0000;\"><strong>PRIMA DIVISIONE BELLUNO TREVISO<\/strong><\/span><\/p>\n<p><strong>MONTEVOLLEY &#8211; VOLLEY CLUB AGORDINO 3-0 (PARZIALI: 25-20, 25-21, 25-11)<\/strong><\/p>\n<p>Il Montevolley vince per 3-0 contro il Volley Club Agordino nella partita valida per l&#8217;ultima giornata del campionato di Prima Divisione Belluno Treviso. La partita si \u00e8 svolta in modo equilibrato nei primi due set, con le due squadre che hanno lottato punto a punto la vittoria. Il Montevolley, per\u00f2, \u00e8 riuscito a mantenere il controllo della partita vincendo il primo set per 25-20 e il secondo per 25-21. Nel terzo set, invece, le trevigiane hanno preso il comando della partita sin dall&#8217;inizio rifilando 14 punti alle agordine, portando a casa la vittoria per 3-0. Nonostante la sconfitta, il Volley Club Agordino ha dato prova di un buon gioco di squadra, cercando in ogni modo di contrastare la superiorit\u00e0 delle avversarie. La squadra di De Nardin riesce comunque ad evitare i playout e giocher\u00e0 la prossima stagione in prima categoria.<\/p>\n<p><strong>ALEXANDRA PUGLIA, GIOCATRICE DEL VOLLEY CLUB AGORDINO<\/strong><\/p>\n<audio class=\"wp-audio-shortcode\" id=\"audio-333552-17\" preload=\"none\" style=\"width: 100%;\" controls=\"controls\"><source type=\"audio\/mpeg\" src=\"https:\/\/www.radiopiu.net\/wordpress\/wp-content\/uploads\/2023\/04\/ALEXANDRA-PUGLIA.mp3?_=17\" \/><a href=\"https:\/\/www.radiopiu.net\/wordpress\/wp-content\/uploads\/2023\/04\/ALEXANDRA-PUGLIA.mp3\">https:\/\/www.radiopiu.net\/wordpress\/wp-content\/uploads\/2023\/04\/ALEXANDRA-PUGLIA.mp3<\/a><\/audio>\n<p>&nbsp;<\/p>\n<p><span style=\"color: #0000ff;\"><strong>HOCKEY SU GHIACCIO<\/strong><\/span><\/p>\n<blockquote>\n<h3>SECONDA VITTORIA PER L&#8217;ITALIA NEL MONDIALE DI PRIMA DIVISIONE<\/h3>\n<\/blockquote>\n<p class=\"null\"><a class=\"dt-pswp-item\" href=\"https:\/\/www.radiopiu.net\/wordpress\/wp-content\/uploads\/2023\/05\/92504dee-296e-3e0b-d5dc-4c247342652b-scaled.jpg\" data-dt-img-description=\"\" data-large_image_width=\"2560\" data-large_image_height=\"1707\"><img loading=\"lazy\" decoding=\"async\" class=\" wp-image-333750 alignleft\" src=\"https:\/\/www.radiopiu.net\/wordpress\/wp-content\/uploads\/2023\/05\/92504dee-296e-3e0b-d5dc-4c247342652b-300x200.jpg\" alt=\"\" width=\"173\" height=\"115\" srcset=\"https:\/\/www.radiopiu.net\/wordpress\/wp-content\/uploads\/2023\/05\/92504dee-296e-3e0b-d5dc-4c247342652b-300x200.jpg 300w, https:\/\/www.radiopiu.net\/wordpress\/wp-content\/uploads\/2023\/05\/92504dee-296e-3e0b-d5dc-4c247342652b-1024x683.jpg 1024w, https:\/\/www.radiopiu.net\/wordpress\/wp-content\/uploads\/2023\/05\/92504dee-296e-3e0b-d5dc-4c247342652b-768x512.jpg 768w, https:\/\/www.radiopiu.net\/wordpress\/wp-content\/uploads\/2023\/05\/92504dee-296e-3e0b-d5dc-4c247342652b-1536x1024.jpg 1536w, https:\/\/www.radiopiu.net\/wordpress\/wp-content\/uploads\/2023\/05\/92504dee-296e-3e0b-d5dc-4c247342652b-2048x1365.jpg 2048w\" sizes=\"auto, (max-width: 173px) 100vw, 173px\" \/><\/a>L&#8217;Italia fa due su due. Ottima prova degli Azzurri, che bissano il successo contro la Romania battendo con un rotondo 6 a 1 anche la Corea del Sud. Doppiette per Mantenuto (MVP) e Frigo, di McNally e Larkin &#8211; per lui quattro reti in due partite &#8211; le altre marcature italiane. Damian Clara, alla sua prima presenza da starting goalie con la Nazionale maggiore, para con un ottimo 94,74% andando a un passo dallo shutout. L&#8217;Italia resta cos\u00ec a punteggio pieno, al primo posto nel girone. Dopo un giorno di pausa, il Blue Team torner\u00e0 sul ghiaccio marted\u00ec 2 maggio, alle 17:00 italiane, contro la Polonia. (foto: Valentina Gallina)<\/p>\n<p>&nbsp;<\/p>\n<p><span style=\"color: #0000ff;\"><strong>CORSA IN MONTAGNA<\/strong><\/span><\/p>\n<blockquote>\n<h3>IL BIS DI ISACCO COSTA ALLA \u201cSANTISSIMA\u201d<\/h3>\n<\/blockquote>\n<p><strong><a class=\"dt-pswp-item\" href=\"https:\/\/www.radiopiu.net\/wordpress\/wp-content\/uploads\/2023\/04\/ISACCO-COSTA-ARRIVO-scaled.jpg\" data-dt-img-description=\"\" data-large_image_width=\"2560\" data-large_image_height=\"1707\"><img loading=\"lazy\" decoding=\"async\" class=\" wp-image-333704 alignleft\" src=\"https:\/\/www.radiopiu.net\/wordpress\/wp-content\/uploads\/2023\/04\/ISACCO-COSTA-ARRIVO-300x200.jpg\" alt=\"\" width=\"179\" height=\"119\" srcset=\"https:\/\/www.radiopiu.net\/wordpress\/wp-content\/uploads\/2023\/04\/ISACCO-COSTA-ARRIVO-300x200.jpg 300w, https:\/\/www.radiopiu.net\/wordpress\/wp-content\/uploads\/2023\/04\/ISACCO-COSTA-ARRIVO-1024x683.jpg 1024w, https:\/\/www.radiopiu.net\/wordpress\/wp-content\/uploads\/2023\/04\/ISACCO-COSTA-ARRIVO-768x512.jpg 768w, https:\/\/www.radiopiu.net\/wordpress\/wp-content\/uploads\/2023\/04\/ISACCO-COSTA-ARRIVO-1536x1024.jpg 1536w, https:\/\/www.radiopiu.net\/wordpress\/wp-content\/uploads\/2023\/04\/ISACCO-COSTA-ARRIVO-2048x1365.jpg 2048w\" sizes=\"auto, (max-width: 179px) 100vw, 179px\" \/><\/a>LIMANA <\/strong>250 concorrenti hanno dato vita, domenica, alla seconda edizione della Santissima, gara nazionale di corsa in montagna proposta a Limana, sulle Prealpi Bellunesi, da BellunoAtletica, societ\u00e0 che dal 1995 fa correre bambini e ragazzi, cimentandosi al contempo in ambito organizzativo. La manifestazione si \u00e8 corsa sul tracciato gi\u00e0 sperimentato lo scorso anno, con alcune leggere modifiche, come l\u2019arrivo spostato da Valmorel a Valpiana. 8,5 i chilometri di sviluppo, con partenza dalla piazza di Limana (a quota 365 metri) e arrivo a Valpiana (quota 850 metri). Come lo scorso anno, a imporsi \u00e8 stato Isacco Costa, bellunese della Val di Zoldo, portacolori della bergamasca La Recastello. Costa ha controllato nelle primissime centinaia di metri per poi andarsene tutto solo quando la strada ha cominciato a salire. Arrivo in perfetta solitudine davanti alla Baita degli Alpini di Valpiana e ben 2\u201905\u201d rifilati all\u2019amico-rivale Mihail Sirbu (Gs Quantin AlpenPlus), secondo classificato. A completare il podio \u00e8 stato il trevigiano Roberto Fregona (Atletica San Biagio). Tra le donne, vittoria trevigiana grazie alla valdobbiadenese Silvia Sangalli (Atletica Dolomiti Belluno) che ha avuto la meglio sulla bellunese Elisa Gullo (Gs Quantin Alpenplus, + 1\u201906\u201d) e sulla trevigiana Patrizia Zanette (Atletica Dolomiti Belluno, +1\u201922\u201d).<\/p>\n<p>&nbsp;<\/p>\n<p><span style=\"color: #0000ff;\"><strong>MOTORI<\/strong><\/span><\/p>\n<blockquote>\n<h3>SILVIA MOSENA SUL GRADINO PIU&#8217; ALTO DEL PODIO DEL VALSUGANA HISTORIC RALLY<\/h3>\n<\/blockquote>\n<p><strong><a class=\"dt-pswp-item\" href=\"https:\/\/www.radiopiu.net\/wordpress\/wp-content\/uploads\/2023\/05\/984752bd-dd3c-4153-bc8a-f2112004e63d.jpg\" data-dt-img-description=\"\" data-large_image_width=\"1600\" data-large_image_height=\"1097\"><img loading=\"lazy\" decoding=\"async\" class=\" wp-image-333817 alignleft\" src=\"https:\/\/www.radiopiu.net\/wordpress\/wp-content\/uploads\/2023\/05\/984752bd-dd3c-4153-bc8a-f2112004e63d-300x206.jpg\" alt=\"\" width=\"183\" height=\"126\" srcset=\"https:\/\/www.radiopiu.net\/wordpress\/wp-content\/uploads\/2023\/05\/984752bd-dd3c-4153-bc8a-f2112004e63d-300x206.jpg 300w, https:\/\/www.radiopiu.net\/wordpress\/wp-content\/uploads\/2023\/05\/984752bd-dd3c-4153-bc8a-f2112004e63d-1024x702.jpg 1024w, https:\/\/www.radiopiu.net\/wordpress\/wp-content\/uploads\/2023\/05\/984752bd-dd3c-4153-bc8a-f2112004e63d-768x527.jpg 768w, https:\/\/www.radiopiu.net\/wordpress\/wp-content\/uploads\/2023\/05\/984752bd-dd3c-4153-bc8a-f2112004e63d-1536x1053.jpg 1536w, https:\/\/www.radiopiu.net\/wordpress\/wp-content\/uploads\/2023\/05\/984752bd-dd3c-4153-bc8a-f2112004e63d.jpg 1600w\" sizes=\"auto, (max-width: 183px) 100vw, 183px\" \/><\/a>BORGO VALSUGANA<\/strong><\/p>\n<p>di Roberto Bona<\/p>\n<audio class=\"wp-audio-shortcode\" id=\"audio-333552-18\" preload=\"none\" style=\"width: 100%;\" controls=\"controls\"><source type=\"audio\/mpeg\" src=\"https:\/\/www.radiopiu.net\/wordpress\/wp-content\/uploads\/2023\/05\/BONA-SILVIA-MOSENA-SUL-GRADINO-PIU-ALTO-DEL-PODIO.mp3?_=18\" \/><a href=\"https:\/\/www.radiopiu.net\/wordpress\/wp-content\/uploads\/2023\/05\/BONA-SILVIA-MOSENA-SUL-GRADINO-PIU-ALTO-DEL-PODIO.mp3\">https:\/\/www.radiopiu.net\/wordpress\/wp-content\/uploads\/2023\/05\/BONA-SILVIA-MOSENA-SUL-GRADINO-PIU-ALTO-DEL-PODIO.mp3<\/a><\/audio>\n<p>&nbsp;<\/p>\n<p>&nbsp;<\/p>\n<\/div>\n<\/div>\n","protected":false},"excerpt":{"rendered":"<p>ISCRIVITI AL NOSTRO CANALE\u00a0 YOUTUBE PER SEGUIRE IN DIRETTA I PRINCIPALI PROGRAMMI DI RADIO PIU&#8217; E LE FUTURE DIRETTE IN ESTERNA. PER ISCRIVERTI CLICCA QUI E PREMI\u00a0 &#8220;Iscriviti&#8221;\u00a0 \u00a0 \u00a0\u00a0 &nbsp; &nbsp; &nbsp; &nbsp; CHI AMA LA MONTAGNA&#8230; SOPPORTA I SUOI SASSI AGORDO- RIVAMONTE Stamane, ore 6.30, strada per Rivamonte (da Ponte Alto) in localit\u00e0&hellip;<\/p>\n","protected":false},"author":4,"featured_media":333853,"comment_status":"closed","ping_status":"closed","sticky":false,"template":"","format":"standard","meta":{"_monsterinsights_skip_tracking":false,"_monsterinsights_sitenote_active":false,"_monsterinsights_sitenote_note":"","_monsterinsights_sitenote_category":0,"footnotes":""},"categories":[51,86,49],"tags":[],"class_list":["post-333552","post","type-post","status-publish","format-standard","has-post-thumbnail","hentry","category-evidenza-top","category-gr","category-news-18","category-51","category-86","category-49","description-off"],"img_url":"https:\/\/www.radiopiu.net\/wordpress\/wp-content\/uploads\/2023\/05\/344535797_624800445783224_8098001480676845194_n.jpg","_links":{"self":[{"href":"https:\/\/www.radiopiu.net\/wordpress\/wp-json\/wp\/v2\/posts\/333552","targetHints":{"allow":["GET"]}}],"collection":[{"href":"https:\/\/www.radiopiu.net\/wordpress\/wp-json\/wp\/v2\/posts"}],"about":[{"href":"https:\/\/www.radiopiu.net\/wordpress\/wp-json\/wp\/v2\/types\/post"}],"author":[{"embeddable":true,"href":"https:\/\/www.radiopiu.net\/wordpress\/wp-json\/wp\/v2\/users\/4"}],"replies":[{"embeddable":true,"href":"https:\/\/www.radiopiu.net\/wordpress\/wp-json\/wp\/v2\/comments?post=333552"}],"version-history":[{"count":0,"href":"https:\/\/www.radiopiu.net\/wordpress\/wp-json\/wp\/v2\/posts\/333552\/revisions"}],"wp:featuredmedia":[{"embeddable":true,"href":"https:\/\/www.radiopiu.net\/wordpress\/wp-json\/wp\/v2\/media\/333853"}],"wp:attachment":[{"href":"https:\/\/www.radiopiu.net\/wordpress\/wp-json\/wp\/v2\/media?parent=333552"}],"wp:term":[{"taxonomy":"category","embeddable":true,"href":"https:\/\/www.radiopiu.net\/wordpress\/wp-json\/wp\/v2\/categories?post=333552"},{"taxonomy":"post_tag","embeddable":true,"href":"https:\/\/www.radiopiu.net\/wordpress\/wp-json\/wp\/v2\/tags?post=333552"}],"curies":[{"name":"wp","href":"https:\/\/api.w.org\/{rel}","templated":true}]}}