{"id":333589,"date":"2023-04-29T16:18:06","date_gmt":"2023-04-29T14:18:06","guid":{"rendered":"https:\/\/www.radiopiu.net\/wordpress\/?p=333589"},"modified":"2023-04-29T16:18:06","modified_gmt":"2023-04-29T14:18:06","slug":"life-in-tour-un-viaggio-emozionale-nella-conca-dellalpago","status":"publish","type":"post","link":"https:\/\/www.radiopiu.net\/wordpress\/life-in-tour-un-viaggio-emozionale-nella-conca-dellalpago\/","title":{"rendered":"LIFE IN TOUR: UN VIAGGIO EMOZIONALE NELLA CONCA DELL\u2019ALPAGO"},"content":{"rendered":"<p><strong><a class=\"dt-pswp-item\" href=\"https:\/\/www.radiopiu.net\/wordpress\/wp-content\/uploads\/2023\/04\/Lotto-Menegaz-wide.jpg\" data-dt-img-description=\"\" data-large_image_width=\"544\" data-large_image_height=\"352\"><img loading=\"lazy\" decoding=\"async\" class=\" wp-image-333590 alignleft\" src=\"https:\/\/www.radiopiu.net\/wordpress\/wp-content\/uploads\/2023\/04\/Lotto-Menegaz-wide-300x194.jpg\" alt=\"\" width=\"179\" height=\"116\" srcset=\"https:\/\/www.radiopiu.net\/wordpress\/wp-content\/uploads\/2023\/04\/Lotto-Menegaz-wide-300x194.jpg 300w, https:\/\/www.radiopiu.net\/wordpress\/wp-content\/uploads\/2023\/04\/Lotto-Menegaz-wide.jpg 544w\" sizes=\"auto, (max-width: 179px) 100vw, 179px\" \/><\/a>ALPAGO <\/strong>Si terr\u00e0 marted\u00ec 2 maggio alle 21 il workshop esperienziale di comunicazione emotiva \u201cLife in Tour\u201d. Presso la sala polivalente di Lamosano di Chies d\u2019Alpago gli analogisti Erik Lotto e Luisa Menegaz terranno una introduzione al Tour e spiegheranno le principali aree di interessate da questo percorso che tocca la dimensione emotiva interiore e che mira a liberarsi di quei condizionamenti emotivi che spesso ci limitano nell\u2019agire e nell\u2019esprimersi quotidianamente. Un\u2019iniziativa sostenuta anche dal Comune di Chies d\u2019Alpago e dalla Comunanza delle Regole dell\u2019Alpago, vista la funzione di supporto che vuole offire a tutta la Comunit\u00e0 della Conca alpagota. Erik Lotto e Luisa Menegaz sono analogisti esperti nell\u2019interpretazione del linguaggio emotivo e nell\u2019individuazione delle dinamiche comportamentali dell\u2019individuo. Essi svolgono una professione d\u2019aiuto a carattere olistico con lo scopo di aiutare le persone a raggiungere il proprio benessere liberandosi da blocchi emotivi, condizionamenti e pensieri autolimitanti. I loro interventi prevedono sia incontri individuali sia incontri di gruppo all\u2019interno dei quali viene utilizzato il metodo delle Discipline Analogiche Benemegliane. Il workshop esperienziale di comunicazione emotiva consiste in una visualizzazione guidata che porta la persona a svuotare la mente ed entrare in contatto con il proprio corpo e il proprio mondo interiore. Il fine \u00e8 quello di raggiungere uno stato di rilassamento profondo in cui poter attenuare tutte le tensioni fisiche ed emotive correlate al proprio mondo interiore. Vivendo cos\u00ec sensazioni di benessere e di profonda tranquillit\u00e0. Il seminario \u00e8 rivolto a tutti coloro che desiderano risolvere l\u2019affaticamento mentale e\/o emotivo, liberarsi da blocchi emotivi, condizionamenti e credenze autolimitanti, raggiungere uno stato di benessere a livello intrapersonale ed interpersonale, sia nelle relazioni private che in ambito professionale.\u00a0 Lo scopo \u00e8 quello di permettere ad ogni giovane e adulto di poter incontrarsi nell\u2019intimo con autenticit\u00e0 per risvegliare l\u2019interesse e la curiosit\u00e0 verso percorsi che aiutano ad essere pi\u00f9 felici e soddisfatti nelle proprie aree della vita. Il workshop esperienziale si terr\u00e0 marted\u00ec 02 maggio alle 21:00 presso la sala polivalente di Lamosano; <a class=\"dt-pswp-item\" href=\"https:\/\/www.radiopiu.net\/wordpress\/wp-content\/uploads\/2023\/04\/LIFE-IN-TOUR-ALPAGO-DEF.jpg\" data-dt-img-description=\"\" data-large_image_width=\"1587\" data-large_image_height=\"2245\"><img loading=\"lazy\" decoding=\"async\" class=\" wp-image-333591 alignright\" src=\"https:\/\/www.radiopiu.net\/wordpress\/wp-content\/uploads\/2023\/04\/LIFE-IN-TOUR-ALPAGO-DEF-212x300.jpg\" alt=\"\" width=\"143\" height=\"202\" srcset=\"https:\/\/www.radiopiu.net\/wordpress\/wp-content\/uploads\/2023\/04\/LIFE-IN-TOUR-ALPAGO-DEF-212x300.jpg 212w, https:\/\/www.radiopiu.net\/wordpress\/wp-content\/uploads\/2023\/04\/LIFE-IN-TOUR-ALPAGO-DEF-724x1024.jpg 724w, https:\/\/www.radiopiu.net\/wordpress\/wp-content\/uploads\/2023\/04\/LIFE-IN-TOUR-ALPAGO-DEF-768x1086.jpg 768w, https:\/\/www.radiopiu.net\/wordpress\/wp-content\/uploads\/2023\/04\/LIFE-IN-TOUR-ALPAGO-DEF-1086x1536.jpg 1086w, https:\/\/www.radiopiu.net\/wordpress\/wp-content\/uploads\/2023\/04\/LIFE-IN-TOUR-ALPAGO-DEF-1448x2048.jpg 1448w, https:\/\/www.radiopiu.net\/wordpress\/wp-content\/uploads\/2023\/04\/LIFE-IN-TOUR-ALPAGO-DEF.jpg 1587w\" sizes=\"auto, (max-width: 143px) 100vw, 143px\" \/><\/a>La conferenza si \u00e8 voluta portarla in Alpago per contribuire al benessere relazionale delle comunit\u00e0 montane che sempre di pi\u00f9 soffrono l\u2019isolamento e l\u2019emarginazione sociale, specialmente in seguito alla pandemia, dalla quale \u00e8 risultato sempre pi\u00f9 difficile entrare in relazione sia con se stessi che con gli altri. Per questo motivo Erik Lotto e Luisa Menegaz, hanno scelto di dedicare alla comunit\u00e0 della conca dell\u2019Alpago anche un percorso di gruppo strutturato in 4 incontri in cui si dar\u00e0 l\u2019opportunit\u00e0 di approfondire la conoscenza di s\u00e9 e la risoluzione delle tensioni emotive di base presenti nelle principali aree della vita; ci\u00f2 significa dare l\u2019opportunit\u00e0 di rivedere il rapporto con i propri genitori, i pari e le persone significative, il rapporto con l\u2019intimit\u00e0, la sessualit\u00e0 e l\u2019autorealizzazione sia in ambito professionale che di gestione del s\u00e9. Tale esperienza di gruppo si terr\u00e0 marted\u00ec 09 maggio, luned\u00ec 15 maggio, marted\u00ec 06 e 13 giugno dalle 20:30 alle 22:00 nella sala funzionale di Chies d\u2019Alpago.<\/p>\n<p>&nbsp;<\/p>\n<p>&nbsp;<\/p>\n<p>*******<\/p>\n","protected":false},"excerpt":{"rendered":"<p>ALPAGO Si terr\u00e0 marted\u00ec 2 maggio alle 21 il workshop esperienziale di comunicazione emotiva \u201cLife in Tour\u201d. Presso la sala polivalente di Lamosano di Chies d\u2019Alpago gli analogisti Erik Lotto e Luisa Menegaz terranno una introduzione al Tour e spiegheranno le principali aree di interessate da questo percorso che tocca la dimensione emotiva interiore e&hellip;<\/p>\n","protected":false},"author":4,"featured_media":333590,"comment_status":"closed","ping_status":"closed","sticky":false,"template":"","format":"standard","meta":{"_monsterinsights_skip_tracking":false,"_monsterinsights_sitenote_active":false,"_monsterinsights_sitenote_note":"","_monsterinsights_sitenote_category":0,"footnotes":""},"categories":[49],"tags":[],"class_list":["post-333589","post","type-post","status-publish","format-standard","has-post-thumbnail","hentry","category-news-18","category-49","description-off"],"img_url":"https:\/\/www.radiopiu.net\/wordpress\/wp-content\/uploads\/2023\/04\/Lotto-Menegaz-wide.jpg","_links":{"self":[{"href":"https:\/\/www.radiopiu.net\/wordpress\/wp-json\/wp\/v2\/posts\/333589","targetHints":{"allow":["GET"]}}],"collection":[{"href":"https:\/\/www.radiopiu.net\/wordpress\/wp-json\/wp\/v2\/posts"}],"about":[{"href":"https:\/\/www.radiopiu.net\/wordpress\/wp-json\/wp\/v2\/types\/post"}],"author":[{"embeddable":true,"href":"https:\/\/www.radiopiu.net\/wordpress\/wp-json\/wp\/v2\/users\/4"}],"replies":[{"embeddable":true,"href":"https:\/\/www.radiopiu.net\/wordpress\/wp-json\/wp\/v2\/comments?post=333589"}],"version-history":[{"count":0,"href":"https:\/\/www.radiopiu.net\/wordpress\/wp-json\/wp\/v2\/posts\/333589\/revisions"}],"wp:featuredmedia":[{"embeddable":true,"href":"https:\/\/www.radiopiu.net\/wordpress\/wp-json\/wp\/v2\/media\/333590"}],"wp:attachment":[{"href":"https:\/\/www.radiopiu.net\/wordpress\/wp-json\/wp\/v2\/media?parent=333589"}],"wp:term":[{"taxonomy":"category","embeddable":true,"href":"https:\/\/www.radiopiu.net\/wordpress\/wp-json\/wp\/v2\/categories?post=333589"},{"taxonomy":"post_tag","embeddable":true,"href":"https:\/\/www.radiopiu.net\/wordpress\/wp-json\/wp\/v2\/tags?post=333589"}],"curies":[{"name":"wp","href":"https:\/\/api.w.org\/{rel}","templated":true}]}}