{"id":333611,"date":"2023-04-29T21:58:16","date_gmt":"2023-04-29T19:58:16","guid":{"rendered":"https:\/\/www.radiopiu.net\/wordpress\/?p=333611"},"modified":"2023-04-30T08:43:37","modified_gmt":"2023-04-30T06:43:37","slug":"giuseppe-tancon-una-vita-con-e-per-i-vigili-del-fuoco","status":"publish","type":"post","link":"https:\/\/www.radiopiu.net\/wordpress\/giuseppe-tancon-una-vita-con-e-per-i-vigili-del-fuoco\/","title":{"rendered":"GIUSEPPE TANCON, UNA VITA CON E PER I VIGILI DEL FUOCO"},"content":{"rendered":"<blockquote>\n<h3><em>Ultimo giorno di lavoro per il vigile del fuoco di Toccol\u00a0<\/em><\/h3>\n<\/blockquote>\n<p><strong><a class=\"dt-pswp-item\" href=\"https:\/\/www.radiopiu.net\/wordpress\/wp-content\/uploads\/2023\/04\/IMG-20230429-WA0013.jpg\" data-dt-img-description=\"\" data-large_image_width=\"1600\" data-large_image_height=\"1204\"><img loading=\"lazy\" decoding=\"async\" class=\"size-medium wp-image-333612 alignleft\" src=\"https:\/\/www.radiopiu.net\/wordpress\/wp-content\/uploads\/2023\/04\/IMG-20230429-WA0013-300x226.jpg\" alt=\"\" width=\"300\" height=\"226\" srcset=\"https:\/\/www.radiopiu.net\/wordpress\/wp-content\/uploads\/2023\/04\/IMG-20230429-WA0013-300x226.jpg 300w, https:\/\/www.radiopiu.net\/wordpress\/wp-content\/uploads\/2023\/04\/IMG-20230429-WA0013-1024x771.jpg 1024w, https:\/\/www.radiopiu.net\/wordpress\/wp-content\/uploads\/2023\/04\/IMG-20230429-WA0013-768x578.jpg 768w, https:\/\/www.radiopiu.net\/wordpress\/wp-content\/uploads\/2023\/04\/IMG-20230429-WA0013-1536x1156.jpg 1536w, https:\/\/www.radiopiu.net\/wordpress\/wp-content\/uploads\/2023\/04\/IMG-20230429-WA0013.jpg 1600w\" sizes=\"auto, (max-width: 300px) 100vw, 300px\" \/><\/a>AGORDO<\/strong> Giuseppe Tancon \u00e8 in pensione, nato e cresciuto in frazione Toccol,\u00a0 vigile del fuoco di Agordo,\u00a0 ha trascorso oltre trent&#8217;anni al servizio della comunit\u00e0. Ha lavorato presso il Comando dei Vigili del Fuoco di Belluno, dove ha ottenuto numerosi riconoscimenti per il suo impegno nella gestione di emergenze naturali e altre situazioni di crisi. Il suo contributo nella settimana dei non vedenti tra le Dolomiti Agordine gli \u00e8 valso il plauso dall&#8217;Associazione disabili visivi di Roma nel 2007 e nel 2009. Nel corso della sua carriera, ha partecipato alle attivit\u00e0 di soccorso in diverse zone colpite da calamit\u00e0 naturali, tra cui le zone terremotate del Molise nel 2002, le attivit\u00e0 connesse all&#8217;emergenza maltempo nel 2010 e le grandi nevicate nel centro Italia nel 2012. Tancon \u00e8 stato promosso capo squadra nel 2014, dopo aver trascorso oltre vent&#8217;anni come vigile del fuoco. Ha ricevuto numerosi riconoscimenti durante la sua carriera, tra cui il diploma di benemerenza nel 1997 per il suo intervento durante il terremoto in Umbria e Marche. Nel 2006, il Dipartimento Protezione Civile gli ha conferito la benemerenza per aver partecipato alle operazioni di soccorso nelle zone alluvionate del Friuli Venezia Giulia e nel 2009 per aver partecipato alle operazioni di soccorso per il sisma in Abruzzo. Nel 2008,\u00a0 Giuseppe Tancon ha ricevuto la benemerenza &#8220;Croce di anzianit\u00e0&#8221; con lode per i suoi oltre 15 anni di servizio. La sua dedizione e il suo impegno nel corso della sua carriera sono stati molto apprezzati dalla comunit\u00e0. A Giuseppe da parte dei colleghi e da tutti quelli che lo conoscono, un futuro ricco di serenit\u00e0&#8230;e buona vita\u00a0 tra i tuoi affetti e passioni.<\/p>\n<p>mm<\/p>\n<p><a class=\"dt-pswp-item\" href=\"https:\/\/www.radiopiu.net\/wordpress\/wp-content\/uploads\/2023\/04\/IMG-20230430-WA0010.jpg\" data-dt-img-description=\"\" data-large_image_width=\"2048\" data-large_image_height=\"1536\"><img loading=\"lazy\" decoding=\"async\" class=\"alignnone wp-image-333615 size-full\" src=\"https:\/\/www.radiopiu.net\/wordpress\/wp-content\/uploads\/2023\/04\/IMG-20230430-WA0010.jpg\" alt=\"\" width=\"2048\" height=\"1536\" srcset=\"https:\/\/www.radiopiu.net\/wordpress\/wp-content\/uploads\/2023\/04\/IMG-20230430-WA0010.jpg 2048w, https:\/\/www.radiopiu.net\/wordpress\/wp-content\/uploads\/2023\/04\/IMG-20230430-WA0010-300x225.jpg 300w, https:\/\/www.radiopiu.net\/wordpress\/wp-content\/uploads\/2023\/04\/IMG-20230430-WA0010-1024x768.jpg 1024w, https:\/\/www.radiopiu.net\/wordpress\/wp-content\/uploads\/2023\/04\/IMG-20230430-WA0010-768x576.jpg 768w, https:\/\/www.radiopiu.net\/wordpress\/wp-content\/uploads\/2023\/04\/IMG-20230430-WA0010-1536x1152.jpg 1536w\" sizes=\"auto, (max-width: 2048px) 100vw, 2048px\" \/><\/a>&#8212;-<\/p>\n<p>&nbsp;<\/p>\n","protected":false},"excerpt":{"rendered":"<p>Ultimo giorno di lavoro per il vigile del fuoco di Toccol\u00a0 AGORDO Giuseppe Tancon \u00e8 in pensione, nato e cresciuto in frazione Toccol,\u00a0 vigile del fuoco di Agordo,\u00a0 ha trascorso oltre trent&#8217;anni al servizio della comunit\u00e0. Ha lavorato presso il Comando dei Vigili del Fuoco di Belluno, dove ha ottenuto numerosi riconoscimenti per il suo&hellip;<\/p>\n","protected":false},"author":4,"featured_media":333612,"comment_status":"closed","ping_status":"closed","sticky":false,"template":"","format":"standard","meta":{"_monsterinsights_skip_tracking":false,"_monsterinsights_sitenote_active":false,"_monsterinsights_sitenote_note":"","_monsterinsights_sitenote_category":0,"footnotes":""},"categories":[51,49],"tags":[],"class_list":["post-333611","post","type-post","status-publish","format-standard","has-post-thumbnail","hentry","category-evidenza-top","category-news-18","category-51","category-49","description-off"],"img_url":"https:\/\/www.radiopiu.net\/wordpress\/wp-content\/uploads\/2023\/04\/IMG-20230429-WA0013.jpg","_links":{"self":[{"href":"https:\/\/www.radiopiu.net\/wordpress\/wp-json\/wp\/v2\/posts\/333611","targetHints":{"allow":["GET"]}}],"collection":[{"href":"https:\/\/www.radiopiu.net\/wordpress\/wp-json\/wp\/v2\/posts"}],"about":[{"href":"https:\/\/www.radiopiu.net\/wordpress\/wp-json\/wp\/v2\/types\/post"}],"author":[{"embeddable":true,"href":"https:\/\/www.radiopiu.net\/wordpress\/wp-json\/wp\/v2\/users\/4"}],"replies":[{"embeddable":true,"href":"https:\/\/www.radiopiu.net\/wordpress\/wp-json\/wp\/v2\/comments?post=333611"}],"version-history":[{"count":0,"href":"https:\/\/www.radiopiu.net\/wordpress\/wp-json\/wp\/v2\/posts\/333611\/revisions"}],"wp:featuredmedia":[{"embeddable":true,"href":"https:\/\/www.radiopiu.net\/wordpress\/wp-json\/wp\/v2\/media\/333612"}],"wp:attachment":[{"href":"https:\/\/www.radiopiu.net\/wordpress\/wp-json\/wp\/v2\/media?parent=333611"}],"wp:term":[{"taxonomy":"category","embeddable":true,"href":"https:\/\/www.radiopiu.net\/wordpress\/wp-json\/wp\/v2\/categories?post=333611"},{"taxonomy":"post_tag","embeddable":true,"href":"https:\/\/www.radiopiu.net\/wordpress\/wp-json\/wp\/v2\/tags?post=333611"}],"curies":[{"name":"wp","href":"https:\/\/api.w.org\/{rel}","templated":true}]}}