{"id":333618,"date":"2023-04-01T09:43:21","date_gmt":"2023-04-01T07:43:21","guid":{"rendered":"https:\/\/www.radiopiu.net\/wordpress\/?p=333618"},"modified":"2023-04-30T20:25:01","modified_gmt":"2023-04-30T18:25:01","slug":"333618-2","status":"publish","type":"post","link":"https:\/\/www.radiopiu.net\/wordpress\/333618-2\/","title":{"rendered":"CIAO CARO AMICO&#8230; SALUTACI LE STELLE"},"content":{"rendered":"<div>\n<blockquote><p><em><img loading=\"lazy\" decoding=\"async\" class=\"alignleft\" src=\"https:\/\/www.radiopiu.net\/wordpress\/wp-content\/uploads\/2023\/04\/344020575_163045366417725_8669014211725261012_n-300x300.jpg\" width=\"241\" height=\"241\" \/>Feltre piange la scomparsa di Giovanni Tosatto, l&#8217;uomo che organizzava le tourn\u00e9e della famosa band italiana Nomadi. Tosatto \u00e8 deceduto il 28 aprile all&#8217;et\u00e0 di 52\u00a0 anni, dopo essere stato ricoverato per oltre un mese a causa di un&#8217;infezione.<\/em><\/p><\/blockquote>\n<\/div>\n<div class=\"sezioneArticolo\"><strong>FELTRE<\/strong> Ci vado spesso sulla pagina dei Nomadi, per vedere le notizie, per seguire le loro tourne\u00e8, perch\u00e9 da oltre 20 anni c&#8217;\u00e8 un legame particolare con questi uomini di musica. Su quella pagina ci sono stato anche oggi, per leggere una notizia che mi ha trafitto il cuore\u00a0 \u00abCerte notizie non vorresti mai riceverle, compagno di mille viaggi e di palchi, rimarrai sempre con noi. Ciao Giovanni, salutaci le stelle\u00bb. Beppe Carletti, anima storica dei Nomadi, ha affidato ai social questo messaggio per salutare l&#8217;amico feltrino, Giovanni Tosatto mancato ieri all&#8217;ospedale di Padova A 60 anni, dove era ricoverato da oltre un mese per un&#8217;infezione. Il legame tra RADIOPIU e Giovanni inizia gi\u00e0 nel 2002 con il famoso concerto di Alleghe che port\u00f2 in riva la lago quasi 4000 persone, ripetuto qualche anno dopo al Palafalcade e poi Feltre in un&#8217;altra serata memorabile. Poche settimane fa ci eravamo sentiti, per i 40 anni della radio, per valutare la possibilit\u00e0 di organizzare un concerto di nuovo nell&#8217;Agordino.\u00a0 Ogni volta ho avuto l&#8217;occasione di apprezzare la professionalit\u00e0, la genuinit\u00e0 di Giovanni. che da oltre 30 anni curava gli aspetti organizzativi delle tourn\u00e9e dei Nomadi assieme alla moglie Cristina Ledda incontrata proprio durante i concerti dei Nomadi in Sardegna. Con Giovanni era fantastico parlare, perch\u00e9 sorrideva sempre, anche quando c&#8217;era magari qualche motivo di scontro. Giovedi i &#8220;vagabondi&#8221; saranno tutti a Tomo a dare l&#8217;ultimo saluto alle 14.30 al loro amico e manager e a dirgli di &#8220;salutare le stelle&#8221;. Un abbraccio della grande famiglia dei Nomadi alla famiglia di Giovanni anche da tutti noi di RADIOPIU.<\/div>\n<div><\/div>\n<div><\/div>\n<div><\/div>\n<div>\n<hr \/>\n<\/div>\n","protected":false},"excerpt":{"rendered":"<p>Feltre piange la scomparsa di Giovanni Tosatto, l&#8217;uomo che organizzava le tourn\u00e9e della famosa band italiana Nomadi. Tosatto \u00e8 deceduto il 28 aprile all&#8217;et\u00e0 di 52\u00a0 anni, dopo essere stato ricoverato per oltre un mese a causa di un&#8217;infezione. FELTRE Ci vado spesso sulla pagina dei Nomadi, per vedere le notizie, per seguire le loro&hellip;<\/p>\n","protected":false},"author":4,"featured_media":333620,"comment_status":"closed","ping_status":"closed","sticky":false,"template":"","format":"standard","meta":{"_monsterinsights_skip_tracking":false,"_monsterinsights_sitenote_active":false,"_monsterinsights_sitenote_note":"","_monsterinsights_sitenote_category":0,"footnotes":""},"categories":[49],"tags":[],"class_list":["post-333618","post","type-post","status-publish","format-standard","has-post-thumbnail","hentry","category-news-18","category-49","description-off"],"img_url":"https:\/\/www.radiopiu.net\/wordpress\/wp-content\/uploads\/2023\/04\/344020575_163045366417725_8669014211725261012_n.jpg","_links":{"self":[{"href":"https:\/\/www.radiopiu.net\/wordpress\/wp-json\/wp\/v2\/posts\/333618","targetHints":{"allow":["GET"]}}],"collection":[{"href":"https:\/\/www.radiopiu.net\/wordpress\/wp-json\/wp\/v2\/posts"}],"about":[{"href":"https:\/\/www.radiopiu.net\/wordpress\/wp-json\/wp\/v2\/types\/post"}],"author":[{"embeddable":true,"href":"https:\/\/www.radiopiu.net\/wordpress\/wp-json\/wp\/v2\/users\/4"}],"replies":[{"embeddable":true,"href":"https:\/\/www.radiopiu.net\/wordpress\/wp-json\/wp\/v2\/comments?post=333618"}],"version-history":[{"count":0,"href":"https:\/\/www.radiopiu.net\/wordpress\/wp-json\/wp\/v2\/posts\/333618\/revisions"}],"wp:featuredmedia":[{"embeddable":true,"href":"https:\/\/www.radiopiu.net\/wordpress\/wp-json\/wp\/v2\/media\/333620"}],"wp:attachment":[{"href":"https:\/\/www.radiopiu.net\/wordpress\/wp-json\/wp\/v2\/media?parent=333618"}],"wp:term":[{"taxonomy":"category","embeddable":true,"href":"https:\/\/www.radiopiu.net\/wordpress\/wp-json\/wp\/v2\/categories?post=333618"},{"taxonomy":"post_tag","embeddable":true,"href":"https:\/\/www.radiopiu.net\/wordpress\/wp-json\/wp\/v2\/tags?post=333618"}],"curies":[{"name":"wp","href":"https:\/\/api.w.org\/{rel}","templated":true}]}}