{"id":333696,"date":"2023-04-30T23:59:35","date_gmt":"2023-04-30T21:59:35","guid":{"rendered":"https:\/\/www.radiopiu.net\/wordpress\/?p=333696"},"modified":"2023-04-30T17:52:31","modified_gmt":"2023-04-30T15:52:31","slug":"il-gemelle-espugna-livano-dorigo-di-agordo-dopo-che-lagordina-fa-la-partita","status":"publish","type":"post","link":"https:\/\/www.radiopiu.net\/wordpress\/il-gemelle-espugna-livano-dorigo-di-agordo-dopo-che-lagordina-fa-la-partita\/","title":{"rendered":"IL GEMELLE ESPUGNA L&#8217;IVANO DORIGO DI AGORDO DOPO CHE L&#8217;AGORDINA FA LA PARTITA"},"content":{"rendered":"<p><strong><a class=\"dt-pswp-item\" href=\"https:\/\/www.radiopiu.net\/wordpress\/wp-content\/uploads\/2022\/03\/CALCIO-2022.jpg\" data-dt-img-description=\"\" data-large_image_width=\"1920\" data-large_image_height=\"1281\"><img loading=\"lazy\" decoding=\"async\" class=\" wp-image-265514 alignleft\" src=\"https:\/\/www.radiopiu.net\/wordpress\/wp-content\/uploads\/2022\/03\/CALCIO-2022-300x200.jpg\" alt=\"\" width=\"174\" height=\"116\" srcset=\"https:\/\/www.radiopiu.net\/wordpress\/wp-content\/uploads\/2022\/03\/CALCIO-2022-300x200.jpg 300w, https:\/\/www.radiopiu.net\/wordpress\/wp-content\/uploads\/2022\/03\/CALCIO-2022-1024x683.jpg 1024w, https:\/\/www.radiopiu.net\/wordpress\/wp-content\/uploads\/2022\/03\/CALCIO-2022-768x512.jpg 768w, https:\/\/www.radiopiu.net\/wordpress\/wp-content\/uploads\/2022\/03\/CALCIO-2022-1536x1025.jpg 1536w, https:\/\/www.radiopiu.net\/wordpress\/wp-content\/uploads\/2022\/03\/CALCIO-2022.jpg 1920w\" sizes=\"auto, (max-width: 174px) 100vw, 174px\" \/><\/a>Di Marco Gaz<\/strong><\/p>\n<p><strong>SECONDA CATEGORIA GIR. T \/PLAYOUT \/ AGORDINA \u2013 GEMELLE 0-2<\/strong><\/p>\n<p>Che beffa per l\u2019Agordina. Il Gemelle vince due a zero all\u2019Ivano Dorigo di Agordo dopo che la squadra di Agordo ha gestito il match per 85\u2019. Due errori sono stati fatali per gli uomini di Chenet ed ora la strada per rimanere in seconda categoria si fa in salita. Domenica prossima si giocher\u00e0 il ritorno dei playout a Borgo Valbelluna e gli agordini per rimanere nel torneo regionale dovranno fare un\u2019impresa e battere il Gemelle con almeno tre gol di scarto. Le squadre lottano fin dai primi minuti. Chissal\u00e8 salva il risultato alla prima conclusione della squadra ospite. Agordina che risponde subito con Wiesner ma il suo tiro termina fuori di poco. Le due compagini giocano a viso aperto con tanti capovolgimenti di fronte. Sono tanti gli errori in fase offensiva e i tiri in porta stentano ad arrivare. \u00a0Match che non si sblocca e la prima frazione di gioco termina a reti inviolate. L\u2019Agordina prova a cambiare ritmo e si fa pericolosa dalle parti del portiere del Gemelle. A provarci \u00e8 Costa ma la sua conclusione termina di poco alta sulla traversa. Danilo Chenet prova a cambiare qualcosa in campo con la speranza di sbloccare la partita. Cancel va vicino al gol del vantaggio in due occasioni ma il pallone \u00e8 facile preda del portiere del Gemelle. Nel momento migliore degli agordini, i zumellesi trovano il vantaggio in contropiede. Palla che viene rubata e l\u2019attaccante del Gemelle che buca Chissal\u00e8. Nel finale di gara gli uomini di Chenet si buttano in avanti alla ricerca del pareggio che per\u00f2 non arriva. Arriva per\u00f2 la seconda marcatura degli ospiti che vanno a segno per la seconda volta allo scadere.<\/p>\n<p>&nbsp;<\/p>\n<p><strong>GIOVANISSIMI PROVINCIALI \/ SEMIFINALI DI CAMPIONATO IN PROGRAMMA DALLA PROSSIMA SETTIMANA<\/strong><\/p>\n<p><strong>\u00a0<\/strong><\/p>\n<p><strong>ALLIEVI REGIONALI \/ AGORDINA \u2013 campionato terminato<\/strong><\/p>\n<p>&nbsp;<\/p>\n<p><strong>JUNIORES PROVINCIALI \/ COPPA VALBELLUNA MEMORIAL CALLIGARO \/ DYNAMO \u2013 AGORDINA 3-1<\/strong><\/p>\n<p>Dopo un inizio promettente nella Coppa Valbelluna Memorial Calligaro, L\u2019Agordina di De Zaiacomo cade in terra feltrina contro la Dynamo che vince 3 a 1. Per gli agordini prima sconfitta del torneo, dopo una serie di vittorie convincenti nelle prime partite. In generale, la partita \u00e8 stata molto intensa e combattuta, con entrambe le squadre che hanno dato il massimo per ottenere il risultato. Tuttavia, alla fine, \u00e8 stata la Dynamo ad avere la meglio. Entrambe le compagini si trovano in testa alla classifica del Memorial con 6 punti.<\/p>\n<p>&nbsp;<\/p>\n<p><strong>JUNIORES REGIONALI \/ FIORI BARP \u2013 <\/strong><strong>campionato terminato<\/strong><\/p>\n<p>&nbsp;<\/p>\n<p>&nbsp;<\/p>\n<p>&nbsp;<\/p>\n<p>*******<\/p>\n","protected":false},"excerpt":{"rendered":"<p>Di Marco Gaz SECONDA CATEGORIA GIR. T \/PLAYOUT \/ AGORDINA \u2013 GEMELLE 0-2 Che beffa per l\u2019Agordina. Il Gemelle vince due a zero all\u2019Ivano Dorigo di Agordo dopo che la squadra di Agordo ha gestito il match per 85\u2019. Due errori sono stati fatali per gli uomini di Chenet ed ora la strada per rimanere&hellip;<\/p>\n","protected":false},"author":4,"featured_media":265514,"comment_status":"closed","ping_status":"closed","sticky":false,"template":"","format":"standard","meta":{"_monsterinsights_skip_tracking":false,"_monsterinsights_sitenote_active":false,"_monsterinsights_sitenote_note":"","_monsterinsights_sitenote_category":0,"footnotes":""},"categories":[49],"tags":[],"class_list":["post-333696","post","type-post","status-publish","format-standard","has-post-thumbnail","hentry","category-news-18","category-49","description-off"],"img_url":"https:\/\/www.radiopiu.net\/wordpress\/wp-content\/uploads\/2022\/03\/CALCIO-2022.jpg","_links":{"self":[{"href":"https:\/\/www.radiopiu.net\/wordpress\/wp-json\/wp\/v2\/posts\/333696","targetHints":{"allow":["GET"]}}],"collection":[{"href":"https:\/\/www.radiopiu.net\/wordpress\/wp-json\/wp\/v2\/posts"}],"about":[{"href":"https:\/\/www.radiopiu.net\/wordpress\/wp-json\/wp\/v2\/types\/post"}],"author":[{"embeddable":true,"href":"https:\/\/www.radiopiu.net\/wordpress\/wp-json\/wp\/v2\/users\/4"}],"replies":[{"embeddable":true,"href":"https:\/\/www.radiopiu.net\/wordpress\/wp-json\/wp\/v2\/comments?post=333696"}],"version-history":[{"count":0,"href":"https:\/\/www.radiopiu.net\/wordpress\/wp-json\/wp\/v2\/posts\/333696\/revisions"}],"wp:featuredmedia":[{"embeddable":true,"href":"https:\/\/www.radiopiu.net\/wordpress\/wp-json\/wp\/v2\/media\/265514"}],"wp:attachment":[{"href":"https:\/\/www.radiopiu.net\/wordpress\/wp-json\/wp\/v2\/media?parent=333696"}],"wp:term":[{"taxonomy":"category","embeddable":true,"href":"https:\/\/www.radiopiu.net\/wordpress\/wp-json\/wp\/v2\/categories?post=333696"},{"taxonomy":"post_tag","embeddable":true,"href":"https:\/\/www.radiopiu.net\/wordpress\/wp-json\/wp\/v2\/tags?post=333696"}],"curies":[{"name":"wp","href":"https:\/\/api.w.org\/{rel}","templated":true}]}}