{"id":333703,"date":"2023-05-01T13:30:56","date_gmt":"2023-05-01T11:30:56","guid":{"rendered":"https:\/\/www.radiopiu.net\/wordpress\/?p=333703"},"modified":"2023-05-01T09:59:59","modified_gmt":"2023-05-01T07:59:59","slug":"i-racconti-di-paolo-soppelsa-puntata-174","status":"publish","type":"post","link":"https:\/\/www.radiopiu.net\/wordpress\/i-racconti-di-paolo-soppelsa-puntata-174\/","title":{"rendered":"I RACCONTI DI PAOLO SOPPELSA &#8211; PUNTATA 174"},"content":{"rendered":"<p><strong>IN GITA A VENEZIA<\/strong><\/p>\n<p><strong>AUDIO<\/strong><\/p>\n<audio class=\"wp-audio-shortcode\" id=\"audio-333703-1\" preload=\"none\" style=\"width: 100%;\" controls=\"controls\"><source type=\"audio\/mpeg\" src=\"https:\/\/www.radiopiu.net\/wordpress\/wp-content\/uploads\/2023\/04\/PAOLO-SOPPELSA-IN-GITA-A-VENEZIA.mp3?_=1\" \/><a href=\"https:\/\/www.radiopiu.net\/wordpress\/wp-content\/uploads\/2023\/04\/PAOLO-SOPPELSA-IN-GITA-A-VENEZIA.mp3\">https:\/\/www.radiopiu.net\/wordpress\/wp-content\/uploads\/2023\/04\/PAOLO-SOPPELSA-IN-GITA-A-VENEZIA.mp3<\/a><\/audio>\n<p>&nbsp;<\/p>\n<p><a class=\"dt-pswp-item\" href=\"https:\/\/www.radiopiu.net\/wordpress\/wp-content\/uploads\/2023\/04\/20254b43-e836-465c-8bb4-83bc123f7250.jpg\" data-dt-img-description=\"\" data-large_image_width=\"675\" data-large_image_height=\"960\"><img loading=\"lazy\" decoding=\"async\" class=\" wp-image-333707 alignleft\" src=\"https:\/\/www.radiopiu.net\/wordpress\/wp-content\/uploads\/2023\/04\/20254b43-e836-465c-8bb4-83bc123f7250-211x300.jpg\" alt=\"\" width=\"153\" height=\"218\" srcset=\"https:\/\/www.radiopiu.net\/wordpress\/wp-content\/uploads\/2023\/04\/20254b43-e836-465c-8bb4-83bc123f7250-211x300.jpg 211w, https:\/\/www.radiopiu.net\/wordpress\/wp-content\/uploads\/2023\/04\/20254b43-e836-465c-8bb4-83bc123f7250.jpg 675w\" sizes=\"auto, (max-width: 153px) 100vw, 153px\" \/><\/a>&#8220;&#8230;sabo don in gita a Venezia\u2026&#8221;, mi dissero i miei un giorno di fine maggio del lontano 1986, ed era stato un annuncio piuttosto emozionante per me che fino a quel momento la Regina del Mare l&#8217;avevo vista solamente in televisione. Arriv\u00f2 in fretta quel fatidico ultimo sabato del mese delle rose e, fatto assolutamente inconsueto, uscii da scuola addirittura un&#8217;ora prima del suono della campanella. La corriera che ci attendeva all&#8217;ombra del campanile dello Juvarra si riemp\u00ec in fretta e all&#8217;una precisa partimmo in direzione sud. C&#8217;era un bel clima all&#8217;interno del pullman che conteneva i dipendenti dell&#8217;Ente Provincia con famigliari al seguito e il tempo del viaggio lungo la pianura veneta pass\u00f2 in fretta; poco meno di due ore ed ecco il mare da attraversare percorrendo il grandioso Ponte della Libert\u00e0; mai mi era capitato di viaggiare a pochi metri dall&#8217;acqua salata che muoveva dolcemente accarezzando le briccole consunte. All&#8217;orizzonte si mostrava la citt\u00e0 del leone alato e maestose si levavano verso il cielo le ciminiere di Porto Marghera, e chiss\u00e0 perch\u00e9 alla loro sommit\u00e0 ardeva un misterioso pennacchio di fuoco. In Piazzale Roma il &#8220;liberi tutti&#8221; per qualche ora, e allora via in modalit\u00e0 camminata veloce con l&#8217;obiettivo di raggiungere la mitica Piazza San Marco. Ed era un solcare ponti pi\u00f9 o meno lunghi che attraversavano canali piu o meno importanti, erano foto centellinate scattate con perizia dopo lunghi attimi spesi regolando messe a fuoco e tempi di esposizione. E, nel frattempo, l&#8217;orecchio ascoltava lo sciabordio delle onde che si infrangevano sui muri dei palazzi e l&#8217;occhio cercava quei cartelli gialli con la scritta nera che indicavano il percorso da seguire per raggiungere il cuore della citt\u00e0 circondata dal mare. Un vagare affascinante e un po&#8217; casuale fra calli e campielli che formavano una sorta di magico labirinto e poi l&#8217;emozionante approdo in Piazza San Marco; ora finalmente potevo ammirare i classici scorci che avevo imparato a conoscere sugli album di figurine, ovviamente mai completati, riguardanti la geografia d&#8217;Italia. La Basilica, Palazzo Ducale, i Mori che suonavano la campana con due giganteschi martelli; e poi l&#8217;altissimo campanile, i piccioni che li potevo quasi toccare, i camerieri con il papillon che entravano e uscivano dai locali e le bottigliette da mezzo litro d&#8217;acqua naturale a cinquemila lire. La folla, gli sguardi carichi di meraviglia, lingue di tutto il mondo e le foto d&#8217;obbligo con il Ponte dei Sospiri a fare da severo sfondo. La fortuna quel giorno era dalla nostra parte e, oltre ad aiutarmi a non cadere in nessun canale, fece pure in modo che potessimo visitare una nave della Marina Militare Italiana ormeggiata nei pressi della piazza. E cos\u00ec potei ammirare gli enormi motori, gli slanciati missili, scrutare la laguna attraverso le feritoie, inciampare nelle soglie delle porte tagliafuoco e sbirciare nelle canne dei cannoni; peccato solo dover scendere, ma il tempo stringeva e occorreva fare ritorno in Piazzale Roma per riprendere la corriera che ci avrebbe portato nell&#8217;entroterra di Caorle. La destinazione era un ristorante dove avremmo consumato una classica cena a base di pesce. Correva veloce il pullman lungo il Ponte della Libert\u00e0, ed ora i seriosi dipendenti dell&#8217;Ente Provincia ridevano e scherzavano producendo un allegro chiasso. Arrivammo al ristorante poco prima dell&#8217;approssimarsi del tramonto e di l\u00ec a poco ebbe inizio la sontuosa cena in modalit\u00e0 anni &#8217;80 style. Profumo di frittura di pesce, tintinnio di posate e bicchieri come ai matrimoni, conchiglie da aprire e sgroppini da assaggiare, il tutto condito da risate e aneddoti da ufficio da ascoltare. Poi, mano a mano che la cena avanzava, suoni e profumi arrivavano sempre pi\u00f9 sfumati; era il preludio del crollo fisico arrivato poco dopo la mezzanotte. Un breve risveglio mentre mi accasciavo nella 127 color del cielo e poi un altro lungo sonno; al risveglio era gi\u00e0 trascorsa mezza domenica e Venezia era gi\u00e0 un ricordo da narrare nel tema del luned\u00ec.<\/p>\n<p>&nbsp;<\/p>\n<p>&nbsp;<\/p>\n<p>*******<\/p>\n","protected":false},"excerpt":{"rendered":"<p>IN GITA A VENEZIA AUDIO &nbsp; &#8220;&#8230;sabo don in gita a Venezia\u2026&#8221;, mi dissero i miei un giorno di fine maggio del lontano 1986, ed era stato un annuncio piuttosto emozionante per me che fino a quel momento la Regina del Mare l&#8217;avevo vista solamente in televisione. Arriv\u00f2 in fretta quel fatidico ultimo sabato del&hellip;<\/p>\n","protected":false},"author":4,"featured_media":333708,"comment_status":"closed","ping_status":"closed","sticky":false,"template":"","format":"standard","meta":{"_monsterinsights_skip_tracking":false,"_monsterinsights_sitenote_active":false,"_monsterinsights_sitenote_note":"","_monsterinsights_sitenote_category":0,"footnotes":""},"categories":[49,112],"tags":[],"class_list":["post-333703","post","type-post","status-publish","format-standard","has-post-thumbnail","hentry","category-news-18","category-racconti-soppelsa","category-49","category-112","description-off"],"img_url":"https:\/\/www.radiopiu.net\/wordpress\/wp-content\/uploads\/2023\/04\/SCR-20230430-pxst.jpeg","_links":{"self":[{"href":"https:\/\/www.radiopiu.net\/wordpress\/wp-json\/wp\/v2\/posts\/333703","targetHints":{"allow":["GET"]}}],"collection":[{"href":"https:\/\/www.radiopiu.net\/wordpress\/wp-json\/wp\/v2\/posts"}],"about":[{"href":"https:\/\/www.radiopiu.net\/wordpress\/wp-json\/wp\/v2\/types\/post"}],"author":[{"embeddable":true,"href":"https:\/\/www.radiopiu.net\/wordpress\/wp-json\/wp\/v2\/users\/4"}],"replies":[{"embeddable":true,"href":"https:\/\/www.radiopiu.net\/wordpress\/wp-json\/wp\/v2\/comments?post=333703"}],"version-history":[{"count":0,"href":"https:\/\/www.radiopiu.net\/wordpress\/wp-json\/wp\/v2\/posts\/333703\/revisions"}],"wp:featuredmedia":[{"embeddable":true,"href":"https:\/\/www.radiopiu.net\/wordpress\/wp-json\/wp\/v2\/media\/333708"}],"wp:attachment":[{"href":"https:\/\/www.radiopiu.net\/wordpress\/wp-json\/wp\/v2\/media?parent=333703"}],"wp:term":[{"taxonomy":"category","embeddable":true,"href":"https:\/\/www.radiopiu.net\/wordpress\/wp-json\/wp\/v2\/categories?post=333703"},{"taxonomy":"post_tag","embeddable":true,"href":"https:\/\/www.radiopiu.net\/wordpress\/wp-json\/wp\/v2\/tags?post=333703"}],"curies":[{"name":"wp","href":"https:\/\/api.w.org\/{rel}","templated":true}]}}