{"id":333718,"date":"2023-05-01T09:22:56","date_gmt":"2023-05-01T07:22:56","guid":{"rendered":"https:\/\/www.radiopiu.net\/wordpress\/?p=333718"},"modified":"2023-05-02T05:49:35","modified_gmt":"2023-05-02T03:49:35","slug":"amalia-sta-bene-ritrovata-stamane-la-donna-scomparsa-ieri","status":"publish","type":"post","link":"https:\/\/www.radiopiu.net\/wordpress\/amalia-sta-bene-ritrovata-stamane-la-donna-scomparsa-ieri\/","title":{"rendered":"AMALIA STA BENE: RITROVATA"},"content":{"rendered":"<p><strong><a class=\"dt-pswp-item\" href=\"https:\/\/www.radiopiu.net\/wordpress\/wp-content\/uploads\/2023\/04\/FB_IMG_1682860896008-768x948-1.jpg\" data-dt-img-description=\"\" data-large_image_width=\"768\" data-large_image_height=\"948\"><img loading=\"lazy\" decoding=\"async\" class=\" wp-image-333691 alignleft\" src=\"https:\/\/www.radiopiu.net\/wordpress\/wp-content\/uploads\/2023\/04\/FB_IMG_1682860896008-768x948-1-243x300.jpg\" alt=\"\" width=\"92\" height=\"114\" srcset=\"https:\/\/www.radiopiu.net\/wordpress\/wp-content\/uploads\/2023\/04\/FB_IMG_1682860896008-768x948-1-243x300.jpg 243w, https:\/\/www.radiopiu.net\/wordpress\/wp-content\/uploads\/2023\/04\/FB_IMG_1682860896008-768x948-1.jpg 768w\" sizes=\"auto, (max-width: 92px) 100vw, 92px\" \/><\/a>LIMANA<\/strong> E&#8217; stata ritrovata sana e salva Amalia Zampieri, la donna di cui non si avevano notizie da ieri. La donna era partita per una passeggiata ieri mattina ma non aveva pi\u00f9 fatto rientro a casa. Le ricerche erano partite nel pomeriggio e sono proseguite per tutta la notte senza risultati. Stamane alle 7 la buona notizia \u00e8 arrivata dalla pagina Facebook del Comune di Limana: &#8220;Amalia \u00e8 stata ritrovata stamattina. Ha autonomamente raggiunto un&#8217;abitazione. Sta bene ed \u00e8 stata recuperata da forze dell&#8217;ordine e vigili del fuoco. Sta ora riabbracciando i suoi familiari. Grazie a tutti coloro che hanno collaborato&#8221; si legge sul post.<\/p>\n<p>&nbsp;<\/p>\n<p>&nbsp;<\/p>\n<p>********<\/p>\n","protected":false},"excerpt":{"rendered":"<p>LIMANA E&#8217; stata ritrovata sana e salva Amalia Zampieri, la donna di cui non si avevano notizie da ieri. La donna era partita per una passeggiata ieri mattina ma non aveva pi\u00f9 fatto rientro a casa. Le ricerche erano partite nel pomeriggio e sono proseguite per tutta la notte senza risultati. Stamane alle 7 la&hellip;<\/p>\n","protected":false},"author":4,"featured_media":333691,"comment_status":"closed","ping_status":"closed","sticky":false,"template":"","format":"standard","meta":{"_monsterinsights_skip_tracking":false,"_monsterinsights_sitenote_active":false,"_monsterinsights_sitenote_note":"","_monsterinsights_sitenote_category":0,"footnotes":""},"categories":[51,49],"tags":[],"class_list":["post-333718","post","type-post","status-publish","format-standard","has-post-thumbnail","hentry","category-evidenza-top","category-news-18","category-51","category-49","description-off"],"img_url":"https:\/\/www.radiopiu.net\/wordpress\/wp-content\/uploads\/2023\/04\/FB_IMG_1682860896008-768x948-1.jpg","_links":{"self":[{"href":"https:\/\/www.radiopiu.net\/wordpress\/wp-json\/wp\/v2\/posts\/333718","targetHints":{"allow":["GET"]}}],"collection":[{"href":"https:\/\/www.radiopiu.net\/wordpress\/wp-json\/wp\/v2\/posts"}],"about":[{"href":"https:\/\/www.radiopiu.net\/wordpress\/wp-json\/wp\/v2\/types\/post"}],"author":[{"embeddable":true,"href":"https:\/\/www.radiopiu.net\/wordpress\/wp-json\/wp\/v2\/users\/4"}],"replies":[{"embeddable":true,"href":"https:\/\/www.radiopiu.net\/wordpress\/wp-json\/wp\/v2\/comments?post=333718"}],"version-history":[{"count":0,"href":"https:\/\/www.radiopiu.net\/wordpress\/wp-json\/wp\/v2\/posts\/333718\/revisions"}],"wp:featuredmedia":[{"embeddable":true,"href":"https:\/\/www.radiopiu.net\/wordpress\/wp-json\/wp\/v2\/media\/333691"}],"wp:attachment":[{"href":"https:\/\/www.radiopiu.net\/wordpress\/wp-json\/wp\/v2\/media?parent=333718"}],"wp:term":[{"taxonomy":"category","embeddable":true,"href":"https:\/\/www.radiopiu.net\/wordpress\/wp-json\/wp\/v2\/categories?post=333718"},{"taxonomy":"post_tag","embeddable":true,"href":"https:\/\/www.radiopiu.net\/wordpress\/wp-json\/wp\/v2\/tags?post=333718"}],"curies":[{"name":"wp","href":"https:\/\/api.w.org\/{rel}","templated":true}]}}