{"id":333792,"date":"2023-05-01T17:42:30","date_gmt":"2023-05-01T15:42:30","guid":{"rendered":"https:\/\/www.radiopiu.net\/wordpress\/?p=333792"},"modified":"2023-05-02T12:50:10","modified_gmt":"2023-05-02T10:50:10","slug":"arrivati-a-falcade-i-due-migranti-che-la-prefettura-ha-affidato-al-comune","status":"publish","type":"post","link":"https:\/\/www.radiopiu.net\/wordpress\/arrivati-a-falcade-i-due-migranti-che-la-prefettura-ha-affidato-al-comune\/","title":{"rendered":"ARRIVATI A FALCADE I DUE MIGRANTI CHE LA PREFETTURA HA AFFIDATO AL COMUNE"},"content":{"rendered":"<p><strong><a class=\"dt-pswp-item\" href=\"https:\/\/www.radiopiu.net\/wordpress\/wp-content\/uploads\/2023\/05\/SCR-20230501-pmrc.jpeg\" data-dt-img-description=\"\" data-large_image_width=\"1278\" data-large_image_height=\"796\"><img loading=\"lazy\" decoding=\"async\" class=\" wp-image-333794 alignleft\" src=\"https:\/\/www.radiopiu.net\/wordpress\/wp-content\/uploads\/2023\/05\/SCR-20230501-pmrc-300x187.jpeg\" alt=\"\" width=\"223\" height=\"139\" srcset=\"https:\/\/www.radiopiu.net\/wordpress\/wp-content\/uploads\/2023\/05\/SCR-20230501-pmrc-300x187.jpeg 300w, https:\/\/www.radiopiu.net\/wordpress\/wp-content\/uploads\/2023\/05\/SCR-20230501-pmrc-1024x638.jpeg 1024w, https:\/\/www.radiopiu.net\/wordpress\/wp-content\/uploads\/2023\/05\/SCR-20230501-pmrc-768x478.jpeg 768w, https:\/\/www.radiopiu.net\/wordpress\/wp-content\/uploads\/2023\/05\/SCR-20230501-pmrc.jpeg 1278w\" sizes=\"auto, (max-width: 223px) 100vw, 223px\" \/><\/a>FALCADE<\/strong> La Croce Rossa Italiana ha portato a Falcade i due migranti che la Prefettura ha affidato al comune. Sono Hamadou, 27 anni, e Kanane, 20 anni. originari del Burkina Faso. I due ragazzi non parlano italiano ne inglese, ma solo un po di francese. Sono stati ospitati negli appartamenti dell&#8217;ex sede della Croce Verde. Ad accoglierli il sindaco di Falcade Mauro Salvaterra, il parroco, il vicesindaco, i Carabinieri e i rappresentanti della minoranza consigliare oltre ai volontari. &#8220;Grazie alla collaborazione di tante persone &#8211; dice il sindaco sulla sua pagina Facebook &#8211; abbiamo provveduto a fornire loro cibo, scarpe, vestiario, lenzuola e quanto loro possa servire. Nei prossimi giorni, sempre in contatto con la Prefettura, sar\u00e0 mio compito espletare i vari protocolli medico sanitari e le pratiche necessarie presso la Questura&#8221;.<\/p>\n<p>&nbsp;<\/p>\n<p>&nbsp;<\/p>\n<hr \/>\n<p>&nbsp;<\/p>\n<p>&nbsp;<\/p>\n<p><strong>LE CONSIDERAZIONI DI AXEL DE PELLEGRINI, CONSIGLIERE COMUNALE DELLA MINORANZA A FALCADE<\/strong><\/p>\n<p>lettera<\/p>\n<p><a class=\"dt-pswp-item\" href=\"https:\/\/www.radiopiu.net\/wordpress\/wp-content\/uploads\/2023\/05\/7c75735c-5562-43bd-903d-a5deeeb4cab9.jpg\" data-dt-img-description=\"\" data-large_image_width=\"1600\" data-large_image_height=\"1200\"><img loading=\"lazy\" decoding=\"async\" class=\"wp-image-333793 alignright\" src=\"https:\/\/www.radiopiu.net\/wordpress\/wp-content\/uploads\/2023\/05\/7c75735c-5562-43bd-903d-a5deeeb4cab9-300x225.jpg\" alt=\"\" width=\"149\" height=\"112\" srcset=\"https:\/\/www.radiopiu.net\/wordpress\/wp-content\/uploads\/2023\/05\/7c75735c-5562-43bd-903d-a5deeeb4cab9-300x225.jpg 300w, https:\/\/www.radiopiu.net\/wordpress\/wp-content\/uploads\/2023\/05\/7c75735c-5562-43bd-903d-a5deeeb4cab9-1024x768.jpg 1024w, https:\/\/www.radiopiu.net\/wordpress\/wp-content\/uploads\/2023\/05\/7c75735c-5562-43bd-903d-a5deeeb4cab9-768x576.jpg 768w, https:\/\/www.radiopiu.net\/wordpress\/wp-content\/uploads\/2023\/05\/7c75735c-5562-43bd-903d-a5deeeb4cab9-1536x1152.jpg 1536w, https:\/\/www.radiopiu.net\/wordpress\/wp-content\/uploads\/2023\/05\/7c75735c-5562-43bd-903d-a5deeeb4cab9.jpg 1600w\" sizes=\"auto, (max-width: 149px) 100vw, 149px\" \/><\/a>In merito alla questione migranti a Falcade vorrei precisare che, personalmente, non sono mai stato a favore della distribuzione imposta da parte dell&#8217;italico Stato di migranti nel territorio. Nei nostri piccoli paesi anche abbiamo persone bisognose di aiuto, ma molto spesso non si fa nulla o si fa finta di non vedere. Credo che uno Stato che davvero tenga a difendere il proprio territorio e i propri cittadini dovrebbe prima di tutto aiutarli con un sistema di welfare nazionale ben elaborato e utile a diminuire la disparit\u00e0 tra i pi\u00f9 ricchi e i meno abbienti. I migranti che sono giunti qui a Falcade spero non debbano pesare sulle tasche dell&#8217;amministrazione, bens\u00ec del governo che dovrebbe pagare di tasca propria. Certo, \u00e8 vero che sono stati ad accoglierli, ma non per questo ho pregiudizi, di certo non mi presento con il fucile o in modo totalmente sbagliato. Non \u00e8 colpa loro se sono stati destinati qui a Falcade, ma di un governo incapace di farsi rispettare a livello internazionale. Come al solito poi ci sono persone che sanno sempre tutto e niente e sputano sentenze senza nemmeno sapere un piffero di ci\u00f2 che \u00e8 successo e nemmeno delle idee delle persone coinvolte. Se sapete tutto meglio e sapete fare meglio, perch\u00e9 l&#8217;anno scorso non vi siete candidati a Sindaco o Consigliere? Rispetto sempre le idee altrui anche se sbagliate o infondate, perch\u00e9 la libert\u00e0 di espressione \u00e8 sacrosanta. La cosa per\u00f2 che non mi piace sono coloro che sputano sentenze senza aver realmente parlato con i diretti interessati. Se sapete fare tutto meglio candidatevi la prossima volta, ma se la scorsa volta non siete andati nemmeno alle urne, sarebbe il caso di non dire nulla visto che non avete espresso una preferenza pur avendone la scelta. Inoltre, se siete cos\u00ec contrari all&#8217;accoglienza di migranti in qualsiasi luogo, perch\u00e9 quando ci sono manifestazioni contrarie alle politiche di immigrazione non vi presentate mai in piazza o dove si svolgono? Spero che sia chiaro a tutti che nemmeno io avrei voluto che arrivassero, ma voi Sindaci o Consiglieri da Bar, cosa avreste fatto riguardo ad una imposizione da parte del Prefetto? Avreste magari contrastato con le barricate a La Mora e ai confini del Comune?<\/p>\n<p><em>Axel De Pellegrini<\/em><br \/>\n<em>(Capogruppo della minoranza consiliare di Falcade)<\/em><\/p>\n<p>&nbsp;<\/p>\n<p>&nbsp;<\/p>\n<p>*******<\/p>\n","protected":false},"excerpt":{"rendered":"<p>FALCADE La Croce Rossa Italiana ha portato a Falcade i due migranti che la Prefettura ha affidato al comune. Sono Hamadou, 27 anni, e Kanane, 20 anni. originari del Burkina Faso. I due ragazzi non parlano italiano ne inglese, ma solo un po di francese. Sono stati ospitati negli appartamenti dell&#8217;ex sede della Croce Verde.&hellip;<\/p>\n","protected":false},"author":4,"featured_media":333794,"comment_status":"closed","ping_status":"closed","sticky":false,"template":"","format":"standard","meta":{"_monsterinsights_skip_tracking":false,"_monsterinsights_sitenote_active":false,"_monsterinsights_sitenote_note":"","_monsterinsights_sitenote_category":0,"footnotes":""},"categories":[51,49],"tags":[],"class_list":["post-333792","post","type-post","status-publish","format-standard","has-post-thumbnail","hentry","category-evidenza-top","category-news-18","category-51","category-49","description-off"],"img_url":"https:\/\/www.radiopiu.net\/wordpress\/wp-content\/uploads\/2023\/05\/SCR-20230501-pmrc.jpeg","_links":{"self":[{"href":"https:\/\/www.radiopiu.net\/wordpress\/wp-json\/wp\/v2\/posts\/333792","targetHints":{"allow":["GET"]}}],"collection":[{"href":"https:\/\/www.radiopiu.net\/wordpress\/wp-json\/wp\/v2\/posts"}],"about":[{"href":"https:\/\/www.radiopiu.net\/wordpress\/wp-json\/wp\/v2\/types\/post"}],"author":[{"embeddable":true,"href":"https:\/\/www.radiopiu.net\/wordpress\/wp-json\/wp\/v2\/users\/4"}],"replies":[{"embeddable":true,"href":"https:\/\/www.radiopiu.net\/wordpress\/wp-json\/wp\/v2\/comments?post=333792"}],"version-history":[{"count":0,"href":"https:\/\/www.radiopiu.net\/wordpress\/wp-json\/wp\/v2\/posts\/333792\/revisions"}],"wp:featuredmedia":[{"embeddable":true,"href":"https:\/\/www.radiopiu.net\/wordpress\/wp-json\/wp\/v2\/media\/333794"}],"wp:attachment":[{"href":"https:\/\/www.radiopiu.net\/wordpress\/wp-json\/wp\/v2\/media?parent=333792"}],"wp:term":[{"taxonomy":"category","embeddable":true,"href":"https:\/\/www.radiopiu.net\/wordpress\/wp-json\/wp\/v2\/categories?post=333792"},{"taxonomy":"post_tag","embeddable":true,"href":"https:\/\/www.radiopiu.net\/wordpress\/wp-json\/wp\/v2\/tags?post=333792"}],"curies":[{"name":"wp","href":"https:\/\/api.w.org\/{rel}","templated":true}]}}