{"id":333832,"date":"2023-05-01T20:36:11","date_gmt":"2023-05-01T18:36:11","guid":{"rendered":"https:\/\/www.radiopiu.net\/wordpress\/?p=333832"},"modified":"2023-05-02T05:54:52","modified_gmt":"2023-05-02T03:54:52","slug":"quarta-vittoria-consecutiva-in-veneto-cup-per-astrid-miola","status":"publish","type":"post","link":"https:\/\/www.radiopiu.net\/wordpress\/quarta-vittoria-consecutiva-in-veneto-cup-per-astrid-miola\/","title":{"rendered":"QUARTA VITTORIA CONSECUTIVA IN VENETO CUP PER ASTRID MIOLA"},"content":{"rendered":"<p><strong><a class=\"dt-pswp-item\" href=\"https:\/\/www.radiopiu.net\/wordpress\/wp-content\/uploads\/2023\/05\/astrid-miola.jpeg\" data-dt-img-description=\"\" data-large_image_width=\"1344\" data-large_image_height=\"856\"><img loading=\"lazy\" decoding=\"async\" class=\" wp-image-333835 alignleft\" src=\"https:\/\/www.radiopiu.net\/wordpress\/wp-content\/uploads\/2023\/05\/astrid-miola-300x191.jpeg\" alt=\"\" width=\"190\" height=\"121\" srcset=\"https:\/\/www.radiopiu.net\/wordpress\/wp-content\/uploads\/2023\/05\/astrid-miola-300x191.jpeg 300w, https:\/\/www.radiopiu.net\/wordpress\/wp-content\/uploads\/2023\/05\/astrid-miola-1024x652.jpeg 1024w, https:\/\/www.radiopiu.net\/wordpress\/wp-content\/uploads\/2023\/05\/astrid-miola-768x489.jpeg 768w, https:\/\/www.radiopiu.net\/wordpress\/wp-content\/uploads\/2023\/05\/astrid-miola.jpeg 1344w\" sizes=\"auto, (max-width: 190px) 100vw, 190px\" \/><\/a>REDAZIONE<\/strong> Astrid Miola ha ottenuto la sua quarta vittoria consecutiva alla Veneto Cup di Mountain Bike, durante la gara di Farra di Soligo. La giovane biker di Agordo ha dimostrato una volta di pi\u00f9 la sua grande abilit\u00e0, conquistando la prima posizione nella categoria femminile. Astrid Miola ha saputo gestire al meglio le difficolt\u00e0 del percorso. Non \u00e8 stata una gara facile per l&#8217;agordina che usciva da un&#8217;influenza che l&#8217;ha messa a dura prova. La sua vittoria rappresenta un&#8217;ulteriore dimostrazione delle sue capacit\u00e0 tecniche e della sua determinazione. (foto: Alessandro Billiani)<\/p>\n<p>&nbsp;<\/p>\n<p>&nbsp;<\/p>\n<p>*******<\/p>\n","protected":false},"excerpt":{"rendered":"<p>REDAZIONE Astrid Miola ha ottenuto la sua quarta vittoria consecutiva alla Veneto Cup di Mountain Bike, durante la gara di Farra di Soligo. La giovane biker di Agordo ha dimostrato una volta di pi\u00f9 la sua grande abilit\u00e0, conquistando la prima posizione nella categoria femminile. Astrid Miola ha saputo gestire al meglio le difficolt\u00e0 del&hellip;<\/p>\n","protected":false},"author":4,"featured_media":333835,"comment_status":"closed","ping_status":"closed","sticky":false,"template":"","format":"standard","meta":{"_monsterinsights_skip_tracking":false,"_monsterinsights_sitenote_active":false,"_monsterinsights_sitenote_note":"","_monsterinsights_sitenote_category":0,"footnotes":""},"categories":[104,49],"tags":[],"class_list":["post-333832","post","type-post","status-publish","format-standard","has-post-thumbnail","hentry","category-evidenza_3","category-news-18","category-104","category-49","description-off"],"img_url":"https:\/\/www.radiopiu.net\/wordpress\/wp-content\/uploads\/2023\/05\/astrid-miola.jpeg","_links":{"self":[{"href":"https:\/\/www.radiopiu.net\/wordpress\/wp-json\/wp\/v2\/posts\/333832","targetHints":{"allow":["GET"]}}],"collection":[{"href":"https:\/\/www.radiopiu.net\/wordpress\/wp-json\/wp\/v2\/posts"}],"about":[{"href":"https:\/\/www.radiopiu.net\/wordpress\/wp-json\/wp\/v2\/types\/post"}],"author":[{"embeddable":true,"href":"https:\/\/www.radiopiu.net\/wordpress\/wp-json\/wp\/v2\/users\/4"}],"replies":[{"embeddable":true,"href":"https:\/\/www.radiopiu.net\/wordpress\/wp-json\/wp\/v2\/comments?post=333832"}],"version-history":[{"count":0,"href":"https:\/\/www.radiopiu.net\/wordpress\/wp-json\/wp\/v2\/posts\/333832\/revisions"}],"wp:featuredmedia":[{"embeddable":true,"href":"https:\/\/www.radiopiu.net\/wordpress\/wp-json\/wp\/v2\/media\/333835"}],"wp:attachment":[{"href":"https:\/\/www.radiopiu.net\/wordpress\/wp-json\/wp\/v2\/media?parent=333832"}],"wp:term":[{"taxonomy":"category","embeddable":true,"href":"https:\/\/www.radiopiu.net\/wordpress\/wp-json\/wp\/v2\/categories?post=333832"},{"taxonomy":"post_tag","embeddable":true,"href":"https:\/\/www.radiopiu.net\/wordpress\/wp-json\/wp\/v2\/tags?post=333832"}],"curies":[{"name":"wp","href":"https:\/\/api.w.org\/{rel}","templated":true}]}}