{"id":333840,"date":"2023-05-02T04:50:05","date_gmt":"2023-05-02T02:50:05","guid":{"rendered":"https:\/\/www.radiopiu.net\/wordpress\/?p=333840"},"modified":"2023-05-02T04:52:19","modified_gmt":"2023-05-02T02:52:19","slug":"alpinismo-giovanile-incontro-con-merino-mattiuzzi-uomo-speciale-che-personifica-il-bosco","status":"publish","type":"post","link":"https:\/\/www.radiopiu.net\/wordpress\/alpinismo-giovanile-incontro-con-merino-mattiuzzi-uomo-speciale-che-personifica-il-bosco\/","title":{"rendered":"ALPINISMO GIOVANILE, incontro con  Merino Mattiuzzi: uomo speciale che personifica il bosco"},"content":{"rendered":"<p><strong><img decoding=\"async\" class=\"aligncenter\" src=\"https:\/\/www.radiopiu.net\/wordpress\/wp-content\/uploads\/2023\/05\/Senza-nome.jpg\" \/><\/strong><\/p>\n<p>&nbsp;<\/p>\n<p><strong>AGORDO<\/strong> La Sezione Agordina del CAI continua a proporre interessanti iniziative anche per promuovere l&#8217;alpinismo giovanile. Dopo il successo delle &#8220;Sere d&#8217;Autunno 2022&#8221;, il prossimo appuntamento sar\u00e0 con Merino Mattiuzzi, personaggio che incarna la natura, il bosco e gli antichi mestieri del passato. La giornata, in programma per domenica 7 maggio a Zopp\u00e8 di Cadore, prevede un percorso didattico per conoscere da vicino la figura di Merino e immergersi in un mondo sconosciuto. L&#8217;escursione, adatta anche ai pi\u00f9 piccoli, sar\u00e0 facile e istruttiva e permetter\u00e0 ai partecipanti di apprendere nuove nozioni sulla natura e sugli antichi mestieri. L&#8217;Alpinismo Giovanile, guidato dal CAI di Agordo, si conferma quindi come un&#8217;ottima occasione per far conoscere ai giovani il valore dell&#8217;ambiente e della storia delle nostre montagne.<\/p>\n<p>&nbsp;<\/p>\n<hr \/>\n<p>&nbsp;<\/p>\n","protected":false},"excerpt":{"rendered":"<p>&nbsp; AGORDO La Sezione Agordina del CAI continua a proporre interessanti iniziative anche per promuovere l&#8217;alpinismo giovanile. Dopo il successo delle &#8220;Sere d&#8217;Autunno 2022&#8221;, il prossimo appuntamento sar\u00e0 con Merino Mattiuzzi, personaggio che incarna la natura, il bosco e gli antichi mestieri del passato. La giornata, in programma per domenica 7 maggio a Zopp\u00e8 di&hellip;<\/p>\n","protected":false},"author":4,"featured_media":333841,"comment_status":"closed","ping_status":"closed","sticky":false,"template":"","format":"standard","meta":{"_monsterinsights_skip_tracking":false,"_monsterinsights_sitenote_active":false,"_monsterinsights_sitenote_note":"","_monsterinsights_sitenote_category":0,"footnotes":""},"categories":[104,49],"tags":[],"class_list":["post-333840","post","type-post","status-publish","format-standard","has-post-thumbnail","hentry","category-evidenza_3","category-news-18","category-104","category-49","description-off"],"img_url":"https:\/\/www.radiopiu.net\/wordpress\/wp-content\/uploads\/2023\/05\/Senza-nome.jpg","_links":{"self":[{"href":"https:\/\/www.radiopiu.net\/wordpress\/wp-json\/wp\/v2\/posts\/333840","targetHints":{"allow":["GET"]}}],"collection":[{"href":"https:\/\/www.radiopiu.net\/wordpress\/wp-json\/wp\/v2\/posts"}],"about":[{"href":"https:\/\/www.radiopiu.net\/wordpress\/wp-json\/wp\/v2\/types\/post"}],"author":[{"embeddable":true,"href":"https:\/\/www.radiopiu.net\/wordpress\/wp-json\/wp\/v2\/users\/4"}],"replies":[{"embeddable":true,"href":"https:\/\/www.radiopiu.net\/wordpress\/wp-json\/wp\/v2\/comments?post=333840"}],"version-history":[{"count":0,"href":"https:\/\/www.radiopiu.net\/wordpress\/wp-json\/wp\/v2\/posts\/333840\/revisions"}],"wp:featuredmedia":[{"embeddable":true,"href":"https:\/\/www.radiopiu.net\/wordpress\/wp-json\/wp\/v2\/media\/333841"}],"wp:attachment":[{"href":"https:\/\/www.radiopiu.net\/wordpress\/wp-json\/wp\/v2\/media?parent=333840"}],"wp:term":[{"taxonomy":"category","embeddable":true,"href":"https:\/\/www.radiopiu.net\/wordpress\/wp-json\/wp\/v2\/categories?post=333840"},{"taxonomy":"post_tag","embeddable":true,"href":"https:\/\/www.radiopiu.net\/wordpress\/wp-json\/wp\/v2\/tags?post=333840"}],"curies":[{"name":"wp","href":"https:\/\/api.w.org\/{rel}","templated":true}]}}