{"id":333848,"date":"2023-05-02T05:06:22","date_gmt":"2023-05-02T03:06:22","guid":{"rendered":"https:\/\/www.radiopiu.net\/wordpress\/?p=333848"},"modified":"2023-05-02T05:06:44","modified_gmt":"2023-05-02T03:06:44","slug":"riaperta-la-chiesa-in-cadore-era-in-bilico-sulla-frana","status":"publish","type":"post","link":"https:\/\/www.radiopiu.net\/wordpress\/riaperta-la-chiesa-in-cadore-era-in-bilico-sulla-frana\/","title":{"rendered":"RIAPERTA LA CHIESA IN CADORE, ERA IN BILICO SULLA FRANA"},"content":{"rendered":"<blockquote>\n<h3>RIAPERTA LA CHIESA IN CADORE, ERA IN BILICO SULLA FRANA<\/h3>\n<\/blockquote>\n<p><strong><a class=\"dt-pswp-item\" href=\"https:\/\/www.radiopiu.net\/wordpress\/wp-content\/uploads\/2023\/05\/Senza-nome-2.jpg\" data-dt-img-description=\"\" data-large_image_width=\"252\" data-large_image_height=\"180\"><img loading=\"lazy\" decoding=\"async\" class=\" wp-image-333845 alignleft\" src=\"https:\/\/www.radiopiu.net\/wordpress\/wp-content\/uploads\/2023\/05\/Senza-nome-2.jpg\" alt=\"\" width=\"213\" height=\"152\" \/><\/a>VALLE DI CADORE\u00a0 <\/strong>La chiesa di San Martino a Valle di Cadore, a rischio di crollo a causa di una frana, \u00e8 stata salvata grazie a un intervento di consolidamento che ha costato 1,1 milioni di euro e che ha visto la realizzazione di terrazzamenti sulla roccia per consolidare le fondamenta. La chiesa, chiusa per due anni, \u00e8 stata restituita alla comunit\u00e0 cadorina il primo maggio, in una cerimonia alla quale hanno partecipato il vescovo, il presidente della Regione Veneto, la sindaca di Valle di Cadore e l&#8217;assessore regionale. L&#8217;intervento rappresenta un esempio unico di lavori in situazioni estreme e il progetto sar\u00e0 probabilmente pubblicato. La salvaguardia della chiesa \u00e8 stata sostenuta dai fondi per il risarcimento dei danni provocati dalla tempesta Vaia e rappresenta un importante passo verso i lavori di consolidamento del tratto della statale 51 di Alemagna, interessato dalla difficile strettoia di Valle di Cadore, in vista delle Olimpiadi di Milano-Cortina 2026.<\/p>\n<p><a class=\"dt-pswp-item\" href=\"https:\/\/www.radiopiu.net\/wordpress\/wp-content\/uploads\/2023\/05\/Senza-nome-1.jpg\" data-dt-img-description=\"\" data-large_image_width=\"506\" data-large_image_height=\"226\"><img loading=\"lazy\" decoding=\"async\" class=\"size-medium wp-image-333844 aligncenter\" src=\"https:\/\/www.radiopiu.net\/wordpress\/wp-content\/uploads\/2023\/05\/Senza-nome-1-300x134.jpg\" alt=\"\" width=\"300\" height=\"134\" srcset=\"https:\/\/www.radiopiu.net\/wordpress\/wp-content\/uploads\/2023\/05\/Senza-nome-1-300x134.jpg 300w, https:\/\/www.radiopiu.net\/wordpress\/wp-content\/uploads\/2023\/05\/Senza-nome-1.jpg 506w\" sizes=\"auto, (max-width: 300px) 100vw, 300px\" \/><\/a><\/p>\n<div dir=\"auto\"><a class=\"dt-pswp-item\" href=\"https:\/\/www.radiopiu.net\/wordpress\/wp-content\/uploads\/2023\/05\/Senza-nome-3.jpg\" data-dt-img-description=\"\" data-large_image_width=\"257\" data-large_image_height=\"179\"><img loading=\"lazy\" decoding=\"async\" class=\"wp-image-333846 alignleft\" src=\"https:\/\/www.radiopiu.net\/wordpress\/wp-content\/uploads\/2023\/05\/Senza-nome-3.jpg\" alt=\"\" width=\"184\" height=\"128\" \/><\/a><strong>L&#8217;ASSESSORE GIANPAOLO BOTTACIN<\/strong> &#8221; Abbiamo festeggiato la fine dei lavori che hanno reso sicura una chiesa dopo un movimento franoso del versante. Nel 2017 ho effettuato un sopralluogo e nel 2018 abbiamo ampliato il monitoraggio dell&#8217;area con una delibera in Giunta. La situazione \u00e8 peggiorata e la chiesa ha chiuso, ma abbiamo investito dei fondi per riportarla in sicurezza. L&#8217;intervento \u00e8 stato coraggioso e lungimirante, grazie anche alle scelte ingegneristiche azzeccate e alla maestria delle aziende. \u00c8 un esempio di collaborazione tra governo e aziende per garantire la sicurezza delle infrastrutture e delle comunit\u00e0. La chiesa ora \u00e8 utilizzabile dalla comunit\u00e0 locale e speriamo che questo esempio possa ispirare altri interventi simili nel futuro.<\/div>\n<p>&nbsp;<\/p>\n<p>&nbsp;<\/p>\n<p>&nbsp;<\/p>\n<hr \/>\n<p>&nbsp;<\/p>\n","protected":false},"excerpt":{"rendered":"<p>RIAPERTA LA CHIESA IN CADORE, ERA IN BILICO SULLA FRANA VALLE DI CADORE\u00a0 La chiesa di San Martino a Valle di Cadore, a rischio di crollo a causa di una frana, \u00e8 stata salvata grazie a un intervento di consolidamento che ha costato 1,1 milioni di euro e che ha visto la realizzazione di terrazzamenti&hellip;<\/p>\n","protected":false},"author":4,"featured_media":333844,"comment_status":"closed","ping_status":"closed","sticky":false,"template":"","format":"standard","meta":{"_monsterinsights_skip_tracking":false,"_monsterinsights_sitenote_active":false,"_monsterinsights_sitenote_note":"","_monsterinsights_sitenote_category":0,"footnotes":""},"categories":[51,49],"tags":[],"class_list":["post-333848","post","type-post","status-publish","format-standard","has-post-thumbnail","hentry","category-evidenza-top","category-news-18","category-51","category-49","description-off"],"img_url":"https:\/\/www.radiopiu.net\/wordpress\/wp-content\/uploads\/2023\/05\/Senza-nome-1.jpg","_links":{"self":[{"href":"https:\/\/www.radiopiu.net\/wordpress\/wp-json\/wp\/v2\/posts\/333848","targetHints":{"allow":["GET"]}}],"collection":[{"href":"https:\/\/www.radiopiu.net\/wordpress\/wp-json\/wp\/v2\/posts"}],"about":[{"href":"https:\/\/www.radiopiu.net\/wordpress\/wp-json\/wp\/v2\/types\/post"}],"author":[{"embeddable":true,"href":"https:\/\/www.radiopiu.net\/wordpress\/wp-json\/wp\/v2\/users\/4"}],"replies":[{"embeddable":true,"href":"https:\/\/www.radiopiu.net\/wordpress\/wp-json\/wp\/v2\/comments?post=333848"}],"version-history":[{"count":0,"href":"https:\/\/www.radiopiu.net\/wordpress\/wp-json\/wp\/v2\/posts\/333848\/revisions"}],"wp:featuredmedia":[{"embeddable":true,"href":"https:\/\/www.radiopiu.net\/wordpress\/wp-json\/wp\/v2\/media\/333844"}],"wp:attachment":[{"href":"https:\/\/www.radiopiu.net\/wordpress\/wp-json\/wp\/v2\/media?parent=333848"}],"wp:term":[{"taxonomy":"category","embeddable":true,"href":"https:\/\/www.radiopiu.net\/wordpress\/wp-json\/wp\/v2\/categories?post=333848"},{"taxonomy":"post_tag","embeddable":true,"href":"https:\/\/www.radiopiu.net\/wordpress\/wp-json\/wp\/v2\/tags?post=333848"}],"curies":[{"name":"wp","href":"https:\/\/api.w.org\/{rel}","templated":true}]}}