{"id":333855,"date":"2023-05-02T05:36:16","date_gmt":"2023-05-02T03:36:16","guid":{"rendered":"https:\/\/www.radiopiu.net\/wordpress\/?p=333855"},"modified":"2023-05-02T05:39:45","modified_gmt":"2023-05-02T03:39:45","slug":"da-milano-alle-dolomiti-la-storia-di-elena-bergamin-il-dolomiti","status":"publish","type":"post","link":"https:\/\/www.radiopiu.net\/wordpress\/da-milano-alle-dolomiti-la-storia-di-elena-bergamin-il-dolomiti\/","title":{"rendered":"Da Milano alle Dolomiti: la storia di Elena Bergamin (il Dolomiti)"},"content":{"rendered":"<p><strong>REDAZIONE<\/strong> Il sito internet\u00a0 &#8220;il Dolomiti&#8221; celebra Elena Bergamin: \u00e8 una ragazza di citt\u00e0, originaria della zona di Varese, che ha trovato la sua passione per le Dolomiti bellunesi quando suo nonno l&#8217;ha portata per la prima volta a 14 anni. Dopo aver lavorato per quattro stagioni presso il rifugio Sasso Bianco, conquistando l&#8217;affetto dei proprietari Michele e Luciana, le \u00e8 stata proposta di gestire il rifugio. Elena ha accettato e ha trovato un coetaneo amante della montagna, Alessandro, che si \u00e8 unito alla sua avventura. Nonostante i timori legati a un nuovo inizio, Elena \u00e8 entusiasta di fare ci\u00f2 che davvero desidera e di valorizzare un piccolo gioiello sulle Dolomiti che merita di essere vissuto.<\/p>\n<p><a class=\"dt-pswp-item\" href=\"https:\/\/www.radiopiu.net\/wordpress\/wp-content\/uploads\/2023\/05\/elena-copia.jpg\" data-dt-img-description=\"\" data-large_image_width=\"980\" data-large_image_height=\"450\"><img loading=\"lazy\" decoding=\"async\" class=\"size-medium wp-image-333856 aligncenter\" src=\"https:\/\/www.radiopiu.net\/wordpress\/wp-content\/uploads\/2023\/05\/elena-copia-300x138.jpg\" alt=\"\" width=\"300\" height=\"138\" srcset=\"https:\/\/www.radiopiu.net\/wordpress\/wp-content\/uploads\/2023\/05\/elena-copia-300x138.jpg 300w, https:\/\/www.radiopiu.net\/wordpress\/wp-content\/uploads\/2023\/05\/elena-copia-768x353.jpg 768w, https:\/\/www.radiopiu.net\/wordpress\/wp-content\/uploads\/2023\/05\/elena-copia.jpg 980w\" sizes=\"auto, (max-width: 300px) 100vw, 300px\" \/><\/a><\/p>\n<p>LEGGI L&#8217;ARTICOLO DA &#8220;IL DOLOMITI&#8221;,\u00a0 DI SARA DE PASCALE, 01MAGGIO 2023<span style=\"color: #0000ff;\"><strong><a style=\"color: #0000ff;\" href=\"https:\/\/www.ildolomiti.it\/montagna\/2023\/da-milano-alle-dolomiti-per-gestire-un-rifugio-storia-della-25enne-elena-bergamin-i-tramonti-sul-civetta-ripagano-la-fatica-in-quota-ho-trovato-il-mio-posto-del-cuore\"> CLICCA QUI<\/a><\/strong><\/span><\/p>\n<p>&nbsp;<\/p>\n<p>&nbsp;<\/p>\n<hr \/>\n<p>&nbsp;<\/p>\n<p>&nbsp;<\/p>\n","protected":false},"excerpt":{"rendered":"<p>REDAZIONE Il sito internet\u00a0 &#8220;il Dolomiti&#8221; celebra Elena Bergamin: \u00e8 una ragazza di citt\u00e0, originaria della zona di Varese, che ha trovato la sua passione per le Dolomiti bellunesi quando suo nonno l&#8217;ha portata per la prima volta a 14 anni. Dopo aver lavorato per quattro stagioni presso il rifugio Sasso Bianco, conquistando l&#8217;affetto dei&hellip;<\/p>\n","protected":false},"author":4,"featured_media":333856,"comment_status":"closed","ping_status":"closed","sticky":false,"template":"","format":"standard","meta":{"_monsterinsights_skip_tracking":false,"_monsterinsights_sitenote_active":false,"_monsterinsights_sitenote_note":"","_monsterinsights_sitenote_category":0,"footnotes":""},"categories":[104,49],"tags":[],"class_list":["post-333855","post","type-post","status-publish","format-standard","has-post-thumbnail","hentry","category-evidenza_3","category-news-18","category-104","category-49","description-off"],"img_url":"https:\/\/www.radiopiu.net\/wordpress\/wp-content\/uploads\/2023\/05\/elena-copia.jpg","_links":{"self":[{"href":"https:\/\/www.radiopiu.net\/wordpress\/wp-json\/wp\/v2\/posts\/333855","targetHints":{"allow":["GET"]}}],"collection":[{"href":"https:\/\/www.radiopiu.net\/wordpress\/wp-json\/wp\/v2\/posts"}],"about":[{"href":"https:\/\/www.radiopiu.net\/wordpress\/wp-json\/wp\/v2\/types\/post"}],"author":[{"embeddable":true,"href":"https:\/\/www.radiopiu.net\/wordpress\/wp-json\/wp\/v2\/users\/4"}],"replies":[{"embeddable":true,"href":"https:\/\/www.radiopiu.net\/wordpress\/wp-json\/wp\/v2\/comments?post=333855"}],"version-history":[{"count":0,"href":"https:\/\/www.radiopiu.net\/wordpress\/wp-json\/wp\/v2\/posts\/333855\/revisions"}],"wp:featuredmedia":[{"embeddable":true,"href":"https:\/\/www.radiopiu.net\/wordpress\/wp-json\/wp\/v2\/media\/333856"}],"wp:attachment":[{"href":"https:\/\/www.radiopiu.net\/wordpress\/wp-json\/wp\/v2\/media?parent=333855"}],"wp:term":[{"taxonomy":"category","embeddable":true,"href":"https:\/\/www.radiopiu.net\/wordpress\/wp-json\/wp\/v2\/categories?post=333855"},{"taxonomy":"post_tag","embeddable":true,"href":"https:\/\/www.radiopiu.net\/wordpress\/wp-json\/wp\/v2\/tags?post=333855"}],"curies":[{"name":"wp","href":"https:\/\/api.w.org\/{rel}","templated":true}]}}