{"id":333903,"date":"2023-05-02T13:42:14","date_gmt":"2023-05-02T11:42:14","guid":{"rendered":"https:\/\/www.radiopiu.net\/wordpress\/?p=333903"},"modified":"2023-05-02T14:21:37","modified_gmt":"2023-05-02T12:21:37","slug":"dunio-nel-cuore-dei-cittadini-di-dolomieu","status":"publish","type":"post","link":"https:\/\/www.radiopiu.net\/wordpress\/dunio-nel-cuore-dei-cittadini-di-dolomieu\/","title":{"rendered":"DUNIO NEL CUORE DEI CITTADINI DI DOLOMIEU"},"content":{"rendered":"<div class=\"flex-1 overflow-hidden\">\n<div class=\"react-scroll-to-bottom--css-ylbhg-79elbk h-full dark:bg-gray-800\">\n<div class=\"react-scroll-to-bottom--css-ylbhg-1n7m0yu\">\n<div class=\"flex flex-col items-center text-sm dark:bg-gray-800\">\n<div class=\"group w-full text-gray-800 dark:text-gray-100 border-b border-black\/10 dark:border-gray-900\/50 bg-gray-50 dark:bg-[#444654]\">\n<div class=\"text-base gap-4 md:gap-6 md:max-w-2xl lg:max-w-xl xl:max-w-3xl p-4 md:py-6 flex lg:px-0 m-auto\">\n<div class=\"relative flex w-[calc(100%-50px)] flex-col gap-1 md:gap-3 lg:w-[calc(100%-115px)]\">\n<div class=\"flex flex-grow flex-col gap-3\">\n<div class=\"min-h-[20px] flex flex-col items-start gap-4 whitespace-pre-wrap break-words\">\n<div class=\"markdown prose w-full break-words dark:prose-invert light\">\n<p><strong><a class=\"dt-pswp-item\" href=\"https:\/\/www.radiopiu.net\/wordpress\/wp-content\/uploads\/2023\/05\/344373614_757865995946303_741699981279227595_n.jpg\" data-dt-img-description=\"\" data-large_image_width=\"2048\" data-large_image_height=\"1669\"><img loading=\"lazy\" decoding=\"async\" class=\"size-medium wp-image-333904 alignleft\" src=\"https:\/\/www.radiopiu.net\/wordpress\/wp-content\/uploads\/2023\/05\/344373614_757865995946303_741699981279227595_n-300x244.jpg\" alt=\"\" width=\"300\" height=\"244\" srcset=\"https:\/\/www.radiopiu.net\/wordpress\/wp-content\/uploads\/2023\/05\/344373614_757865995946303_741699981279227595_n-300x244.jpg 300w, https:\/\/www.radiopiu.net\/wordpress\/wp-content\/uploads\/2023\/05\/344373614_757865995946303_741699981279227595_n-1024x835.jpg 1024w, https:\/\/www.radiopiu.net\/wordpress\/wp-content\/uploads\/2023\/05\/344373614_757865995946303_741699981279227595_n-768x626.jpg 768w, https:\/\/www.radiopiu.net\/wordpress\/wp-content\/uploads\/2023\/05\/344373614_757865995946303_741699981279227595_n-1536x1252.jpg 1536w, https:\/\/www.radiopiu.net\/wordpress\/wp-content\/uploads\/2023\/05\/344373614_757865995946303_741699981279227595_n.jpg 2048w\" sizes=\"auto, (max-width: 300px) 100vw, 300px\" \/><\/a>DOLOMIEU<\/strong> I bambini di Dolomieu in Francia saranno i primi &#8220;custodi&#8221; di un nuovo graffito di 14 metri quadrati nella &#8220;Salle delle fetes&#8221;. Il graffito, che rappresenta la storia di Deodat Gratet de Dolomieu, un illustre concittadino, \u00e8 stato impresso nei graffi delle malte colorate dall&#8217;artista falcadino Dunio Piccolin. Ora, grazie al linguaggio universale dell&#8217;arte, sar\u00e0 possibile osservare questa storia mentre si cammina davanti al graffito. E&#8217; stato anche l&#8217;occasione per suggellare ulteriormente il gemellaggio tra le comunit\u00e0 di Dolomieu e Agordo. Questo gemellaggio, nato con nuovo entusiasmo, ha portato alla rinascita del tiglio, piantato nel 2005, che ora \u00e8 rifiorito in occasione dell&#8217;evento. La visita alla citt\u00e0 italiana di Agordo \u00e8 stata caratterizzata da momenti di convivialit\u00e0 e di scambio tra le due comunit\u00e0, nonostante le differenze linguistiche e geografiche. Si sono scambiati sorrisi, applausi, regali e si \u00e8 tenuto un minuto di silenzio per Renzo Gavaz, uno degli iniziatori del gemellaggio italo-francese, che non \u00e8 pi\u00f9 su questa terra. Durante la visita, i partecipanti hanno avuto l&#8217;opportunit\u00e0 di visitare l&#8217;atelier d&#8217;arte di Marie-Christine Weibel e il &#8220;castello&#8221;, la casa natale di Deodat Gratet de Dolomieu, accompagnati da Emile Lopez. Hanno anche incontrato rappresentanti del gemellaggio come Jean Baptiste e Michela Paganin, Delphine Hartmann e Roberto Chissal\u00e8, Flavio Murer per la comunit\u00e0 di Falcade e Daniele Scola per i &#8220;Bellunesi nel mondo&#8221;. In generale, l&#8217;evento ha generato curiosit\u00e0 e stupore sia tra italiani che francesi, dimostrando ancora una volta come la cultura possa unire le persone di diverse nazioni.<\/p>\n<\/div>\n<\/div>\n<\/div>\n<div class=\"flex justify-between lg:block\">\n<div class=\"text-xs flex items-center justify-center gap-1 self-center pt-2 !invisible\">\n\n\t\t\t<style type='text\/css'>\n\t\t\t\t#gallery-1 {\n\t\t\t\t\tmargin: auto;\n\t\t\t\t}\n\t\t\t\t#gallery-1 .gallery-item {\n\t\t\t\t\tfloat: left;\n\t\t\t\t\tmargin-top: 10px;\n\t\t\t\t\ttext-align: center;\n\t\t\t\t\twidth: 25%;\n\t\t\t\t}\n\t\t\t\t#gallery-1 img {\n\t\t\t\t\tborder: 2px solid #cfcfcf;\n\t\t\t\t}\n\t\t\t\t#gallery-1 .gallery-caption {\n\t\t\t\t\tmargin-left: 0;\n\t\t\t\t}\n\t\t\t\t\/* see gallery_shortcode() in wp-includes\/media.php *\/\n\t\t\t<\/style>\n\t\t<div id='gallery-1' class='dt-gallery-container gallery galleryid-333903 gallery-columns-4 gallery-size-thumbnail'><dl class='gallery-item'>\n\t\t\t\t<dt class='gallery-icon portrait'>\n\t\t\t\t\t<a class=\"rollover rollover-zoom dt-pswp-item\" title=\"344112742_3645881412358092_540956829107122580_n\" data-dt-img-description=\"\" data-large_image_width=\"1536\" data-large_image_height=\"2048\"href='https:\/\/www.radiopiu.net\/wordpress\/wp-content\/uploads\/2023\/05\/344112742_3645881412358092_540956829107122580_n.jpg'><img loading=\"lazy\" decoding=\"async\" width=\"150\" height=\"150\" src=\"https:\/\/www.radiopiu.net\/wordpress\/wp-content\/uploads\/2023\/05\/344112742_3645881412358092_540956829107122580_n-150x150.jpg\" class=\"attachment-thumbnail size-thumbnail\" alt=\"\" \/><\/a>\n\t\t\t\t<\/dt><\/dl><dl class='gallery-item'>\n\t\t\t\t<dt class='gallery-icon portrait'>\n\t\t\t\t\t<a class=\"rollover rollover-zoom dt-pswp-item\" title=\"344206849_1382772805623909_2243072178852548776_n\" data-dt-img-description=\"\" data-large_image_width=\"1536\" data-large_image_height=\"2048\"href='https:\/\/www.radiopiu.net\/wordpress\/wp-content\/uploads\/2023\/05\/344206849_1382772805623909_2243072178852548776_n.jpg'><img loading=\"lazy\" decoding=\"async\" width=\"150\" height=\"150\" src=\"https:\/\/www.radiopiu.net\/wordpress\/wp-content\/uploads\/2023\/05\/344206849_1382772805623909_2243072178852548776_n-150x150.jpg\" class=\"attachment-thumbnail size-thumbnail\" alt=\"\" \/><\/a>\n\t\t\t\t<\/dt><\/dl><dl class='gallery-item'>\n\t\t\t\t<dt class='gallery-icon portrait'>\n\t\t\t\t\t<a class=\"rollover rollover-zoom dt-pswp-item\" title=\"344222720_6043193162394392_550565774985366286_n\" data-dt-img-description=\"\" data-large_image_width=\"1690\" data-large_image_height=\"2048\"href='https:\/\/www.radiopiu.net\/wordpress\/wp-content\/uploads\/2023\/05\/344222720_6043193162394392_550565774985366286_n.jpg'><img loading=\"lazy\" decoding=\"async\" width=\"150\" height=\"150\" src=\"https:\/\/www.radiopiu.net\/wordpress\/wp-content\/uploads\/2023\/05\/344222720_6043193162394392_550565774985366286_n-150x150.jpg\" class=\"attachment-thumbnail size-thumbnail\" alt=\"\" \/><\/a>\n\t\t\t\t<\/dt><\/dl><dl class='gallery-item'>\n\t\t\t\t<dt class='gallery-icon landscape'>\n\t\t\t\t\t<a class=\"rollover rollover-zoom dt-pswp-item\" title=\"344234927_1194432907891752_2395034056326703254_n\" data-dt-img-description=\"\" data-large_image_width=\"2048\" data-large_image_height=\"1679\"href='https:\/\/www.radiopiu.net\/wordpress\/wp-content\/uploads\/2023\/05\/344234927_1194432907891752_2395034056326703254_n.jpg'><img loading=\"lazy\" decoding=\"async\" width=\"150\" height=\"150\" src=\"https:\/\/www.radiopiu.net\/wordpress\/wp-content\/uploads\/2023\/05\/344234927_1194432907891752_2395034056326703254_n-150x150.jpg\" class=\"attachment-thumbnail size-thumbnail\" alt=\"\" \/><\/a>\n\t\t\t\t<\/dt><\/dl><br style=\"clear: both\" \/>\n\t\t\t<\/div>\n\n<\/div>\n<p>&nbsp;<\/p>\n<\/div>\n<\/div>\n<hr \/>\n<div class=\"relative flex w-[calc(100%-50px)] flex-col gap-1 md:gap-3 lg:w-[calc(100%-115px)]\">\n<div class=\"flex justify-between lg:block\">\n<div class=\"text-gray-400 flex self-end lg:self-center justify-center mt-2 gap-2 md:gap-3 lg:gap-1 lg:absolute lg:top-0 lg:translate-x-full lg:right-0 lg:mt-0 lg:pl-2 visible\"><\/div>\n<\/div>\n<\/div>\n<\/div>\n<\/div>\n<\/div>\n<\/div>\n<\/div>\n<\/div>\n<div class=\"absolute bottom-0 left-0 w-full border-t md:border-t-0 dark:border-white\/20 md:border-transparent md:dark:border-transparent md:bg-vert-light-gradient bg-white dark:bg-gray-800 md:!bg-transparent dark:md:bg-vert-dark-gradient pt-2\">\n<form class=\"stretch mx-2 flex flex-row gap-3 last:mb-2 md:mx-4 md:last:mb-6 lg:mx-auto lg:max-w-2xl xl:max-w-3xl\">\n<div class=\"relative flex h-full flex-1 items-stretch md:flex-col\">\n<div class=\"\">\n<div class=\"h-full flex ml-1 md:w-full md:m-auto md:mb-2 gap-0 md:gap-2 justify-center\">\n<div class=\"flex w-full items-center justify-center gap-2\"><\/div>\n<\/div>\n<\/div>\n<\/div>\n<\/form>\n<\/div>\n","protected":false},"excerpt":{"rendered":"<p>DOLOMIEU I bambini di Dolomieu in Francia saranno i primi &#8220;custodi&#8221; di un nuovo graffito di 14 metri quadrati nella &#8220;Salle delle fetes&#8221;. Il graffito, che rappresenta la storia di Deodat Gratet de Dolomieu, un illustre concittadino, \u00e8 stato impresso nei graffi delle malte colorate dall&#8217;artista falcadino Dunio Piccolin. Ora, grazie al linguaggio universale dell&#8217;arte,&hellip;<\/p>\n","protected":false},"author":4,"featured_media":333904,"comment_status":"closed","ping_status":"closed","sticky":false,"template":"","format":"standard","meta":{"_monsterinsights_skip_tracking":false,"_monsterinsights_sitenote_active":false,"_monsterinsights_sitenote_note":"","_monsterinsights_sitenote_category":0,"footnotes":""},"categories":[51,49],"tags":[],"class_list":["post-333903","post","type-post","status-publish","format-standard","has-post-thumbnail","hentry","category-evidenza-top","category-news-18","category-51","category-49","description-off"],"img_url":"https:\/\/www.radiopiu.net\/wordpress\/wp-content\/uploads\/2023\/05\/344373614_757865995946303_741699981279227595_n.jpg","_links":{"self":[{"href":"https:\/\/www.radiopiu.net\/wordpress\/wp-json\/wp\/v2\/posts\/333903","targetHints":{"allow":["GET"]}}],"collection":[{"href":"https:\/\/www.radiopiu.net\/wordpress\/wp-json\/wp\/v2\/posts"}],"about":[{"href":"https:\/\/www.radiopiu.net\/wordpress\/wp-json\/wp\/v2\/types\/post"}],"author":[{"embeddable":true,"href":"https:\/\/www.radiopiu.net\/wordpress\/wp-json\/wp\/v2\/users\/4"}],"replies":[{"embeddable":true,"href":"https:\/\/www.radiopiu.net\/wordpress\/wp-json\/wp\/v2\/comments?post=333903"}],"version-history":[{"count":0,"href":"https:\/\/www.radiopiu.net\/wordpress\/wp-json\/wp\/v2\/posts\/333903\/revisions"}],"wp:featuredmedia":[{"embeddable":true,"href":"https:\/\/www.radiopiu.net\/wordpress\/wp-json\/wp\/v2\/media\/333904"}],"wp:attachment":[{"href":"https:\/\/www.radiopiu.net\/wordpress\/wp-json\/wp\/v2\/media?parent=333903"}],"wp:term":[{"taxonomy":"category","embeddable":true,"href":"https:\/\/www.radiopiu.net\/wordpress\/wp-json\/wp\/v2\/categories?post=333903"},{"taxonomy":"post_tag","embeddable":true,"href":"https:\/\/www.radiopiu.net\/wordpress\/wp-json\/wp\/v2\/tags?post=333903"}],"curies":[{"name":"wp","href":"https:\/\/api.w.org\/{rel}","templated":true}]}}