{"id":333924,"date":"2023-05-02T15:32:42","date_gmt":"2023-05-02T13:32:42","guid":{"rendered":"https:\/\/www.radiopiu.net\/wordpress\/?p=333924"},"modified":"2023-05-02T15:32:42","modified_gmt":"2023-05-02T13:32:42","slug":"la-visita-di-agordo-a-dolomieu-nel-diciottesimo-anniversario-del-gemellaggio","status":"publish","type":"post","link":"https:\/\/www.radiopiu.net\/wordpress\/la-visita-di-agordo-a-dolomieu-nel-diciottesimo-anniversario-del-gemellaggio\/","title":{"rendered":"LA VISITA DI AGORDO A DOLOMIEU NEL DICIOTTESIMO ANNIVERSARIO DEL GEMELLAGGIO"},"content":{"rendered":"<p><strong>AGORDO<\/strong> Dal 28 aprile al 1\u00b0 maggio 2023 una delegazione di Agordo si \u00e8 recata in visita alla cittadina Francese di Dolomieu, gemella dal 2005. In questi 18 anni da una parte e dall&#8217;altra sono state organizzate dai rispettivi Comitati numerose iniziative che hanno unito sempre pi\u00f9 le due comunit\u00e0. Questa volta il gemellaggio \u00e8 stato celebrato attraverso un bellissimo graffito che l&#8217;artista Falcadino Dunio Piccolin ha realizzato alla Sala delle Feste. Nella sua opera Piccolin ha rappresentato alcuni episodi della vita del geologo Francese che ha scoperto la Dolomia e il suo legame con Agordo cuore delle Dolomiti. Il graffito \u00e8 stato realizzato con il contributo del Comune di Dolomieu, dei due Comitati di Gemellaggio, del Consorzio Bim Piave Belluno e con il Patrocinio del Comune di Agordo. Sabato 29 aprile c&#8217;\u00e8 stata l&#8217;inaugurazione ufficiale del graffito. Alla cerimonia hanno partecipato diverse autorit\u00e0. La Sindaca di Dolomieu, Delphine Hartmann, ha riassunto in tre parole i simboli del gemellaggio Dolomieu-Agordo: amicizia (un sentimento profondo che in questi 18 anni ha saputo unire le due comunit\u00e0); il volontariato (che attraverso i due Comitati di Gemellaggio, le associazioni, le famiglie ospitanti, ha permesso di creare tante iniziative); la cultura (che in particolare con questo graffito ha cos\u00ec bene riassunto il legame tra i due Comuni e che cogliendo le diversit\u00e0 e le ricchezze delle due comunit\u00e0 le unisce e le rafforza in una reciproca conoscenza e crescita). Il Sindaco di Agordo, Roberto Chissal\u00e8, presente con il Vice Sindaco Giulio Favretti, l&#8217;Assessore Claudio Sito, i Consiglieri Comunali Livio De Nardin e Davide Conedera (quest&#8217;ultimo fa anche parte del Comitato di Gemellaggio di Agordo), ha pienamente concordato con la collega, mettendo in luce come attraverso la cultura ci si possa conoscere meglio crescendo assieme. Ha ricordato l&#8217;importanza della scoperta scientifica di Dolomieu, elogiando l&#8217;ottimo lavoro dell&#8217;artista Dunio Piccolin ben noto ad Agordo per aver dato vita in questi anni al progetto &#8220;Agordo Paese del graffito&#8221;. Chiss\u00e0 che presto, anche ad Agordo non si possa realizzare un nuovo graffito che racconti il gemellaggio Agordo Zugliano Dolomieu. Chissal\u00e8 ha ricordato l&#8217;importanza del patto di Gemellaggio sottoscritto dalle due comunit\u00e0, un&#8217;idea voluta dall&#8217;allora Sindaco Renzo Gavaz (che ci ha lasciato a inizio anno e che i presenti hanno ricordato con un applauso e un minuto di raccoglimento). Chissal\u00e8 ha poi salutato gli ex Sindaci presenti alla cerimonia: Patrick Bovrdaret (che nel 2005 aveva firmato il patto di Gemellaggio e Sisto Da Roit che come Gavaz aveva sempre sostenuto le iniziative dei gemellaggi. Flavio Murer Assessore alla cultura del Comune di Falcade (paese di Dunio Piccolin) ha voluto essere vicino al suo illustre concittadino che, attraverso l&#8217;arte del graffito, fa conoscere in Italia e nel mondo il nome di Falcade dell&#8217;Agordino tutto e delle Dolomiti. Daniele Scola (Vice Presidente della Famiglia Ex Emigranti Agordino), ha portato ai presenti il saluto del Presidente Luca Luchetta, nonch\u00e9 dell&#8217;Associazione Bellunesi Nel Mondo e del suo massimo esponente Oscar De Bona. Scola ha ricordato come nella zona di Dolomieu sia forte la presenza degli emigranti italiani che si sono fatti valere e conoscere per la loro bravura e il loro instancabile lavoro. Dunio Piccolin, attraverso la sua arte, ha saputo dar lustro una volta in pi\u00f9 alla comunit\u00e0 Falcadina, Agordina e Bellunese. I Presidenti dei due Comitati di Gemellaggio nei loro interventi hanno messo in luce come i rapporti tra le due comunit\u00e0 si siano rafforzati in questi anni e come il lavoro di Piccolin ben riassuma lo spirito che le unisce attraverso la figura del geologo Deodat de Dolomieu. Nella realizzazione del graffito, come da tradizione con i graffiti di Agordo, Dunio Piccolin ha collaborato con gli alunni della locale Scuola Primaria. I bimbi di Dolomieu hanno sperimentato con l&#8217;artista falcadino il procedimento e la tecnica di realizzazione dell&#8217;opera. Durante la cerimonia di inaugurazione una bimba di Dolomieu ha raccontato ai presenti quanto appreso da Dunio. Il gemellaggio dunque, con questo progetto, ha conivolto anche i giovani con l&#8217;intento di porre le basi per una duratura amicizia. Nel pomeriggio il Diacono locale ha portato la sua benedizione all&#8217;opera artistica e alla bella amicizia tra le due comunit\u00e0 che negli anni \u00e8 diventata solida e forte come la roccia, come quella Dolomia che porta il nome dell&#8217;illustre scienziato Deodat Gratet de Dolomieu. Le giornate sono state piene e ricche di eventi: la visita all&#8217;atelier dell&#8217;artista locale Marie-Christine Webel che con le sue opere in legno e pietra celebra la semplicit\u00e0 della natura e del territorio in cui vive. Successivamente il gruppo ha potuto entrare (con appuntamento esclusivo organizzato dal Comune e dal Comitato di Dolomieu) nel castello che ha dato i natali a Deodat de Dolomieu e che in questi mesi \u00e8 in via di restauro. Il giorno successivo c&#8217;\u00e8 stata la visita alla citt\u00e0 di Grenoble con la salita panoramica in funivia. Due cori locali (il secondo con canzoni in Patois dialetto Franco-Provenzale che si sta cercando di preservare nella regione) hanno allietato le serate. Vi sono state due magnifiche cene a base di prodotti tipici locali per promuovere il territorio. Il 1\u00b0 maggio la delegazione Agordina \u00e8 rientrata in Italia con la promessa di ritrovare gli amici francesi ad Agordo nel 2025 dove si celebrer\u00e0 il ventennale del gemellaggio.<\/p>\n\n\t\t\t<style type='text\/css'>\n\t\t\t\t#gallery-1 {\n\t\t\t\t\tmargin: auto;\n\t\t\t\t}\n\t\t\t\t#gallery-1 .gallery-item {\n\t\t\t\t\tfloat: left;\n\t\t\t\t\tmargin-top: 10px;\n\t\t\t\t\ttext-align: center;\n\t\t\t\t\twidth: 25%;\n\t\t\t\t}\n\t\t\t\t#gallery-1 img {\n\t\t\t\t\tborder: 2px solid #cfcfcf;\n\t\t\t\t}\n\t\t\t\t#gallery-1 .gallery-caption {\n\t\t\t\t\tmargin-left: 0;\n\t\t\t\t}\n\t\t\t\t\/* see gallery_shortcode() in wp-includes\/media.php *\/\n\t\t\t<\/style>\n\t\t<div id='gallery-1' class='dt-gallery-container gallery galleryid-333924 gallery-columns-4 gallery-size-thumbnail'><dl class='gallery-item'>\n\t\t\t\t<dt class='gallery-icon landscape'>\n\t\t\t\t\t<a class=\"rollover rollover-zoom dt-pswp-item\" title=\"ComitatoGemellaggiodavanti graffitoIMG-20230429-WA0033\" data-dt-img-description=\"\" data-large_image_width=\"1334\" data-large_image_height=\"1325\"href='https:\/\/www.radiopiu.net\/wordpress\/wp-content\/uploads\/2023\/05\/ComitatoGemellaggiodavanti-graffitoIMG-20230429-WA0033.jpg'><img loading=\"lazy\" decoding=\"async\" width=\"150\" height=\"150\" src=\"https:\/\/www.radiopiu.net\/wordpress\/wp-content\/uploads\/2023\/05\/ComitatoGemellaggiodavanti-graffitoIMG-20230429-WA0033-150x150.jpg\" class=\"attachment-thumbnail size-thumbnail\" alt=\"\" srcset=\"https:\/\/www.radiopiu.net\/wordpress\/wp-content\/uploads\/2023\/05\/ComitatoGemellaggiodavanti-graffitoIMG-20230429-WA0033-150x150.jpg 150w, https:\/\/www.radiopiu.net\/wordpress\/wp-content\/uploads\/2023\/05\/ComitatoGemellaggiodavanti-graffitoIMG-20230429-WA0033-300x298.jpg 300w, https:\/\/www.radiopiu.net\/wordpress\/wp-content\/uploads\/2023\/05\/ComitatoGemellaggiodavanti-graffitoIMG-20230429-WA0033-1024x1017.jpg 1024w, https:\/\/www.radiopiu.net\/wordpress\/wp-content\/uploads\/2023\/05\/ComitatoGemellaggiodavanti-graffitoIMG-20230429-WA0033-768x763.jpg 768w, https:\/\/www.radiopiu.net\/wordpress\/wp-content\/uploads\/2023\/05\/ComitatoGemellaggiodavanti-graffitoIMG-20230429-WA0033.jpg 1334w\" sizes=\"auto, (max-width: 150px) 100vw, 150px\" \/><\/a>\n\t\t\t\t<\/dt><\/dl><dl class='gallery-item'>\n\t\t\t\t<dt class='gallery-icon landscape'>\n\t\t\t\t\t<a class=\"rollover rollover-zoom dt-pswp-item\" title=\"Daniele Scola ABM IMG-20230501-WA0041\" data-dt-img-description=\"\" data-large_image_width=\"1331\" data-large_image_height=\"1063\"href='https:\/\/www.radiopiu.net\/wordpress\/wp-content\/uploads\/2023\/05\/Daniele-Scola-ABM-IMG-20230501-WA0041.jpg'><img loading=\"lazy\" decoding=\"async\" width=\"150\" height=\"150\" src=\"https:\/\/www.radiopiu.net\/wordpress\/wp-content\/uploads\/2023\/05\/Daniele-Scola-ABM-IMG-20230501-WA0041-150x150.jpg\" class=\"attachment-thumbnail size-thumbnail\" alt=\"\" \/><\/a>\n\t\t\t\t<\/dt><\/dl><dl class='gallery-item'>\n\t\t\t\t<dt class='gallery-icon landscape'>\n\t\t\t\t\t<a class=\"rollover rollover-zoom dt-pswp-item\" title=\"Flavio Murer Comune FalcadeIMG-20230430-WA0000\" data-dt-img-description=\"\" data-large_image_width=\"1234\" data-large_image_height=\"824\"href='https:\/\/www.radiopiu.net\/wordpress\/wp-content\/uploads\/2023\/05\/Flavio-Murer-Comune-FalcadeIMG-20230430-WA0000.jpg'><img loading=\"lazy\" decoding=\"async\" width=\"150\" height=\"150\" src=\"https:\/\/www.radiopiu.net\/wordpress\/wp-content\/uploads\/2023\/05\/Flavio-Murer-Comune-FalcadeIMG-20230430-WA0000-150x150.jpg\" class=\"attachment-thumbnail size-thumbnail\" alt=\"\" \/><\/a>\n\t\t\t\t<\/dt><\/dl><dl class='gallery-item'>\n\t\t\t\t<dt class='gallery-icon landscape'>\n\t\t\t\t\t<a class=\"rollover rollover-zoom dt-pswp-item\" title=\"Gruppo Prima della partenzaIMG-20230501-WA0052\" data-dt-img-description=\"\" data-large_image_width=\"1599\" data-large_image_height=\"837\"href='https:\/\/www.radiopiu.net\/wordpress\/wp-content\/uploads\/2023\/05\/Gruppo-Prima-della-partenzaIMG-20230501-WA0052.jpg'><img loading=\"lazy\" decoding=\"async\" width=\"150\" height=\"150\" src=\"https:\/\/www.radiopiu.net\/wordpress\/wp-content\/uploads\/2023\/05\/Gruppo-Prima-della-partenzaIMG-20230501-WA0052-150x150.jpg\" class=\"attachment-thumbnail size-thumbnail\" alt=\"\" \/><\/a>\n\t\t\t\t<\/dt><\/dl><br style=\"clear: both\" \/><dl class='gallery-item'>\n\t\t\t\t<dt class='gallery-icon portrait'>\n\t\t\t\t\t<a class=\"rollover rollover-zoom dt-pswp-item\" title=\"Scola ABM IMG-20230501-WA0040\" data-dt-img-description=\"\" data-large_image_width=\"946\" data-large_image_height=\"1511\"href='https:\/\/www.radiopiu.net\/wordpress\/wp-content\/uploads\/2023\/05\/Scola-ABM-IMG-20230501-WA0040.jpg'><img loading=\"lazy\" decoding=\"async\" width=\"150\" height=\"150\" src=\"https:\/\/www.radiopiu.net\/wordpress\/wp-content\/uploads\/2023\/05\/Scola-ABM-IMG-20230501-WA0040-150x150.jpg\" class=\"attachment-thumbnail size-thumbnail\" alt=\"\" \/><\/a>\n\t\t\t\t<\/dt><\/dl><dl class='gallery-item'>\n\t\t\t\t<dt class='gallery-icon landscape'>\n\t\t\t\t\t<a class=\"rollover rollover-zoom dt-pswp-item\" title=\"Momento Ceriminia InaugurazioneIMG-20230429-WA0037\" data-dt-img-description=\"\" data-large_image_width=\"1912\" data-large_image_height=\"963\"href='https:\/\/www.radiopiu.net\/wordpress\/wp-content\/uploads\/2023\/05\/Momento-Ceriminia-InaugurazioneIMG-20230429-WA0037.jpg'><img loading=\"lazy\" decoding=\"async\" width=\"150\" height=\"150\" src=\"https:\/\/www.radiopiu.net\/wordpress\/wp-content\/uploads\/2023\/05\/Momento-Ceriminia-InaugurazioneIMG-20230429-WA0037-150x150.jpg\" class=\"attachment-thumbnail size-thumbnail\" alt=\"\" \/><\/a>\n\t\t\t\t<\/dt><\/dl><dl class='gallery-item'>\n\t\t\t\t<dt class='gallery-icon landscape'>\n\t\t\t\t\t<a class=\"rollover rollover-zoom dt-pswp-item\" title=\"Gruppo visitaCastelloIMG-20230501-WA0102\" data-dt-img-description=\"\" data-large_image_width=\"1438\" data-large_image_height=\"848\"href='https:\/\/www.radiopiu.net\/wordpress\/wp-content\/uploads\/2023\/05\/Gruppo-visitaCastelloIMG-20230501-WA0102.jpg'><img loading=\"lazy\" decoding=\"async\" width=\"150\" height=\"150\" src=\"https:\/\/www.radiopiu.net\/wordpress\/wp-content\/uploads\/2023\/05\/Gruppo-visitaCastelloIMG-20230501-WA0102-150x150.jpg\" class=\"attachment-thumbnail size-thumbnail\" alt=\"\" \/><\/a>\n\t\t\t\t<\/dt><\/dl><dl class='gallery-item'>\n\t\t\t\t<dt class='gallery-icon landscape'>\n\t\t\t\t\t<a class=\"rollover rollover-zoom dt-pswp-item\" title=\"Graffito IMG-20230501-WA0026\" data-dt-img-description=\"\" data-large_image_width=\"1600\" data-large_image_height=\"1068\"href='https:\/\/www.radiopiu.net\/wordpress\/wp-content\/uploads\/2023\/05\/Graffito-IMG-20230501-WA0026.jpg'><img loading=\"lazy\" decoding=\"async\" width=\"150\" height=\"150\" src=\"https:\/\/www.radiopiu.net\/wordpress\/wp-content\/uploads\/2023\/05\/Graffito-IMG-20230501-WA0026-150x150.jpg\" class=\"attachment-thumbnail size-thumbnail\" alt=\"\" \/><\/a>\n\t\t\t\t<\/dt><\/dl><br style=\"clear: both\" \/>\n\t\t\t<\/div>\n\n<p>&nbsp;<\/p>\n<p>&nbsp;<\/p>\n<p>********<\/p>\n","protected":false},"excerpt":{"rendered":"<p>AGORDO Dal 28 aprile al 1\u00b0 maggio 2023 una delegazione di Agordo si \u00e8 recata in visita alla cittadina Francese di Dolomieu, gemella dal 2005. In questi 18 anni da una parte e dall&#8217;altra sono state organizzate dai rispettivi Comitati numerose iniziative che hanno unito sempre pi\u00f9 le due comunit\u00e0. Questa volta il gemellaggio \u00e8&hellip;<\/p>\n","protected":false},"author":4,"featured_media":333928,"comment_status":"closed","ping_status":"closed","sticky":false,"template":"","format":"standard","meta":{"_monsterinsights_skip_tracking":false,"_monsterinsights_sitenote_active":false,"_monsterinsights_sitenote_note":"","_monsterinsights_sitenote_category":0,"footnotes":""},"categories":[51,49],"tags":[],"class_list":["post-333924","post","type-post","status-publish","format-standard","has-post-thumbnail","hentry","category-evidenza-top","category-news-18","category-51","category-49","description-off"],"img_url":"https:\/\/www.radiopiu.net\/wordpress\/wp-content\/uploads\/2023\/05\/Gruppo-Prima-della-partenzaIMG-20230501-WA0052.jpg","_links":{"self":[{"href":"https:\/\/www.radiopiu.net\/wordpress\/wp-json\/wp\/v2\/posts\/333924","targetHints":{"allow":["GET"]}}],"collection":[{"href":"https:\/\/www.radiopiu.net\/wordpress\/wp-json\/wp\/v2\/posts"}],"about":[{"href":"https:\/\/www.radiopiu.net\/wordpress\/wp-json\/wp\/v2\/types\/post"}],"author":[{"embeddable":true,"href":"https:\/\/www.radiopiu.net\/wordpress\/wp-json\/wp\/v2\/users\/4"}],"replies":[{"embeddable":true,"href":"https:\/\/www.radiopiu.net\/wordpress\/wp-json\/wp\/v2\/comments?post=333924"}],"version-history":[{"count":0,"href":"https:\/\/www.radiopiu.net\/wordpress\/wp-json\/wp\/v2\/posts\/333924\/revisions"}],"wp:featuredmedia":[{"embeddable":true,"href":"https:\/\/www.radiopiu.net\/wordpress\/wp-json\/wp\/v2\/media\/333928"}],"wp:attachment":[{"href":"https:\/\/www.radiopiu.net\/wordpress\/wp-json\/wp\/v2\/media?parent=333924"}],"wp:term":[{"taxonomy":"category","embeddable":true,"href":"https:\/\/www.radiopiu.net\/wordpress\/wp-json\/wp\/v2\/categories?post=333924"},{"taxonomy":"post_tag","embeddable":true,"href":"https:\/\/www.radiopiu.net\/wordpress\/wp-json\/wp\/v2\/tags?post=333924"}],"curies":[{"name":"wp","href":"https:\/\/api.w.org\/{rel}","templated":true}]}}