{"id":333993,"date":"2023-05-03T05:04:36","date_gmt":"2023-05-03T03:04:36","guid":{"rendered":"https:\/\/www.radiopiu.net\/wordpress\/?p=333993"},"modified":"2023-05-03T05:04:36","modified_gmt":"2023-05-03T03:04:36","slug":"addio-a-marcello-ferigo-il-grande-maestro-pasticcere-di-belluno","status":"publish","type":"post","link":"https:\/\/www.radiopiu.net\/wordpress\/addio-a-marcello-ferigo-il-grande-maestro-pasticcere-di-belluno\/","title":{"rendered":"Addio a Marcello Ferigo, il grande maestro pasticcere di Belluno"},"content":{"rendered":"<div class=\"flex-1 overflow-hidden\">\n<div class=\"react-scroll-to-bottom--css-ytdyq-79elbk h-full dark:bg-gray-800\">\n<div class=\"react-scroll-to-bottom--css-ytdyq-1n7m0yu\">\n<div class=\"flex flex-col items-center text-sm dark:bg-gray-800\">\n<div class=\"group w-full text-gray-800 dark:text-gray-100 border-b border-black\/10 dark:border-gray-900\/50 bg-gray-50 dark:bg-[#444654]\">\n<div class=\"text-base gap-4 md:gap-6 md:max-w-2xl lg:max-w-xl xl:max-w-3xl p-4 md:py-6 flex lg:px-0 m-auto\">\n<div class=\"relative flex w-[calc(100%-50px)] flex-col gap-1 md:gap-3 lg:w-[calc(100%-115px)]\">\n<div class=\"flex flex-grow flex-col gap-3\">\n<div class=\"min-h-[20px] flex flex-col items-start gap-4 whitespace-pre-wrap break-words\">\n<div class=\"markdown prose w-full break-words dark:prose-invert light\">\n<p><a class=\"dt-pswp-item\" href=\"https:\/\/www.radiopiu.net\/wordpress\/wp-content\/uploads\/2023\/05\/Senza-nome-5.jpg\" data-dt-img-description=\"\" data-large_image_width=\"260\" data-large_image_height=\"300\"><img loading=\"lazy\" decoding=\"async\" class=\" wp-image-333992 alignleft\" src=\"https:\/\/www.radiopiu.net\/wordpress\/wp-content\/uploads\/2023\/05\/Senza-nome-5.jpg\" alt=\"\" width=\"214\" height=\"247\" \/><\/a><strong>SEDICO<\/strong> Marcello Ferigo,\u00a0 pioniere della pasticceria di Belluno, \u00e8 morto all&#8217;et\u00e0 di 80 anni. Ha trascorso la sua vita lavorativa nella citt\u00e0, prima di trasferirsi alla Stanga. Ferigo si \u00e8 formato alla migliore scuola di pasticceria di Torino e ha lavorato per molto tempo alla pasticceria Deon. Conosciuto per le sue grandi capacit\u00e0 professionali e la fantasia nella preparazione di dolci e pasticcini,\u00a0 \u00e8 stato una figura fondamentale nel mondo della pasticceria. Parallelamente alla sua attivit\u00e0 lavorativa, ha insegnato il mestiere di pasticciere a generazioni di studenti presso l&#8217;istituto alberghiero Dolomieu di Longarone. Il figlio Diego, titolare della trattoria il Moretto di Belluno, ha postato l&#8217;epitaffio del padre sul suo profilo Facebook.\u00a0 &#8220;GRAZIE PER IL PAPA&#8217; CHE SEI STATO&#8221;.<\/p>\n<p>Ferigo ha superato la perdita della sua casa durante la piena del Cordevole nel novembre 2018 e fino alla fine \u00e8 stato una persona lucida e presente. I funerali si terranno oggi nella chiesa parrocchiale del quartiere cittadino di Mussoi e la salma riposer\u00e0 al cimitero di Peron, nel territorio di Sedico. Molte persone hanno espresso le loro condoglianze e apprezzamento per il grande maestro pasticcere.<\/p>\n<p>&nbsp;<\/p>\n<\/div>\n<\/div>\n<\/div>\n<div class=\"flex justify-between lg:block\">\n<div class=\"text-xs flex items-center justify-center gap-1 self-center pt-2 !invisible\">\n<hr \/>\n<\/div>\n<\/div>\n<\/div>\n<\/div>\n<\/div>\n<div class=\"w-full h-32 md:h-48 flex-shrink-0\"><\/div>\n<\/div>\n<p><button class=\"cursor-pointer absolute right-6 bottom-[124px] md:bottom-[120px] z-10 rounded-full border border-gray-200 bg-gray-50 text-gray-600 dark:border-white\/10 dark:bg-white\/10 dark:text-gray-200\"><\/button><\/div>\n<\/div>\n<\/div>\n<div class=\"absolute bottom-0 left-0 w-full border-t md:border-t-0 dark:border-white\/20 md:border-transparent md:dark:border-transparent md:bg-vert-light-gradient bg-white dark:bg-gray-800 md:!bg-transparent dark:md:bg-vert-dark-gradient pt-2\">\n<form class=\"stretch mx-2 flex flex-row gap-3 last:mb-2 md:mx-4 md:last:mb-6 lg:mx-auto lg:max-w-2xl xl:max-w-3xl\">\n<div class=\"relative flex h-full flex-1 items-stretch md:flex-col\">\n<div class=\"\">\n<div class=\"h-full flex ml-1 md:w-full md:m-auto md:mb-2 gap-0 md:gap-2 justify-center\"><\/div>\n<\/div>\n<\/div>\n<\/form>\n<\/div>\n","protected":false},"excerpt":{"rendered":"<p>SEDICO Marcello Ferigo,\u00a0 pioniere della pasticceria di Belluno, \u00e8 morto all&#8217;et\u00e0 di 80 anni. Ha trascorso la sua vita lavorativa nella citt\u00e0, prima di trasferirsi alla Stanga. Ferigo si \u00e8 formato alla migliore scuola di pasticceria di Torino e ha lavorato per molto tempo alla pasticceria Deon. Conosciuto per le sue grandi capacit\u00e0 professionali e&hellip;<\/p>\n","protected":false},"author":4,"featured_media":333992,"comment_status":"closed","ping_status":"closed","sticky":false,"template":"","format":"standard","meta":{"_monsterinsights_skip_tracking":false,"_monsterinsights_sitenote_active":false,"_monsterinsights_sitenote_note":"","_monsterinsights_sitenote_category":0,"footnotes":""},"categories":[51,49],"tags":[],"class_list":["post-333993","post","type-post","status-publish","format-standard","has-post-thumbnail","hentry","category-evidenza-top","category-news-18","category-51","category-49","description-off"],"img_url":"https:\/\/www.radiopiu.net\/wordpress\/wp-content\/uploads\/2023\/05\/Senza-nome-5.jpg","_links":{"self":[{"href":"https:\/\/www.radiopiu.net\/wordpress\/wp-json\/wp\/v2\/posts\/333993","targetHints":{"allow":["GET"]}}],"collection":[{"href":"https:\/\/www.radiopiu.net\/wordpress\/wp-json\/wp\/v2\/posts"}],"about":[{"href":"https:\/\/www.radiopiu.net\/wordpress\/wp-json\/wp\/v2\/types\/post"}],"author":[{"embeddable":true,"href":"https:\/\/www.radiopiu.net\/wordpress\/wp-json\/wp\/v2\/users\/4"}],"replies":[{"embeddable":true,"href":"https:\/\/www.radiopiu.net\/wordpress\/wp-json\/wp\/v2\/comments?post=333993"}],"version-history":[{"count":0,"href":"https:\/\/www.radiopiu.net\/wordpress\/wp-json\/wp\/v2\/posts\/333993\/revisions"}],"wp:featuredmedia":[{"embeddable":true,"href":"https:\/\/www.radiopiu.net\/wordpress\/wp-json\/wp\/v2\/media\/333992"}],"wp:attachment":[{"href":"https:\/\/www.radiopiu.net\/wordpress\/wp-json\/wp\/v2\/media?parent=333993"}],"wp:term":[{"taxonomy":"category","embeddable":true,"href":"https:\/\/www.radiopiu.net\/wordpress\/wp-json\/wp\/v2\/categories?post=333993"},{"taxonomy":"post_tag","embeddable":true,"href":"https:\/\/www.radiopiu.net\/wordpress\/wp-json\/wp\/v2\/tags?post=333993"}],"curies":[{"name":"wp","href":"https:\/\/api.w.org\/{rel}","templated":true}]}}