{"id":334017,"date":"2023-05-03T07:53:38","date_gmt":"2023-05-03T05:53:38","guid":{"rendered":"https:\/\/www.radiopiu.net\/wordpress\/?p=334017"},"modified":"2023-05-03T08:57:45","modified_gmt":"2023-05-03T06:57:45","slug":"ascolta-la-rassegna-stampa-su-radio-piu-alle-otto-del-mattino-dal-1983","status":"publish","type":"post","link":"https:\/\/www.radiopiu.net\/wordpress\/ascolta-la-rassegna-stampa-su-radio-piu-alle-otto-del-mattino-dal-1983\/","title":{"rendered":"ASCOLTA LA RASSEGNA STAMPA, SU RADIO PIU&#8217; ALLE OTTO DEL MATTINO, DAL 1983"},"content":{"rendered":"<p><strong>SEDICO<\/strong> Una folla per l&#8217;ultimo saluto all&#8217;ex sindaco Sergio De Cian, un sindaco che sapeva parlare<br \/>\n<strong>SEDICO<\/strong> Marcello Ferigo, pioniere della pasticceria di Belluno, \u00e8 mortoi. Ha trascorso la sua vita lavorativa nella citt\u00e0, prima di trasferirsi alla Stanga. Ferigo si \u00e8 formato alla migliore scuola di pasticceria di Torino e ha lavorato per molto tempo alla pasticceria Deon<br \/>\n<strong>FELTRE<\/strong> un furgone che trasportava alcuni parapendisti olandesi ha perso il controllo e ha finito per rovesciarsi in una scarpata sottostante. Fortunatamente, la persona alla guida \u00e8 riuscita ad uscire illesa dal veicolo<br \/>\n<strong>QUERO<\/strong> Ieri, poco dopo le 12, si \u00e8 verificato un incidente frontale con una donna ferita e due veicoli danneggiati. La pioggia e l\u2019asfalto viscido sono stati le cause dell\u2019incidente<br \/>\n<strong>CESIOMAGGIOR<\/strong>E Rimangono ai domiciliari i due &#8220;bombaroli&#8221; cesiolini, il potenziale dell&#8217;esplosivo era micidiale.<\/p>\n<p><strong>ALPAGO<\/strong> Orso di passaggio in Alpago, riscontrate le orme dagli operai forestali in Cansiglio per il censimento dei cervi: 170 esemplari.<\/p>\n<p><strong>SICCITA&#8217;<\/strong> In quota ci sono 2 metri di neve in meno rispetto alla norma, dai dati dell&#8217;Arpav che mettono a confronto le precipitazioni da ottobre ad aprile dal 2009 ad oggi.<br \/>\n<strong>RICONOSCIMENTO<\/strong> Il documentario feltrino sui lupi \u00e8 stato premiato al Festival di Trento.<br \/>\n<strong>BELLUNO<\/strong> Varati i rincari sulle bollette dei rifiuti tra le contestazioni della minoranza. Aumenti tra il 10 e il 12,6% &#8220;I soldi per la discarica non erano sufficiente&#8221; taglia corto l&#8217;assessore Paolo Gamba.<br \/>\n<strong>COVID<\/strong> Sono 188 i bellunesi attualmente alle prese con il Covid. Lo segnala il report dell\u2019Usl 1 Dolomiti, ora diventato mensile vista la diminuzione dei casi. L\u2019incidenza, infatti, \u00e8 in continuo calo, \u00abormai al di sotto &#8211; riporta il dipartimento di Prevenzione dell\u2019azienda sanitaria &#8211; della soglia epidemica dei 50 casi ogni 100 mila abitanti\u00bb.<br \/>\n<strong>FELTRE<\/strong> Lo \u201cSportello del Cittadino\u201d realizzato dall\u2019amministrazione comunale di Feltre per raccogliere richieste e segnalazioni dalla popolazione ha registrato oltre 100 persone ogni mese nei primi sei mesi di attivit\u00e0.<br \/>\n<strong>DOLOMIEU<\/strong> (FRANCIA) I bambini di Dolomieu in Francia sono i primi \u201ccustodi\u201d di un nuovo graffito nella \u201cSalle delle fetes\u201d, rappresentante la storia di Deodat Gratet de Dolomieu, un illustre concittadino, creato dall\u2019artista Dunio Piccolin. Il gemellaggio tra Dolomieu e Agordo \u00e8 stato rinvigorito<br \/>\n<strong>VALLADA<\/strong>: rifacimento tetto vecchia latteria di Celat, pronti i progetti per la rigenerazione urbana di Sachet.<br \/>\n<strong>LONGARONE<\/strong> Le Acli longaronesi hanno organizzato la dodicesima edizione della \u201cCamminata dei lavoratori\u201d. Il tema di quest\u2019anno \u00e8 stato il caso Safilo<br \/>\n<strong>MOENA <\/strong>\u00a0La Cassa Rurale Dolomiti di Moena ha presentato ai propri soci un bilancio solido e in crescita, dimostrando la sua forte presenza e azione sociale sul territorio<br \/>\n<strong>domenica A FALCADE<\/strong> &#8220;MOTORI E SPERANZA&#8221;, UNA GIORNATA DEDICATA AI MOTORI E LA BENEFICENZA il podcast sul sito di radiopiu<br \/>\n<strong>SAN TOMASO<\/strong> Il Distretto Venatorio Agordino vi invita Domenica, dalle 9, all&#8217;Arena 1082 di San Tomaso per la Festa del Cacciatore Agordino<br \/>\n<strong>AGORDO<\/strong> La Sezione Agordina del CAI continua a proporre interessanti iniziative anche per promuovere l&#8217;alpinismo giovanile. Dopo il successo delle &#8220;Sere d&#8217;Autunno 2022&#8221;, il prossimo appuntamento sar\u00e0 con Merino Mattiuzzi, personaggio che incarna la natura, il bosco e gli antichi mestieri del passato. La giornata, in programma per domenica 7 maggio a Zopp\u00e8 di Cadore<br \/>\n<strong>ALLEGHE<\/strong> Sabato 6 maggio alle ore 17 nella Sala Congressi di Alleghe si parler\u00e0 del grande alpinismo in Civetta insieme a chi quell\u2019alpinismo l\u2019ha vissuto. L\u2019occasione \u00e8 il 60 mo anniversario del Rifugio Tissi, di propriet\u00e0 del CAI Belluno, organizzatore dell\u2019evento.<br \/>\n<strong>L\u2019IMPEGNO PER LA FIBROSI CISTICA, SULLA STRADA DI BICE<\/strong><br \/>\n<strong>REDAZIONE<\/strong> Raccolta fondi: \u00a0SABATO 6\u00a0maggio a\u00a0Santo Stefano di Cadore, Dosoledo, Agordo, Caviola, Falcade, Castion in Piazza I\u00b0\u00a0Maggio (Alpini), Puos d\u2019Alpago Piazza P. Luciani.\u00a0DOMENICA 7 Maggio\u00a0Parrocchie Del Poi (Rivamonte, Tiser, Gosaldo, Frassen\u00e8 e Voltago) Durante la settimana ci sar\u00e0 il recapito porta a porta della\u00a0\u201cdipladenia\u201d\u00a0a Farra\u00a0d\u2019Alpago e Zopp\u00e8 di Cadore<br \/>\nSOSPIROLO EVENTI \u00a0venerd\u00ec 5 maggio ore 20.45 al Pr\u00e0 della Melia Sonon par San Gottardo, concerto di fisarmoniche.<\/p>\n<p><strong>CALCIO<\/strong> DALL&#8217;AGORDINA AL CAVARZANO. L&#8217;ESORDIO IN ECCELLENZA DI NICOLO&#8217; MARCHIORI<br \/>\n<strong>HOCKEY<\/strong> SU GHIACCIO PRIMA SCONFITTA PER LA NAZIONALE DI HOCKEY AI MONDIALI DI PRIMA DIVISIONE<\/p>\n<p>&nbsp;<\/p>\n<p><iframe loading=\"lazy\" title=\"RASSEGNA STAMPA LOCALE\" width=\"1200\" height=\"675\" src=\"https:\/\/www.youtube.com\/embed\/dabZ0NRQzaE?feature=oembed\" frameborder=\"0\" allow=\"accelerometer; autoplay; clipboard-write; encrypted-media; gyroscope; picture-in-picture; web-share\" allowfullscreen><\/iframe><\/p>\n<p>&nbsp;<\/p>\n<hr \/>\n<p>&nbsp;<\/p>\n","protected":false},"excerpt":{"rendered":"<p>SEDICO Una folla per l&#8217;ultimo saluto all&#8217;ex sindaco Sergio De Cian, un sindaco che sapeva parlare SEDICO Marcello Ferigo, pioniere della pasticceria di Belluno, \u00e8 mortoi. Ha trascorso la sua vita lavorativa nella citt\u00e0, prima di trasferirsi alla Stanga. Ferigo si \u00e8 formato alla migliore scuola di pasticceria di Torino e ha lavorato per molto&hellip;<\/p>\n","protected":false},"author":4,"featured_media":334018,"comment_status":"closed","ping_status":"closed","sticky":false,"template":"","format":"standard","meta":{"_monsterinsights_skip_tracking":false,"_monsterinsights_sitenote_active":false,"_monsterinsights_sitenote_note":"","_monsterinsights_sitenote_category":0,"footnotes":""},"categories":[104,49,142],"tags":[],"class_list":["post-334017","post","type-post","status-publish","format-standard","has-post-thumbnail","hentry","category-evidenza_3","category-news-18","category-rassegna-stampa","category-104","category-49","category-142","description-off"],"img_url":"https:\/\/www.radiopiu.net\/wordpress\/wp-content\/uploads\/2023\/05\/Senza-nome-9.jpg","_links":{"self":[{"href":"https:\/\/www.radiopiu.net\/wordpress\/wp-json\/wp\/v2\/posts\/334017","targetHints":{"allow":["GET"]}}],"collection":[{"href":"https:\/\/www.radiopiu.net\/wordpress\/wp-json\/wp\/v2\/posts"}],"about":[{"href":"https:\/\/www.radiopiu.net\/wordpress\/wp-json\/wp\/v2\/types\/post"}],"author":[{"embeddable":true,"href":"https:\/\/www.radiopiu.net\/wordpress\/wp-json\/wp\/v2\/users\/4"}],"replies":[{"embeddable":true,"href":"https:\/\/www.radiopiu.net\/wordpress\/wp-json\/wp\/v2\/comments?post=334017"}],"version-history":[{"count":0,"href":"https:\/\/www.radiopiu.net\/wordpress\/wp-json\/wp\/v2\/posts\/334017\/revisions"}],"wp:featuredmedia":[{"embeddable":true,"href":"https:\/\/www.radiopiu.net\/wordpress\/wp-json\/wp\/v2\/media\/334018"}],"wp:attachment":[{"href":"https:\/\/www.radiopiu.net\/wordpress\/wp-json\/wp\/v2\/media?parent=334017"}],"wp:term":[{"taxonomy":"category","embeddable":true,"href":"https:\/\/www.radiopiu.net\/wordpress\/wp-json\/wp\/v2\/categories?post=334017"},{"taxonomy":"post_tag","embeddable":true,"href":"https:\/\/www.radiopiu.net\/wordpress\/wp-json\/wp\/v2\/tags?post=334017"}],"curies":[{"name":"wp","href":"https:\/\/api.w.org\/{rel}","templated":true}]}}