{"id":334056,"date":"2023-05-03T13:11:41","date_gmt":"2023-05-03T11:11:41","guid":{"rendered":"https:\/\/www.radiopiu.net\/wordpress\/?p=334056"},"modified":"2023-05-03T13:11:41","modified_gmt":"2023-05-03T11:11:41","slug":"falsa-patente-di-guida-senza-patente-e-con-guida-incerta-fermato-dalla-polizia","status":"publish","type":"post","link":"https:\/\/www.radiopiu.net\/wordpress\/falsa-patente-di-guida-senza-patente-e-con-guida-incerta-fermato-dalla-polizia\/","title":{"rendered":"Falsa patente di guida: senza patente e con guida incerta fermato dalla polizia"},"content":{"rendered":"<div class=\"group w-full text-gray-800 dark:text-gray-100 border-b border-black\/10 dark:border-gray-900\/50 bg-gray-50 dark:bg-[#444654]\">\n<div class=\"text-base gap-4 md:gap-6 md:max-w-2xl lg:max-w-xl xl:max-w-3xl p-4 md:py-6 flex lg:px-0 m-auto\">\n<div class=\"relative flex w-[calc(100%-50px)] flex-col gap-1 md:gap-3 lg:w-[calc(100%-115px)]\">\n<div class=\"flex flex-grow flex-col gap-3\">\n<div class=\"min-h-[20px] flex flex-col items-start gap-4 whitespace-pre-wrap break-words\">\n<div class=\"markdown prose w-full break-words dark:prose-invert light\">\n<p><img loading=\"lazy\" decoding=\"async\" class=\"alignleft\" src=\"https:\/\/www.radiopiu.net\/wordpress\/wp-content\/uploads\/2022\/05\/POLIZIA-2.jpg\" width=\"191\" height=\"108\" \/><strong>BELLUNO<\/strong> Nel pomeriggio di domenica 23 aprile, una volante della Questura ha fermato un&#8217;auto il cui conducente mostrava segni di guida incerta. L&#8217;autista, di origine africana, ha mostrato una patente di guida polacca che ha subito sollevato dubbi sulla sua autenticit\u00e0. Gli agenti hanno utilizzato strumenti e conoscenze tecniche per accertare che il documento non era conforme a quelli rilasciati dallo stato polacco. Ulteriori verifiche hanno confermato che il soggetto non aveva mai conseguito la patente di guida, il che spiega la sua guida maldestra. Il conducente \u00e8 stato deferito all&#8217;autorit\u00e0 giudiziaria che ne valuter\u00e0 le responsabilit\u00e0 penali. Inoltre, \u00e8 stata elevata una sanzione amministrativa di oltre 5.000 \u20ac e il veicolo \u00e8 stato sequestrato poich\u00e9 il conducente non aveva alcuna patente di guida.<\/p>\n<\/div>\n<p>&nbsp;<\/p>\n<hr \/>\n<\/div>\n<\/div>\n<div class=\"flex justify-between lg:block\">\n<div class=\"text-xs flex items-center justify-center gap-1 self-center pt-2 !invisible\"><\/div>\n<div class=\"text-gray-400 flex self-end lg:self-center justify-center mt-2 gap-2 md:gap-3 lg:gap-1 lg:absolute lg:top-0 lg:translate-x-full lg:right-0 lg:mt-0 lg:pl-2 visible\"><\/div>\n<\/div>\n<\/div>\n<\/div>\n<\/div>\n","protected":false},"excerpt":{"rendered":"<p>BELLUNO Nel pomeriggio di domenica 23 aprile, una volante della Questura ha fermato un&#8217;auto il cui conducente mostrava segni di guida incerta. L&#8217;autista, di origine africana, ha mostrato una patente di guida polacca che ha subito sollevato dubbi sulla sua autenticit\u00e0. Gli agenti hanno utilizzato strumenti e conoscenze tecniche per accertare che il documento non&hellip;<\/p>\n","protected":false},"author":4,"featured_media":278033,"comment_status":"closed","ping_status":"closed","sticky":false,"template":"","format":"standard","meta":{"_monsterinsights_skip_tracking":false,"_monsterinsights_sitenote_active":false,"_monsterinsights_sitenote_note":"","_monsterinsights_sitenote_category":0,"footnotes":""},"categories":[51,49],"tags":[],"class_list":["post-334056","post","type-post","status-publish","format-standard","has-post-thumbnail","hentry","category-evidenza-top","category-news-18","category-51","category-49","description-off"],"img_url":"https:\/\/www.radiopiu.net\/wordpress\/wp-content\/uploads\/2022\/05\/POLIZIA-2.jpg","_links":{"self":[{"href":"https:\/\/www.radiopiu.net\/wordpress\/wp-json\/wp\/v2\/posts\/334056","targetHints":{"allow":["GET"]}}],"collection":[{"href":"https:\/\/www.radiopiu.net\/wordpress\/wp-json\/wp\/v2\/posts"}],"about":[{"href":"https:\/\/www.radiopiu.net\/wordpress\/wp-json\/wp\/v2\/types\/post"}],"author":[{"embeddable":true,"href":"https:\/\/www.radiopiu.net\/wordpress\/wp-json\/wp\/v2\/users\/4"}],"replies":[{"embeddable":true,"href":"https:\/\/www.radiopiu.net\/wordpress\/wp-json\/wp\/v2\/comments?post=334056"}],"version-history":[{"count":0,"href":"https:\/\/www.radiopiu.net\/wordpress\/wp-json\/wp\/v2\/posts\/334056\/revisions"}],"wp:featuredmedia":[{"embeddable":true,"href":"https:\/\/www.radiopiu.net\/wordpress\/wp-json\/wp\/v2\/media\/278033"}],"wp:attachment":[{"href":"https:\/\/www.radiopiu.net\/wordpress\/wp-json\/wp\/v2\/media?parent=334056"}],"wp:term":[{"taxonomy":"category","embeddable":true,"href":"https:\/\/www.radiopiu.net\/wordpress\/wp-json\/wp\/v2\/categories?post=334056"},{"taxonomy":"post_tag","embeddable":true,"href":"https:\/\/www.radiopiu.net\/wordpress\/wp-json\/wp\/v2\/tags?post=334056"}],"curies":[{"name":"wp","href":"https:\/\/api.w.org\/{rel}","templated":true}]}}