{"id":334058,"date":"2023-05-03T13:17:23","date_gmt":"2023-05-03T11:17:23","guid":{"rendered":"https:\/\/www.radiopiu.net\/wordpress\/?p=334058"},"modified":"2023-05-03T13:17:23","modified_gmt":"2023-05-03T11:17:23","slug":"arrestato-un-ladro-nel-centro-storico-di-belluno-grazie-alla-segnalazione-di-un-cittadino","status":"publish","type":"post","link":"https:\/\/www.radiopiu.net\/wordpress\/arrestato-un-ladro-nel-centro-storico-di-belluno-grazie-alla-segnalazione-di-un-cittadino\/","title":{"rendered":"&#8220;ARRESTATO UN LADRO NEL CENTRO STORICO DI BELLUNO GRAZIE ALLA SEGNALAZIONE DI UN CITTADINO&#8221;"},"content":{"rendered":"<p><strong><img loading=\"lazy\" decoding=\"async\" class=\"alignleft\" src=\"https:\/\/www.radiopiu.net\/wordpress\/wp-content\/uploads\/2022\/05\/POLIZIA-3.jpg\" width=\"134\" height=\"238\" \/>BELLUNO L<\/strong>a notte del 24 aprile, un uomo \u00e8 stato segnalato dalla polizia per aver rotto la vetrata di un negozio nel centro storico. Grazie alla segnalazione tempestiva del cittadino, le Volanti della Questura sono arrivate rapidamente sul posto e hanno trovato l&#8217;uomo dentro il negozio, nascosto in uno dei bagni. Il ladro, gi\u00e0 noto alle forze dell&#8217;ordine, non ha trovato nulla di valore nel negozio, poich\u00e9 i gestori avevano gi\u00e0 svuotato la cassa prima della chiusura. Dopo essere stato portato in Questura per gli atti di rito, l&#8217;uomo \u00e8 stato deferito alla competente Autorit\u00e0 Giudiziaria per valutare la sua responsabilit\u00e0 penale. Inoltre, a causa del divieto di ritorno nel comune di Belluno, l&#8217;individuo \u00e8 stato accompagnato oltre i confini bellunesi. La polizia ha ringraziato il cittadino che ha segnalato l&#8217;accaduto e ha ribadito l&#8217;importanza della collaborazione tra le forze dell&#8217;ordine e la comunit\u00e0 per prevenire e contrastare la criminalit\u00e0.<\/p>\n<p>&nbsp;<\/p>\n<p>&nbsp;<\/p>\n<p>&nbsp;<\/p>\n<p>&nbsp;<\/p>\n<hr \/>\n<p>&nbsp;<\/p>\n","protected":false},"excerpt":{"rendered":"<p>BELLUNO La notte del 24 aprile, un uomo \u00e8 stato segnalato dalla polizia per aver rotto la vetrata di un negozio nel centro storico. Grazie alla segnalazione tempestiva del cittadino, le Volanti della Questura sono arrivate rapidamente sul posto e hanno trovato l&#8217;uomo dentro il negozio, nascosto in uno dei bagni. Il ladro, gi\u00e0 noto&hellip;<\/p>\n","protected":false},"author":4,"featured_media":278036,"comment_status":"closed","ping_status":"closed","sticky":false,"template":"","format":"standard","meta":{"_monsterinsights_skip_tracking":false,"_monsterinsights_sitenote_active":false,"_monsterinsights_sitenote_note":"","_monsterinsights_sitenote_category":0,"footnotes":""},"categories":[51,49],"tags":[],"class_list":["post-334058","post","type-post","status-publish","format-standard","has-post-thumbnail","hentry","category-evidenza-top","category-news-18","category-51","category-49","description-off"],"img_url":"https:\/\/www.radiopiu.net\/wordpress\/wp-content\/uploads\/2022\/05\/POLIZIA-3.jpg","_links":{"self":[{"href":"https:\/\/www.radiopiu.net\/wordpress\/wp-json\/wp\/v2\/posts\/334058","targetHints":{"allow":["GET"]}}],"collection":[{"href":"https:\/\/www.radiopiu.net\/wordpress\/wp-json\/wp\/v2\/posts"}],"about":[{"href":"https:\/\/www.radiopiu.net\/wordpress\/wp-json\/wp\/v2\/types\/post"}],"author":[{"embeddable":true,"href":"https:\/\/www.radiopiu.net\/wordpress\/wp-json\/wp\/v2\/users\/4"}],"replies":[{"embeddable":true,"href":"https:\/\/www.radiopiu.net\/wordpress\/wp-json\/wp\/v2\/comments?post=334058"}],"version-history":[{"count":0,"href":"https:\/\/www.radiopiu.net\/wordpress\/wp-json\/wp\/v2\/posts\/334058\/revisions"}],"wp:featuredmedia":[{"embeddable":true,"href":"https:\/\/www.radiopiu.net\/wordpress\/wp-json\/wp\/v2\/media\/278036"}],"wp:attachment":[{"href":"https:\/\/www.radiopiu.net\/wordpress\/wp-json\/wp\/v2\/media?parent=334058"}],"wp:term":[{"taxonomy":"category","embeddable":true,"href":"https:\/\/www.radiopiu.net\/wordpress\/wp-json\/wp\/v2\/categories?post=334058"},{"taxonomy":"post_tag","embeddable":true,"href":"https:\/\/www.radiopiu.net\/wordpress\/wp-json\/wp\/v2\/tags?post=334058"}],"curies":[{"name":"wp","href":"https:\/\/api.w.org\/{rel}","templated":true}]}}