{"id":334133,"date":"2023-05-03T18:18:34","date_gmt":"2023-05-03T16:18:34","guid":{"rendered":"https:\/\/www.radiopiu.net\/wordpress\/?p=334133"},"modified":"2023-05-03T18:18:34","modified_gmt":"2023-05-03T16:18:34","slug":"alleghe-settantanni-di-fotoriva","status":"publish","type":"post","link":"https:\/\/www.radiopiu.net\/wordpress\/alleghe-settantanni-di-fotoriva\/","title":{"rendered":"ALLEGHE: SETTANT\u2019ANNI DI FOTORIVA"},"content":{"rendered":"<p><strong>di Giorgio Fontanive<\/strong><\/p>\n<p><strong>ALLEGHE <\/strong>Nel negozio che d\u00e0 su Piazza Kennedy, alla parete c\u2019\u00e8 una vecchia licenza comunale che integra l\u2019attivit\u00e0 che gi\u00e0 esisteva da qualche anno relativa al commercio di articoli ricordo per i turisti, cartoleria nonch\u00e9 laboratorio del titolare; datata 1952, riguarda la vendita di materiale fotografico.\u00a0 \u00c8 controfirmata dal gestore Valentino Riva, gi\u00e0 sindaco del paese, valente scultore in legno, la cui tecnica artistica era stata acquisita dagli artigiani di Val Gardena con varie stagioni di tirocinio ancora in et\u00e0 adolescenziale. Tra le opere di maggiore valenza dell\u2019artista, due anni prima, a Santa Maria delle Grazie era stato inaugurato il grande crocifisso che abbelliva la facciata della storica chiesa che dava il nome al paese, viatico per promuovere la costruzione del nuovo santuario come proposto dai padri francescani, qui giunti nel 1946. Allora il primogenito Gianfranco Riva aveva appena concluso la scuola elementare e stava orientando il proprio futuro: cos\u00ec, nel negozio, inizi\u00f2 ad aiutare il padre nel reparto fotografico, utilizzato soprattutto come recapito per lo sviluppo dei rullini che erano sviluppati da Antonio Soia <em>Tonin Mast\u00e8la<\/em>, da oltre trent\u2019anni storico riferimento commerciale di Caprile. Ed \u00e8 cos\u00ec che da quel 1952 prende avvio quella che sar\u00e0 l\u2019attivit\u00e0 di Gianfranco Riva, dapprima cautamente, poi con intenti duraturi, sotto gli attenti sguardi dei genitori: talmente che due anni dopo fu assunto per alcuni mesi il modenese Enzo Botti. Il professionista inizi\u00f2 il ragazzo ai segreti della camera oscura corroborate dalle tecniche della fotografia da studio e sul campo, che via via, trasformarono l\u2019apprendista in un <em>testimonial<\/em> che, per settant\u2019anni, ha fermato sulla pellicola la vita del comprensorio Medio-Alto Cord\u00e9vole: cronaca, cultura, sport (hockey, alpinismo), incontri, manifestazioni, eventi, calamit\u00e0 naturali\u2026. Ma quei primi anni dell\u2019apprendimento non furono facili: preso atto del lavoro di apprendista nel laboratorio del padre nel corso della stagione turistica estiva con bella presenza di villeggianti ad Alleghe, restava il dubbio di come applicarsi nel resto dell\u2019annualit\u00e0, compatibilmente con l\u2019impegno intrapreso. La soluzione fu quella di trovare un impiego presso il valente professionista Hubert Planinseck di La Villa in Badia, che si era ormai affermato con un proprio negozio dopo varie stagioni alle dipendenze di Ghedina di Cortina d\u2019Ampezzo, dove aveva anche colto quella famosa immagine della Croce di nubi che incombe sul Col di Lana, dal grande successo commerciale con svariate edizioni, naturalmente pubblicizzata come edizione Foto Ghedina-Cortina. Dall\u2019autunno del 1954, quattordicenne, il ragazzo di Alleghe entr\u00f2 quindi come apprendista nella famiglia badiota Planinseck: vi rest\u00f2 per almeno 3 annualit\u00e0 da ottobre a maggio col solo compenso del vitto e dell\u2019alloggio com\u2019era uso in quel tempo il rapporto con gli stagionali veneti. Pur in situazioni talvolta difficili, per Gianfranco il lavoro fu corroborato da una vera passione tesa ad apprendere la professione avviata in tutte le sue sfaccettature sia nel processo per realizzare una buona immagine, sia nel rapporto con la clientela. Di tutte le qualit\u00e0: nei mesi a bassa frequentazione nel ricco scenario del turismo di lingua tedesca sconosciuto nell\u2019Agordino, una delle attivit\u00e0 era indirizzata alle foto ricordo delle famiglie autoctone: una volta, visitando con Hubert un maso isolato, il cliente pag\u00f2 il servizio con un pollo vivo che poi fin\u00ec in padella a casa non senza qualche boccaccesco inconveniente. Grande impegno era rivolto ai negativi su lastra in vetro, essenziali per stampare cartoline postali: a tale scopo assieme a Herr Planinsek girovag\u00f2 le Dolomiti Atesine assistendo successivamente alla stampa artigianale dei soggetti prescelti, un procedimento che poi applic\u00f2 nella bottega di Alleghe su bobine a misura, ritagliando a mano ogni cartolina sul cui retro era stampigliato a timbro lo spazio per l\u2019indirizzo, il francobollo e per le comunicazioni. Trascorso l\u2019altalenante periodo da apprendista, affinando le sue conoscenze che in seguito si dimostrarono davvero utili oltre il Passo Campolongo, quasi alla fine degli anni \u201950 il giovane alleghese &#8211; dopo una breve parentesi (una specie di <em>master<\/em>), presso il professionista Burloni di Belluno &#8211; entr\u00f2 ufficialmente a far parte del mondo della fotografia delle Dolomiti col marchio Foto Riva che, dal 1962, divenne via via assai conosciuto. Importantissima fu la diligente sistemazione di tutti i negativi in lastra, dando vita ad un archivio &#8211; attualmente vera ricchezza documentale &#8211; facilmente consultabile, che contiene settant\u2019anni della vita del suo paese con le modificazioni paesaggistiche ed etniche del comprensorio Medio-Alto Agordino; qui sono presenti anche vari ricordi di autorit\u00e0 del mondo politico, di quello religioso e della cronaca sportiva; tra i colleghi con cui ebbe una forte amicizia si ricorda il bellunese Mario De Biasi. Oggi, accanto alla presenza del titolare, l\u2019attivit\u00e0 di famiglia legata alla fotografia, \u00e8 condotta dai due figli Ilario e Diego, che continuano la professione del padre ampliando i servizi offerti alla clientela sfruttando le nuove tecnologie con gli strumenti pi\u00f9 moderni come l\u2019utilizzo del drone; nei due negozi di Alleghe e Malga Ciap\u00e8la il lavoro \u00e8 coadiuvato dalla moglie Silvana e dalla figlia Roberta soprattutto nei reparti souvenir e artigianato. Insomma, tutta un\u2019altra storia adesso, ma il ricordo di quei primi anni di gavetta non sono stati dimenticati.<\/p>\n\n\t\t\t<style type='text\/css'>\n\t\t\t\t#gallery-1 {\n\t\t\t\t\tmargin: auto;\n\t\t\t\t}\n\t\t\t\t#gallery-1 .gallery-item {\n\t\t\t\t\tfloat: left;\n\t\t\t\t\tmargin-top: 10px;\n\t\t\t\t\ttext-align: center;\n\t\t\t\t\twidth: 33%;\n\t\t\t\t}\n\t\t\t\t#gallery-1 img {\n\t\t\t\t\tborder: 2px solid #cfcfcf;\n\t\t\t\t}\n\t\t\t\t#gallery-1 .gallery-caption {\n\t\t\t\t\tmargin-left: 0;\n\t\t\t\t}\n\t\t\t\t\/* see gallery_shortcode() in wp-includes\/media.php *\/\n\t\t\t<\/style>\n\t\t<div id='gallery-1' class='dt-gallery-container gallery galleryid-334133 gallery-columns-3 gallery-size-medium'><dl class='gallery-item'>\n\t\t\t\t<dt class='gallery-icon portrait'>\n\t\t\t\t\t<a class=\"rollover\" href='https:\/\/www.radiopiu.net\/wordpress\/alleghe-settantanni-di-fotoriva\/1-enzo-botti-e-gf-riva-1954\/'><img loading=\"lazy\" decoding=\"async\" width=\"217\" height=\"300\" src=\"https:\/\/www.radiopiu.net\/wordpress\/wp-content\/uploads\/2023\/05\/1-Enzo-Botti-e-Gf-Riva-1954-217x300.jpg\" class=\"attachment-medium size-medium\" alt=\"\" aria-describedby=\"gallery-1-334135\" srcset=\"https:\/\/www.radiopiu.net\/wordpress\/wp-content\/uploads\/2023\/05\/1-Enzo-Botti-e-Gf-Riva-1954-217x300.jpg 217w, https:\/\/www.radiopiu.net\/wordpress\/wp-content\/uploads\/2023\/05\/1-Enzo-Botti-e-Gf-Riva-1954-740x1024.jpg 740w, https:\/\/www.radiopiu.net\/wordpress\/wp-content\/uploads\/2023\/05\/1-Enzo-Botti-e-Gf-Riva-1954-768x1063.jpg 768w, https:\/\/www.radiopiu.net\/wordpress\/wp-content\/uploads\/2023\/05\/1-Enzo-Botti-e-Gf-Riva-1954-1110x1536.jpg 1110w, https:\/\/www.radiopiu.net\/wordpress\/wp-content\/uploads\/2023\/05\/1-Enzo-Botti-e-Gf-Riva-1954-1480x2048.jpg 1480w, https:\/\/www.radiopiu.net\/wordpress\/wp-content\/uploads\/2023\/05\/1-Enzo-Botti-e-Gf-Riva-1954-scaled.jpg 1850w\" sizes=\"auto, (max-width: 217px) 100vw, 217px\" \/><\/a>\n\t\t\t\t<\/dt>\n\t\t\t\t\t<dd class='wp-caption-text gallery-caption' id='gallery-1-334135'>\n\t\t\t\t\t1\n\t\t\t\t\t<\/dd><\/dl><dl class='gallery-item'>\n\t\t\t\t<dt class='gallery-icon portrait'>\n\t\t\t\t\t<a class=\"rollover\" href='https:\/\/www.radiopiu.net\/wordpress\/alleghe-settantanni-di-fotoriva\/2-col-di-lana-foto-planisek\/'><img loading=\"lazy\" decoding=\"async\" width=\"200\" height=\"300\" src=\"https:\/\/www.radiopiu.net\/wordpress\/wp-content\/uploads\/2023\/05\/2-Col-di-Lana-foto-Planisek-200x300.jpg\" class=\"attachment-medium size-medium\" alt=\"\" aria-describedby=\"gallery-1-334136\" srcset=\"https:\/\/www.radiopiu.net\/wordpress\/wp-content\/uploads\/2023\/05\/2-Col-di-Lana-foto-Planisek-200x300.jpg 200w, https:\/\/www.radiopiu.net\/wordpress\/wp-content\/uploads\/2023\/05\/2-Col-di-Lana-foto-Planisek-683x1024.jpg 683w, https:\/\/www.radiopiu.net\/wordpress\/wp-content\/uploads\/2023\/05\/2-Col-di-Lana-foto-Planisek-768x1152.jpg 768w, https:\/\/www.radiopiu.net\/wordpress\/wp-content\/uploads\/2023\/05\/2-Col-di-Lana-foto-Planisek-1024x1536.jpg 1024w, https:\/\/www.radiopiu.net\/wordpress\/wp-content\/uploads\/2023\/05\/2-Col-di-Lana-foto-Planisek-rotated.jpg 1276w\" sizes=\"auto, (max-width: 200px) 100vw, 200px\" \/><\/a>\n\t\t\t\t<\/dt>\n\t\t\t\t\t<dd class='wp-caption-text gallery-caption' id='gallery-1-334136'>\n\t\t\t\t\t2\n\t\t\t\t\t<\/dd><\/dl><dl class='gallery-item'>\n\t\t\t\t<dt class='gallery-icon landscape'>\n\t\t\t\t\t<a class=\"rollover\" href='https:\/\/www.radiopiu.net\/wordpress\/alleghe-settantanni-di-fotoriva\/3-pensione-alpina-oggi-hotel-adriana\/'><img loading=\"lazy\" decoding=\"async\" width=\"300\" height=\"207\" src=\"https:\/\/www.radiopiu.net\/wordpress\/wp-content\/uploads\/2023\/05\/3-Pensione-Alpina-oggi-Hotel-Adriana-300x207.jpg\" class=\"attachment-medium size-medium\" alt=\"\" aria-describedby=\"gallery-1-334138\" srcset=\"https:\/\/www.radiopiu.net\/wordpress\/wp-content\/uploads\/2023\/05\/3-Pensione-Alpina-oggi-Hotel-Adriana-300x207.jpg 300w, https:\/\/www.radiopiu.net\/wordpress\/wp-content\/uploads\/2023\/05\/3-Pensione-Alpina-oggi-Hotel-Adriana-1024x706.jpg 1024w, https:\/\/www.radiopiu.net\/wordpress\/wp-content\/uploads\/2023\/05\/3-Pensione-Alpina-oggi-Hotel-Adriana-768x529.jpg 768w, https:\/\/www.radiopiu.net\/wordpress\/wp-content\/uploads\/2023\/05\/3-Pensione-Alpina-oggi-Hotel-Adriana-1536x1059.jpg 1536w, https:\/\/www.radiopiu.net\/wordpress\/wp-content\/uploads\/2023\/05\/3-Pensione-Alpina-oggi-Hotel-Adriana-2048x1412.jpg 2048w\" sizes=\"auto, (max-width: 300px) 100vw, 300px\" \/><\/a>\n\t\t\t\t<\/dt>\n\t\t\t\t\t<dd class='wp-caption-text gallery-caption' id='gallery-1-334138'>\n\t\t\t\t\t3\n\t\t\t\t\t<\/dd><\/dl><br style=\"clear: both\" \/>\n\t\t\t<\/div>\n\n\n\t\t\t<style type='text\/css'>\n\t\t\t\t#gallery-2 {\n\t\t\t\t\tmargin: auto;\n\t\t\t\t}\n\t\t\t\t#gallery-2 .gallery-item {\n\t\t\t\t\tfloat: left;\n\t\t\t\t\tmargin-top: 10px;\n\t\t\t\t\ttext-align: center;\n\t\t\t\t\twidth: 25%;\n\t\t\t\t}\n\t\t\t\t#gallery-2 img {\n\t\t\t\t\tborder: 2px solid #cfcfcf;\n\t\t\t\t}\n\t\t\t\t#gallery-2 .gallery-caption {\n\t\t\t\t\tmargin-left: 0;\n\t\t\t\t}\n\t\t\t\t\/* see gallery_shortcode() in wp-includes\/media.php *\/\n\t\t\t<\/style>\n\t\t<div id='gallery-2' class='dt-gallery-container gallery galleryid-334133 gallery-columns-4 gallery-size-medium'><dl class='gallery-item'>\n\t\t\t\t<dt class='gallery-icon portrait'>\n\t\t\t\t\t<a class=\"rollover rollover-zoom dt-pswp-item\" title=\"4-Con il papa\" data-dt-img-description=\"\" data-large_image_width=\"623\" data-large_image_height=\"624\"href='https:\/\/www.radiopiu.net\/wordpress\/wp-content\/uploads\/2023\/05\/4-Con-il-papa.jpg'><img loading=\"lazy\" decoding=\"async\" width=\"300\" height=\"300\" src=\"https:\/\/www.radiopiu.net\/wordpress\/wp-content\/uploads\/2023\/05\/4-Con-il-papa-300x300.jpg\" class=\"attachment-medium size-medium\" alt=\"\" aria-describedby=\"gallery-2-334137\" srcset=\"https:\/\/www.radiopiu.net\/wordpress\/wp-content\/uploads\/2023\/05\/4-Con-il-papa-300x300.jpg 300w, https:\/\/www.radiopiu.net\/wordpress\/wp-content\/uploads\/2023\/05\/4-Con-il-papa-150x150.jpg 150w, https:\/\/www.radiopiu.net\/wordpress\/wp-content\/uploads\/2023\/05\/4-Con-il-papa.jpg 623w\" sizes=\"auto, (max-width: 300px) 100vw, 300px\" \/><\/a>\n\t\t\t\t<\/dt>\n\t\t\t\t\t<dd class='wp-caption-text gallery-caption' id='gallery-2-334137'>\n\t\t\t\t\t4\n\t\t\t\t\t<\/dd><\/dl><dl class='gallery-item'>\n\t\t\t\t<dt class='gallery-icon landscape'>\n\t\t\t\t\t<a class=\"rollover rollover-zoom dt-pswp-item\" title=\"4bis-Bellenzier - Copia\" data-dt-img-description=\"\" data-large_image_width=\"480\" data-large_image_height=\"330\"href='https:\/\/www.radiopiu.net\/wordpress\/wp-content\/uploads\/2023\/05\/4bis-Bellenzier-Copia.jpeg'><img loading=\"lazy\" decoding=\"async\" width=\"300\" height=\"206\" src=\"https:\/\/www.radiopiu.net\/wordpress\/wp-content\/uploads\/2023\/05\/4bis-Bellenzier-Copia-300x206.jpeg\" class=\"attachment-medium size-medium\" alt=\"\" aria-describedby=\"gallery-2-334141\" srcset=\"https:\/\/www.radiopiu.net\/wordpress\/wp-content\/uploads\/2023\/05\/4bis-Bellenzier-Copia-300x206.jpeg 300w, https:\/\/www.radiopiu.net\/wordpress\/wp-content\/uploads\/2023\/05\/4bis-Bellenzier-Copia.jpeg 480w\" sizes=\"auto, (max-width: 300px) 100vw, 300px\" \/><\/a>\n\t\t\t\t<\/dt>\n\t\t\t\t\t<dd class='wp-caption-text gallery-caption' id='gallery-2-334141'>\n\t\t\t\t\t4 bis\n\t\t\t\t\t<\/dd><\/dl><dl class='gallery-item'>\n\t\t\t\t<dt class='gallery-icon landscape'>\n\t\t\t\t\t<a class=\"rollover rollover-zoom dt-pswp-item\" title=\"5a-Negozio vecchio 1960\" data-dt-img-description=\"\" data-large_image_width=\"640\" data-large_image_height=\"399\"href='https:\/\/www.radiopiu.net\/wordpress\/wp-content\/uploads\/2023\/05\/5a-Negozio-vecchio-1960.jpeg'><img loading=\"lazy\" decoding=\"async\" width=\"300\" height=\"187\" src=\"https:\/\/www.radiopiu.net\/wordpress\/wp-content\/uploads\/2023\/05\/5a-Negozio-vecchio-1960-300x187.jpeg\" class=\"attachment-medium size-medium\" alt=\"\" aria-describedby=\"gallery-2-334139\" srcset=\"https:\/\/www.radiopiu.net\/wordpress\/wp-content\/uploads\/2023\/05\/5a-Negozio-vecchio-1960-300x187.jpeg 300w, https:\/\/www.radiopiu.net\/wordpress\/wp-content\/uploads\/2023\/05\/5a-Negozio-vecchio-1960.jpeg 640w\" sizes=\"auto, (max-width: 300px) 100vw, 300px\" \/><\/a>\n\t\t\t\t<\/dt>\n\t\t\t\t\t<dd class='wp-caption-text gallery-caption' id='gallery-2-334139'>\n\t\t\t\t\t5\n\t\t\t\t\t<\/dd><\/dl><dl class='gallery-item'>\n\t\t\t\t<dt class='gallery-icon landscape'>\n\t\t\t\t\t<a class=\"rollover rollover-zoom dt-pswp-item\" title=\"5b-Negozio nuovo 2010\" data-dt-img-description=\"\" data-large_image_width=\"640\" data-large_image_height=\"480\"href='https:\/\/www.radiopiu.net\/wordpress\/wp-content\/uploads\/2023\/05\/5b-Negozio-nuovo-2010.jpeg'><img loading=\"lazy\" decoding=\"async\" width=\"300\" height=\"225\" src=\"https:\/\/www.radiopiu.net\/wordpress\/wp-content\/uploads\/2023\/05\/5b-Negozio-nuovo-2010-300x225.jpeg\" class=\"attachment-medium size-medium\" alt=\"\" aria-describedby=\"gallery-2-334140\" srcset=\"https:\/\/www.radiopiu.net\/wordpress\/wp-content\/uploads\/2023\/05\/5b-Negozio-nuovo-2010-300x225.jpeg 300w, https:\/\/www.radiopiu.net\/wordpress\/wp-content\/uploads\/2023\/05\/5b-Negozio-nuovo-2010.jpeg 640w\" sizes=\"auto, (max-width: 300px) 100vw, 300px\" \/><\/a>\n\t\t\t\t<\/dt>\n\t\t\t\t\t<dd class='wp-caption-text gallery-caption' id='gallery-2-334140'>\n\t\t\t\t\t6\n\t\t\t\t\t<\/dd><\/dl><br style=\"clear: both\" \/>\n\t\t\t<\/div>\n\n<p><strong>1 &#8211; Gianfranco Riva accanto al suo tutore Enzo Botti di Modena che insegner\u00e0 al ragazzo i segreti della fotografia: \u00e8 il 1954. Notare il camice nero, classico per gli operatori del settore. <\/strong><\/p>\n<p><strong>2 &#8211; La famosa cartolina del Col di Lana su cui incombe la croce di nubi colta da Hubert Planinsek quando era dipendente Foto Ghedina-Cortina. \u00c8 doveroso segnalare che lo scatto non fu premonitore di eventi terribili perch\u00e9 \u00e8 successivo al conflitto. Parte delle conoscenze di Gianfranco Riva furono acquisite nei mesi trascorsi alle dipendenze del fotografo badioto.\u00a0 <\/strong><\/p>\n<p><strong>3 &#8211; Una delle prima cartoline con finalit\u00e0 commerciali risalente alla fine degli anni \u201950, colta a Masar\u00e8 di Alleghe, paese nat\u00eco di Gianfranco davanti alla Pensione Alpina, oggi Hotel Adriana, la persona sulla sdraio; il retro \u00e8 semplice a timbro: si tratta di un esemplare delle cartoline ritagliate a mano.<\/strong><\/p>\n<p><strong>4 &#8211; Gianfranco Riva accanto a Giovanni Paolo II in occasione del ricevimento della delegazione agordina al Vaticano.<\/strong><\/p>\n<p><strong>4 bis &#8211; Foto ricordo in occasione della prima salita alla Torre Alleghe (1964): da sinistra Giuseppe Sorge, l\u2019alpinista Domenico Bellenzier, il sindaco Fontana e il pap\u00e0 Valentino.\u00a0 \u00a0<\/strong><\/p>\n<p><strong>5\/6 &#8211; Il vecchio negozio di Corso Italia e il nuovo di Via Coldai ad Alleghe.<\/strong><\/p>\n<p>&nbsp;<\/p>\n<p>&nbsp;<\/p>\n<p>*******<\/p>\n","protected":false},"excerpt":{"rendered":"<p>di Giorgio Fontanive ALLEGHE Nel negozio che d\u00e0 su Piazza Kennedy, alla parete c\u2019\u00e8 una vecchia licenza comunale che integra l\u2019attivit\u00e0 che gi\u00e0 esisteva da qualche anno relativa al commercio di articoli ricordo per i turisti, cartoleria nonch\u00e9 laboratorio del titolare; datata 1952, riguarda la vendita di materiale fotografico.\u00a0 \u00c8 controfirmata dal gestore Valentino Riva,&hellip;<\/p>\n","protected":false},"author":4,"featured_media":334139,"comment_status":"closed","ping_status":"closed","sticky":false,"template":"","format":"standard","meta":{"_monsterinsights_skip_tracking":false,"_monsterinsights_sitenote_active":false,"_monsterinsights_sitenote_note":"","_monsterinsights_sitenote_category":0,"footnotes":""},"categories":[104,49],"tags":[],"class_list":["post-334133","post","type-post","status-publish","format-standard","has-post-thumbnail","hentry","category-evidenza_3","category-news-18","category-104","category-49","description-off"],"img_url":"https:\/\/www.radiopiu.net\/wordpress\/wp-content\/uploads\/2023\/05\/5a-Negozio-vecchio-1960.jpeg","_links":{"self":[{"href":"https:\/\/www.radiopiu.net\/wordpress\/wp-json\/wp\/v2\/posts\/334133","targetHints":{"allow":["GET"]}}],"collection":[{"href":"https:\/\/www.radiopiu.net\/wordpress\/wp-json\/wp\/v2\/posts"}],"about":[{"href":"https:\/\/www.radiopiu.net\/wordpress\/wp-json\/wp\/v2\/types\/post"}],"author":[{"embeddable":true,"href":"https:\/\/www.radiopiu.net\/wordpress\/wp-json\/wp\/v2\/users\/4"}],"replies":[{"embeddable":true,"href":"https:\/\/www.radiopiu.net\/wordpress\/wp-json\/wp\/v2\/comments?post=334133"}],"version-history":[{"count":0,"href":"https:\/\/www.radiopiu.net\/wordpress\/wp-json\/wp\/v2\/posts\/334133\/revisions"}],"wp:featuredmedia":[{"embeddable":true,"href":"https:\/\/www.radiopiu.net\/wordpress\/wp-json\/wp\/v2\/media\/334139"}],"wp:attachment":[{"href":"https:\/\/www.radiopiu.net\/wordpress\/wp-json\/wp\/v2\/media?parent=334133"}],"wp:term":[{"taxonomy":"category","embeddable":true,"href":"https:\/\/www.radiopiu.net\/wordpress\/wp-json\/wp\/v2\/categories?post=334133"},{"taxonomy":"post_tag","embeddable":true,"href":"https:\/\/www.radiopiu.net\/wordpress\/wp-json\/wp\/v2\/tags?post=334133"}],"curies":[{"name":"wp","href":"https:\/\/api.w.org\/{rel}","templated":true}]}}