{"id":334181,"date":"2023-05-04T10:00:59","date_gmt":"2023-05-04T08:00:59","guid":{"rendered":"https:\/\/www.radiopiu.net\/wordpress\/?p=334181"},"modified":"2023-05-03T23:00:14","modified_gmt":"2023-05-03T21:00:14","slug":"da-dediche-e-richieste-federica-elmi-da-radio-piu-passando-per-m2o-e-ora-a-rai-radio-2","status":"publish","type":"post","link":"https:\/\/www.radiopiu.net\/wordpress\/da-dediche-e-richieste-federica-elmi-da-radio-piu-passando-per-m2o-e-ora-a-rai-radio-2\/","title":{"rendered":"DA DEDICHE E RICHIESTE&#8230;FEDERICA ELMI: DA RADIO PIU&#8217; PASSANDO PER M2O E ORA A RAI RADIO 2"},"content":{"rendered":"<p><strong><a class=\"dt-pswp-item\" href=\"https:\/\/www.radiopiu.net\/wordpress\/wp-content\/uploads\/2023\/05\/FEDERICA-ELMI.jpg\" data-dt-img-description=\"\" data-large_image_width=\"2048\" data-large_image_height=\"1365\"><img loading=\"lazy\" decoding=\"async\" class=\" wp-image-334182 alignleft\" src=\"https:\/\/www.radiopiu.net\/wordpress\/wp-content\/uploads\/2023\/05\/FEDERICA-ELMI-300x200.jpg\" alt=\"\" width=\"156\" height=\"104\" srcset=\"https:\/\/www.radiopiu.net\/wordpress\/wp-content\/uploads\/2023\/05\/FEDERICA-ELMI-300x200.jpg 300w, https:\/\/www.radiopiu.net\/wordpress\/wp-content\/uploads\/2023\/05\/FEDERICA-ELMI-1024x683.jpg 1024w, https:\/\/www.radiopiu.net\/wordpress\/wp-content\/uploads\/2023\/05\/FEDERICA-ELMI-768x512.jpg 768w, https:\/\/www.radiopiu.net\/wordpress\/wp-content\/uploads\/2023\/05\/FEDERICA-ELMI-1536x1024.jpg 1536w, https:\/\/www.radiopiu.net\/wordpress\/wp-content\/uploads\/2023\/05\/FEDERICA-ELMI.jpg 2048w\" sizes=\"auto, (max-width: 156px) 100vw, 156px\" \/><\/a>REDAZIONE<\/strong> Appuntamento del mercoled\u00ec sera con Dediche e Richieste. Il primo ospite della serata \u00e8 stata Federica Elmi. Gli ascoltatori di Radio Pi\u00f9 la conoscono bene perch\u00e9 per oltre 10 anni ha tenuto compagnia tutte le mattine dalle 11. Poi il passaggio a M2O e da tre anni conduce &#8220;Le Lunatiche&#8221; su Rai Radio 2. Un ottimo rapporto con Radio Pi\u00f9 che si prolunga da pi\u00f9 di 15 anni.<\/p>\n<p><strong>FEDERICA ELMI<\/strong><\/p>\n<audio class=\"wp-audio-shortcode\" id=\"audio-334181-1\" preload=\"none\" style=\"width: 100%;\" controls=\"controls\"><source type=\"audio\/mpeg\" src=\"https:\/\/www.radiopiu.net\/wordpress\/wp-content\/uploads\/2023\/05\/DEDICHE-E-RICHIESTE-FEDERICA-ELMI.mp3?_=1\" \/><a href=\"https:\/\/www.radiopiu.net\/wordpress\/wp-content\/uploads\/2023\/05\/DEDICHE-E-RICHIESTE-FEDERICA-ELMI.mp3\">https:\/\/www.radiopiu.net\/wordpress\/wp-content\/uploads\/2023\/05\/DEDICHE-E-RICHIESTE-FEDERICA-ELMI.mp3<\/a><\/audio>\n<p>&nbsp;<\/p>\n<p>&nbsp;<\/p>\n<p>******<\/p>\n","protected":false},"excerpt":{"rendered":"<p>REDAZIONE Appuntamento del mercoled\u00ec sera con Dediche e Richieste. Il primo ospite della serata \u00e8 stata Federica Elmi. Gli ascoltatori di Radio Pi\u00f9 la conoscono bene perch\u00e9 per oltre 10 anni ha tenuto compagnia tutte le mattine dalle 11. Poi il passaggio a M2O e da tre anni conduce &#8220;Le Lunatiche&#8221; su Rai Radio 2.&hellip;<\/p>\n","protected":false},"author":4,"featured_media":334182,"comment_status":"closed","ping_status":"closed","sticky":false,"template":"","format":"standard","meta":{"_monsterinsights_skip_tracking":false,"_monsterinsights_sitenote_active":false,"_monsterinsights_sitenote_note":"","_monsterinsights_sitenote_category":0,"footnotes":""},"categories":[49],"tags":[],"class_list":["post-334181","post","type-post","status-publish","format-standard","has-post-thumbnail","hentry","category-news-18","category-49","description-off"],"img_url":"https:\/\/www.radiopiu.net\/wordpress\/wp-content\/uploads\/2023\/05\/FEDERICA-ELMI.jpg","_links":{"self":[{"href":"https:\/\/www.radiopiu.net\/wordpress\/wp-json\/wp\/v2\/posts\/334181","targetHints":{"allow":["GET"]}}],"collection":[{"href":"https:\/\/www.radiopiu.net\/wordpress\/wp-json\/wp\/v2\/posts"}],"about":[{"href":"https:\/\/www.radiopiu.net\/wordpress\/wp-json\/wp\/v2\/types\/post"}],"author":[{"embeddable":true,"href":"https:\/\/www.radiopiu.net\/wordpress\/wp-json\/wp\/v2\/users\/4"}],"replies":[{"embeddable":true,"href":"https:\/\/www.radiopiu.net\/wordpress\/wp-json\/wp\/v2\/comments?post=334181"}],"version-history":[{"count":0,"href":"https:\/\/www.radiopiu.net\/wordpress\/wp-json\/wp\/v2\/posts\/334181\/revisions"}],"wp:featuredmedia":[{"embeddable":true,"href":"https:\/\/www.radiopiu.net\/wordpress\/wp-json\/wp\/v2\/media\/334182"}],"wp:attachment":[{"href":"https:\/\/www.radiopiu.net\/wordpress\/wp-json\/wp\/v2\/media?parent=334181"}],"wp:term":[{"taxonomy":"category","embeddable":true,"href":"https:\/\/www.radiopiu.net\/wordpress\/wp-json\/wp\/v2\/categories?post=334181"},{"taxonomy":"post_tag","embeddable":true,"href":"https:\/\/www.radiopiu.net\/wordpress\/wp-json\/wp\/v2\/tags?post=334181"}],"curies":[{"name":"wp","href":"https:\/\/api.w.org\/{rel}","templated":true}]}}