{"id":334184,"date":"2023-11-22T05:15:17","date_gmt":"2023-11-22T04:15:17","guid":{"rendered":"https:\/\/www.radiopiu.net\/wordpress\/?p=334184"},"modified":"2023-11-22T05:59:50","modified_gmt":"2023-11-22T04:59:50","slug":"da-dediche-e-richieste-sissi-martinelli-una-vita-passata-in-radio","status":"publish","type":"post","link":"https:\/\/www.radiopiu.net\/wordpress\/da-dediche-e-richieste-sissi-martinelli-una-vita-passata-in-radio\/","title":{"rendered":"DA DEDICHE E RICHIESTE&#8230;.SISSI MARTINELLI, UNA VITA PASSATA IN RADIO"},"content":{"rendered":"<p><strong><a class=\"dt-pswp-item\" href=\"https:\/\/www.radiopiu.net\/wordpress\/wp-content\/uploads\/2023\/05\/SISSI-MARTINELLI.jpg\" data-dt-img-description=\"\" data-large_image_width=\"400\" data-large_image_height=\"400\"><img loading=\"lazy\" decoding=\"async\" class=\" wp-image-334185 alignleft\" src=\"https:\/\/www.radiopiu.net\/wordpress\/wp-content\/uploads\/2023\/05\/SISSI-MARTINELLI-300x300.jpg\" alt=\"\" width=\"129\" height=\"129\" srcset=\"https:\/\/www.radiopiu.net\/wordpress\/wp-content\/uploads\/2023\/05\/SISSI-MARTINELLI-300x300.jpg 300w, https:\/\/www.radiopiu.net\/wordpress\/wp-content\/uploads\/2023\/05\/SISSI-MARTINELLI-150x150.jpg 150w, https:\/\/www.radiopiu.net\/wordpress\/wp-content\/uploads\/2023\/05\/SISSI-MARTINELLI.jpg 400w\" sizes=\"auto, (max-width: 129px) 100vw, 129px\" \/><\/a>REDAZIONE<\/strong> Ci tiene compagnia ogni mattina dalle 11 in poi su Radio Pi\u00f9. Lei \u00e8 Sissi Martinelli, pugliese, pi\u00f9 di 40 anni di carriera davanti al microfono. Ci ha raccontato la sua esperienza in radio ma non solo. Un&#8217;intervista a 360 gradi tra radio, musica e concerti&#8230;<\/p>\n<p>&nbsp;<\/p>\n<p>&nbsp;<\/p>\n<p><strong>SISSI MARTINELLI<\/strong><\/p>\n<audio class=\"wp-audio-shortcode\" id=\"audio-334184-1\" preload=\"none\" style=\"width: 100%;\" controls=\"controls\"><source type=\"audio\/mpeg\" src=\"https:\/\/www.radiopiu.net\/wordpress\/wp-content\/uploads\/2023\/05\/DEDICHE-E-RICHIESTE-SISSI-MARTINELLI.mp3?_=1\" \/><a href=\"https:\/\/www.radiopiu.net\/wordpress\/wp-content\/uploads\/2023\/05\/DEDICHE-E-RICHIESTE-SISSI-MARTINELLI.mp3\">https:\/\/www.radiopiu.net\/wordpress\/wp-content\/uploads\/2023\/05\/DEDICHE-E-RICHIESTE-SISSI-MARTINELLI.mp3<\/a><\/audio>\n<p>&nbsp;<\/p>\n<p>&nbsp;<\/p>\n<p>*****<\/p>\n","protected":false},"excerpt":{"rendered":"<p>REDAZIONE Ci tiene compagnia ogni mattina dalle 11 in poi su Radio Pi\u00f9. Lei \u00e8 Sissi Martinelli, pugliese, pi\u00f9 di 40 anni di carriera davanti al microfono. Ci ha raccontato la sua esperienza in radio ma non solo. Un&#8217;intervista a 360 gradi tra radio, musica e concerti&#8230; &nbsp; &nbsp; SISSI MARTINELLI &nbsp; &nbsp; *****<\/p>\n","protected":false},"author":4,"featured_media":334185,"comment_status":"closed","ping_status":"closed","sticky":false,"template":"","format":"standard","meta":{"_monsterinsights_skip_tracking":false,"_monsterinsights_sitenote_active":false,"_monsterinsights_sitenote_note":"","_monsterinsights_sitenote_category":0,"footnotes":""},"categories":[104,49],"tags":[],"class_list":["post-334184","post","type-post","status-publish","format-standard","has-post-thumbnail","hentry","category-evidenza_3","category-news-18","category-104","category-49","description-off"],"img_url":"https:\/\/www.radiopiu.net\/wordpress\/wp-content\/uploads\/2023\/05\/SISSI-MARTINELLI.jpg","_links":{"self":[{"href":"https:\/\/www.radiopiu.net\/wordpress\/wp-json\/wp\/v2\/posts\/334184","targetHints":{"allow":["GET"]}}],"collection":[{"href":"https:\/\/www.radiopiu.net\/wordpress\/wp-json\/wp\/v2\/posts"}],"about":[{"href":"https:\/\/www.radiopiu.net\/wordpress\/wp-json\/wp\/v2\/types\/post"}],"author":[{"embeddable":true,"href":"https:\/\/www.radiopiu.net\/wordpress\/wp-json\/wp\/v2\/users\/4"}],"replies":[{"embeddable":true,"href":"https:\/\/www.radiopiu.net\/wordpress\/wp-json\/wp\/v2\/comments?post=334184"}],"version-history":[{"count":0,"href":"https:\/\/www.radiopiu.net\/wordpress\/wp-json\/wp\/v2\/posts\/334184\/revisions"}],"wp:featuredmedia":[{"embeddable":true,"href":"https:\/\/www.radiopiu.net\/wordpress\/wp-json\/wp\/v2\/media\/334185"}],"wp:attachment":[{"href":"https:\/\/www.radiopiu.net\/wordpress\/wp-json\/wp\/v2\/media?parent=334184"}],"wp:term":[{"taxonomy":"category","embeddable":true,"href":"https:\/\/www.radiopiu.net\/wordpress\/wp-json\/wp\/v2\/categories?post=334184"},{"taxonomy":"post_tag","embeddable":true,"href":"https:\/\/www.radiopiu.net\/wordpress\/wp-json\/wp\/v2\/tags?post=334184"}],"curies":[{"name":"wp","href":"https:\/\/api.w.org\/{rel}","templated":true}]}}