{"id":334198,"date":"2023-05-05T05:44:20","date_gmt":"2023-05-05T03:44:20","guid":{"rendered":"https:\/\/www.radiopiu.net\/wordpress\/?p=334198"},"modified":"2023-05-05T06:14:34","modified_gmt":"2023-05-05T04:14:34","slug":"giornale-radiopiu-05-maggio-2023-direttore-mirko-mezzacasa-verso-i-40-anni-25-giugno-1983-25-giugno-2023","status":"publish","type":"post","link":"https:\/\/www.radiopiu.net\/wordpress\/giornale-radiopiu-05-maggio-2023-direttore-mirko-mezzacasa-verso-i-40-anni-25-giugno-1983-25-giugno-2023\/","title":{"rendered":"GIORNALE RADIOPIU 05 MAGGIO 2023 DIRETTORE MIRKO MEZZACASA&#8230;verso i 40 anni 25 giugno 1983-25 giugno 2023"},"content":{"rendered":"<h2 style=\"text-align: left;\"><span style=\"color: #ff0000;\"><span style=\"vertical-align: inherit;\"><a class=\"dt-pswp-item\" href=\"https:\/\/www.radiopiu.net\/wordpress\/wp-content\/uploads\/2023\/04\/e0aad41d-951e-47b9-9fae-1a879a9bcb7e-1.jpg\" data-dt-img-description=\"\" data-large_image_width=\"1200\" data-large_image_height=\"1200\"><img loading=\"lazy\" decoding=\"async\" class=\"wp-image-333205 alignleft\" src=\"https:\/\/www.radiopiu.net\/wordpress\/wp-content\/uploads\/2023\/04\/e0aad41d-951e-47b9-9fae-1a879a9bcb7e-1-300x300.jpg\" alt=\"\" width=\"110\" height=\"110\" srcset=\"https:\/\/www.radiopiu.net\/wordpress\/wp-content\/uploads\/2023\/04\/e0aad41d-951e-47b9-9fae-1a879a9bcb7e-1-300x300.jpg 300w, https:\/\/www.radiopiu.net\/wordpress\/wp-content\/uploads\/2023\/04\/e0aad41d-951e-47b9-9fae-1a879a9bcb7e-1-1024x1024.jpg 1024w, https:\/\/www.radiopiu.net\/wordpress\/wp-content\/uploads\/2023\/04\/e0aad41d-951e-47b9-9fae-1a879a9bcb7e-1-150x150.jpg 150w, https:\/\/www.radiopiu.net\/wordpress\/wp-content\/uploads\/2023\/04\/e0aad41d-951e-47b9-9fae-1a879a9bcb7e-1-768x768.jpg 768w, https:\/\/www.radiopiu.net\/wordpress\/wp-content\/uploads\/2023\/04\/e0aad41d-951e-47b9-9fae-1a879a9bcb7e-1.jpg 1200w\" sizes=\"auto, (max-width: 110px) 100vw, 110px\" \/><\/a><\/span><\/span><\/h2>\n<h2 style=\"text-align: left;\"><span style=\"color: #ff0000;\"><span style=\"vertical-align: inherit;\">ISCRIVITI AL NOSTRO CANALE\u00a0 <\/span><\/span><span style=\"vertical-align: inherit;\"> YOUTUBE PER SEGUIRE IN DIRETTA I PRINCIPALI PROGRAMMI DI RADIO PIU&#8217; E LE FUTURE DIRETTE IN ESTERNA. PER ISCRIVERTI <\/span><a style=\"color: #ff0000;\" href=\"https:\/\/youtube.com\/@radiopiu1527\"><span style=\"vertical-align: inherit;\">CLICCA QUI <\/span><\/a><span style=\"color: #ff0000; font-size: 14px; font-weight: normal;\"><span style=\"vertical-align: inherit;\">E PREMI\u00a0 &#8220;Iscriviti&#8221;\u00a0 \u00a0 \u00a0\u00a0<\/span><\/span><\/h2>\n<p>&nbsp;<\/p>\n<p>&nbsp;<\/p>\n<p>&nbsp;<\/p>\n<hr \/>\n<div dir=\"auto\"><span style=\"color: #0000ff;\"><strong>\u00a0\u00a0<\/strong><\/span><\/div>\n<p><span style=\"color: #0000ff;\"><strong><a class=\"dt-pswp-item\" href=\"https:\/\/www.radiopiu.net\/wordpress\/wp-content\/uploads\/2023\/05\/MONICA-FONTANIVE.jpg\" data-dt-img-description=\"\" data-large_image_width=\"292\" data-large_image_height=\"493\"><img loading=\"lazy\" decoding=\"async\" class=\" wp-image-334199 alignleft\" src=\"https:\/\/www.radiopiu.net\/wordpress\/wp-content\/uploads\/2023\/05\/MONICA-FONTANIVE-178x300.jpg\" alt=\"\" width=\"99\" height=\"167\" srcset=\"https:\/\/www.radiopiu.net\/wordpress\/wp-content\/uploads\/2023\/05\/MONICA-FONTANIVE-178x300.jpg 178w, https:\/\/www.radiopiu.net\/wordpress\/wp-content\/uploads\/2023\/05\/MONICA-FONTANIVE.jpg 292w\" sizes=\"auto, (max-width: 99px) 100vw, 99px\" \/><\/a>E anche STAMANE\u00a0 RADIOPIU si fa in CINQUE\u00a0 per i suoi ascoltatori&#8230;.<\/strong><\/span><\/p>\n<p><strong>1&#8230;.<\/strong> alle 8 la rassegna stampa locale, dal 1983 tutti i giorni puntuale alle otto del mattino<\/p>\n<p>2&#8230;.alle 8:35 RADIO PIU&#8217; PREMIERE, le due principali novit\u00e0 discografiche del fine settimana<\/p>\n<p><strong>3<\/strong>&#8230;.alle 9.10 la musica anni 80 con Monica Fontanive (FOTO)<\/p>\n<p><strong>4.<\/strong> &#8230;.alle 10.30\u00a0 PAOLO STEFAN\u00a0 SOLIDARIETA&#8217; VENETO FONDO PENSIONE, ANALISI MENSILI E TRIMESTRALI<\/p>\n<p><strong>5<\/strong>&#8230;.alle 12.30 giornale radio edizione principale<\/p>\n<p>&nbsp;<\/p>\n<hr \/>\n<p>&nbsp;<\/p>\n<blockquote>\n<h3>A LARZONEI DI LIVINALLONGO ACQUA NON POTABILE<\/h3>\n<\/blockquote>\n<p><strong><a class=\"dt-pswp-item\" href=\"https:\/\/www.radiopiu.net\/wordpress\/wp-content\/uploads\/2018\/08\/ACQUA.jpeg\" data-dt-img-description=\"\" data-large_image_width=\"1280\" data-large_image_height=\"768\"><img loading=\"lazy\" decoding=\"async\" class=\" wp-image-57052 alignleft\" src=\"https:\/\/www.radiopiu.net\/wordpress\/wp-content\/uploads\/2018\/08\/ACQUA-300x180.jpeg\" alt=\"\" width=\"246\" height=\"148\" srcset=\"https:\/\/www.radiopiu.net\/wordpress\/wp-content\/uploads\/2018\/08\/ACQUA-300x180.jpeg 300w, https:\/\/www.radiopiu.net\/wordpress\/wp-content\/uploads\/2018\/08\/ACQUA-768x461.jpeg 768w, https:\/\/www.radiopiu.net\/wordpress\/wp-content\/uploads\/2018\/08\/ACQUA-1024x614.jpeg 1024w, https:\/\/www.radiopiu.net\/wordpress\/wp-content\/uploads\/2018\/08\/ACQUA.jpeg 1280w\" sizes=\"auto, (max-width: 246px) 100vw, 246px\" \/><\/a> <\/strong><\/p>\n<p><strong>\u00a0<\/strong><\/p>\n<p><strong>LIVINALLONGO<\/strong> Gestione Servizi Pubblici informa che a LIVINALLONGO in LOCALITA&#8217; LARZONEI, l&#8217;acqua erogata dall&#8217;acquedotto non \u00e8 potabile e pu\u00f2 essere usata per scopi alimentari SOLO PREVIA bollitura. GSP ha, comunque, gi\u00e0 adottato le necessarie misure per la disinfezione dell&#8217;acqua presente nei serbatoi e nella rete idrica con l&#8217;aggiunta di cloro.<\/p>\n<p>&nbsp;<\/p>\n<p>&nbsp;<\/p>\n<hr \/>\n<p>&nbsp;<\/p>\n<div class=\"flex-1 overflow-hidden\">\n<div class=\"react-scroll-to-bottom--css-cyjnt-79elbk h-full dark:bg-gray-800\">\n<div class=\"react-scroll-to-bottom--css-cyjnt-1n7m0yu\">\n<div class=\"flex flex-col items-center text-sm dark:bg-gray-800\">\n<div class=\"group w-full text-gray-800 dark:text-gray-100 border-b border-black\/10 dark:border-gray-900\/50 bg-gray-50 dark:bg-[#444654]\">\n<div class=\"flex p-4 gap-4 text-base md:gap-6 md:max-w-2xl lg:max-w-xl xl:max-w-3xl md:py-6 lg:px-0 m-auto\">\n<div class=\"relative flex flex-col w-[calc(100%-50px)] gap-1 md:gap-3 lg:w-[calc(100%-115px)]\">\n<div class=\"flex flex-grow flex-col gap-3\">\n<div class=\"min-h-[20px] flex flex-col items-start gap-4 whitespace-pre-wrap break-words\">\n<div class=\"markdown prose w-full break-words dark:prose-invert light\">\n<blockquote>\n<h3>ADDIO GIOVANNI, IL TRIBUTO DEI NOMADI A TOMO<\/h3>\n<p><em>La comunit\u00e0 dei fan dei Nomadi ha voluto dare l&#8217;ultimo saluto all&#8217;amico e collaboratore che ha sempre dimostrato grande passione e dedizione per il gruppo musicale.<\/em><\/p><\/blockquote>\n<p><strong><a class=\"dt-pswp-item\" href=\"https:\/\/www.radiopiu.net\/wordpress\/wp-content\/uploads\/2023\/05\/Senza-nome.png\" data-dt-img-description=\"\" data-large_image_width=\"572\" data-large_image_height=\"316\"><img loading=\"lazy\" decoding=\"async\" class=\" wp-image-334355 alignleft\" src=\"https:\/\/www.radiopiu.net\/wordpress\/wp-content\/uploads\/2023\/05\/Senza-nome-300x166.png\" alt=\"\" width=\"271\" height=\"150\" srcset=\"https:\/\/www.radiopiu.net\/wordpress\/wp-content\/uploads\/2023\/05\/Senza-nome-300x166.png 300w, https:\/\/www.radiopiu.net\/wordpress\/wp-content\/uploads\/2023\/05\/Senza-nome.png 572w\" sizes=\"auto, (max-width: 271px) 100vw, 271px\" \/><\/a>FELTRE\u00a0<\/strong> Tomo si \u00e8 stretta intorno a Giovanni Tosatto, l&#8217;amato manager dei Nomadi scomparso all&#8217;et\u00e0 di 52 anni. Alla cerimonia funebre,\u00a0 erano presenti numerosi amici, <a class=\"dt-pswp-item\" href=\"https:\/\/www.radiopiu.net\/wordpress\/wp-content\/uploads\/2023\/05\/Senza-nome-18.jpg\" data-dt-img-description=\"\" data-large_image_width=\"192\" data-large_image_height=\"263\"><img loading=\"lazy\" decoding=\"async\" class=\" wp-image-334356 alignright\" src=\"https:\/\/www.radiopiu.net\/wordpress\/wp-content\/uploads\/2023\/05\/Senza-nome-18.jpg\" alt=\"\" width=\"115\" height=\"158\" \/><\/a>parenti e fan del celebre gruppo musicale, che ha tributato un sentito omaggio all&#8217;uomo che ha lavorato al loro fianco per ben trent&#8217;anni. I Nomadi hanno voluto onorare la memoria di Gi\u00f2 intonando &#8220;Io vagabondo&#8221;, accompagnati da tutti i presenti. Inoltre, il batterista Daniele Campani ha testimoniato l&#8217;amicizia e la stima reciproca che lo legavano al collega, sottolineando quanto il suo lavoro non fosse mai stato valutato con la giusta attenzione. La cerimonia \u00e8 stata partecipata e commovente.<\/p>\n<blockquote><p><em>Giovanni Tosatto lascia un vuoto incolmabile nella comunit\u00e0 di Tomo e tra i Nomadi, ma rimarr\u00e0 sempre nel cuore di coloro che hanno avuto il privilegio di conoscerlo e di collaborare con lui. Ciao Gi\u00f2.<\/em><\/p><\/blockquote>\n<\/div>\n<\/div>\n<\/div>\n<div class=\"flex justify-between lg:block\"><\/div>\n<\/div>\n<\/div>\n<\/div>\n<\/div>\n<\/div>\n<\/div>\n<\/div>\n<div class=\"absolute bottom-0 left-0 w-full border-t md:border-t-0 dark:border-white\/20 md:border-transparent md:dark:border-transparent md:bg-vert-light-gradient bg-white dark:bg-gray-800 md:!bg-transparent dark:md:bg-vert-dark-gradient pt-2\">\n<form class=\"stretch mx-2 flex flex-row gap-3 last:mb-2 md:mx-4 md:last:mb-6 lg:mx-auto lg:max-w-2xl xl:max-w-3xl\">\n<div class=\"relative flex h-full flex-1 items-stretch md:flex-col\">\n<div class=\"\">\n<div class=\"h-full flex ml-1 md:w-full md:m-auto md:mb-2 gap-0 md:gap-2 justify-center\">\n<div class=\"flex w-full items-center justify-center gap-2\"><\/div>\n<\/div>\n<\/div>\n<\/div>\n<\/form>\n<\/div>\n<p>IL VIDEO, DAL CORRIERE DELLE ALPI<span style=\"color: #0000ff;\"><strong> <a style=\"color: #0000ff;\" href=\"https:\/\/corrierealpi.gelocal.it\/belluno\/cronaca\/2023\/05\/04\/video\/feltre_i_nomadi_cantano_io_vagabondo_al_funerale_del_loro_manager-12787205\/?ref=CALPI-M13-S1-T1\">CLICCA QUI<\/a><\/strong><\/span><\/p>\n<p>&nbsp;<\/p>\n<p>&nbsp;<\/p>\n<hr \/>\n<p>&nbsp;<\/p>\n<p style=\"text-align: left;\"><span style=\"color: #ff0000;\"><strong><a class=\"dt-pswp-item\" href=\"https:\/\/www.radiopiu.net\/wordpress\/wp-content\/uploads\/2023\/05\/Senza-nome-16.jpg\" data-dt-img-description=\"\" data-large_image_width=\"157\" data-large_image_height=\"136\"><img loading=\"lazy\" decoding=\"async\" class=\" wp-image-334212 alignleft\" src=\"https:\/\/www.radiopiu.net\/wordpress\/wp-content\/uploads\/2023\/05\/Senza-nome-16.jpg\" alt=\"\" width=\"120\" height=\"104\" \/><\/a>ALLEGHE, L&#8217;ULTIMO SALUTO A &#8220;LEO&#8221;<\/strong><\/span><\/p>\n<p><strong>IL LUTTO <\/strong><\/p>\n<p><strong>Oggi alle 14.30 nella chiesa di Caprile i funerali di Leonora Pezz\u00e8, morta a 33 anni dopo una lunga battaglia contro un male terribile. La giovane era molto nota ad Alleghe, dove lavorava insieme ai genitori, Virgilio e Daniela, ed al fratello Luca nella gestione dell&#8217;albergo Monte Civetta di Caprile.\u00a0<\/strong><\/p>\n<p>&nbsp;<\/p>\n<hr \/>\n<p>&nbsp;<\/p>\n<blockquote>\n<h3>LA COMUNIT\u00c0 DI DOMEGGE IN LUTTO PER L&#8217;IMPROVVISA MORTE DELL&#8217;ARCHITETTO LUCIO BONI<\/h3>\n<\/blockquote>\n<div class=\"flex-1 overflow-hidden\">\n<div class=\"react-scroll-to-bottom--css-cyjnt-79elbk h-full dark:bg-gray-800\">\n<div class=\"react-scroll-to-bottom--css-cyjnt-1n7m0yu\">\n<div class=\"flex flex-col items-center text-sm dark:bg-gray-800\">\n<div class=\"group w-full text-gray-800 dark:text-gray-100 border-b border-black\/10 dark:border-gray-900\/50 bg-gray-50 dark:bg-[#444654]\">\n<div class=\"flex p-4 gap-4 text-base md:gap-6 md:max-w-2xl lg:max-w-xl xl:max-w-3xl md:py-6 lg:px-0 m-auto\">\n<div class=\"relative flex flex-col w-[calc(100%-50px)] gap-1 md:gap-3 lg:w-[calc(100%-115px)]\">\n<div class=\"flex flex-grow flex-col gap-3\">\n<div class=\"min-h-[20px] flex flex-col items-start gap-4 whitespace-pre-wrap break-words\">\n<div class=\"markdown prose w-full break-words dark:prose-invert light\">\n<p><strong><a class=\"dt-pswp-item\" href=\"https:\/\/www.radiopiu.net\/wordpress\/wp-content\/uploads\/2023\/05\/Senza-nome-19.jpg\" data-dt-img-description=\"\" data-large_image_width=\"220\" data-large_image_height=\"308\"><img loading=\"lazy\" decoding=\"async\" class=\" wp-image-334369 alignleft\" src=\"https:\/\/www.radiopiu.net\/wordpress\/wp-content\/uploads\/2023\/05\/Senza-nome-19-214x300.jpg\" alt=\"\" width=\"150\" height=\"210\" srcset=\"https:\/\/www.radiopiu.net\/wordpress\/wp-content\/uploads\/2023\/05\/Senza-nome-19-214x300.jpg 214w, https:\/\/www.radiopiu.net\/wordpress\/wp-content\/uploads\/2023\/05\/Senza-nome-19.jpg 220w\" sizes=\"auto, (max-width: 150px) 100vw, 150px\" \/><\/a>LOZZO DI CADORE<\/strong> Lucio Boni \u00e8 improvvisamente scomparso all&#8217;et\u00e0 di 67 anni. L&#8217;architetto, con studio a Lozzo, era un punto di riferimento per la comunit\u00e0 di Domegge, dove si trovava la sua abitazione. La sua attivit\u00e0 professionale si estendeva a molte citt\u00e0 italiane, ma anche all&#8217;estero. Recentemente, Boni si era occupato della ristrutturazione dell&#8217;hotel Ampezzo di Cortina, un progetto che testimonia la sua capacit\u00e0 di innovazione e di adattarsi alle esigenze del mercato. La comunit\u00e0 di Domegge lo ricorda con affetto e stima, come un professionista generoso e disponibile, sempre pronto ad aiutare e a condividere la sua esperienza con i colleghi pi\u00f9 giovani. Lascia la moglie Cristina, i figli Bruno, Marta ed Elena, la mamma Livia e la sorella Antonella. Le esequie avranno luogo questo pomeriggio alle 15 nella chiesa parrocchiale di San Giorgio, dove amici, colleghi e parenti potranno rendere omaggio alla sua memoria.<\/p>\n<blockquote><p><em>Lucio Boni rimarr\u00e0 sempre un punto di riferimento per la comunit\u00e0 di Domegge e per tutti coloro che hanno avuto la fortuna di conoscerlo e di lavorare con lui. La sua impronta nell&#8217;architettura della provincia di Belluno sar\u00e0 sempre riconosciuta e apprezzata.<\/em><\/p><\/blockquote>\n<\/div>\n<\/div>\n<\/div>\n<div class=\"flex justify-between lg:block\">\n<div class=\"text-xs flex items-center justify-center gap-1 self-center pt-2 !invisible\"><\/div>\n<\/div>\n<\/div>\n<\/div>\n<\/div>\n<\/div>\n<\/div>\n<\/div>\n<\/div>\n<p>&nbsp;<\/p>\n<p>&nbsp;<\/p>\n<hr \/>\n<p>&nbsp;<\/p>\n<blockquote>\n<h3>CARABINIERI DI FELTRE INDIVIDUANO I RESPONSABILI DEI FURTI E RECUPERANO INGENTE REFURTIVA IN UN&#8217;OPERAZIONE DI SUCCESSO<\/h3>\n<\/blockquote>\n<blockquote>\n<p align=\"JUSTIFY\"><em><span style=\"font-family: Times New Roman, serif;\"><span style=\"font-size: medium;\">ieri, su delega della Procura della Repubblica di Belluno che sta coordinando le indagini, gli uomini dell&#8217;Arma hanno eseguito numerose perquisizioni in provincia di Belluno ma anche in comuni delle province di Treviso e Vicenza, a carico di 3 soggetti ritenuti collegati ai furti commessi negli scorsi mesi<\/span><\/span><\/em><\/p>\n<\/blockquote>\n<p><strong><a class=\"dt-pswp-item\" href=\"https:\/\/www.radiopiu.net\/wordpress\/wp-content\/uploads\/2023\/05\/Carabinieri-di-Feltre-con-la-refurtiva_1.jpg\" data-dt-img-description=\"\" data-large_image_width=\"2048\" data-large_image_height=\"1536\"><img loading=\"lazy\" decoding=\"async\" class=\"size-medium wp-image-334242 alignleft\" src=\"https:\/\/www.radiopiu.net\/wordpress\/wp-content\/uploads\/2023\/05\/Carabinieri-di-Feltre-con-la-refurtiva_1-300x225.jpg\" alt=\"\" width=\"300\" height=\"225\" srcset=\"https:\/\/www.radiopiu.net\/wordpress\/wp-content\/uploads\/2023\/05\/Carabinieri-di-Feltre-con-la-refurtiva_1-300x225.jpg 300w, https:\/\/www.radiopiu.net\/wordpress\/wp-content\/uploads\/2023\/05\/Carabinieri-di-Feltre-con-la-refurtiva_1-1024x768.jpg 1024w, https:\/\/www.radiopiu.net\/wordpress\/wp-content\/uploads\/2023\/05\/Carabinieri-di-Feltre-con-la-refurtiva_1-768x576.jpg 768w, https:\/\/www.radiopiu.net\/wordpress\/wp-content\/uploads\/2023\/05\/Carabinieri-di-Feltre-con-la-refurtiva_1-1536x1152.jpg 1536w, https:\/\/www.radiopiu.net\/wordpress\/wp-content\/uploads\/2023\/05\/Carabinieri-di-Feltre-con-la-refurtiva_1.jpg 2048w\" sizes=\"auto, (max-width: 300px) 100vw, 300px\" \/><\/a>FELTRE<\/strong> I Carabinieri di Feltre hanno effettuato un&#8217;operazione di successo contro i furti commessi sul territorio feltrino e provinciale. Grazie alla loro attivit\u00e0 investigativa, sono stati individuati e perquisiti tre soggetti ritenuti collegati ai furti. Il rinvenimento di un deposito di merce rubata ha consentito di recuperare <span style=\"font-family: Times New Roman, serif;\"><span style=\"font-size: medium;\">centinaia di materiali, tra attrezzatura agricola, macchinari, gruppi elettrogeni ma anche corde da montagna, scarponi, cemento e migliaia di litri di gasolio. <\/span><\/span><span style=\"font-family: Times New Roman, serif;\"><span style=\"font-size: medium;\">I militari dell\u2019Arma stanno ora catalogando tutto il materiale sequestrato, il cui valore supera i 20.000 euro, ricostruendone la provenienza per identificare i proprietari.<\/span><\/span>o. Gli accertamenti hanno permesso di ricondurre l&#8217;ingente refurtiva sequestrata ad almeno 13 furti commessi in provincia. Le attivit\u00e0 investigativa e di catalogazione della merce sequestrata continueranno per individuare i proprietari e approfondire eventuali furti non denunciati. L&#8217;operazione dimostra il grande impegno dell&#8217;Arma nel contrasto ai reati predatori.<\/p>\n<p>&nbsp;<\/p>\n<p>&nbsp;<\/p>\n<p>&nbsp;<\/p>\n<hr \/>\n<p>&nbsp;<\/p>\n<blockquote>\n<h3>IERI LA GIORNATA NAZIONALE CONTRO LA PEDOFILIA<\/h3>\n<\/blockquote>\n<p><strong><a class=\"dt-pswp-item\" href=\"https:\/\/www.radiopiu.net\/wordpress\/wp-content\/uploads\/2022\/01\/POLIZIA-POSTALE.jpg\" data-dt-img-description=\"\" data-large_image_width=\"640\" data-large_image_height=\"453\"><img loading=\"lazy\" decoding=\"async\" class=\" wp-image-255173 alignleft\" src=\"https:\/\/www.radiopiu.net\/wordpress\/wp-content\/uploads\/2022\/01\/POLIZIA-POSTALE-300x212.jpg\" alt=\"\" width=\"158\" height=\"112\" srcset=\"https:\/\/www.radiopiu.net\/wordpress\/wp-content\/uploads\/2022\/01\/POLIZIA-POSTALE-300x212.jpg 300w, https:\/\/www.radiopiu.net\/wordpress\/wp-content\/uploads\/2022\/01\/POLIZIA-POSTALE.jpg 640w\" sizes=\"auto, (max-width: 158px) 100vw, 158px\" \/><\/a>BELLUNO <\/strong>Nella Giornata Nazionale contro la Pedofilia e la Pedopornografia, la Polizia Postale condivide i dati pi\u00f9 significativi di un impegno quotidiano, per la tutela dei minori da ogni forma di rischio cibernetico. La lotta all&#8217;abuso sessuale online in danno di minori diventa sempre pi\u00f9 puntuale nel cercare di porre un argine a fenomeni gravi quanto complessi: cresce il numero dei soggetti adulti arrestati per reati di pedopornografia, adescamento online e abuso sessuale di minori. Si tratta di soggetti ad alto livello di pericolosit\u00e0 poich\u00e9 colti in flagranza di reato, perch\u00e9 detentori di grandi quantit\u00e0 di materiale pedopornografico o in quanto abusanti di bambini e ragazzi nelle loro disponibilit\u00e0. Sono spesso uomini, con un&#8217;et\u00e0 inferiore ai 50 anni, che in maniera sistematica, sfruttano le caratteristiche tecniche dei diversi servizi di rete per assicurarsi il miraggio dell&#8217;anonimato e dell&#8217;impunit\u00e0. Considerando invece la prospettiva territoriale della Regione Veneto, il Centro Operativo per la sicurezza Cibernetica del Veneto &#8211; Polizia Postale, nell&#8217;anno 2022, ha monitorato 328 siti internet, al fine di verificare se gli stessi contenessero file di carattere pedopornografico, riscontrando la presenza di materiale illecito in 21 casi. Nell&#8217;anno trascorso, a seguito di ben 72 perquisizioni effettuate, sono state denunciate 97 persone per reati di pedopornografia, la maggior parte delle quali per detenzione di materiale illecito (con sfruttamento sessuale di minori online). Delle 97 persone denunciate, 15 sono state arrestate per detenzione o divulgazione di materiale attinente allo sfruttamento sessuale di minori.<\/p>\n<p>&nbsp;<\/p>\n<p>&nbsp;<\/p>\n<hr \/>\n<p>&nbsp;<\/p>\n<blockquote>\n<h3>INAUGURATA LA FONTANA NEI GIARDINI DI PIAZZA DEI MARTIRI<\/h3>\n<\/blockquote>\n<p><strong><a class=\"dt-pswp-item\" href=\"https:\/\/www.radiopiu.net\/wordpress\/wp-content\/uploads\/2023\/05\/05525f27-085f-418a-bd4f-32bdcbb4675a.jpg\" data-dt-img-description=\"\" data-large_image_width=\"1023\" data-large_image_height=\"766\"><img loading=\"lazy\" decoding=\"async\" class=\" wp-image-334349 alignleft\" src=\"https:\/\/www.radiopiu.net\/wordpress\/wp-content\/uploads\/2023\/05\/05525f27-085f-418a-bd4f-32bdcbb4675a-300x225.jpg\" alt=\"\" width=\"137\" height=\"103\" srcset=\"https:\/\/www.radiopiu.net\/wordpress\/wp-content\/uploads\/2023\/05\/05525f27-085f-418a-bd4f-32bdcbb4675a-300x225.jpg 300w, https:\/\/www.radiopiu.net\/wordpress\/wp-content\/uploads\/2023\/05\/05525f27-085f-418a-bd4f-32bdcbb4675a-768x575.jpg 768w, https:\/\/www.radiopiu.net\/wordpress\/wp-content\/uploads\/2023\/05\/05525f27-085f-418a-bd4f-32bdcbb4675a.jpg 1023w\" sizes=\"auto, (max-width: 137px) 100vw, 137px\" \/><\/a>BELLUNO<\/strong> Inaugurata la rinnovata fontana nei giardini di Piazza dei Martiri a Belluno: nuovi getti e giochi di musica e luci animeranno il cuore del centro del capoluogo.<\/p>\n<p><strong>di Daniele Dalvit<\/strong><\/p>\n<audio class=\"wp-audio-shortcode\" id=\"audio-334198-1\" preload=\"none\" style=\"width: 100%;\" controls=\"controls\"><source type=\"audio\/mpeg\" src=\"https:\/\/www.radiopiu.net\/wordpress\/wp-content\/uploads\/2023\/05\/DALVIT-Inaugurazione-fontana-Belluno.mp3?_=1\" \/><a href=\"https:\/\/www.radiopiu.net\/wordpress\/wp-content\/uploads\/2023\/05\/DALVIT-Inaugurazione-fontana-Belluno.mp3\">https:\/\/www.radiopiu.net\/wordpress\/wp-content\/uploads\/2023\/05\/DALVIT-Inaugurazione-fontana-Belluno.mp3<\/a><\/audio>\n<p>&nbsp;<\/p>\n<hr \/>\n<p>&nbsp;<\/p>\n<blockquote>\n<h3>L&#8217;ANALISI: DIMINUISCONO LE IMPRESE ARTIGIANE, L&#8217;EXPORT MANTIENE L&#8217;ECONOMIA LOCALE<\/h3>\n<\/blockquote>\n<div class=\"flex-1 overflow-hidden\">\n<div class=\"react-scroll-to-bottom--css-cyjnt-79elbk h-full dark:bg-gray-800\">\n<div class=\"react-scroll-to-bottom--css-cyjnt-1n7m0yu\">\n<div class=\"flex flex-col items-center text-sm dark:bg-gray-800\">\n<div class=\"group w-full text-gray-800 dark:text-gray-100 border-b border-black\/10 dark:border-gray-900\/50 bg-gray-50 dark:bg-[#444654]\">\n<div class=\"flex p-4 gap-4 text-base md:gap-6 md:max-w-2xl lg:max-w-xl xl:max-w-3xl md:py-6 lg:px-0 m-auto\">\n<div class=\"relative flex flex-col w-[calc(100%-50px)] gap-1 md:gap-3 lg:w-[calc(100%-115px)]\">\n<div class=\"flex flex-grow flex-col gap-3\">\n<div class=\"min-h-[20px] flex flex-col items-start gap-4 whitespace-pre-wrap break-words\">\n<div class=\"markdown prose w-full break-words dark:prose-invert light\">\n<p><strong>BELLUNO<\/strong> Diminuiscono le imprese artigiane in provincia di Belluno, ma l&#8217;export manifatturiero tiene in piedi l&#8217;economia locale nonostante la pandemia, la guerra e la carenza di materie prime. Secondo l&#8217;Osservatorio Economia e Territorio di Cna Veneto, che ha confrontato i dati di fine marzo 2022 con quelli di fine 2019, la situazione per le imprese artigiane \u00e8 peggiorata.<\/p>\n<\/div>\n<\/div>\n<\/div>\n<div class=\"flex justify-between lg:block\">\n<div class=\"text-xs flex items-center justify-center gap-1 self-center pt-2 !invisible\"><strong>CRISTIAN SACCHET DIRETTORE APPIA CNA BELLUNO<\/strong><\/div>\n<\/div>\n<\/div>\n<\/div>\n<\/div>\n<\/div>\n<\/div>\n<\/div>\n<\/div>\n<div class=\"absolute bottom-0 left-0 w-full border-t md:border-t-0 dark:border-white\/20 md:border-transparent md:dark:border-transparent md:bg-vert-light-gradient bg-white dark:bg-gray-800 md:!bg-transparent dark:md:bg-vert-dark-gradient pt-2\">\n<form class=\"stretch mx-2 flex flex-row gap-3 last:mb-2 md:mx-4 md:last:mb-6 lg:mx-auto lg:max-w-2xl xl:max-w-3xl\">\n<div class=\"relative flex h-full flex-1 items-stretch md:flex-col\">\n<div class=\"\">\n<div class=\"h-full flex ml-1 md:w-full md:m-auto md:mb-2 gap-0 md:gap-2 justify-center\">\n<div class=\"flex w-full items-center justify-center gap-2\">\n<div style=\"width: 1200px;\" class=\"wp-video\"><video class=\"wp-video-shortcode\" id=\"video-334198-1\" width=\"1200\" height=\"675\" preload=\"metadata\" controls=\"controls\"><source type=\"video\/mp4\" src=\"https:\/\/www.radiopiu.net\/wordpress\/wp-content\/uploads\/2023\/05\/Cristian-Sacchet-Direttore-Appia-Cna-Belluno-Commento-Dati-Osservatorio.mp4?_=1\" \/><a href=\"https:\/\/www.radiopiu.net\/wordpress\/wp-content\/uploads\/2023\/05\/Cristian-Sacchet-Direttore-Appia-Cna-Belluno-Commento-Dati-Osservatorio.mp4\">https:\/\/www.radiopiu.net\/wordpress\/wp-content\/uploads\/2023\/05\/Cristian-Sacchet-Direttore-Appia-Cna-Belluno-Commento-Dati-Osservatorio.mp4<\/a><\/video><\/div>\n<p>&nbsp;<\/p>\n<p>&nbsp;<\/p>\n<hr \/>\n<p>&nbsp;<\/p>\n<\/div>\n<\/div>\n<\/div>\n<\/div>\n<\/form>\n<\/div>\n<blockquote>\n<h3>ALLUVIONE IN EMILIA ROMAGNA: PARTITA DAL VENETO LA COLONNA MOBILE REGIONALE CON IL PRIMO TURNO DI 60 VOLONTARI<\/h3>\n<\/blockquote>\n<p><strong><a class=\"dt-pswp-item\" href=\"https:\/\/www.radiopiu.net\/wordpress\/wp-content\/uploads\/2023\/05\/894994-thumb-full-ansa236795_mp4.jpg\" data-dt-img-description=\"\" data-large_image_width=\"640\" data-large_image_height=\"360\"><img loading=\"lazy\" decoding=\"async\" class=\" wp-image-334297 alignleft\" src=\"https:\/\/www.radiopiu.net\/wordpress\/wp-content\/uploads\/2023\/05\/894994-thumb-full-ansa236795_mp4-300x169.jpg\" alt=\"\" width=\"204\" height=\"115\" srcset=\"https:\/\/www.radiopiu.net\/wordpress\/wp-content\/uploads\/2023\/05\/894994-thumb-full-ansa236795_mp4-300x169.jpg 300w, https:\/\/www.radiopiu.net\/wordpress\/wp-content\/uploads\/2023\/05\/894994-thumb-full-ansa236795_mp4.jpg 640w\" sizes=\"auto, (max-width: 204px) 100vw, 204px\" \/><\/a>VENEZIA <\/strong>\u201cLa Regione Veneto \u00e8 stata attivata dal Dipartimento Nazionale della Protezione Civile per supportare l&#8217;Emilia Romagna durante queste ore di emergenza post alluvione. Oggi partir\u00e0 la colonna mobile regionale, con destinazione Imola, dove i volontari della Protezione Civile veneta saranno occupati ad aiutare la popolazione colpita dal maltempo. Interverranno in particolare a ripulire le case e gli scantinati dal fango e dall\u2019acqua\u201d, rende noto il Presidente della Regione Veneto.<\/p>\n<p><strong>L&#8217;ASSESSORE GIANPAOLO BOTTACIN\u00a0<\/strong><em>Da ieri sono in contatto con la collega dell&#8217;Emilia Romagna e il dipartimento della protezione civile nazionale. In base alle necessit\u00e0 indicateci,\u00a0 partir\u00e0 la colonna mobile regionale del Veneto con destinazione Imola, dove i volontari della Protezione Civile veneta saranno impegnati ad aiutare la popolazione colpita dall\u2019eccezionale maltempo, in particolare a ripulire le case e gli scantinati dal fango e dall\u2019acqua. La colonna mobile regionale sar\u00e0 composta da 12 squadre con circa 60 volontari che rimarranno ad Imola per un primo turno di tre giorni. A seguire si alterneranno altre squadre provenienti da tutto il Veneto con turistiche di tre giorni.\u00a0<\/em><\/p>\n<p>&nbsp;<\/p>\n\n\t\t\t<style type='text\/css'>\n\t\t\t\t#gallery-1 {\n\t\t\t\t\tmargin: auto;\n\t\t\t\t}\n\t\t\t\t#gallery-1 .gallery-item {\n\t\t\t\t\tfloat: left;\n\t\t\t\t\tmargin-top: 10px;\n\t\t\t\t\ttext-align: center;\n\t\t\t\t\twidth: 33%;\n\t\t\t\t}\n\t\t\t\t#gallery-1 img {\n\t\t\t\t\tborder: 2px solid #cfcfcf;\n\t\t\t\t}\n\t\t\t\t#gallery-1 .gallery-caption {\n\t\t\t\t\tmargin-left: 0;\n\t\t\t\t}\n\t\t\t\t\/* see gallery_shortcode() in wp-includes\/media.php *\/\n\t\t\t<\/style>\n\t\t<div id='gallery-1' class='dt-gallery-container gallery galleryid-334198 gallery-columns-3 gallery-size-thumbnail'><dl class='gallery-item'>\n\t\t\t\t<dt class='gallery-icon landscape'>\n\t\t\t\t\t<a class=\"rollover rollover-zoom dt-pswp-item\" title=\"345237017_131217009943271_6193808556573157489_n\" data-dt-img-description=\"\" data-large_image_width=\"600\" data-large_image_height=\"450\"href='https:\/\/www.radiopiu.net\/wordpress\/wp-content\/uploads\/2023\/05\/345237017_131217009943271_6193808556573157489_n.jpg'><img loading=\"lazy\" decoding=\"async\" width=\"150\" height=\"150\" src=\"https:\/\/www.radiopiu.net\/wordpress\/wp-content\/uploads\/2023\/05\/345237017_131217009943271_6193808556573157489_n-150x150.jpg\" class=\"attachment-thumbnail size-thumbnail\" alt=\"\" \/><\/a>\n\t\t\t\t<\/dt><\/dl><dl class='gallery-item'>\n\t\t\t\t<dt class='gallery-icon landscape'>\n\t\t\t\t\t<a class=\"rollover rollover-zoom dt-pswp-item\" title=\"345045409_953051552811791_3249930006171578864_n\" data-dt-img-description=\"\" data-large_image_width=\"600\" data-large_image_height=\"450\"href='https:\/\/www.radiopiu.net\/wordpress\/wp-content\/uploads\/2023\/05\/345045409_953051552811791_3249930006171578864_n.jpg'><img loading=\"lazy\" decoding=\"async\" width=\"150\" height=\"150\" src=\"https:\/\/www.radiopiu.net\/wordpress\/wp-content\/uploads\/2023\/05\/345045409_953051552811791_3249930006171578864_n-150x150.jpg\" class=\"attachment-thumbnail size-thumbnail\" alt=\"\" \/><\/a>\n\t\t\t\t<\/dt><\/dl><dl class='gallery-item'>\n\t\t\t\t<dt class='gallery-icon landscape'>\n\t\t\t\t\t<a class=\"rollover rollover-zoom dt-pswp-item\" title=\"344579439_196334349878996_6878542795190141055_n\" data-dt-img-description=\"\" data-large_image_width=\"946\" data-large_image_height=\"540\"href='https:\/\/www.radiopiu.net\/wordpress\/wp-content\/uploads\/2023\/05\/344579439_196334349878996_6878542795190141055_n-1.jpg'><img loading=\"lazy\" decoding=\"async\" width=\"150\" height=\"150\" src=\"https:\/\/www.radiopiu.net\/wordpress\/wp-content\/uploads\/2023\/05\/344579439_196334349878996_6878542795190141055_n-1-150x150.jpg\" class=\"attachment-thumbnail size-thumbnail\" alt=\"\" \/><\/a>\n\t\t\t\t<\/dt><\/dl><br style=\"clear: both\" \/>\n\t\t\t<\/div>\n\n<p>&nbsp;<\/p>\n<div dir=\"auto\"><\/div>\n<hr \/>\n<p>&nbsp;<\/p>\n<blockquote>\n<h3>INTERESSANTI OPPORTUNIT\u00c0 PER I TERRITORI DI MONTAGNA: BANDI REGIONALI PER AGRICOLTURA E TURISMO<\/h3>\n<\/blockquote>\n<div class=\"flex-1 overflow-hidden\">\n<div class=\"react-scroll-to-bottom--css-ftcsn-79elbk h-full dark:bg-gray-800\">\n<div class=\"react-scroll-to-bottom--css-ftcsn-1n7m0yu\">\n<div class=\"flex flex-col items-center text-sm dark:bg-gray-800\">\n<div class=\"group w-full text-gray-800 dark:text-gray-100 border-b border-black\/10 dark:border-gray-900\/50 bg-gray-50 dark:bg-[#444654]\">\n<div class=\"flex p-4 gap-4 text-base md:gap-6 md:max-w-2xl lg:max-w-xl xl:max-w-3xl md:py-6 lg:px-0 m-auto\">\n<div class=\"relative flex flex-col w-[calc(100%-50px)] gap-1 md:gap-3 lg:w-[calc(100%-115px)]\">\n<div class=\"flex flex-grow flex-col gap-3\">\n<div class=\"min-h-[20px] flex flex-col items-start gap-4 whitespace-pre-wrap break-words\">\n<div class=\"markdown prose w-full break-words dark:prose-invert light\">\n<p><a class=\"dt-pswp-item\" href=\"https:\/\/www.radiopiu.net\/wordpress\/wp-content\/uploads\/2022\/08\/Cestaro-.jpg\" data-dt-img-description=\"\" data-large_image_width=\"720\" data-large_image_height=\"720\"><img loading=\"lazy\" decoding=\"async\" class=\" wp-image-290706 alignleft\" src=\"https:\/\/www.radiopiu.net\/wordpress\/wp-content\/uploads\/2022\/08\/Cestaro--300x300.jpg\" alt=\"\" width=\"175\" height=\"175\" srcset=\"https:\/\/www.radiopiu.net\/wordpress\/wp-content\/uploads\/2022\/08\/Cestaro--300x300.jpg 300w, https:\/\/www.radiopiu.net\/wordpress\/wp-content\/uploads\/2022\/08\/Cestaro--150x150.jpg 150w, https:\/\/www.radiopiu.net\/wordpress\/wp-content\/uploads\/2022\/08\/Cestaro-.jpg 720w\" sizes=\"auto, (max-width: 175px) 100vw, 175px\" \/><\/a><strong>VENEZIA<\/strong> La Regione Veneto ha pubblicato una ventina di bandi rivolti ai settori dell\u2019agricoltura, turismo, edilizia, cultura, sport, commercio, caccia e pesca. La consigliera regionale della Lega, Silvia Cestaro, sottolinea che questi bandi offrono importanti opportunit\u00e0 per i territori di montagna, che possono essere sfruttate combinando tra loro le varie linee di finanziamento.<\/p>\n<p>&nbsp;<\/p>\n<p><strong>IL CONSIGLIERE SILVIA CESTARO<\/strong><\/p>\n<audio class=\"wp-audio-shortcode\" id=\"audio-334198-2\" preload=\"none\" style=\"width: 100%;\" controls=\"controls\"><source type=\"audio\/mpeg\" src=\"https:\/\/www.radiopiu.net\/wordpress\/wp-content\/uploads\/2023\/05\/Cestaro-su-bandi-Regione-Veneto.m4a?_=2\" \/><a href=\"https:\/\/www.radiopiu.net\/wordpress\/wp-content\/uploads\/2023\/05\/Cestaro-su-bandi-Regione-Veneto.m4a\">https:\/\/www.radiopiu.net\/wordpress\/wp-content\/uploads\/2023\/05\/Cestaro-su-bandi-Regione-Veneto.m4a<\/a><\/audio>\n<\/div>\n<\/div>\n<\/div>\n<div class=\"flex justify-between lg:block\"><\/div>\n<div><\/div>\n<div>\n<hr \/>\n<\/div>\n<div>\n<blockquote>\n<h3>INCONTRI A PALAZZO BEMBO PER VALORIZZARE LE RISORSE GIOVANI DEL BELLUNESE<\/h3>\n<\/blockquote>\n<p><strong><a class=\"dt-pswp-item\" href=\"https:\/\/www.radiopiu.net\/wordpress\/wp-content\/uploads\/2023\/05\/evento-3-maggio-2023.jpeg\" data-dt-img-description=\"\" data-large_image_width=\"1536\" data-large_image_height=\"1405\"><img loading=\"lazy\" decoding=\"async\" class=\" wp-image-334261 alignleft\" src=\"https:\/\/www.radiopiu.net\/wordpress\/wp-content\/uploads\/2023\/05\/evento-3-maggio-2023-300x274.jpeg\" alt=\"\" width=\"233\" height=\"213\" srcset=\"https:\/\/www.radiopiu.net\/wordpress\/wp-content\/uploads\/2023\/05\/evento-3-maggio-2023-300x274.jpeg 300w, https:\/\/www.radiopiu.net\/wordpress\/wp-content\/uploads\/2023\/05\/evento-3-maggio-2023-1024x937.jpeg 1024w, https:\/\/www.radiopiu.net\/wordpress\/wp-content\/uploads\/2023\/05\/evento-3-maggio-2023-768x703.jpeg 768w, https:\/\/www.radiopiu.net\/wordpress\/wp-content\/uploads\/2023\/05\/evento-3-maggio-2023.jpeg 1536w\" sizes=\"auto, (max-width: 233px) 100vw, 233px\" \/><\/a>BELLUNO<\/strong> A Palazzo Bembo si sono confrontati alcuni tra i principali soggetti attivi a vario titolo in ambito formativo, imprenditoriale, sociale, economico e culturale nel territorio. L&#8217;iniziativa, promossa dal Gal Prealpi e Dolomiti. Il sociologo Diego Cason ha presentato i risultati di un&#8217;iniziativa che ha coinvolto circa 40 ragazzi della Montagna Veneta durante la quale i giovani hanno potuto far emergere idee progettuali e criticit\u00e0 legate alle loro aspettative di vita nel territorio. <em>&#8220;Abbiamo apprezzato una volta di pi\u00f9 come il Bellunese sia straordinariamente ricco di energie giovani e motivate&#8221;,<\/em> ha dichiarato il direttore del Gal Prealpi e Dolomiti Matteo Aguanno alla conclusione dell&#8217;incontro.<\/p>\n<\/div>\n<\/div>\n<\/div>\n<\/div>\n<\/div>\n<\/div>\n<\/div>\n<\/div>\n<p>&nbsp;<\/p>\n<p>&nbsp;<\/p>\n<hr \/>\n<p>&nbsp;<\/p>\n<blockquote>\n<h3>OPPORTUNIT\u00c0 PER I GIOVANI: CONCORSO ALL&#8217;ARMA DEI CARABINIERI!<\/h3>\n<\/blockquote>\n<p><strong><em><a class=\"dt-pswp-item\" href=\"https:\/\/www.radiopiu.net\/wordpress\/wp-content\/uploads\/2023\/05\/concorso-cc-2023_1-con-logo.jpg\" data-dt-img-description=\"\" data-large_image_width=\"960\" data-large_image_height=\"720\"><img loading=\"lazy\" decoding=\"async\" class=\" wp-image-334257 alignleft\" src=\"https:\/\/www.radiopiu.net\/wordpress\/wp-content\/uploads\/2023\/05\/concorso-cc-2023_1-con-logo-300x225.jpg\" alt=\"\" width=\"212\" height=\"159\" srcset=\"https:\/\/www.radiopiu.net\/wordpress\/wp-content\/uploads\/2023\/05\/concorso-cc-2023_1-con-logo-300x225.jpg 300w, https:\/\/www.radiopiu.net\/wordpress\/wp-content\/uploads\/2023\/05\/concorso-cc-2023_1-con-logo-768x576.jpg 768w, https:\/\/www.radiopiu.net\/wordpress\/wp-content\/uploads\/2023\/05\/concorso-cc-2023_1-con-logo.jpg 960w\" sizes=\"auto, (max-width: 212px) 100vw, 212px\" \/><\/a><\/em>BELLUNO<\/strong> \u00c8 stata annunciata la grande opportunit\u00e0 per i giovani italiani di arruolarsi nell&#8217;Arma dei Carabinieri. Il concorso per l&#8217;arruolamento di 3.763 allievi \u00e8 stato bandito e il bando completo \u00e8 stato pubblicato sul portale governativo del reclutamento e sul sito dei <a href=\"http:\/\/www.carabinieri.it\/\" target=\"_new\" rel=\"noopener\">www.carabinieri.it<\/a>. La domanda va presentata entro il 1\u00b0 giugno.<\/p>\n<p>&nbsp;<\/p>\n<p>&nbsp;<\/p>\n<p>&nbsp;<\/p>\n<hr \/>\n<p>&nbsp;<\/p>\n<blockquote>\n<h3>ASSEMBLEA BIM GSP: APPROVATO IL BILANCIO 2022 E CONFERMATO IL CDA<\/h3>\n<\/blockquote>\n<p><strong><a class=\"dt-pswp-item\" href=\"https:\/\/www.radiopiu.net\/wordpress\/wp-content\/uploads\/2023\/05\/Attilio-Sommavilla-Lara-Stefani-e-Andrea-Menin-CdA-Gsp_2.jpg\" data-dt-img-description=\"\" data-large_image_width=\"1134\" data-large_image_height=\"850\"><img loading=\"lazy\" decoding=\"async\" class=\" wp-image-334342 alignleft\" src=\"https:\/\/www.radiopiu.net\/wordpress\/wp-content\/uploads\/2023\/05\/Attilio-Sommavilla-Lara-Stefani-e-Andrea-Menin-CdA-Gsp_2-300x225.jpg\" alt=\"\" width=\"163\" height=\"122\" srcset=\"https:\/\/www.radiopiu.net\/wordpress\/wp-content\/uploads\/2023\/05\/Attilio-Sommavilla-Lara-Stefani-e-Andrea-Menin-CdA-Gsp_2-300x225.jpg 300w, https:\/\/www.radiopiu.net\/wordpress\/wp-content\/uploads\/2023\/05\/Attilio-Sommavilla-Lara-Stefani-e-Andrea-Menin-CdA-Gsp_2-1024x768.jpg 1024w, https:\/\/www.radiopiu.net\/wordpress\/wp-content\/uploads\/2023\/05\/Attilio-Sommavilla-Lara-Stefani-e-Andrea-Menin-CdA-Gsp_2-768x576.jpg 768w, https:\/\/www.radiopiu.net\/wordpress\/wp-content\/uploads\/2023\/05\/Attilio-Sommavilla-Lara-Stefani-e-Andrea-Menin-CdA-Gsp_2.jpg 1134w\" sizes=\"auto, (max-width: 163px) 100vw, 163px\" \/><\/a>BELLUNO<\/strong> Assemblea soci all\u2019insegna della continuit\u00e0 per Bim Gsp. I sindaci riuniti in Sala Congressi di Villa Carpenada a Belluno hanno approvato a maggioranza il bilancio consuntivo del 2022 e confermato per il triennio 2023\/25 il Consiglio di Amministrazione in carica, presieduto da Attilio Sommavilla e composto dai consiglieri Lara Stefani e Andrea Menin.<\/p>\n<p>&nbsp;<\/p>\n<p>&nbsp;<\/p>\n<p>&nbsp;<\/p>\n<hr \/>\n<p>&nbsp;<\/p>\n<blockquote>\n<h3>APPROVATO IL BILANCIO CONSUNTIVO 2022 DI BIM INFRASTRUTTURE<\/h3>\n<\/blockquote>\n<p><strong><a class=\"dt-pswp-item\" href=\"https:\/\/www.radiopiu.net\/wordpress\/wp-content\/uploads\/2023\/05\/i-soci.jpg\" data-dt-img-description=\"\" data-large_image_width=\"1134\" data-large_image_height=\"850\"><img loading=\"lazy\" decoding=\"async\" class=\" wp-image-334310 alignleft\" src=\"https:\/\/www.radiopiu.net\/wordpress\/wp-content\/uploads\/2023\/05\/i-soci-300x225.jpg\" alt=\"\" width=\"161\" height=\"121\" srcset=\"https:\/\/www.radiopiu.net\/wordpress\/wp-content\/uploads\/2023\/05\/i-soci-300x225.jpg 300w, https:\/\/www.radiopiu.net\/wordpress\/wp-content\/uploads\/2023\/05\/i-soci-1024x768.jpg 1024w, https:\/\/www.radiopiu.net\/wordpress\/wp-content\/uploads\/2023\/05\/i-soci-768x576.jpg 768w, https:\/\/www.radiopiu.net\/wordpress\/wp-content\/uploads\/2023\/05\/i-soci.jpg 1134w\" sizes=\"auto, (max-width: 161px) 100vw, 161px\" \/><\/a>BELLUNO<\/strong> E\u2019 stato approvato all\u2019unanimit\u00e0 il bilancio consuntivo 2022 di Bim Belluno Infrastrutture. \u00a0Positivi i risultati conseguiti dalla societ\u00e0 ed illustrati ai presenti dall\u2019amministratore unico della societ\u00e0, Bruno Zanolla: i ricavi complessivi, infatti, sono stati di 11,7 milioni di euro, mentre i costi, in calo rispetto al 2021, si sono attestati a 7,5 milioni. Il margine operativo lordo, differenza tra ricavi e costi maturati, \u00e8 stato di 4,1 milioni: l\u2019utile generato, detratte le imposte, ha raggiunto quota 1 milione di euro. Il patrimonio netto \u00e8 salito a 44,8 milioni, in crescita rispetto al 2021 grazie all\u2019utile generato.<\/p>\n<p>&nbsp;<\/p>\n<hr \/>\n<p>&nbsp;<\/p>\n<blockquote>\n<h3 class=\"_title post-title entry-title\">BAGARRE A PALAZZO ROSSO SU TRASCRIZIONE DEI FIGLI DI COPPIE OMOGENITORIALI<\/h3>\n<\/blockquote>\n<p><span style=\"color: #ff0000;\">ANTENNA 3, DIGITALE TERRESTE_CANALE 10<\/span><\/p>\n<p><strong>DI TIZIANA BOLOGNANI<\/strong><\/p>\n<p><iframe loading=\"lazy\" title=\"BAGARRE A PALAZZO ROSSO SU TRASCRIZIONE DEI FIGLI DI COPPIE OMOGENITORIALI | 04\/05\/2023\" width=\"1200\" height=\"675\" src=\"https:\/\/www.youtube.com\/embed\/lPq1p6CXxdo?start=1&#038;feature=oembed\" frameborder=\"0\" allow=\"accelerometer; autoplay; clipboard-write; encrypted-media; gyroscope; picture-in-picture; web-share\" allowfullscreen><\/iframe><\/p>\n<p>&nbsp;<\/p>\n<hr \/>\n<p>&nbsp;<\/p>\n<div class=\"page-title-head hgroup\">\n<blockquote>\n<h3 class=\"entry-title\">AGORDO-DOLOMIEU: UN GEMELLAGGIO CONSOLIDATO DAL GRAFFITO DI DUNIO PICCOLIN<\/h3>\n<\/blockquote>\n<\/div>\n<div class=\"page-title-breadcrumbs\">\n<p><strong><a class=\"dt-pswp-item\" href=\"https:\/\/www.radiopiu.net\/wordpress\/wp-content\/uploads\/2023\/05\/Gruppo-Prima-della-partenzaIMG-20230501-WA0052.jpg\" data-dt-img-description=\"\" data-large_image_width=\"1599\" data-large_image_height=\"837\"><img loading=\"lazy\" decoding=\"async\" class=\" wp-image-333928 alignleft\" src=\"https:\/\/www.radiopiu.net\/wordpress\/wp-content\/uploads\/2023\/05\/Gruppo-Prima-della-partenzaIMG-20230501-WA0052-300x157.jpg\" alt=\"\" width=\"199\" height=\"104\" srcset=\"https:\/\/www.radiopiu.net\/wordpress\/wp-content\/uploads\/2023\/05\/Gruppo-Prima-della-partenzaIMG-20230501-WA0052-300x157.jpg 300w, https:\/\/www.radiopiu.net\/wordpress\/wp-content\/uploads\/2023\/05\/Gruppo-Prima-della-partenzaIMG-20230501-WA0052-1024x536.jpg 1024w, https:\/\/www.radiopiu.net\/wordpress\/wp-content\/uploads\/2023\/05\/Gruppo-Prima-della-partenzaIMG-20230501-WA0052-768x402.jpg 768w, https:\/\/www.radiopiu.net\/wordpress\/wp-content\/uploads\/2023\/05\/Gruppo-Prima-della-partenzaIMG-20230501-WA0052-1536x804.jpg 1536w, https:\/\/www.radiopiu.net\/wordpress\/wp-content\/uploads\/2023\/05\/Gruppo-Prima-della-partenzaIMG-20230501-WA0052.jpg 1599w\" sizes=\"auto, (max-width: 199px) 100vw, 199px\" \/><\/a>AGORDO<\/strong><\/p>\n<p>di Gianni Santomaso<\/p>\n<audio class=\"wp-audio-shortcode\" id=\"audio-334198-3\" preload=\"none\" style=\"width: 100%;\" controls=\"controls\"><source type=\"audio\/mpeg\" src=\"https:\/\/www.radiopiu.net\/wordpress\/wp-content\/uploads\/2023\/05\/GIANNI-GEMMELAGGIO-AGORDO-DOLOMIEU.mp3?_=3\" \/><a href=\"https:\/\/www.radiopiu.net\/wordpress\/wp-content\/uploads\/2023\/05\/GIANNI-GEMMELAGGIO-AGORDO-DOLOMIEU.mp3\">https:\/\/www.radiopiu.net\/wordpress\/wp-content\/uploads\/2023\/05\/GIANNI-GEMMELAGGIO-AGORDO-DOLOMIEU.mp3<\/a><\/audio>\n<p>&nbsp;<\/p>\n<\/div>\n<p>&nbsp;<\/p>\n<p>&nbsp;<\/p>\n<hr \/>\n<p>&nbsp;<\/p>\n<blockquote>\n<h3>L&#8217;ALTA VIA DELL&#8217;ORSO CHIUDE PER TRE MESI<\/h3>\n<\/blockquote>\n<p><strong><a class=\"dt-pswp-item\" href=\"https:\/\/www.radiopiu.net\/wordpress\/wp-content\/uploads\/2023\/05\/alta-via-orso.jpg\" data-dt-img-description=\"\" data-large_image_width=\"1600\" data-large_image_height=\"680\"><img loading=\"lazy\" decoding=\"async\" class=\" wp-image-334343 alignleft\" src=\"https:\/\/www.radiopiu.net\/wordpress\/wp-content\/uploads\/2023\/05\/alta-via-orso-300x128.jpg\" alt=\"\" width=\"232\" height=\"99\" srcset=\"https:\/\/www.radiopiu.net\/wordpress\/wp-content\/uploads\/2023\/05\/alta-via-orso-300x128.jpg 300w, https:\/\/www.radiopiu.net\/wordpress\/wp-content\/uploads\/2023\/05\/alta-via-orso-1024x435.jpg 1024w, https:\/\/www.radiopiu.net\/wordpress\/wp-content\/uploads\/2023\/05\/alta-via-orso-768x326.jpg 768w, https:\/\/www.radiopiu.net\/wordpress\/wp-content\/uploads\/2023\/05\/alta-via-orso-1536x653.jpg 1536w, https:\/\/www.radiopiu.net\/wordpress\/wp-content\/uploads\/2023\/05\/alta-via-orso.jpg 1600w\" sizes=\"auto, (max-width: 232px) 100vw, 232px\" \/><\/a>COLLE SANTA LUCIA<\/strong><\/p>\n<p>di Gianni Santomaso<\/p>\n<audio class=\"wp-audio-shortcode\" id=\"audio-334198-4\" preload=\"none\" style=\"width: 100%;\" controls=\"controls\"><source type=\"audio\/mpeg\" src=\"https:\/\/www.radiopiu.net\/wordpress\/wp-content\/uploads\/2023\/05\/GIANNI-LALTA-VIA-DELLORSO-CHIUDE-PER-TRE-MESI.mp3?_=4\" \/><a href=\"https:\/\/www.radiopiu.net\/wordpress\/wp-content\/uploads\/2023\/05\/GIANNI-LALTA-VIA-DELLORSO-CHIUDE-PER-TRE-MESI.mp3\">https:\/\/www.radiopiu.net\/wordpress\/wp-content\/uploads\/2023\/05\/GIANNI-LALTA-VIA-DELLORSO-CHIUDE-PER-TRE-MESI.mp3<\/a><\/audio>\n<p>&nbsp;<\/p>\n<hr \/>\n<p>&nbsp;<\/p>\n<p>&nbsp;<\/p>\n<blockquote>\n<h3>LA FESTA DEL CACCIATORE A SAN TOMASO<\/h3>\n<\/blockquote>\n<p><strong><a class=\"dt-pswp-item\" href=\"https:\/\/www.radiopiu.net\/wordpress\/wp-content\/uploads\/2023\/05\/56298366_2187524764895236_1271441956068655104_n.jpg\" data-dt-img-description=\"\" data-large_image_width=\"640\" data-large_image_height=\"640\"><img loading=\"lazy\" decoding=\"async\" class=\"wp-image-334366 alignleft\" src=\"https:\/\/www.radiopiu.net\/wordpress\/wp-content\/uploads\/2023\/05\/56298366_2187524764895236_1271441956068655104_n-300x300.jpg\" alt=\"\" width=\"179\" height=\"179\" srcset=\"https:\/\/www.radiopiu.net\/wordpress\/wp-content\/uploads\/2023\/05\/56298366_2187524764895236_1271441956068655104_n-300x300.jpg 300w, https:\/\/www.radiopiu.net\/wordpress\/wp-content\/uploads\/2023\/05\/56298366_2187524764895236_1271441956068655104_n-150x150.jpg 150w, https:\/\/www.radiopiu.net\/wordpress\/wp-content\/uploads\/2023\/05\/56298366_2187524764895236_1271441956068655104_n.jpg 640w\" sizes=\"auto, (max-width: 179px) 100vw, 179px\" \/><\/a>SAN TOMASO<\/strong> Il Distretto Venatorio Agordino vi invita <strong>Domenica<\/strong>, dalle 9, all&#8217;Arena 1082 di San Tomaso per la Festa del Cacciatore Agordino: cultura, tradizione e ambiente. Alle 10 suonatori di corno da caccia, premiazioni soci anziani e migliori trofei d&#8217;annata, complessi folk, Jagerkrainer e Bati i Orz de San Tomaso. Alle 12 cucina con selvaggina, servizio bar e ristoro. Nell&#8217;Arena diorama, attrezzatura venatoria e rassegna di pittori. Alle 17 estrazione della lotteria.<\/p>\n<p>&nbsp;<\/p>\n<p><strong>ALBERTO COLLESELLI, PRESIDENTE DEL DISTRETTO VENATORIO AGORDINO\u00a0<\/strong><\/p>\n<audio class=\"wp-audio-shortcode\" id=\"audio-334198-5\" preload=\"none\" style=\"width: 100%;\" controls=\"controls\"><source type=\"audio\/mpeg\" src=\"https:\/\/www.radiopiu.net\/wordpress\/wp-content\/uploads\/2023\/05\/ALBERTO-COLLESELLI.mp3?_=5\" \/><a href=\"https:\/\/www.radiopiu.net\/wordpress\/wp-content\/uploads\/2023\/05\/ALBERTO-COLLESELLI.mp3\">https:\/\/www.radiopiu.net\/wordpress\/wp-content\/uploads\/2023\/05\/ALBERTO-COLLESELLI.mp3<\/a><\/audio>\n<p>&nbsp;<\/p>\n<hr \/>\n<p>&nbsp;<\/p>\n<p>&nbsp;<\/p>\n<p>&nbsp;<\/p>\n<div class=\"articlePlainSubHead\">\n<p><strong><a class=\"dt-pswp-item\" href=\"https:\/\/www.radiopiu.net\/wordpress\/wp-content\/uploads\/2022\/08\/Chiesa-di-San-Gottardo_56.jpg\" data-dt-img-description=\"\" data-large_image_width=\"1900\" data-large_image_height=\"1266\"><img loading=\"lazy\" decoding=\"async\" class=\"wp-image-290596 alignleft\" src=\"https:\/\/www.radiopiu.net\/wordpress\/wp-content\/uploads\/2022\/08\/Chiesa-di-San-Gottardo_56-300x200.jpg\" alt=\"\" width=\"215\" height=\"143\" srcset=\"https:\/\/www.radiopiu.net\/wordpress\/wp-content\/uploads\/2022\/08\/Chiesa-di-San-Gottardo_56-300x200.jpg 300w, https:\/\/www.radiopiu.net\/wordpress\/wp-content\/uploads\/2022\/08\/Chiesa-di-San-Gottardo_56-1024x682.jpg 1024w, https:\/\/www.radiopiu.net\/wordpress\/wp-content\/uploads\/2022\/08\/Chiesa-di-San-Gottardo_56-768x512.jpg 768w, https:\/\/www.radiopiu.net\/wordpress\/wp-content\/uploads\/2022\/08\/Chiesa-di-San-Gottardo_56-1536x1023.jpg 1536w, https:\/\/www.radiopiu.net\/wordpress\/wp-content\/uploads\/2022\/08\/Chiesa-di-San-Gottardo_56.jpg 1900w\" sizes=\"auto, (max-width: 215px) 100vw, 215px\" \/><\/a>Stasera a sospirolo<\/strong><\/p>\n<\/div>\n<blockquote>\n<h3 class=\"articlePlainTitle\">Raccolta fondi per la chiesa di S. Gottardo<\/h3>\n<\/blockquote>\n<div class=\"addthis_sharing_toolbox\" data-url=\"http:\/\/sfoglio.corrierealpi.gelocal.it\/share_article.php?article_id=12147139\" data-title=\"&quot;Io vagabondo&quot; intonatanella chiesa di TomoIl tributo dei Nomadiper l'amicizia con Gi\u00f2Raccolta fondi...\"><\/div>\n<div class=\"articlePlainText\"><strong>SOSPIROLO <\/strong>\u00a0Allo scopo di sostenere parte dell&#8217;ingente spesa &#8211; oltre 80mila euro &#8211; necessaria alla sistemazione del campanile frazionale danneggiato ad inizio agosto, oggi alle 20.45 a Pra de la Melia di Gron raccolta fondi &#8220;Sonon par San Gottardo&#8221;. Concerto di fisarmoniche con musica tradizionale e popolare. Presenta Mirko Mezzacasa di Radio Pi\u00f9, con la collaborazione di Attilia Troian e del Comitato Biblioteca Civica.<\/div>\n<div><\/div>\n<div><\/div>\n<div><\/div>\n<div>\n<hr \/>\n<\/div>\n<div>\n<div class=\"page-title-head hgroup\">\n<blockquote>\n<h3 class=\"entry-title\">60 ANNI DI ALPINISMO IN CIVETTA, AD ALLEGHE L\u2019INCONTRO CON TANTI GRANDI NOMI<\/h3>\n<\/blockquote>\n<\/div>\n<p><img loading=\"lazy\" decoding=\"async\" class=\"alignleft\" src=\"https:\/\/www.radiopiu.net\/wordpress\/wp-content\/uploads\/2019\/08\/Attilio-Tissi-con-la-moglie-Mariola-sulla-cima-della-Torre-Lavaredo-poco-prima-della-caduta-22-agosto-1959-1.jpg\" width=\"139\" height=\"209\" \/><strong>ALLEGHE<\/strong> <strong>Domani<\/strong> alle ore 17 nella Sala Congressi di Alleghe si parler\u00e0 del grande alpinismo in Civetta insieme a chi quell\u2019alpinismo l\u2019ha vissuto. L\u2019occasione \u00e8 il 60 mo anniversario del Rifugio Tissi, di propriet\u00e0 del CAI Belluno, organizzatore dell\u2019evento. La serata, moderata da Bepi Casagrande, vedr\u00e0 la partecipazione di grandi nomi dell\u2019alpinismo: Aldo Anghileri, Alessandro Ba\u00f9, Alessandro Beber, Domenico Bellenzier, Piero Bez, Marcello Bonafede, Gianbattista Crimella, Manrico Dall&#8217;Agnola, Venturino De Bona, Bruno De Don\u00e0, Martin Dejori, Soro Dorotei, Mariano Frizzera, Gianni Gianeselli, Adam Holzknecht, Renato Panciera, Titus Prinoth, Gianni Rusconi, Dario Spreafico, Roberto Sorgato (in collegamento), Giorgio Tessari, Nicola Tondini, Mauro Valmassoi, Fabio Valseschini, Gianbattista Villa, Alex Walpoth. I gestori del rifugio Tissi Paola e Valter Bellenzier racconteranno la storia del rifugio, costruito nel 1963 e intitolato alla memoria dell\u2019alpinista Attilio Tissi, scomparso nel 1959. Durante l\u2019evento saranno proiettati dei filmati riguardanti il contesto dolomitico tratti dalla raccolta <em>C\u2019era una volta,<\/em> dell\u2019alpinista e accademico del CAI Giorgio Radaelli, scomparso nel 2022. L\u2019evento sar\u00e0 accompagnato dai canti del coro CAI di Belluno e vedr\u00e0 la partecipazione del Soccorso Alpino e del presidente regionale del Club Alpino Italiano Renato Frigo.Informazioni: <a href=\"mailto:info@caibelluno.it\">info@caibelluno.it <\/a><\/p>\n<p>FOTO Attilio Tissi e la moglie Mariola<\/p>\n<\/div>\n<div><\/div>\n<div><span style=\"color: #ff0000;\"><strong>ALLA RADIO, LE INTERVISTE\u00a0 \u00a0<\/strong><\/span><\/div>\n<div><\/div>\n<div>\n<p><strong>L&#8217;INTERVISTA A WALTER BELLENZIER, GESTORE DEL RIFUGIO TISSI<\/strong><\/p>\n<audio class=\"wp-audio-shortcode\" id=\"audio-334198-6\" preload=\"none\" style=\"width: 100%;\" controls=\"controls\"><source type=\"audio\/mpeg\" src=\"https:\/\/www.radiopiu.net\/wordpress\/wp-content\/uploads\/2023\/05\/WALTER-BELLENZIER.mp3?_=6\" \/><a href=\"https:\/\/www.radiopiu.net\/wordpress\/wp-content\/uploads\/2023\/05\/WALTER-BELLENZIER.mp3\">https:\/\/www.radiopiu.net\/wordpress\/wp-content\/uploads\/2023\/05\/WALTER-BELLENZIER.mp3<\/a><\/audio>\n<p>&nbsp;<\/p>\n<p><strong>L&#8217;INTERVISTA A PAOLO BARP, PRESIDENTE DEL CAI DI BELLUNO<\/strong><\/p>\n<audio class=\"wp-audio-shortcode\" id=\"audio-334198-7\" preload=\"none\" style=\"width: 100%;\" controls=\"controls\"><source type=\"audio\/mpeg\" src=\"https:\/\/www.radiopiu.net\/wordpress\/wp-content\/uploads\/2023\/05\/PAOLA-E-VALTER-TISSI.mp3?_=7\" \/><a href=\"https:\/\/www.radiopiu.net\/wordpress\/wp-content\/uploads\/2023\/05\/PAOLA-E-VALTER-TISSI.mp3\">https:\/\/www.radiopiu.net\/wordpress\/wp-content\/uploads\/2023\/05\/PAOLA-E-VALTER-TISSI.mp3<\/a><\/audio>\n<p>&nbsp;<\/p>\n<p>&nbsp;<\/p>\n<\/div>\n<hr \/>\n<p>&nbsp;<\/p>\n<blockquote>\n<h3>IL CEIS DI BELLUNO COMPIE 40 ANNI<\/h3>\n<\/blockquote>\n<p><strong><a class=\"dt-pswp-item\" href=\"https:\/\/www.radiopiu.net\/wordpress\/wp-content\/uploads\/2023\/05\/CEIS-BELLUNO.png\" data-dt-img-description=\"\" data-large_image_width=\"441\" data-large_image_height=\"174\"><img loading=\"lazy\" decoding=\"async\" class=\"size-medium wp-image-334334 alignleft\" src=\"https:\/\/www.radiopiu.net\/wordpress\/wp-content\/uploads\/2023\/05\/CEIS-BELLUNO-300x118.png\" alt=\"\" width=\"300\" height=\"118\" srcset=\"https:\/\/www.radiopiu.net\/wordpress\/wp-content\/uploads\/2023\/05\/CEIS-BELLUNO-300x118.png 300w, https:\/\/www.radiopiu.net\/wordpress\/wp-content\/uploads\/2023\/05\/CEIS-BELLUNO.png 441w\" sizes=\"auto, (max-width: 300px) 100vw, 300px\" \/><\/a>BELLUNO<\/strong><\/p>\n<p>di Moreno Gioli<\/p>\n<audio class=\"wp-audio-shortcode\" id=\"audio-334198-8\" preload=\"none\" style=\"width: 100%;\" controls=\"controls\"><source type=\"audio\/mpeg\" src=\"https:\/\/www.radiopiu.net\/wordpress\/wp-content\/uploads\/2023\/05\/GIOLI-40-anni-ceis.mp3?_=8\" \/><a href=\"https:\/\/www.radiopiu.net\/wordpress\/wp-content\/uploads\/2023\/05\/GIOLI-40-anni-ceis.mp3\">https:\/\/www.radiopiu.net\/wordpress\/wp-content\/uploads\/2023\/05\/GIOLI-40-anni-ceis.mp3<\/a><\/audio>\n<p>&nbsp;<\/p>\n<p>&nbsp;<\/p>\n<hr \/>\n<p>&nbsp;<\/p>\n<blockquote>\n<h3>I CONCORSI DELLA POLIZIA<\/h3>\n<\/blockquote>\n<p><strong>BELLUNO<\/strong> Sul portale unico della poliziadistato.it \u00e8 pubblicato il bando per l&#8217;assunzione di 28 atleti da assegnare ai gruppi sportivi della Polizia di Stato-Fiamme Oro, inquadrati nel ruolo degli agente e assistenti<\/p>\n<p>&nbsp;<\/p>\n<hr \/>\n<p>&nbsp;<\/p>\n<blockquote>\n<h3><strong>ULSS1, CONCORSI E RICERCHE<\/strong><\/h3>\n<\/blockquote>\n<p><strong>BELLUNO<\/strong> Prosegue la ricerca di personale in Ulss Dolomiti per rafforzare il personale. Nello specifico: 1 posto per Logopedista 2 posti per dirigente medico nella disciplina di Neurologia 2 posti per dirigente medico nella disciplina di Psichiatria 4 posti per dirigente medico nella disciplina di Ortopedia e Traumatologia 5 posti per operatore tecnico specializzato \u2013 autista di ambulanza 1 posto per dirigente medico nella disciplina di Medicina del Lavoro e Sicurezza degli Ambienti di Lavoro 1 posto per dirigente medico nella disciplina di Patologia Clinica (Laboratorio di Analisi chimico-cliniche e microbiologia) 4 posti per operatore tecnico specializzato &#8211; magazziniere 1 posto per dirigente medico nella disciplina di Organizzazione dei Servizi Sanitari di Base. Per informazioni e per consultare i bandi di concorso <a href=\"http:\/\/www.aulss1.veneto.it\/\">www.aulss1.veneto.it<\/a><\/p>\n<p>&nbsp;<\/p>\n<hr \/>\n<p>&nbsp;<\/p>\n<blockquote>\n<h3>IL COMUNE VALUTA L&#8217;OPERATO DI ASCA\u00a0 E DELLA MUNICIPALIZZATA<\/h3>\n<\/blockquote>\n<p><strong>TAIBON<\/strong> Il sindaco Silvia Tormen ha convocato il consiglio comunale per domani alle 9, all&#8217;ordine del giorno l&#8217;approvazione del bilancio Asca, approvazione bilancio di esercizio dell&#8217;azienda speciale del Comune, approvazione rendiconto finanziario, variazione al bilancio di previsione, riconoscimento debito fuori bilancio per una sentenza del Tribunale di Belluno<\/p>\n<p>&nbsp;<\/p>\n<hr \/>\n<blockquote>\n<h3><\/h3>\n<h3>LUNEDI&#8217; 8 MAGGIO IL CONSIGLIO DELL&#8217;UNIONE MONTANA AGORDINA<\/h3>\n<\/blockquote>\n<p><strong>AGORDO<\/strong> Il presidente dell&#8217;Unione Montana Agordina Paolo Frena ha convocato i consiglieri per luned\u00ec 8 maggio alle 20. Saranno 6 i punti da discutere. Tra questi l&#8217;approvazione del rendiconto 2022, l&#8217;approvazione delle tariffe dei rifiuti per l&#8217;anno 2023, una nota di aggiornamento al DUP 2023\/2025, una variazione al bilancio e la presa d&#8217;atto della surroga di un rappresentante del comune di Agordo<\/p>\n<div><\/div>\n<p>&nbsp;<\/p>\n<hr \/>\n<p>&nbsp;<\/p>\n<blockquote>\n<h3>LIONS CHIAMA AFRICA2023: DUE SERATE PROMOSSE DAL LIONS CLUB FELTRE<\/h3>\n<\/blockquote>\n<p><strong>FELTRE <\/strong>Si chiama LionsChiAmaL&#8217;Africa 2023 ed \u00e8 l&#8217;iniziativa proposta dal Lions Club Feltre Host con la collaborazione del Leo Club Feltre, della Diocesi di Belluno-Feltre, del Centro Missionario Diocesano e patrocinata dal Comune di Feltre: due appuntamenti che permetteranno, come spiega il presidente del Lions Club Feltre Host Emiliano Oddone, di \u00abguardare l&#8217;Africa con gli occhi dell&#8217;Africa\u00bb. Protagonisti delle due serate, che saranno ospitate nell&#8217;auditorium dell&#8217;Istituto Canossiano di Feltre con inizio alle 20.30, saranno infatti due autorevoli missionari comboniani che conoscono da vicino il \u201ccontinente della speranza\u201d: luned\u00ec 8 maggio toccher\u00e0 a padre Daniele Moschetti, sabato 13 invece sar\u00e0 il turno di padre Renato Kizito Sesana.<\/p>\n<p><strong>EMILIANO ODDONE, PRESIDENTE DEL LIONS CLUB FELTRE<\/strong><\/p>\n<audio class=\"wp-audio-shortcode\" id=\"audio-334198-9\" preload=\"none\" style=\"width: 100%;\" controls=\"controls\"><source type=\"audio\/mpeg\" src=\"https:\/\/www.radiopiu.net\/wordpress\/wp-content\/uploads\/2023\/05\/Emiliano-Oddone-Presidente-del-Lions-Club-Feltre-Host-LionsChiAmaLAfrica-2023.mp3?_=9\" \/><a href=\"https:\/\/www.radiopiu.net\/wordpress\/wp-content\/uploads\/2023\/05\/Emiliano-Oddone-Presidente-del-Lions-Club-Feltre-Host-LionsChiAmaLAfrica-2023.mp3\">https:\/\/www.radiopiu.net\/wordpress\/wp-content\/uploads\/2023\/05\/Emiliano-Oddone-Presidente-del-Lions-Club-Feltre-Host-LionsChiAmaLAfrica-2023.mp3<\/a><\/audio>\n<p>&nbsp;<\/p>\n<hr \/>\n<p>&nbsp;<\/p>\n<h2><span style=\"color: #ff0000;\">ALLA RADIO<\/span><\/h2>\n<blockquote>\n<h2>SPI CGIL CON MARIA RITA GENTILIN puntata del 04 maggio 2023<\/h2>\n<\/blockquote>\n<p><a class=\"dt-pswp-item\" href=\"https:\/\/www.radiopiu.net\/wordpress\/wp-content\/uploads\/2019\/02\/Logo_Spi-CGIL-800x445.jpg\" data-dt-img-description=\"\" data-large_image_width=\"800\" data-large_image_height=\"445\"><img loading=\"lazy\" decoding=\"async\" class=\"size-medium wp-image-75538 alignleft\" src=\"https:\/\/www.radiopiu.net\/wordpress\/wp-content\/uploads\/2019\/02\/Logo_Spi-CGIL-800x445-300x167.jpg\" alt=\"\" width=\"300\" height=\"167\" srcset=\"https:\/\/www.radiopiu.net\/wordpress\/wp-content\/uploads\/2019\/02\/Logo_Spi-CGIL-800x445-300x167.jpg 300w, https:\/\/www.radiopiu.net\/wordpress\/wp-content\/uploads\/2019\/02\/Logo_Spi-CGIL-800x445-768x427.jpg 768w, https:\/\/www.radiopiu.net\/wordpress\/wp-content\/uploads\/2019\/02\/Logo_Spi-CGIL-800x445.jpg 800w\" sizes=\"auto, (max-width: 300px) 100vw, 300px\" \/><\/a><\/p>\n<audio class=\"wp-audio-shortcode\" id=\"audio-334198-10\" preload=\"none\" style=\"width: 100%;\" controls=\"controls\"><source type=\"audio\/mpeg\" src=\"https:\/\/www.radiopiu.net\/wordpress\/wp-content\/uploads\/2023\/05\/MARIA-RITA-GENTILIN-maggio-23.mp3?_=10\" \/><a href=\"https:\/\/www.radiopiu.net\/wordpress\/wp-content\/uploads\/2023\/05\/MARIA-RITA-GENTILIN-maggio-23.mp3\">https:\/\/www.radiopiu.net\/wordpress\/wp-content\/uploads\/2023\/05\/MARIA-RITA-GENTILIN-maggio-23.mp3<\/a><\/audio>\n<p>&nbsp;<\/p>\n<p>&nbsp;<\/p>\n<hr \/>\n<p>&nbsp;<\/p>\n<h2><span style=\"color: #99cc00;\">DEDICHE E RICHIESTE<\/span><\/h2>\n<blockquote>\n<h3>FEDERICA ELMI: DA RADIO PIU&#8217; PASSANDO PER M2O E ORA A RAI RADIO 2<\/h3>\n<\/blockquote>\n<p><strong><a class=\"dt-pswp-item\" href=\"https:\/\/www.radiopiu.net\/wordpress\/wp-content\/uploads\/2023\/05\/FEDERICA-ELMI.jpg\" data-dt-img-description=\"\" data-large_image_width=\"2048\" data-large_image_height=\"1365\"><img loading=\"lazy\" decoding=\"async\" class=\" wp-image-334182 alignleft\" src=\"https:\/\/www.radiopiu.net\/wordpress\/wp-content\/uploads\/2023\/05\/FEDERICA-ELMI-300x200.jpg\" alt=\"\" width=\"156\" height=\"104\" srcset=\"https:\/\/www.radiopiu.net\/wordpress\/wp-content\/uploads\/2023\/05\/FEDERICA-ELMI-300x200.jpg 300w, https:\/\/www.radiopiu.net\/wordpress\/wp-content\/uploads\/2023\/05\/FEDERICA-ELMI-1024x683.jpg 1024w, https:\/\/www.radiopiu.net\/wordpress\/wp-content\/uploads\/2023\/05\/FEDERICA-ELMI-768x512.jpg 768w, https:\/\/www.radiopiu.net\/wordpress\/wp-content\/uploads\/2023\/05\/FEDERICA-ELMI-1536x1024.jpg 1536w, https:\/\/www.radiopiu.net\/wordpress\/wp-content\/uploads\/2023\/05\/FEDERICA-ELMI.jpg 2048w\" sizes=\"auto, (max-width: 156px) 100vw, 156px\" \/><\/a>REDAZIONE<\/strong> Appuntamento del mercoled\u00ec sera con Dediche e Richieste. Il primo ospite della serata \u00e8 stata Federica Elmi. Gli ascoltatori di Radio Pi\u00f9 la conoscono bene perch\u00e9 per oltre 10 anni ha tenuto compagnia tutte le mattine dalle 11. Poi il passaggio a M2O e da tre anni conduce &#8220;Le Lunatiche&#8221; su Rai Radio 2. Un ottimo rapporto con Radio Pi\u00f9 che si prolunga da pi\u00f9 di 15 anni.<\/p>\n<p><strong>FEDERICA ELMI<\/strong><\/p>\n<audio class=\"wp-audio-shortcode\" id=\"audio-334198-11\" preload=\"none\" style=\"width: 100%;\" controls=\"controls\"><source type=\"audio\/mpeg\" src=\"https:\/\/www.radiopiu.net\/wordpress\/wp-content\/uploads\/2023\/05\/DEDICHE-E-RICHIESTE-FEDERICA-ELMI.mp3?_=11\" \/><a href=\"https:\/\/www.radiopiu.net\/wordpress\/wp-content\/uploads\/2023\/05\/DEDICHE-E-RICHIESTE-FEDERICA-ELMI.mp3\">https:\/\/www.radiopiu.net\/wordpress\/wp-content\/uploads\/2023\/05\/DEDICHE-E-RICHIESTE-FEDERICA-ELMI.mp3<\/a><\/audio>\n<p>&nbsp;<\/p>\n<blockquote>\n<h3>SISSI MARTINELLI, UNA VITA PASSATA IN RADIO<\/h3>\n<\/blockquote>\n<p><strong><a class=\"dt-pswp-item\" href=\"https:\/\/www.radiopiu.net\/wordpress\/wp-content\/uploads\/2023\/05\/SISSI-MARTINELLI.jpg\" data-dt-img-description=\"\" data-large_image_width=\"400\" data-large_image_height=\"400\"><img loading=\"lazy\" decoding=\"async\" class=\" wp-image-334185 alignleft\" src=\"https:\/\/www.radiopiu.net\/wordpress\/wp-content\/uploads\/2023\/05\/SISSI-MARTINELLI-300x300.jpg\" alt=\"\" width=\"129\" height=\"129\" srcset=\"https:\/\/www.radiopiu.net\/wordpress\/wp-content\/uploads\/2023\/05\/SISSI-MARTINELLI-300x300.jpg 300w, https:\/\/www.radiopiu.net\/wordpress\/wp-content\/uploads\/2023\/05\/SISSI-MARTINELLI-150x150.jpg 150w, https:\/\/www.radiopiu.net\/wordpress\/wp-content\/uploads\/2023\/05\/SISSI-MARTINELLI.jpg 400w\" sizes=\"auto, (max-width: 129px) 100vw, 129px\" \/><\/a>REDAZIONE<\/strong> Ci tiene compagnia ogni mattina dalle 11 in poi su Radio Pi\u00f9. Lei \u00e8 Sissi Martinelli, pugliese, pi\u00f9 di 40 anni di carriera davanti al microfono. Ci ha raccontato la sua esperienza in radio ma non solo. Un&#8217;intervista a 360 gradi tra radio, musica e concerti&#8230;<\/p>\n<p>&nbsp;<\/p>\n<p>&nbsp;<\/p>\n<p><strong>SISSI MARTINELLI<\/strong><\/p>\n<audio class=\"wp-audio-shortcode\" id=\"audio-334198-12\" preload=\"none\" style=\"width: 100%;\" controls=\"controls\"><source type=\"audio\/mpeg\" src=\"https:\/\/www.radiopiu.net\/wordpress\/wp-content\/uploads\/2023\/05\/DEDICHE-E-RICHIESTE-SISSI-MARTINELLI.mp3?_=12\" \/><a href=\"https:\/\/www.radiopiu.net\/wordpress\/wp-content\/uploads\/2023\/05\/DEDICHE-E-RICHIESTE-SISSI-MARTINELLI.mp3\">https:\/\/www.radiopiu.net\/wordpress\/wp-content\/uploads\/2023\/05\/DEDICHE-E-RICHIESTE-SISSI-MARTINELLI.mp3<\/a><\/audio>\n<p>&nbsp;<\/p>\n<blockquote>\n<h3>RISO FA BUON SANGUE, LO SPETTACOLO DI SABATO A FALCADE<\/h3>\n<\/blockquote>\n<p><strong><a class=\"dt-pswp-item\" href=\"https:\/\/www.radiopiu.net\/wordpress\/wp-content\/uploads\/2021\/08\/ABVS.jpg\" data-dt-img-description=\"\" data-large_image_width=\"2000\" data-large_image_height=\"2000\"><img loading=\"lazy\" decoding=\"async\" class=\" wp-image-227476 alignleft\" src=\"https:\/\/www.radiopiu.net\/wordpress\/wp-content\/uploads\/2021\/08\/ABVS-300x300.jpg\" alt=\"\" width=\"124\" height=\"124\" srcset=\"https:\/\/www.radiopiu.net\/wordpress\/wp-content\/uploads\/2021\/08\/ABVS-300x300.jpg 300w, https:\/\/www.radiopiu.net\/wordpress\/wp-content\/uploads\/2021\/08\/ABVS-1024x1024.jpg 1024w, https:\/\/www.radiopiu.net\/wordpress\/wp-content\/uploads\/2021\/08\/ABVS-150x150.jpg 150w, https:\/\/www.radiopiu.net\/wordpress\/wp-content\/uploads\/2021\/08\/ABVS-768x768.jpg 768w, https:\/\/www.radiopiu.net\/wordpress\/wp-content\/uploads\/2021\/08\/ABVS-1536x1536.jpg 1536w, https:\/\/www.radiopiu.net\/wordpress\/wp-content\/uploads\/2021\/08\/ABVS.jpg 2000w\" sizes=\"auto, (max-width: 124px) 100vw, 124px\" \/><\/a>REDAZIONE<\/strong> L&#8217;appuntamento da non perdere con le sezioni ABVS della Valle del Biois \u00e8 in programma sabato sera alle 20:45 al PalaFalcade dove andr\u00e0 in scena lo spettacolo &#8220;Riso Fa Buon Sangue&#8221;. Una serata ad ingresso libero per ridere e coinvolgere la popolazione sulla donazione del sangue. Ne abbiamo parlato con Antonella Schena, ABVS Falcade, e Adriano Fiocco, ABVS Canale d&#8217;Agordo.<\/p>\n<p><strong>ANTONELLA SCHENA<\/strong><\/p>\n<audio class=\"wp-audio-shortcode\" id=\"audio-334198-13\" preload=\"none\" style=\"width: 100%;\" controls=\"controls\"><source type=\"audio\/mpeg\" src=\"https:\/\/www.radiopiu.net\/wordpress\/wp-content\/uploads\/2023\/05\/ANTONELLA-SCHENA.mp3?_=13\" \/><a href=\"https:\/\/www.radiopiu.net\/wordpress\/wp-content\/uploads\/2023\/05\/ANTONELLA-SCHENA.mp3\">https:\/\/www.radiopiu.net\/wordpress\/wp-content\/uploads\/2023\/05\/ANTONELLA-SCHENA.mp3<\/a><\/audio>\n<p>&nbsp;<\/p>\n<p><strong>ADRIANO FIOCCO<\/strong><\/p>\n<audio class=\"wp-audio-shortcode\" id=\"audio-334198-14\" preload=\"none\" style=\"width: 100%;\" controls=\"controls\"><source type=\"audio\/mpeg\" src=\"https:\/\/www.radiopiu.net\/wordpress\/wp-content\/uploads\/2023\/05\/adriano-fiocco.mp3?_=14\" \/><a href=\"https:\/\/www.radiopiu.net\/wordpress\/wp-content\/uploads\/2023\/05\/adriano-fiocco.mp3\">https:\/\/www.radiopiu.net\/wordpress\/wp-content\/uploads\/2023\/05\/adriano-fiocco.mp3<\/a><\/audio>\n<p>&nbsp;<\/p>\n<blockquote>\n<h3>PAOLO SOPPELSA E I SUOI RACCONTI<\/h3>\n<\/blockquote>\n<p><strong><a class=\"dt-pswp-item\" href=\"https:\/\/www.radiopiu.net\/wordpress\/wp-content\/uploads\/2023\/05\/b2db25df-4aa4-493d-b79e-429fd4e790dd.jpg\" data-dt-img-description=\"\" data-large_image_width=\"1024\" data-large_image_height=\"768\"><img loading=\"lazy\" decoding=\"async\" class=\" wp-image-334291 alignleft\" src=\"https:\/\/www.radiopiu.net\/wordpress\/wp-content\/uploads\/2023\/05\/b2db25df-4aa4-493d-b79e-429fd4e790dd-300x225.jpg\" alt=\"\" width=\"152\" height=\"114\" srcset=\"https:\/\/www.radiopiu.net\/wordpress\/wp-content\/uploads\/2023\/05\/b2db25df-4aa4-493d-b79e-429fd4e790dd-300x225.jpg 300w, https:\/\/www.radiopiu.net\/wordpress\/wp-content\/uploads\/2023\/05\/b2db25df-4aa4-493d-b79e-429fd4e790dd-768x576.jpg 768w, https:\/\/www.radiopiu.net\/wordpress\/wp-content\/uploads\/2023\/05\/b2db25df-4aa4-493d-b79e-429fd4e790dd.jpg 1024w\" sizes=\"auto, (max-width: 152px) 100vw, 152px\" \/><\/a>REDAZIONE<\/strong> Ospite in studio dell&#8217;ultima puntata di Dediche e Richieste Paolo Soppelsa, l&#8217;uomo che ogni luned\u00ec ci delizia con i suoi racconti di vita vissuta. Da tre anni Paolo ogni settimana ci presenta e legge un racconto. Una vita passata tra Belluno e San Tomaso, un via vai continuo ogni fine settimana per staccare dalla vita di citt\u00e0 e andare nei posti dei nonni a rilassarsi un p\u00f2. Con Paolo abbiamo parlato della 203 Agordina ma anche dei modi di parlare che cambiano dall&#8217;Agordino alla Val Belluna, ma anche solo da paese a paese.<\/p>\n<p><strong>PAOLO SOPPELSA<\/strong><\/p>\n<audio class=\"wp-audio-shortcode\" id=\"audio-334198-15\" preload=\"none\" style=\"width: 100%;\" controls=\"controls\"><source type=\"audio\/mpeg\" src=\"https:\/\/www.radiopiu.net\/wordpress\/wp-content\/uploads\/2023\/05\/DEDICHE-E-RICHIESTE-PAOLO-SOPPELSA.mp3?_=15\" \/><a href=\"https:\/\/www.radiopiu.net\/wordpress\/wp-content\/uploads\/2023\/05\/DEDICHE-E-RICHIESTE-PAOLO-SOPPELSA.mp3\">https:\/\/www.radiopiu.net\/wordpress\/wp-content\/uploads\/2023\/05\/DEDICHE-E-RICHIESTE-PAOLO-SOPPELSA.mp3<\/a><\/audio>\n<p>&nbsp;<\/p>\n<hr \/>\n<p>&nbsp;<\/p>\n<blockquote>\n<h3>DOMENICA CON LE PROLOCO BELLUNESI<\/h3>\n<\/blockquote>\n<p><strong><a class=\"dt-pswp-item\" href=\"https:\/\/www.radiopiu.net\/wordpress\/wp-content\/uploads\/2020\/12\/UNPLI.png\" data-dt-img-description=\"\" data-large_image_width=\"1066\" data-large_image_height=\"432\"><img loading=\"lazy\" decoding=\"async\" class=\"wp-image-178779 alignleft\" src=\"https:\/\/www.radiopiu.net\/wordpress\/wp-content\/uploads\/2020\/12\/UNPLI-300x122.png\" alt=\"\" width=\"216\" height=\"88\" srcset=\"https:\/\/www.radiopiu.net\/wordpress\/wp-content\/uploads\/2020\/12\/UNPLI-300x122.png 300w, https:\/\/www.radiopiu.net\/wordpress\/wp-content\/uploads\/2020\/12\/UNPLI-1024x415.png 1024w, https:\/\/www.radiopiu.net\/wordpress\/wp-content\/uploads\/2020\/12\/UNPLI-768x311.png 768w, https:\/\/www.radiopiu.net\/wordpress\/wp-content\/uploads\/2020\/12\/UNPLI.png 1066w\" sizes=\"auto, (max-width: 216px) 100vw, 216px\" \/><\/a>BORGO VALBELLUNA<\/strong> L&#8217;assemblea provinciale delle Pro loco Bellunesi si terr\u00e0 domenica a Mel. Tra i punti all&#8217;ordine del giorno\u00a0 l&#8217;approvazione del bilancio 2022, l&#8217;aggiornamento sui portali MyUnpli e Siae, le attivit\u00e0 previste per quest&#8217;anno e il resoconto del progetto presentato nel bando regionale relativo ai contributi 2022. La lettura e l&#8217;approvazione del rendiconto di cassa 2022 saranno seguite da dibattiti e interventi dei rappresentanti delle Pro Loco e Consorzi. Tra i principali progetti portati a termine un importante evento promosso dalle Pro loco bellunesi in collaborazione con la Pro loco di Canale d\u2019Agordo in occasione della beatificazione di Papa Luciani, che ha visto la realizzazione di un docufilm inedito riguardante la vita di Albino Luciani prima di diventare Papa.<\/p>\n<p>&nbsp;<\/p>\n<blockquote>\n<h3>DOMANI A FELTRE IL CONVEGNO &#8220;LA RIFORMA DELLO SPORT&#8221;<\/h3>\n<\/blockquote>\n<p><strong>FELTRE<\/strong> Il Comune\u00a0 organizza per domani alle 10, presso la Palazzina &#8220;Bonsembiante&#8221; in via Borgo Ruga, il convegno dal titolo &#8220;La Riforma dello Sport&#8221;. L&#8217;evento sar\u00e0 dedicato all&#8217;analisi dell&#8217;iter legislativo della riforma dello sport.\u00a0 Prevosta la presentazione del nuovo Registro delle Attivit\u00e0 Sportive Dilettantistiche, una novit\u00e0 importante introdotta dalla riforma, e l&#8217;approfondimento sulle conseguenze della riforma per il mondo del lavoro nello sport. Interverranno: Maurizio Zatta, Assessore con delega allo Sport del Comune di Feltre, Giuliano Zocca, Presidente del Comitato Provinciale CSEN Belluno e Partner dello Studio Leonardo Ambrosi &amp; Partners.<\/p>\n<p>&nbsp;<\/p>\n<p>&nbsp;<\/p>\n<blockquote>\n<h3>IL PASTORE DI NUVOLE<\/h3>\n<\/blockquote>\n<p>Domani alle 15.30 a Col dei Piatti (Malga Garda) proiezione del cortometraggio &#8220;il pastore di nuvole&#8221; ambientato nei prati della malga. Iniziativa dell&#8217;associazione Dafne<\/p>\n<p>&nbsp;<\/p>\n<p>&nbsp;<\/p>\n<hr \/>\n<p>&nbsp;<\/p>\n<p>&nbsp;<\/p>\n<p><a class=\"dt-pswp-item\" href=\"https:\/\/www.radiopiu.net\/wordpress\/wp-content\/uploads\/2023\/05\/60ae8e8d-3dca-4f47-8890-f2a7f9aa9081.jpg\" data-dt-img-description=\"\" data-large_image_width=\"720\" data-large_image_height=\"1020\"><img loading=\"lazy\" decoding=\"async\" class=\"size-medium wp-image-334227 aligncenter\" src=\"https:\/\/www.radiopiu.net\/wordpress\/wp-content\/uploads\/2023\/05\/60ae8e8d-3dca-4f47-8890-f2a7f9aa9081-212x300.jpg\" alt=\"\" width=\"212\" height=\"300\" srcset=\"https:\/\/www.radiopiu.net\/wordpress\/wp-content\/uploads\/2023\/05\/60ae8e8d-3dca-4f47-8890-f2a7f9aa9081-212x300.jpg 212w, https:\/\/www.radiopiu.net\/wordpress\/wp-content\/uploads\/2023\/05\/60ae8e8d-3dca-4f47-8890-f2a7f9aa9081.jpg 720w\" sizes=\"auto, (max-width: 212px) 100vw, 212px\" \/><\/a><\/p>\n<p>&nbsp;<\/p>\n<p>&nbsp;<\/p>\n<p>&nbsp;<\/p>\n<p>&nbsp;<\/p>\n<hr \/>\n<p>&nbsp;<\/p>\n<blockquote>\n<h3>&#8220;LA COTA&#8221;: IL 19 MAGGIO L&#8217;ACCENSIONE DELLA CALCHERA DE LE TORTE IN VALLE DI SAN LUCANO<\/h3>\n<\/blockquote>\n<p><strong><a class=\"dt-pswp-item\" href=\"https:\/\/www.radiopiu.net\/wordpress\/wp-content\/uploads\/2023\/04\/calchera-de-le-torte.jpg\" data-dt-img-description=\"\" data-large_image_width=\"1920\" data-large_image_height=\"1080\"><img loading=\"lazy\" decoding=\"async\" class=\" wp-image-333411 alignleft\" src=\"https:\/\/www.radiopiu.net\/wordpress\/wp-content\/uploads\/2023\/04\/calchera-de-le-torte-300x169.jpg\" alt=\"\" width=\"162\" height=\"91\" srcset=\"https:\/\/www.radiopiu.net\/wordpress\/wp-content\/uploads\/2023\/04\/calchera-de-le-torte-300x169.jpg 300w, https:\/\/www.radiopiu.net\/wordpress\/wp-content\/uploads\/2023\/04\/calchera-de-le-torte-1024x576.jpg 1024w, https:\/\/www.radiopiu.net\/wordpress\/wp-content\/uploads\/2023\/04\/calchera-de-le-torte-768x432.jpg 768w, https:\/\/www.radiopiu.net\/wordpress\/wp-content\/uploads\/2023\/04\/calchera-de-le-torte-1536x864.jpg 1536w, https:\/\/www.radiopiu.net\/wordpress\/wp-content\/uploads\/2023\/04\/calchera-de-le-torte.jpg 1920w\" sizes=\"auto, (max-width: 162px) 100vw, 162px\" \/><\/a>TAIBON<\/strong> Ritorna &#8220;La Cota&#8221; in Valle di San Lucano. I volontari del gruppo Piodech assieme alla Pro Loco di Taibon, Comune, Pompieri Volontari di Agordo e la scuola Minerari di Agordo, organizzano per <strong>venerd\u00ec 19 maggio<\/strong> la rievocazione dell&#8217;attivit\u00e0 produttiva del passato relativa all&#8217;ottenimento di calce da costruzione tramite la cottura della pietra calcarea. L&#8217;accensione avverr\u00e0 alla Calch\u00e8ra de le Torte nei pressi della chiesetta di San Lucano alle 10. Interverranno: Paolo Sibillon, Presidente del gruppo Piodech, il sindaco di Taibon Silvia Tormen, un rappresentante dell&#8217;Istituto Follador-De Rossi di Agordo e della scuola primaria di Taibon. Alle 11 l&#8217;accensione della fornace, dopo la benedizione di Monsignor Cesare Larese.<\/p>\n<p>&nbsp;<\/p>\n<p>&nbsp;<\/p>\n<hr \/>\n<p>&nbsp;<\/p>\n<blockquote>\n<h2>ALPINISMO GIOVANILE, incontro con Merino Mattiuzzi: uomo speciale che personifica il bosco<\/h2>\n<\/blockquote>\n<p><strong><img decoding=\"async\" class=\"aligncenter\" src=\"https:\/\/www.radiopiu.net\/wordpress\/wp-content\/uploads\/2023\/05\/Senza-nome.jpg\" \/><\/strong><\/p>\n<p>&nbsp;<\/p>\n<p><strong>AGORDO<\/strong> La Sezione Agordina del CAI continua a proporre interessanti iniziative anche per promuovere l&#8217;alpinismo giovanile. Dopo il successo delle &#8220;Sere d&#8217;Autunno 2022&#8221;, il prossimo appuntamento sar\u00e0 con Merino Mattiuzzi, personaggio che incarna la natura, il bosco e gli antichi mestieri del passato. La giornata, in programma per <strong>domenica 7 maggio<\/strong> a Zopp\u00e8 di Cadore, prevede un percorso didattico per conoscere da vicino la figura di Merino e immergersi in un mondo sconosciuto. L&#8217;escursione, adatta anche ai pi\u00f9 piccoli, sar\u00e0 facile e istruttiva e permetter\u00e0 ai partecipanti di apprendere nuove nozioni sulla natura e sugli antichi mestieri. L&#8217;Alpinismo Giovanile, guidato dal CAI di Agordo, si conferma quindi come un&#8217;ottima occasione per far conoscere ai giovani il valore dell&#8217;ambiente e della storia delle nostre montagne.<\/p>\n<p>&nbsp;<\/p>\n<hr \/>\n<p>&nbsp;<\/p>\n<p>&nbsp;<\/p>\n<blockquote class=\"wp-embedded-content\" data-secret=\"XKh5gbLxO7\"><p><a href=\"https:\/\/www.radiopiu.net\/wordpress\/il-ritorno-di-alice-bettolo-i-mille-passi-seconda-puntata\/\">IL RITORNO DI ALICE BETTOLO, &#8220;I MILLE PASSI&#8221;, seconda puntata<\/a><\/p><\/blockquote>\n<p><iframe loading=\"lazy\" class=\"wp-embedded-content\" sandbox=\"allow-scripts\" security=\"restricted\" style=\"position: absolute; clip: rect(1px, 1px, 1px, 1px);\" title=\"&#8220;IL RITORNO DI ALICE BETTOLO, &#8220;I MILLE PASSI&#8221;, seconda puntata&#8221; &#8212; Radio Pi\u00f9\" src=\"https:\/\/www.radiopiu.net\/wordpress\/il-ritorno-di-alice-bettolo-i-mille-passi-seconda-puntata\/embed\/#?secret=ftucbirLWE#?secret=XKh5gbLxO7\" data-secret=\"XKh5gbLxO7\" width=\"600\" height=\"338\" frameborder=\"0\" marginwidth=\"0\" marginheight=\"0\" scrolling=\"no\"><\/iframe><\/p>\n<p>&nbsp;<\/p>\n<p>&nbsp;<\/p>\n<p>&nbsp;<\/p>\n<p>&nbsp;<\/p>\n<hr \/>\n<p>&nbsp;<\/p>\n<blockquote>\n<blockquote>\n<h3>PALIO DI FELTRE E TRADIZIONI<\/h3>\n<\/blockquote>\n<p><strong>FELTRE<\/strong> Il tradizionale appuntamento del Palio, con la partecipazione in costume alla Santa Messa a San Vittore per rendere omaggio ai patroni della citt\u00e0, avr\u00e0 luogo <strong>domenica<\/strong> alle 10.30, ritrovo alle 9 presso la chiesa di Anz\u00f9.<\/p>\n<p>&nbsp;<\/p><\/blockquote>\n<p>&nbsp;<\/p>\n<hr \/>\n<p>&nbsp;<\/p>\n<div dir=\"auto\">\n<blockquote>\n<h3 class=\"entry-title\">L\u2019IMPEGNO PER LA FIBROSI CISTICA, SULLA STRADA DI BICE<\/h3>\n<\/blockquote>\n<p><strong>REDAZIONE <\/strong>Raccolta fondi: <span id=\"page3R_mcid0\" class=\"markedContent\"><span dir=\"ltr\" role=\"presentation\">\u00a0<\/span><\/span><span id=\"page3R_mcid2\" class=\"markedContent\"><span dir=\"ltr\" role=\"presentation\"><strong>domani<\/strong>\u00a0maggio a\u00a0<\/span><\/span><span id=\"page3R_mcid3\" class=\"markedContent\"><span dir=\"ltr\" role=\"presentation\">Santo Stefano di Cadore, Dosoledo, Agordo, Caviola, Falcade, Castion in Piazza I\u00b0\u00a0<\/span><span dir=\"ltr\" role=\"presentation\">Maggio (Alpini), Puos d<\/span><span dir=\"ltr\" role=\"presentation\">\u2019<\/span><span dir=\"ltr\" role=\"presentation\">Alpago Piazza P. Luciani.\u00a0<\/span><\/span><span id=\"page3R_mcid5\" class=\"markedContent\"><span dir=\"ltr\" role=\"presentation\"><strong>Domenica<\/strong>\u00a0<\/span><\/span><span id=\"page3R_mcid6\" class=\"markedContent\"><span dir=\"ltr\" role=\"presentation\">Parrocchie Del Poi (Rivamonte, Tiser, Gosaldo, Frassen\u00e8 e Voltago) <\/span><\/span><span id=\"page3R_mcid8\" class=\"markedContent\"><span dir=\"ltr\" role=\"presentation\"><strong>Durante<\/strong> la settimana ci sar\u00e0 il recapito porta a porta della<\/span>\u00a0<span dir=\"ltr\" role=\"presentation\">\u201c<\/span><span dir=\"ltr\" role=\"presentation\">dipladenia<\/span><span dir=\"ltr\" role=\"presentation\">\u201d<\/span>\u00a0<span dir=\"ltr\" role=\"presentation\">a Farra\u00a0<\/span><span dir=\"ltr\" role=\"presentation\">d<\/span><span dir=\"ltr\" role=\"presentation\">\u2019<\/span><span dir=\"ltr\" role=\"presentation\">Alpago e Zopp\u00e8 di Cadore\u00a0<\/span><\/span><\/p>\n<\/div>\n<div dir=\"auto\">\n<p>&nbsp;<\/p>\n<p>&nbsp;<\/p>\n<hr \/>\n<p>&nbsp;<\/p>\n<blockquote>\n<h3>IL TORNEO DELLE FRAZIONI SUL BROI DI AGORDO<\/h3>\n<\/blockquote>\n<p><strong>AGORDO<\/strong> Il Torneo della Frazioni sta per invadere il Broi di Agordo il <strong>14 maggio<\/strong> Sar\u00e0 un&#8217;intensa giornata di calcio a 5, con fasi eliminatorie durante la mattina e una fantastica semifinale nel pomeriggio, che ci condurr\u00e0 alla finalissima delle 18:00. Sar\u00e0 una sfida all&#8217;ultimo gol, dove solo i migliori avranno la possibilit\u00e0 di alzare il trofeo alla fine del torneo. Ma non \u00e8 tutto! Ci saranno premiazioni a fine partita, musica e intrattenimento con R DJ, chiosco e ristoro. Organizzazione Palio dei 100, Pro Loco e il Comune di Agordo. Ti aspettiamo al Torneo della Frazioni, il 14 maggio sul Broi di Agordo dalle 9.30.<\/p>\n<p>&nbsp;<\/p>\n<p>&nbsp;<\/p>\n<hr \/>\n<p>&nbsp;<\/p>\n<\/div>\n<div dir=\"auto\">\n<blockquote>\n<h3>SOSPIROLO EVENTI<\/h3>\n<\/blockquote>\n<h3><a class=\"dt-pswp-item\" href=\"https:\/\/www.radiopiu.net\/wordpress\/wp-content\/uploads\/2023\/04\/Senza-nome-66.jpg\" data-dt-img-description=\"\" data-large_image_width=\"129\" data-large_image_height=\"153\"><img loading=\"lazy\" decoding=\"async\" class=\"size-full wp-image-332530 alignleft\" src=\"https:\/\/www.radiopiu.net\/wordpress\/wp-content\/uploads\/2023\/04\/Senza-nome-66.jpg\" alt=\"\" width=\"129\" height=\"153\" \/><\/a><\/h3>\n<p><strong>SOSPIROLO<\/strong>\u00a0 Oggi ore 20.45 al Pr\u00e0 della Melia <strong>Sonon par San Gottardo, concerto di fisarmoniche.<\/strong> Serata di raccolta fondi per il restauro del campanile (Comitato pro San Gottardo) <strong>domani<\/strong>\u00a0dalle 10.30 a La Mandra <strong>Festa sociale della Montagna<\/strong> (Centro Studi Montagna Sospirolese)<\/p>\n<\/div>\n<div dir=\"auto\"><\/div>\n<div dir=\"auto\"><\/div>\n<div dir=\"auto\"><\/div>\n<div dir=\"auto\"><\/div>\n<div dir=\"auto\"><\/div>\n<div dir=\"auto\"><\/div>\n<div dir=\"auto\">\n<hr \/>\n<p>&nbsp;<\/p>\n<blockquote>\n<h3>SABATO 3 GIUGNO LA CENA DELLA CLASSE 1955-56<\/h3>\n<\/blockquote>\n<p><strong>AGORDO<\/strong> E&#8217; in programma per sabato 3 giugno al Ristorante &#8220;La Stanga&#8221; la cena delle classi 1955-1956. Ritrovo al ristorante alle 19, cena , musica e premi. Per informazioni ed iscrizioni Roberto Schenot al 348 8524340. Iscrizioni entro il 29 maggio.<\/p>\n<p>&nbsp;<\/p>\n<p>&nbsp;<\/p>\n<hr \/>\n<p>&nbsp;<\/p>\n<blockquote>\n<h3>DOMENICA 4 GIUGNO LA 4 PAS IN DOI<\/h3>\n<\/blockquote>\n<p><strong>AGORDO<\/strong> <strong>DOMENICA 4 GIUGNO<\/strong> AD AGORDO: &#8220;4 Pas in doi&#8221; TRAIL RUNNING A COPPIE. Due percorsi: 16 km con 900 metri di dislivello, o 5 km con 250 metri di dislivello. E per i pi\u00f9 golosi, la &#8220;4 Pas in doi Bocoi&#8221;: itinerario enogastronomico, 6 km, con 4 tappe da&#8230; gustare. Per informazioni ed iscrizioni: www.4pasindoi.it<\/p>\n<p>&nbsp;<\/p>\n<p>&nbsp;<\/p>\n<hr \/>\n<p>&nbsp;<\/p>\n<blockquote>\n<h3>LE ORME IN CONCERTO AD ANZU&#8217; DI FELTRE IL 12 MAGGIO<\/h3>\n<\/blockquote>\n<p><strong><a class=\"dt-pswp-item\" href=\"https:\/\/www.radiopiu.net\/wordpress\/wp-content\/uploads\/2023\/04\/LE-ORME-CONCERTO.jpg\" data-dt-img-description=\"\" data-large_image_width=\"921\" data-large_image_height=\"551\"><img loading=\"lazy\" decoding=\"async\" class=\" wp-image-332388 alignleft\" src=\"https:\/\/www.radiopiu.net\/wordpress\/wp-content\/uploads\/2023\/04\/LE-ORME-CONCERTO-300x179.jpg\" alt=\"\" width=\"179\" height=\"107\" srcset=\"https:\/\/www.radiopiu.net\/wordpress\/wp-content\/uploads\/2023\/04\/LE-ORME-CONCERTO-300x179.jpg 300w, https:\/\/www.radiopiu.net\/wordpress\/wp-content\/uploads\/2023\/04\/LE-ORME-CONCERTO-768x459.jpg 768w, https:\/\/www.radiopiu.net\/wordpress\/wp-content\/uploads\/2023\/04\/LE-ORME-CONCERTO.jpg 921w\" sizes=\"auto, (max-width: 179px) 100vw, 179px\" \/><\/a>FELTRE<\/strong><\/p>\n<p><strong>L&#8217;INTERVISTA<\/strong><\/p>\n<audio class=\"wp-audio-shortcode\" id=\"audio-334198-16\" preload=\"none\" style=\"width: 100%;\" controls=\"controls\"><source type=\"audio\/mpeg\" src=\"https:\/\/www.radiopiu.net\/wordpress\/wp-content\/uploads\/2023\/04\/CONCERTO-LE-ORME.mp3?_=16\" \/><a href=\"https:\/\/www.radiopiu.net\/wordpress\/wp-content\/uploads\/2023\/04\/CONCERTO-LE-ORME.mp3\">https:\/\/www.radiopiu.net\/wordpress\/wp-content\/uploads\/2023\/04\/CONCERTO-LE-ORME.mp3<\/a><\/audio>\n<p>&nbsp;<\/p>\n<p><strong>IL SALUTO DI TONY PAGLIUCA\u00a0<\/strong><\/p>\n<audio class=\"wp-audio-shortcode\" id=\"audio-334198-17\" preload=\"none\" style=\"width: 100%;\" controls=\"controls\"><source type=\"audio\/mpeg\" src=\"https:\/\/www.radiopiu.net\/wordpress\/wp-content\/uploads\/2023\/04\/pagliuca.mp3?_=17\" \/><a href=\"https:\/\/www.radiopiu.net\/wordpress\/wp-content\/uploads\/2023\/04\/pagliuca.mp3\">https:\/\/www.radiopiu.net\/wordpress\/wp-content\/uploads\/2023\/04\/pagliuca.mp3<\/a><\/audio>\n<p>&nbsp;<\/p>\n<p>&nbsp;<\/p>\n<p>&nbsp;<\/p>\n<p>&nbsp;<\/p>\n<hr \/>\n<p>&nbsp;<\/p>\n<blockquote>\n<h3>RISO FA BUON SANGUE A FALCADE<\/h3>\n<\/blockquote>\n<p><strong>di Gianni Santomaso<\/strong><\/p>\n<audio class=\"wp-audio-shortcode\" id=\"audio-334198-18\" preload=\"none\" style=\"width: 100%;\" controls=\"controls\"><source type=\"audio\/mpeg\" src=\"https:\/\/www.radiopiu.net\/wordpress\/wp-content\/uploads\/2023\/05\/GIANNI-RISO-FA-BUON-SANGUE.mp3?_=18\" \/><a href=\"https:\/\/www.radiopiu.net\/wordpress\/wp-content\/uploads\/2023\/05\/GIANNI-RISO-FA-BUON-SANGUE.mp3\">https:\/\/www.radiopiu.net\/wordpress\/wp-content\/uploads\/2023\/05\/GIANNI-RISO-FA-BUON-SANGUE.mp3<\/a><\/audio>\n<p>&nbsp;<\/p>\n<p><iframe loading=\"lazy\" title=\"Trailer Promo Falcade Live Show il 06 05 2023\" width=\"1200\" height=\"675\" src=\"https:\/\/www.youtube.com\/embed\/vytkb_XSQIQ?feature=oembed\" frameborder=\"0\" allow=\"accelerometer; autoplay; clipboard-write; encrypted-media; gyroscope; picture-in-picture; web-share\" allowfullscreen><\/iframe><\/p>\n<p>&nbsp;<\/p>\n<blockquote class=\"wp-embedded-content\" data-secret=\"Y6Lvxgn2fp\"><p><a href=\"https:\/\/www.radiopiu.net\/wordpress\/una-sera-di-comicita-al-palafalcade-con-ingresso-gratuito\/\">UNA SERA DI COMICITA&#8217; AL PALAFALCADE CON INGRESSO GRATUITO<\/a><\/p><\/blockquote>\n<p><iframe loading=\"lazy\" class=\"wp-embedded-content\" sandbox=\"allow-scripts\" security=\"restricted\" style=\"position: absolute; clip: rect(1px, 1px, 1px, 1px);\" title=\"&#8220;UNA SERA DI COMICITA&#8217; AL PALAFALCADE CON INGRESSO GRATUITO&#8221; &#8212; Radio Pi\u00f9\" src=\"https:\/\/www.radiopiu.net\/wordpress\/una-sera-di-comicita-al-palafalcade-con-ingresso-gratuito\/embed\/#?secret=e3tgAndF2g#?secret=Y6Lvxgn2fp\" data-secret=\"Y6Lvxgn2fp\" width=\"600\" height=\"338\" frameborder=\"0\" marginwidth=\"0\" marginheight=\"0\" scrolling=\"no\"><\/iframe><\/p>\n<p>&nbsp;<\/p>\n<p>&nbsp;<\/p>\n<hr \/>\n<p>&nbsp;<\/p>\n<blockquote>\n<h3>A PUOS D&#8217;ALPAGO LA PRESENTAZIONE DEL LIBRO DI MARIO CIMAROSTI<\/h3>\n<\/blockquote>\n<p><strong>PUOS D&#8217;ALPAGO Oggi<\/strong> alle 20.30 alla Casa della Giovent\u00f9 di Puos d\u2019Alpago si presenta \u201cAi confini dell\u2019Asia. Avventure e incontri tra zar, sultani e maioliche\u201d, libro di Mario Cimarosti.<\/p>\n<p>&nbsp;<\/p>\n<p>&nbsp;<\/p>\n<hr \/>\n<p>&nbsp;<\/p>\n<blockquote>\n<h3>LA PRESENTAZIONE DEL NUOVO LIBRO DI SONIA ANDRICH<\/h3>\n<\/blockquote>\n<p><strong>DI GIANNI SANTOMASO<\/strong><\/p>\n<audio class=\"wp-audio-shortcode\" id=\"audio-334198-19\" preload=\"none\" style=\"width: 100%;\" controls=\"controls\"><source type=\"audio\/mpeg\" src=\"https:\/\/www.radiopiu.net\/wordpress\/wp-content\/uploads\/2023\/05\/GIANNI-IL-LIBRO-DI-SONIA-ANDRICH.mp3?_=19\" \/><a href=\"https:\/\/www.radiopiu.net\/wordpress\/wp-content\/uploads\/2023\/05\/GIANNI-IL-LIBRO-DI-SONIA-ANDRICH.mp3\">https:\/\/www.radiopiu.net\/wordpress\/wp-content\/uploads\/2023\/05\/GIANNI-IL-LIBRO-DI-SONIA-ANDRICH.mp3<\/a><\/audio>\n<p>&nbsp;<\/p>\n<hr \/>\n<p>&nbsp;<\/p>\n<blockquote>\n<h3>TORNANO LE VISITE GUIDATE ALL\u2019EX MANICOMIO PROVINCIALE DI FELTRE<\/h3>\n<\/blockquote>\n<p><strong>BELLUNO<\/strong> Sono aperte le iscrizioni per le visite all\u2019ex manicomio di Feltre, promosse dalla Biblioteca Civica di Belluno, per le giornate di <strong>sabato 13 e sabato 27 maggio<\/strong>, in collaborazione con la guida turistica Marta Azzalini, e con la partecipazione dell\u2019ex infermiere Romano Scopel. INFO: email bibloteca@comune.belluno.it, telefono 0437 948093.<\/p>\n<p>&nbsp;<\/p>\n<p>&nbsp;<\/p>\n<hr \/>\n<p>&nbsp;<\/p>\n<blockquote>\n<h3>IL FAI PARLA DELL&#8217;ARCHITETTO CARLO SCARPA<\/h3>\n<\/blockquote>\n<p><strong><a class=\"dt-pswp-item\" href=\"https:\/\/www.radiopiu.net\/wordpress\/wp-content\/uploads\/2023\/05\/FAI-BELLUNO.png\" data-dt-img-description=\"\" data-large_image_width=\"244\" data-large_image_height=\"122\"><img loading=\"lazy\" decoding=\"async\" class=\" wp-image-333946 alignleft\" src=\"https:\/\/www.radiopiu.net\/wordpress\/wp-content\/uploads\/2023\/05\/FAI-BELLUNO.png\" alt=\"\" width=\"148\" height=\"74\" \/><\/a>BELLUNO <\/strong><strong>Marted\u00ec 9 maggio<\/strong>, alle ore 18, presso la sala barchessa di villa Doglioni-Dalmas a Belluno (via S. Lucano 32), Isabella Pilo terr\u00e0 una conferenza dal titolo <em>Carlo Scarpa. Architettura, arte, memoria, luoghi<\/em>. L\u2019evento \u00e8 promosso dalla Delegazione FAI di Belluno con il patrocinio del Comune di Belluno, della Provincia e di Confindustria Belluno Dolomiti. L\u2019intervento sar\u00e0 l\u2019occasione per conoscere meglio la figura di Carlo Scarpa (1906-1978), uno dei pi\u00f9 grandi architetti italiani del Novecento, celebre in tutto il mondo per i suoi molteplici interventi e opere, tra residenze, musei, monumenti, edifici pubblici e religiosi, negozi, sculture.<\/p>\n<p>&nbsp;<\/p>\n<p>&nbsp;<\/p>\n<hr \/>\n<p>&nbsp;<\/p>\n<blockquote>\n<h3>IL FANTALIBRO A LIMANA<\/h3>\n<\/blockquote>\n<p><strong>LIMANA <\/strong>Il\u00a0Comune di Limana\u00a0&#8211;\u00a0Assessorato alla Cultura e Biblioteca Comunale\u00a0&#8211; in collaborazione con l&#8217;Istituto Comprensivo di Trichiana e Limana, con la locale Pro Loco, con il contributo della Banca Popolare Volksbank di Limana e con il Patrocinio della Regione Veneto, \u00e8 lieto di presentare la\u00a026^ edizione\u00a0dell&#8217;iniziativa culturale FANTALIBRANDO,\u00a0rassegna di letteratura per bambini\u00a0e\u00a0ragazzi. La manifestazione verr\u00e0 inaugurata presso la Biblioteca Comunale di Limana<strong>\u00a0luned\u00ec 8\u00a0maggio<\/strong>\u00a0alle ore 17.15<\/p>\n<p>&nbsp;<\/p>\n<p>&nbsp;<\/p>\n<hr \/>\n<p>&nbsp;<\/p>\n<blockquote>\n<h3>LA PRIMA EDIZIONE DELLA DON &#8211; PIANLONCH<\/h3>\n<\/blockquote>\n<p><strong>GOSALDO<\/strong> E&#8217; in programma per <strong>domenica 28 maggio<\/strong> la prima edizione della gara di corsa Don &#8211; Pianlonch. Una passeggiata ludicomotoria di 5,6 km non competitiva. Iscrizione 6 euro prima della partenza, 10 euro con panino farcito e bottigllia d&#8217;acqua.<\/p>\n<p>&nbsp;<\/p>\n<p>&nbsp;<\/p>\n<hr \/>\n<p>&nbsp;<\/p>\n<blockquote class=\"wp-embedded-content\" data-secret=\"rmGAZD0EKT\"><p><a href=\"https:\/\/www.radiopiu.net\/wordpress\/alleghe-settantanni-di-fotoriva\/\">ALLEGHE: SETTANT\u2019ANNI DI FOTORIVA<\/a><\/p><\/blockquote>\n<p><iframe loading=\"lazy\" class=\"wp-embedded-content\" sandbox=\"allow-scripts\" security=\"restricted\" style=\"position: absolute; clip: rect(1px, 1px, 1px, 1px);\" title=\"&#8220;ALLEGHE: SETTANT\u2019ANNI DI FOTORIVA&#8221; &#8212; Radio Pi\u00f9\" src=\"https:\/\/www.radiopiu.net\/wordpress\/alleghe-settantanni-di-fotoriva\/embed\/#?secret=nZ4uvX87Qc#?secret=rmGAZD0EKT\" data-secret=\"rmGAZD0EKT\" width=\"600\" height=\"338\" frameborder=\"0\" marginwidth=\"0\" marginheight=\"0\" scrolling=\"no\"><\/iframe><\/p>\n<p>&nbsp;<\/p>\n<hr \/>\n<p>&nbsp;<\/p>\n<div dir=\"auto\">\n<div class=\"message spoilers-container\" dir=\"auto\">\n<div>\n<div class=\"b654a4as d2edcug0\">\n<div class=\"rq0escxv hkbzh7o3 jwdofwj8 n8tt0mok r8blr3vg hyh9befq\">\n<p><a class=\"dt-pswp-item\" href=\"https:\/\/www.radiopiu.net\/wordpress\/wp-content\/uploads\/2020\/10\/pp.jpg\" data-dt-img-description=\"\" data-large_image_width=\"640\" data-large_image_height=\"640\"><img loading=\"lazy\" decoding=\"async\" class=\"wp-image-163678 alignleft\" src=\"https:\/\/www.radiopiu.net\/wordpress\/wp-content\/uploads\/2020\/10\/pp-300x300.jpg\" alt=\"\" width=\"106\" height=\"106\" srcset=\"https:\/\/www.radiopiu.net\/wordpress\/wp-content\/uploads\/2020\/10\/pp-300x300.jpg 300w, https:\/\/www.radiopiu.net\/wordpress\/wp-content\/uploads\/2020\/10\/pp-150x150.jpg 150w, https:\/\/www.radiopiu.net\/wordpress\/wp-content\/uploads\/2020\/10\/pp-125x125.jpg 125w, https:\/\/www.radiopiu.net\/wordpress\/wp-content\/uploads\/2020\/10\/pp-200x200.jpg 200w, https:\/\/www.radiopiu.net\/wordpress\/wp-content\/uploads\/2020\/10\/pp-80x80.jpg 80w, https:\/\/www.radiopiu.net\/wordpress\/wp-content\/uploads\/2020\/10\/pp-480x480.jpg 480w, https:\/\/www.radiopiu.net\/wordpress\/wp-content\/uploads\/2020\/10\/pp.jpg 640w\" sizes=\"auto, (max-width: 106px) 100vw, 106px\" \/><\/a><\/p>\n<\/div>\n<\/div>\n<\/div>\n<\/div>\n<div class=\"message spoilers-container\" dir=\"auto\">\n<div>\n<div class=\"page-title-head hgroup\">\n<div class=\"page-title-head hgroup\">\n<div class=\"b654a4as d2edcug0\">\n<div class=\"j83agx80 btwxx1t3 lhclo0ds hop8lmos nkwizq5d scwd0bx6 roh60bw9\">\n<div class=\"rq0escxv hkbzh7o3 jwdofwj8 n8tt0mok r8blr3vg hyh9befq\">\n<div class=\"do00u71z l9j0dhe7 k4urcfbm\" style=\"text-align: left;\">\n<h2><span style=\"color: #000080;\">DON CESARE, IL PENSIERO DEL GIORNO. ALLA RADIO ALLE 7 DEL MATTINO E ALLE 19.30 DELLA SERA<\/span><\/h2>\n<audio class=\"wp-audio-shortcode\" id=\"audio-334198-20\" preload=\"none\" style=\"width: 100%;\" controls=\"controls\"><source type=\"audio\/mpeg\" src=\"https:\/\/www.radiopiu.net\/wordpress\/wp-content\/uploads\/2023\/05\/CESARE-3.mp3?_=20\" \/><a href=\"https:\/\/www.radiopiu.net\/wordpress\/wp-content\/uploads\/2023\/05\/CESARE-3.mp3\">https:\/\/www.radiopiu.net\/wordpress\/wp-content\/uploads\/2023\/05\/CESARE-3.mp3<\/a><\/audio>\n<\/div>\n<\/div>\n<\/div>\n<\/div>\n<\/div>\n<\/div>\n<\/div>\n<\/div>\n<p>&nbsp;<\/p>\n<hr \/>\n<p>&nbsp;<\/p>\n<div class=\"message spoilers-container\" dir=\"auto\">\n<h2><strong><a class=\"dt-pswp-item\" href=\"https:\/\/www.radiopiu.net\/wordpress\/wp-content\/uploads\/2020\/12\/SISTO.jpg\" data-dt-img-description=\"\" data-large_image_width=\"620\" data-large_image_height=\"340\"><img loading=\"lazy\" decoding=\"async\" class=\" wp-image-181222 alignleft\" src=\"https:\/\/www.radiopiu.net\/wordpress\/wp-content\/uploads\/2020\/12\/SISTO-300x165.jpg\" alt=\"\" width=\"196\" height=\"108\" srcset=\"https:\/\/www.radiopiu.net\/wordpress\/wp-content\/uploads\/2020\/12\/SISTO-300x165.jpg 300w, https:\/\/www.radiopiu.net\/wordpress\/wp-content\/uploads\/2020\/12\/SISTO.jpg 620w\" sizes=\"auto, (max-width: 196px) 100vw, 196px\" \/><\/a><span style=\"color: #008000;\">LA RASSEGNA STAMPA DA L&#8217;AMICO DEL POPOLO <\/span><\/strong><\/h2>\n<p><strong>di Gianni Santomaso<\/strong><\/p>\n<p>OSPITE: Sisto Da Roit, Presidente del GAV<\/p>\n<audio class=\"wp-audio-shortcode\" id=\"audio-334198-21\" preload=\"none\" style=\"width: 100%;\" controls=\"controls\"><source type=\"audio\/mpeg\" src=\"https:\/\/www.radiopiu.net\/wordpress\/wp-content\/uploads\/2023\/04\/RASSEGNA-GIANNI-2.mp3?_=21\" \/><a href=\"https:\/\/www.radiopiu.net\/wordpress\/wp-content\/uploads\/2023\/04\/RASSEGNA-GIANNI-2.mp3\">https:\/\/www.radiopiu.net\/wordpress\/wp-content\/uploads\/2023\/04\/RASSEGNA-GIANNI-2.mp3<\/a><\/audio>\n<p>&nbsp;<\/p>\n<hr \/>\n<p>&nbsp;<\/p>\n<\/div>\n<div class=\"message spoilers-container\" dir=\"auto\">\n<h2><span style=\"color: #ff00ff;\">IN VIVO VERSO\u00a0 \u00a0<\/span><\/h2>\n<blockquote>\n<h3>PRIMAVERA di PAOLO CAIANIELLO<\/h3>\n<\/blockquote>\n<p>AUDIO<\/p>\n<audio class=\"wp-audio-shortcode\" id=\"audio-334198-22\" preload=\"none\" style=\"width: 100%;\" controls=\"controls\"><source type=\"audio\/mpeg\" src=\"https:\/\/www.radiopiu.net\/wordpress\/wp-content\/uploads\/2023\/05\/04-PAOLO-CAIANIELLO-PRIMAVERA.mp3?_=22\" \/><a href=\"https:\/\/www.radiopiu.net\/wordpress\/wp-content\/uploads\/2023\/05\/04-PAOLO-CAIANIELLO-PRIMAVERA.mp3\">https:\/\/www.radiopiu.net\/wordpress\/wp-content\/uploads\/2023\/05\/04-PAOLO-CAIANIELLO-PRIMAVERA.mp3<\/a><\/audio>\n<p>&nbsp;<\/p>\n<p><a class=\"dt-pswp-item\" href=\"https:\/\/www.radiopiu.net\/wordpress\/wp-content\/uploads\/2023\/05\/PAOLO-CAIANIELLO.jpg\" data-dt-img-description=\"\" data-large_image_width=\"1830\" data-large_image_height=\"1830\"><img loading=\"lazy\" decoding=\"async\" class=\"wp-image-334274 alignleft\" src=\"https:\/\/www.radiopiu.net\/wordpress\/wp-content\/uploads\/2023\/05\/PAOLO-CAIANIELLO-300x300.jpg\" alt=\"\" width=\"138\" height=\"138\" srcset=\"https:\/\/www.radiopiu.net\/wordpress\/wp-content\/uploads\/2023\/05\/PAOLO-CAIANIELLO-300x300.jpg 300w, https:\/\/www.radiopiu.net\/wordpress\/wp-content\/uploads\/2023\/05\/PAOLO-CAIANIELLO-1024x1024.jpg 1024w, https:\/\/www.radiopiu.net\/wordpress\/wp-content\/uploads\/2023\/05\/PAOLO-CAIANIELLO-150x150.jpg 150w, https:\/\/www.radiopiu.net\/wordpress\/wp-content\/uploads\/2023\/05\/PAOLO-CAIANIELLO-768x768.jpg 768w, https:\/\/www.radiopiu.net\/wordpress\/wp-content\/uploads\/2023\/05\/PAOLO-CAIANIELLO-1536x1536.jpg 1536w, https:\/\/www.radiopiu.net\/wordpress\/wp-content\/uploads\/2023\/05\/PAOLO-CAIANIELLO.jpg 1830w\" sizes=\"auto, (max-width: 138px) 100vw, 138px\" \/><\/a><strong>Paolo Caianiello<\/strong><br \/>\n<strong>PRIMAVERA<\/strong><\/p>\n<p>Primavera<br \/>\nSalgo nel buio<br \/>\ndei pendolari con il cuore<br \/>\nappannato sul finestrino<br \/>\ne in tasca un biglietto scaduto<br \/>\nper l\u2019Orsa Maggiore.<br \/>\nIl levante soffia<br \/>\nsulle vertebre delle periferie<br \/>\ne nell\u2019aria crepuscolare<br \/>\nsi addensa la salsedine del mare.<br \/>\nTu sei rimasta qui,<br \/>\na pochi isolati di anni luce<br \/>\ne questo continuo<br \/>\nandare e venire<br \/>\ndal tuo vuoto<br \/>\ndove niente accade e riaccade<br \/>\n\u00e8 solo uno squarcio di Fontana<br \/>\nda ricucire.<br \/>\nRifiorisco qui,<br \/>\nin questa nuova primavera,<br \/>\ninventata tra le fessure<br \/>\nsegrete degli alberi<br \/>\ne le mie poesie.<\/p>\n<p>&nbsp;<\/p>\n<p><strong>LA RACCOLTA COMPLETA<\/strong><\/p>\n<\/div>\n<div class=\"message spoilers-container\" dir=\"auto\">\n<blockquote class=\"wp-embedded-content\" data-secret=\"Jg6SD8R7EA\"><p><a href=\"https:\/\/www.radiopiu.net\/wordpress\/in-vivo-verso\/\">In Vivo Verso<\/a><\/p><\/blockquote>\n<p><iframe loading=\"lazy\" class=\"wp-embedded-content\" sandbox=\"allow-scripts\" security=\"restricted\" style=\"position: absolute; clip: rect(1px, 1px, 1px, 1px);\" title=\"&#8220;In Vivo Verso&#8221; &#8212; Radio Pi\u00f9\" src=\"https:\/\/www.radiopiu.net\/wordpress\/in-vivo-verso\/embed\/#?secret=Lf5vj23TBl#?secret=Jg6SD8R7EA\" data-secret=\"Jg6SD8R7EA\" width=\"600\" height=\"338\" frameborder=\"0\" marginwidth=\"0\" marginheight=\"0\" scrolling=\"no\"><\/iframe><\/p>\n<\/div>\n<div class=\"message spoilers-container\" dir=\"auto\"><\/div>\n<p>&nbsp;<\/p>\n<hr \/>\n<p>&nbsp;<\/p>\n<div class=\"message spoilers-container\" dir=\"auto\">\n<h2><span style=\"color: #008080;\">GOCCE DI FILOSOFIA\u00a0\u00a0<\/span><\/h2>\n<p><strong>PUNTATA 304 &#8211; LISA DE LUCA_TERZA STAGIONE<\/strong><\/p>\n<audio class=\"wp-audio-shortcode\" id=\"audio-334198-23\" preload=\"none\" style=\"width: 100%;\" controls=\"controls\"><source type=\"audio\/mpeg\" src=\"https:\/\/www.radiopiu.net\/wordpress\/wp-content\/uploads\/2023\/05\/FI4.mp3?_=23\" \/><a href=\"https:\/\/www.radiopiu.net\/wordpress\/wp-content\/uploads\/2023\/05\/FI4.mp3\">https:\/\/www.radiopiu.net\/wordpress\/wp-content\/uploads\/2023\/05\/FI4.mp3<\/a><\/audio>\n<p>&nbsp;<\/p>\n<\/div>\n<blockquote>\n<div class=\"message spoilers-container\" dir=\"auto\">\n<p><strong>LA RACCOLTA COMPLETA<\/strong><\/p>\n<\/div>\n<\/blockquote>\n<div class=\"message spoilers-container\" dir=\"auto\">\n<blockquote class=\"wp-embedded-content\" data-secret=\"ecgxrH2mvP\"><p><a href=\"https:\/\/www.radiopiu.net\/wordpress\/gocce-filosofia\/\">Gocce di filosofia,  LA TERZA STAGIONE&#8230; 2023<\/a><\/p><\/blockquote>\n<p><iframe loading=\"lazy\" class=\"wp-embedded-content\" sandbox=\"allow-scripts\" security=\"restricted\" style=\"position: absolute; clip: rect(1px, 1px, 1px, 1px);\" title=\"&#8220;Gocce di filosofia,  LA TERZA STAGIONE&#8230; 2023&#8221; &#8212; Radio Pi\u00f9\" src=\"https:\/\/www.radiopiu.net\/wordpress\/gocce-filosofia\/embed\/#?secret=VgBu8bjPY6#?secret=ecgxrH2mvP\" data-secret=\"ecgxrH2mvP\" width=\"600\" height=\"338\" frameborder=\"0\" marginwidth=\"0\" marginheight=\"0\" scrolling=\"no\"><\/iframe><\/p>\n<\/div>\n<p>&nbsp;<\/p>\n<p>&nbsp;<\/p>\n<div class=\"message spoilers-container\" dir=\"auto\">\n<hr \/>\n<p>&nbsp;<\/p>\n<\/div>\n<div class=\"message spoilers-container\" dir=\"auto\">\n<div class=\"column\">\n<p><img loading=\"lazy\" decoding=\"async\" class=\"aligncenter wp-image-61954 size-full\" src=\"https:\/\/www.radiopiu.net\/wordpress\/wp-content\/uploads\/2018\/09\/viabilita.jpeg\" sizes=\"auto, (max-width: 800px) 100vw, 800px\" srcset=\"https:\/\/www.radiopiu.net\/wordpress\/wp-content\/uploads\/2018\/09\/viabilita.jpeg 800w, https:\/\/www.radiopiu.net\/wordpress\/wp-content\/uploads\/2018\/09\/viabilita-300x38.jpeg 300w, https:\/\/www.radiopiu.net\/wordpress\/wp-content\/uploads\/2018\/09\/viabilita-768x96.jpeg 768w\" alt=\"\" width=\"800\" height=\"100\" \/><\/p>\n<\/div>\n<\/div>\n<div class=\"message spoilers-container\" dir=\"auto\">\n<div class=\"column\">\n<p>&nbsp;<\/p>\n<\/div>\n<\/div>\n<div class=\"message spoilers-container\" dir=\"auto\">\n<div class=\"column\">\n<div dir=\"ltr\">\n<div class=\"gmail_quote\">\n<div dir=\"ltr\">\n<div class=\"gmail_quote\">\n<blockquote class=\"wp-embedded-content\" data-secret=\"QG4xYIW5s7\"><p><a href=\"https:\/\/www.radiopiu.net\/wordpress\/viabilita\/\">viabilita<\/a><\/p><\/blockquote>\n<p><iframe loading=\"lazy\" class=\"wp-embedded-content\" sandbox=\"allow-scripts\" security=\"restricted\" style=\"position: absolute; clip: rect(1px, 1px, 1px, 1px);\" title=\"&#8220;viabilita&#8221; &#8212; Radio Pi\u00f9\" src=\"https:\/\/www.radiopiu.net\/wordpress\/viabilita\/embed\/#?secret=PCYIzhgVhj#?secret=QG4xYIW5s7\" data-secret=\"QG4xYIW5s7\" width=\"600\" height=\"338\" frameborder=\"0\" marginwidth=\"0\" marginheight=\"0\" scrolling=\"no\"><\/iframe><\/p>\n<\/div>\n<\/div>\n<\/div>\n<\/div>\n<\/div>\n<\/div>\n<div class=\"message spoilers-container\" dir=\"auto\">\n<div class=\"column\">\n<div>\n<div dir=\"ltr\">\n<div class=\"gmail_quote\">\n<div dir=\"ltr\">\n<div><\/div>\n<\/div>\n<\/div>\n<\/div>\n<\/div>\n<hr \/>\n<p>&nbsp;<\/p>\n<p><a class=\"dt-pswp-item\" href=\"https:\/\/www.radiopiu.net\/wordpress\/wp-content\/uploads\/2018\/09\/WhatsApp-Image-2018-09-20-at-16.04.06.jpeg\" data-dt-img-description=\"\" data-large_image_width=\"800\" data-large_image_height=\"100\"><img loading=\"lazy\" decoding=\"async\" class=\"wp-image-61378 size-full aligncenter\" src=\"https:\/\/www.radiopiu.net\/wordpress\/wp-content\/uploads\/2018\/09\/WhatsApp-Image-2018-09-20-at-16.04.06.jpeg\" alt=\"\" width=\"800\" height=\"100\" srcset=\"https:\/\/www.radiopiu.net\/wordpress\/wp-content\/uploads\/2018\/09\/WhatsApp-Image-2018-09-20-at-16.04.06.jpeg 800w, https:\/\/www.radiopiu.net\/wordpress\/wp-content\/uploads\/2018\/09\/WhatsApp-Image-2018-09-20-at-16.04.06-300x38.jpeg 300w, https:\/\/www.radiopiu.net\/wordpress\/wp-content\/uploads\/2018\/09\/WhatsApp-Image-2018-09-20-at-16.04.06-768x96.jpeg 768w\" sizes=\"auto, (max-width: 800px) 100vw, 800px\" \/><\/a><\/p>\n<\/div>\n<\/div>\n<div class=\"message spoilers-container\" dir=\"auto\"><center><strong>\u00a0<\/strong><\/center><center><\/center><center><\/center><\/div>\n<p><center><b>OGGI<\/b><\/center>Al mattino tempo buono, in prevalenza soleggiato con temporanee e passeggere velature del cielo. Al pomeriggio crescente nuvolosit\u00e0 media stratiforme e addensamenti cumuliforme.<br \/>\n<b>Precipitazioni: <\/b>Al pomeriggio probabilit\u00e0 di qualche isolato rovescio<br \/>\n<b>Temperature: <\/b>In generale ulteriore aumento a tutte le quote, su valori superiori alla media, specie in quota.<\/p>\n<hr \/>\n<p><center><b>DOMANI<\/b><\/center>Al mattino da poco a parzialmente nuvoloso. Al pomeriggio nuvolosit\u00e0 man mano pi\u00f9 intensa, anche cumuliforme.<br \/>\n<b>Precipitazioni: <\/b>Dalle ore centrali probabilit\u00e0 in aumento fino a media di rovesci sparsi e isolati temporali<br \/>\n<b>Temperature: <\/b>Temperature pressoch\u00e9 stazionarie.<\/p>\n<hr \/>\n<p><center><b>DOMENICA<\/b><\/center>Tempo variabile\/instabile con annuvolamenti irregolari gi\u00e0 al mattino, poi nuvolosit\u00e0 sempre pi\u00f9 prevalente, con alta probabilit\u00e0 di rovesci e temporali sparsi. L&#8217;instabilit\u00e0 sar\u00e0 un po&#8217; pi\u00f9 marcata rispetto a sabato dando luogo a fenomeni di maggiore entit\u00e0. Temperature massime in lieve calo.<\/p>\n<hr \/>\n<p><center><b>LUNEDI<\/b><\/center>Variabile a tratti instabile con nuvolosit\u00e0 intensa associata a rovesci e temporali sparsi. Tendenza a schiarite verso sera. Temperature in lieve calo.<\/p>\n<p>&nbsp;<\/p>\n<p>&nbsp;<\/p>\n<\/div>\n<div class=\"message spoilers-container\" dir=\"auto\">\n<hr \/>\n<p>&nbsp;<\/p>\n<p><a class=\"dt-pswp-item\" href=\"https:\/\/www.radiopiu.net\/wordpress\/wp-content\/uploads\/2018\/09\/sport.jpg\" data-dt-img-description=\"\" data-large_image_width=\"800\" data-large_image_height=\"100\"><img loading=\"lazy\" decoding=\"async\" class=\"aligncenter wp-image-60761 size-full\" src=\"https:\/\/www.radiopiu.net\/wordpress\/wp-content\/uploads\/2018\/09\/sport.jpg\" alt=\"\" width=\"800\" height=\"100\" srcset=\"https:\/\/www.radiopiu.net\/wordpress\/wp-content\/uploads\/2018\/09\/sport.jpg 800w, https:\/\/www.radiopiu.net\/wordpress\/wp-content\/uploads\/2018\/09\/sport-300x38.jpg 300w, https:\/\/www.radiopiu.net\/wordpress\/wp-content\/uploads\/2018\/09\/sport-768x96.jpg 768w\" sizes=\"auto, (max-width: 800px) 100vw, 800px\" \/><\/a><\/p>\n<\/div>\n<div class=\"message spoilers-container\" dir=\"auto\">\n<p>&nbsp;<\/p>\n<p><a class=\"dt-pswp-item\" href=\"https:\/\/www.radiopiu.net\/wordpress\/wp-content\/uploads\/2023\/05\/d536704b-f24a-4c86-a26d-b3e75fb13b10.jpg\" data-dt-img-description=\"\" data-large_image_width=\"1131\" data-large_image_height=\"1600\"><img loading=\"lazy\" decoding=\"async\" class=\"size-medium wp-image-334382 aligncenter\" src=\"https:\/\/www.radiopiu.net\/wordpress\/wp-content\/uploads\/2023\/05\/d536704b-f24a-4c86-a26d-b3e75fb13b10-212x300.jpg\" alt=\"\" width=\"212\" height=\"300\" srcset=\"https:\/\/www.radiopiu.net\/wordpress\/wp-content\/uploads\/2023\/05\/d536704b-f24a-4c86-a26d-b3e75fb13b10-212x300.jpg 212w, https:\/\/www.radiopiu.net\/wordpress\/wp-content\/uploads\/2023\/05\/d536704b-f24a-4c86-a26d-b3e75fb13b10-724x1024.jpg 724w, https:\/\/www.radiopiu.net\/wordpress\/wp-content\/uploads\/2023\/05\/d536704b-f24a-4c86-a26d-b3e75fb13b10-768x1086.jpg 768w, https:\/\/www.radiopiu.net\/wordpress\/wp-content\/uploads\/2023\/05\/d536704b-f24a-4c86-a26d-b3e75fb13b10-1086x1536.jpg 1086w, https:\/\/www.radiopiu.net\/wordpress\/wp-content\/uploads\/2023\/05\/d536704b-f24a-4c86-a26d-b3e75fb13b10.jpg 1131w\" sizes=\"auto, (max-width: 212px) 100vw, 212px\" \/><\/a><\/p>\n<p>&nbsp;<\/p>\n<p><span style=\"color: #0000ff;\"><strong>CICLISMO<\/strong><\/span><\/p>\n<blockquote>\n<h3>LA PROVINCIA DI BELLUNO SI PREPARA AD ACCOGLIERE IL GIRO D&#8217;ITALIA<\/h3>\n<\/blockquote>\n<p><strong>di Marco Gaz<\/strong><\/p>\n<p><strong>REDAZIONE<\/strong> Mancano poche ore alla partenza del Giro D&#8217;Italia 2023 e anche quest&#8217;anno i ciclisti passeranno per la provincia di Belluno. Le tappe da segnare sul calendario sono due. La Oderzo &#8211; Val Di Zoldo del 25 maggio con i ciclisti che passeranno per Pieve D&#8217;Alpago, Pieve di Cadore, Forcella Cibiana, Forno di Zoldo per poi arrivare a Palafavera. Il giorno successivo invece sar\u00e0 la volta del tappone dolomitico Longarone &#8211; Tre Cime di Lavaredo. Una tappa che sar\u00e0 quasi interamente in provincia di Belluno. Si passer\u00e0 per Ponte Nelle Alpi, Belluno, Agordo, Cencenighe, Alleghe, Arabba per poi scollinare Passo Campolongo, scendere a Corvara per poi fare il Passo Valparola. Passaggio per Cernadoi, Selva di Cadore e poi il terzo Passo: il Giau. Si scender\u00e0 a Cortina D&#8217;Ampezzo per poi salire verso il Passo Tre Croci, Misurina e arrivo alle Tre Cime di Lavaredo, Rifugio Auronzo. Per quanto riguarda l&#8217;Agordino, il passaggio ad Agordo \u00e8 previsto tra le 12:44 e le 12:49, tra le 13:16 e le 13:25 a Caprile e Arabba tra le 13:50 e le 14:04. Non mancheranno le tappe della carovana del Giro che si fermer\u00e0 ad Agordo alle 11:34 e Arabba alle 12:45. Al momento non sono state ufficializzate le chiusure delle strade ma si presume che vengano chiuse due ore prima del passaggio dei corridori fino al passaggio dell&#8217;ultimo ciclista. (FOTO: Gazzetta.it)<\/p>\n<p><strong>L&#8217;ALTIMETRIA DELLE DUE TAPPE<\/strong><\/p>\n\n\t\t\t<style type='text\/css'>\n\t\t\t\t#gallery-2 {\n\t\t\t\t\tmargin: auto;\n\t\t\t\t}\n\t\t\t\t#gallery-2 .gallery-item {\n\t\t\t\t\tfloat: left;\n\t\t\t\t\tmargin-top: 10px;\n\t\t\t\t\ttext-align: center;\n\t\t\t\t\twidth: 50%;\n\t\t\t\t}\n\t\t\t\t#gallery-2 img {\n\t\t\t\t\tborder: 2px solid #cfcfcf;\n\t\t\t\t}\n\t\t\t\t#gallery-2 .gallery-caption {\n\t\t\t\t\tmargin-left: 0;\n\t\t\t\t}\n\t\t\t\t\/* see gallery_shortcode() in wp-includes\/media.php *\/\n\t\t\t<\/style>\n\t\t<div id='gallery-2' class='dt-gallery-container gallery galleryid-334198 gallery-columns-2 gallery-size-medium'><dl class='gallery-item'>\n\t\t\t\t<dt class='gallery-icon landscape'>\n\t\t\t\t\t<a class=\"rollover rollover-zoom dt-pswp-item\" title=\"T04_Viggiano_alt\" data-dt-img-description=\"\" data-large_image_width=\"1280\" data-large_image_height=\"852\"href='https:\/\/www.radiopiu.net\/wordpress\/wp-content\/uploads\/2023\/05\/ODE-VAL-DI-ZOLDO.jpg'><img loading=\"lazy\" decoding=\"async\" width=\"300\" height=\"200\" src=\"https:\/\/www.radiopiu.net\/wordpress\/wp-content\/uploads\/2023\/05\/ODE-VAL-DI-ZOLDO-300x200.jpg\" class=\"attachment-medium size-medium\" alt=\"\" aria-describedby=\"gallery-2-334320\" srcset=\"https:\/\/www.radiopiu.net\/wordpress\/wp-content\/uploads\/2023\/05\/ODE-VAL-DI-ZOLDO-300x200.jpg 300w, https:\/\/www.radiopiu.net\/wordpress\/wp-content\/uploads\/2023\/05\/ODE-VAL-DI-ZOLDO-1024x682.jpg 1024w, https:\/\/www.radiopiu.net\/wordpress\/wp-content\/uploads\/2023\/05\/ODE-VAL-DI-ZOLDO-768x511.jpg 768w, https:\/\/www.radiopiu.net\/wordpress\/wp-content\/uploads\/2023\/05\/ODE-VAL-DI-ZOLDO.jpg 1280w\" sizes=\"auto, (max-width: 300px) 100vw, 300px\" \/><\/a>\n\t\t\t\t<\/dt>\n\t\t\t\t\t<dd class='wp-caption-text gallery-caption' id='gallery-2-334320'>\n\t\t\t\t\tODERZO &#8211; VAL DI ZOLDO\n\t\t\t\t\t<\/dd><\/dl><dl class='gallery-item'>\n\t\t\t\t<dt class='gallery-icon landscape'>\n\t\t\t\t\t<a class=\"rollover rollover-zoom dt-pswp-item\" title=\"T19_TreCime_alt\" data-dt-img-description=\"\" data-large_image_width=\"1280\" data-large_image_height=\"852\"href='https:\/\/www.radiopiu.net\/wordpress\/wp-content\/uploads\/2023\/05\/LONG-TRE-CIME.jpg'><img loading=\"lazy\" decoding=\"async\" width=\"300\" height=\"200\" src=\"https:\/\/www.radiopiu.net\/wordpress\/wp-content\/uploads\/2023\/05\/LONG-TRE-CIME-300x200.jpg\" class=\"attachment-medium size-medium\" alt=\"\" aria-describedby=\"gallery-2-334321\" srcset=\"https:\/\/www.radiopiu.net\/wordpress\/wp-content\/uploads\/2023\/05\/LONG-TRE-CIME-300x200.jpg 300w, https:\/\/www.radiopiu.net\/wordpress\/wp-content\/uploads\/2023\/05\/LONG-TRE-CIME-1024x682.jpg 1024w, https:\/\/www.radiopiu.net\/wordpress\/wp-content\/uploads\/2023\/05\/LONG-TRE-CIME-768x511.jpg 768w, https:\/\/www.radiopiu.net\/wordpress\/wp-content\/uploads\/2023\/05\/LONG-TRE-CIME.jpg 1280w\" sizes=\"auto, (max-width: 300px) 100vw, 300px\" \/><\/a>\n\t\t\t\t<\/dt>\n\t\t\t\t\t<dd class='wp-caption-text gallery-caption' id='gallery-2-334321'>\n\t\t\t\t\tLONGARONE &#8211; TRE CIME DI LAVAREDO\n\t\t\t\t\t<\/dd><\/dl><br style=\"clear: both\" \/>\n\t\t\t<\/div>\n\n<p>&nbsp;<\/p>\n<p><strong>IL CRONOPROGRAMMA DELLE DUE TAPPE<\/strong><\/p>\n\n\t\t\t<style type='text\/css'>\n\t\t\t\t#gallery-3 {\n\t\t\t\t\tmargin: auto;\n\t\t\t\t}\n\t\t\t\t#gallery-3 .gallery-item {\n\t\t\t\t\tfloat: left;\n\t\t\t\t\tmargin-top: 10px;\n\t\t\t\t\ttext-align: center;\n\t\t\t\t\twidth: 50%;\n\t\t\t\t}\n\t\t\t\t#gallery-3 img {\n\t\t\t\t\tborder: 2px solid #cfcfcf;\n\t\t\t\t}\n\t\t\t\t#gallery-3 .gallery-caption {\n\t\t\t\t\tmargin-left: 0;\n\t\t\t\t}\n\t\t\t\t\/* see gallery_shortcode() in wp-includes\/media.php *\/\n\t\t\t<\/style>\n\t\t<div id='gallery-3' class='dt-gallery-container gallery galleryid-334198 gallery-columns-2 gallery-size-medium'><dl class='gallery-item'>\n\t\t\t\t<dt class='gallery-icon portrait'>\n\t\t\t\t\t<a class=\"rollover rollover-zoom dt-pswp-item\" title=\"ODERZO - VAL DI ZOLDO\" data-dt-img-description=\"\" data-large_image_width=\"852\" data-large_image_height=\"1205\"href='https:\/\/www.radiopiu.net\/wordpress\/wp-content\/uploads\/2023\/05\/ODERZO-VAL-DI-ZOLDO.jpg'><img loading=\"lazy\" decoding=\"async\" width=\"212\" height=\"300\" src=\"https:\/\/www.radiopiu.net\/wordpress\/wp-content\/uploads\/2023\/05\/ODERZO-VAL-DI-ZOLDO-212x300.jpg\" class=\"attachment-medium size-medium\" alt=\"\" aria-describedby=\"gallery-3-334322\" srcset=\"https:\/\/www.radiopiu.net\/wordpress\/wp-content\/uploads\/2023\/05\/ODERZO-VAL-DI-ZOLDO-212x300.jpg 212w, https:\/\/www.radiopiu.net\/wordpress\/wp-content\/uploads\/2023\/05\/ODERZO-VAL-DI-ZOLDO-724x1024.jpg 724w, https:\/\/www.radiopiu.net\/wordpress\/wp-content\/uploads\/2023\/05\/ODERZO-VAL-DI-ZOLDO-768x1086.jpg 768w, https:\/\/www.radiopiu.net\/wordpress\/wp-content\/uploads\/2023\/05\/ODERZO-VAL-DI-ZOLDO.jpg 852w\" sizes=\"auto, (max-width: 212px) 100vw, 212px\" \/><\/a>\n\t\t\t\t<\/dt>\n\t\t\t\t\t<dd class='wp-caption-text gallery-caption' id='gallery-3-334322'>\n\t\t\t\t\tODERZO &#8211; VAL DI ZOLDO\n\t\t\t\t\t<\/dd><\/dl><dl class='gallery-item'>\n\t\t\t\t<dt class='gallery-icon portrait'>\n\t\t\t\t\t<a class=\"rollover rollover-zoom dt-pswp-item\" title=\"LONGARONE - TRE CIME\" data-dt-img-description=\"\" data-large_image_width=\"852\" data-large_image_height=\"1205\"href='https:\/\/www.radiopiu.net\/wordpress\/wp-content\/uploads\/2023\/05\/LONGARONE-TRE-CIME.jpg'><img loading=\"lazy\" decoding=\"async\" width=\"212\" height=\"300\" src=\"https:\/\/www.radiopiu.net\/wordpress\/wp-content\/uploads\/2023\/05\/LONGARONE-TRE-CIME-212x300.jpg\" class=\"attachment-medium size-medium\" alt=\"\" aria-describedby=\"gallery-3-334323\" srcset=\"https:\/\/www.radiopiu.net\/wordpress\/wp-content\/uploads\/2023\/05\/LONGARONE-TRE-CIME-212x300.jpg 212w, https:\/\/www.radiopiu.net\/wordpress\/wp-content\/uploads\/2023\/05\/LONGARONE-TRE-CIME-724x1024.jpg 724w, https:\/\/www.radiopiu.net\/wordpress\/wp-content\/uploads\/2023\/05\/LONGARONE-TRE-CIME-768x1086.jpg 768w, https:\/\/www.radiopiu.net\/wordpress\/wp-content\/uploads\/2023\/05\/LONGARONE-TRE-CIME.jpg 852w\" sizes=\"auto, (max-width: 212px) 100vw, 212px\" \/><\/a>\n\t\t\t\t<\/dt>\n\t\t\t\t\t<dd class='wp-caption-text gallery-caption' id='gallery-3-334323'>\n\t\t\t\t\tLONGARONE &#8211; TRE CIME DI LAVAREDO\n\t\t\t\t\t<\/dd><\/dl><br style=\"clear: both\" \/>\n\t\t\t<\/div>\n\n<p>&nbsp;<\/p>\n<p>&nbsp;<\/p>\n<p><span style=\"color: #0000ff;\"><strong>HOCKEY SU GHIACCIO<\/strong><\/span><\/p>\n<blockquote>\n<h3>L&#8217;ITALIA DEVE VINCERE CON LA GRAN BRETAGNA PER ESSERE PROMOSSA IN TOP DIVISION<\/h3>\n<\/blockquote>\n<p class=\"null\"><a class=\"dt-pswp-item\" href=\"https:\/\/www.radiopiu.net\/wordpress\/wp-content\/uploads\/2023\/05\/1c5ff510-940e-5620-60bc-59019ff2264d-scaled.jpg\" data-dt-img-description=\"\" data-large_image_width=\"2560\" data-large_image_height=\"1707\"><img loading=\"lazy\" decoding=\"async\" class=\" wp-image-334308 alignleft\" src=\"https:\/\/www.radiopiu.net\/wordpress\/wp-content\/uploads\/2023\/05\/1c5ff510-940e-5620-60bc-59019ff2264d-300x200.jpg\" alt=\"\" width=\"158\" height=\"105\" srcset=\"https:\/\/www.radiopiu.net\/wordpress\/wp-content\/uploads\/2023\/05\/1c5ff510-940e-5620-60bc-59019ff2264d-300x200.jpg 300w, https:\/\/www.radiopiu.net\/wordpress\/wp-content\/uploads\/2023\/05\/1c5ff510-940e-5620-60bc-59019ff2264d-1024x683.jpg 1024w, https:\/\/www.radiopiu.net\/wordpress\/wp-content\/uploads\/2023\/05\/1c5ff510-940e-5620-60bc-59019ff2264d-768x512.jpg 768w, https:\/\/www.radiopiu.net\/wordpress\/wp-content\/uploads\/2023\/05\/1c5ff510-940e-5620-60bc-59019ff2264d-1536x1024.jpg 1536w, https:\/\/www.radiopiu.net\/wordpress\/wp-content\/uploads\/2023\/05\/1c5ff510-940e-5620-60bc-59019ff2264d-2048x1365.jpg 2048w\" sizes=\"auto, (max-width: 158px) 100vw, 158px\" \/><\/a>Mancano ormai poche ore al momento della verit\u00e0 per la Nazionale italiana di hockey, che stasera alle 20:30 italiane, sar\u00e0 impegnata contro la Gran Bretagna nell&#8217;ultima partita del Mondiale di Prima Divisione Gruppo A di Nottingham. Gli Azzurri, che fino a qui hanno vinto tutte le partite ad eccezione di quella contro la Polonia, si trovano al momento al terzo posto in classifica a quota 9 punti, due in meno della Gran Bretagna, prima, e uno in meno della Polonia, seconda. I conti quindi sono presto fatti: senza considerare il match dei polacchi, che alle 13:30 giocheranno da favoriti contro la Romania e potrebbero agilmente portare a casa la promozione, al Blue Team serviranno necessariamente 3 punti per superare i britannici e centrare quindi la Top Division. (foto: Valentina Gallina)<\/p>\n<p>&nbsp;<\/p>\n<p><span style=\"color: #0000ff;\"><strong>CORSA<\/strong><\/span><\/p>\n<blockquote>\n<h2><strong>Corsa in montagna: a Valmorel il primo round del Campionato italiano assoluto Fidal<\/strong><\/h2>\n<\/blockquote>\n<p><em>282 atleti sulle Prealpi Bellunesi per contendersi punti per gli \u201cscudetti\u201d tricolori e una maglia azzurra in vista dei Campionati del mondo<\/em><\/p>\n<p><a class=\"dt-pswp-item\" href=\"https:\/\/www.radiopiu.net\/wordpress\/wp-content\/uploads\/2023\/05\/Marco-Filosi-sopralluogo-valmorel-25-aprile-2023-scaled.jpg\" data-dt-img-description=\"\" data-large_image_width=\"2560\" data-large_image_height=\"1706\"><img loading=\"lazy\" decoding=\"async\" class=\" wp-image-334260 alignleft\" src=\"https:\/\/www.radiopiu.net\/wordpress\/wp-content\/uploads\/2023\/05\/Marco-Filosi-sopralluogo-valmorel-25-aprile-2023-300x200.jpg\" alt=\"\" width=\"249\" height=\"166\" srcset=\"https:\/\/www.radiopiu.net\/wordpress\/wp-content\/uploads\/2023\/05\/Marco-Filosi-sopralluogo-valmorel-25-aprile-2023-300x200.jpg 300w, https:\/\/www.radiopiu.net\/wordpress\/wp-content\/uploads\/2023\/05\/Marco-Filosi-sopralluogo-valmorel-25-aprile-2023-1024x683.jpg 1024w, https:\/\/www.radiopiu.net\/wordpress\/wp-content\/uploads\/2023\/05\/Marco-Filosi-sopralluogo-valmorel-25-aprile-2023-768x512.jpg 768w, https:\/\/www.radiopiu.net\/wordpress\/wp-content\/uploads\/2023\/05\/Marco-Filosi-sopralluogo-valmorel-25-aprile-2023-1536x1024.jpg 1536w, https:\/\/www.radiopiu.net\/wordpress\/wp-content\/uploads\/2023\/05\/Marco-Filosi-sopralluogo-valmorel-25-aprile-2023-2048x1365.jpg 2048w\" sizes=\"auto, (max-width: 249px) 100vw, 249px\" \/><\/a><strong>LIMANA<\/strong>\u00a0 Domani la localit\u00e0 di Valmorel sar\u00e0 il teatro della prima delle due prove del Campionato italiano assoluto Fidal di corsa in montagna.\u00a0 Il programma prevede la partenza della gara Juniores e Master uomini alle 9, seguita dalla gara Juniores e Master donne alle 9.10, la partenza Senior donne alle 9.45 e la partenza Senior uomini alle 11.05. Tra i protagonisti della manifestazione, il campione italiano in carica Cesare Maestri, che guider\u00e0 la corazzata dell\u2019Atletica Valli Bergamasche, insieme all&#8217;altoatesino Hannes Perkmann, il valdostano Xavier Chevrier e il bellunese Luca Cagnati. Occhi puntati anche su La Recastello, che schiera gli atleti di casa Isacco Costa e Lorenzo Cagnati, e sull&#8217;Atletica Valchiese con Alberto Vender e Marco Filosi. Paolo Germanetto, responsabile nazionale Fidal della specialit\u00e0, sottolinea l&#8217;importanza dell&#8217;appuntamento di Valmorel, che servir\u00e0 a fare il punto sulla condizione degli atleti gi\u00e0 preselezionati in vista dei Campionati del mondo a Innsbruck, e a completare le rose non ancora definite. Il presidente di BellunoAtletica M.G.B, Elio Dal Magro, dichiara che l&#8217;evento rappresenta il momento pi\u00f9 alto nella storia trentennale della societ\u00e0 a livello organizzativo.<\/p>\n<div class=\"flex-1 overflow-hidden\">\n<div class=\"react-scroll-to-bottom--css-quiyu-79elbk h-full dark:bg-gray-800\">\n<div class=\"react-scroll-to-bottom--css-quiyu-1n7m0yu\">\n<div class=\"flex flex-col items-center text-sm dark:bg-gray-800\">\n<div class=\"group w-full text-gray-800 dark:text-gray-100 border-b border-black\/10 dark:border-gray-900\/50 bg-gray-50 dark:bg-[#444654]\">\n<div class=\"flex p-4 gap-4 text-base md:gap-6 md:max-w-2xl lg:max-w-xl xl:max-w-3xl md:py-6 lg:px-0 m-auto\">\n<div class=\"relative flex flex-col w-[calc(100%-50px)] gap-1 md:gap-3 lg:w-[calc(100%-115px)]\">\n<div class=\"flex justify-between lg:block\">\n<div class=\"text-xs flex items-center justify-center gap-1 self-center pt-2 !invisible\">foto Marco Filosi sopralluogo valmorel 25 aprile 2023<\/div>\n<\/div>\n<\/div>\n<\/div>\n<\/div>\n<\/div>\n<\/div>\n<\/div>\n<\/div>\n<p>&nbsp;<\/p>\n<\/div>\n<\/div>\n","protected":false},"excerpt":{"rendered":"<p>ISCRIVITI AL NOSTRO CANALE\u00a0 YOUTUBE PER SEGUIRE IN DIRETTA I PRINCIPALI PROGRAMMI DI RADIO PIU&#8217; E LE FUTURE DIRETTE IN ESTERNA. PER ISCRIVERTI CLICCA QUI E PREMI\u00a0 &#8220;Iscriviti&#8221;\u00a0 \u00a0 \u00a0\u00a0 &nbsp; &nbsp; &nbsp; \u00a0\u00a0 E anche STAMANE\u00a0 RADIOPIU si fa in CINQUE\u00a0 per i suoi ascoltatori&#8230;. 1&#8230;. alle 8 la rassegna stampa locale, dal 1983&hellip;<\/p>\n","protected":false},"author":4,"featured_media":334374,"comment_status":"closed","ping_status":"closed","sticky":false,"template":"","format":"standard","meta":{"_monsterinsights_skip_tracking":false,"_monsterinsights_sitenote_active":false,"_monsterinsights_sitenote_note":"","_monsterinsights_sitenote_category":0,"footnotes":""},"categories":[51,86,49],"tags":[],"class_list":["post-334198","post","type-post","status-publish","format-standard","has-post-thumbnail","hentry","category-evidenza-top","category-gr","category-news-18","category-51","category-86","category-49","description-off"],"img_url":"https:\/\/www.radiopiu.net\/wordpress\/wp-content\/uploads\/2023\/05\/344579439_196334349878996_6878542795190141055_n.jpg","_links":{"self":[{"href":"https:\/\/www.radiopiu.net\/wordpress\/wp-json\/wp\/v2\/posts\/334198","targetHints":{"allow":["GET"]}}],"collection":[{"href":"https:\/\/www.radiopiu.net\/wordpress\/wp-json\/wp\/v2\/posts"}],"about":[{"href":"https:\/\/www.radiopiu.net\/wordpress\/wp-json\/wp\/v2\/types\/post"}],"author":[{"embeddable":true,"href":"https:\/\/www.radiopiu.net\/wordpress\/wp-json\/wp\/v2\/users\/4"}],"replies":[{"embeddable":true,"href":"https:\/\/www.radiopiu.net\/wordpress\/wp-json\/wp\/v2\/comments?post=334198"}],"version-history":[{"count":0,"href":"https:\/\/www.radiopiu.net\/wordpress\/wp-json\/wp\/v2\/posts\/334198\/revisions"}],"wp:featuredmedia":[{"embeddable":true,"href":"https:\/\/www.radiopiu.net\/wordpress\/wp-json\/wp\/v2\/media\/334374"}],"wp:attachment":[{"href":"https:\/\/www.radiopiu.net\/wordpress\/wp-json\/wp\/v2\/media?parent=334198"}],"wp:term":[{"taxonomy":"category","embeddable":true,"href":"https:\/\/www.radiopiu.net\/wordpress\/wp-json\/wp\/v2\/categories?post=334198"},{"taxonomy":"post_tag","embeddable":true,"href":"https:\/\/www.radiopiu.net\/wordpress\/wp-json\/wp\/v2\/tags?post=334198"}],"curies":[{"name":"wp","href":"https:\/\/api.w.org\/{rel}","templated":true}]}}