{"id":334232,"date":"2023-05-04T07:55:56","date_gmt":"2023-05-04T05:55:56","guid":{"rendered":"https:\/\/www.radiopiu.net\/wordpress\/?p=334232"},"modified":"2023-05-04T08:00:43","modified_gmt":"2023-05-04T06:00:43","slug":"ascolta-la-rassegna-stampa-locale-dal-1983-di-mirko-mezzacasa-4","status":"publish","type":"post","link":"https:\/\/www.radiopiu.net\/wordpress\/ascolta-la-rassegna-stampa-locale-dal-1983-di-mirko-mezzacasa-4\/","title":{"rendered":"ASCOLTA LA RASSEGNA STAMPA LOCALE, DAL 1983 DI MIRKO MEZZACASA"},"content":{"rendered":"<p><strong>IL LUTTO<\/strong> Lacrime in riva al lago, a Caprile di Alleghe \u00e8 mancata Leonora Pezz\u00e8 a soli 33 anni per una malattia incurabile. La piange il pap\u00e0 Virgilio-Luciano, la mamma Daniela, il fratello Luca e quanti hanno amato la sua bont\u00e0 e simpatia. I funerali si terranno domani alle 14.30 a Caprile di Alleghe. La famiglia ha porto un ringraziamento al dottor Allegro per l&#8217;aiuto e le cure prestate e al Cro di Aviano.<br \/>\n<strong>BORGO VALBELLUNA<\/strong> Il cordoglio per la scomparsa di Delfi D&#8217;Inc\u00e0, macellaio e commerciante di Trichiana, \u00e8 stato espresso dall&#8217;amico e collega Sandro Lavanda. D&#8217;Inc\u00e0 \u00e8 stato ricordato non solo per la sua attivit\u00e0 commerciale, ma anche per le sue visioni innovative nel settore.<br \/>\n<strong>LONGARONE<\/strong> Due incidenti stradali hanno causato gravi disagi alla viabilit\u00e0 sulla statale di Alemagna, il conducente dell&#8217;auto avrebbe invaso la corsia opposta per un momento di distrazione o un colpo di sonno, causando l&#8217;impatto. Il bilancio \u00e8 di una persona portata all&#8217;ospedale con un trauma cranico. Pochi minuti dopo, un altro incidente si \u00e8 verificato sulla stessa statale, stavolta a Fa\u00e8, davanti al distributore Tamoil, due i feriti lievi<br \/>\n<strong>BELLUNO<\/strong> lunedi e martedi lavori di manutenzione alla scala mobile di Lambioi, probabili temporanee sospensioni del servizio.<br \/>\n<strong>FALSA PATENTE DI GUIDA<\/strong>: SENZA PATENTE E CON GUIDA INCERTA FERMATO DALLA POLIZIA<br \/>\nil soggetto non aveva mai conseguito la patente di guida, il che spiega la sua guida maldestra. Il conducente \u00e8 stato deferito all&#8217;autorit\u00e0 giudiziaria che ne valuter\u00e0 le responsabilit\u00e0 penali. Inoltre, \u00e8 stata elevata una sanzione amministrativa di oltre 5.000 \u20ac e il veicolo \u00e8 stato sequestrato<br \/>\n<strong>BELLUNO<\/strong> Si trovava in auto con il marito, bloccati nel traffico di via Medaglie d\u2019Oro, quando \u00e8 iniziato il travaglio. Ma grazie all&#8217;intervento rapido ed efficace della Polizia di Stato, una coppia di futuri genitori \u00e8 riuscita ad arrivare in ospedale in tempo per il parto.<br \/>\n<strong>BELLUNO<\/strong> La notte del 24 aprile, un uomo \u00e8 stato segnalato dalla polizia per aver rotto la vetrata di un negozio nel centro storico. Grazie alla segnalazione tempestiva del cittadino, le Volanti della Questura sono arrivate rapidamente sul posto e hanno trovato l&#8217;uomo dentro il negozio, nascosto in uno dei bagni. I<br \/>\n<strong>GIUDIZIARIA<\/strong> Tentato stupro in carcere. Detenuto minacci\u00e0 il compagno con una posata provando a violentarlo, dovr\u00e0 pagare anche 30mila euro di risarcimento.<br \/>\n<strong>SICCITA&#8217;<\/strong> Nel piano Veneto di nuovo la diga del Vanoi, perplessit\u00e0 nel lamonese<br \/>\n<strong>BELLUNO<\/strong> Ieri l\u2019assemblea della Dmo ha ratificato i sette nomi per il consiglio di amministrazione: Emanuela De Zanna, Elena Zambelli, Lionello Gorza, Michele Basso, Gabriella Faoro,Ennio De Simoi,Sergio Pra.<br \/>\n<strong>CORTINA<\/strong> A Cortina d&#8217;Ampezzo, simbolicamente nell&#8217;abitato di Alver\u00e0, inaugurati ieri gli importanti lavori che negli ultimi anni le nostre strutture regionali del Genio Civile e dei Servizi Forestali hanno realizzato per la sicurezza idrogeologica del territorio. Parliamo di quasi 26milioni di euro investiti sui torrenti Boite e Bigontina<br \/>\n<strong>SOSPIROLO<\/strong> Una serata in musica per sostenere i lavori di sistemazione della Chiesa di San Gottardo a Sospirolo: ad organizzare l&#8217;evento il Comitato San Gottardo, con l&#8217;obbiettivo di riaprire al pi\u00f9 presto l&#8217;edificio chiuso dalla scorsa estate dopo essere stato colpito da un fulmine.<br \/>\n<strong>BELLUNO<\/strong> Benvenuto a Francesco Minniti, che ha preso servizio come direttore dell\u2019U.O.C. di Medicina dell\u2019Ospedale di Agordo. Classe 1966, nato a San Vito al Tagliamento ma padovano di adozione, Francesco Minniti si \u00e8 laureato in Medicina e Chirurgia all\u2019Universit\u00e0 di Padova<br \/>\n<strong>OGGI<\/strong> L&#8217;ASSEMBLEA DEL BIM PIAVE<br \/>\n<strong>SABATO<\/strong> AD ALLEGHE 60 ANNI DI ALPINISMO IN CIVETTA, AD ALLEGHE L\u2019INCONTRO CON TANTI GRANDI NOMI<br \/>\n<strong>DOMENICA<\/strong> LA FESTA DEL CACCIATORE A SAN TOMASO<br \/>\n<strong>IL RISO FA BUON SANGUE<\/strong>, SABATO AL PALAFALCADE CON INGRESSO LIBERO, UNA SERATA DI RISATE CON I DONATORI DEL SANGUE<br \/>\n<strong>oggi sul sito di RADIOPIU<\/strong> giorgio fontanive racconta la storia di FOTORIVA, 70 anni di scatti.<br \/>\n<span style=\"color: #0000ff;\">CALCIO<\/span> DOMENICA ULTIMA CHANCE DI SALVEZZA PER L&#8217;AGORDINA DI SECONDA CATEGORIA<br \/>\n<span style=\"color: #0000ff;\">MOTORI<\/span> DUE PILOTI BELLUNESI PROTAGONISTI A MISANO ADRIATICO NEL FINE SETTIMANA<br \/>\n<span style=\"color: #0000ff;\">PALLAVOLO<\/span> GIAN LUCA COLUSSI RESTA ALLA GUIDA DELLA DRL BELLUNO<br \/>\n<span style=\"color: #0000ff;\">VELA<\/span> Alpago Sailing Team trionfa alla Duecento 2023 del Circolo Nautico Santa Margherita<br \/>\n<span style=\"color: #0000ff;\">KARATE\u00a0<\/span> Il Karate Team Dolomiti 1970 trionfa al Campionato Regionale Libertas e si prepara per le sfide a livello nazionale e internazionale<br \/>\n<span style=\"color: #0000ff;\">CURLING<\/span> FONDAZIONE CORTINA: NASCE UN NUOVO COMITATO DEDICATO AL CURLING<\/p>\n<p>&nbsp;<\/p>\n<p><iframe loading=\"lazy\" title=\"RASSEGNA STAMPA LOCALE\" width=\"1200\" height=\"675\" src=\"https:\/\/www.youtube.com\/embed\/UrA8AgXna5s?feature=oembed\" frameborder=\"0\" allow=\"accelerometer; autoplay; clipboard-write; encrypted-media; gyroscope; picture-in-picture; web-share\" allowfullscreen><\/iframe><\/p>\n<p>&nbsp;<\/p>\n<p>&nbsp;<\/p>\n<hr \/>\n<p>&nbsp;<\/p>\n","protected":false},"excerpt":{"rendered":"<p>IL LUTTO Lacrime in riva al lago, a Caprile di Alleghe \u00e8 mancata Leonora Pezz\u00e8 a soli 33 anni per una malattia incurabile. La piange il pap\u00e0 Virgilio-Luciano, la mamma Daniela, il fratello Luca e quanti hanno amato la sua bont\u00e0 e simpatia. I funerali si terranno domani alle 14.30 a Caprile di Alleghe. La&hellip;<\/p>\n","protected":false},"author":4,"featured_media":334219,"comment_status":"closed","ping_status":"closed","sticky":false,"template":"","format":"standard","meta":{"_monsterinsights_skip_tracking":false,"_monsterinsights_sitenote_active":false,"_monsterinsights_sitenote_note":"","_monsterinsights_sitenote_category":0,"footnotes":""},"categories":[49,142],"tags":[],"class_list":["post-334232","post","type-post","status-publish","format-standard","has-post-thumbnail","hentry","category-news-18","category-rassegna-stampa","category-49","category-142","description-off"],"img_url":"https:\/\/www.radiopiu.net\/wordpress\/wp-content\/uploads\/2023\/05\/copert.jpg","_links":{"self":[{"href":"https:\/\/www.radiopiu.net\/wordpress\/wp-json\/wp\/v2\/posts\/334232","targetHints":{"allow":["GET"]}}],"collection":[{"href":"https:\/\/www.radiopiu.net\/wordpress\/wp-json\/wp\/v2\/posts"}],"about":[{"href":"https:\/\/www.radiopiu.net\/wordpress\/wp-json\/wp\/v2\/types\/post"}],"author":[{"embeddable":true,"href":"https:\/\/www.radiopiu.net\/wordpress\/wp-json\/wp\/v2\/users\/4"}],"replies":[{"embeddable":true,"href":"https:\/\/www.radiopiu.net\/wordpress\/wp-json\/wp\/v2\/comments?post=334232"}],"version-history":[{"count":0,"href":"https:\/\/www.radiopiu.net\/wordpress\/wp-json\/wp\/v2\/posts\/334232\/revisions"}],"wp:featuredmedia":[{"embeddable":true,"href":"https:\/\/www.radiopiu.net\/wordpress\/wp-json\/wp\/v2\/media\/334219"}],"wp:attachment":[{"href":"https:\/\/www.radiopiu.net\/wordpress\/wp-json\/wp\/v2\/media?parent=334232"}],"wp:term":[{"taxonomy":"category","embeddable":true,"href":"https:\/\/www.radiopiu.net\/wordpress\/wp-json\/wp\/v2\/categories?post=334232"},{"taxonomy":"post_tag","embeddable":true,"href":"https:\/\/www.radiopiu.net\/wordpress\/wp-json\/wp\/v2\/tags?post=334232"}],"curies":[{"name":"wp","href":"https:\/\/api.w.org\/{rel}","templated":true}]}}