{"id":334319,"date":"2023-05-22T10:50:07","date_gmt":"2023-05-22T08:50:07","guid":{"rendered":"https:\/\/www.radiopiu.net\/wordpress\/?p=334319"},"modified":"2023-05-22T11:04:27","modified_gmt":"2023-05-22T09:04:27","slug":"la-provincia-di-belluno-si-prepara-ad-accogliere-il-giro-ditalia-strade","status":"publish","type":"post","link":"https:\/\/www.radiopiu.net\/wordpress\/la-provincia-di-belluno-si-prepara-ad-accogliere-il-giro-ditalia-strade\/","title":{"rendered":"LA PROVINCIA DI BELLUNO SI PREPARA AD ACCOGLIERE IL GIRO D&#8217;ITALIA. STRADE CHIUSE DUE ORE E MEZZA PRIMA DEL PASSAGGIO DEI CICLISTI"},"content":{"rendered":"<p><strong>di Marco Gaz<\/strong><\/p>\n<p><strong>REDAZIONE<\/strong> Anche quest&#8217;anno i ciclisti passeranno per la provincia di Belluno. Le tappe da segnare sul calendario sono due. La Oderzo &#8211; Val Di Zoldo del 25 maggio con i ciclisti che passeranno per Pieve D&#8217;Alpago, Pieve di Cadore, Forcella Cibiana, Forno di Zoldo per poi arrivare a Palafavera. Il giorno successivo invece sar\u00e0 la volta del tappone dolomitico Longarone &#8211; Tre Cime di Lavaredo. Una tappa che sar\u00e0 quasi interamente in provincia di Belluno. Si passer\u00e0 per Ponte Nelle Alpi, Belluno, Agordo, Cencenighe, Alleghe, Arabba per poi scollinare Passo Campolongo, scendere a Corvara per poi fare il Passo Valparola. Passaggio per Cernadoi, Selva di Cadore e poi il terzo Passo: il Giau. Si scender\u00e0 a Cortina D&#8217;Ampezzo per poi salire verso il Passo Tre Croci, Misurina e arrivo alle Tre Cime di Lavaredo, Rifugio Auronzo. Per quanto riguarda l&#8217;Agordino, il passaggio ad Agordo \u00e8 previsto tra le 12:44 e le 12:49, tra le 13:16 e le 13:25 a Caprile e Arabba tra le 13:50 e le 14:04. Non mancheranno le tappe della carovana del Giro che si fermer\u00e0 ad Agordo alle 11:34 e Arabba alle 12:45.<strong> Le strade verranno chiuse due ore e mezza prima del passaggio dei ciclisti in base alla tabella di marcia.<\/strong> (FOTO: Gazzetta.it)<\/p>\n<p><strong>L&#8217;ALTIMETRIA DELLE DUE TAPPE<\/strong><\/p>\n\n\t\t\t<style type='text\/css'>\n\t\t\t\t#gallery-1 {\n\t\t\t\t\tmargin: auto;\n\t\t\t\t}\n\t\t\t\t#gallery-1 .gallery-item {\n\t\t\t\t\tfloat: left;\n\t\t\t\t\tmargin-top: 10px;\n\t\t\t\t\ttext-align: center;\n\t\t\t\t\twidth: 50%;\n\t\t\t\t}\n\t\t\t\t#gallery-1 img {\n\t\t\t\t\tborder: 2px solid #cfcfcf;\n\t\t\t\t}\n\t\t\t\t#gallery-1 .gallery-caption {\n\t\t\t\t\tmargin-left: 0;\n\t\t\t\t}\n\t\t\t\t\/* see gallery_shortcode() in wp-includes\/media.php *\/\n\t\t\t<\/style>\n\t\t<div id='gallery-1' class='dt-gallery-container gallery galleryid-334319 gallery-columns-2 gallery-size-medium'><dl class='gallery-item'>\n\t\t\t\t<dt class='gallery-icon landscape'>\n\t\t\t\t\t<a class=\"rollover rollover-zoom dt-pswp-item\" title=\"T04_Viggiano_alt\" data-dt-img-description=\"\" data-large_image_width=\"1280\" data-large_image_height=\"852\"href='https:\/\/www.radiopiu.net\/wordpress\/wp-content\/uploads\/2023\/05\/ODE-VAL-DI-ZOLDO.jpg'><img loading=\"lazy\" decoding=\"async\" width=\"300\" height=\"200\" src=\"https:\/\/www.radiopiu.net\/wordpress\/wp-content\/uploads\/2023\/05\/ODE-VAL-DI-ZOLDO-300x200.jpg\" class=\"attachment-medium size-medium\" alt=\"\" aria-describedby=\"gallery-1-334320\" srcset=\"https:\/\/www.radiopiu.net\/wordpress\/wp-content\/uploads\/2023\/05\/ODE-VAL-DI-ZOLDO-300x200.jpg 300w, https:\/\/www.radiopiu.net\/wordpress\/wp-content\/uploads\/2023\/05\/ODE-VAL-DI-ZOLDO-1024x682.jpg 1024w, https:\/\/www.radiopiu.net\/wordpress\/wp-content\/uploads\/2023\/05\/ODE-VAL-DI-ZOLDO-768x511.jpg 768w, https:\/\/www.radiopiu.net\/wordpress\/wp-content\/uploads\/2023\/05\/ODE-VAL-DI-ZOLDO.jpg 1280w\" sizes=\"auto, (max-width: 300px) 100vw, 300px\" \/><\/a>\n\t\t\t\t<\/dt>\n\t\t\t\t\t<dd class='wp-caption-text gallery-caption' id='gallery-1-334320'>\n\t\t\t\t\tODERZO &#8211; VAL DI ZOLDO\n\t\t\t\t\t<\/dd><\/dl><dl class='gallery-item'>\n\t\t\t\t<dt class='gallery-icon landscape'>\n\t\t\t\t\t<a class=\"rollover rollover-zoom dt-pswp-item\" title=\"T19_TreCime_alt\" data-dt-img-description=\"\" data-large_image_width=\"1280\" data-large_image_height=\"852\"href='https:\/\/www.radiopiu.net\/wordpress\/wp-content\/uploads\/2023\/05\/LONG-TRE-CIME.jpg'><img loading=\"lazy\" decoding=\"async\" width=\"300\" height=\"200\" src=\"https:\/\/www.radiopiu.net\/wordpress\/wp-content\/uploads\/2023\/05\/LONG-TRE-CIME-300x200.jpg\" class=\"attachment-medium size-medium\" alt=\"\" aria-describedby=\"gallery-1-334321\" srcset=\"https:\/\/www.radiopiu.net\/wordpress\/wp-content\/uploads\/2023\/05\/LONG-TRE-CIME-300x200.jpg 300w, https:\/\/www.radiopiu.net\/wordpress\/wp-content\/uploads\/2023\/05\/LONG-TRE-CIME-1024x682.jpg 1024w, https:\/\/www.radiopiu.net\/wordpress\/wp-content\/uploads\/2023\/05\/LONG-TRE-CIME-768x511.jpg 768w, https:\/\/www.radiopiu.net\/wordpress\/wp-content\/uploads\/2023\/05\/LONG-TRE-CIME.jpg 1280w\" sizes=\"auto, (max-width: 300px) 100vw, 300px\" \/><\/a>\n\t\t\t\t<\/dt>\n\t\t\t\t\t<dd class='wp-caption-text gallery-caption' id='gallery-1-334321'>\n\t\t\t\t\tLONGARONE &#8211; TRE CIME DI LAVAREDO\n\t\t\t\t\t<\/dd><\/dl><br style=\"clear: both\" \/>\n\t\t\t<\/div>\n\n<p>&nbsp;<\/p>\n<p><strong>IL CRONOPROGRAMMA DELLE DUE TAPPE<\/strong><\/p>\n\n\t\t\t<style type='text\/css'>\n\t\t\t\t#gallery-2 {\n\t\t\t\t\tmargin: auto;\n\t\t\t\t}\n\t\t\t\t#gallery-2 .gallery-item {\n\t\t\t\t\tfloat: left;\n\t\t\t\t\tmargin-top: 10px;\n\t\t\t\t\ttext-align: center;\n\t\t\t\t\twidth: 50%;\n\t\t\t\t}\n\t\t\t\t#gallery-2 img {\n\t\t\t\t\tborder: 2px solid #cfcfcf;\n\t\t\t\t}\n\t\t\t\t#gallery-2 .gallery-caption {\n\t\t\t\t\tmargin-left: 0;\n\t\t\t\t}\n\t\t\t\t\/* see gallery_shortcode() in wp-includes\/media.php *\/\n\t\t\t<\/style>\n\t\t<div id='gallery-2' class='dt-gallery-container gallery galleryid-334319 gallery-columns-2 gallery-size-medium'><dl class='gallery-item'>\n\t\t\t\t<dt class='gallery-icon portrait'>\n\t\t\t\t\t<a class=\"rollover rollover-zoom dt-pswp-item\" title=\"ODERZO - VAL DI ZOLDO\" data-dt-img-description=\"\" data-large_image_width=\"852\" data-large_image_height=\"1205\"href='https:\/\/www.radiopiu.net\/wordpress\/wp-content\/uploads\/2023\/05\/ODERZO-VAL-DI-ZOLDO.jpg'><img loading=\"lazy\" decoding=\"async\" width=\"212\" height=\"300\" src=\"https:\/\/www.radiopiu.net\/wordpress\/wp-content\/uploads\/2023\/05\/ODERZO-VAL-DI-ZOLDO-212x300.jpg\" class=\"attachment-medium size-medium\" alt=\"\" aria-describedby=\"gallery-2-334322\" srcset=\"https:\/\/www.radiopiu.net\/wordpress\/wp-content\/uploads\/2023\/05\/ODERZO-VAL-DI-ZOLDO-212x300.jpg 212w, https:\/\/www.radiopiu.net\/wordpress\/wp-content\/uploads\/2023\/05\/ODERZO-VAL-DI-ZOLDO-724x1024.jpg 724w, https:\/\/www.radiopiu.net\/wordpress\/wp-content\/uploads\/2023\/05\/ODERZO-VAL-DI-ZOLDO-768x1086.jpg 768w, https:\/\/www.radiopiu.net\/wordpress\/wp-content\/uploads\/2023\/05\/ODERZO-VAL-DI-ZOLDO.jpg 852w\" sizes=\"auto, (max-width: 212px) 100vw, 212px\" \/><\/a>\n\t\t\t\t<\/dt>\n\t\t\t\t\t<dd class='wp-caption-text gallery-caption' id='gallery-2-334322'>\n\t\t\t\t\tODERZO &#8211; VAL DI ZOLDO\n\t\t\t\t\t<\/dd><\/dl><dl class='gallery-item'>\n\t\t\t\t<dt class='gallery-icon portrait'>\n\t\t\t\t\t<a class=\"rollover rollover-zoom dt-pswp-item\" title=\"LONGARONE - TRE CIME\" data-dt-img-description=\"\" data-large_image_width=\"852\" data-large_image_height=\"1205\"href='https:\/\/www.radiopiu.net\/wordpress\/wp-content\/uploads\/2023\/05\/LONGARONE-TRE-CIME.jpg'><img loading=\"lazy\" decoding=\"async\" width=\"212\" height=\"300\" src=\"https:\/\/www.radiopiu.net\/wordpress\/wp-content\/uploads\/2023\/05\/LONGARONE-TRE-CIME-212x300.jpg\" class=\"attachment-medium size-medium\" alt=\"\" aria-describedby=\"gallery-2-334323\" srcset=\"https:\/\/www.radiopiu.net\/wordpress\/wp-content\/uploads\/2023\/05\/LONGARONE-TRE-CIME-212x300.jpg 212w, https:\/\/www.radiopiu.net\/wordpress\/wp-content\/uploads\/2023\/05\/LONGARONE-TRE-CIME-724x1024.jpg 724w, https:\/\/www.radiopiu.net\/wordpress\/wp-content\/uploads\/2023\/05\/LONGARONE-TRE-CIME-768x1086.jpg 768w, https:\/\/www.radiopiu.net\/wordpress\/wp-content\/uploads\/2023\/05\/LONGARONE-TRE-CIME.jpg 852w\" sizes=\"auto, (max-width: 212px) 100vw, 212px\" \/><\/a>\n\t\t\t\t<\/dt>\n\t\t\t\t\t<dd class='wp-caption-text gallery-caption' id='gallery-2-334323'>\n\t\t\t\t\tLONGARONE &#8211; TRE CIME DI LAVAREDO\n\t\t\t\t\t<\/dd><\/dl><br style=\"clear: both\" \/>\n\t\t\t<\/div>\n\n<p>&nbsp;<\/p>\n<p>&nbsp;<\/p>\n<p>********<\/p>\n","protected":false},"excerpt":{"rendered":"<p>di Marco Gaz REDAZIONE Anche quest&#8217;anno i ciclisti passeranno per la provincia di Belluno. Le tappe da segnare sul calendario sono due. La Oderzo &#8211; Val Di Zoldo del 25 maggio con i ciclisti che passeranno per Pieve D&#8217;Alpago, Pieve di Cadore, Forcella Cibiana, Forno di Zoldo per poi arrivare a Palafavera. Il giorno successivo&hellip;<\/p>\n","protected":false},"author":4,"featured_media":334324,"comment_status":"closed","ping_status":"closed","sticky":false,"template":"","format":"standard","meta":{"_monsterinsights_skip_tracking":false,"_monsterinsights_sitenote_active":false,"_monsterinsights_sitenote_note":"","_monsterinsights_sitenote_category":0,"footnotes":""},"categories":[104,49],"tags":[],"class_list":["post-334319","post","type-post","status-publish","format-standard","has-post-thumbnail","hentry","category-evidenza_3","category-news-18","category-104","category-49","description-off"],"img_url":"https:\/\/www.radiopiu.net\/wordpress\/wp-content\/uploads\/2023\/05\/GIRO-DITALIA-2023.png","_links":{"self":[{"href":"https:\/\/www.radiopiu.net\/wordpress\/wp-json\/wp\/v2\/posts\/334319","targetHints":{"allow":["GET"]}}],"collection":[{"href":"https:\/\/www.radiopiu.net\/wordpress\/wp-json\/wp\/v2\/posts"}],"about":[{"href":"https:\/\/www.radiopiu.net\/wordpress\/wp-json\/wp\/v2\/types\/post"}],"author":[{"embeddable":true,"href":"https:\/\/www.radiopiu.net\/wordpress\/wp-json\/wp\/v2\/users\/4"}],"replies":[{"embeddable":true,"href":"https:\/\/www.radiopiu.net\/wordpress\/wp-json\/wp\/v2\/comments?post=334319"}],"version-history":[{"count":0,"href":"https:\/\/www.radiopiu.net\/wordpress\/wp-json\/wp\/v2\/posts\/334319\/revisions"}],"wp:featuredmedia":[{"embeddable":true,"href":"https:\/\/www.radiopiu.net\/wordpress\/wp-json\/wp\/v2\/media\/334324"}],"wp:attachment":[{"href":"https:\/\/www.radiopiu.net\/wordpress\/wp-json\/wp\/v2\/media?parent=334319"}],"wp:term":[{"taxonomy":"category","embeddable":true,"href":"https:\/\/www.radiopiu.net\/wordpress\/wp-json\/wp\/v2\/categories?post=334319"},{"taxonomy":"post_tag","embeddable":true,"href":"https:\/\/www.radiopiu.net\/wordpress\/wp-json\/wp\/v2\/tags?post=334319"}],"curies":[{"name":"wp","href":"https:\/\/api.w.org\/{rel}","templated":true}]}}