{"id":334358,"date":"2023-05-05T05:43:24","date_gmt":"2023-05-05T03:43:24","guid":{"rendered":"https:\/\/www.radiopiu.net\/wordpress\/?p=334358"},"modified":"2023-05-05T05:45:13","modified_gmt":"2023-05-05T03:45:13","slug":"addio-giovanni-il-tributo-dei-nomadi-a-tomo","status":"publish","type":"post","link":"https:\/\/www.radiopiu.net\/wordpress\/addio-giovanni-il-tributo-dei-nomadi-a-tomo\/","title":{"rendered":"ADDIO GIOVANNI, IL TRIBUTO DEI NOMADI A TOMO\u00a0"},"content":{"rendered":"<div class=\"flex-1 overflow-hidden\">\n<div class=\"react-scroll-to-bottom--css-cyjnt-79elbk h-full dark:bg-gray-800\">\n<div class=\"react-scroll-to-bottom--css-cyjnt-1n7m0yu\">\n<div class=\"flex flex-col items-center text-sm dark:bg-gray-800\">\n<div class=\"group w-full text-gray-800 dark:text-gray-100 border-b border-black\/10 dark:border-gray-900\/50 bg-gray-50 dark:bg-[#444654]\">\n<div class=\"flex p-4 gap-4 text-base md:gap-6 md:max-w-2xl lg:max-w-xl xl:max-w-3xl md:py-6 lg:px-0 m-auto\">\n<div class=\"relative flex flex-col w-[calc(100%-50px)] gap-1 md:gap-3 lg:w-[calc(100%-115px)]\">\n<div class=\"flex flex-grow flex-col gap-3\">\n<div class=\"min-h-[20px] flex flex-col items-start gap-4 whitespace-pre-wrap break-words\">\n<div class=\"markdown prose w-full break-words dark:prose-invert light\">\n<blockquote>\n<h3><\/h3>\n<p><em>La comunit\u00e0 dei fan dei Nomadi ha voluto dare l&#8217;ultimo saluto all&#8217;amico e collaboratore che ha sempre dimostrato grande passione e dedizione per il gruppo musicale.<\/em><\/p><\/blockquote>\n<p><strong><a class=\"dt-pswp-item\" href=\"https:\/\/www.radiopiu.net\/wordpress\/wp-content\/uploads\/2023\/05\/Senza-nome.png\" data-dt-img-description=\"\" data-large_image_width=\"572\" data-large_image_height=\"316\"><img loading=\"lazy\" decoding=\"async\" class=\" wp-image-334355 alignleft\" src=\"https:\/\/www.radiopiu.net\/wordpress\/wp-content\/uploads\/2023\/05\/Senza-nome-300x166.png\" alt=\"\" width=\"271\" height=\"150\" srcset=\"https:\/\/www.radiopiu.net\/wordpress\/wp-content\/uploads\/2023\/05\/Senza-nome-300x166.png 300w, https:\/\/www.radiopiu.net\/wordpress\/wp-content\/uploads\/2023\/05\/Senza-nome.png 572w\" sizes=\"auto, (max-width: 271px) 100vw, 271px\" \/><\/a>FELTRE\u00a0<\/strong> Tomo si \u00e8 stretta intorno a Giovanni Tosatto, l&#8217;amato manager dei Nomadi scomparso all&#8217;et\u00e0 di 52 anni. Alla cerimonia funebre,\u00a0 erano presenti numerosi amici, <a class=\"dt-pswp-item\" href=\"https:\/\/www.radiopiu.net\/wordpress\/wp-content\/uploads\/2023\/05\/Senza-nome-18.jpg\" data-dt-img-description=\"\" data-large_image_width=\"192\" data-large_image_height=\"263\"><img loading=\"lazy\" decoding=\"async\" class=\" wp-image-334356 alignright\" src=\"https:\/\/www.radiopiu.net\/wordpress\/wp-content\/uploads\/2023\/05\/Senza-nome-18.jpg\" alt=\"\" width=\"115\" height=\"158\" \/><\/a>parenti e fan del celebre gruppo musicale, che ha tributato un sentito omaggio all&#8217;uomo che ha lavorato al loro fianco per ben trent&#8217;anni. I Nomadi hanno voluto onorare la memoria di Gi\u00f2 intonando &#8220;Io vagabondo&#8221;, accompagnati da tutti i presenti. Inoltre, il batterista Daniele Campani ha testimoniato l&#8217;amicizia e la stima reciproca che lo legavano al collega, sottolineando quanto il suo lavoro non fosse mai stato valutato con la giusta attenzione. La cerimonia \u00e8 stata partecipata e commovente.<\/p>\n<blockquote><p><em>Giovanni Tosatto lascia un vuoto incolmabile nella comunit\u00e0 di Tomo e tra i Nomadi, ma rimarr\u00e0 sempre nel cuore di coloro che hanno avuto il privilegio di conoscerlo e di collaborare con lui. Ciao Gi\u00f2.<\/em><\/p><\/blockquote>\n<\/div>\n<\/div>\n<\/div>\n<div class=\"flex justify-between lg:block\">IL VIDEO, DAL CORRIERE DELLE ALPI<span style=\"color: #0000ff;\"><strong> <a style=\"color: #0000ff;\" href=\"https:\/\/corrierealpi.gelocal.it\/belluno\/cronaca\/2023\/05\/04\/video\/feltre_i_nomadi_cantano_io_vagabondo_al_funerale_del_loro_manager-12787205\/?ref=CALPI-M13-S1-T1\">CLICCA QUI<\/a><\/strong><\/span><\/div>\n<div><\/div>\n<\/div>\n<\/div>\n<\/div>\n<\/div>\n<\/div>\n<\/div>\n<\/div>\n<div class=\"absolute bottom-0 left-0 w-full border-t md:border-t-0 dark:border-white\/20 md:border-transparent md:dark:border-transparent md:bg-vert-light-gradient bg-white dark:bg-gray-800 md:!bg-transparent dark:md:bg-vert-dark-gradient pt-2\">\n<form class=\"stretch mx-2 flex flex-row gap-3 last:mb-2 md:mx-4 md:last:mb-6 lg:mx-auto lg:max-w-2xl xl:max-w-3xl\">\n<div class=\"relative flex h-full flex-1 items-stretch md:flex-col\">\n<div class=\"\">\n<div class=\"flex w-full items-center justify-center gap-2\">\n<hr \/>\n<\/div>\n<\/div>\n<\/div>\n<\/form>\n<\/div>\n","protected":false},"excerpt":{"rendered":"<p>La comunit\u00e0 dei fan dei Nomadi ha voluto dare l&#8217;ultimo saluto all&#8217;amico e collaboratore che ha sempre dimostrato grande passione e dedizione per il gruppo musicale. FELTRE\u00a0 Tomo si \u00e8 stretta intorno a Giovanni Tosatto, l&#8217;amato manager dei Nomadi scomparso all&#8217;et\u00e0 di 52 anni. Alla cerimonia funebre,\u00a0 erano presenti numerosi amici, parenti e fan del&hellip;<\/p>\n","protected":false},"author":4,"featured_media":334356,"comment_status":"closed","ping_status":"closed","sticky":false,"template":"","format":"standard","meta":{"_monsterinsights_skip_tracking":false,"_monsterinsights_sitenote_active":false,"_monsterinsights_sitenote_note":"","_monsterinsights_sitenote_category":0,"footnotes":""},"categories":[51,49],"tags":[],"class_list":["post-334358","post","type-post","status-publish","format-standard","has-post-thumbnail","hentry","category-evidenza-top","category-news-18","category-51","category-49","description-off"],"img_url":"https:\/\/www.radiopiu.net\/wordpress\/wp-content\/uploads\/2023\/05\/Senza-nome-18.jpg","_links":{"self":[{"href":"https:\/\/www.radiopiu.net\/wordpress\/wp-json\/wp\/v2\/posts\/334358","targetHints":{"allow":["GET"]}}],"collection":[{"href":"https:\/\/www.radiopiu.net\/wordpress\/wp-json\/wp\/v2\/posts"}],"about":[{"href":"https:\/\/www.radiopiu.net\/wordpress\/wp-json\/wp\/v2\/types\/post"}],"author":[{"embeddable":true,"href":"https:\/\/www.radiopiu.net\/wordpress\/wp-json\/wp\/v2\/users\/4"}],"replies":[{"embeddable":true,"href":"https:\/\/www.radiopiu.net\/wordpress\/wp-json\/wp\/v2\/comments?post=334358"}],"version-history":[{"count":0,"href":"https:\/\/www.radiopiu.net\/wordpress\/wp-json\/wp\/v2\/posts\/334358\/revisions"}],"wp:featuredmedia":[{"embeddable":true,"href":"https:\/\/www.radiopiu.net\/wordpress\/wp-json\/wp\/v2\/media\/334356"}],"wp:attachment":[{"href":"https:\/\/www.radiopiu.net\/wordpress\/wp-json\/wp\/v2\/media?parent=334358"}],"wp:term":[{"taxonomy":"category","embeddable":true,"href":"https:\/\/www.radiopiu.net\/wordpress\/wp-json\/wp\/v2\/categories?post=334358"},{"taxonomy":"post_tag","embeddable":true,"href":"https:\/\/www.radiopiu.net\/wordpress\/wp-json\/wp\/v2\/tags?post=334358"}],"curies":[{"name":"wp","href":"https:\/\/api.w.org\/{rel}","templated":true}]}}