{"id":334389,"date":"2023-05-05T07:55:04","date_gmt":"2023-05-05T05:55:04","guid":{"rendered":"https:\/\/www.radiopiu.net\/wordpress\/?p=334389"},"modified":"2023-05-05T09:34:37","modified_gmt":"2023-05-05T07:34:37","slug":"dal-1983-la-rassegna-stampa-di-radiopiu-di-mirko-mezzacasa","status":"publish","type":"post","link":"https:\/\/www.radiopiu.net\/wordpress\/dal-1983-la-rassegna-stampa-di-radiopiu-di-mirko-mezzacasa\/","title":{"rendered":"dal 1983, LA RASSEGNA STAMPA DI RADIOPIU di mirko mezzacasa"},"content":{"rendered":"<p><strong>LIVINALLONGO<\/strong> Gestione Servizi Pubblici informa che a LIVINALLONGO in LOCALITA&#8217; LARZONEI, l&#8217;acqua erogata dall&#8217;acquedotto non \u00e8 potabile e pu\u00f2 essere usata per scopi alimentari SOLO PREVIA bollitura.<br \/>\n<strong>ADDIO GIOVANNI,<\/strong> IL TRIBUTO DEI NOMADI A TOMO<br \/>\nLa comunit\u00e0 dei fan dei Nomadi ha voluto dare l&#8217;ultimo saluto all&#8217;amico e collaboratore che ha sempre dimostrato grande passione e dedizione per il gruppo musicale.<br \/>\n<strong>ALLEGHE,<\/strong> L&#8217;ULTIMO SALUTO A &#8220;LEO&#8221; Oggi alle 14.30 nella chiesa di Caprile i funerali di Leonora Pezz\u00e8, morta a 33 anni dopo una lunga battaglia contro un male terribile.<br \/>\n<strong>LOZZO DI CADORE<\/strong> Lucio Boni \u00e8 improvvisamente scomparso all&#8217;et\u00e0 di 67 anni. L&#8217;architetto, con studio a Lozzo, era un punto di riferimento per la comunit\u00e0 di Domegge, dove si trovava la sua abitazione<br \/>\n<strong>CARABINIERI DI FELTRE<\/strong> INDIVIDUANO I RESPONSABILI DEI FURTI E RECUPERANO INGENTE REFURTIVA IN UN&#8217;OPERAZIONE DI SUCCESSO<br \/>\n<strong>IERI LA GIORNATA NAZIONALE CONTRO LA PEDOFILIA<\/strong> Nella Giornata Nazionale contro la Pedofilia e la Pedopornografia, la Polizia Postale condivide i dati pi\u00f9 significativi di un impegno quotidiano, per la tutela dei minori da ogni forma di rischio cibernetico.<\/p>\n<p><strong>L&#8217;ALLARME<\/strong> Societ\u00e0 sportive preoccupate ed a rischio chiusura, la riforma di luglio impone la solita immensa burocrazia alla facci di chi della parola &#8220;semplificazione&#8221; ha ha fatto una bandiera solo per racimolare voti.<br \/>\n<strong>FELTRE<\/strong> Alla maratona di lettura, dal 25 al 27 maggio ci sar\u00e0 anche Niccolo&#8217; Ammaniti, tre incontri e un laboratorio con gli studenti del Dal Piaz.<br \/>\n<strong>LAMON<\/strong> Trento boccia il progetto (pronto) della diga del Vanoi, Il consorzio di bonifica Brenta vuole il confronto.<br \/>\n<strong>GIRO D&#8217;ITALIA<\/strong> Mancano 20 giorni, poi la provincia si colora di rosa. sul sito di RADIOPIU particolari e orari.<br \/>\n<strong>BELLUNO<\/strong> In tanti ieri per l&#8217;inaugurazione della nuova fontana di Piazza Martiri.<br \/>\n<strong>BELLUNO<\/strong> Diminuiscono le imprese artigiane in provincia di Belluno, ma l&#8217;export manifatturiero tiene in piedi l&#8217;economia locale nonostante la pandemia, la guerra e la carenza di materie prime. Secondo l&#8217;Osservatorio Economia e Territorio di Cna Veneto, che ha confrontato i dati di fine marzo 2022 con quelli di fine 2019, la situazione per le imprese artigiane \u00e8 peggiorata.<br \/>\n<strong>BELLUNO<\/strong> Assemblea soci all\u2019insegna della continuit\u00e0 per Bim Gsp. I sindaci riuniti in Sala Congressi di Villa Carpenada a Belluno hanno approvato a maggioranza il bilancio consuntivo del 2022 e confermato per il triennio 2023\/25 il Consiglio di Amministrazione in carica, presieduto da Attilio Sommavilla e composto dai consiglieri Lara Stefani e Andrea Menin.<br \/>\n<strong>BELLUNO<\/strong> E\u2019 stato approvato all\u2019unanimit\u00e0 il bilancio consuntivo 2022 di Bim Belluno Infrastrutture. \u00a0Positivi i risultati conseguiti dalla societ\u00e0 ed illustrati ai presenti dall\u2019amministratore unico della societ\u00e0, Bruno Zanolla: i ricavi complessivi, infatti, sono stati di 11,7 milioni di euro<br \/>\n<strong>SOSPIROLO<\/strong> \u00a0Allo scopo di sostenere parte dell&#8217;ingente spesa &#8211; oltre 80mila euro &#8211; necessaria alla sistemazione del campanile frazionale danneggiato ad inizio agosto, oggi alle 20.45 a Pra de la Melia di Gron raccolta fondi &#8220;Sonon par San Gottardo&#8221;. Concerto di fisarmoniche con musica tradizionale e popolare.<br \/>\n<strong>ALLEGHE<\/strong> Domani alle ore 17 nella Sala Congressi di Alleghe si parler\u00e0 del grande alpinismo in Civetta insieme a chi quell\u2019alpinismo l\u2019ha vissuto. L\u2019occasione \u00e8 il 60 mo anniversario del Rifugio Tissi, di propriet\u00e0 del CAI Belluno, organizzatore dell\u2019evento.<br \/>\n<strong>SAN TOMASO<\/strong> Il Distretto Venatorio Agordino vi invita Domenica, dalle 9, all&#8217;Arena 1082 di San Tomaso per la Festa del Cacciatore Agordino: cultura, tradizione e ambiente.<br \/>\n<strong>BORGO VALBELLUNA<\/strong> L&#8217;assemblea provinciale delle Pro loco Bellunesi si terr\u00e0 domenica a Mel.<br \/>\n<strong>FELTRE<\/strong> Il Comune\u00a0 organizza per domani alle 10, presso la Palazzina &#8220;Bonsembiante&#8221; in via Borgo Ruga, il convegno dal titolo &#8220;La Riforma dello Sport&#8221;<br \/>\n<strong>Domani alle 15.30 a Col dei Piatti<\/strong> (Malga Garda) proiezione del cortometraggio &#8220;il pastore di nuvole&#8221; ambientato nei prati della malga. Iniziativa dell&#8217;associazione Dafne<br \/>\n<strong>RISO FA BUON SANGUE,<\/strong> SABATO 6 MAGGIO AL PALAFALCADE DALLE 2045, INGRESSO LIBERO. LA COMICITA\u2019 PER LA PROMOZIONE DELLA DONAZIONE DEL SANGUE. SUL PALCO: PAOLO FRANCESCHINI, MARCO E FRANCESCO, DAVIDE STEFANATO, PAOLO FAVARO E CAFFA.<\/p>\n<p><span style=\"color: #ff0000;\"><strong>CICLISMO<\/strong> <\/span>LA PROVINCIA DI BELLUNO SI PREPARA AD ACCOGLIERE IL GIRO D\u2019ITALIA<br \/>\n<span style=\"color: #ff0000;\"><strong>HOCKEY<\/strong><\/span> SU GHIACCIO L\u2019ITALIA DEVE VINCERE CON LA GRAN BRETAGNA PER ESSERE <span style=\"color: #ff0000;\">PROMOSSA IN TOP DIVISION<\/span><br \/>\n<span style=\"color: #ff0000;\">CORSA<\/span> Corsa in montagna: a Valmorel il primo round del Campionato italiano assoluto Fidal<\/p>\n<p>&nbsp;<\/p>\n<p><iframe loading=\"lazy\" title=\"RASSEGNA STAMPA LOCALE\" width=\"1200\" height=\"675\" src=\"https:\/\/www.youtube.com\/embed\/aAjydWbkR7E?feature=oembed\" frameborder=\"0\" allow=\"accelerometer; autoplay; clipboard-write; encrypted-media; gyroscope; picture-in-picture; web-share\" allowfullscreen><\/iframe><\/p>\n","protected":false},"excerpt":{"rendered":"<p>LIVINALLONGO Gestione Servizi Pubblici informa che a LIVINALLONGO in LOCALITA&#8217; LARZONEI, l&#8217;acqua erogata dall&#8217;acquedotto non \u00e8 potabile e pu\u00f2 essere usata per scopi alimentari SOLO PREVIA bollitura. ADDIO GIOVANNI, IL TRIBUTO DEI NOMADI A TOMO La comunit\u00e0 dei fan dei Nomadi ha voluto dare l&#8217;ultimo saluto all&#8217;amico e collaboratore che ha sempre dimostrato grande passione&hellip;<\/p>\n","protected":false},"author":4,"featured_media":334370,"comment_status":"closed","ping_status":"closed","sticky":false,"template":"","format":"standard","meta":{"_monsterinsights_skip_tracking":false,"_monsterinsights_sitenote_active":false,"_monsterinsights_sitenote_note":"","_monsterinsights_sitenote_category":0,"footnotes":""},"categories":[104,49,142],"tags":[],"class_list":["post-334389","post","type-post","status-publish","format-standard","has-post-thumbnail","hentry","category-evidenza_3","category-news-18","category-rassegna-stampa","category-104","category-49","category-142","description-off"],"img_url":"https:\/\/www.radiopiu.net\/wordpress\/wp-content\/uploads\/2023\/05\/cope2.jpg","_links":{"self":[{"href":"https:\/\/www.radiopiu.net\/wordpress\/wp-json\/wp\/v2\/posts\/334389","targetHints":{"allow":["GET"]}}],"collection":[{"href":"https:\/\/www.radiopiu.net\/wordpress\/wp-json\/wp\/v2\/posts"}],"about":[{"href":"https:\/\/www.radiopiu.net\/wordpress\/wp-json\/wp\/v2\/types\/post"}],"author":[{"embeddable":true,"href":"https:\/\/www.radiopiu.net\/wordpress\/wp-json\/wp\/v2\/users\/4"}],"replies":[{"embeddable":true,"href":"https:\/\/www.radiopiu.net\/wordpress\/wp-json\/wp\/v2\/comments?post=334389"}],"version-history":[{"count":0,"href":"https:\/\/www.radiopiu.net\/wordpress\/wp-json\/wp\/v2\/posts\/334389\/revisions"}],"wp:featuredmedia":[{"embeddable":true,"href":"https:\/\/www.radiopiu.net\/wordpress\/wp-json\/wp\/v2\/media\/334370"}],"wp:attachment":[{"href":"https:\/\/www.radiopiu.net\/wordpress\/wp-json\/wp\/v2\/media?parent=334389"}],"wp:term":[{"taxonomy":"category","embeddable":true,"href":"https:\/\/www.radiopiu.net\/wordpress\/wp-json\/wp\/v2\/categories?post=334389"},{"taxonomy":"post_tag","embeddable":true,"href":"https:\/\/www.radiopiu.net\/wordpress\/wp-json\/wp\/v2\/tags?post=334389"}],"curies":[{"name":"wp","href":"https:\/\/api.w.org\/{rel}","templated":true}]}}