{"id":334400,"date":"2023-05-05T09:55:05","date_gmt":"2023-05-05T07:55:05","guid":{"rendered":"https:\/\/www.radiopiu.net\/wordpress\/?p=334400"},"modified":"2023-05-05T13:37:46","modified_gmt":"2023-05-05T11:37:46","slug":"la-provinciale-di-digoman","status":"publish","type":"post","link":"https:\/\/www.radiopiu.net\/wordpress\/la-provinciale-di-digoman\/","title":{"rendered":"LA PROVINCIALE DI DIGOMAN CHIUDE PER 3 GIORNI"},"content":{"rendered":"<p><img loading=\"lazy\" decoding=\"async\" class=\"alignleft\" src=\"https:\/\/www.radiopiu.net\/wordpress\/wp-content\/uploads\/2023\/05\/th-4.jpg\" width=\"240\" height=\"180\" \/><strong>VOLTAGO<\/strong> La Strada Provinciale 26\u00a0 di Digoman sar\u00e0 chiusa per tre giorni consecutivi, a partire da mercoled\u00ec 10 maggio fino a venerd\u00ec 12 maggio. La chiusura riguarder\u00e0 entrambi i sensi di marcia\u00a0 <strong>DALLE 7.30 ALLE 17.30<\/strong> e sar\u00e0 totale, pertanto non sar\u00e0 possibile transitarvi neanche a piedi. La decisione di chiudere la strada \u00e8 stata presa per motivi di sicurezza, in quanto saranno effettuati dei lavori di manutenzione straordinaria sulla carreggiata. Si tratta di un intervento importante che richieder\u00e0 la massima attenzione da parte degli operai, per cui \u00e8 stata ritenuta necessaria la chiusura totale della strada. Deviazioni lungo la 347 del Duran e Cereda via Gosaldo.<\/p>\n<p>Si invita inoltre alla massima prudenza lungo le strade alternative, in quanto potrebbero esserci maggiori flussi di veicoli. Si raccomanda di seguire le indicazioni dei segnali stradali e del personale addetto alla gestione del traffico, al fine di garantire la massima sicurezza per tutti gli utenti della strada.<\/p>\n<p>&nbsp;<\/p>\n<hr \/>\n<p>&nbsp;<\/p>\n","protected":false},"excerpt":{"rendered":"<p>VOLTAGO La Strada Provinciale 26\u00a0 di Digoman sar\u00e0 chiusa per tre giorni consecutivi, a partire da mercoled\u00ec 10 maggio fino a venerd\u00ec 12 maggio. La chiusura riguarder\u00e0 entrambi i sensi di marcia\u00a0 DALLE 7.30 ALLE 17.30 e sar\u00e0 totale, pertanto non sar\u00e0 possibile transitarvi neanche a piedi. La decisione di chiudere la strada \u00e8 stata&hellip;<\/p>\n","protected":false},"author":4,"featured_media":334401,"comment_status":"closed","ping_status":"closed","sticky":false,"template":"","format":"standard","meta":{"_monsterinsights_skip_tracking":false,"_monsterinsights_sitenote_active":false,"_monsterinsights_sitenote_note":"","_monsterinsights_sitenote_category":0,"footnotes":""},"categories":[51,49],"tags":[],"class_list":["post-334400","post","type-post","status-publish","format-standard","has-post-thumbnail","hentry","category-evidenza-top","category-news-18","category-51","category-49","description-off"],"img_url":"https:\/\/www.radiopiu.net\/wordpress\/wp-content\/uploads\/2023\/05\/th-4.jpg","_links":{"self":[{"href":"https:\/\/www.radiopiu.net\/wordpress\/wp-json\/wp\/v2\/posts\/334400","targetHints":{"allow":["GET"]}}],"collection":[{"href":"https:\/\/www.radiopiu.net\/wordpress\/wp-json\/wp\/v2\/posts"}],"about":[{"href":"https:\/\/www.radiopiu.net\/wordpress\/wp-json\/wp\/v2\/types\/post"}],"author":[{"embeddable":true,"href":"https:\/\/www.radiopiu.net\/wordpress\/wp-json\/wp\/v2\/users\/4"}],"replies":[{"embeddable":true,"href":"https:\/\/www.radiopiu.net\/wordpress\/wp-json\/wp\/v2\/comments?post=334400"}],"version-history":[{"count":0,"href":"https:\/\/www.radiopiu.net\/wordpress\/wp-json\/wp\/v2\/posts\/334400\/revisions"}],"wp:featuredmedia":[{"embeddable":true,"href":"https:\/\/www.radiopiu.net\/wordpress\/wp-json\/wp\/v2\/media\/334401"}],"wp:attachment":[{"href":"https:\/\/www.radiopiu.net\/wordpress\/wp-json\/wp\/v2\/media?parent=334400"}],"wp:term":[{"taxonomy":"category","embeddable":true,"href":"https:\/\/www.radiopiu.net\/wordpress\/wp-json\/wp\/v2\/categories?post=334400"},{"taxonomy":"post_tag","embeddable":true,"href":"https:\/\/www.radiopiu.net\/wordpress\/wp-json\/wp\/v2\/tags?post=334400"}],"curies":[{"name":"wp","href":"https:\/\/api.w.org\/{rel}","templated":true}]}}