{"id":334408,"date":"2023-05-05T10:24:42","date_gmt":"2023-05-05T08:24:42","guid":{"rendered":"https:\/\/www.radiopiu.net\/wordpress\/?p=334408"},"modified":"2023-05-05T10:28:12","modified_gmt":"2023-05-05T08:28:12","slug":"appello-alla-razionalita-e-alla-decisione","status":"publish","type":"post","link":"https:\/\/www.radiopiu.net\/wordpress\/appello-alla-razionalita-e-alla-decisione\/","title":{"rendered":"APPELLO ALLA RAZIONALIT\u00c0 E ALLA DECISIONE"},"content":{"rendered":"<p><strong><a class=\"dt-pswp-item\" href=\"https:\/\/www.radiopiu.net\/wordpress\/wp-content\/uploads\/2023\/05\/received_10211825083802321-1.jpeg\" data-dt-img-description=\"\" data-large_image_width=\"1600\" data-large_image_height=\"900\"><img loading=\"lazy\" decoding=\"async\" class=\"size-medium wp-image-334409 alignleft\" src=\"https:\/\/www.radiopiu.net\/wordpress\/wp-content\/uploads\/2023\/05\/received_10211825083802321-1-300x169.jpeg\" alt=\"\" width=\"300\" height=\"169\" srcset=\"https:\/\/www.radiopiu.net\/wordpress\/wp-content\/uploads\/2023\/05\/received_10211825083802321-1-300x169.jpeg 300w, https:\/\/www.radiopiu.net\/wordpress\/wp-content\/uploads\/2023\/05\/received_10211825083802321-1-1024x576.jpeg 1024w, https:\/\/www.radiopiu.net\/wordpress\/wp-content\/uploads\/2023\/05\/received_10211825083802321-1-768x432.jpeg 768w, https:\/\/www.radiopiu.net\/wordpress\/wp-content\/uploads\/2023\/05\/received_10211825083802321-1-1536x864.jpeg 1536w, https:\/\/www.radiopiu.net\/wordpress\/wp-content\/uploads\/2023\/05\/received_10211825083802321-1.jpeg 1600w\" sizes=\"auto, (max-width: 300px) 100vw, 300px\" \/><\/a>FALCADE<\/strong> \u00c8 sempre un momento di grande gioia quando i pastori transumanti fanno ritorno alle loro montagne per trascorrere la stagione estiva con le loro greggi. Tuttavia, come sottolineato da Giovanni Zanon,\u00a0\u00a0 Presidente della Comunit\u00e0 territoriale di Fiemme, il problema dei predatori sta diventando sempre pi\u00f9 grave e sta mettendo a rischio non solo le greggi, ma anche la sopravvivenza stessa di questa pratica antica e preziosa. In particolare, il nipote di Giovanni Zanon sta costruendo casa a Falcade insieme alla sua compagna e al loro bambino, Martin. Ma la felicit\u00e0 di questa famiglia potrebbe essere oscurata dalla presenza di predatori, che rappresentano una minaccia concreta per la loro attivit\u00e0 e per la loro sicurezza. Per questo motivo, \u00e8 fondamentale affrontare questo problema con ancora pi\u00f9 attenzione, razionalit\u00e0 e decisione in caso di abbattimenti. Come sottolineato da Zanon, il rischio \u00e8 che le montagne, faticosamente riportate ad essere utilizzate e manutentate, saranno abbandonate nuovamente se non si trova una soluzione adeguata.<\/p>\n<p style=\"text-align: center;\"><em>proteggere la tradizione della transumanza e i pastori che la praticano.<\/em><\/p>\n<p>L&#8217;appello di Zanon \u00e8 anche un invito a dare voce ai pastori, che spesso sono troppo impegnati a lavorare per poter parlare.\u00a0 In conclusione, il ritorno dei pastori transumanti a Falcade \u00e8 un momento di grande valore culturale e sociale, ma richiede anche un impegno concreto per la protezione delle greggi e la salvaguardia di questa antica tradizione. E&#8217; un argomento che crea grande interesse come conferma il recente e molto partecipato convegno alla casa della Gioventu&#8217; di Caviola (foto)<\/p>\n<p>&nbsp;<\/p>\n<p>ARCHIVIO RADIOPIU<\/p>\n<blockquote class=\"wp-embedded-content\" data-secret=\"KJiiG4hkyy\"><p><a href=\"https:\/\/www.radiopiu.net\/wordpress\/il-lupo-lincontro-di-caviola-del-14-aprile\/\">Il Lupo, l&#8217;incontro di Caviola del 14 Aprile.<\/a><\/p><\/blockquote>\n<p><iframe loading=\"lazy\" class=\"wp-embedded-content\" sandbox=\"allow-scripts\" security=\"restricted\" style=\"position: absolute; clip: rect(1px, 1px, 1px, 1px);\" title=\"&#8220;Il Lupo, l&#8217;incontro di Caviola del 14 Aprile.&#8221; &#8212; Radio Pi\u00f9\" src=\"https:\/\/www.radiopiu.net\/wordpress\/il-lupo-lincontro-di-caviola-del-14-aprile\/embed\/#?secret=6AVNO7S0ml#?secret=KJiiG4hkyy\" data-secret=\"KJiiG4hkyy\" width=\"600\" height=\"338\" frameborder=\"0\" marginwidth=\"0\" marginheight=\"0\" scrolling=\"no\"><\/iframe><\/p>\n<blockquote class=\"wp-embedded-content\" data-secret=\"b4MqsCQKnK\"><p><a href=\"https:\/\/www.radiopiu.net\/wordpress\/il-lupo-a-spasso-a-caviola\/\">IL LUPO A SPASSO A CAVIOLA<\/a><\/p><\/blockquote>\n<p><iframe loading=\"lazy\" class=\"wp-embedded-content\" sandbox=\"allow-scripts\" security=\"restricted\" style=\"position: absolute; clip: rect(1px, 1px, 1px, 1px);\" title=\"&#8220;IL LUPO A SPASSO A CAVIOLA&#8221; &#8212; Radio Pi\u00f9\" src=\"https:\/\/www.radiopiu.net\/wordpress\/il-lupo-a-spasso-a-caviola\/embed\/#?secret=Leh6mgkLbu#?secret=b4MqsCQKnK\" data-secret=\"b4MqsCQKnK\" width=\"600\" height=\"338\" frameborder=\"0\" marginwidth=\"0\" marginheight=\"0\" scrolling=\"no\"><\/iframe><\/p>\n<p>&nbsp;<\/p>\n<p>&nbsp;<\/p>\n<p>&nbsp;<\/p>\n<p>____<\/p>\n<div class=\"flex-1 overflow-hidden\">\n<div class=\"react-scroll-to-bottom--css-cdxng-79elbk h-full dark:bg-gray-800\">\n<div class=\"react-scroll-to-bottom--css-cdxng-1n7m0yu\">\n<div class=\"flex flex-col items-center text-sm dark:bg-gray-800\">\n<div class=\"group w-full text-gray-800 dark:text-gray-100 border-b border-black\/10 dark:border-gray-900\/50 bg-gray-50 dark:bg-[#444654]\">\n<div class=\"flex p-4 gap-4 text-base md:gap-6 md:max-w-2xl lg:max-w-xl xl:max-w-3xl md:py-6 lg:px-0 m-auto\">\n<div class=\"relative flex flex-col w-[calc(100%-50px)] gap-1 md:gap-3 lg:w-[calc(100%-115px)]\">\n<div class=\"flex justify-between lg:block\"><\/div>\n<\/div>\n<\/div>\n<\/div>\n<\/div>\n<\/div>\n<\/div>\n<\/div>\n<p>&nbsp;<\/p>\n","protected":false},"excerpt":{"rendered":"<p>FALCADE \u00c8 sempre un momento di grande gioia quando i pastori transumanti fanno ritorno alle loro montagne per trascorrere la stagione estiva con le loro greggi. Tuttavia, come sottolineato da Giovanni Zanon,\u00a0\u00a0 Presidente della Comunit\u00e0 territoriale di Fiemme, il problema dei predatori sta diventando sempre pi\u00f9 grave e sta mettendo a rischio non solo le&hellip;<\/p>\n","protected":false},"author":4,"featured_media":334410,"comment_status":"closed","ping_status":"closed","sticky":false,"template":"","format":"standard","meta":{"_monsterinsights_skip_tracking":false,"_monsterinsights_sitenote_active":false,"_monsterinsights_sitenote_note":"","_monsterinsights_sitenote_category":0,"footnotes":""},"categories":[104,49],"tags":[],"class_list":["post-334408","post","type-post","status-publish","format-standard","has-post-thumbnail","hentry","category-evidenza_3","category-news-18","category-104","category-49","description-off"],"img_url":"https:\/\/www.radiopiu.net\/wordpress\/wp-content\/uploads\/2023\/05\/received_10211825072242032-300x225-1.jpg","_links":{"self":[{"href":"https:\/\/www.radiopiu.net\/wordpress\/wp-json\/wp\/v2\/posts\/334408","targetHints":{"allow":["GET"]}}],"collection":[{"href":"https:\/\/www.radiopiu.net\/wordpress\/wp-json\/wp\/v2\/posts"}],"about":[{"href":"https:\/\/www.radiopiu.net\/wordpress\/wp-json\/wp\/v2\/types\/post"}],"author":[{"embeddable":true,"href":"https:\/\/www.radiopiu.net\/wordpress\/wp-json\/wp\/v2\/users\/4"}],"replies":[{"embeddable":true,"href":"https:\/\/www.radiopiu.net\/wordpress\/wp-json\/wp\/v2\/comments?post=334408"}],"version-history":[{"count":0,"href":"https:\/\/www.radiopiu.net\/wordpress\/wp-json\/wp\/v2\/posts\/334408\/revisions"}],"wp:featuredmedia":[{"embeddable":true,"href":"https:\/\/www.radiopiu.net\/wordpress\/wp-json\/wp\/v2\/media\/334410"}],"wp:attachment":[{"href":"https:\/\/www.radiopiu.net\/wordpress\/wp-json\/wp\/v2\/media?parent=334408"}],"wp:term":[{"taxonomy":"category","embeddable":true,"href":"https:\/\/www.radiopiu.net\/wordpress\/wp-json\/wp\/v2\/categories?post=334408"},{"taxonomy":"post_tag","embeddable":true,"href":"https:\/\/www.radiopiu.net\/wordpress\/wp-json\/wp\/v2\/tags?post=334408"}],"curies":[{"name":"wp","href":"https:\/\/api.w.org\/{rel}","templated":true}]}}