{"id":334475,"date":"2023-05-05T23:59:47","date_gmt":"2023-05-05T21:59:47","guid":{"rendered":"https:\/\/www.radiopiu.net\/wordpress\/?p=334475"},"modified":"2023-05-05T15:49:28","modified_gmt":"2023-05-05T13:49:28","slug":"ultimo-treno-per-lagordina-di-seconda-categoria-domani-il-ritorno-dei-playout-con-il-gemelle","status":"publish","type":"post","link":"https:\/\/www.radiopiu.net\/wordpress\/ultimo-treno-per-lagordina-di-seconda-categoria-domani-il-ritorno-dei-playout-con-il-gemelle\/","title":{"rendered":"ULTIMO TRENO PER L&#8217;AGORDINA DI SECONDA CATEGORIA. DOMANI IL RITORNO DEI PLAYOUT CON IL GEMELLE"},"content":{"rendered":"<p><strong><a class=\"dt-pswp-item\" href=\"https:\/\/www.radiopiu.net\/wordpress\/wp-content\/uploads\/2021\/11\/CALCIO-2021.jpg\" data-dt-img-description=\"\" data-large_image_width=\"2560\" data-large_image_height=\"1707\"><img loading=\"lazy\" decoding=\"async\" class=\" wp-image-242798 alignleft\" src=\"https:\/\/www.radiopiu.net\/wordpress\/wp-content\/uploads\/2021\/11\/CALCIO-2021-300x200.jpg\" alt=\"\" width=\"179\" height=\"119\" srcset=\"https:\/\/www.radiopiu.net\/wordpress\/wp-content\/uploads\/2021\/11\/CALCIO-2021-300x200.jpg 300w, https:\/\/www.radiopiu.net\/wordpress\/wp-content\/uploads\/2021\/11\/CALCIO-2021-1024x683.jpg 1024w, https:\/\/www.radiopiu.net\/wordpress\/wp-content\/uploads\/2021\/11\/CALCIO-2021-768x512.jpg 768w, https:\/\/www.radiopiu.net\/wordpress\/wp-content\/uploads\/2021\/11\/CALCIO-2021-1536x1024.jpg 1536w, https:\/\/www.radiopiu.net\/wordpress\/wp-content\/uploads\/2021\/11\/CALCIO-2021-2048x1366.jpg 2048w\" sizes=\"auto, (max-width: 179px) 100vw, 179px\" \/><\/a>di Marco Gaz<\/strong><\/p>\n<p><strong>REDAZIONE<\/strong> Continuano i campionati dell&#8217;Agordina Calcio che nel fine settimana sar\u00e0 impegnata con Giovanissimi e prima squadra. Giornata di riposo per la Juniores di De Zaiacomo nel torneo che assegna il titolo provinciale. Scenderanno in campo invece i giovani allenati da De Bastiani. Iniziano infatti le semifinali del Campionato Giovanissimi. La prima sfida \u00e8 in programma oggi alle 15:30 con gli agordini che sfideranno la Plavis all&#8217;Ivano Dorigo di Agordo in occasione della gara di andata. Ultima partita della stagione invece per la prima squadra dell&#8217;Agordina che domani alle 16:30 a Borgo Valbelluna affronter\u00e0 il Gemelle in quello che sar\u00e0 il ritorno dei Playout di Seconda Categoria. Strada in salita per gli uomini di Chenet che escono da una sconfitta per 2 a 0 nel match giocato domenica scorsa ad Agordo. La compagine del presidente Cosmo Forcella, per rimanere in Seconda Categoria, deve vincere con almeno tre gol di scarto. Se alla fine dei 90&#8242; minuti di gara la squadra di Agordo dovesse vincere per 2 a 0 si disputeranno i tempi supplementari ed eventuali rigori. In caso contrario alle ultime due opzioni l&#8217;Agordina retrocederebbe in Terza Categoria. Radio Pi\u00f9 seguir\u00e0 la partita all&#8217;interno di &#8220;Domenica Pi\u00f9 Sport&#8221; a partire dalle 16:30.<\/p>\n<p>&nbsp;<\/p>\n<p>&nbsp;<\/p>\n<p>*******<\/p>\n","protected":false},"excerpt":{"rendered":"<p>di Marco Gaz REDAZIONE Continuano i campionati dell&#8217;Agordina Calcio che nel fine settimana sar\u00e0 impegnata con Giovanissimi e prima squadra. Giornata di riposo per la Juniores di De Zaiacomo nel torneo che assegna il titolo provinciale. Scenderanno in campo invece i giovani allenati da De Bastiani. Iniziano infatti le semifinali del Campionato Giovanissimi. La prima&hellip;<\/p>\n","protected":false},"author":4,"featured_media":242798,"comment_status":"closed","ping_status":"closed","sticky":false,"template":"","format":"standard","meta":{"_monsterinsights_skip_tracking":false,"_monsterinsights_sitenote_active":false,"_monsterinsights_sitenote_note":"","_monsterinsights_sitenote_category":0,"footnotes":""},"categories":[49],"tags":[],"class_list":["post-334475","post","type-post","status-publish","format-standard","has-post-thumbnail","hentry","category-news-18","category-49","description-off"],"img_url":"https:\/\/www.radiopiu.net\/wordpress\/wp-content\/uploads\/2021\/11\/CALCIO-2021.jpg","_links":{"self":[{"href":"https:\/\/www.radiopiu.net\/wordpress\/wp-json\/wp\/v2\/posts\/334475","targetHints":{"allow":["GET"]}}],"collection":[{"href":"https:\/\/www.radiopiu.net\/wordpress\/wp-json\/wp\/v2\/posts"}],"about":[{"href":"https:\/\/www.radiopiu.net\/wordpress\/wp-json\/wp\/v2\/types\/post"}],"author":[{"embeddable":true,"href":"https:\/\/www.radiopiu.net\/wordpress\/wp-json\/wp\/v2\/users\/4"}],"replies":[{"embeddable":true,"href":"https:\/\/www.radiopiu.net\/wordpress\/wp-json\/wp\/v2\/comments?post=334475"}],"version-history":[{"count":0,"href":"https:\/\/www.radiopiu.net\/wordpress\/wp-json\/wp\/v2\/posts\/334475\/revisions"}],"wp:featuredmedia":[{"embeddable":true,"href":"https:\/\/www.radiopiu.net\/wordpress\/wp-json\/wp\/v2\/media\/242798"}],"wp:attachment":[{"href":"https:\/\/www.radiopiu.net\/wordpress\/wp-json\/wp\/v2\/media?parent=334475"}],"wp:term":[{"taxonomy":"category","embeddable":true,"href":"https:\/\/www.radiopiu.net\/wordpress\/wp-json\/wp\/v2\/categories?post=334475"},{"taxonomy":"post_tag","embeddable":true,"href":"https:\/\/www.radiopiu.net\/wordpress\/wp-json\/wp\/v2\/tags?post=334475"}],"curies":[{"name":"wp","href":"https:\/\/api.w.org\/{rel}","templated":true}]}}