{"id":334513,"date":"2025-11-14T00:00:13","date_gmt":"2025-11-13T23:00:13","guid":{"rendered":"https:\/\/www.radiopiu.net\/wordpress\/?p=334513"},"modified":"2025-11-14T07:25:47","modified_gmt":"2025-11-14T06:25:47","slug":"ncontonse-2025","status":"publish","type":"post","link":"https:\/\/www.radiopiu.net\/wordpress\/ncontonse-2025\/","title":{"rendered":"&#8220;NCONTONSE&#8221; IN LADINO SU RADIO PI\u00d9 LA RACCOLTA COMPLETA 107 PUNTATE"},"content":{"rendered":"<div class=\"flex-1 overflow-hidden\">\n<div class=\"react-scroll-to-bottom--css-cdxng-79elbk h-full dark:bg-gray-800\">\n<div class=\"react-scroll-to-bottom--css-cdxng-1n7m0yu\">\n<div class=\"flex flex-col items-center text-sm dark:bg-gray-800\">\n<div class=\"group w-full text-gray-800 dark:text-gray-100 border-b border-black\/10 dark:border-gray-900\/50 bg-gray-50 dark:bg-[#444654]\">\n<div class=\"flex p-4 gap-4 text-base md:gap-6 md:max-w-2xl lg:max-w-xl xl:max-w-3xl md:py-6 lg:px-0 m-auto\">\n<div class=\"relative flex flex-col w-[calc(100%-50px)] gap-1 md:gap-3 lg:w-[calc(100%-115px)]\">\n<div class=\"flex flex-grow flex-col gap-3\">\n<div class=\"min-h-[20px] flex flex-col items-start gap-4 whitespace-pre-wrap break-words\">\n<div class=\"markdown prose w-full break-words dark:prose-invert light\">\n<p><strong><a class=\"dt-pswp-item\" href=\"https:\/\/www.radiopiu.net\/wordpress\/wp-content\/uploads\/2023\/05\/linda-podcast.png\" data-dt-img-description=\"\" data-large_image_width=\"2000\" data-large_image_height=\"2000\"><img loading=\"lazy\" decoding=\"async\" class=\" wp-image-334514 alignleft\" src=\"https:\/\/www.radiopiu.net\/wordpress\/wp-content\/uploads\/2023\/05\/linda-podcast-300x300.png\" alt=\"\" width=\"207\" height=\"207\" srcset=\"https:\/\/www.radiopiu.net\/wordpress\/wp-content\/uploads\/2023\/05\/linda-podcast-300x300.png 300w, https:\/\/www.radiopiu.net\/wordpress\/wp-content\/uploads\/2023\/05\/linda-podcast-1024x1024.png 1024w, https:\/\/www.radiopiu.net\/wordpress\/wp-content\/uploads\/2023\/05\/linda-podcast-150x150.png 150w, https:\/\/www.radiopiu.net\/wordpress\/wp-content\/uploads\/2023\/05\/linda-podcast-768x768.png 768w, https:\/\/www.radiopiu.net\/wordpress\/wp-content\/uploads\/2023\/05\/linda-podcast-1536x1536.png 1536w, https:\/\/www.radiopiu.net\/wordpress\/wp-content\/uploads\/2023\/05\/linda-podcast.png 2000w\" sizes=\"auto, (max-width: 207px) 100vw, 207px\" \/><\/a><\/strong><\/p>\n<blockquote><p><em>Tutto questo \u00e8 possibile grazie alla preziosa collaborazione instaurata nel tempo con l&#8217;Istitut Ladin Cesa de Jan che produrr\u00e0 i programmi, con MILLY CREPAZ<\/em><\/p><\/blockquote>\n<p><strong>REDAZIONE\u00a0 <\/strong>Torna uno dei programmi pi\u00f9 amati della radio locale, <strong>&#8220;ncontonse&#8221;<\/strong>, ovvero incontriamoci. Dopo aver utilizzato per diverse stagioni l&#8217;almanacco ladino, la trasmissione ritorna con una formula ancora pi\u00f9 personale e informale. Le chiacchierate si svolgono completamente in lingua ladina, per valorizzare e preservare questa lingua storica delle nostre valli. Protagonisti delle conversazioni sono le persone che abitano in queste zone e che condividono le loro storie e le loro esperienze di vita con gli ascoltatori. Il programma va in onda quattro volte alla settimana: il luned\u00ec alle 8:30, il marted\u00ec alle 12:25, il mercoled\u00ec alle 18:25 e la domenica alle 9. Un appuntamento imperdibile per chi vuole conoscere meglio la cultura e la vita delle genti ladine, tramandata da generazioni. La trasmissione \u00e8 accolta con grande entusiasmo dagli ascoltatori, che\u00a0 apprezzano il ritorno alla formula originale del programma. La radio locale si conferma ancora una volta un punto di riferimento per la promozione e la valorizzazione della cultura e della lingua ladina<\/p>\n<p>&nbsp;<\/p>\n<p><strong>LO SPOT&#8230;. E SU QUESTA PAGINA L&#8217;AGGIORNAMENTO SETTIMANALE CON TUTTI I PODCAST<\/strong><\/p>\n<\/div>\n<\/div>\n<\/div>\n<\/div>\n<\/div>\n<\/div>\n<\/div>\n<\/div>\n<\/div>\n<\/div>\n<div class=\"absolute bottom-0 left-0 w-full border-t md:border-t-0 dark:border-white\/20 md:border-transparent md:dark:border-transparent md:bg-vert-light-gradient bg-white dark:bg-gray-800 md:!bg-transparent dark:md:bg-vert-dark-gradient pt-2\">\n<form class=\"stretch mx-2 flex flex-row gap-3 last:mb-2 md:mx-4 md:last:mb-6 lg:mx-auto lg:max-w-2xl xl:max-w-3xl\">\n<div class=\"relative flex h-full flex-1 items-stretch md:flex-col\">\n<div class=\"\">\n<div class=\"h-full flex ml-1 md:w-full md:m-auto md:mb-2 gap-0 md:gap-2 justify-center\">\n<div class=\"flex w-full items-center justify-center gap-2\">\n<audio class=\"wp-audio-shortcode\" id=\"audio-334513-1\" preload=\"none\" style=\"width: 100%;\" controls=\"controls\"><source type=\"audio\/mpeg\" src=\"https:\/\/www.radiopiu.net\/wordpress\/wp-content\/uploads\/2023\/05\/spot-piu.mp3?_=1\" \/><a href=\"https:\/\/www.radiopiu.net\/wordpress\/wp-content\/uploads\/2023\/05\/spot-piu.mp3\">https:\/\/www.radiopiu.net\/wordpress\/wp-content\/uploads\/2023\/05\/spot-piu.mp3<\/a><\/audio>\n<p>&nbsp;<\/p>\n<hr \/>\n<p>&nbsp;<\/p>\n<p><strong>PUNTATA 1 linda dorigo _prima parte<\/strong><\/p>\n<audio class=\"wp-audio-shortcode\" id=\"audio-334513-2\" preload=\"none\" style=\"width: 100%;\" controls=\"controls\"><source type=\"audio\/mpeg\" src=\"https:\/\/www.radiopiu.net\/wordpress\/wp-content\/uploads\/2023\/05\/1.NCONTONSE_LINDA-DORIGO-1.parte_.mp3?_=2\" \/><a href=\"https:\/\/www.radiopiu.net\/wordpress\/wp-content\/uploads\/2023\/05\/1.NCONTONSE_LINDA-DORIGO-1.parte_.mp3\">https:\/\/www.radiopiu.net\/wordpress\/wp-content\/uploads\/2023\/05\/1.NCONTONSE_LINDA-DORIGO-1.parte_.mp3<\/a><\/audio>\n<p><strong>PUNTATA 2 linda dorigo _seconda parte<\/strong><\/p>\n<audio class=\"wp-audio-shortcode\" id=\"audio-334513-3\" preload=\"none\" style=\"width: 100%;\" controls=\"controls\"><source type=\"audio\/mpeg\" src=\"https:\/\/www.radiopiu.net\/wordpress\/wp-content\/uploads\/2023\/05\/1.NCONTONSE_LINDA-DORIGO-2.parte_-1.mp3?_=3\" \/><a href=\"https:\/\/www.radiopiu.net\/wordpress\/wp-content\/uploads\/2023\/05\/1.NCONTONSE_LINDA-DORIGO-2.parte_-1.mp3\">https:\/\/www.radiopiu.net\/wordpress\/wp-content\/uploads\/2023\/05\/1.NCONTONSE_LINDA-DORIGO-2.parte_-1.mp3<\/a><\/audio>\n<p>&nbsp;<\/p>\n<p>&nbsp;<\/p>\n<hr \/>\n<p>&nbsp;<\/p>\n<p><strong>PUNTATA 03 Vittorio Pallabazzer_prima parte\u00a0<\/strong><\/p>\n<audio class=\"wp-audio-shortcode\" id=\"audio-334513-4\" preload=\"none\" style=\"width: 100%;\" controls=\"controls\"><source type=\"audio\/mpeg\" src=\"https:\/\/www.radiopiu.net\/wordpress\/wp-content\/uploads\/2023\/05\/2.NCONTONSE_VITTORIO-PALLABAZZER-1.parte_.mp3?_=4\" \/><a href=\"https:\/\/www.radiopiu.net\/wordpress\/wp-content\/uploads\/2023\/05\/2.NCONTONSE_VITTORIO-PALLABAZZER-1.parte_.mp3\">https:\/\/www.radiopiu.net\/wordpress\/wp-content\/uploads\/2023\/05\/2.NCONTONSE_VITTORIO-PALLABAZZER-1.parte_.mp3<\/a><\/audio>\n<p><strong>PUNTATA 04 Vittorio Pallabazzer_prima parte\u00a0\u00a0<\/strong><\/p>\n<audio class=\"wp-audio-shortcode\" id=\"audio-334513-5\" preload=\"none\" style=\"width: 100%;\" controls=\"controls\"><source type=\"audio\/mpeg\" src=\"https:\/\/www.radiopiu.net\/wordpress\/wp-content\/uploads\/2023\/05\/2.NCONTONSE_VITTORIO-PALLABAZZER-2.parte_-1.mp3?_=5\" \/><a href=\"https:\/\/www.radiopiu.net\/wordpress\/wp-content\/uploads\/2023\/05\/2.NCONTONSE_VITTORIO-PALLABAZZER-2.parte_-1.mp3\">https:\/\/www.radiopiu.net\/wordpress\/wp-content\/uploads\/2023\/05\/2.NCONTONSE_VITTORIO-PALLABAZZER-2.parte_-1.mp3<\/a><\/audio>\n<p>&nbsp;<\/p>\n<hr \/>\n<p>&nbsp;<\/p>\n<p><strong>PUNTATA 05\u00a0 Sergio Di Pol _prima parte<\/strong><\/p>\n<audio class=\"wp-audio-shortcode\" id=\"audio-334513-6\" preload=\"none\" style=\"width: 100%;\" controls=\"controls\"><source type=\"audio\/mpeg\" src=\"https:\/\/www.radiopiu.net\/wordpress\/wp-content\/uploads\/2023\/06\/puntata-LADINO.mp3?_=6\" \/><a href=\"https:\/\/www.radiopiu.net\/wordpress\/wp-content\/uploads\/2023\/06\/puntata-LADINO.mp3\">https:\/\/www.radiopiu.net\/wordpress\/wp-content\/uploads\/2023\/06\/puntata-LADINO.mp3<\/a><\/audio>\n<p><strong>PUNTATA 06 Sergio Di Pol_seconda parte<\/strong><\/p>\n<audio class=\"wp-audio-shortcode\" id=\"audio-334513-7\" preload=\"none\" style=\"width: 100%;\" controls=\"controls\"><source type=\"audio\/mpeg\" src=\"https:\/\/www.radiopiu.net\/wordpress\/wp-content\/uploads\/2023\/06\/3.NCONTONSE_SERGIO-DIPOL-2.parte_-1.mp3?_=7\" \/><a href=\"https:\/\/www.radiopiu.net\/wordpress\/wp-content\/uploads\/2023\/06\/3.NCONTONSE_SERGIO-DIPOL-2.parte_-1.mp3\">https:\/\/www.radiopiu.net\/wordpress\/wp-content\/uploads\/2023\/06\/3.NCONTONSE_SERGIO-DIPOL-2.parte_-1.mp3<\/a><\/audio>\n<p>&nbsp;<\/p>\n<hr \/>\n<p>&nbsp;<\/p>\n<p><strong>\u00a0PUNTATA 07 GIORGIO DE TOMASO_prima parte\u00a0<\/strong><\/p>\n<audio class=\"wp-audio-shortcode\" id=\"audio-334513-8\" preload=\"none\" style=\"width: 100%;\" controls=\"controls\"><source type=\"audio\/mpeg\" src=\"https:\/\/www.radiopiu.net\/wordpress\/wp-content\/uploads\/2023\/06\/4.NCONTONSE_GIORGIO-DETOMASO-1.parte_-1.mp3?_=8\" \/><a href=\"https:\/\/www.radiopiu.net\/wordpress\/wp-content\/uploads\/2023\/06\/4.NCONTONSE_GIORGIO-DETOMASO-1.parte_-1.mp3\">https:\/\/www.radiopiu.net\/wordpress\/wp-content\/uploads\/2023\/06\/4.NCONTONSE_GIORGIO-DETOMASO-1.parte_-1.mp3<\/a><\/audio>\n<p><strong>PUNTATA 08 GIORGIO DE TOMASO seconda parte<\/strong><\/p>\n<audio class=\"wp-audio-shortcode\" id=\"audio-334513-9\" preload=\"none\" style=\"width: 100%;\" controls=\"controls\"><source type=\"audio\/mpeg\" src=\"https:\/\/www.radiopiu.net\/wordpress\/wp-content\/uploads\/2023\/06\/4.NCONTONSE_GIORGIO-DETOMASO-2.parte_-1.mp3?_=9\" \/><a href=\"https:\/\/www.radiopiu.net\/wordpress\/wp-content\/uploads\/2023\/06\/4.NCONTONSE_GIORGIO-DETOMASO-2.parte_-1.mp3\">https:\/\/www.radiopiu.net\/wordpress\/wp-content\/uploads\/2023\/06\/4.NCONTONSE_GIORGIO-DETOMASO-2.parte_-1.mp3<\/a><\/audio>\n<p>&nbsp;<\/p>\n<hr \/>\n<p>&nbsp;<\/p>\n<p><strong>\u00a0PUNTATA 09 AGNESE AGOSTINI_prima parte<\/strong><\/p>\n<audio class=\"wp-audio-shortcode\" id=\"audio-334513-10\" preload=\"none\" style=\"width: 100%;\" controls=\"controls\"><source type=\"audio\/mpeg\" src=\"https:\/\/www.radiopiu.net\/wordpress\/wp-content\/uploads\/2023\/07\/5.AGNESE-AGOSTINI_1.parte_-1.mp3?_=10\" \/><a href=\"https:\/\/www.radiopiu.net\/wordpress\/wp-content\/uploads\/2023\/07\/5.AGNESE-AGOSTINI_1.parte_-1.mp3\">https:\/\/www.radiopiu.net\/wordpress\/wp-content\/uploads\/2023\/07\/5.AGNESE-AGOSTINI_1.parte_-1.mp3<\/a><\/audio>\n<p><strong>PUNTATA 10 GNESE AGOSTINI _seconda parte<\/strong><\/p>\n<audio class=\"wp-audio-shortcode\" id=\"audio-334513-11\" preload=\"none\" style=\"width: 100%;\" controls=\"controls\"><source type=\"audio\/mpeg\" src=\"https:\/\/www.radiopiu.net\/wordpress\/wp-content\/uploads\/2023\/07\/5.AGNESE-AGOSTINI_2.parte_-1.mp3?_=11\" \/><a href=\"https:\/\/www.radiopiu.net\/wordpress\/wp-content\/uploads\/2023\/07\/5.AGNESE-AGOSTINI_2.parte_-1.mp3\">https:\/\/www.radiopiu.net\/wordpress\/wp-content\/uploads\/2023\/07\/5.AGNESE-AGOSTINI_2.parte_-1.mp3<\/a><\/audio>\n<p>&nbsp;<\/p>\n<hr \/>\n<p>&nbsp;<\/p>\n<p>&nbsp;<\/p>\n<p><strong>PUNTATA 11 LUCIANO POMPANIN DIMAI prima parte<\/strong><\/p>\n<audio class=\"wp-audio-shortcode\" id=\"audio-334513-12\" preload=\"none\" style=\"width: 100%;\" controls=\"controls\"><source type=\"audio\/mpeg\" src=\"https:\/\/www.radiopiu.net\/wordpress\/wp-content\/uploads\/2023\/07\/6.Luciano-Pompanin-Dimai_1.mp3?_=12\" \/><a href=\"https:\/\/www.radiopiu.net\/wordpress\/wp-content\/uploads\/2023\/07\/6.Luciano-Pompanin-Dimai_1.mp3\">https:\/\/www.radiopiu.net\/wordpress\/wp-content\/uploads\/2023\/07\/6.Luciano-Pompanin-Dimai_1.mp3<\/a><\/audio>\n<p><strong>PUNTATA 12 LUCIANO POMPANIN DIMAI seconda parte<\/strong><\/p>\n<audio class=\"wp-audio-shortcode\" id=\"audio-334513-13\" preload=\"none\" style=\"width: 100%;\" controls=\"controls\"><source type=\"audio\/mpeg\" src=\"https:\/\/www.radiopiu.net\/wordpress\/wp-content\/uploads\/2023\/07\/6.NCONTONSE_Luciano-Pompanin-Dimai_2.parte_-1.mp3?_=13\" \/><a href=\"https:\/\/www.radiopiu.net\/wordpress\/wp-content\/uploads\/2023\/07\/6.NCONTONSE_Luciano-Pompanin-Dimai_2.parte_-1.mp3\">https:\/\/www.radiopiu.net\/wordpress\/wp-content\/uploads\/2023\/07\/6.NCONTONSE_Luciano-Pompanin-Dimai_2.parte_-1.mp3<\/a><\/audio>\n<p>&nbsp;<\/p>\n<hr \/>\n<p>&nbsp;<\/p>\n<p><strong>\u00a0PUNTATA 13 NICOLETTA GLIERA prima parte<\/strong><\/p>\n<audio class=\"wp-audio-shortcode\" id=\"audio-334513-14\" preload=\"none\" style=\"width: 100%;\" controls=\"controls\"><source type=\"audio\/mpeg\" src=\"https:\/\/www.radiopiu.net\/wordpress\/wp-content\/uploads\/2023\/07\/7.NCONTONSE_Nicoletta-Gliera_1.parte_-1.mp3?_=14\" \/><a href=\"https:\/\/www.radiopiu.net\/wordpress\/wp-content\/uploads\/2023\/07\/7.NCONTONSE_Nicoletta-Gliera_1.parte_-1.mp3\">https:\/\/www.radiopiu.net\/wordpress\/wp-content\/uploads\/2023\/07\/7.NCONTONSE_Nicoletta-Gliera_1.parte_-1.mp3<\/a><\/audio>\n<p><strong>PUNTATA 14 NICOLETTA GLIERA seconda parte\u00a0<\/strong><\/p>\n<audio class=\"wp-audio-shortcode\" id=\"audio-334513-15\" preload=\"none\" style=\"width: 100%;\" controls=\"controls\"><source type=\"audio\/mpeg\" src=\"https:\/\/www.radiopiu.net\/wordpress\/wp-content\/uploads\/2023\/08\/7.NCONTONSE_Nicoletta-Gliera_2.parte_.mp3?_=15\" \/><a href=\"https:\/\/www.radiopiu.net\/wordpress\/wp-content\/uploads\/2023\/08\/7.NCONTONSE_Nicoletta-Gliera_2.parte_.mp3\">https:\/\/www.radiopiu.net\/wordpress\/wp-content\/uploads\/2023\/08\/7.NCONTONSE_Nicoletta-Gliera_2.parte_.mp3<\/a><\/audio>\n<p>&nbsp;<\/p>\n<p>&nbsp;<\/p>\n<hr \/>\n<p><strong>\u00a0\u00a0<\/strong><\/p>\n<p><strong>PUNTATA 15 THOMAS KERER prima parte<\/strong><\/p>\n<audio class=\"wp-audio-shortcode\" id=\"audio-334513-16\" preload=\"none\" style=\"width: 100%;\" controls=\"controls\"><source type=\"audio\/mpeg\" src=\"https:\/\/www.radiopiu.net\/wordpress\/wp-content\/uploads\/2023\/08\/8.NCONTONSE_Thomas-Kerer_1.pert_-1.mp3?_=16\" \/><a href=\"https:\/\/www.radiopiu.net\/wordpress\/wp-content\/uploads\/2023\/08\/8.NCONTONSE_Thomas-Kerer_1.pert_-1.mp3\">https:\/\/www.radiopiu.net\/wordpress\/wp-content\/uploads\/2023\/08\/8.NCONTONSE_Thomas-Kerer_1.pert_-1.mp3<\/a><\/audio>\n<p>&nbsp;<\/p>\n<p><strong>PUNTATA 16 THOMAS KERER seconda parte<\/strong><\/p>\n<audio class=\"wp-audio-shortcode\" id=\"audio-334513-17\" preload=\"none\" style=\"width: 100%;\" controls=\"controls\"><source type=\"audio\/mpeg\" src=\"https:\/\/www.radiopiu.net\/wordpress\/wp-content\/uploads\/2023\/08\/8.NCONTONSE_Thomas-Kerer_2.pert_-2.mp3?_=17\" \/><a href=\"https:\/\/www.radiopiu.net\/wordpress\/wp-content\/uploads\/2023\/08\/8.NCONTONSE_Thomas-Kerer_2.pert_-2.mp3\">https:\/\/www.radiopiu.net\/wordpress\/wp-content\/uploads\/2023\/08\/8.NCONTONSE_Thomas-Kerer_2.pert_-2.mp3<\/a><\/audio>\n<p>&nbsp;<\/p>\n<p>&nbsp;<\/p>\n<hr \/>\n<p>&nbsp;<\/p>\n<p><strong>PUNTATA 17 STEFANIA ZANGRANDO prima parte<\/strong><\/p>\n<audio class=\"wp-audio-shortcode\" id=\"audio-334513-18\" preload=\"none\" style=\"width: 100%;\" controls=\"controls\"><source type=\"audio\/mpeg\" src=\"https:\/\/www.radiopiu.net\/wordpress\/wp-content\/uploads\/2023\/09\/9.NCONTONSE_Stefania-Zangrando_1.pert_.mp3?_=18\" \/><a href=\"https:\/\/www.radiopiu.net\/wordpress\/wp-content\/uploads\/2023\/09\/9.NCONTONSE_Stefania-Zangrando_1.pert_.mp3\">https:\/\/www.radiopiu.net\/wordpress\/wp-content\/uploads\/2023\/09\/9.NCONTONSE_Stefania-Zangrando_1.pert_.mp3<\/a><\/audio>\n<p>&nbsp;<\/p>\n<p><strong>PUNTATA 18 STEFANIA ZANGRANDO seconda parte<\/strong><\/p>\n<audio class=\"wp-audio-shortcode\" id=\"audio-334513-19\" preload=\"none\" style=\"width: 100%;\" controls=\"controls\"><source type=\"audio\/mpeg\" src=\"https:\/\/www.radiopiu.net\/wordpress\/wp-content\/uploads\/2023\/09\/LADINO.mp3?_=19\" \/><a href=\"https:\/\/www.radiopiu.net\/wordpress\/wp-content\/uploads\/2023\/09\/LADINO.mp3\">https:\/\/www.radiopiu.net\/wordpress\/wp-content\/uploads\/2023\/09\/LADINO.mp3<\/a><\/audio>\n<p>&nbsp;<\/p>\n<hr \/>\n<p>&nbsp;<\/p>\n<p><strong>PUNTATA 19 GIULIA TASSER prima parte<\/strong><\/p>\n<audio class=\"wp-audio-shortcode\" id=\"audio-334513-20\" preload=\"none\" style=\"width: 100%;\" controls=\"controls\"><source type=\"audio\/mpeg\" src=\"https:\/\/www.radiopiu.net\/wordpress\/wp-content\/uploads\/2023\/09\/10.NCONTONSE_Giulia-Tasser_1.pert_-1.mp3?_=20\" \/><a href=\"https:\/\/www.radiopiu.net\/wordpress\/wp-content\/uploads\/2023\/09\/10.NCONTONSE_Giulia-Tasser_1.pert_-1.mp3\">https:\/\/www.radiopiu.net\/wordpress\/wp-content\/uploads\/2023\/09\/10.NCONTONSE_Giulia-Tasser_1.pert_-1.mp3<\/a><\/audio>\n<p><strong>PUNTATA 20 GIULIA TASSER seconda parte<\/strong><\/p>\n<audio class=\"wp-audio-shortcode\" id=\"audio-334513-21\" preload=\"none\" style=\"width: 100%;\" controls=\"controls\"><source type=\"audio\/mpeg\" src=\"https:\/\/www.radiopiu.net\/wordpress\/wp-content\/uploads\/2023\/09\/10.NCONTONSE_Giulia-Tasser_2.pert_-1.mp3?_=21\" \/><a href=\"https:\/\/www.radiopiu.net\/wordpress\/wp-content\/uploads\/2023\/09\/10.NCONTONSE_Giulia-Tasser_2.pert_-1.mp3\">https:\/\/www.radiopiu.net\/wordpress\/wp-content\/uploads\/2023\/09\/10.NCONTONSE_Giulia-Tasser_2.pert_-1.mp3<\/a><\/audio>\n<p>&nbsp;<\/p>\n<hr \/>\n<p>&nbsp;<\/p>\n<p><strong>PUNTATA 21\u00a0 LUCA PALLA prima parte<\/strong><\/p>\n<audio class=\"wp-audio-shortcode\" id=\"audio-334513-22\" preload=\"none\" style=\"width: 100%;\" controls=\"controls\"><source type=\"audio\/mpeg\" src=\"https:\/\/www.radiopiu.net\/wordpress\/wp-content\/uploads\/2023\/09\/11.NCONTONSE_Luca-Palla_1.pert_.mp3?_=22\" \/><a href=\"https:\/\/www.radiopiu.net\/wordpress\/wp-content\/uploads\/2023\/09\/11.NCONTONSE_Luca-Palla_1.pert_.mp3\">https:\/\/www.radiopiu.net\/wordpress\/wp-content\/uploads\/2023\/09\/11.NCONTONSE_Luca-Palla_1.pert_.mp3<\/a><\/audio>\n<p><strong>PUNTATA 22 LUCA PALLA seconda parte<\/strong><\/p>\n<audio class=\"wp-audio-shortcode\" id=\"audio-334513-23\" preload=\"none\" style=\"width: 100%;\" controls=\"controls\"><source type=\"audio\/mpeg\" src=\"https:\/\/www.radiopiu.net\/wordpress\/wp-content\/uploads\/2023\/10\/11.NCONTONSE_Luca-Palla_2.pert_.mp3?_=23\" \/><a href=\"https:\/\/www.radiopiu.net\/wordpress\/wp-content\/uploads\/2023\/10\/11.NCONTONSE_Luca-Palla_2.pert_.mp3\">https:\/\/www.radiopiu.net\/wordpress\/wp-content\/uploads\/2023\/10\/11.NCONTONSE_Luca-Palla_2.pert_.mp3<\/a><\/audio>\n<p>&nbsp;<\/p>\n<hr \/>\n<p><strong>\u00a0<\/strong><\/p>\n<p><strong>PUNTATA 23 EMMA MENARDI prima parte<\/strong><\/p>\n<audio class=\"wp-audio-shortcode\" id=\"audio-334513-24\" preload=\"none\" style=\"width: 100%;\" controls=\"controls\"><source type=\"audio\/mpeg\" src=\"https:\/\/www.radiopiu.net\/wordpress\/wp-content\/uploads\/2023\/09\/12.NCONTONSE_Emma-Menardi_1.pert_.mp3?_=24\" \/><a href=\"https:\/\/www.radiopiu.net\/wordpress\/wp-content\/uploads\/2023\/09\/12.NCONTONSE_Emma-Menardi_1.pert_.mp3\">https:\/\/www.radiopiu.net\/wordpress\/wp-content\/uploads\/2023\/09\/12.NCONTONSE_Emma-Menardi_1.pert_.mp3<\/a><\/audio>\n<p><strong>PUNTATA 24 EMMA MENARDi seconda parte<\/strong><\/p>\n<audio class=\"wp-audio-shortcode\" id=\"audio-334513-25\" preload=\"none\" style=\"width: 100%;\" controls=\"controls\"><source type=\"audio\/mpeg\" src=\"https:\/\/www.radiopiu.net\/wordpress\/wp-content\/uploads\/2023\/09\/12.NCONTONSE_Emma-Menardi_2.pert_.mp3?_=25\" \/><a href=\"https:\/\/www.radiopiu.net\/wordpress\/wp-content\/uploads\/2023\/09\/12.NCONTONSE_Emma-Menardi_2.pert_.mp3\">https:\/\/www.radiopiu.net\/wordpress\/wp-content\/uploads\/2023\/09\/12.NCONTONSE_Emma-Menardi_2.pert_.mp3<\/a><\/audio>\n<p>&nbsp;<\/p>\n<hr \/>\n<p>&nbsp;<\/p>\n<p>&nbsp;<\/p>\n<p><strong>PUNTATA 25 MARINA LEZUO prima parte\u00a0<\/strong><\/p>\n<audio class=\"wp-audio-shortcode\" id=\"audio-334513-26\" preload=\"none\" style=\"width: 100%;\" controls=\"controls\"><source type=\"audio\/mpeg\" src=\"https:\/\/www.radiopiu.net\/wordpress\/wp-content\/uploads\/2023\/10\/13.NCONTONSE_MARINA-LEZUO_1.pert_.mp3?_=26\" \/><a href=\"https:\/\/www.radiopiu.net\/wordpress\/wp-content\/uploads\/2023\/10\/13.NCONTONSE_MARINA-LEZUO_1.pert_.mp3\">https:\/\/www.radiopiu.net\/wordpress\/wp-content\/uploads\/2023\/10\/13.NCONTONSE_MARINA-LEZUO_1.pert_.mp3<\/a><\/audio>\n<p><strong>PUNTATA 26 MARINA LEZUO seconda parte<\/strong><\/p>\n<audio class=\"wp-audio-shortcode\" id=\"audio-334513-27\" preload=\"none\" style=\"width: 100%;\" controls=\"controls\"><source type=\"audio\/mpeg\" src=\"https:\/\/www.radiopiu.net\/wordpress\/wp-content\/uploads\/2023\/10\/13.NCONTONSE_MARINA-LEZUO_2.pert_-1.mp3?_=27\" \/><a href=\"https:\/\/www.radiopiu.net\/wordpress\/wp-content\/uploads\/2023\/10\/13.NCONTONSE_MARINA-LEZUO_2.pert_-1.mp3\">https:\/\/www.radiopiu.net\/wordpress\/wp-content\/uploads\/2023\/10\/13.NCONTONSE_MARINA-LEZUO_2.pert_-1.mp3<\/a><\/audio>\n<p>&nbsp;<\/p>\n<p>&nbsp;<\/p>\n<hr \/>\n<p>&nbsp;<\/p>\n<p><strong>PUNTATA 27 MARCO PALLA prima parte<\/strong><\/p>\n<audio class=\"wp-audio-shortcode\" id=\"audio-334513-28\" preload=\"none\" style=\"width: 100%;\" controls=\"controls\"><source type=\"audio\/mpeg\" src=\"https:\/\/www.radiopiu.net\/wordpress\/wp-content\/uploads\/2023\/10\/14.NCONTONSE_MARCO-PALLA_1.pert_.mp3?_=28\" \/><a href=\"https:\/\/www.radiopiu.net\/wordpress\/wp-content\/uploads\/2023\/10\/14.NCONTONSE_MARCO-PALLA_1.pert_.mp3\">https:\/\/www.radiopiu.net\/wordpress\/wp-content\/uploads\/2023\/10\/14.NCONTONSE_MARCO-PALLA_1.pert_.mp3<\/a><\/audio>\n<p><strong>PUNTATA 28 MARCO PALLA seconda parte<\/strong><\/p>\n<audio class=\"wp-audio-shortcode\" id=\"audio-334513-29\" preload=\"none\" style=\"width: 100%;\" controls=\"controls\"><source type=\"audio\/mpeg\" src=\"https:\/\/www.radiopiu.net\/wordpress\/wp-content\/uploads\/2023\/10\/14.NCONTONSE_MARCO-PALLA_2.pert_.mp3?_=29\" \/><a href=\"https:\/\/www.radiopiu.net\/wordpress\/wp-content\/uploads\/2023\/10\/14.NCONTONSE_MARCO-PALLA_2.pert_.mp3\">https:\/\/www.radiopiu.net\/wordpress\/wp-content\/uploads\/2023\/10\/14.NCONTONSE_MARCO-PALLA_2.pert_.mp3<\/a><\/audio>\n<p><strong>\u00a0<\/strong><\/p>\n<hr \/>\n<p><strong>\u00a0<\/strong><\/p>\n<p><strong>PUNTATA 29 ROBERTO POMPANIN BORTEL prima parte<\/strong><\/p>\n<audio class=\"wp-audio-shortcode\" id=\"audio-334513-30\" preload=\"none\" style=\"width: 100%;\" controls=\"controls\"><source type=\"audio\/mpeg\" src=\"https:\/\/www.radiopiu.net\/wordpress\/wp-content\/uploads\/2023\/11\/15.NCONTONSE_Roberto-Pompanin-Bortel_1.pert_.mp3?_=30\" \/><a href=\"https:\/\/www.radiopiu.net\/wordpress\/wp-content\/uploads\/2023\/11\/15.NCONTONSE_Roberto-Pompanin-Bortel_1.pert_.mp3\">https:\/\/www.radiopiu.net\/wordpress\/wp-content\/uploads\/2023\/11\/15.NCONTONSE_Roberto-Pompanin-Bortel_1.pert_.mp3<\/a><\/audio>\n<p><strong>PUNTATA 30 ROBERTO POMPANIN BORTEL seconda parte\u00a0<\/strong><\/p>\n<audio class=\"wp-audio-shortcode\" id=\"audio-334513-31\" preload=\"none\" style=\"width: 100%;\" controls=\"controls\"><source type=\"audio\/mpeg\" src=\"https:\/\/www.radiopiu.net\/wordpress\/wp-content\/uploads\/2023\/11\/15.NCONTONSE_Roberto-Pompanin-Bortel_2.pert_-1.mp3?_=31\" \/><a href=\"https:\/\/www.radiopiu.net\/wordpress\/wp-content\/uploads\/2023\/11\/15.NCONTONSE_Roberto-Pompanin-Bortel_2.pert_-1.mp3\">https:\/\/www.radiopiu.net\/wordpress\/wp-content\/uploads\/2023\/11\/15.NCONTONSE_Roberto-Pompanin-Bortel_2.pert_-1.mp3<\/a><\/audio>\n<p>&nbsp;<\/p>\n<p><strong>\u00a0<\/strong><\/p>\n<hr \/>\n<p>&nbsp;<\/p>\n<p><strong>PUNTATA 31 FRANCESCO COLCUC prima parte<\/strong><\/p>\n<audio class=\"wp-audio-shortcode\" id=\"audio-334513-32\" preload=\"none\" style=\"width: 100%;\" controls=\"controls\"><source type=\"audio\/mpeg\" src=\"https:\/\/www.radiopiu.net\/wordpress\/wp-content\/uploads\/2023\/11\/16.NCONTONSE_Francesco-Colcuc_1.mp3?_=32\" \/><a href=\"https:\/\/www.radiopiu.net\/wordpress\/wp-content\/uploads\/2023\/11\/16.NCONTONSE_Francesco-Colcuc_1.mp3\">https:\/\/www.radiopiu.net\/wordpress\/wp-content\/uploads\/2023\/11\/16.NCONTONSE_Francesco-Colcuc_1.mp3<\/a><\/audio>\n<p><strong><br \/>\nPUNTATA 32 FRANCESCO COLCUC seconda parte<\/strong><\/p>\n<audio class=\"wp-audio-shortcode\" id=\"audio-334513-33\" preload=\"none\" style=\"width: 100%;\" controls=\"controls\"><source type=\"audio\/mpeg\" src=\"https:\/\/www.radiopiu.net\/wordpress\/wp-content\/uploads\/2023\/11\/16.NCONTONSE_Francesco-Colcuc_2.mp3?_=33\" \/><a href=\"https:\/\/www.radiopiu.net\/wordpress\/wp-content\/uploads\/2023\/11\/16.NCONTONSE_Francesco-Colcuc_2.mp3\">https:\/\/www.radiopiu.net\/wordpress\/wp-content\/uploads\/2023\/11\/16.NCONTONSE_Francesco-Colcuc_2.mp3<\/a><\/audio>\n<p><strong>\u00a0<\/strong><\/p>\n<hr \/>\n<p><strong>\u00a0<\/strong><\/p>\n<p><strong>PUNTATA 33 ELISA COSTA prima parte<\/strong><\/p>\n<audio class=\"wp-audio-shortcode\" id=\"audio-334513-34\" preload=\"none\" style=\"width: 100%;\" controls=\"controls\"><source type=\"audio\/mpeg\" src=\"https:\/\/www.radiopiu.net\/wordpress\/wp-content\/uploads\/2023\/11\/17.NCONTONSE_Elisa-Costa_1.pert_.mp3?_=34\" \/><a href=\"https:\/\/www.radiopiu.net\/wordpress\/wp-content\/uploads\/2023\/11\/17.NCONTONSE_Elisa-Costa_1.pert_.mp3\">https:\/\/www.radiopiu.net\/wordpress\/wp-content\/uploads\/2023\/11\/17.NCONTONSE_Elisa-Costa_1.pert_.mp3<\/a><\/audio>\n<p><strong><br \/>\nPUNTATA 34 ELISA COSA seconda parte<\/strong><\/p>\n<audio class=\"wp-audio-shortcode\" id=\"audio-334513-35\" preload=\"none\" style=\"width: 100%;\" controls=\"controls\"><source type=\"audio\/mpeg\" src=\"https:\/\/www.radiopiu.net\/wordpress\/wp-content\/uploads\/2023\/11\/17.NCONTONSE_Elisa-Costa_2.pert_.mp3?_=35\" \/><a href=\"https:\/\/www.radiopiu.net\/wordpress\/wp-content\/uploads\/2023\/11\/17.NCONTONSE_Elisa-Costa_2.pert_.mp3\">https:\/\/www.radiopiu.net\/wordpress\/wp-content\/uploads\/2023\/11\/17.NCONTONSE_Elisa-Costa_2.pert_.mp3<\/a><\/audio>\n<p><strong>\u00a0<\/strong><\/p>\n<hr \/>\n<p><strong>PUNTATA 35 RICCARDO DE ZANNA prima parte<\/strong><\/p>\n<audio class=\"wp-audio-shortcode\" id=\"audio-334513-36\" preload=\"none\" style=\"width: 100%;\" controls=\"controls\"><source type=\"audio\/mpeg\" src=\"https:\/\/www.radiopiu.net\/wordpress\/wp-content\/uploads\/2023\/11\/18.NCONTONSE_Riccardo-De-Zanna_1.pert-1.mp3?_=36\" \/><a href=\"https:\/\/www.radiopiu.net\/wordpress\/wp-content\/uploads\/2023\/11\/18.NCONTONSE_Riccardo-De-Zanna_1.pert-1.mp3\">https:\/\/www.radiopiu.net\/wordpress\/wp-content\/uploads\/2023\/11\/18.NCONTONSE_Riccardo-De-Zanna_1.pert-1.mp3<\/a><\/audio>\n<p>&nbsp;<\/p>\n<p><strong>PUNTATA 36 RICCARDO DE ZANNA\u00a0 seconda parte<\/strong><\/p>\n<audio class=\"wp-audio-shortcode\" id=\"audio-334513-37\" preload=\"none\" style=\"width: 100%;\" controls=\"controls\"><source type=\"audio\/mpeg\" src=\"https:\/\/www.radiopiu.net\/wordpress\/wp-content\/uploads\/2023\/11\/18.NCONTONSE_Riccardo-De-Zanna_2.pert_.mp3?_=37\" \/><a href=\"https:\/\/www.radiopiu.net\/wordpress\/wp-content\/uploads\/2023\/11\/18.NCONTONSE_Riccardo-De-Zanna_2.pert_.mp3\">https:\/\/www.radiopiu.net\/wordpress\/wp-content\/uploads\/2023\/11\/18.NCONTONSE_Riccardo-De-Zanna_2.pert_.mp3<\/a><\/audio>\n<p><strong>\u00a0<\/strong><\/p>\n<hr \/>\n<p><strong>\u00a0 <\/strong><\/p>\n<p><strong>PUNTATA 37 CATIA SIEF prima parte<\/strong><\/p>\n<audio class=\"wp-audio-shortcode\" id=\"audio-334513-38\" preload=\"none\" style=\"width: 100%;\" controls=\"controls\"><source type=\"audio\/mpeg\" src=\"https:\/\/www.radiopiu.net\/wordpress\/wp-content\/uploads\/2023\/11\/19.NCONTONSE_Catia-Sief_1.pert_.mp3?_=38\" \/><a href=\"https:\/\/www.radiopiu.net\/wordpress\/wp-content\/uploads\/2023\/11\/19.NCONTONSE_Catia-Sief_1.pert_.mp3\">https:\/\/www.radiopiu.net\/wordpress\/wp-content\/uploads\/2023\/11\/19.NCONTONSE_Catia-Sief_1.pert_.mp3<\/a><\/audio>\n<p><strong><br \/>\nPUNTATA 38 CATIA SIEF seconda parte<\/strong><\/p>\n<audio class=\"wp-audio-shortcode\" id=\"audio-334513-39\" preload=\"none\" style=\"width: 100%;\" controls=\"controls\"><source type=\"audio\/mpeg\" src=\"https:\/\/www.radiopiu.net\/wordpress\/wp-content\/uploads\/2023\/11\/17.NCONTONSE_Elisa-Costa_2.pert_.mp3?_=39\" \/><a href=\"https:\/\/www.radiopiu.net\/wordpress\/wp-content\/uploads\/2023\/11\/17.NCONTONSE_Elisa-Costa_2.pert_.mp3\">https:\/\/www.radiopiu.net\/wordpress\/wp-content\/uploads\/2023\/11\/17.NCONTONSE_Elisa-Costa_2.pert_.mp3<\/a><\/audio>\n<p>&nbsp;<\/p>\n<p>&nbsp;<\/p>\n<hr \/>\n<p>&nbsp;<\/p>\n<p>&nbsp;<\/p>\n<div class=\"relative flex h-full flex-1 items-stretch md:flex-col\">\n<div class=\"\">\n<div class=\"h-full flex ml-1 md:w-full md:m-auto md:mb-2 gap-0 md:gap-2 justify-center\">\n<div class=\"flex w-full items-center justify-center gap-2\">\n<p><strong>PUNTATA 39 MARCO PALLA prima parte<\/strong><\/p>\n<audio class=\"wp-audio-shortcode\" id=\"audio-334513-40\" preload=\"none\" style=\"width: 100%;\" controls=\"controls\"><source type=\"audio\/mpeg\" src=\"https:\/\/www.radiopiu.net\/wordpress\/wp-content\/uploads\/2024\/02\/14.NCONTONSE_MARCO-PALLA_1.pert_.mp3?_=40\" \/><a href=\"https:\/\/www.radiopiu.net\/wordpress\/wp-content\/uploads\/2024\/02\/14.NCONTONSE_MARCO-PALLA_1.pert_.mp3\">https:\/\/www.radiopiu.net\/wordpress\/wp-content\/uploads\/2024\/02\/14.NCONTONSE_MARCO-PALLA_1.pert_.mp3<\/a><\/audio>\n<p><strong>PUNTATA 39 MARCO PALLA seconda\u00a0 parte<\/strong><\/p>\n<audio class=\"wp-audio-shortcode\" id=\"audio-334513-41\" preload=\"none\" style=\"width: 100%;\" controls=\"controls\"><source type=\"audio\/mpeg\" src=\"https:\/\/www.radiopiu.net\/wordpress\/wp-content\/uploads\/2024\/02\/14.NCONTONSE_MARCO-PALLA_2.pert_.mp3?_=41\" \/><a href=\"https:\/\/www.radiopiu.net\/wordpress\/wp-content\/uploads\/2024\/02\/14.NCONTONSE_MARCO-PALLA_2.pert_.mp3\">https:\/\/www.radiopiu.net\/wordpress\/wp-content\/uploads\/2024\/02\/14.NCONTONSE_MARCO-PALLA_2.pert_.mp3<\/a><\/audio>\n<p>&nbsp;<\/p>\n<hr \/>\n<p>&nbsp;<\/p>\n<p>&nbsp;<\/p>\n<p><strong>PUNTATA 40 ROBERTO POMPANIN BORTEL prima parte<\/strong><\/p>\n<audio class=\"wp-audio-shortcode\" id=\"audio-334513-42\" preload=\"none\" style=\"width: 100%;\" controls=\"controls\"><source type=\"audio\/mpeg\" src=\"https:\/\/www.radiopiu.net\/wordpress\/wp-content\/uploads\/2024\/02\/15.NCONTONSE_Roberto-Pompanin-Bortel_1.pert_.mp3?_=42\" \/><a href=\"https:\/\/www.radiopiu.net\/wordpress\/wp-content\/uploads\/2024\/02\/15.NCONTONSE_Roberto-Pompanin-Bortel_1.pert_.mp3\">https:\/\/www.radiopiu.net\/wordpress\/wp-content\/uploads\/2024\/02\/15.NCONTONSE_Roberto-Pompanin-Bortel_1.pert_.mp3<\/a><\/audio>\n<p><strong>PUNTATA 40 ROBERTO POMPANIN BORTEL seconda parte<\/strong><\/p>\n<audio class=\"wp-audio-shortcode\" id=\"audio-334513-43\" preload=\"none\" style=\"width: 100%;\" controls=\"controls\"><source type=\"audio\/mpeg\" src=\"https:\/\/www.radiopiu.net\/wordpress\/wp-content\/uploads\/2024\/02\/15.NCONTONSE_Roberto-Pompanin-Bortel_2.pert_.mp3?_=43\" \/><a href=\"https:\/\/www.radiopiu.net\/wordpress\/wp-content\/uploads\/2024\/02\/15.NCONTONSE_Roberto-Pompanin-Bortel_2.pert_.mp3\">https:\/\/www.radiopiu.net\/wordpress\/wp-content\/uploads\/2024\/02\/15.NCONTONSE_Roberto-Pompanin-Bortel_2.pert_.mp3<\/a><\/audio>\n<p>&nbsp;<\/p>\n<p>&nbsp;<\/p>\n<hr \/>\n<p>&nbsp;<\/p>\n<p>&nbsp;<\/p>\n<\/div>\n<p><strong>PUNTATA 41 FRANCESCO COLCUC prima parte<\/strong><\/p>\n<audio class=\"wp-audio-shortcode\" id=\"audio-334513-44\" preload=\"none\" style=\"width: 100%;\" controls=\"controls\"><source type=\"audio\/mpeg\" src=\"https:\/\/www.radiopiu.net\/wordpress\/wp-content\/uploads\/2024\/02\/16.NCONTONSE_Francesco-Colcuc_1.mp3?_=44\" \/><a href=\"https:\/\/www.radiopiu.net\/wordpress\/wp-content\/uploads\/2024\/02\/16.NCONTONSE_Francesco-Colcuc_1.mp3\">https:\/\/www.radiopiu.net\/wordpress\/wp-content\/uploads\/2024\/02\/16.NCONTONSE_Francesco-Colcuc_1.mp3<\/a><\/audio>\n<p><strong>PUNTATA 41 FRANCESCO COLCUC seconda parte<\/strong><\/p>\n<audio class=\"wp-audio-shortcode\" id=\"audio-334513-45\" preload=\"none\" style=\"width: 100%;\" controls=\"controls\"><source type=\"audio\/mpeg\" src=\"https:\/\/www.radiopiu.net\/wordpress\/wp-content\/uploads\/2024\/02\/16.NCONTONSE_Francesco-Colcuc_2.mp3?_=45\" \/><a href=\"https:\/\/www.radiopiu.net\/wordpress\/wp-content\/uploads\/2024\/02\/16.NCONTONSE_Francesco-Colcuc_2.mp3\">https:\/\/www.radiopiu.net\/wordpress\/wp-content\/uploads\/2024\/02\/16.NCONTONSE_Francesco-Colcuc_2.mp3<\/a><\/audio>\n<\/div>\n<\/div>\n<\/div>\n<p>&nbsp;<\/p>\n<hr \/>\n<p>&nbsp;<\/p>\n<p>&nbsp;<\/p>\n<p><strong>PUNTATA 42\u00a0 Elisa Costa prima parte<\/strong><\/p>\n<audio class=\"wp-audio-shortcode\" id=\"audio-334513-46\" preload=\"none\" style=\"width: 100%;\" controls=\"controls\"><source type=\"audio\/mpeg\" src=\"https:\/\/www.radiopiu.net\/wordpress\/wp-content\/uploads\/2024\/02\/20.NCONTONSE_Erminio-Costa_1.pert_.mp3?_=46\" \/><a href=\"https:\/\/www.radiopiu.net\/wordpress\/wp-content\/uploads\/2024\/02\/20.NCONTONSE_Erminio-Costa_1.pert_.mp3\">https:\/\/www.radiopiu.net\/wordpress\/wp-content\/uploads\/2024\/02\/20.NCONTONSE_Erminio-Costa_1.pert_.mp3<\/a><\/audio>\n<p><strong>PUNTATA 42\u00a0 Elisa Costa seconda parte<\/strong><\/p>\n<audio class=\"wp-audio-shortcode\" id=\"audio-334513-47\" preload=\"none\" style=\"width: 100%;\" controls=\"controls\"><source type=\"audio\/mpeg\" src=\"https:\/\/www.radiopiu.net\/wordpress\/wp-content\/uploads\/2024\/02\/20.NCONTONSE_Erminio-Costa_2.pert_.mp3?_=47\" \/><a href=\"https:\/\/www.radiopiu.net\/wordpress\/wp-content\/uploads\/2024\/02\/20.NCONTONSE_Erminio-Costa_2.pert_.mp3\">https:\/\/www.radiopiu.net\/wordpress\/wp-content\/uploads\/2024\/02\/20.NCONTONSE_Erminio-Costa_2.pert_.mp3<\/a><\/audio>\n<p>&nbsp;<\/p>\n<p>&nbsp;<\/p>\n<hr \/>\n<p>&nbsp;<\/p>\n<p>&nbsp;<\/p>\n<p><strong>PUNTATA 43\u00a0 Riccardo De Zanna prima parte<\/strong><\/p>\n<audio class=\"wp-audio-shortcode\" id=\"audio-334513-48\" preload=\"none\" style=\"width: 100%;\" controls=\"controls\"><source type=\"audio\/mpeg\" src=\"https:\/\/www.radiopiu.net\/wordpress\/wp-content\/uploads\/2024\/02\/18.NCONTONSE_Riccardo-De-Zanna_1.pert-1.mp3?_=48\" \/><a href=\"https:\/\/www.radiopiu.net\/wordpress\/wp-content\/uploads\/2024\/02\/18.NCONTONSE_Riccardo-De-Zanna_1.pert-1.mp3\">https:\/\/www.radiopiu.net\/wordpress\/wp-content\/uploads\/2024\/02\/18.NCONTONSE_Riccardo-De-Zanna_1.pert-1.mp3<\/a><\/audio>\n<p><strong>PUNTATA 43\u00a0 Riccardo De Zanna seconda parte<\/strong><\/p>\n<audio class=\"wp-audio-shortcode\" id=\"audio-334513-49\" preload=\"none\" style=\"width: 100%;\" controls=\"controls\"><source type=\"audio\/mpeg\" src=\"https:\/\/www.radiopiu.net\/wordpress\/wp-content\/uploads\/2024\/02\/18.NCONTONSE_Riccardo-De-Zanna_2.pert_.mp3?_=49\" \/><a href=\"https:\/\/www.radiopiu.net\/wordpress\/wp-content\/uploads\/2024\/02\/18.NCONTONSE_Riccardo-De-Zanna_2.pert_.mp3\">https:\/\/www.radiopiu.net\/wordpress\/wp-content\/uploads\/2024\/02\/18.NCONTONSE_Riccardo-De-Zanna_2.pert_.mp3<\/a><\/audio>\n<p>&nbsp;<\/p>\n<p>&nbsp;<\/p>\n<hr \/>\n<p>&nbsp;<\/p>\n<p>&nbsp;<\/p>\n<p><strong>PUNTATA 44\u00a0 CATIA SIEF prima parte<\/strong><\/p>\n<audio class=\"wp-audio-shortcode\" id=\"audio-334513-50\" preload=\"none\" style=\"width: 100%;\" controls=\"controls\"><source type=\"audio\/mpeg\" src=\"https:\/\/www.radiopiu.net\/wordpress\/wp-content\/uploads\/2024\/02\/19.NCONTONSE_Catia-Sief_1.pert_.mp3?_=50\" \/><a href=\"https:\/\/www.radiopiu.net\/wordpress\/wp-content\/uploads\/2024\/02\/19.NCONTONSE_Catia-Sief_1.pert_.mp3\">https:\/\/www.radiopiu.net\/wordpress\/wp-content\/uploads\/2024\/02\/19.NCONTONSE_Catia-Sief_1.pert_.mp3<\/a><\/audio>\n<p><strong>PUNTATA 44 CATIA SIEF seconda parte<\/strong><\/p>\n<audio class=\"wp-audio-shortcode\" id=\"audio-334513-51\" preload=\"none\" style=\"width: 100%;\" controls=\"controls\"><source type=\"audio\/mpeg\" src=\"https:\/\/www.radiopiu.net\/wordpress\/wp-content\/uploads\/2024\/02\/19.NCONTONSE_Catia-Sief_2.pert_.mp3?_=51\" \/><a href=\"https:\/\/www.radiopiu.net\/wordpress\/wp-content\/uploads\/2024\/02\/19.NCONTONSE_Catia-Sief_2.pert_.mp3\">https:\/\/www.radiopiu.net\/wordpress\/wp-content\/uploads\/2024\/02\/19.NCONTONSE_Catia-Sief_2.pert_.mp3<\/a><\/audio>\n<p>&nbsp;<\/p>\n<hr \/>\n<p>&nbsp;<\/p>\n<p>&nbsp;<\/p>\n<p><strong>PUNTATA 45 ERMINIO COSTA prima parte<\/strong><\/p>\n<audio class=\"wp-audio-shortcode\" id=\"audio-334513-52\" preload=\"none\" style=\"width: 100%;\" controls=\"controls\"><source type=\"audio\/mpeg\" src=\"https:\/\/www.radiopiu.net\/wordpress\/wp-content\/uploads\/2024\/02\/20.NCONTONSE_Erminio-Costa_1.pert_.mp3?_=52\" \/><a href=\"https:\/\/www.radiopiu.net\/wordpress\/wp-content\/uploads\/2024\/02\/20.NCONTONSE_Erminio-Costa_1.pert_.mp3\">https:\/\/www.radiopiu.net\/wordpress\/wp-content\/uploads\/2024\/02\/20.NCONTONSE_Erminio-Costa_1.pert_.mp3<\/a><\/audio>\n<p><strong>PUNTATA 45 ERMINIO COSTA seconda parte<\/strong><\/p>\n<audio class=\"wp-audio-shortcode\" id=\"audio-334513-53\" preload=\"none\" style=\"width: 100%;\" controls=\"controls\"><source type=\"audio\/mpeg\" src=\"https:\/\/www.radiopiu.net\/wordpress\/wp-content\/uploads\/2024\/02\/20.NCONTONSE_Erminio-Costa_2.pert_.mp3?_=53\" \/><a href=\"https:\/\/www.radiopiu.net\/wordpress\/wp-content\/uploads\/2024\/02\/20.NCONTONSE_Erminio-Costa_2.pert_.mp3\">https:\/\/www.radiopiu.net\/wordpress\/wp-content\/uploads\/2024\/02\/20.NCONTONSE_Erminio-Costa_2.pert_.mp3<\/a><\/audio>\n<p>&nbsp;<\/p>\n<p>&nbsp;<\/p>\n<hr \/>\n<p>&nbsp;<\/p>\n<p>&nbsp;<\/p>\n<p><strong>PUNTATA 46 SERGIO MAJONI\u00a0 prima parte<\/strong><\/p>\n<audio class=\"wp-audio-shortcode\" id=\"audio-334513-54\" preload=\"none\" style=\"width: 100%;\" controls=\"controls\"><source type=\"audio\/mpeg\" src=\"https:\/\/www.radiopiu.net\/wordpress\/wp-content\/uploads\/2024\/02\/21.NCONTONSE_Sergio-Majoni_1.pert_.mp3?_=54\" \/><a href=\"https:\/\/www.radiopiu.net\/wordpress\/wp-content\/uploads\/2024\/02\/21.NCONTONSE_Sergio-Majoni_1.pert_.mp3\">https:\/\/www.radiopiu.net\/wordpress\/wp-content\/uploads\/2024\/02\/21.NCONTONSE_Sergio-Majoni_1.pert_.mp3<\/a><\/audio>\n<p><strong>PUNTATA 46 SERGIO MAJONI\u00a0 seconda parte<\/strong><\/p>\n<audio class=\"wp-audio-shortcode\" id=\"audio-334513-55\" preload=\"none\" style=\"width: 100%;\" controls=\"controls\"><source type=\"audio\/mpeg\" src=\"https:\/\/www.radiopiu.net\/wordpress\/wp-content\/uploads\/2024\/02\/21.NCONTONSE_Sergio-Majoni_2.pert_.mp3?_=55\" \/><a href=\"https:\/\/www.radiopiu.net\/wordpress\/wp-content\/uploads\/2024\/02\/21.NCONTONSE_Sergio-Majoni_2.pert_.mp3\">https:\/\/www.radiopiu.net\/wordpress\/wp-content\/uploads\/2024\/02\/21.NCONTONSE_Sergio-Majoni_2.pert_.mp3<\/a><\/audio>\n<p>&nbsp;<\/p>\n<hr \/>\n<p>&nbsp;<\/p>\n<p>&nbsp;<\/p>\n<p><strong>PUNTATA 47 ILARIA CHIZZALI\u00a0 prima parte<\/strong><\/p>\n<audio class=\"wp-audio-shortcode\" id=\"audio-334513-56\" preload=\"none\" style=\"width: 100%;\" controls=\"controls\"><source type=\"audio\/mpeg\" src=\"https:\/\/www.radiopiu.net\/wordpress\/wp-content\/uploads\/2024\/02\/22.NCONTONSE_Ilaria-Chizzali_1.pert_.mp3?_=56\" \/><a href=\"https:\/\/www.radiopiu.net\/wordpress\/wp-content\/uploads\/2024\/02\/22.NCONTONSE_Ilaria-Chizzali_1.pert_.mp3\">https:\/\/www.radiopiu.net\/wordpress\/wp-content\/uploads\/2024\/02\/22.NCONTONSE_Ilaria-Chizzali_1.pert_.mp3<\/a><\/audio>\n<p><strong>PUNTATA 47 ILARIA CHIZZALI\u00a0 seconda parte<\/strong><\/p>\n<audio class=\"wp-audio-shortcode\" id=\"audio-334513-57\" preload=\"none\" style=\"width: 100%;\" controls=\"controls\"><source type=\"audio\/mpeg\" src=\"https:\/\/www.radiopiu.net\/wordpress\/wp-content\/uploads\/2024\/02\/22.NCONTONSE_Ilaria-Chizzali_2.pert_.mp3?_=57\" \/><a href=\"https:\/\/www.radiopiu.net\/wordpress\/wp-content\/uploads\/2024\/02\/22.NCONTONSE_Ilaria-Chizzali_2.pert_.mp3\">https:\/\/www.radiopiu.net\/wordpress\/wp-content\/uploads\/2024\/02\/22.NCONTONSE_Ilaria-Chizzali_2.pert_.mp3<\/a><\/audio>\n<p>&nbsp;<\/p>\n<hr \/>\n<p>&nbsp;<\/p>\n<p><strong>PUNTATA 48 STEFANO COSTA\u00a0 prima parte<\/strong><\/p>\n<audio class=\"wp-audio-shortcode\" id=\"audio-334513-58\" preload=\"none\" style=\"width: 100%;\" controls=\"controls\"><source type=\"audio\/mpeg\" src=\"https:\/\/www.radiopiu.net\/wordpress\/wp-content\/uploads\/2024\/02\/20.NCONTONSE_Erminio-Costa_1.pert_.mp3?_=58\" \/><a href=\"https:\/\/www.radiopiu.net\/wordpress\/wp-content\/uploads\/2024\/02\/20.NCONTONSE_Erminio-Costa_1.pert_.mp3\">https:\/\/www.radiopiu.net\/wordpress\/wp-content\/uploads\/2024\/02\/20.NCONTONSE_Erminio-Costa_1.pert_.mp3<\/a><\/audio>\n<p><strong>PUNTATA 48 STEFANO COSTA seconda parte<\/strong><\/p>\n<audio class=\"wp-audio-shortcode\" id=\"audio-334513-59\" preload=\"none\" style=\"width: 100%;\" controls=\"controls\"><source type=\"audio\/mpeg\" src=\"https:\/\/www.radiopiu.net\/wordpress\/wp-content\/uploads\/2024\/02\/17.NCONTONSE_Elisa-Costa_2.pert_.mp3?_=59\" \/><a href=\"https:\/\/www.radiopiu.net\/wordpress\/wp-content\/uploads\/2024\/02\/17.NCONTONSE_Elisa-Costa_2.pert_.mp3\">https:\/\/www.radiopiu.net\/wordpress\/wp-content\/uploads\/2024\/02\/17.NCONTONSE_Elisa-Costa_2.pert_.mp3<\/a><\/audio>\n<p>&nbsp;<\/p>\n<p>&nbsp;<\/p>\n<hr \/>\n<p>&nbsp;<\/p>\n<p>&nbsp;<\/p>\n<p><strong>PUNTATA 49 ELEONORA COLLI\u00a0 prima parte<\/strong><\/p>\n<audio class=\"wp-audio-shortcode\" id=\"audio-334513-60\" preload=\"none\" style=\"width: 100%;\" controls=\"controls\"><source type=\"audio\/mpeg\" src=\"https:\/\/www.radiopiu.net\/wordpress\/wp-content\/uploads\/2024\/02\/24.NCONTONSE_Eleonora-Colli_1.pert_.mp3?_=60\" \/><a href=\"https:\/\/www.radiopiu.net\/wordpress\/wp-content\/uploads\/2024\/02\/24.NCONTONSE_Eleonora-Colli_1.pert_.mp3\">https:\/\/www.radiopiu.net\/wordpress\/wp-content\/uploads\/2024\/02\/24.NCONTONSE_Eleonora-Colli_1.pert_.mp3<\/a><\/audio>\n<p><strong>PUNTATA 49 ELEONORA COLLI\u00a0 seconda parte<\/strong><\/p>\n<audio class=\"wp-audio-shortcode\" id=\"audio-334513-61\" preload=\"none\" style=\"width: 100%;\" controls=\"controls\"><source type=\"audio\/mpeg\" src=\"https:\/\/www.radiopiu.net\/wordpress\/wp-content\/uploads\/2024\/02\/24.NCONTONSE_Eleonora-Colli_2.pert_.mp3?_=61\" \/><a href=\"https:\/\/www.radiopiu.net\/wordpress\/wp-content\/uploads\/2024\/02\/24.NCONTONSE_Eleonora-Colli_2.pert_.mp3\">https:\/\/www.radiopiu.net\/wordpress\/wp-content\/uploads\/2024\/02\/24.NCONTONSE_Eleonora-Colli_2.pert_.mp3<\/a><\/audio>\n<p>&nbsp;<\/p>\n<p>&nbsp;<\/p>\n<hr \/>\n<p>&nbsp;<\/p>\n<p>&nbsp;<\/p>\n<p><strong>PUNTATA 50 CESARE MASAREI\u00a0 prima parte<\/strong><\/p>\n<audio class=\"wp-audio-shortcode\" id=\"audio-334513-62\" preload=\"none\" style=\"width: 100%;\" controls=\"controls\"><source type=\"audio\/mpeg\" src=\"https:\/\/www.radiopiu.net\/wordpress\/wp-content\/uploads\/2024\/02\/25.NCONTONSE_Cesare-Masarei_1.pert_.mp3?_=62\" \/><a href=\"https:\/\/www.radiopiu.net\/wordpress\/wp-content\/uploads\/2024\/02\/25.NCONTONSE_Cesare-Masarei_1.pert_.mp3\">https:\/\/www.radiopiu.net\/wordpress\/wp-content\/uploads\/2024\/02\/25.NCONTONSE_Cesare-Masarei_1.pert_.mp3<\/a><\/audio>\n<p><strong>PUNTATA 50 CESARE MASAREI\u00a0 prima parte<\/strong><\/p>\n<audio class=\"wp-audio-shortcode\" id=\"audio-334513-63\" preload=\"none\" style=\"width: 100%;\" controls=\"controls\"><source type=\"audio\/mpeg\" src=\"https:\/\/www.radiopiu.net\/wordpress\/wp-content\/uploads\/2024\/02\/25.NCONTONSE_Cesare-Masarei_2.pert_.mp3?_=63\" \/><a href=\"https:\/\/www.radiopiu.net\/wordpress\/wp-content\/uploads\/2024\/02\/25.NCONTONSE_Cesare-Masarei_2.pert_.mp3\">https:\/\/www.radiopiu.net\/wordpress\/wp-content\/uploads\/2024\/02\/25.NCONTONSE_Cesare-Masarei_2.pert_.mp3<\/a><\/audio>\n<p>&nbsp;<\/p>\n<p>&nbsp;<\/p>\n<hr \/>\n<p>&nbsp;<\/p>\n<p>&nbsp;<\/p>\n<p><strong>PUNTATA 51 ROLAND BERNARDI\u00a0 prima parte<\/strong><\/p>\n<audio class=\"wp-audio-shortcode\" id=\"audio-334513-64\" preload=\"none\" style=\"width: 100%;\" controls=\"controls\"><source type=\"audio\/mpeg\" src=\"https:\/\/www.radiopiu.net\/wordpress\/wp-content\/uploads\/2024\/02\/26.NCONTONSE_Roland-Bernardi_1.pert_.mp3?_=64\" \/><a href=\"https:\/\/www.radiopiu.net\/wordpress\/wp-content\/uploads\/2024\/02\/26.NCONTONSE_Roland-Bernardi_1.pert_.mp3\">https:\/\/www.radiopiu.net\/wordpress\/wp-content\/uploads\/2024\/02\/26.NCONTONSE_Roland-Bernardi_1.pert_.mp3<\/a><\/audio>\n<p><strong>PUNTATA 51 ROLAND BERNARDI\u00a0 seconda parte<\/strong><\/p>\n<audio class=\"wp-audio-shortcode\" id=\"audio-334513-65\" preload=\"none\" style=\"width: 100%;\" controls=\"controls\"><source type=\"audio\/mpeg\" src=\"https:\/\/www.radiopiu.net\/wordpress\/wp-content\/uploads\/2024\/02\/26.NCONTONSE_Roland-Bernardi_2.pert_.mp3?_=65\" \/><a href=\"https:\/\/www.radiopiu.net\/wordpress\/wp-content\/uploads\/2024\/02\/26.NCONTONSE_Roland-Bernardi_2.pert_.mp3\">https:\/\/www.radiopiu.net\/wordpress\/wp-content\/uploads\/2024\/02\/26.NCONTONSE_Roland-Bernardi_2.pert_.mp3<\/a><\/audio>\n<p>&nbsp;<\/p>\n<hr \/>\n<p>&nbsp;<\/p>\n<p>&nbsp;<\/p>\n<p><strong>PUNTATA 52 GIULIA DE NICOLO&#8217;\u00a0 prima parte<\/strong><\/p>\n<audio class=\"wp-audio-shortcode\" id=\"audio-334513-66\" preload=\"none\" style=\"width: 100%;\" controls=\"controls\"><source type=\"audio\/mpeg\" src=\"https:\/\/www.radiopiu.net\/wordpress\/wp-content\/uploads\/2024\/02\/27.NCONTONSE_Giulia-Denicolo_1.pert_.mp3?_=66\" \/><a href=\"https:\/\/www.radiopiu.net\/wordpress\/wp-content\/uploads\/2024\/02\/27.NCONTONSE_Giulia-Denicolo_1.pert_.mp3\">https:\/\/www.radiopiu.net\/wordpress\/wp-content\/uploads\/2024\/02\/27.NCONTONSE_Giulia-Denicolo_1.pert_.mp3<\/a><\/audio>\n<p><strong>PUNTATA 52 GIULIA DE NICOLO&#8217;\u00a0 seconda parte<\/strong><\/p>\n<audio class=\"wp-audio-shortcode\" id=\"audio-334513-67\" preload=\"none\" style=\"width: 100%;\" controls=\"controls\"><source type=\"audio\/mpeg\" src=\"https:\/\/www.radiopiu.net\/wordpress\/wp-content\/uploads\/2024\/02\/27.NCONTONSE_Giulia-Denicolo_2.pert_.mp3?_=67\" \/><a href=\"https:\/\/www.radiopiu.net\/wordpress\/wp-content\/uploads\/2024\/02\/27.NCONTONSE_Giulia-Denicolo_2.pert_.mp3\">https:\/\/www.radiopiu.net\/wordpress\/wp-content\/uploads\/2024\/02\/27.NCONTONSE_Giulia-Denicolo_2.pert_.mp3<\/a><\/audio>\n<p>&nbsp;<\/p>\n<hr \/>\n<p>&nbsp;<\/p>\n<p>&nbsp;<\/p>\n<p><strong>PUNTATA 53 LUCIA SOMMAVILLA\u00a0 \u00a0prima parte<\/strong><\/p>\n<audio class=\"wp-audio-shortcode\" id=\"audio-334513-68\" preload=\"none\" style=\"width: 100%;\" controls=\"controls\"><source type=\"audio\/mpeg\" src=\"https:\/\/www.radiopiu.net\/wordpress\/wp-content\/uploads\/2024\/02\/28.NCONTONSE_Lucia-Sommavilla_1.pert_.mp3?_=68\" \/><a href=\"https:\/\/www.radiopiu.net\/wordpress\/wp-content\/uploads\/2024\/02\/28.NCONTONSE_Lucia-Sommavilla_1.pert_.mp3\">https:\/\/www.radiopiu.net\/wordpress\/wp-content\/uploads\/2024\/02\/28.NCONTONSE_Lucia-Sommavilla_1.pert_.mp3<\/a><\/audio>\n<p><strong>PUNTATA 53 LUCIA SOMMAVILLA\u00a0 \u00a0seconda\u00a0 parte<\/strong><\/p>\n<audio class=\"wp-audio-shortcode\" id=\"audio-334513-69\" preload=\"none\" style=\"width: 100%;\" controls=\"controls\"><source type=\"audio\/mpeg\" src=\"https:\/\/www.radiopiu.net\/wordpress\/wp-content\/uploads\/2024\/05\/28.NCONTONSE_Lucia-Sommavilla_2.pert_.mp3?_=69\" \/><a href=\"https:\/\/www.radiopiu.net\/wordpress\/wp-content\/uploads\/2024\/05\/28.NCONTONSE_Lucia-Sommavilla_2.pert_.mp3\">https:\/\/www.radiopiu.net\/wordpress\/wp-content\/uploads\/2024\/05\/28.NCONTONSE_Lucia-Sommavilla_2.pert_.mp3<\/a><\/audio>\n<p>&nbsp;<\/p>\n<hr \/>\n<p>&nbsp;<\/p>\n<p><strong>\u00a0<\/strong><\/p>\n<p><strong>PUNTATA 54 SIMONETTA ZANGIACOMO prima parte<\/strong><\/p>\n<audio class=\"wp-audio-shortcode\" id=\"audio-334513-70\" preload=\"none\" style=\"width: 100%;\" controls=\"controls\"><source type=\"audio\/mpeg\" src=\"https:\/\/www.radiopiu.net\/wordpress\/wp-content\/uploads\/2024\/05\/29.NCONTONSE_Simonetta-Zangiacomi_1.pert_.mp3?_=70\" \/><a href=\"https:\/\/www.radiopiu.net\/wordpress\/wp-content\/uploads\/2024\/05\/29.NCONTONSE_Simonetta-Zangiacomi_1.pert_.mp3\">https:\/\/www.radiopiu.net\/wordpress\/wp-content\/uploads\/2024\/05\/29.NCONTONSE_Simonetta-Zangiacomi_1.pert_.mp3<\/a><\/audio>\n<p><strong>\u00a0<\/strong><strong>PUNTATA 54 SIMONETTA ZANGIACOMO seconda parte<\/strong><\/p>\n<audio class=\"wp-audio-shortcode\" id=\"audio-334513-71\" preload=\"none\" style=\"width: 100%;\" controls=\"controls\"><source type=\"audio\/mpeg\" src=\"https:\/\/www.radiopiu.net\/wordpress\/wp-content\/uploads\/2024\/05\/29.NCONTONSE_Simonetta-Zangiacomi_2.pert_.mp3?_=71\" \/><a href=\"https:\/\/www.radiopiu.net\/wordpress\/wp-content\/uploads\/2024\/05\/29.NCONTONSE_Simonetta-Zangiacomi_2.pert_.mp3\">https:\/\/www.radiopiu.net\/wordpress\/wp-content\/uploads\/2024\/05\/29.NCONTONSE_Simonetta-Zangiacomi_2.pert_.mp3<\/a><\/audio>\n<p>&nbsp;<\/p>\n<p>&nbsp;<\/p>\n<hr \/>\n<p>&nbsp;<\/p>\n<p><strong>PUNTATA 55 NICOLE PETRI prima parte<\/strong><\/p>\n<audio class=\"wp-audio-shortcode\" id=\"audio-334513-72\" preload=\"none\" style=\"width: 100%;\" controls=\"controls\"><source type=\"audio\/mpeg\" src=\"https:\/\/www.radiopiu.net\/wordpress\/wp-content\/uploads\/2024\/05\/30.NCONTONSE_Nicole-Petri_1.pert_.mp3?_=72\" \/><a href=\"https:\/\/www.radiopiu.net\/wordpress\/wp-content\/uploads\/2024\/05\/30.NCONTONSE_Nicole-Petri_1.pert_.mp3\">https:\/\/www.radiopiu.net\/wordpress\/wp-content\/uploads\/2024\/05\/30.NCONTONSE_Nicole-Petri_1.pert_.mp3<\/a><\/audio>\n<p><strong>PUNTATA 55 NICOLE PETRI seconda parte<\/strong><\/p>\n<audio class=\"wp-audio-shortcode\" id=\"audio-334513-73\" preload=\"none\" style=\"width: 100%;\" controls=\"controls\"><source type=\"audio\/mpeg\" src=\"https:\/\/www.radiopiu.net\/wordpress\/wp-content\/uploads\/2024\/05\/30.NCONTONSE_Nicole-Petri_2.pert_.mp3?_=73\" \/><a href=\"https:\/\/www.radiopiu.net\/wordpress\/wp-content\/uploads\/2024\/05\/30.NCONTONSE_Nicole-Petri_2.pert_.mp3\">https:\/\/www.radiopiu.net\/wordpress\/wp-content\/uploads\/2024\/05\/30.NCONTONSE_Nicole-Petri_2.pert_.mp3<\/a><\/audio>\n<p>&nbsp;<\/p>\n<hr \/>\n<p>&nbsp;<\/p>\n<p><strong>PUNTATA 56 TARCISIO AGOSTINI prima parte<\/strong><\/p>\n<audio class=\"wp-audio-shortcode\" id=\"audio-334513-74\" preload=\"none\" style=\"width: 100%;\" controls=\"controls\"><source type=\"audio\/mpeg\" src=\"https:\/\/www.radiopiu.net\/wordpress\/wp-content\/uploads\/2024\/05\/31.NCONTONSE_Tarcisio-Agostini_1.pert_.mp3?_=74\" \/><a href=\"https:\/\/www.radiopiu.net\/wordpress\/wp-content\/uploads\/2024\/05\/31.NCONTONSE_Tarcisio-Agostini_1.pert_.mp3\">https:\/\/www.radiopiu.net\/wordpress\/wp-content\/uploads\/2024\/05\/31.NCONTONSE_Tarcisio-Agostini_1.pert_.mp3<\/a><\/audio>\n<p><strong>PUNTATA 56 TARCISIO AGOSTINI seconda parte<\/strong><\/p>\n<audio class=\"wp-audio-shortcode\" id=\"audio-334513-75\" preload=\"none\" style=\"width: 100%;\" controls=\"controls\"><source type=\"audio\/mpeg\" src=\"https:\/\/www.radiopiu.net\/wordpress\/wp-content\/uploads\/2024\/05\/31.NCONTONSE_Tarcisio-Agostini_2.pert_.mp3?_=75\" \/><a href=\"https:\/\/www.radiopiu.net\/wordpress\/wp-content\/uploads\/2024\/05\/31.NCONTONSE_Tarcisio-Agostini_2.pert_.mp3\">https:\/\/www.radiopiu.net\/wordpress\/wp-content\/uploads\/2024\/05\/31.NCONTONSE_Tarcisio-Agostini_2.pert_.mp3<\/a><\/audio>\n<p>&nbsp;<\/p>\n<hr \/>\n<p>&nbsp;<\/p>\n<p><strong>PUNTATA 57 IRENE POMPANIN prima parte<\/strong><\/p>\n<audio class=\"wp-audio-shortcode\" id=\"audio-334513-76\" preload=\"none\" style=\"width: 100%;\" controls=\"controls\"><source type=\"audio\/mpeg\" src=\"https:\/\/www.radiopiu.net\/wordpress\/wp-content\/uploads\/2024\/05\/32.NCONTONSE_Irene-Pompanin_1.pert_.mp3?_=76\" \/><a href=\"https:\/\/www.radiopiu.net\/wordpress\/wp-content\/uploads\/2024\/05\/32.NCONTONSE_Irene-Pompanin_1.pert_.mp3\">https:\/\/www.radiopiu.net\/wordpress\/wp-content\/uploads\/2024\/05\/32.NCONTONSE_Irene-Pompanin_1.pert_.mp3<\/a><\/audio>\n<p><strong>PUNTATA 57 IRENE POMPANIN seconda parte<\/strong><\/p>\n<audio class=\"wp-audio-shortcode\" id=\"audio-334513-77\" preload=\"none\" style=\"width: 100%;\" controls=\"controls\"><source type=\"audio\/mpeg\" src=\"https:\/\/www.radiopiu.net\/wordpress\/wp-content\/uploads\/2024\/05\/32.NCONTONSE_Irene-Pompanin_2.pert_.mp3?_=77\" \/><a href=\"https:\/\/www.radiopiu.net\/wordpress\/wp-content\/uploads\/2024\/05\/32.NCONTONSE_Irene-Pompanin_2.pert_.mp3\">https:\/\/www.radiopiu.net\/wordpress\/wp-content\/uploads\/2024\/05\/32.NCONTONSE_Irene-Pompanin_2.pert_.mp3<\/a><\/audio>\n<p>&nbsp;<\/p>\n<hr \/>\n<p><strong>\u00a0<\/strong><\/p>\n<p><strong>PUNTATA 58 MANUEL FOPPA prima parte<\/strong><\/p>\n<audio class=\"wp-audio-shortcode\" id=\"audio-334513-78\" preload=\"none\" style=\"width: 100%;\" controls=\"controls\"><source type=\"audio\/mpeg\" src=\"https:\/\/www.radiopiu.net\/wordpress\/wp-content\/uploads\/2024\/08\/33.NCONTONSE_Manuel-Foppa_1.pert_.mp3?_=78\" \/><a href=\"https:\/\/www.radiopiu.net\/wordpress\/wp-content\/uploads\/2024\/08\/33.NCONTONSE_Manuel-Foppa_1.pert_.mp3\">https:\/\/www.radiopiu.net\/wordpress\/wp-content\/uploads\/2024\/08\/33.NCONTONSE_Manuel-Foppa_1.pert_.mp3<\/a><\/audio>\n<p><strong>PUNTATA 58 MANUELA FOPPA seconda parte<\/strong><\/p>\n<audio class=\"wp-audio-shortcode\" id=\"audio-334513-79\" preload=\"none\" style=\"width: 100%;\" controls=\"controls\"><source type=\"audio\/mpeg\" src=\"https:\/\/www.radiopiu.net\/wordpress\/wp-content\/uploads\/2024\/08\/33.NCONTONSE_Manuel-Foppa_2.pert_.mp3?_=79\" \/><a href=\"https:\/\/www.radiopiu.net\/wordpress\/wp-content\/uploads\/2024\/08\/33.NCONTONSE_Manuel-Foppa_2.pert_.mp3\">https:\/\/www.radiopiu.net\/wordpress\/wp-content\/uploads\/2024\/08\/33.NCONTONSE_Manuel-Foppa_2.pert_.mp3<\/a><\/audio>\n<p>&nbsp;<\/p>\n<hr \/>\n<p><strong>PUNTA&#8212;-TA 59 RUGGERO VALLAZZA prima parte<\/strong><\/p>\n<audio class=\"wp-audio-shortcode\" id=\"audio-334513-80\" preload=\"none\" style=\"width: 100%;\" controls=\"controls\"><source type=\"audio\/mpeg\" src=\"https:\/\/www.radiopiu.net\/wordpress\/wp-content\/uploads\/2024\/08\/34.NCONTONSE_Ruggero-Vallazza_1.pert_.mp3?_=80\" \/><a href=\"https:\/\/www.radiopiu.net\/wordpress\/wp-content\/uploads\/2024\/08\/34.NCONTONSE_Ruggero-Vallazza_1.pert_.mp3\">https:\/\/www.radiopiu.net\/wordpress\/wp-content\/uploads\/2024\/08\/34.NCONTONSE_Ruggero-Vallazza_1.pert_.mp3<\/a><\/audio>\n<p><strong>PUNTATA 59 RUGGERO VALLAZZA seconda parte<\/strong><\/p>\n<audio class=\"wp-audio-shortcode\" id=\"audio-334513-81\" preload=\"none\" style=\"width: 100%;\" controls=\"controls\"><source type=\"audio\/mpeg\" src=\"https:\/\/www.radiopiu.net\/wordpress\/wp-content\/uploads\/2024\/08\/34.NCONTONSE_Ruggero-Vallazza_2.pert_.mp3?_=81\" \/><a href=\"https:\/\/www.radiopiu.net\/wordpress\/wp-content\/uploads\/2024\/08\/34.NCONTONSE_Ruggero-Vallazza_2.pert_.mp3\">https:\/\/www.radiopiu.net\/wordpress\/wp-content\/uploads\/2024\/08\/34.NCONTONSE_Ruggero-Vallazza_2.pert_.mp3<\/a><\/audio>\n<p><strong>\u00a0<\/strong><\/p>\n<hr \/>\n<p><strong>PUNTATA 60 MANUEL COSTANTINI prima parte<\/strong><\/p>\n<audio class=\"wp-audio-shortcode\" id=\"audio-334513-82\" preload=\"none\" style=\"width: 100%;\" controls=\"controls\"><source type=\"audio\/mpeg\" src=\"https:\/\/www.radiopiu.net\/wordpress\/wp-content\/uploads\/2024\/09\/35.NCONTONSE_Manuel-Constantini_1.pert_.mp3?_=82\" \/><a href=\"https:\/\/www.radiopiu.net\/wordpress\/wp-content\/uploads\/2024\/09\/35.NCONTONSE_Manuel-Constantini_1.pert_.mp3\">https:\/\/www.radiopiu.net\/wordpress\/wp-content\/uploads\/2024\/09\/35.NCONTONSE_Manuel-Constantini_1.pert_.mp3<\/a><\/audio>\n<p><strong>PUNTATA 61 PUNTATA 60 MANUEL COSTANTINIMANUEL COSTANTINI seconda parte<\/strong><\/p>\n<audio class=\"wp-audio-shortcode\" id=\"audio-334513-83\" preload=\"none\" style=\"width: 100%;\" controls=\"controls\"><source type=\"audio\/mpeg\" src=\"https:\/\/www.radiopiu.net\/wordpress\/wp-content\/uploads\/2024\/09\/35.NCONTONSE_Manuel-Constantini-2.parte_.mp3?_=83\" \/><a href=\"https:\/\/www.radiopiu.net\/wordpress\/wp-content\/uploads\/2024\/09\/35.NCONTONSE_Manuel-Constantini-2.parte_.mp3\">https:\/\/www.radiopiu.net\/wordpress\/wp-content\/uploads\/2024\/09\/35.NCONTONSE_Manuel-Constantini-2.parte_.mp3<\/a><\/audio>\n<p><strong>\u00a0<\/strong><\/p>\n<hr \/>\n<p><strong>PUNTATA 62 CARLO COSTA prima parte<\/strong><\/p>\n<audio class=\"wp-audio-shortcode\" id=\"audio-334513-84\" preload=\"none\" style=\"width: 100%;\" controls=\"controls\"><source type=\"audio\/mpeg\" src=\"https:\/\/www.radiopiu.net\/wordpress\/wp-content\/uploads\/2024\/09\/36.NCONTONSE_Carlo-Costa_1.pert_.mp3?_=84\" \/><a href=\"https:\/\/www.radiopiu.net\/wordpress\/wp-content\/uploads\/2024\/09\/36.NCONTONSE_Carlo-Costa_1.pert_.mp3\">https:\/\/www.radiopiu.net\/wordpress\/wp-content\/uploads\/2024\/09\/36.NCONTONSE_Carlo-Costa_1.pert_.mp3<\/a><\/audio>\n<p><strong>PUNTATA 63 CARLO COSTA seconda parte<\/strong><\/p>\n<audio class=\"wp-audio-shortcode\" id=\"audio-334513-85\" preload=\"none\" style=\"width: 100%;\" controls=\"controls\"><source type=\"audio\/mpeg\" src=\"https:\/\/www.radiopiu.net\/wordpress\/wp-content\/uploads\/2024\/09\/36.NCONTONSE_Carlo-Costa_2.pert_radiopiu.mp3?_=85\" \/><a href=\"https:\/\/www.radiopiu.net\/wordpress\/wp-content\/uploads\/2024\/09\/36.NCONTONSE_Carlo-Costa_2.pert_radiopiu.mp3\">https:\/\/www.radiopiu.net\/wordpress\/wp-content\/uploads\/2024\/09\/36.NCONTONSE_Carlo-Costa_2.pert_radiopiu.mp3<\/a><\/audio>\n<p><strong>\u00a0<\/strong><\/p>\n<hr \/>\n<p><strong>PUNTATA 64 CATERINA TROI prima parte<\/strong><\/p>\n<audio class=\"wp-audio-shortcode\" id=\"audio-334513-86\" preload=\"none\" style=\"width: 100%;\" controls=\"controls\"><source type=\"audio\/mpeg\" src=\"https:\/\/www.radiopiu.net\/wordpress\/wp-content\/uploads\/2024\/09\/37.NCONTONSE_Caterina-Troi_1.pert_.mp3?_=86\" \/><a href=\"https:\/\/www.radiopiu.net\/wordpress\/wp-content\/uploads\/2024\/09\/37.NCONTONSE_Caterina-Troi_1.pert_.mp3\">https:\/\/www.radiopiu.net\/wordpress\/wp-content\/uploads\/2024\/09\/37.NCONTONSE_Caterina-Troi_1.pert_.mp3<\/a><\/audio>\n<p><strong>PUNTATA 65 CATERINA TROI seconda parte<\/strong><\/p>\n<audio class=\"wp-audio-shortcode\" id=\"audio-334513-87\" preload=\"none\" style=\"width: 100%;\" controls=\"controls\"><source type=\"audio\/mpeg\" src=\"https:\/\/www.radiopiu.net\/wordpress\/wp-content\/uploads\/2024\/09\/37.NCONTONSE_Caterina-Troi_2.pert_.mp3?_=87\" \/><a href=\"https:\/\/www.radiopiu.net\/wordpress\/wp-content\/uploads\/2024\/09\/37.NCONTONSE_Caterina-Troi_2.pert_.mp3\">https:\/\/www.radiopiu.net\/wordpress\/wp-content\/uploads\/2024\/09\/37.NCONTONSE_Caterina-Troi_2.pert_.mp3<\/a><\/audio>\n<p>&nbsp;<\/p>\n<hr \/>\n<p><strong>PUNTATA 66 MARCO DIBONA prima parte<\/strong><\/p>\n<audio class=\"wp-audio-shortcode\" id=\"audio-334513-88\" preload=\"none\" style=\"width: 100%;\" controls=\"controls\"><source type=\"audio\/mpeg\" src=\"https:\/\/www.radiopiu.net\/wordpress\/wp-content\/uploads\/2024\/09\/38.NCONTONSE_Marco-Dibona_1.pert_.mp3?_=88\" \/><a href=\"https:\/\/www.radiopiu.net\/wordpress\/wp-content\/uploads\/2024\/09\/38.NCONTONSE_Marco-Dibona_1.pert_.mp3\">https:\/\/www.radiopiu.net\/wordpress\/wp-content\/uploads\/2024\/09\/38.NCONTONSE_Marco-Dibona_1.pert_.mp3<\/a><\/audio>\n<p><strong>PUNTATA 67\u00a0 MARCO DIBONA seconda parte<\/strong><\/p>\n<audio class=\"wp-audio-shortcode\" id=\"audio-334513-89\" preload=\"none\" style=\"width: 100%;\" controls=\"controls\"><source type=\"audio\/mpeg\" src=\"https:\/\/www.radiopiu.net\/wordpress\/wp-content\/uploads\/2024\/09\/38.NCONTONSE_Marco-Dibona_2.pert_.mp3?_=89\" \/><a href=\"https:\/\/www.radiopiu.net\/wordpress\/wp-content\/uploads\/2024\/09\/38.NCONTONSE_Marco-Dibona_2.pert_.mp3\">https:\/\/www.radiopiu.net\/wordpress\/wp-content\/uploads\/2024\/09\/38.NCONTONSE_Marco-Dibona_2.pert_.mp3<\/a><\/audio>\n<p>&nbsp;<\/p>\n<hr \/>\n<p><strong>PUNTATA 68 MIRKO CREPAZ prima parte<\/strong><\/p>\n<audio class=\"wp-audio-shortcode\" id=\"audio-334513-90\" preload=\"none\" style=\"width: 100%;\" controls=\"controls\"><source type=\"audio\/mpeg\" src=\"https:\/\/www.radiopiu.net\/wordpress\/wp-content\/uploads\/2024\/09\/39.NCONTONSE_Mirko-Crepaz_1.pert_.mp3?_=90\" \/><a href=\"https:\/\/www.radiopiu.net\/wordpress\/wp-content\/uploads\/2024\/09\/39.NCONTONSE_Mirko-Crepaz_1.pert_.mp3\">https:\/\/www.radiopiu.net\/wordpress\/wp-content\/uploads\/2024\/09\/39.NCONTONSE_Mirko-Crepaz_1.pert_.mp3<\/a><\/audio>\n<p><strong>PUNTATA 68 MIRKO CREPAZ seconda parte<\/strong><\/p>\n<audio class=\"wp-audio-shortcode\" id=\"audio-334513-91\" preload=\"none\" style=\"width: 100%;\" controls=\"controls\"><source type=\"audio\/mpeg\" src=\"https:\/\/www.radiopiu.net\/wordpress\/wp-content\/uploads\/2024\/09\/39.NCONTONSE_Mirko-Crepaz_2.pert_.mp3?_=91\" \/><a href=\"https:\/\/www.radiopiu.net\/wordpress\/wp-content\/uploads\/2024\/09\/39.NCONTONSE_Mirko-Crepaz_2.pert_.mp3\">https:\/\/www.radiopiu.net\/wordpress\/wp-content\/uploads\/2024\/09\/39.NCONTONSE_Mirko-Crepaz_2.pert_.mp3<\/a><\/audio>\n<p><strong>\u00a0<\/strong><\/p>\n<hr \/>\n<p><strong>\u00a0<\/strong><\/p>\n<p><strong>PUNTATA 70 ELENA HUBER prima parte<\/strong><\/p>\n<audio class=\"wp-audio-shortcode\" id=\"audio-334513-92\" preload=\"none\" style=\"width: 100%;\" controls=\"controls\"><source type=\"audio\/mpeg\" src=\"https:\/\/www.radiopiu.net\/wordpress\/wp-content\/uploads\/2024\/09\/40.NCONTONSE_Elena-Huber_1.pert_.mp3?_=92\" \/><a href=\"https:\/\/www.radiopiu.net\/wordpress\/wp-content\/uploads\/2024\/09\/40.NCONTONSE_Elena-Huber_1.pert_.mp3\">https:\/\/www.radiopiu.net\/wordpress\/wp-content\/uploads\/2024\/09\/40.NCONTONSE_Elena-Huber_1.pert_.mp3<\/a><\/audio>\n<p><strong>PUNTATA 71\u00a0 ELENA HUBER seconda\u00a0 parte<\/strong><\/p>\n<audio class=\"wp-audio-shortcode\" id=\"audio-334513-93\" preload=\"none\" style=\"width: 100%;\" controls=\"controls\"><source type=\"audio\/mpeg\" src=\"https:\/\/www.radiopiu.net\/wordpress\/wp-content\/uploads\/2024\/12\/40.NCONTONSE_Elena-Huber_2.pert_.mp3?_=93\" \/><a href=\"https:\/\/www.radiopiu.net\/wordpress\/wp-content\/uploads\/2024\/12\/40.NCONTONSE_Elena-Huber_2.pert_.mp3\">https:\/\/www.radiopiu.net\/wordpress\/wp-content\/uploads\/2024\/12\/40.NCONTONSE_Elena-Huber_2.pert_.mp3<\/a><\/audio>\n<p>&nbsp;<\/p>\n<p>&nbsp;<\/p>\n<hr \/>\n<p><strong>PUNTATA 72 PAOLO MASAREI prima parte<\/strong><\/p>\n<audio class=\"wp-audio-shortcode\" id=\"audio-334513-94\" preload=\"none\" style=\"width: 100%;\" controls=\"controls\"><source type=\"audio\/mpeg\" src=\"https:\/\/www.radiopiu.net\/wordpress\/wp-content\/uploads\/2024\/12\/41.NCONTONSE_Paolo-Masarei_1.pert_.mp3?_=94\" \/><a href=\"https:\/\/www.radiopiu.net\/wordpress\/wp-content\/uploads\/2024\/12\/41.NCONTONSE_Paolo-Masarei_1.pert_.mp3\">https:\/\/www.radiopiu.net\/wordpress\/wp-content\/uploads\/2024\/12\/41.NCONTONSE_Paolo-Masarei_1.pert_.mp3<\/a><\/audio>\n<p><strong>PUNTATA 73 PAOLO MASAREI seconda parte<\/strong><\/p>\n<audio class=\"wp-audio-shortcode\" id=\"audio-334513-95\" preload=\"none\" style=\"width: 100%;\" controls=\"controls\"><source type=\"audio\/mpeg\" src=\"https:\/\/www.radiopiu.net\/wordpress\/wp-content\/uploads\/2024\/12\/41.NCONTONSE_Paolo-Masarei_2.pert_.mp3?_=95\" \/><a href=\"https:\/\/www.radiopiu.net\/wordpress\/wp-content\/uploads\/2024\/12\/41.NCONTONSE_Paolo-Masarei_2.pert_.mp3\">https:\/\/www.radiopiu.net\/wordpress\/wp-content\/uploads\/2024\/12\/41.NCONTONSE_Paolo-Masarei_2.pert_.mp3<\/a><\/audio>\n<p>&nbsp;<\/p>\n<hr \/>\n<p>&nbsp;<\/p>\n<p><strong>PUNTATA 74 JARNO ALVERA&#8217; GRA\u00e9R prima parte<\/strong><\/p>\n<audio class=\"wp-audio-shortcode\" id=\"audio-334513-96\" preload=\"none\" style=\"width: 100%;\" controls=\"controls\"><source type=\"audio\/mpeg\" src=\"https:\/\/www.radiopiu.net\/wordpress\/wp-content\/uploads\/2024\/12\/42.NCONTONSE_Jarno-Alvera-Graer_1.pert_.mp3?_=96\" \/><a href=\"https:\/\/www.radiopiu.net\/wordpress\/wp-content\/uploads\/2024\/12\/42.NCONTONSE_Jarno-Alvera-Graer_1.pert_.mp3\">https:\/\/www.radiopiu.net\/wordpress\/wp-content\/uploads\/2024\/12\/42.NCONTONSE_Jarno-Alvera-Graer_1.pert_.mp3<\/a><\/audio>\n<p>&nbsp;<\/p>\n<p><strong>PUNTATA 74 JARNO ALVERA&#8217; GRA\u00e9R seconda parte<br \/>\n<\/strong><\/p>\n<audio class=\"wp-audio-shortcode\" id=\"audio-334513-97\" preload=\"none\" style=\"width: 100%;\" controls=\"controls\"><source type=\"audio\/mpeg\" src=\"https:\/\/www.radiopiu.net\/wordpress\/wp-content\/uploads\/2025\/01\/42.NCONTONSE_Jarno-Alvera-Graer_2.pert_.mp3?_=97\" \/><a href=\"https:\/\/www.radiopiu.net\/wordpress\/wp-content\/uploads\/2025\/01\/42.NCONTONSE_Jarno-Alvera-Graer_2.pert_.mp3\">https:\/\/www.radiopiu.net\/wordpress\/wp-content\/uploads\/2025\/01\/42.NCONTONSE_Jarno-Alvera-Graer_2.pert_.mp3<\/a><\/audio>\n<p><strong>\u00a0<\/strong><\/p>\n<hr \/>\n<p><strong>\u00a0<\/strong><br \/>\n<strong>PUNTATA 75 NANI PELLEGRINI prima parte<\/strong><\/p>\n<audio class=\"wp-audio-shortcode\" id=\"audio-334513-98\" preload=\"none\" style=\"width: 100%;\" controls=\"controls\"><source type=\"audio\/mpeg\" src=\"https:\/\/www.radiopiu.net\/wordpress\/wp-content\/uploads\/2025\/01\/43.NCONTONSE_Nani-Pellegrini_1.pert_.mp3?_=98\" \/><a href=\"https:\/\/www.radiopiu.net\/wordpress\/wp-content\/uploads\/2025\/01\/43.NCONTONSE_Nani-Pellegrini_1.pert_.mp3\">https:\/\/www.radiopiu.net\/wordpress\/wp-content\/uploads\/2025\/01\/43.NCONTONSE_Nani-Pellegrini_1.pert_.mp3<\/a><\/audio>\n<p><strong>PUNTATA 75 NANI PELLEGRINI seconda parte<\/strong><\/p>\n<audio class=\"wp-audio-shortcode\" id=\"audio-334513-99\" preload=\"none\" style=\"width: 100%;\" controls=\"controls\"><source type=\"audio\/mpeg\" src=\"https:\/\/www.radiopiu.net\/wordpress\/wp-content\/uploads\/2025\/01\/23.NCONTONSE_Nani-Pellegrini_2.pert_.mp3?_=99\" \/><a href=\"https:\/\/www.radiopiu.net\/wordpress\/wp-content\/uploads\/2025\/01\/23.NCONTONSE_Nani-Pellegrini_2.pert_.mp3\">https:\/\/www.radiopiu.net\/wordpress\/wp-content\/uploads\/2025\/01\/23.NCONTONSE_Nani-Pellegrini_2.pert_.mp3<\/a><\/audio>\n<p>&nbsp;<\/p>\n<hr \/>\n<p>&nbsp;<\/p>\n<p><strong>PUNTATA 76 PAOLA AGOSTINI prima parte<\/strong><\/p>\n<audio class=\"wp-audio-shortcode\" id=\"audio-334513-100\" preload=\"none\" style=\"width: 100%;\" controls=\"controls\"><source type=\"audio\/mpeg\" src=\"https:\/\/www.radiopiu.net\/wordpress\/wp-content\/uploads\/2025\/02\/44.NCONTONSE_Paola-Agostini_1.pert_.mp3?_=100\" \/><a href=\"https:\/\/www.radiopiu.net\/wordpress\/wp-content\/uploads\/2025\/02\/44.NCONTONSE_Paola-Agostini_1.pert_.mp3\">https:\/\/www.radiopiu.net\/wordpress\/wp-content\/uploads\/2025\/02\/44.NCONTONSE_Paola-Agostini_1.pert_.mp3<\/a><\/audio>\n<p><strong>PUNTATA 77 PAOLA AGOSTINI seconda parte<\/strong><\/p>\n<audio class=\"wp-audio-shortcode\" id=\"audio-334513-101\" preload=\"none\" style=\"width: 100%;\" controls=\"controls\"><source type=\"audio\/mpeg\" src=\"https:\/\/www.radiopiu.net\/wordpress\/wp-content\/uploads\/2025\/02\/44.NCONTONSE_Paola-Agostini_2.pert-2.mp3?_=101\" \/><a href=\"https:\/\/www.radiopiu.net\/wordpress\/wp-content\/uploads\/2025\/02\/44.NCONTONSE_Paola-Agostini_2.pert-2.mp3\">https:\/\/www.radiopiu.net\/wordpress\/wp-content\/uploads\/2025\/02\/44.NCONTONSE_Paola-Agostini_2.pert-2.mp3<\/a><\/audio>\n<p>&nbsp;<\/p>\n<hr \/>\n<p>&nbsp;<\/p>\n<p><strong>PUNTATA 78 GIANLUCA SORATROI prima parte<\/strong><\/p>\n<audio class=\"wp-audio-shortcode\" id=\"audio-334513-102\" preload=\"none\" style=\"width: 100%;\" controls=\"controls\"><source type=\"audio\/mpeg\" src=\"https:\/\/www.radiopiu.net\/wordpress\/wp-content\/uploads\/2025\/02\/45.NCONTONSE_Gianluca-Soratroi_1.pert_.mp3?_=102\" \/><a href=\"https:\/\/www.radiopiu.net\/wordpress\/wp-content\/uploads\/2025\/02\/45.NCONTONSE_Gianluca-Soratroi_1.pert_.mp3\">https:\/\/www.radiopiu.net\/wordpress\/wp-content\/uploads\/2025\/02\/45.NCONTONSE_Gianluca-Soratroi_1.pert_.mp3<\/a><\/audio>\n<p><strong>PUNTATA 79 GIANLUCA SORATROI seconda parte<\/strong><\/p>\n<audio class=\"wp-audio-shortcode\" id=\"audio-334513-103\" preload=\"none\" style=\"width: 100%;\" controls=\"controls\"><source type=\"audio\/mpeg\" src=\"https:\/\/www.radiopiu.net\/wordpress\/wp-content\/uploads\/2025\/02\/gianluca.mp3?_=103\" \/><a href=\"https:\/\/www.radiopiu.net\/wordpress\/wp-content\/uploads\/2025\/02\/gianluca.mp3\">https:\/\/www.radiopiu.net\/wordpress\/wp-content\/uploads\/2025\/02\/gianluca.mp3<\/a><\/audio>\n<p>&nbsp;<\/p>\n<hr \/>\n<p><strong>\u00a0<\/strong><\/p>\n<p><strong>PUNTATA 80 LUCIANA PRADETTO prima parte<\/strong><\/p>\n<audio class=\"wp-audio-shortcode\" id=\"audio-334513-104\" preload=\"none\" style=\"width: 100%;\" controls=\"controls\"><source type=\"audio\/mpeg\" src=\"https:\/\/www.radiopiu.net\/wordpress\/wp-content\/uploads\/2025\/02\/luciana-pradetto.mp3?_=104\" \/><a href=\"https:\/\/www.radiopiu.net\/wordpress\/wp-content\/uploads\/2025\/02\/luciana-pradetto.mp3\">https:\/\/www.radiopiu.net\/wordpress\/wp-content\/uploads\/2025\/02\/luciana-pradetto.mp3<\/a><\/audio>\n<p><strong>PUNTATA 81 LUCIANA PRADETTO<\/strong> <strong>seconda parte<\/strong><\/p>\n<audio class=\"wp-audio-shortcode\" id=\"audio-334513-105\" preload=\"none\" style=\"width: 100%;\" controls=\"controls\"><source type=\"audio\/mpeg\" src=\"https:\/\/www.radiopiu.net\/wordpress\/wp-content\/uploads\/2025\/03\/46.NCONTONSE_Luciana-Pradetto_2.pert_-1.mp3?_=105\" \/><a href=\"https:\/\/www.radiopiu.net\/wordpress\/wp-content\/uploads\/2025\/03\/46.NCONTONSE_Luciana-Pradetto_2.pert_-1.mp3\">https:\/\/www.radiopiu.net\/wordpress\/wp-content\/uploads\/2025\/03\/46.NCONTONSE_Luciana-Pradetto_2.pert_-1.mp3<\/a><\/audio>\n<p>&nbsp;<\/p>\n<hr \/>\n<p>&nbsp;<\/p>\n<p><strong>PUNTATA 82 ANNA OBJES prima parte<\/strong><\/p>\n<audio class=\"wp-audio-shortcode\" id=\"audio-334513-106\" preload=\"none\" style=\"width: 100%;\" controls=\"controls\"><source type=\"audio\/mpeg\" src=\"https:\/\/www.radiopiu.net\/wordpress\/wp-content\/uploads\/2025\/03\/47.NCONTONSE_Anna-Obojes_1.pert_.mp3?_=106\" \/><a href=\"https:\/\/www.radiopiu.net\/wordpress\/wp-content\/uploads\/2025\/03\/47.NCONTONSE_Anna-Obojes_1.pert_.mp3\">https:\/\/www.radiopiu.net\/wordpress\/wp-content\/uploads\/2025\/03\/47.NCONTONSE_Anna-Obojes_1.pert_.mp3<\/a><\/audio>\n<p>&nbsp;<\/p>\n<p><strong>PUNTATA 83 ANNA OBJES seconda parte<br \/>\n<\/strong><\/p>\n<audio class=\"wp-audio-shortcode\" id=\"audio-334513-107\" preload=\"none\" style=\"width: 100%;\" controls=\"controls\"><source type=\"audio\/mpeg\" src=\"https:\/\/www.radiopiu.net\/wordpress\/wp-content\/uploads\/2025\/03\/47.NCONTONSE_Anna-Obojes_2.pert_.mp3?_=107\" \/><a href=\"https:\/\/www.radiopiu.net\/wordpress\/wp-content\/uploads\/2025\/03\/47.NCONTONSE_Anna-Obojes_2.pert_.mp3\">https:\/\/www.radiopiu.net\/wordpress\/wp-content\/uploads\/2025\/03\/47.NCONTONSE_Anna-Obojes_2.pert_.mp3<\/a><\/audio>\n<p>&nbsp;<\/p>\n<hr \/>\n<p><strong><br \/>\nPUNTATA 84 LEONARD POMPANIN prima parte<\/strong><\/p>\n<audio class=\"wp-audio-shortcode\" id=\"audio-334513-108\" preload=\"none\" style=\"width: 100%;\" controls=\"controls\"><source type=\"audio\/mpeg\" src=\"https:\/\/www.radiopiu.net\/wordpress\/wp-content\/uploads\/2025\/04\/48.NCONTONSE_Leonardo-Pompanin-Marco_1.pert_.mp3?_=108\" \/><a href=\"https:\/\/www.radiopiu.net\/wordpress\/wp-content\/uploads\/2025\/04\/48.NCONTONSE_Leonardo-Pompanin-Marco_1.pert_.mp3\">https:\/\/www.radiopiu.net\/wordpress\/wp-content\/uploads\/2025\/04\/48.NCONTONSE_Leonardo-Pompanin-Marco_1.pert_.mp3<\/a><\/audio>\n<p><strong>PUNTATA 85 LEONARD POMPANIN seconda parte<\/strong><\/p>\n<audio class=\"wp-audio-shortcode\" id=\"audio-334513-109\" preload=\"none\" style=\"width: 100%;\" controls=\"controls\"><source type=\"audio\/mpeg\" src=\"https:\/\/www.radiopiu.net\/wordpress\/wp-content\/uploads\/2025\/04\/48.NCONTONSE_Leonardo-Pompanin-Marco_2.pert_.mp3?_=109\" \/><a href=\"https:\/\/www.radiopiu.net\/wordpress\/wp-content\/uploads\/2025\/04\/48.NCONTONSE_Leonardo-Pompanin-Marco_2.pert_.mp3\">https:\/\/www.radiopiu.net\/wordpress\/wp-content\/uploads\/2025\/04\/48.NCONTONSE_Leonardo-Pompanin-Marco_2.pert_.mp3<\/a><\/audio>\n<p><strong>\u00a0<\/strong><\/p>\n<hr \/>\n<p><strong>\u00a0<\/strong><strong>\u00a0<\/strong><\/p>\n<p><strong>PUNTATA 86 ANDREA PEZZEI prima parte<\/strong><\/p>\n<audio class=\"wp-audio-shortcode\" id=\"audio-334513-110\" preload=\"none\" style=\"width: 100%;\" controls=\"controls\"><source type=\"audio\/mpeg\" src=\"https:\/\/www.radiopiu.net\/wordpress\/wp-content\/uploads\/2025\/04\/49.NCONTONSE_Andrea-Pezzei_1.pert_.mp3?_=110\" \/><a href=\"https:\/\/www.radiopiu.net\/wordpress\/wp-content\/uploads\/2025\/04\/49.NCONTONSE_Andrea-Pezzei_1.pert_.mp3\">https:\/\/www.radiopiu.net\/wordpress\/wp-content\/uploads\/2025\/04\/49.NCONTONSE_Andrea-Pezzei_1.pert_.mp3<\/a><\/audio>\n<p><strong>PUNTATA 87 ANDREA PEZZEI seconda parte<\/strong><\/p>\n<audio class=\"wp-audio-shortcode\" id=\"audio-334513-111\" preload=\"none\" style=\"width: 100%;\" controls=\"controls\"><source type=\"audio\/mpeg\" src=\"https:\/\/www.radiopiu.net\/wordpress\/wp-content\/uploads\/2025\/04\/49.NCONTONSE_Andrea-Pezzei_2.pert_-1.mp3?_=111\" \/><a href=\"https:\/\/www.radiopiu.net\/wordpress\/wp-content\/uploads\/2025\/04\/49.NCONTONSE_Andrea-Pezzei_2.pert_-1.mp3\">https:\/\/www.radiopiu.net\/wordpress\/wp-content\/uploads\/2025\/04\/49.NCONTONSE_Andrea-Pezzei_2.pert_-1.mp3<\/a><\/audio>\n<p>&nbsp;<\/p>\n<hr \/>\n<p><strong>PUNTATA 88 ALBERTO COLLESELLI prima parte<\/strong><\/p>\n<audio class=\"wp-audio-shortcode\" id=\"audio-334513-112\" preload=\"none\" style=\"width: 100%;\" controls=\"controls\"><source type=\"audio\/mpeg\" src=\"https:\/\/www.radiopiu.net\/wordpress\/wp-content\/uploads\/2025\/04\/50.NCONTONSE_Alberto-Colleselli_1.pert_.mp3?_=112\" \/><a href=\"https:\/\/www.radiopiu.net\/wordpress\/wp-content\/uploads\/2025\/04\/50.NCONTONSE_Alberto-Colleselli_1.pert_.mp3\">https:\/\/www.radiopiu.net\/wordpress\/wp-content\/uploads\/2025\/04\/50.NCONTONSE_Alberto-Colleselli_1.pert_.mp3<\/a><\/audio>\n<p><strong>PUNTATA 89 ALBERTO COLLESELLI seconda parte<\/strong><\/p>\n<audio class=\"wp-audio-shortcode\" id=\"audio-334513-113\" preload=\"none\" style=\"width: 100%;\" controls=\"controls\"><source type=\"audio\/mpeg\" src=\"https:\/\/www.radiopiu.net\/wordpress\/wp-content\/uploads\/2025\/04\/50.NCONTONSE_Alberto-Colleselli_2.pert_.mp3?_=113\" \/><a href=\"https:\/\/www.radiopiu.net\/wordpress\/wp-content\/uploads\/2025\/04\/50.NCONTONSE_Alberto-Colleselli_2.pert_.mp3\">https:\/\/www.radiopiu.net\/wordpress\/wp-content\/uploads\/2025\/04\/50.NCONTONSE_Alberto-Colleselli_2.pert_.mp3<\/a><\/audio>\n<p>&nbsp;<\/p>\n<hr \/>\n<p>&nbsp;<\/p>\n<p><strong>PUNTATA 90 CLAUDIA DENICOLO&#8217; prima parte<\/strong><\/p>\n<audio class=\"wp-audio-shortcode\" id=\"audio-334513-114\" preload=\"none\" style=\"width: 100%;\" controls=\"controls\"><source type=\"audio\/mpeg\" src=\"https:\/\/www.radiopiu.net\/wordpress\/wp-content\/uploads\/2025\/04\/51.NCONTONSE_Claudia-Denicolo_1.pert_.mp3?_=114\" \/><a href=\"https:\/\/www.radiopiu.net\/wordpress\/wp-content\/uploads\/2025\/04\/51.NCONTONSE_Claudia-Denicolo_1.pert_.mp3\">https:\/\/www.radiopiu.net\/wordpress\/wp-content\/uploads\/2025\/04\/51.NCONTONSE_Claudia-Denicolo_1.pert_.mp3<\/a><\/audio>\n<p><strong>PUNTATA 91 DENICOLO&#8217; seconda parte<\/strong><\/p>\n<audio class=\"wp-audio-shortcode\" id=\"audio-334513-115\" preload=\"none\" style=\"width: 100%;\" controls=\"controls\"><source type=\"audio\/mpeg\" src=\"https:\/\/www.radiopiu.net\/wordpress\/wp-content\/uploads\/2025\/04\/51.NCONTONSE_Claudia-Denicolo_2.pert_.mp3?_=115\" \/><a href=\"https:\/\/www.radiopiu.net\/wordpress\/wp-content\/uploads\/2025\/04\/51.NCONTONSE_Claudia-Denicolo_2.pert_.mp3\">https:\/\/www.radiopiu.net\/wordpress\/wp-content\/uploads\/2025\/04\/51.NCONTONSE_Claudia-Denicolo_2.pert_.mp3<\/a><\/audio>\n<p>&nbsp;<\/p>\n<hr \/>\n<p><strong>PUNTATA 92 ROSETTA LORENZI prima parte<\/strong><\/p>\n<audio class=\"wp-audio-shortcode\" id=\"audio-334513-116\" preload=\"none\" style=\"width: 100%;\" controls=\"controls\"><source type=\"audio\/mpeg\" src=\"https:\/\/www.radiopiu.net\/wordpress\/wp-content\/uploads\/2025\/04\/52.NCONTONSE_Rosetta-Lorenzi-Chenopo_1.pert_.mp3?_=116\" \/><a href=\"https:\/\/www.radiopiu.net\/wordpress\/wp-content\/uploads\/2025\/04\/52.NCONTONSE_Rosetta-Lorenzi-Chenopo_1.pert_.mp3\">https:\/\/www.radiopiu.net\/wordpress\/wp-content\/uploads\/2025\/04\/52.NCONTONSE_Rosetta-Lorenzi-Chenopo_1.pert_.mp3<\/a><\/audio>\n<p><strong>PUNTATA 93 ROSETTA LORENZI seconda parte<\/strong><\/p>\n<audio class=\"wp-audio-shortcode\" id=\"audio-334513-117\" preload=\"none\" style=\"width: 100%;\" controls=\"controls\"><source type=\"audio\/mpeg\" src=\"https:\/\/www.radiopiu.net\/wordpress\/wp-content\/uploads\/2025\/04\/52.NCONTONSE_Rosetta-Lorenzi-Chenopo_2.pert_.mp3?_=117\" \/><a href=\"https:\/\/www.radiopiu.net\/wordpress\/wp-content\/uploads\/2025\/04\/52.NCONTONSE_Rosetta-Lorenzi-Chenopo_2.pert_.mp3\">https:\/\/www.radiopiu.net\/wordpress\/wp-content\/uploads\/2025\/04\/52.NCONTONSE_Rosetta-Lorenzi-Chenopo_2.pert_.mp3<\/a><\/audio>\n<p>&nbsp;<\/p>\n<hr \/>\n<p><strong>PUNTATA 94 SOPHIA TROI prima parte<\/strong><\/p>\n<audio class=\"wp-audio-shortcode\" id=\"audio-334513-118\" preload=\"none\" style=\"width: 100%;\" controls=\"controls\"><source type=\"audio\/mpeg\" src=\"https:\/\/www.radiopiu.net\/wordpress\/wp-content\/uploads\/2025\/04\/53.NCONTONSE_Sophia-Troi_1.pert_.mp3?_=118\" \/><a href=\"https:\/\/www.radiopiu.net\/wordpress\/wp-content\/uploads\/2025\/04\/53.NCONTONSE_Sophia-Troi_1.pert_.mp3\">https:\/\/www.radiopiu.net\/wordpress\/wp-content\/uploads\/2025\/04\/53.NCONTONSE_Sophia-Troi_1.pert_.mp3<\/a><\/audio>\n<p><strong>PUNTATA 95 SOPHIA TROI seconda parte<\/strong><\/p>\n<audio class=\"wp-audio-shortcode\" id=\"audio-334513-119\" preload=\"none\" style=\"width: 100%;\" controls=\"controls\"><source type=\"audio\/mpeg\" src=\"https:\/\/www.radiopiu.net\/wordpress\/wp-content\/uploads\/2025\/07\/53.NCONTONSE_Sophia-Troi_2.pert_.mp3?_=119\" \/><a href=\"https:\/\/www.radiopiu.net\/wordpress\/wp-content\/uploads\/2025\/07\/53.NCONTONSE_Sophia-Troi_2.pert_.mp3\">https:\/\/www.radiopiu.net\/wordpress\/wp-content\/uploads\/2025\/07\/53.NCONTONSE_Sophia-Troi_2.pert_.mp3<\/a><\/audio>\n<p>&nbsp;<\/p>\n<hr \/>\n<p><strong>PUNTATA 96 CHRISTIAN AZZOLINI prima parte<\/strong><\/p>\n<audio class=\"wp-audio-shortcode\" id=\"audio-334513-120\" preload=\"none\" style=\"width: 100%;\" controls=\"controls\"><source type=\"audio\/mpeg\" src=\"https:\/\/www.radiopiu.net\/wordpress\/wp-content\/uploads\/2025\/07\/54.NCONTONSE_Christian-Azzolini_1.pert_.mp3?_=120\" \/><a href=\"https:\/\/www.radiopiu.net\/wordpress\/wp-content\/uploads\/2025\/07\/54.NCONTONSE_Christian-Azzolini_1.pert_.mp3\">https:\/\/www.radiopiu.net\/wordpress\/wp-content\/uploads\/2025\/07\/54.NCONTONSE_Christian-Azzolini_1.pert_.mp3<\/a><\/audio>\n<p><strong>PUNTATA 97 CHRISTIAN AZZOLINI seconda parte<\/strong><\/p>\n<audio class=\"wp-audio-shortcode\" id=\"audio-334513-121\" preload=\"none\" style=\"width: 100%;\" controls=\"controls\"><source type=\"audio\/mpeg\" src=\"https:\/\/www.radiopiu.net\/wordpress\/wp-content\/uploads\/2025\/07\/54.NCONTONSE_Christian-Azzolini_2.pert_.mp3?_=121\" \/><a href=\"https:\/\/www.radiopiu.net\/wordpress\/wp-content\/uploads\/2025\/07\/54.NCONTONSE_Christian-Azzolini_2.pert_.mp3\">https:\/\/www.radiopiu.net\/wordpress\/wp-content\/uploads\/2025\/07\/54.NCONTONSE_Christian-Azzolini_2.pert_.mp3<\/a><\/audio>\n<p>&nbsp;<\/p>\n<hr \/>\n<p>&nbsp;<\/p>\n<p><strong>PUNTATA 98 CESARE DIPOL MOLINA prima parte<\/strong><\/p>\n<audio class=\"wp-audio-shortcode\" id=\"audio-334513-122\" preload=\"none\" style=\"width: 100%;\" controls=\"controls\"><source type=\"audio\/mpeg\" src=\"https:\/\/www.radiopiu.net\/wordpress\/wp-content\/uploads\/2025\/07\/55.NCONTONSE_Cesare-Dipol-Molina_1.pert_.mp3?_=122\" \/><a href=\"https:\/\/www.radiopiu.net\/wordpress\/wp-content\/uploads\/2025\/07\/55.NCONTONSE_Cesare-Dipol-Molina_1.pert_.mp3\">https:\/\/www.radiopiu.net\/wordpress\/wp-content\/uploads\/2025\/07\/55.NCONTONSE_Cesare-Dipol-Molina_1.pert_.mp3<\/a><\/audio>\n<p>&nbsp;<\/p>\n<p><strong>PUNTATA 99 CESARE DIPOL MOLINA seconda parte<\/strong><\/p>\n<audio class=\"wp-audio-shortcode\" id=\"audio-334513-123\" preload=\"none\" style=\"width: 100%;\" controls=\"controls\"><source type=\"audio\/mpeg\" src=\"https:\/\/www.radiopiu.net\/wordpress\/wp-content\/uploads\/2025\/07\/55.NCONTONSE_Cesare-Dipol-Molina_2.pert_.mp3?_=123\" \/><a href=\"https:\/\/www.radiopiu.net\/wordpress\/wp-content\/uploads\/2025\/07\/55.NCONTONSE_Cesare-Dipol-Molina_2.pert_.mp3\">https:\/\/www.radiopiu.net\/wordpress\/wp-content\/uploads\/2025\/07\/55.NCONTONSE_Cesare-Dipol-Molina_2.pert_.mp3<\/a><\/audio>\n<p>&nbsp;<\/p>\n<hr \/>\n<p>&nbsp;<\/p>\n<p><strong>PUNTATA 100 FLORINA DETOMASO prima parte<\/strong><\/p>\n<audio class=\"wp-audio-shortcode\" id=\"audio-334513-124\" preload=\"none\" style=\"width: 100%;\" controls=\"controls\"><source type=\"audio\/mpeg\" src=\"https:\/\/www.radiopiu.net\/wordpress\/wp-content\/uploads\/2025\/07\/56.NCONTONSE_Florina-Detomaso_1.pert_.mp3?_=124\" \/><a href=\"https:\/\/www.radiopiu.net\/wordpress\/wp-content\/uploads\/2025\/07\/56.NCONTONSE_Florina-Detomaso_1.pert_.mp3\">https:\/\/www.radiopiu.net\/wordpress\/wp-content\/uploads\/2025\/07\/56.NCONTONSE_Florina-Detomaso_1.pert_.mp3<\/a><\/audio>\n<p><strong>PUNTATA 101 FLORINA DETOMASO seconda parte<\/strong><\/p>\n<audio class=\"wp-audio-shortcode\" id=\"audio-334513-125\" preload=\"none\" style=\"width: 100%;\" controls=\"controls\"><source type=\"audio\/mpeg\" src=\"https:\/\/www.radiopiu.net\/wordpress\/wp-content\/uploads\/2025\/07\/56.NCONTONSE_Florina-Detomaso_2.pert_.mp3?_=125\" \/><a href=\"https:\/\/www.radiopiu.net\/wordpress\/wp-content\/uploads\/2025\/07\/56.NCONTONSE_Florina-Detomaso_2.pert_.mp3\">https:\/\/www.radiopiu.net\/wordpress\/wp-content\/uploads\/2025\/07\/56.NCONTONSE_Florina-Detomaso_2.pert_.mp3<\/a><\/audio>\n<p>&nbsp;<\/p>\n<hr \/>\n<p><strong>PUNTATA 102 DAVIDE PALABAZZER prima parte<\/strong><\/p>\n<audio class=\"wp-audio-shortcode\" id=\"audio-334513-126\" preload=\"none\" style=\"width: 100%;\" controls=\"controls\"><source type=\"audio\/mpeg\" src=\"https:\/\/www.radiopiu.net\/wordpress\/wp-content\/uploads\/2025\/07\/57.NCONTONSE_Davide-Pallabazzer_1.pert_.mp3?_=126\" \/><a href=\"https:\/\/www.radiopiu.net\/wordpress\/wp-content\/uploads\/2025\/07\/57.NCONTONSE_Davide-Pallabazzer_1.pert_.mp3\">https:\/\/www.radiopiu.net\/wordpress\/wp-content\/uploads\/2025\/07\/57.NCONTONSE_Davide-Pallabazzer_1.pert_.mp3<\/a><\/audio>\n<p><strong>PUNTATA 103 DAVIDE PALABAZZER seconda parte<\/strong><\/p>\n<audio class=\"wp-audio-shortcode\" id=\"audio-334513-127\" preload=\"none\" style=\"width: 100%;\" controls=\"controls\"><source type=\"audio\/mpeg\" src=\"https:\/\/www.radiopiu.net\/wordpress\/wp-content\/uploads\/2025\/09\/57.NCONTONSE_Davide-Pallabazzer_2.pert_.mp3?_=127\" \/><a href=\"https:\/\/www.radiopiu.net\/wordpress\/wp-content\/uploads\/2025\/09\/57.NCONTONSE_Davide-Pallabazzer_2.pert_.mp3\">https:\/\/www.radiopiu.net\/wordpress\/wp-content\/uploads\/2025\/09\/57.NCONTONSE_Davide-Pallabazzer_2.pert_.mp3<\/a><\/audio>\n<p>&nbsp;<\/p>\n<hr \/>\n<p>&nbsp;<\/p>\n<p><strong>PUNTATA 104 NICOLA BELLODIS prima parte<\/strong><\/p>\n<audio class=\"wp-audio-shortcode\" id=\"audio-334513-128\" preload=\"none\" style=\"width: 100%;\" controls=\"controls\"><source type=\"audio\/mpeg\" src=\"https:\/\/www.radiopiu.net\/wordpress\/wp-content\/uploads\/2025\/09\/58.NCONTONSE_Nicola-Bellodis_1.pert_.mp3?_=128\" \/><a href=\"https:\/\/www.radiopiu.net\/wordpress\/wp-content\/uploads\/2025\/09\/58.NCONTONSE_Nicola-Bellodis_1.pert_.mp3\">https:\/\/www.radiopiu.net\/wordpress\/wp-content\/uploads\/2025\/09\/58.NCONTONSE_Nicola-Bellodis_1.pert_.mp3<\/a><\/audio>\n<p><strong>PUNTATA 105 NICOLA BELLODIS seconda parte<\/strong><\/p>\n<audio class=\"wp-audio-shortcode\" id=\"audio-334513-129\" preload=\"none\" style=\"width: 100%;\" controls=\"controls\"><source type=\"audio\/mpeg\" src=\"https:\/\/www.radiopiu.net\/wordpress\/wp-content\/uploads\/2025\/09\/58.NCONTONSE_Nicola-Bellodis_2.pert_.mp3?_=129\" \/><a href=\"https:\/\/www.radiopiu.net\/wordpress\/wp-content\/uploads\/2025\/09\/58.NCONTONSE_Nicola-Bellodis_2.pert_.mp3\">https:\/\/www.radiopiu.net\/wordpress\/wp-content\/uploads\/2025\/09\/58.NCONTONSE_Nicola-Bellodis_2.pert_.mp3<\/a><\/audio>\n<p>&nbsp;<\/p>\n<hr \/>\n<hr \/>\n<p>PUNTATA 106 MILLY CREPAZ INTERVISTATA DA DENNI DORIGO prima parte<\/p>\n<audio class=\"wp-audio-shortcode\" id=\"audio-334513-130\" preload=\"none\" style=\"width: 100%;\" controls=\"controls\"><source type=\"audio\/mpeg\" src=\"https:\/\/www.radiopiu.net\/wordpress\/wp-content\/uploads\/2025\/11\/59.NCONTONSE_Milly-Crepaz_1.pert_.mp3?_=130\" \/><a href=\"https:\/\/www.radiopiu.net\/wordpress\/wp-content\/uploads\/2025\/11\/59.NCONTONSE_Milly-Crepaz_1.pert_.mp3\">https:\/\/www.radiopiu.net\/wordpress\/wp-content\/uploads\/2025\/11\/59.NCONTONSE_Milly-Crepaz_1.pert_.mp3<\/a><\/audio>\n<p>PUNTATA 107 MILLY CREPAZ INTERVISTATA DA DENNI DORIGO seconda parte<\/p>\n<audio class=\"wp-audio-shortcode\" id=\"audio-334513-131\" preload=\"none\" style=\"width: 100%;\" controls=\"controls\"><source type=\"audio\/mpeg\" src=\"https:\/\/www.radiopiu.net\/wordpress\/wp-content\/uploads\/2025\/11\/59.NCONTONSE_Milly-Crepaz_2.pert_.mp3?_=131\" \/><a href=\"https:\/\/www.radiopiu.net\/wordpress\/wp-content\/uploads\/2025\/11\/59.NCONTONSE_Milly-Crepaz_2.pert_.mp3\">https:\/\/www.radiopiu.net\/wordpress\/wp-content\/uploads\/2025\/11\/59.NCONTONSE_Milly-Crepaz_2.pert_.mp3<\/a><\/audio>\n<p>&nbsp;<\/p>\n<hr \/>\n<p>&nbsp;<\/p>\n<\/div>\n<\/div>\n<\/div>\n<\/div>\n<\/form>\n<\/div>\n","protected":false},"excerpt":{"rendered":"<p>Tutto questo \u00e8 possibile grazie alla preziosa collaborazione instaurata nel tempo con l&#8217;Istitut Ladin Cesa de Jan che produrr\u00e0 i programmi, con MILLY CREPAZ REDAZIONE\u00a0 Torna uno dei programmi pi\u00f9 amati della radio locale, &#8220;ncontonse&#8221;, ovvero incontriamoci. Dopo aver utilizzato per diverse stagioni l&#8217;almanacco ladino, la trasmissione ritorna con una formula ancora pi\u00f9 personale e&hellip;<\/p>\n","protected":false},"author":4,"featured_media":480500,"comment_status":"closed","ping_status":"closed","sticky":false,"template":"","format":"standard","meta":{"_monsterinsights_skip_tracking":false,"_monsterinsights_sitenote_active":false,"_monsterinsights_sitenote_note":"","_monsterinsights_sitenote_category":0,"footnotes":""},"categories":[51,49],"tags":[],"class_list":["post-334513","post","type-post","status-publish","format-standard","has-post-thumbnail","hentry","category-evidenza-top","category-news-18","category-51","category-49","description-off"],"img_url":"https:\/\/www.radiopiu.net\/wordpress\/wp-content\/uploads\/2025\/11\/Screenshot-2025-11-14-072525.png","_links":{"self":[{"href":"https:\/\/www.radiopiu.net\/wordpress\/wp-json\/wp\/v2\/posts\/334513","targetHints":{"allow":["GET"]}}],"collection":[{"href":"https:\/\/www.radiopiu.net\/wordpress\/wp-json\/wp\/v2\/posts"}],"about":[{"href":"https:\/\/www.radiopiu.net\/wordpress\/wp-json\/wp\/v2\/types\/post"}],"author":[{"embeddable":true,"href":"https:\/\/www.radiopiu.net\/wordpress\/wp-json\/wp\/v2\/users\/4"}],"replies":[{"embeddable":true,"href":"https:\/\/www.radiopiu.net\/wordpress\/wp-json\/wp\/v2\/comments?post=334513"}],"version-history":[{"count":28,"href":"https:\/\/www.radiopiu.net\/wordpress\/wp-json\/wp\/v2\/posts\/334513\/revisions"}],"predecessor-version":[{"id":480499,"href":"https:\/\/www.radiopiu.net\/wordpress\/wp-json\/wp\/v2\/posts\/334513\/revisions\/480499"}],"wp:featuredmedia":[{"embeddable":true,"href":"https:\/\/www.radiopiu.net\/wordpress\/wp-json\/wp\/v2\/media\/480500"}],"wp:attachment":[{"href":"https:\/\/www.radiopiu.net\/wordpress\/wp-json\/wp\/v2\/media?parent=334513"}],"wp:term":[{"taxonomy":"category","embeddable":true,"href":"https:\/\/www.radiopiu.net\/wordpress\/wp-json\/wp\/v2\/categories?post=334513"},{"taxonomy":"post_tag","embeddable":true,"href":"https:\/\/www.radiopiu.net\/wordpress\/wp-json\/wp\/v2\/tags?post=334513"}],"curies":[{"name":"wp","href":"https:\/\/api.w.org\/{rel}","templated":true}]}}