{"id":334562,"date":"2023-05-08T05:26:28","date_gmt":"2023-05-08T03:26:28","guid":{"rendered":"https:\/\/www.radiopiu.net\/wordpress\/?p=334562"},"modified":"2023-05-08T06:49:10","modified_gmt":"2023-05-08T04:49:10","slug":"giornale-radiopiu-08-maggio-2023-direttore-mirko-mezzacasa-verso-i-40-anni-25-giugno-1983-25-giugno-2023","status":"publish","type":"post","link":"https:\/\/www.radiopiu.net\/wordpress\/giornale-radiopiu-08-maggio-2023-direttore-mirko-mezzacasa-verso-i-40-anni-25-giugno-1983-25-giugno-2023\/","title":{"rendered":"GIORNALE RADIOPIU 08 MAGGIO 2023 DIRETTORE MIRKO MEZZACASA&#8230;verso i 40 anni 25 giugno 1983-25 giugno 2023"},"content":{"rendered":"<h2 style=\"text-align: left;\"><span style=\"color: #ff0000;\"><span style=\"vertical-align: inherit;\"><a class=\"dt-pswp-item\" href=\"https:\/\/www.radiopiu.net\/wordpress\/wp-content\/uploads\/2023\/04\/e0aad41d-951e-47b9-9fae-1a879a9bcb7e-1.jpg\" data-dt-img-description=\"\" data-large_image_width=\"1200\" data-large_image_height=\"1200\"><img loading=\"lazy\" decoding=\"async\" class=\"wp-image-333205 alignleft\" src=\"https:\/\/www.radiopiu.net\/wordpress\/wp-content\/uploads\/2023\/04\/e0aad41d-951e-47b9-9fae-1a879a9bcb7e-1-300x300.jpg\" alt=\"\" width=\"110\" height=\"110\" srcset=\"https:\/\/www.radiopiu.net\/wordpress\/wp-content\/uploads\/2023\/04\/e0aad41d-951e-47b9-9fae-1a879a9bcb7e-1-300x300.jpg 300w, https:\/\/www.radiopiu.net\/wordpress\/wp-content\/uploads\/2023\/04\/e0aad41d-951e-47b9-9fae-1a879a9bcb7e-1-1024x1024.jpg 1024w, https:\/\/www.radiopiu.net\/wordpress\/wp-content\/uploads\/2023\/04\/e0aad41d-951e-47b9-9fae-1a879a9bcb7e-1-150x150.jpg 150w, https:\/\/www.radiopiu.net\/wordpress\/wp-content\/uploads\/2023\/04\/e0aad41d-951e-47b9-9fae-1a879a9bcb7e-1-768x768.jpg 768w, https:\/\/www.radiopiu.net\/wordpress\/wp-content\/uploads\/2023\/04\/e0aad41d-951e-47b9-9fae-1a879a9bcb7e-1.jpg 1200w\" sizes=\"auto, (max-width: 110px) 100vw, 110px\" \/><\/a><\/span><\/span><\/h2>\n<h2 style=\"text-align: left;\"><span style=\"color: #ff0000;\"><span style=\"vertical-align: inherit;\">ISCRIVITI AL NOSTRO CANALE\u00a0 <\/span><\/span><span style=\"vertical-align: inherit;\"> YOUTUBE PER SEGUIRE IN DIRETTA I PRINCIPALI PROGRAMMI DI RADIO PIU&#8217; E LE FUTURE DIRETTE IN ESTERNA. PER ISCRIVERTI <\/span><a style=\"color: #ff0000;\" href=\"https:\/\/youtube.com\/@radiopiu1527\"><span style=\"vertical-align: inherit;\">CLICCA QUI <\/span><\/a><span style=\"color: #ff0000; font-size: 14px; font-weight: normal;\"><span style=\"vertical-align: inherit;\">E PREMI\u00a0 &#8220;Iscriviti&#8221;\u00a0 \u00a0 \u00a0\u00a0<\/span><\/span><\/h2>\n<p>&nbsp;<\/p>\n<blockquote>\n<h3><span style=\"color: #ff0000;\">DA OGGI ALLA RADIO&#8230; IL NUOVO PROGRAMMA PRODOTTO DALL&#8217;ISTITUT LADIN CESA DE JAN\u00a0<\/span><\/h3>\n<\/blockquote>\n<blockquote>\n<h3>&#8220;NCONTONSE&#8221; TORNANO LE CHIACCHIERE IN LADINO SU RADIO PI\u00d9<\/h3>\n<\/blockquote>\n<div class=\"flex-1 overflow-hidden\">\n<div class=\"react-scroll-to-bottom--css-cdxng-79elbk h-full dark:bg-gray-800\">\n<div class=\"react-scroll-to-bottom--css-cdxng-1n7m0yu\">\n<div class=\"flex flex-col items-center text-sm dark:bg-gray-800\">\n<div class=\"group w-full text-gray-800 dark:text-gray-100 border-b border-black\/10 dark:border-gray-900\/50 bg-gray-50 dark:bg-[#444654]\">\n<div class=\"flex p-4 gap-4 text-base md:gap-6 md:max-w-2xl lg:max-w-xl xl:max-w-3xl md:py-6 lg:px-0 m-auto\">\n<div class=\"relative flex flex-col w-[calc(100%-50px)] gap-1 md:gap-3 lg:w-[calc(100%-115px)]\">\n<div class=\"flex flex-grow flex-col gap-3\">\n<div class=\"min-h-[20px] flex flex-col items-start gap-4 whitespace-pre-wrap break-words\">\n<div class=\"markdown prose w-full break-words dark:prose-invert light\">\n<p><strong><a class=\"dt-pswp-item\" href=\"https:\/\/www.radiopiu.net\/wordpress\/wp-content\/uploads\/2023\/05\/linda-podcast.png\" data-dt-img-description=\"\" data-large_image_width=\"2000\" data-large_image_height=\"2000\"><img loading=\"lazy\" decoding=\"async\" class=\" wp-image-334514 alignleft\" src=\"https:\/\/www.radiopiu.net\/wordpress\/wp-content\/uploads\/2023\/05\/linda-podcast-300x300.png\" alt=\"\" width=\"207\" height=\"207\" srcset=\"https:\/\/www.radiopiu.net\/wordpress\/wp-content\/uploads\/2023\/05\/linda-podcast-300x300.png 300w, https:\/\/www.radiopiu.net\/wordpress\/wp-content\/uploads\/2023\/05\/linda-podcast-1024x1024.png 1024w, https:\/\/www.radiopiu.net\/wordpress\/wp-content\/uploads\/2023\/05\/linda-podcast-150x150.png 150w, https:\/\/www.radiopiu.net\/wordpress\/wp-content\/uploads\/2023\/05\/linda-podcast-768x768.png 768w, https:\/\/www.radiopiu.net\/wordpress\/wp-content\/uploads\/2023\/05\/linda-podcast-1536x1536.png 1536w, https:\/\/www.radiopiu.net\/wordpress\/wp-content\/uploads\/2023\/05\/linda-podcast.png 2000w\" sizes=\"auto, (max-width: 207px) 100vw, 207px\" \/><\/a><\/strong><\/p>\n<blockquote><p><em>Tutto questo \u00e8 possibile grazie alla preziosa collaborazione instaurata nel tempo con l&#8217;Istitut Ladin Cesa de Jan che produrr\u00e0 i programmi.<\/em><\/p><\/blockquote>\n<p><strong>REDAZIONE\u00a0 <\/strong>Torna uno dei programmi pi\u00f9 amati della radio locale, <strong>&#8220;ncontonse&#8221;<\/strong>, ovvero incontriamoci. Dopo aver utilizzato per diverse stagioni l&#8217;almanacco ladino, la trasmissione ritorna con una formula ancora pi\u00f9 personale e informale. Le chiacchierate si svolgono completamente in lingua ladina, per valorizzare e preservare questa lingua storica delle nostre valli. Protagonisti delle conversazioni sono le persone che abitano in queste zone e che condividono le loro storie e le loro esperienze di vita con gli ascoltatori. Il programma va in onda quattro volte alla settimana: il luned\u00ec alle 8:30, il marted\u00ec alle 12:25, il mercoled\u00ec alle 18:25 e la domenica alle 9. Un appuntamento imperdibile per chi vuole conoscere meglio la cultura e la vita delle genti ladine, tramandata da generazioni. La trasmissione \u00e8 accolta con grande entusiasmo dagli ascoltatori, che\u00a0 apprezzano il ritorno alla formula originale del programma. La radio locale si conferma ancora una volta un punto di riferimento per la promozione e la valorizzazione della cultura e della lingua ladina<\/p>\n<p><strong>LO SPOT&#8230;.<\/strong><\/p>\n<\/div>\n<\/div>\n<\/div>\n<\/div>\n<\/div>\n<\/div>\n<\/div>\n<\/div>\n<\/div>\n<\/div>\n<div class=\"absolute bottom-0 left-0 w-full border-t md:border-t-0 dark:border-white\/20 md:border-transparent md:dark:border-transparent md:bg-vert-light-gradient bg-white dark:bg-gray-800 md:!bg-transparent dark:md:bg-vert-dark-gradient pt-2\">\n<form class=\"stretch mx-2 flex flex-row gap-3 last:mb-2 md:mx-4 md:last:mb-6 lg:mx-auto lg:max-w-2xl xl:max-w-3xl\">\n<div class=\"relative flex h-full flex-1 items-stretch md:flex-col\">\n<div class=\"\">\n<div class=\"h-full flex ml-1 md:w-full md:m-auto md:mb-2 gap-0 md:gap-2 justify-center\">\n<div class=\"flex w-full items-center justify-center gap-2\">\n<audio class=\"wp-audio-shortcode\" id=\"audio-334562-1\" preload=\"none\" style=\"width: 100%;\" controls=\"controls\"><source type=\"audio\/mpeg\" src=\"https:\/\/www.radiopiu.net\/wordpress\/wp-content\/uploads\/2023\/05\/spot-piu.mp3?_=1\" \/><a href=\"https:\/\/www.radiopiu.net\/wordpress\/wp-content\/uploads\/2023\/05\/spot-piu.mp3\">https:\/\/www.radiopiu.net\/wordpress\/wp-content\/uploads\/2023\/05\/spot-piu.mp3<\/a><\/audio>\n<p>&nbsp;<\/p>\n<hr \/>\n<p>&nbsp;<\/p>\n<p>&nbsp;<\/p>\n<p><strong>A G O R D O\u00a0<\/strong><\/p>\n<p><span style=\"color: #0000ff;\"><strong>OGGI DALLE 8 ALLE 12 SOSPENSIONE DELL&#8217;EROGAZIONE DELL&#8217;ACQUA IN COL DI FOGLIA E PRAGRANDE<\/strong><\/span><\/p>\n<\/div>\n<\/div>\n<\/div>\n<\/div>\n<\/form>\n<\/div>\n<p>&nbsp;<\/p>\n<hr \/>\n<div dir=\"auto\"><span style=\"color: #0000ff;\"><strong>\u00a0\u00a0<\/strong><\/span><\/div>\n<p><span style=\"color: #ff0000;\"><strong>E anche STAMANE\u00a0 RADIOPIU si fa in CINQUE\u00a0 per i suoi ascoltatori&#8230;.<\/strong><\/span><\/p>\n<p><strong><a class=\"dt-pswp-item\" href=\"https:\/\/www.radiopiu.net\/wordpress\/wp-content\/uploads\/2022\/01\/Sergio-Pra.jpg\" data-dt-img-description=\"\" data-large_image_width=\"211\" data-large_image_height=\"300\"><img loading=\"lazy\" decoding=\"async\" class=\"wp-image-253233 alignleft\" src=\"https:\/\/www.radiopiu.net\/wordpress\/wp-content\/uploads\/2022\/01\/Sergio-Pra.jpg\" alt=\"\" width=\"81\" height=\"115\" \/><\/a>1&#8230;.<\/strong> alle 8 la rassegna stampa locale, dal 1983 tutti i giorni puntuale alle otto del mattino<\/p>\n<p><strong>2<\/strong>&#8230;.alle 9.30\u00a0 IL GIORNALE RADIO MATTINA CON PREVISIONI DEL TEMPO E DUE MINUTI UN LIBRO, CONSIGLI ALLA LETTURA<\/p>\n<p><strong>3.<\/strong> &#8230;.alle 10.30\u00a0 OSPITE SERGIO PRA, PRESIDENTE ALLEGHE FUNIVIE (FOTO)<\/p>\n<p><strong>4<\/strong>&#8230;.alle 12.30 giornale radio edizione principale<\/p>\n<p><strong>5<\/strong>&#8230;alle 10.10 e 18.10 SENTIMENTAL CON PAOLA LANCIATO<\/p>\n<p>&nbsp;<\/p>\n<p>&nbsp;<\/p>\n<hr \/>\n<p>&nbsp;<\/p>\n<blockquote>\n<h3>OMICIDIO AD ALANO: HA 53 ANNI ED E&#8217; DI ALANO L&#8217;UOMO ACCOLTELLATO A MORTE<\/h3>\n<\/blockquote>\n<p><strong><a class=\"dt-pswp-item\" href=\"https:\/\/www.radiopiu.net\/wordpress\/wp-content\/uploads\/2023\/05\/SCR-20230507-mdqu.jpeg\" data-dt-img-description=\"\" data-large_image_width=\"754\" data-large_image_height=\"496\"><img loading=\"lazy\" decoding=\"async\" class=\" wp-image-334716 alignleft\" src=\"https:\/\/www.radiopiu.net\/wordpress\/wp-content\/uploads\/2023\/05\/SCR-20230507-mdqu-300x197.jpeg\" alt=\"\" width=\"177\" height=\"116\" srcset=\"https:\/\/www.radiopiu.net\/wordpress\/wp-content\/uploads\/2023\/05\/SCR-20230507-mdqu-300x197.jpeg 300w, https:\/\/www.radiopiu.net\/wordpress\/wp-content\/uploads\/2023\/05\/SCR-20230507-mdqu.jpeg 754w\" sizes=\"auto, (max-width: 177px) 100vw, 177px\" \/><\/a>ALANO<\/strong> Nella notte tra sabato e domenica un uomo \u00e8 stato accoltellato a morte nei pressi <a class=\"dt-pswp-item\" href=\"https:\/\/www.radiopiu.net\/wordpress\/wp-content\/uploads\/2023\/05\/Senza-nome-26.jpg\" data-dt-img-description=\"\" data-large_image_width=\"293\" data-large_image_height=\"381\"><img loading=\"lazy\" decoding=\"async\" class=\" wp-image-334793 alignright\" src=\"https:\/\/www.radiopiu.net\/wordpress\/wp-content\/uploads\/2023\/05\/Senza-nome-26-231x300.jpg\" alt=\"\" width=\"125\" height=\"162\" srcset=\"https:\/\/www.radiopiu.net\/wordpress\/wp-content\/uploads\/2023\/05\/Senza-nome-26-231x300.jpg 231w, https:\/\/www.radiopiu.net\/wordpress\/wp-content\/uploads\/2023\/05\/Senza-nome-26.jpg 293w\" sizes=\"auto, (max-width: 125px) 100vw, 125px\" \/><\/a>del bar della stazione ferroviaria di Alano Fener. L&#8217;aggressione \u00e8 avvenuta in seguito a una violenta colluttazione, la cui dinamica \u00e8 ancora al vaglio degli inquirenti. Sul posto sono intervenuti i carabinieri di Feltre, che hanno effettuato i rilievi e i primi interrogatori. Gli uomini del reparto operativo e della scientifica hanno cercato di ricostruire la dinamica dell&#8217;accaduto, mentre i sanitari del 118 hanno tentato di rianimare il ferito. Purtroppo, l&#8217;uomo, Antonio Costa 53 anni del posto, \u00e8 deceduto poco dopo l&#8217;arrivo dei soccorsi. Le indagini sono coordinate dal pubblico ministero Alberto Primavera, che ha sentito il gestore del locale e un possibile testimone dei fatti. Sul luogo del delitto sono intervenuti anche i vigili del fuoco volontari del Basso Feltrino, impegnati nella ricerca dell&#8217;arma utilizzata per compiere l&#8217;omicidio. Sono in corso le attivit\u00e0 investigative. (foto: Corriere Delle Alpi)<\/p>\n<p>&nbsp;<\/p>\n<blockquote>\n<h3>DAL TG DI ANTENNA 3, SUL DIGITALE TERRESTRE CANALE 10 (ogni sera alle 19.00 la anticipazione del TG delle 19.30 su tutti i canali di RADIOPIU)<\/h3>\n<\/blockquote>\n<p><strong>\u00a0ALANO DI PIAVE<\/strong> \u2013 In apertura la cronaca. Nella notte tra sabato e domenica, un uomo di 53 anni, Antonio Costa, \u00e8 stato ucciso con una coltellata al petto durante una festa latino americana al bar della stazione ferroviaria di Alano di Pieve nel Belunese. Fino a 6 anni fa abitava a Treviso. Aveva un figlio (Servizio di\u00a0<a href=\"https:\/\/antennatre.medianordest.it\/redazione\/Anna-De-Roberto\/\">Anna De Roberto<\/a>)<\/p>\n<p><iframe loading=\"lazy\" title=\"OMICIDIO AD UNA FESTA, ANTONIO COSTA MUORE A 53 ANNI | 07\/05\/2023\" width=\"1200\" height=\"675\" src=\"https:\/\/www.youtube.com\/embed\/oV6yIUXzkos?start=108&#038;feature=oembed\" frameborder=\"0\" allow=\"accelerometer; autoplay; clipboard-write; encrypted-media; gyroscope; picture-in-picture; web-share\" allowfullscreen><\/iframe><\/p>\n<p>&nbsp;<\/p>\n<hr \/>\n<blockquote><p>&nbsp;<\/p>\n<h2>CONTROMANO IN AUTOSTRADA, MUORE 67ENNE DI VITTORIO VENETO<\/h2>\n<p><span style=\"color: #0000ff;\"><em>Ieri sera alle 17.30 in tempo reale la chat\u00a0 VIABILITA PROVINCIA BELLUNO (VPB) riportava la prima notizia di\u00a0 Marco De Mattia<\/em><\/span><\/p><\/blockquote>\n<div class=\"group w-full text-gray-800 dark:text-gray-100 border-b border-black\/10 dark:border-gray-900\/50 bg-gray-50 dark:bg-[#444654]\">\n<div class=\"flex p-4 gap-4 text-base md:gap-6 md:max-w-2xl lg:max-w-xl xl:max-w-3xl md:py-6 lg:px-0 m-auto\">\n<div class=\"relative flex flex-col w-[calc(100%-50px)] gap-1 md:gap-3 lg:w-[calc(100%-115px)]\">\n<div class=\"flex flex-grow flex-col gap-3\">\n<div class=\"min-h-[20px] flex flex-col items-start gap-4 whitespace-pre-wrap break-words\">\n<div class=\"markdown prose w-full break-words dark:prose-invert light\">\n<p><strong>TREVISO<\/strong> Un uomo di 67 anni di Vittorio Veneto, Bruno Sabbadin, \u00e8 morto in un grave incidente in autostrada dopo aver percorso contromano due chilometri, si \u00e8 schiantato contro due auto in direzione Venezia. Tre persone sono rimaste ferite ma non in pericolo di vita. Le prime indicazioni sembravano far propendere per l&#8217;ipotesi che avesse imboccato contromano il raccordo d&#8217;uscita della carreggiata sud, ma le telecamere hanno chiarito che l&#8217;uomo stava percorrendo correttamente l&#8217;A27 verso Venezia, quando ha deciso di fare un&#8217;inversione per motivi sconosciuti. La Procura della Repubblica di Treviso ha aperto un fascicolo sull&#8217;incidente con l&#8217;ipotesi di reato di omicidio stradale e lesioni.<\/p>\n<\/div>\n<\/div>\n<\/div>\n<div class=\"flex justify-between lg:block\">\n<div class=\"text-gray-400 flex self-end lg:self-center justify-center mt-2 gap-2 md:gap-3 lg:gap-1 lg:absolute lg:top-0 lg:translate-x-full lg:right-0 lg:mt-0 lg:pl-2 visible\"><a class=\"dt-pswp-item\" href=\"https:\/\/www.radiopiu.net\/wordpress\/wp-content\/uploads\/2023\/05\/Senza-nome-27.jpg\" data-dt-img-description=\"\" data-large_image_width=\"959\" data-large_image_height=\"515\"><img loading=\"lazy\" decoding=\"async\" class=\"size-medium wp-image-334794 aligncenter\" src=\"https:\/\/www.radiopiu.net\/wordpress\/wp-content\/uploads\/2023\/05\/Senza-nome-27-300x161.jpg\" alt=\"\" width=\"300\" height=\"161\" srcset=\"https:\/\/www.radiopiu.net\/wordpress\/wp-content\/uploads\/2023\/05\/Senza-nome-27-300x161.jpg 300w, https:\/\/www.radiopiu.net\/wordpress\/wp-content\/uploads\/2023\/05\/Senza-nome-27-768x412.jpg 768w, https:\/\/www.radiopiu.net\/wordpress\/wp-content\/uploads\/2023\/05\/Senza-nome-27.jpg 959w\" sizes=\"auto, (max-width: 300px) 100vw, 300px\" \/><\/a><\/div>\n<\/div>\n<\/div>\n<\/div>\n<\/div>\n<p>&nbsp;<\/p>\n<p>&nbsp;<\/p>\n<hr \/>\n<p>&nbsp;<\/p>\n<blockquote>\n<h3>BMW FUORI STRADA, DUE FERITI LEGGERI<\/h3>\n<\/blockquote>\n<p><strong>FELTRE<\/strong> Nella notte tra sabato e domenica, i carabinieri della compagnia di Feltre sono stati chiamati alle 3 del mattino lungo le Montegge, dove una BMW con due persone a bordo \u00e8 uscita autonomamente di strada. Fortunatamente, i due occupanti hanno riportato solo lievi ferite e sono stati accompagnati al pronto soccorso per medicazioni. Entrambi i passeggeri sono residenti nella zona di Feltre.<\/p>\n<p>&nbsp;<\/p>\n<p>&nbsp;<\/p>\n<p>&nbsp;<\/p>\n<hr \/>\n<p>&nbsp;<\/p>\n<blockquote>\n<h3>SCIVOLA SUL SENTIERO<\/h3>\n<\/blockquote>\n<p><strong><a class=\"dt-pswp-item\" href=\"https:\/\/www.radiopiu.net\/wordpress\/wp-content\/uploads\/2022\/09\/salt_20220907_090012_974.jpg\" data-dt-img-description=\"\" data-large_image_width=\"2364\" data-large_image_height=\"1773\"><img loading=\"lazy\" decoding=\"async\" class=\"wp-image-296121 alignleft\" src=\"https:\/\/www.radiopiu.net\/wordpress\/wp-content\/uploads\/2022\/09\/salt_20220907_090012_974-300x225.jpg\" alt=\"\" width=\"189\" height=\"142\" srcset=\"https:\/\/www.radiopiu.net\/wordpress\/wp-content\/uploads\/2022\/09\/salt_20220907_090012_974-300x225.jpg 300w, https:\/\/www.radiopiu.net\/wordpress\/wp-content\/uploads\/2022\/09\/salt_20220907_090012_974-1024x768.jpg 1024w, https:\/\/www.radiopiu.net\/wordpress\/wp-content\/uploads\/2022\/09\/salt_20220907_090012_974-768x576.jpg 768w, https:\/\/www.radiopiu.net\/wordpress\/wp-content\/uploads\/2022\/09\/salt_20220907_090012_974-1536x1152.jpg 1536w, https:\/\/www.radiopiu.net\/wordpress\/wp-content\/uploads\/2022\/09\/salt_20220907_090012_974-2048x1536.jpg 2048w\" sizes=\"auto, (max-width: 189px) 100vw, 189px\" \/><\/a>CHIES D\u2019ALPAGO<\/strong>\u00a0 Intervento di soccorso in montagna avvenuto nella zona del Guslon, vicino a Pieve di Cadore, nella giornata di sabato. Un escursionista di 31 anni originario di Alpago ha riportato un sospetto trauma al ginocchio dopo essere scivolato e non era pi\u00f9 in grado di camminare. Il padre del ragazzo \u00e8 uscito dal bosco per dare indicazioni all\u2019equipaggio dell\u2019elicottero del Suem di Pieve di Cadore, che \u00e8 intervenuto a circa 1.600 metri di quota per il recupero dell\u2019escursionista. Una squadra del Soccorso alpino dell\u2019Alpago si \u00e8 resa disponibile per il supporto a Pian Grant durante l\u2019operazione di soccorso. Il tecnico di elisoccorso, assieme al padre del ragazzo, ha spostato l\u2019escursionista in un punto agevole per il recupero, avvenuto sempre con il verricello.<\/p>\n<p>&nbsp;<\/p>\n<p>&nbsp;<\/p>\n<hr \/>\n<p>&nbsp;<\/p>\n<blockquote>\n<h3>CROLLA UN PEZZO DI MONTAGNA DAL CIMONE DELLA STIA<\/h3>\n<\/blockquote>\n<p><strong>FALCADE <\/strong>\u00a0Un pezzo di montagna si \u00e8 staccato dal Cimone della Stia sopra Falcade. Il video segnalato da Tamara, di <a class=\"x1i10hfl xjbqb8w x6umtig x1b1mbwd xaqea5y xav7gou x9f619 x1ypdohk xt0psk2 xe8uvvx xdj266r x11i5rnm xat24cr x1mh8g0r xexx8yu x4uap5 x18d9i69 xkhd6sd x16tdsg8 x1hl2dhg xggy1nq x1a2a7pz x1heor9g xt0b8zv\" tabindex=\"0\" role=\"link\" href=\"https:\/\/www.facebook.com\/groups\/61488111720\/user\/100054626173260\/?__cft__[0]=AZXIOjLCXCxIICHUF8D_waC-krerB6ahv3-AXB55WvF5sYJeELQS8PWv5-CDCQiMNzfu1PXTKfIPyy01QKcSgqKeYSJSYoHPyHm6S5Hi-kE1nvCMfV7MLHePhzlRsFOygpNvjkfE6j-JJDgGiLk_P8tX&amp;__tn__=R]-R\" aria-hidden=\"false\"><span class=\"x3nfvp2\"><span class=\"x193iq5w xeuugli x13faqbe x1vvkbs x1xmvt09 x1lliihq x1s928wv xhkezso x1gmr53x x1cpjm7i x1fgarty x1943h6x x4zkp8e x676frb x1nxh6w3 x1sibtaa x1s688f xzsf02u\" dir=\"auto\">Tibe Zamatteo<\/span><\/span><\/a> da Molino di Falcade<\/p>\n<p><strong>IL VIDEO<\/strong><\/p>\n<div style=\"width: 848px;\" class=\"wp-video\"><video class=\"wp-video-shortcode\" id=\"video-334562-1\" width=\"848\" height=\"480\" preload=\"metadata\" controls=\"controls\"><source type=\"video\/mp4\" src=\"https:\/\/www.radiopiu.net\/wordpress\/wp-content\/uploads\/2023\/05\/WhatsApp-Video-2023-05-07-at-13.50.57.mp4?_=1\" \/><a href=\"https:\/\/www.radiopiu.net\/wordpress\/wp-content\/uploads\/2023\/05\/WhatsApp-Video-2023-05-07-at-13.50.57.mp4\">https:\/\/www.radiopiu.net\/wordpress\/wp-content\/uploads\/2023\/05\/WhatsApp-Video-2023-05-07-at-13.50.57.mp4<\/a><\/video><\/div>\n<p>&nbsp;<\/p>\n<p>&nbsp;<\/p>\n<hr \/>\n<p>&nbsp;<\/p>\n<blockquote>\n<h3>SCIA DI CARBURANTE, CI PENSANO I VIGILI DEL FUOCO<\/h3>\n<\/blockquote>\n<p><strong><a class=\"dt-pswp-item\" href=\"https:\/\/www.radiopiu.net\/wordpress\/wp-content\/uploads\/2021\/07\/7b3b4c7a-9421-4e33-96b9-7161270ef358.jpg\" data-dt-img-description=\"\" data-large_image_width=\"1080\" data-large_image_height=\"1246\"><img loading=\"lazy\" decoding=\"async\" class=\"wp-image-222509 alignleft\" src=\"https:\/\/www.radiopiu.net\/wordpress\/wp-content\/uploads\/2021\/07\/7b3b4c7a-9421-4e33-96b9-7161270ef358-260x300.jpg\" alt=\"\" width=\"109\" height=\"126\" srcset=\"https:\/\/www.radiopiu.net\/wordpress\/wp-content\/uploads\/2021\/07\/7b3b4c7a-9421-4e33-96b9-7161270ef358-260x300.jpg 260w, https:\/\/www.radiopiu.net\/wordpress\/wp-content\/uploads\/2021\/07\/7b3b4c7a-9421-4e33-96b9-7161270ef358-888x1024.jpg 888w, https:\/\/www.radiopiu.net\/wordpress\/wp-content\/uploads\/2021\/07\/7b3b4c7a-9421-4e33-96b9-7161270ef358-768x886.jpg 768w, https:\/\/www.radiopiu.net\/wordpress\/wp-content\/uploads\/2021\/07\/7b3b4c7a-9421-4e33-96b9-7161270ef358.jpg 1080w\" sizes=\"auto, (max-width: 109px) 100vw, 109px\" \/><\/a>PIEVE DI CADORE\u00a0<\/strong> Ieri pomeriggio i vigili del fuoco sono stati chiamati in azione per una fuoriuscita di carburante tra Pieve di Cadore e Cimabanche. La traccia di carburante, che si estendeva per quasi trenta chilometri, \u00e8 stata segnalata da alcuni automobilisti. Dopo un sopralluogo, i vigili del fuoco hanno deciso di chiamare il personale di Anas per rimuovere la traccia e evitare problemi agli automobilisti che percorrevano quella strada. Grazie all&#8217;intervento tempestivo delle autorit\u00e0 competenti, l&#8217;incidente \u00e8 stato gestito con successo e la strada \u00e8 stata ripristinata alla normalit\u00e0. La prontezza e l&#8217;efficienza delle forze dell&#8217;ordine sono fondamentali per garantire la sicurezza delle persone e degli automobilisti sulla strada.<\/p>\n<div class=\"group w-full text-gray-800 dark:text-gray-100 border-b border-black\/10 dark:border-gray-900\/50 bg-gray-50 dark:bg-[#444654]\">\n<div class=\"flex p-4 gap-4 text-base md:gap-6 md:max-w-2xl lg:max-w-xl xl:max-w-3xl md:py-6 lg:px-0 m-auto\">\n<div class=\"relative flex flex-col w-[calc(100%-50px)] gap-1 md:gap-3 lg:w-[calc(100%-115px)]\">\n<div class=\"flex justify-between lg:block\">\n<div class=\"text-gray-400 flex self-end lg:self-center justify-center mt-2 gap-2 md:gap-3 lg:gap-1 lg:absolute lg:top-0 lg:translate-x-full lg:right-0 lg:mt-0 lg:pl-2 visible\"><\/div>\n<div><\/div>\n<\/div>\n<\/div>\n<\/div>\n<\/div>\n<hr \/>\n<p>&nbsp;<\/p>\n<blockquote>\n<h2>APPLAUSI PER LA NEO NATA PRO LOCO DI ALLEGHE, LA SESSANTESIMA DELLA PROVINCIA<\/h2>\n<\/blockquote>\n<p><strong>REDAZIONE<\/strong> Al tavolo dell&#8217;Unpli ci sono anche gli uomini e le donne della Pro Loco di Alleghe, a breve sar\u00e0 presentata alla popolazione. E&#8217; stato uno degli argomenti importanti dell&#8217;assemblea provinciale svoltagi oggi al Palazzo delle Contesse di Mel, ha registrato una grande partecipazione. Sono state presentate alcune novit\u00e0 interessanti per le Pro loco bellunesi, come la formazione sul bilancio e sul portale MyUnpli, uno strumento gratuito che consente di gestire i dati delle Pro loco in un unico contenitore in conformit\u00e0 alle disposizioni del Terzo Settore. La piattaforma regionale di Unpli Veneto agevoler\u00e0 l&#8217;utilizzo della fatturazione elettronica, obbligatoria dal 2024 per le Pro loco, e semplificher\u00e0 le dichiarazioni Siae. Per gli eventi, \u00e8 stata ricordata l&#8217;importanza della giornata nazionale delle Pro loco del 9 luglio e le Pro loco sono state invitate a organizzare eventi di ogni tipo per celebrare l&#8217;occasione. Annunciata anche la manifestazione &#8220;Made in Valbelluna Dolomiti&#8221; il 9 e il 10 ottobre a Belluno, dedicata alla promozione dei prodotti tipici e delle bellezze turistiche del territorio. Sono stati ricordati i grandi impegni dell&#8217;Unpli, tra cui la presentazione del documentario &#8220;Albino Luciani: un miracolo dalle Dolomiti&#8221; e i festeggiamenti per il Papa a Canale d&#8217;Agordo. Sono stati premiati due presidenti che hanno lasciato la guida a favore di altri: Espedito Pagnussat della Pro loco di San Gregorio nelle Alpi e Manlio Da Rin Puppel della Pro loco di Vigo di Cadore. La Pro loco di Alleghe \u00e8 stata accolta come nuovo membro dell&#8217;Unpli, portando a 60 il numero di Pro loco nella provincia.<\/p>\n\n\t\t\t<style type='text\/css'>\n\t\t\t\t#gallery-1 {\n\t\t\t\t\tmargin: auto;\n\t\t\t\t}\n\t\t\t\t#gallery-1 .gallery-item {\n\t\t\t\t\tfloat: left;\n\t\t\t\t\tmargin-top: 10px;\n\t\t\t\t\ttext-align: center;\n\t\t\t\t\twidth: 33%;\n\t\t\t\t}\n\t\t\t\t#gallery-1 img {\n\t\t\t\t\tborder: 2px solid #cfcfcf;\n\t\t\t\t}\n\t\t\t\t#gallery-1 .gallery-caption {\n\t\t\t\t\tmargin-left: 0;\n\t\t\t\t}\n\t\t\t\t\/* see gallery_shortcode() in wp-includes\/media.php *\/\n\t\t\t<\/style>\n\t\t<div id='gallery-1' class='dt-gallery-container gallery galleryid-334562 gallery-columns-3 gallery-size-thumbnail'><dl class='gallery-item'>\n\t\t\t\t<dt class='gallery-icon landscape'>\n\t\t\t\t\t<a class=\"rollover rollover-zoom dt-pswp-item\" title=\"1683470945073\" data-dt-img-description=\"\" data-large_image_width=\"1992\" data-large_image_height=\"920\"href='https:\/\/www.radiopiu.net\/wordpress\/wp-content\/uploads\/2023\/05\/1683470945073.jpg'><img loading=\"lazy\" decoding=\"async\" width=\"150\" height=\"150\" src=\"https:\/\/www.radiopiu.net\/wordpress\/wp-content\/uploads\/2023\/05\/1683470945073-150x150.jpg\" class=\"attachment-thumbnail size-thumbnail\" alt=\"\" \/><\/a>\n\t\t\t\t<\/dt><\/dl><dl class='gallery-item'>\n\t\t\t\t<dt class='gallery-icon landscape'>\n\t\t\t\t\t<a class=\"rollover rollover-zoom dt-pswp-item\" title=\"1683470945089\" data-dt-img-description=\"\" data-large_image_width=\"1992\" data-large_image_height=\"920\"href='https:\/\/www.radiopiu.net\/wordpress\/wp-content\/uploads\/2023\/05\/1683470945089.jpg'><img loading=\"lazy\" decoding=\"async\" width=\"150\" height=\"150\" src=\"https:\/\/www.radiopiu.net\/wordpress\/wp-content\/uploads\/2023\/05\/1683470945089-150x150.jpg\" class=\"attachment-thumbnail size-thumbnail\" alt=\"\" \/><\/a>\n\t\t\t\t<\/dt><\/dl><dl class='gallery-item'>\n\t\t\t\t<dt class='gallery-icon landscape'>\n\t\t\t\t\t<a class=\"rollover rollover-zoom dt-pswp-item\" title=\"1683470945082\" data-dt-img-description=\"\" data-large_image_width=\"1600\" data-large_image_height=\"738\"href='https:\/\/www.radiopiu.net\/wordpress\/wp-content\/uploads\/2023\/05\/1683470945082.jpg'><img loading=\"lazy\" decoding=\"async\" width=\"150\" height=\"150\" src=\"https:\/\/www.radiopiu.net\/wordpress\/wp-content\/uploads\/2023\/05\/1683470945082-150x150.jpg\" class=\"attachment-thumbnail size-thumbnail\" alt=\"\" \/><\/a>\n\t\t\t\t<\/dt><\/dl><br style=\"clear: both\" \/>\n\t\t\t<\/div>\n\n<div class=\"flex-1 overflow-hidden\">\n<div class=\"react-scroll-to-bottom--css-blflc-79elbk h-full dark:bg-gray-800\">\n<div class=\"react-scroll-to-bottom--css-blflc-1n7m0yu\">\n<div class=\"flex flex-col items-center text-sm dark:bg-gray-800\">\n<div class=\"group w-full text-gray-800 dark:text-gray-100 border-b border-black\/10 dark:border-gray-900\/50 bg-gray-50 dark:bg-[#444654]\">\n<div class=\"flex p-4 gap-4 text-base md:gap-6 md:max-w-2xl lg:max-w-xl xl:max-w-3xl md:py-6 lg:px-0 m-auto\">\n<div class=\"relative flex flex-col w-[calc(100%-50px)] gap-1 md:gap-3 lg:w-[calc(100%-115px)]\">\n<div class=\"flex justify-between lg:block\"><\/div>\n<div>\n<hr \/>\n<\/div>\n<div><\/div>\n<div>\n<blockquote>\n<h3>LA PROVINCIA PARTECIPA ALL&#8217;ASSEMBLEA UNPLI DI BELLUNO<\/h3>\n<\/blockquote>\n<p><strong>VIGO DI CADORE<\/strong> \u00abPromozione del turismo, organizzazione di eventi, tradizione, capacit\u00e0 logistica e passione identitaria per il territorio. Se le nostre comunit\u00e0 locali sono vive e frizzanti, \u00e8 anche merito delle Pro loco e dei tanti volontari che impiegano le loro competenze e il loro tempo nel mettere in moto manifestazioni e sagre, piccoli grandi momenti in cui i nostri paesi si ritrovano\u00bb. Lo ha detto il presidente della Provincia di Belluno, che ha preso parte questa mattina a Mel all\u2019assemblea dell\u2019Unione provinciale delle Pro loco, rivolgendosi alle decine di volontari presenti. Il presidente ha consegnato anche uno speciale riconoscimento a Espedito Pagnussat per il suo decennale impegno a favore delle Pro loco, e a Manlio Da Rin Puppel, che per dieci anni ha guidato la Pro loco di Vigo di Cadore.<\/p>\n\n\t\t\t<style type='text\/css'>\n\t\t\t\t#gallery-2 {\n\t\t\t\t\tmargin: auto;\n\t\t\t\t}\n\t\t\t\t#gallery-2 .gallery-item {\n\t\t\t\t\tfloat: left;\n\t\t\t\t\tmargin-top: 10px;\n\t\t\t\t\ttext-align: center;\n\t\t\t\t\twidth: 25%;\n\t\t\t\t}\n\t\t\t\t#gallery-2 img {\n\t\t\t\t\tborder: 2px solid #cfcfcf;\n\t\t\t\t}\n\t\t\t\t#gallery-2 .gallery-caption {\n\t\t\t\t\tmargin-left: 0;\n\t\t\t\t}\n\t\t\t\t\/* see gallery_shortcode() in wp-includes\/media.php *\/\n\t\t\t<\/style>\n\t\t<div id='gallery-2' class='dt-gallery-container gallery galleryid-334562 gallery-columns-4 gallery-size-medium'><dl class='gallery-item'>\n\t\t\t\t<dt class='gallery-icon landscape'>\n\t\t\t\t\t<a class=\"rollover rollover-zoom dt-pswp-item\" title=\"853c552d-9b70-4aca-84b5-bbb31c6f385e\" data-dt-img-description=\"\" data-large_image_width=\"1024\" data-large_image_height=\"575\"href='https:\/\/www.radiopiu.net\/wordpress\/wp-content\/uploads\/2023\/05\/853c552d-9b70-4aca-84b5-bbb31c6f385e.jpg'><img loading=\"lazy\" decoding=\"async\" width=\"300\" height=\"168\" src=\"https:\/\/www.radiopiu.net\/wordpress\/wp-content\/uploads\/2023\/05\/853c552d-9b70-4aca-84b5-bbb31c6f385e-300x168.jpg\" class=\"attachment-medium size-medium\" alt=\"\" srcset=\"https:\/\/www.radiopiu.net\/wordpress\/wp-content\/uploads\/2023\/05\/853c552d-9b70-4aca-84b5-bbb31c6f385e-300x168.jpg 300w, https:\/\/www.radiopiu.net\/wordpress\/wp-content\/uploads\/2023\/05\/853c552d-9b70-4aca-84b5-bbb31c6f385e-768x431.jpg 768w, https:\/\/www.radiopiu.net\/wordpress\/wp-content\/uploads\/2023\/05\/853c552d-9b70-4aca-84b5-bbb31c6f385e.jpg 1024w\" sizes=\"auto, (max-width: 300px) 100vw, 300px\" \/><\/a>\n\t\t\t\t<\/dt><\/dl><dl class='gallery-item'>\n\t\t\t\t<dt class='gallery-icon landscape'>\n\t\t\t\t\t<a class=\"rollover rollover-zoom dt-pswp-item\" title=\"367321c6-a758-4981-b610-bfd6b6def79a\" data-dt-img-description=\"\" data-large_image_width=\"2016\" data-large_image_height=\"1134\"href='https:\/\/www.radiopiu.net\/wordpress\/wp-content\/uploads\/2023\/05\/367321c6-a758-4981-b610-bfd6b6def79a.jpg'><img loading=\"lazy\" decoding=\"async\" width=\"300\" height=\"169\" src=\"https:\/\/www.radiopiu.net\/wordpress\/wp-content\/uploads\/2023\/05\/367321c6-a758-4981-b610-bfd6b6def79a-300x169.jpg\" class=\"attachment-medium size-medium\" alt=\"\" srcset=\"https:\/\/www.radiopiu.net\/wordpress\/wp-content\/uploads\/2023\/05\/367321c6-a758-4981-b610-bfd6b6def79a-300x169.jpg 300w, https:\/\/www.radiopiu.net\/wordpress\/wp-content\/uploads\/2023\/05\/367321c6-a758-4981-b610-bfd6b6def79a-1024x576.jpg 1024w, https:\/\/www.radiopiu.net\/wordpress\/wp-content\/uploads\/2023\/05\/367321c6-a758-4981-b610-bfd6b6def79a-768x432.jpg 768w, https:\/\/www.radiopiu.net\/wordpress\/wp-content\/uploads\/2023\/05\/367321c6-a758-4981-b610-bfd6b6def79a-1536x864.jpg 1536w, https:\/\/www.radiopiu.net\/wordpress\/wp-content\/uploads\/2023\/05\/367321c6-a758-4981-b610-bfd6b6def79a.jpg 2016w\" sizes=\"auto, (max-width: 300px) 100vw, 300px\" \/><\/a>\n\t\t\t\t<\/dt><\/dl><dl class='gallery-item'>\n\t\t\t\t<dt class='gallery-icon landscape'>\n\t\t\t\t\t<a class=\"rollover rollover-zoom dt-pswp-item\" title=\"3d491ad9-806a-48c6-95db-6223162ed95c\" data-dt-img-description=\"\" data-large_image_width=\"1024\" data-large_image_height=\"768\"href='https:\/\/www.radiopiu.net\/wordpress\/wp-content\/uploads\/2023\/05\/3d491ad9-806a-48c6-95db-6223162ed95c.jpg'><img loading=\"lazy\" decoding=\"async\" width=\"300\" height=\"225\" src=\"https:\/\/www.radiopiu.net\/wordpress\/wp-content\/uploads\/2023\/05\/3d491ad9-806a-48c6-95db-6223162ed95c-300x225.jpg\" class=\"attachment-medium size-medium\" alt=\"\" srcset=\"https:\/\/www.radiopiu.net\/wordpress\/wp-content\/uploads\/2023\/05\/3d491ad9-806a-48c6-95db-6223162ed95c-300x225.jpg 300w, https:\/\/www.radiopiu.net\/wordpress\/wp-content\/uploads\/2023\/05\/3d491ad9-806a-48c6-95db-6223162ed95c-768x576.jpg 768w, https:\/\/www.radiopiu.net\/wordpress\/wp-content\/uploads\/2023\/05\/3d491ad9-806a-48c6-95db-6223162ed95c.jpg 1024w\" sizes=\"auto, (max-width: 300px) 100vw, 300px\" \/><\/a>\n\t\t\t\t<\/dt><\/dl><dl class='gallery-item'>\n\t\t\t\t<dt class='gallery-icon landscape'>\n\t\t\t\t\t<a class=\"rollover rollover-zoom dt-pswp-item\" title=\"d1e7de2c-855a-423f-9e6d-c2036b87fed0\" data-dt-img-description=\"\" data-large_image_width=\"1024\" data-large_image_height=\"768\"href='https:\/\/www.radiopiu.net\/wordpress\/wp-content\/uploads\/2023\/05\/d1e7de2c-855a-423f-9e6d-c2036b87fed0.jpg'><img loading=\"lazy\" decoding=\"async\" width=\"300\" height=\"225\" src=\"https:\/\/www.radiopiu.net\/wordpress\/wp-content\/uploads\/2023\/05\/d1e7de2c-855a-423f-9e6d-c2036b87fed0-300x225.jpg\" class=\"attachment-medium size-medium\" alt=\"\" srcset=\"https:\/\/www.radiopiu.net\/wordpress\/wp-content\/uploads\/2023\/05\/d1e7de2c-855a-423f-9e6d-c2036b87fed0-300x225.jpg 300w, https:\/\/www.radiopiu.net\/wordpress\/wp-content\/uploads\/2023\/05\/d1e7de2c-855a-423f-9e6d-c2036b87fed0-768x576.jpg 768w, https:\/\/www.radiopiu.net\/wordpress\/wp-content\/uploads\/2023\/05\/d1e7de2c-855a-423f-9e6d-c2036b87fed0.jpg 1024w\" sizes=\"auto, (max-width: 300px) 100vw, 300px\" \/><\/a>\n\t\t\t\t<\/dt><\/dl><br style=\"clear: both\" \/>\n\t\t\t<\/div>\n\n<p>&nbsp;<\/p>\n<hr \/>\n<p>&nbsp;<\/p>\n<p>&nbsp;<\/p>\n<h2><strong><a class=\"dt-pswp-item\" href=\"https:\/\/www.radiopiu.net\/wordpress\/wp-content\/uploads\/2020\/12\/MORENO-DE-VAL.jpg\" data-dt-img-description=\"\" data-large_image_width=\"257\" data-large_image_height=\"244\"><img loading=\"lazy\" decoding=\"async\" class=\" wp-image-179073 alignleft\" src=\"https:\/\/www.radiopiu.net\/wordpress\/wp-content\/uploads\/2020\/12\/MORENO-DE-VAL.jpg\" alt=\"\" width=\"150\" height=\"142\" \/><\/a><\/strong><span style=\"color: #339966;\">ALLA RASSEGNA STAMPA IL PRIMO CITTADINO DI SAN TOMASO<\/span><\/h2>\n<p><strong>di Gianni Santomaso<\/strong><\/p>\n<p>OSPITE: Moreno De Val, Sindaco di San Tomaso<\/p>\n<audio class=\"wp-audio-shortcode\" id=\"audio-334562-2\" preload=\"none\" style=\"width: 100%;\" controls=\"controls\"><source type=\"audio\/mpeg\" src=\"https:\/\/www.radiopiu.net\/wordpress\/wp-content\/uploads\/2023\/05\/RASSEGNA-GIANNI-1.mp3?_=2\" \/><a href=\"https:\/\/www.radiopiu.net\/wordpress\/wp-content\/uploads\/2023\/05\/RASSEGNA-GIANNI-1.mp3\">https:\/\/www.radiopiu.net\/wordpress\/wp-content\/uploads\/2023\/05\/RASSEGNA-GIANNI-1.mp3<\/a><\/audio>\n<p>&nbsp;<\/p>\n<\/div>\n<\/div>\n<\/div>\n<\/div>\n<\/div>\n<\/div>\n<\/div>\n<\/div>\n<p>&nbsp;<\/p>\n<hr \/>\n<p>&nbsp;<\/p>\n<blockquote>\n<h3>ALESSIO TABACCHI, 50 ANNI NEL SOCCORSO ALPINO DI PIEVE DI CADORE<\/h3>\n<\/blockquote>\n<p><strong><a class=\"dt-pswp-item\" href=\"https:\/\/www.radiopiu.net\/wordpress\/wp-content\/uploads\/2023\/05\/SCR-20230506-ndji.jpeg\" data-dt-img-description=\"\" data-large_image_width=\"1300\" data-large_image_height=\"938\"><img loading=\"lazy\" decoding=\"async\" class=\" wp-image-334631 alignleft\" src=\"https:\/\/www.radiopiu.net\/wordpress\/wp-content\/uploads\/2023\/05\/SCR-20230506-ndji-300x216.jpeg\" alt=\"\" width=\"192\" height=\"138\" srcset=\"https:\/\/www.radiopiu.net\/wordpress\/wp-content\/uploads\/2023\/05\/SCR-20230506-ndji-300x216.jpeg 300w, https:\/\/www.radiopiu.net\/wordpress\/wp-content\/uploads\/2023\/05\/SCR-20230506-ndji-1024x739.jpeg 1024w, https:\/\/www.radiopiu.net\/wordpress\/wp-content\/uploads\/2023\/05\/SCR-20230506-ndji-768x554.jpeg 768w, https:\/\/www.radiopiu.net\/wordpress\/wp-content\/uploads\/2023\/05\/SCR-20230506-ndji.jpeg 1300w\" sizes=\"auto, (max-width: 192px) 100vw, 192px\" \/><\/a>PIEVE DI CADORE <\/strong>Il Soccorso alpino di Pieve di Cadore ha festeggiato Alessio Tabacchi, un soccorritore storico che ha dedicato 50 anni della sua vita all&#8217;aiuto delle persone in difficolt\u00e0 in montagna. Tabacchi ha completato il suo mandato all&#8217;interno dell&#8217;Associazione, come previsto dallo statuto del Cnsas, dopo aver dimostrato competenza, seriet\u00e0, dedizione, immediata risposta, presenza costante, capacit\u00e0, disponibilit\u00e0 e gran cuore. Circondato dai soccorritori che da lui hanno imparato e da quelli che al suo fianco sono stati fin dalle prime missioni, \u00e8 stato accolto in Municipio dal sindaco di Pieve di Cadore Giuseppe Casagrande e gli sono stati tributati numerosi ringraziamenti. Tabacchi ha portato a termine operazioni di soccorso anche molto complesse e ha ultimato tutta la rete radio per la dovuta e opportuna comunicazione. In segno di riconoscimento, \u00e8 stato conferito al socio l&#8217;onorificenza di Socio Emerito per i molti anni di servizio a favore del Corpo Nazionale Soccorso Alpino Speleologico.<\/p>\n<div class=\"group w-full text-gray-800 dark:text-gray-100 border-b border-black\/10 dark:border-gray-900\/50 bg-gray-50 dark:bg-[#444654]\">\n<div class=\"flex p-4 gap-4 text-base md:gap-6 md:max-w-2xl lg:max-w-xl xl:max-w-3xl md:py-6 lg:px-0 m-auto\">\n<div class=\"relative flex flex-col w-[calc(100%-50px)] gap-1 md:gap-3 lg:w-[calc(100%-115px)]\">\n<div class=\"flex justify-between lg:block\">\n<div class=\"text-gray-400 flex self-end lg:self-center justify-center mt-2 gap-2 md:gap-3 lg:gap-1 lg:absolute lg:top-0 lg:translate-x-full lg:right-0 lg:mt-0 lg:pl-2 visible\"><\/div>\n<\/div>\n<\/div>\n<\/div>\n<\/div>\n<hr \/>\n<p>&nbsp;<\/p>\n<blockquote>\n<h3>INCONTRO CON I BACINI DI PESCA, SOTTO LA LENTE LA NUOVA CARTA ITTICA REGIONALE E I CENTRI ITTIOGENICI PROVINCIALI<\/h3>\n<\/blockquote>\n<p><strong><a class=\"dt-pswp-item\" href=\"https:\/\/www.radiopiu.net\/wordpress\/wp-content\/uploads\/2023\/05\/incontro-bacini-di-pesca-scaled.jpg\" data-dt-img-description=\"\" data-large_image_width=\"2560\" data-large_image_height=\"1920\"><img loading=\"lazy\" decoding=\"async\" class=\" wp-image-334639 alignleft\" src=\"https:\/\/www.radiopiu.net\/wordpress\/wp-content\/uploads\/2023\/05\/incontro-bacini-di-pesca-300x225.jpg\" alt=\"\" width=\"169\" height=\"127\" srcset=\"https:\/\/www.radiopiu.net\/wordpress\/wp-content\/uploads\/2023\/05\/incontro-bacini-di-pesca-300x225.jpg 300w, https:\/\/www.radiopiu.net\/wordpress\/wp-content\/uploads\/2023\/05\/incontro-bacini-di-pesca-1024x768.jpg 1024w, https:\/\/www.radiopiu.net\/wordpress\/wp-content\/uploads\/2023\/05\/incontro-bacini-di-pesca-768x576.jpg 768w, https:\/\/www.radiopiu.net\/wordpress\/wp-content\/uploads\/2023\/05\/incontro-bacini-di-pesca-1536x1152.jpg 1536w, https:\/\/www.radiopiu.net\/wordpress\/wp-content\/uploads\/2023\/05\/incontro-bacini-di-pesca-2048x1536.jpg 2048w\" sizes=\"auto, (max-width: 169px) 100vw, 169px\" \/><\/a>BELLUNO<\/strong>La Provincia di Belluno ha recentemente incontrato i rappresentanti dei pescatori della Federazione bacini di pesca per discutere le ultime novit\u00e0 in materia di attivit\u00e0 alieutica. Tra gli argomenti trattati c&#8217;\u00e8 stata la nuova carta ittica regionale approvata alla fine del 2022 e il nuovo regolamento che entrer\u00e0 in vigore dalla prossima stagione di pesca. La Provincia ha inoltre illustrato ai pescatori i progetti di valorizzazione dei due centri ittiogenici di Bolzano Bellunese e Tomo, dove viene allevata la trota marmorata del ceppo Piave, specie autoctona dei corsi d&#8217;acqua bellunesi. Sono stati investiti 1,4 milioni di euro per i due impianti, grazie a cofinanziamenti del Fondo Comuni confinanti e regionali e fondi provinciali per quasi 500mila euro. Il consiglio provinciale ha inoltre approvato un accordo con Veneto Acque per proseguire con la valorizzazione e la realizzazione delle opere previste dal progetto.<\/p>\n<div class=\"group w-full text-gray-800 dark:text-gray-100 border-b border-black\/10 dark:border-gray-900\/50 bg-gray-50 dark:bg-[#444654]\">\n<div class=\"flex p-4 gap-4 text-base md:gap-6 md:max-w-2xl lg:max-w-xl xl:max-w-3xl md:py-6 lg:px-0 m-auto\">\n<div class=\"relative flex flex-col w-[calc(100%-50px)] gap-1 md:gap-3 lg:w-[calc(100%-115px)]\">\n<div class=\"flex justify-between lg:block\">\n<div class=\"text-gray-400 flex self-end lg:self-center justify-center mt-2 gap-2 md:gap-3 lg:gap-1 lg:absolute lg:top-0 lg:translate-x-full lg:right-0 lg:mt-0 lg:pl-2 visible\"><\/div>\n<\/div>\n<\/div>\n<\/div>\n<\/div>\n<p>&nbsp;<\/p>\n<p>&nbsp;<\/p>\n<hr \/>\n<p>&nbsp;<\/p>\n<blockquote>\n<h3>RINNOVATA LA SEDE APPIA DI SANTO STEFANO DI CADORE<\/h3>\n<\/blockquote>\n<p><strong><a class=\"dt-pswp-item\" href=\"https:\/\/www.radiopiu.net\/wordpress\/wp-content\/uploads\/2023\/05\/Taglio-del-nastro-sede-Santo-Stefano-di-Cadore-Appia-Cna.jpg-scaled.jpg\" data-dt-img-description=\"\" data-large_image_width=\"2560\" data-large_image_height=\"1707\"><img loading=\"lazy\" decoding=\"async\" class=\" wp-image-334635 alignleft\" src=\"https:\/\/www.radiopiu.net\/wordpress\/wp-content\/uploads\/2023\/05\/Taglio-del-nastro-sede-Santo-Stefano-di-Cadore-Appia-Cna.jpg-300x200.jpg\" alt=\"\" width=\"173\" height=\"115\" srcset=\"https:\/\/www.radiopiu.net\/wordpress\/wp-content\/uploads\/2023\/05\/Taglio-del-nastro-sede-Santo-Stefano-di-Cadore-Appia-Cna.jpg-300x200.jpg 300w, https:\/\/www.radiopiu.net\/wordpress\/wp-content\/uploads\/2023\/05\/Taglio-del-nastro-sede-Santo-Stefano-di-Cadore-Appia-Cna.jpg-1024x683.jpg 1024w, https:\/\/www.radiopiu.net\/wordpress\/wp-content\/uploads\/2023\/05\/Taglio-del-nastro-sede-Santo-Stefano-di-Cadore-Appia-Cna.jpg-768x512.jpg 768w, https:\/\/www.radiopiu.net\/wordpress\/wp-content\/uploads\/2023\/05\/Taglio-del-nastro-sede-Santo-Stefano-di-Cadore-Appia-Cna.jpg-1536x1024.jpg 1536w, https:\/\/www.radiopiu.net\/wordpress\/wp-content\/uploads\/2023\/05\/Taglio-del-nastro-sede-Santo-Stefano-di-Cadore-Appia-Cna.jpg-2048x1365.jpg 2048w\" sizes=\"auto, (max-width: 173px) 100vw, 173px\" \/><\/a>SANTO STEFANO DI CADORE <\/strong>Taglio del nastro\u00a0 per la rinnovata sede di Appia Cna Belluno a Santo Stefano di Cadore. L&#8217;ufficio, punto di riferimento per il Comelico, ha visto un&#8217;importante opera di ampliamento, che ha consentito anche di rafforzare i servizi ai cittadini come quelli del CAF \u2013 Centro Assistenza Fiscale e del patronato.<\/p>\n<p><iframe loading=\"lazy\" title=\"APPIA SANTO STEFANO\" width=\"1200\" height=\"675\" src=\"https:\/\/www.youtube.com\/embed\/WpdQdn3u-yM?feature=oembed\" frameborder=\"0\" allow=\"accelerometer; autoplay; clipboard-write; encrypted-media; gyroscope; picture-in-picture; web-share\" allowfullscreen><\/iframe><\/p>\n<p>&nbsp;<\/p>\n<p>&nbsp;<\/p>\n<hr \/>\n<p>&nbsp;<\/p>\n<blockquote>\n<h3>UN NUOVO INCONTRO SUL TEMA SANITA&#8217;<\/h3>\n<\/blockquote>\n<p><a href=\"https:\/\/www.radiopiu.net\/wordpress\/wp-content\/uploads\/2023\/05\/lbxy5fd5.bmp\"><img loading=\"lazy\" decoding=\"async\" class=\"wp-image-334786 alignleft\" src=\"https:\/\/www.radiopiu.net\/wordpress\/wp-content\/uploads\/2023\/05\/lbxy5fd5.bmp\" alt=\"\" width=\"384\" height=\"216\" \/><\/a><\/p>\n<p><strong>PONTE NELLE ALPI<\/strong> Sabato alle 15.30 alla ex Casa Rossa si terr\u00e0 un&#8217;assemblea aperta a tutti per discutere della situazione della sanit\u00e0 pubblica nella provincia e per organizzare prossime iniziative. Dopo la manifestazione regionale a Vicenza del 15 aprile, che ha visto la partecipazione di cittadini bellunesi, si \u00e8 reso necessario un momento di riflessione e organizzazione per contrastare la carenza di servizi e di personale sanitario, che compromette l&#8217;efficacia e la mancanza di cure. Si invitano a partecipare cittadini, associazioni, sindacati e amministrazioni pubbliche per fare il punto della situazione e proseguire l&#8217;impegno per rilanciare la sanit\u00e0 pubblica, mettendo al centro la salute e il benessere delle persone.<\/p>\n<p>&nbsp;<\/p>\n<p>&nbsp;<\/p>\n<p>&nbsp;<\/p>\n<hr \/>\n<p>&nbsp;<\/p>\n<blockquote>\n<h3>LA GIORNATA DELL&#8217;OSTETRICA IN ULSS 1 DOLOMITI<\/h3>\n<\/blockquote>\n<p><strong>BELLUNO<\/strong> Un pomeriggio ricco di colori e di emozioni per la giornata dell&#8217;ostetrica in ulss Dolomiti grazie alle iniziative proposte dalle UO Ostetricia ospedaliere in collaborazione con le ostetriche del Consultorio e il servizio di psicologia ospedaliera. All&#8217;Ostetricia di Belluno, il belly painting (molto apprezzato dalle future mamme) \u00e8 stato l&#8217;occasione per far conoscere il reparto e il servizi offerti a supporto delle mamme e dei pap\u00e0, sia in ospedale che nel territorio. A Feltre, le Ostetriche di ospedale e territorio hanno proposto un&#8217;attivit\u00e0 per i futuri fratelli maggiori per accompagnarli a scoprire cosa sta succedendo alla pancia della loro mamma.<\/p>\n\n\t\t\t<style type='text\/css'>\n\t\t\t\t#gallery-3 {\n\t\t\t\t\tmargin: auto;\n\t\t\t\t}\n\t\t\t\t#gallery-3 .gallery-item {\n\t\t\t\t\tfloat: left;\n\t\t\t\t\tmargin-top: 10px;\n\t\t\t\t\ttext-align: center;\n\t\t\t\t\twidth: 50%;\n\t\t\t\t}\n\t\t\t\t#gallery-3 img {\n\t\t\t\t\tborder: 2px solid #cfcfcf;\n\t\t\t\t}\n\t\t\t\t#gallery-3 .gallery-caption {\n\t\t\t\t\tmargin-left: 0;\n\t\t\t\t}\n\t\t\t\t\/* see gallery_shortcode() in wp-includes\/media.php *\/\n\t\t\t<\/style>\n\t\t<div id='gallery-3' class='dt-gallery-container gallery galleryid-334562 gallery-columns-2 gallery-size-medium'><dl class='gallery-item'>\n\t\t\t\t<dt class='gallery-icon landscape'>\n\t\t\t\t\t<a class=\"rollover rollover-zoom dt-pswp-item\" title=\"345419964_555638966718087_208334455295507156_n\" data-dt-img-description=\"\" data-large_image_width=\"1024\" data-large_image_height=\"768\"href='https:\/\/www.radiopiu.net\/wordpress\/wp-content\/uploads\/2023\/05\/345419964_555638966718087_208334455295507156_n.jpg'><img loading=\"lazy\" decoding=\"async\" width=\"300\" height=\"225\" src=\"https:\/\/www.radiopiu.net\/wordpress\/wp-content\/uploads\/2023\/05\/345419964_555638966718087_208334455295507156_n-300x225.jpg\" class=\"attachment-medium size-medium\" alt=\"\" srcset=\"https:\/\/www.radiopiu.net\/wordpress\/wp-content\/uploads\/2023\/05\/345419964_555638966718087_208334455295507156_n-300x225.jpg 300w, https:\/\/www.radiopiu.net\/wordpress\/wp-content\/uploads\/2023\/05\/345419964_555638966718087_208334455295507156_n-768x576.jpg 768w, https:\/\/www.radiopiu.net\/wordpress\/wp-content\/uploads\/2023\/05\/345419964_555638966718087_208334455295507156_n.jpg 1024w\" sizes=\"auto, (max-width: 300px) 100vw, 300px\" \/><\/a>\n\t\t\t\t<\/dt><\/dl><dl class='gallery-item'>\n\t\t\t\t<dt class='gallery-icon landscape'>\n\t\t\t\t\t<a class=\"rollover rollover-zoom dt-pswp-item\" title=\"345260425_102320046198806_2114359278417802662_n\" data-dt-img-description=\"\" data-large_image_width=\"1600\" data-large_image_height=\"900\"href='https:\/\/www.radiopiu.net\/wordpress\/wp-content\/uploads\/2023\/05\/345260425_102320046198806_2114359278417802662_n.jpg'><img loading=\"lazy\" decoding=\"async\" width=\"300\" height=\"169\" src=\"https:\/\/www.radiopiu.net\/wordpress\/wp-content\/uploads\/2023\/05\/345260425_102320046198806_2114359278417802662_n-300x169.jpg\" class=\"attachment-medium size-medium\" alt=\"\" srcset=\"https:\/\/www.radiopiu.net\/wordpress\/wp-content\/uploads\/2023\/05\/345260425_102320046198806_2114359278417802662_n-300x169.jpg 300w, https:\/\/www.radiopiu.net\/wordpress\/wp-content\/uploads\/2023\/05\/345260425_102320046198806_2114359278417802662_n-1024x576.jpg 1024w, https:\/\/www.radiopiu.net\/wordpress\/wp-content\/uploads\/2023\/05\/345260425_102320046198806_2114359278417802662_n-768x432.jpg 768w, https:\/\/www.radiopiu.net\/wordpress\/wp-content\/uploads\/2023\/05\/345260425_102320046198806_2114359278417802662_n-1536x864.jpg 1536w, https:\/\/www.radiopiu.net\/wordpress\/wp-content\/uploads\/2023\/05\/345260425_102320046198806_2114359278417802662_n.jpg 1600w\" sizes=\"auto, (max-width: 300px) 100vw, 300px\" \/><\/a>\n\t\t\t\t<\/dt><\/dl><br style=\"clear: both\" \/>\n\t\t\t<\/div>\n\n<p>&nbsp;<\/p>\n<p>&nbsp;<\/p>\n<hr \/>\n<p>&nbsp;<\/p>\n<blockquote>\n<h3><a class=\"dt-pswp-item\" href=\"https:\/\/www.radiopiu.net\/wordpress\/wp-content\/uploads\/2023\/05\/AMBLIOPIA_SCREENING_a.jpg\" data-dt-img-description=\"\" data-large_image_width=\"768\" data-large_image_height=\"1024\"><img loading=\"lazy\" decoding=\"async\" class=\"wp-image-334665 alignleft\" src=\"https:\/\/www.radiopiu.net\/wordpress\/wp-content\/uploads\/2023\/05\/AMBLIOPIA_SCREENING_a-225x300.jpg\" alt=\"\" width=\"150\" height=\"200\" srcset=\"https:\/\/www.radiopiu.net\/wordpress\/wp-content\/uploads\/2023\/05\/AMBLIOPIA_SCREENING_a-225x300.jpg 225w, https:\/\/www.radiopiu.net\/wordpress\/wp-content\/uploads\/2023\/05\/AMBLIOPIA_SCREENING_a.jpg 768w\" sizes=\"auto, (max-width: 150px) 100vw, 150px\" \/><\/a>CAMPAGNA DI PREVENZIONE DELL\u2019AMBLIOPIA SU INIZIATIVA DEL LIONS CLUB FELTRE CASTELLO DI ALBOINO<\/h3>\n<\/blockquote>\n<p><strong>FELTRE <\/strong>Si \u00e8 conclusa nelle scorse settimane per iniziativa del Lions Club Feltre Castello di Alboino, il primo ciclo di visite preventive nelle scuole dell\u2019infanzia di Borgo Valbelluna, finalizzate ad intercettare l\u2019ambliopia, meglio conosciuta come occhio prigro, ossia la riduzione della capacit\u00e0 visiva di uno solo o di tutti due gli occhi. Essa \u00e8 causata da uno sviluppo anomalo delle connessioni nervose con il cervello, dovuta ad una non adeguata stimolazione. L\u2019occhio pigro \u00e8 una condizione insidiosa e non sempre facile da scoprire. Per fortuna, nella maggior parte dei casi \u00e8 risolvibile sempre che la diagnosi sia la piu precoce possibile e che il trattamento sia continuato fino all\u2019et\u00e0 dei dieci-dodici anni.<\/p>\n<p>&nbsp;<\/p>\n<p>&nbsp;<\/p>\n<hr \/>\n<p>&nbsp;<\/p>\n<blockquote>\n<h3>DILLO A RADIO PIU&#8217;&#8230;LA DISCARICA A CIELO APERTO DI LA VALLE<\/h3>\n<\/blockquote>\n<p><strong>REDAZIONE<\/strong> Riceviamo e pubblichiamo due foto che ci sono arrivate da una nostra ascoltatrice. Le immagini confermano una discarica a cielo aperto dove viene riversato un po&#8217; di tutto. Siamo in localit\u00e0 Le Vizze a La Valle<\/p>\n\n\t\t\t<style type='text\/css'>\n\t\t\t\t#gallery-4 {\n\t\t\t\t\tmargin: auto;\n\t\t\t\t}\n\t\t\t\t#gallery-4 .gallery-item {\n\t\t\t\t\tfloat: left;\n\t\t\t\t\tmargin-top: 10px;\n\t\t\t\t\ttext-align: center;\n\t\t\t\t\twidth: 50%;\n\t\t\t\t}\n\t\t\t\t#gallery-4 img {\n\t\t\t\t\tborder: 2px solid #cfcfcf;\n\t\t\t\t}\n\t\t\t\t#gallery-4 .gallery-caption {\n\t\t\t\t\tmargin-left: 0;\n\t\t\t\t}\n\t\t\t\t\/* see gallery_shortcode() in wp-includes\/media.php *\/\n\t\t\t<\/style>\n\t\t<div id='gallery-4' class='dt-gallery-container gallery galleryid-334562 gallery-columns-2 gallery-size-medium'><dl class='gallery-item'>\n\t\t\t\t<dt class='gallery-icon portrait'>\n\t\t\t\t\t<a class=\"rollover rollover-zoom dt-pswp-item\" title=\"IMG_20230507_171843\" data-dt-img-description=\"\" data-large_image_width=\"1915\" data-large_image_height=\"2560\"href='https:\/\/www.radiopiu.net\/wordpress\/wp-content\/uploads\/2023\/05\/IMG_20230507_171843-scaled.jpg'><img loading=\"lazy\" decoding=\"async\" width=\"224\" height=\"300\" src=\"https:\/\/www.radiopiu.net\/wordpress\/wp-content\/uploads\/2023\/05\/IMG_20230507_171843-224x300.jpg\" class=\"attachment-medium size-medium\" alt=\"\" srcset=\"https:\/\/www.radiopiu.net\/wordpress\/wp-content\/uploads\/2023\/05\/IMG_20230507_171843-224x300.jpg 224w, https:\/\/www.radiopiu.net\/wordpress\/wp-content\/uploads\/2023\/05\/IMG_20230507_171843-766x1024.jpg 766w, https:\/\/www.radiopiu.net\/wordpress\/wp-content\/uploads\/2023\/05\/IMG_20230507_171843-768x1027.jpg 768w, https:\/\/www.radiopiu.net\/wordpress\/wp-content\/uploads\/2023\/05\/IMG_20230507_171843-1149x1536.jpg 1149w, https:\/\/www.radiopiu.net\/wordpress\/wp-content\/uploads\/2023\/05\/IMG_20230507_171843-1532x2048.jpg 1532w, https:\/\/www.radiopiu.net\/wordpress\/wp-content\/uploads\/2023\/05\/IMG_20230507_171843-scaled.jpg 1915w\" sizes=\"auto, (max-width: 224px) 100vw, 224px\" \/><\/a>\n\t\t\t\t<\/dt><\/dl><dl class='gallery-item'>\n\t\t\t\t<dt class='gallery-icon portrait'>\n\t\t\t\t\t<a class=\"rollover rollover-zoom dt-pswp-item\" title=\"IMG_20230507_172003\" data-dt-img-description=\"\" data-large_image_width=\"1915\" data-large_image_height=\"2560\"href='https:\/\/www.radiopiu.net\/wordpress\/wp-content\/uploads\/2023\/05\/IMG_20230507_172003-scaled.jpg'><img loading=\"lazy\" decoding=\"async\" width=\"224\" height=\"300\" src=\"https:\/\/www.radiopiu.net\/wordpress\/wp-content\/uploads\/2023\/05\/IMG_20230507_172003-224x300.jpg\" class=\"attachment-medium size-medium\" alt=\"\" srcset=\"https:\/\/www.radiopiu.net\/wordpress\/wp-content\/uploads\/2023\/05\/IMG_20230507_172003-224x300.jpg 224w, https:\/\/www.radiopiu.net\/wordpress\/wp-content\/uploads\/2023\/05\/IMG_20230507_172003-766x1024.jpg 766w, https:\/\/www.radiopiu.net\/wordpress\/wp-content\/uploads\/2023\/05\/IMG_20230507_172003-768x1027.jpg 768w, https:\/\/www.radiopiu.net\/wordpress\/wp-content\/uploads\/2023\/05\/IMG_20230507_172003-1149x1536.jpg 1149w, https:\/\/www.radiopiu.net\/wordpress\/wp-content\/uploads\/2023\/05\/IMG_20230507_172003-1532x2048.jpg 1532w, https:\/\/www.radiopiu.net\/wordpress\/wp-content\/uploads\/2023\/05\/IMG_20230507_172003-scaled.jpg 1915w\" sizes=\"auto, (max-width: 224px) 100vw, 224px\" \/><\/a>\n\t\t\t\t<\/dt><\/dl><br style=\"clear: both\" \/>\n\t\t\t<\/div>\n\n<p>&nbsp;<\/p>\n<hr \/>\n<p>&nbsp;<\/p>\n<blockquote>\n<h3>QUANDO RE CARLO OMAGGIO&#8217; CON DEI BISCOTTI DUE SUOI COSCRITTI DI TAIBON IN OCCASIONE DEL SESSANTESIMO COMPLEANNO<\/h3>\n<\/blockquote>\n<p><strong>TAIBON<\/strong><\/p>\n<p><strong>di Luisa Manfroi<\/strong><\/p>\n<audio class=\"wp-audio-shortcode\" id=\"audio-334562-3\" preload=\"none\" style=\"width: 100%;\" controls=\"controls\"><source type=\"audio\/mpeg\" src=\"https:\/\/www.radiopiu.net\/wordpress\/wp-content\/uploads\/2023\/05\/LUISA-MANFROI-RE-CARLO.mp3?_=3\" \/><a href=\"https:\/\/www.radiopiu.net\/wordpress\/wp-content\/uploads\/2023\/05\/LUISA-MANFROI-RE-CARLO.mp3\">https:\/\/www.radiopiu.net\/wordpress\/wp-content\/uploads\/2023\/05\/LUISA-MANFROI-RE-CARLO.mp3<\/a><\/audio>\n<p>&nbsp;<\/p>\n<p><strong>LA LETTERA<\/strong><\/p>\n\n\t\t\t<style type='text\/css'>\n\t\t\t\t#gallery-5 {\n\t\t\t\t\tmargin: auto;\n\t\t\t\t}\n\t\t\t\t#gallery-5 .gallery-item {\n\t\t\t\t\tfloat: left;\n\t\t\t\t\tmargin-top: 10px;\n\t\t\t\t\ttext-align: center;\n\t\t\t\t\twidth: 50%;\n\t\t\t\t}\n\t\t\t\t#gallery-5 img {\n\t\t\t\t\tborder: 2px solid #cfcfcf;\n\t\t\t\t}\n\t\t\t\t#gallery-5 .gallery-caption {\n\t\t\t\t\tmargin-left: 0;\n\t\t\t\t}\n\t\t\t\t\/* see gallery_shortcode() in wp-includes\/media.php *\/\n\t\t\t<\/style>\n\t\t<div id='gallery-5' class='dt-gallery-container gallery galleryid-334562 gallery-columns-2 gallery-size-medium'><dl class='gallery-item'>\n\t\t\t\t<dt class='gallery-icon portrait'>\n\t\t\t\t\t<a class=\"rollover rollover-zoom dt-pswp-item\" title=\"Lettera 1 parte\" data-dt-img-description=\"\" data-large_image_width=\"1116\" data-large_image_height=\"1448\"href='https:\/\/www.radiopiu.net\/wordpress\/wp-content\/uploads\/2023\/05\/Lettera-1-parte.jpg'><img loading=\"lazy\" decoding=\"async\" width=\"231\" height=\"300\" src=\"https:\/\/www.radiopiu.net\/wordpress\/wp-content\/uploads\/2023\/05\/Lettera-1-parte-231x300.jpg\" class=\"attachment-medium size-medium\" alt=\"\" srcset=\"https:\/\/www.radiopiu.net\/wordpress\/wp-content\/uploads\/2023\/05\/Lettera-1-parte-231x300.jpg 231w, https:\/\/www.radiopiu.net\/wordpress\/wp-content\/uploads\/2023\/05\/Lettera-1-parte-789x1024.jpg 789w, https:\/\/www.radiopiu.net\/wordpress\/wp-content\/uploads\/2023\/05\/Lettera-1-parte-768x996.jpg 768w, https:\/\/www.radiopiu.net\/wordpress\/wp-content\/uploads\/2023\/05\/Lettera-1-parte.jpg 1116w\" sizes=\"auto, (max-width: 231px) 100vw, 231px\" \/><\/a>\n\t\t\t\t<\/dt><\/dl><dl class='gallery-item'>\n\t\t\t\t<dt class='gallery-icon landscape'>\n\t\t\t\t\t<a class=\"rollover rollover-zoom dt-pswp-item\" title=\"Lettera 2 parte\" data-dt-img-description=\"\" data-large_image_width=\"1137\" data-large_image_height=\"1120\"href='https:\/\/www.radiopiu.net\/wordpress\/wp-content\/uploads\/2023\/05\/Lettera-2-parte.jpg'><img loading=\"lazy\" decoding=\"async\" width=\"300\" height=\"296\" src=\"https:\/\/www.radiopiu.net\/wordpress\/wp-content\/uploads\/2023\/05\/Lettera-2-parte-300x296.jpg\" class=\"attachment-medium size-medium\" alt=\"\" srcset=\"https:\/\/www.radiopiu.net\/wordpress\/wp-content\/uploads\/2023\/05\/Lettera-2-parte-300x296.jpg 300w, https:\/\/www.radiopiu.net\/wordpress\/wp-content\/uploads\/2023\/05\/Lettera-2-parte-1024x1009.jpg 1024w, https:\/\/www.radiopiu.net\/wordpress\/wp-content\/uploads\/2023\/05\/Lettera-2-parte-768x757.jpg 768w, https:\/\/www.radiopiu.net\/wordpress\/wp-content\/uploads\/2023\/05\/Lettera-2-parte.jpg 1137w\" sizes=\"auto, (max-width: 300px) 100vw, 300px\" \/><\/a>\n\t\t\t\t<\/dt><\/dl><br style=\"clear: both\" \/>\n\t\t\t<\/div>\n\n<p>&nbsp;<\/p>\n<p><strong>I BISCOTTI<\/strong><\/p>\n\n\t\t\t<style type='text\/css'>\n\t\t\t\t#gallery-6 {\n\t\t\t\t\tmargin: auto;\n\t\t\t\t}\n\t\t\t\t#gallery-6 .gallery-item {\n\t\t\t\t\tfloat: left;\n\t\t\t\t\tmargin-top: 10px;\n\t\t\t\t\ttext-align: center;\n\t\t\t\t\twidth: 50%;\n\t\t\t\t}\n\t\t\t\t#gallery-6 img {\n\t\t\t\t\tborder: 2px solid #cfcfcf;\n\t\t\t\t}\n\t\t\t\t#gallery-6 .gallery-caption {\n\t\t\t\t\tmargin-left: 0;\n\t\t\t\t}\n\t\t\t\t\/* see gallery_shortcode() in wp-includes\/media.php *\/\n\t\t\t<\/style>\n\t\t<div id='gallery-6' class='dt-gallery-container gallery galleryid-334562 gallery-columns-2 gallery-size-thumbnail'><dl class='gallery-item'>\n\t\t\t\t<dt class='gallery-icon landscape'>\n\t\t\t\t\t<a class=\"rollover rollover-zoom dt-pswp-item\" title=\"Biscotti\" data-dt-img-description=\"\" data-large_image_width=\"1600\" data-large_image_height=\"1200\"href='https:\/\/www.radiopiu.net\/wordpress\/wp-content\/uploads\/2023\/05\/Biscotti.jpg'><img loading=\"lazy\" decoding=\"async\" width=\"150\" height=\"150\" src=\"https:\/\/www.radiopiu.net\/wordpress\/wp-content\/uploads\/2023\/05\/Biscotti-150x150.jpg\" class=\"attachment-thumbnail size-thumbnail\" alt=\"\" \/><\/a>\n\t\t\t\t<\/dt><\/dl><dl class='gallery-item'>\n\t\t\t\t<dt class='gallery-icon landscape'>\n\t\t\t\t\t<a class=\"rollover rollover-zoom dt-pswp-item\" title=\"scatola biscotti\" data-dt-img-description=\"\" data-large_image_width=\"1514\" data-large_image_height=\"865\"href='https:\/\/www.radiopiu.net\/wordpress\/wp-content\/uploads\/2023\/05\/scatola-biscotti.jpg'><img loading=\"lazy\" decoding=\"async\" width=\"150\" height=\"150\" src=\"https:\/\/www.radiopiu.net\/wordpress\/wp-content\/uploads\/2023\/05\/scatola-biscotti-150x150.jpg\" class=\"attachment-thumbnail size-thumbnail\" alt=\"\" \/><\/a>\n\t\t\t\t<\/dt><\/dl><br style=\"clear: both\" \/>\n\t\t\t<\/div>\n\n<p>&nbsp;<\/p>\n<hr \/>\n<p>&nbsp;<\/p>\n<blockquote>\n<h3>60 ANNI DI ALPINISMO IN CIVETTA, L&#8217;ANNIVERSARIO DEL RIFUGIO TISSI<\/h3>\n<\/blockquote>\n<p><strong><a class=\"dt-pswp-item\" href=\"https:\/\/www.radiopiu.net\/wordpress\/wp-content\/uploads\/2023\/05\/RIF-TISSI.png\" data-dt-img-description=\"\" data-large_image_width=\"718\" data-large_image_height=\"505\"><img loading=\"lazy\" decoding=\"async\" class=\" wp-image-334315 alignleft\" src=\"https:\/\/www.radiopiu.net\/wordpress\/wp-content\/uploads\/2023\/05\/RIF-TISSI-300x211.png\" alt=\"\" width=\"227\" height=\"160\" srcset=\"https:\/\/www.radiopiu.net\/wordpress\/wp-content\/uploads\/2023\/05\/RIF-TISSI-300x211.png 300w, https:\/\/www.radiopiu.net\/wordpress\/wp-content\/uploads\/2023\/05\/RIF-TISSI.png 718w\" sizes=\"auto, (max-width: 227px) 100vw, 227px\" \/><\/a>ALLEGHE <\/strong>Il grande alpinismo in Civetta insieme a chi quell\u2019alpinismo l\u2019ha vissuto. L\u2019occasione \u00e8 il 60 mo anniversario del Rifugio Tissi, di propriet\u00e0 del CAI Belluno, organizzatore dell\u2019evento. La serata, moderata da Bepi Casagrande, ha visto la partecipazione di grandi nomi dell\u2019alpinismo con i gestori del rifugio Tissi Paola e Valter Bellenzier che hanno raccontato la storia del rifugio, costruito nel 1963 e intitolato alla memoria dell\u2019alpinista Attilio Tissi, scomparso nel 1959. L\u2019evento \u00e8 stato aperto dai canti del coro CAI di Belluno.<\/p>\n<p>&nbsp;<\/p>\n<p><strong>LA DIRETTA RADIO PIU&#8217;<\/strong><\/p>\n<p><iframe loading=\"lazy\" title=\"L&#039;ANNIVERSARIO DEL RIFUGIO TISSI   LA DIRETTA\" width=\"1200\" height=\"675\" src=\"https:\/\/www.youtube.com\/embed\/Ydps73DvYm8?feature=oembed\" frameborder=\"0\" allow=\"accelerometer; autoplay; clipboard-write; encrypted-media; gyroscope; picture-in-picture; web-share\" allowfullscreen><\/iframe><\/p>\n<p>&nbsp;<\/p>\n<hr \/>\n<p>&nbsp;<\/p>\n<blockquote>\n<h3>RISO FA BUON SANGUE AL PALAFALCADE<\/h3>\n<\/blockquote>\n<p><strong><a class=\"dt-pswp-item\" href=\"https:\/\/www.radiopiu.net\/wordpress\/wp-content\/uploads\/2023\/05\/SCR-20230506-rrad.jpeg\" data-dt-img-description=\"\" data-large_image_width=\"1352\" data-large_image_height=\"786\"><img loading=\"lazy\" decoding=\"async\" class=\" wp-image-334669 alignleft\" src=\"https:\/\/www.radiopiu.net\/wordpress\/wp-content\/uploads\/2023\/05\/SCR-20230506-rrad-300x174.jpeg\" alt=\"\" width=\"138\" height=\"80\" srcset=\"https:\/\/www.radiopiu.net\/wordpress\/wp-content\/uploads\/2023\/05\/SCR-20230506-rrad-300x174.jpeg 300w, https:\/\/www.radiopiu.net\/wordpress\/wp-content\/uploads\/2023\/05\/SCR-20230506-rrad-1024x595.jpeg 1024w, https:\/\/www.radiopiu.net\/wordpress\/wp-content\/uploads\/2023\/05\/SCR-20230506-rrad-768x446.jpeg 768w, https:\/\/www.radiopiu.net\/wordpress\/wp-content\/uploads\/2023\/05\/SCR-20230506-rrad.jpeg 1352w\" sizes=\"auto, (max-width: 138px) 100vw, 138px\" \/><\/a>FALCADE <\/strong>Il PalaFalcade ha accolto lo spettacolo &#8220;Riso Fa Buon Sangue&#8221;, una serata per la promozione della donazione del sangue organizzata dalle sezioni ABVS di Falcade, Cencenighe, Canale D&#8217;Agordo e Vallada. Sul palco Paolo Franceschini, Marco e Francesco, Davide Stefanato, Paolo Favaro e Caffa. Una serata ad ingresso gratuito.<\/p>\n<p><strong>LA DIRETTA RADIO PIU&#8217;<\/strong><\/p>\n<p>https:\/\/www.facebook.com\/marco.baghy.1\/videos\/574941738079306<\/p>\n<p>&nbsp;<\/p>\n<p>&nbsp;<\/p>\n<p>&nbsp;<\/p>\n<hr \/>\n<p>&nbsp;<\/p>\n<blockquote>\n<h3>MOTORI E SPERANZA, L&#8217;EVENTO SOLIDALE A FALCADE<\/h3>\n<\/blockquote>\n<p><strong>FALCADE<\/strong> Una giornata dedicata al mondo dei motori ma anche alla solidariet\u00e0. In zona Molino di Falcade rombano i motori per un pomeriggio all&#8217;insegna del divertimento.<\/p>\n\n\t\t\t<style type='text\/css'>\n\t\t\t\t#gallery-7 {\n\t\t\t\t\tmargin: auto;\n\t\t\t\t}\n\t\t\t\t#gallery-7 .gallery-item {\n\t\t\t\t\tfloat: left;\n\t\t\t\t\tmargin-top: 10px;\n\t\t\t\t\ttext-align: center;\n\t\t\t\t\twidth: 33%;\n\t\t\t\t}\n\t\t\t\t#gallery-7 img {\n\t\t\t\t\tborder: 2px solid #cfcfcf;\n\t\t\t\t}\n\t\t\t\t#gallery-7 .gallery-caption {\n\t\t\t\t\tmargin-left: 0;\n\t\t\t\t}\n\t\t\t\t\/* see gallery_shortcode() in wp-includes\/media.php *\/\n\t\t\t<\/style>\n\t\t<div id='gallery-7' class='dt-gallery-container gallery galleryid-334562 gallery-columns-3 gallery-size-medium'><dl class='gallery-item'>\n\t\t\t\t<dt class='gallery-icon landscape'>\n\t\t\t\t\t<a class=\"rollover rollover-zoom dt-pswp-item\" title=\"eaebf762-f7f4-4996-80fc-5251a6e41144\" data-dt-img-description=\"\" data-large_image_width=\"1080\" data-large_image_height=\"810\"href='https:\/\/www.radiopiu.net\/wordpress\/wp-content\/uploads\/2023\/05\/eaebf762-f7f4-4996-80fc-5251a6e41144.jpg'><img loading=\"lazy\" decoding=\"async\" width=\"300\" height=\"225\" src=\"https:\/\/www.radiopiu.net\/wordpress\/wp-content\/uploads\/2023\/05\/eaebf762-f7f4-4996-80fc-5251a6e41144-300x225.jpg\" class=\"attachment-medium size-medium\" alt=\"\" srcset=\"https:\/\/www.radiopiu.net\/wordpress\/wp-content\/uploads\/2023\/05\/eaebf762-f7f4-4996-80fc-5251a6e41144-300x225.jpg 300w, https:\/\/www.radiopiu.net\/wordpress\/wp-content\/uploads\/2023\/05\/eaebf762-f7f4-4996-80fc-5251a6e41144-1024x768.jpg 1024w, https:\/\/www.radiopiu.net\/wordpress\/wp-content\/uploads\/2023\/05\/eaebf762-f7f4-4996-80fc-5251a6e41144-768x576.jpg 768w, https:\/\/www.radiopiu.net\/wordpress\/wp-content\/uploads\/2023\/05\/eaebf762-f7f4-4996-80fc-5251a6e41144.jpg 1080w\" sizes=\"auto, (max-width: 300px) 100vw, 300px\" \/><\/a>\n\t\t\t\t<\/dt><\/dl><dl class='gallery-item'>\n\t\t\t\t<dt class='gallery-icon landscape'>\n\t\t\t\t\t<a class=\"rollover rollover-zoom dt-pswp-item\" title=\"04dd8bf1-4892-4c5a-8dcf-a38af5e47d08\" data-dt-img-description=\"\" data-large_image_width=\"1600\" data-large_image_height=\"900\"href='https:\/\/www.radiopiu.net\/wordpress\/wp-content\/uploads\/2023\/05\/04dd8bf1-4892-4c5a-8dcf-a38af5e47d08.jpg'><img loading=\"lazy\" decoding=\"async\" width=\"300\" height=\"169\" src=\"https:\/\/www.radiopiu.net\/wordpress\/wp-content\/uploads\/2023\/05\/04dd8bf1-4892-4c5a-8dcf-a38af5e47d08-300x169.jpg\" class=\"attachment-medium size-medium\" alt=\"\" srcset=\"https:\/\/www.radiopiu.net\/wordpress\/wp-content\/uploads\/2023\/05\/04dd8bf1-4892-4c5a-8dcf-a38af5e47d08-300x169.jpg 300w, https:\/\/www.radiopiu.net\/wordpress\/wp-content\/uploads\/2023\/05\/04dd8bf1-4892-4c5a-8dcf-a38af5e47d08-1024x576.jpg 1024w, https:\/\/www.radiopiu.net\/wordpress\/wp-content\/uploads\/2023\/05\/04dd8bf1-4892-4c5a-8dcf-a38af5e47d08-768x432.jpg 768w, https:\/\/www.radiopiu.net\/wordpress\/wp-content\/uploads\/2023\/05\/04dd8bf1-4892-4c5a-8dcf-a38af5e47d08-1536x864.jpg 1536w, https:\/\/www.radiopiu.net\/wordpress\/wp-content\/uploads\/2023\/05\/04dd8bf1-4892-4c5a-8dcf-a38af5e47d08.jpg 1600w\" sizes=\"auto, (max-width: 300px) 100vw, 300px\" \/><\/a>\n\t\t\t\t<\/dt><\/dl><dl class='gallery-item'>\n\t\t\t\t<dt class='gallery-icon landscape'>\n\t\t\t\t\t<a class=\"rollover rollover-zoom dt-pswp-item\" title=\"0310335f-5e6d-4970-bf0f-0dcc52e9d9dd\" data-dt-img-description=\"\" data-large_image_width=\"1600\" data-large_image_height=\"900\"href='https:\/\/www.radiopiu.net\/wordpress\/wp-content\/uploads\/2023\/05\/0310335f-5e6d-4970-bf0f-0dcc52e9d9dd.jpg'><img loading=\"lazy\" decoding=\"async\" width=\"300\" height=\"169\" src=\"https:\/\/www.radiopiu.net\/wordpress\/wp-content\/uploads\/2023\/05\/0310335f-5e6d-4970-bf0f-0dcc52e9d9dd-300x169.jpg\" class=\"attachment-medium size-medium\" alt=\"\" srcset=\"https:\/\/www.radiopiu.net\/wordpress\/wp-content\/uploads\/2023\/05\/0310335f-5e6d-4970-bf0f-0dcc52e9d9dd-300x169.jpg 300w, https:\/\/www.radiopiu.net\/wordpress\/wp-content\/uploads\/2023\/05\/0310335f-5e6d-4970-bf0f-0dcc52e9d9dd-1024x576.jpg 1024w, https:\/\/www.radiopiu.net\/wordpress\/wp-content\/uploads\/2023\/05\/0310335f-5e6d-4970-bf0f-0dcc52e9d9dd-768x432.jpg 768w, https:\/\/www.radiopiu.net\/wordpress\/wp-content\/uploads\/2023\/05\/0310335f-5e6d-4970-bf0f-0dcc52e9d9dd-1536x864.jpg 1536w, https:\/\/www.radiopiu.net\/wordpress\/wp-content\/uploads\/2023\/05\/0310335f-5e6d-4970-bf0f-0dcc52e9d9dd.jpg 1600w\" sizes=\"auto, (max-width: 300px) 100vw, 300px\" \/><\/a>\n\t\t\t\t<\/dt><\/dl><br style=\"clear: both\" \/>\n\t\t\t<\/div>\n\n<p>&nbsp;<\/p>\n<p><strong>LA DIRETTA RADIO PIU&#8217;<\/strong><\/p>\n<p>https:\/\/www.facebook.com\/marco.baghy.1\/videos\/3521703818111827<\/p>\n<p>&nbsp;<\/p>\n<hr \/>\n<p>&nbsp;<\/p>\n<blockquote>\n<h3>LA FESTA DEL CACCIATORE ALL&#8217;ARENA 1082<\/h3>\n<\/blockquote>\n<p><strong>SAN TOMASO<\/strong> Il Distretto Venatorio Agordino all\u2019Arena 1082 di San Tomaso per la Festa del Cacciatore Agordino: cultura, tradizione e ambiente.<\/p>\n<p>&nbsp;<\/p>\n<p><strong>LA DIRETTA RADIO PIU&#8217;<\/strong><\/p>\n<p>https:\/\/www.facebook.com\/marco.baghy.1\/videos\/984485876053178<\/p>\n<p>&nbsp;<\/p>\n<p>&nbsp;<\/p>\n<hr \/>\n<p>&nbsp;<\/p>\n<blockquote>\n<h3>IL CONCERTO DI PRIMAVERA<\/h3>\n<\/blockquote>\n<p>grazie a Carmela<\/p>\n\n\t\t\t<style type='text\/css'>\n\t\t\t\t#gallery-8 {\n\t\t\t\t\tmargin: auto;\n\t\t\t\t}\n\t\t\t\t#gallery-8 .gallery-item {\n\t\t\t\t\tfloat: left;\n\t\t\t\t\tmargin-top: 10px;\n\t\t\t\t\ttext-align: center;\n\t\t\t\t\twidth: 25%;\n\t\t\t\t}\n\t\t\t\t#gallery-8 img {\n\t\t\t\t\tborder: 2px solid #cfcfcf;\n\t\t\t\t}\n\t\t\t\t#gallery-8 .gallery-caption {\n\t\t\t\t\tmargin-left: 0;\n\t\t\t\t}\n\t\t\t\t\/* see gallery_shortcode() in wp-includes\/media.php *\/\n\t\t\t<\/style>\n\t\t<div id='gallery-8' class='dt-gallery-container gallery galleryid-334562 gallery-columns-4 gallery-size-thumbnail'><dl class='gallery-item'>\n\t\t\t\t<dt class='gallery-icon portrait'>\n\t\t\t\t\t<a class=\"rollover rollover-zoom dt-pswp-item\" title=\"48535d11-2d35-47ed-96e7-ae4ecaa66f50\" data-dt-img-description=\"\" data-large_image_width=\"627\" data-large_image_height=\"1024\"href='https:\/\/www.radiopiu.net\/wordpress\/wp-content\/uploads\/2023\/05\/48535d11-2d35-47ed-96e7-ae4ecaa66f50.jpg'><img loading=\"lazy\" decoding=\"async\" width=\"150\" height=\"150\" src=\"https:\/\/www.radiopiu.net\/wordpress\/wp-content\/uploads\/2023\/05\/48535d11-2d35-47ed-96e7-ae4ecaa66f50-150x150.jpg\" class=\"attachment-thumbnail size-thumbnail\" alt=\"\" \/><\/a>\n\t\t\t\t<\/dt><\/dl><dl class='gallery-item'>\n\t\t\t\t<dt class='gallery-icon portrait'>\n\t\t\t\t\t<a class=\"rollover rollover-zoom dt-pswp-item\" title=\"3cd945b8-9bde-4fbf-89d0-b37d717f1f27\" data-dt-img-description=\"\" data-large_image_width=\"739\" data-large_image_height=\"1600\"href='https:\/\/www.radiopiu.net\/wordpress\/wp-content\/uploads\/2023\/05\/3cd945b8-9bde-4fbf-89d0-b37d717f1f27.jpg'><img loading=\"lazy\" decoding=\"async\" width=\"150\" height=\"150\" src=\"https:\/\/www.radiopiu.net\/wordpress\/wp-content\/uploads\/2023\/05\/3cd945b8-9bde-4fbf-89d0-b37d717f1f27-150x150.jpg\" class=\"attachment-thumbnail size-thumbnail\" alt=\"\" \/><\/a>\n\t\t\t\t<\/dt><\/dl><dl class='gallery-item'>\n\t\t\t\t<dt class='gallery-icon portrait'>\n\t\t\t\t\t<a class=\"rollover rollover-zoom dt-pswp-item\" title=\"3cbc2c4c-539a-45a3-b3b7-f8582f25ea2b\" data-dt-img-description=\"\" data-large_image_width=\"739\" data-large_image_height=\"1600\"href='https:\/\/www.radiopiu.net\/wordpress\/wp-content\/uploads\/2023\/05\/3cbc2c4c-539a-45a3-b3b7-f8582f25ea2b.jpg'><img loading=\"lazy\" decoding=\"async\" width=\"150\" height=\"150\" src=\"https:\/\/www.radiopiu.net\/wordpress\/wp-content\/uploads\/2023\/05\/3cbc2c4c-539a-45a3-b3b7-f8582f25ea2b-150x150.jpg\" class=\"attachment-thumbnail size-thumbnail\" alt=\"\" \/><\/a>\n\t\t\t\t<\/dt><\/dl><dl class='gallery-item'>\n\t\t\t\t<dt class='gallery-icon portrait'>\n\t\t\t\t\t<a class=\"rollover rollover-zoom dt-pswp-item\" title=\"9f89765e-e138-4868-bd1d-14172d8f9c37\" data-dt-img-description=\"\" data-large_image_width=\"739\" data-large_image_height=\"1600\"href='https:\/\/www.radiopiu.net\/wordpress\/wp-content\/uploads\/2023\/05\/9f89765e-e138-4868-bd1d-14172d8f9c37.jpg'><img loading=\"lazy\" decoding=\"async\" width=\"150\" height=\"150\" src=\"https:\/\/www.radiopiu.net\/wordpress\/wp-content\/uploads\/2023\/05\/9f89765e-e138-4868-bd1d-14172d8f9c37-150x150.jpg\" class=\"attachment-thumbnail size-thumbnail\" alt=\"\" \/><\/a>\n\t\t\t\t<\/dt><\/dl><br style=\"clear: both\" \/>\n\t\t\t<\/div>\n\n<p>&nbsp;<\/p>\n<hr \/>\n<p>&nbsp;<\/p>\n<blockquote>\n<h3><a class=\"dt-pswp-item\" href=\"https:\/\/www.radiopiu.net\/wordpress\/wp-content\/uploads\/2023\/05\/SCR-20230507-qihx.jpeg\" data-dt-img-description=\"\" data-large_image_width=\"1422\" data-large_image_height=\"972\"><img loading=\"lazy\" decoding=\"async\" class=\" wp-image-334762 alignleft\" src=\"https:\/\/www.radiopiu.net\/wordpress\/wp-content\/uploads\/2023\/05\/SCR-20230507-qihx-300x205.jpeg\" alt=\"\" width=\"174\" height=\"119\" srcset=\"https:\/\/www.radiopiu.net\/wordpress\/wp-content\/uploads\/2023\/05\/SCR-20230507-qihx-300x205.jpeg 300w, https:\/\/www.radiopiu.net\/wordpress\/wp-content\/uploads\/2023\/05\/SCR-20230507-qihx-1024x700.jpeg 1024w, https:\/\/www.radiopiu.net\/wordpress\/wp-content\/uploads\/2023\/05\/SCR-20230507-qihx-768x525.jpeg 768w, https:\/\/www.radiopiu.net\/wordpress\/wp-content\/uploads\/2023\/05\/SCR-20230507-qihx.jpeg 1422w\" sizes=\"auto, (max-width: 174px) 100vw, 174px\" \/><\/a>IL DRAPPO DEL PALIO DI FELTRE SARA&#8217; DI ALTAN<\/h3>\n<\/blockquote>\n<p><strong>FELTRE <\/strong>Sar\u00e0 il noto disegnatore Francesco Tullio Altan l\u2019artista che realizzer\u00e0 il drappo del Palio 2023, l\u2019ambito premio per il quartiere che si aggiudicher\u00e0 la vittoria alla fine delle quattro gare che vedranno la sfida tra i quartieri: Castello, Duomo, Port\u2019Oria e Santo Stefano. L\u2019annuncio \u00e8 stato dato dal presidente Eugenio Tamburrino, a conclusione della Santa Messa celebrata nel Santuario dei Santi Vittore e Corona, patroni della citt\u00e0 di Feltre.<\/p>\n<p>&nbsp;<\/p>\n<p>&nbsp;<\/p>\n<hr \/>\n<p>&nbsp;<\/p>\n<blockquote>\n<h3 class=\"entry-title\">2023 VENETO LEADER. IL NUOVO TRIANGOLO INDUSTRIALE (MILANO-BOLOGNA-VENEZIA) TRAINA IL PAESE<\/h3>\n<\/blockquote>\n<p class=\"photoswipe-wrapper\"><a class=\"dt-pswp-item pspw-wrap-ready\" href=\"https:\/\/www.radiopiu.net\/wordpress\/wp-content\/uploads\/2023\/05\/Schermata-2023-05-06-alle-09.56.38.png\" data-dt-img-description=\"\" data-large_image_width=\"934\" data-large_image_height=\"1466\"><img loading=\"lazy\" decoding=\"async\" class=\"size-medium wp-image-334626 alignleft\" src=\"https:\/\/www.radiopiu.net\/wordpress\/wp-content\/uploads\/2023\/05\/Schermata-2023-05-06-alle-09.56.38-191x300.png\" sizes=\"auto, (max-width: 191px) 100vw, 191px\" srcset=\"https:\/\/www.radiopiu.net\/wordpress\/wp-content\/uploads\/2023\/05\/Schermata-2023-05-06-alle-09.56.38-191x300.png 191w, https:\/\/www.radiopiu.net\/wordpress\/wp-content\/uploads\/2023\/05\/Schermata-2023-05-06-alle-09.56.38-652x1024.png 652w, https:\/\/www.radiopiu.net\/wordpress\/wp-content\/uploads\/2023\/05\/Schermata-2023-05-06-alle-09.56.38-768x1205.png 768w, https:\/\/www.radiopiu.net\/wordpress\/wp-content\/uploads\/2023\/05\/Schermata-2023-05-06-alle-09.56.38.png 934w\" alt=\"\" width=\"191\" height=\"300\" \/><\/a>Dopo un 2022 da record, il rallentamento della crescita del Pil previsto per l\u2019anno in corso in tutta Europa interesser\u00e0 indistintamente anche le nostre regioni; la Lombardia e il Nordest, comunque, continueranno a trainare il Paese, rafforzando la leadership del nuovo triangolo industriale allargato (Milano-Bologna-Venezia) che da qualche decennio ha \u201cscalzato\u201d quello storico (Milano-Torino-Genova) che, ricordiamo, ha determinato il boom economico degli anni \u201960 del secolo scorso. A dirlo \u00e8 l\u2019Ufficio studi della CGIA.<\/p>\n<p><strong>Veneto, Friuli Venezia Giulia, Lombardia ed Emilia\u00a0<\/strong><strong>Romagna guidano il Paese. Bene anche il Sud<\/strong><\/p>\n<p>Sebbene queste stime siano pi\u00f9 prudenziali di quelle presentate nei giorni scorsi dal Governo, le previsioni economiche regionali per l\u2019anno in corso ci dicono che a guidare la crescita dell\u2019Italia dovrebbero essere la Lombardia e tutte le regioni del Nordest. Nei primi 5 posti della graduatoria nazionale, infatti, scorgiamo il Trentino Alto Adige (Pil regionale +0,77 per cento), l\u2019Emilia Romagna (+0,79 per cento) e la Lombardia (+0,81 per cento). Il primo gradino del podio dovrebbe essere ad appannaggio del Friuli Venezia Giulia e del Veneto. Si stima che le due regioni pi\u00f9 a est del Paese registreranno una crescita dello 0,82 per cento. Anche nel Sud, comunque, sono attesi dei risultati lusinghieri. Se in Campania si prevede una crescita dello 0,62 per cento, in Abruzzo dello 0,65, in Sicilia dello 0,66, in Basilicata dello 0,71 e in Puglia dello 0,73 per cento. Nel 2023 il Mezzogiorno potrebbe ottenere un incremento del Pil superiore alle regioni del Centro (vedi Tab. 1).<\/p>\n<p><strong>Quasi la met\u00e0 del Pil nazionale si produce nel nuovo triangolo allargato<\/strong><\/p>\n<p>L\u2019anno scorso la regione che \u00e8 cresciuta maggiormente \u00e8 stata la Lombardia che ha registrato un significativo +3,93 per cento. Subito dopo abbiamo potuto scorgere il Veneto (+3,87 per cento), la Valle d\u2019Aosta (+3,85 per cento) e l\u2019Emilia Romagna (+3,82 per cento). Bene anche la Campania (+3,72 per cento), la Calabria (+3,52 per cento) e la Sicilia (+3,51 per cento). La media italiana \u00e8 stata del +3,67 per cento. E\u2019 importante sottolineare che nel tempo \u00e8 costantemente cresciuto il \u201ccontributo\u201d della Lombardia e del Nordest al Pil nazionale. A fronte di un valore aggiunto complessivo ascrivibile a queste 5 regioni che nel 2022 ha toccato gli 883 miliardi di euro, l\u2019incidenza sul Pil nazionale \u00e8 pari al 46,3 per cento (vedi Graf. 1).<\/p>\n<p><strong class=\"photoswipe-wrapper\"><a class=\"dt-pswp-item pspw-wrap-ready\" href=\"https:\/\/www.radiopiu.net\/wordpress\/wp-content\/uploads\/2023\/05\/Schermata-2023-05-06-alle-09.57.20.png\" data-dt-img-description=\"\" data-large_image_width=\"1148\" data-large_image_height=\"1196\"><img loading=\"lazy\" decoding=\"async\" class=\"size-medium wp-image-334627 alignleft\" src=\"https:\/\/www.radiopiu.net\/wordpress\/wp-content\/uploads\/2023\/05\/Schermata-2023-05-06-alle-09.57.20-288x300.png\" sizes=\"auto, (max-width: 288px) 100vw, 288px\" srcset=\"https:\/\/www.radiopiu.net\/wordpress\/wp-content\/uploads\/2023\/05\/Schermata-2023-05-06-alle-09.57.20-288x300.png 288w, https:\/\/www.radiopiu.net\/wordpress\/wp-content\/uploads\/2023\/05\/Schermata-2023-05-06-alle-09.57.20-983x1024.png 983w, https:\/\/www.radiopiu.net\/wordpress\/wp-content\/uploads\/2023\/05\/Schermata-2023-05-06-alle-09.57.20-768x800.png 768w, https:\/\/www.radiopiu.net\/wordpress\/wp-content\/uploads\/2023\/05\/Schermata-2023-05-06-alle-09.57.20.png 1148w\" alt=\"\" width=\"288\" height=\"300\" \/><\/a>Tir: sulla Bs-Pd sono pi\u00f9 del doppio che sulla To-Mi<\/strong><\/p>\n<p>Il nuovo triangolo industriale ha mantenuto fermo il vertice su Milano, ma, rispetto alla versione storica, \u00e8 ruotato di 180 gradi, posizionando i due nuovi ipotetici vertici su Bologna e Venezia. Questa nuova collocazione geografica che, comunque, comprende tutto il Nordest, \u201cemerge\u201d, in maniera plastica, anche dal risultato del conteggio del numero dei veicoli pesanti che transitano lungo le autostrade del Nord. Se sull\u2019A4 Torino-Milano il numero medio giornaliero dei Tir \u00e8 pari a 13.432, sull\u2019A4 Milano-Brescia \u00e8 di 26.108 (quasi il doppio) e sul tratto dell\u2019A4 Brescia-Padova \u00e8 di 28.795 (pi\u00f9 del doppio) (vedi Tab. 2). Insomma, lungo quest\u2019ultimo pezzo di autostrada che unisce la Lombardia e il Veneto ogni giorno transitano oltre 15 mila veicoli pesanti in pi\u00f9 rispetto a quelli che percorrono il \u201cvecchio\u201d asse Torino-Milano. In maniera empirica, pertanto, possiamo affermare come i flussi di merci e, conseguentemente, anche il peso economico del Paese mantengono al centro della scena Milano e la Lombardia che, nel frattempo, hanno orientato il proprio \u201cinteresse\u201d commerciale soprattutto verso le regioni del Nordest.<\/p>\n<p><strong>Chi sostiene il Pil ?<\/strong><br \/>\nSebbene permangano ancora molti fattori di instabilit\u00e0 (guerra, costo del denaro, inflazione, caro energia, siccit\u00e0, etc.), il settore produttivo del Veneto sta dimostrando livelli di resilienza impensabili fino a qualche tempo fa. Anche nel 2023 i consumi delle famiglie, gli investimenti e la produzione industriale si manterranno su soglie importanti. Le presenze turistiche sono destinate a toccare quelle registrate prima dell\u2019avvento del Covid. Per contro, a soffrire saranno, in particolar modo, l\u2019edilizia, che sconter\u00e0 la progressiva riduzione dei bonus, e l\u2019agricoltura che gi\u00e0 in questi primi mesi dell\u2019anno soffre tremendamente l\u2019emergenza idrica e la difficolt\u00e0 di reperire la manodopera.<\/p>\n<p><strong class=\"photoswipe-wrapper\"><a class=\"dt-pswp-item pspw-wrap-ready\" href=\"https:\/\/www.radiopiu.net\/wordpress\/wp-content\/uploads\/2023\/05\/Schermata-2023-05-06-alle-09.56.54.png\" data-dt-img-description=\"\" data-large_image_width=\"1286\" data-large_image_height=\"958\"><img loading=\"lazy\" decoding=\"async\" class=\"size-medium wp-image-334628 alignleft\" src=\"https:\/\/www.radiopiu.net\/wordpress\/wp-content\/uploads\/2023\/05\/Schermata-2023-05-06-alle-09.56.54-300x223.png\" sizes=\"auto, (max-width: 300px) 100vw, 300px\" srcset=\"https:\/\/www.radiopiu.net\/wordpress\/wp-content\/uploads\/2023\/05\/Schermata-2023-05-06-alle-09.56.54-300x223.png 300w, https:\/\/www.radiopiu.net\/wordpress\/wp-content\/uploads\/2023\/05\/Schermata-2023-05-06-alle-09.56.54-1024x763.png 1024w, https:\/\/www.radiopiu.net\/wordpress\/wp-content\/uploads\/2023\/05\/Schermata-2023-05-06-alle-09.56.54-768x572.png 768w, https:\/\/www.radiopiu.net\/wordpress\/wp-content\/uploads\/2023\/05\/Schermata-2023-05-06-alle-09.56.54.png 1286w\" alt=\"\" width=\"300\" height=\"223\" \/><\/a>Veneto: regione da record, ma senza TAV<\/strong><br \/>\nDa sempre il Veneto \u00e8 una regione che nonostante le performance presenta un deficit infrastrutturale particolarmente significativo. Va ricordato che \u00e8 la terza regione d\u2019Italia sia per Pil prodotto (pari a quasi 180 miliardi di euro) sia per export (82 miliardi di euro) e registra il pi\u00f9 alto numero di presenze turistiche del Paese (circa 70 milioni all\u2019anno), ma a differenza della gran parte delle aree geografiche del Centro-Nord, non \u00e8 ancora servita dalla linea ferroviaria ad Alta Velocit\u00e0 e Alta Capacit\u00e0 (AV-AC). Ad oggi, l\u2019unica tratta percorribile in questa regione dai treni veloci \u00e8 la Mestre-Padova (lunga meno di 30 chilometri) e, secondo il commissario per l\u2019alta velocit\u00e0 ferroviaria in Veneto, Vincenzo Macello, la Brescia-Verona verr\u00e0 ultimata nel 2024 e la Verona-Vicenza nel 2026. Pertanto, prima dell\u2019inizio dei Giochi invernali di Milano-Cortina 2026, lungo la linea ferroviaria Milano-Venezia mancher\u00e0 ancora una tratta: quella tra Vicenza e Padova. Certo, la responsabilit\u00e0 non pu\u00f2 sempre ricadere sugli altri. Se per risolvere i \u201cnodi\u201d di Verona e di Vicenza ci sono voluti decenni affinch\u00e9 la politica locale, i sindaci, i comitati e gli operatori economici trovassero la soluzione, \u00e8 altrettanto vero che a livello nazionale la questione ha registrato un livello di attenzione molto basso. La linea Bologna-Padova, infine, dovrebbe essere interessata dai lavori dell\u2019AV-AC solo nei prossimi anni. Purtroppo, siamo ancora ben lontani dall\u2019apertura dei cantieri visto che, fino a questo momento, non \u00e8 stato ancora avviato lo studio di fattibilit\u00e0.<\/p>\n<p>&nbsp;<\/p>\n<p>&nbsp;<\/p>\n<hr \/>\n<p>&nbsp;<\/p>\n<blockquote>\n<h3>I CONCORSI DELLA POLIZIA<\/h3>\n<\/blockquote>\n<p><strong>BELLUNO<\/strong> Sul portale unico della poliziadistato.it \u00e8 pubblicato il bando per l&#8217;assunzione di 28 atleti da assegnare ai gruppi sportivi della Polizia di Stato-Fiamme Oro, inquadrati nel ruolo degli agente e assistenti<\/p>\n<p>&nbsp;<\/p>\n<hr \/>\n<p>&nbsp;<\/p>\n<blockquote>\n<h3><strong>ULSS1, CONCORSI E RICERCHE<\/strong><\/h3>\n<\/blockquote>\n<p><strong>BELLUNO<\/strong> Prosegue la ricerca di personale in Ulss Dolomiti per rafforzare il personale. Nello specifico: 1 posto per Logopedista 2 posti per dirigente medico nella disciplina di Neurologia 2 posti per dirigente medico nella disciplina di Psichiatria 4 posti per dirigente medico nella disciplina di Ortopedia e Traumatologia 5 posti per operatore tecnico specializzato \u2013 autista di ambulanza 1 posto per dirigente medico nella disciplina di Medicina del Lavoro e Sicurezza degli Ambienti di Lavoro 1 posto per dirigente medico nella disciplina di Patologia Clinica (Laboratorio di Analisi chimico-cliniche e microbiologia) 4 posti per operatore tecnico specializzato &#8211; magazziniere 1 posto per dirigente medico nella disciplina di Organizzazione dei Servizi Sanitari di Base. Per informazioni e per consultare i bandi di concorso <a href=\"http:\/\/www.aulss1.veneto.it\/\">www.aulss1.veneto.it<\/a><\/p>\n<p>&nbsp;<\/p>\n<hr \/>\n<p>&nbsp;<\/p>\n<blockquote>\n<h3>OGGI IL CONSIGLIO DELL&#8217;UNIONE MONTANA AGORDINA<\/h3>\n<\/blockquote>\n<p><strong>AGORDO<\/strong> Il presidente dell&#8217;Unione Montana Agordina Paolo Frena ha convocato i consiglieri per stasera alle 20. Saranno 6 i punti da discutere. Tra questi l&#8217;approvazione del rendiconto 2022, l&#8217;approvazione delle tariffe dei rifiuti per l&#8217;anno 2023, una nota di aggiornamento al DUP 2023\/2025, una variazione al bilancio e la presa d&#8217;atto della surroga di un rappresentante del comune di Agordo<\/p>\n<p>&nbsp;<\/p>\n<p>&nbsp;<\/p>\n<p>&nbsp;<\/p>\n<hr \/>\n<p>&nbsp;<\/p>\n<blockquote class=\"wp-embedded-content\" data-secret=\"KqPG0GGiR0\"><p><a href=\"https:\/\/www.radiopiu.net\/wordpress\/il-ritorno-di-alice-bettolo-i-mille-passi-seconda-puntata\/\">IL RITORNO DI ALICE BETTOLO, &#8220;I MILLE PASSI&#8221;, seconda puntata<\/a><\/p><\/blockquote>\n<p><iframe loading=\"lazy\" class=\"wp-embedded-content\" sandbox=\"allow-scripts\" security=\"restricted\" style=\"position: absolute; clip: rect(1px, 1px, 1px, 1px);\" title=\"&#8220;IL RITORNO DI ALICE BETTOLO, &#8220;I MILLE PASSI&#8221;, seconda puntata&#8221; &#8212; Radio Pi\u00f9\" src=\"https:\/\/www.radiopiu.net\/wordpress\/il-ritorno-di-alice-bettolo-i-mille-passi-seconda-puntata\/embed\/#?secret=xagWW9xIle#?secret=KqPG0GGiR0\" data-secret=\"KqPG0GGiR0\" width=\"600\" height=\"338\" frameborder=\"0\" marginwidth=\"0\" marginheight=\"0\" scrolling=\"no\"><\/iframe><\/p>\n<p>&nbsp;<\/p>\n<hr \/>\n<p>&nbsp;<\/p>\n<h2><span style=\"color: #ff0000;\">GLI APPUNTAMENTI DELLA SETTIMANA<\/span><\/h2>\n<blockquote>\n<h3>FANTALIBRANDO A LIMANA<\/h3>\n<\/blockquote>\n<p><strong>LIMANA <\/strong>Il Comune di Limana &#8211; Assessorato alla Cultura e Biblioteca Comunale &#8211; in collaborazione con l&#8217;Istituto Comprensivo di Trichiana e Limana, con la locale Pro Loco \u00e8 lieto di presentare la 26^ edizione dell&#8217;iniziativa culturale FANTALIBRANDO che sar\u00e0 presentata <b>oggi<\/b>\u00a0alle ore 17.15<\/p>\n<p>&nbsp;<\/p>\n<p>&nbsp;<\/p>\n<hr \/>\n<p>&nbsp;<\/p>\n<blockquote>\n<h3>IL FAI PARLA DELL&#8217;ARCHITETTO CARLO SCARPA<\/h3>\n<\/blockquote>\n<p><strong><a class=\"dt-pswp-item\" href=\"https:\/\/www.radiopiu.net\/wordpress\/wp-content\/uploads\/2023\/05\/FAI-BELLUNO.png\" data-dt-img-description=\"\" data-large_image_width=\"244\" data-large_image_height=\"122\"><img loading=\"lazy\" decoding=\"async\" class=\" wp-image-333946 alignleft\" src=\"https:\/\/www.radiopiu.net\/wordpress\/wp-content\/uploads\/2023\/05\/FAI-BELLUNO.png\" alt=\"\" width=\"148\" height=\"74\" \/><\/a>BELLUNO Domani <\/strong>alle 18, nella sala barchessa di villa Doglioni-Dalmas a Belluno (via S. Lucano 32), Isabella Pilo terr\u00e0 una conferenza dal titolo <em>Carlo Scarpa. Architettura, arte, memoria, luoghi<\/em>. L\u2019evento \u00e8 promosso dalla Delegazione FAI di Belluno con il patrocinio del Comune di Belluno, della Provincia e di Confindustria Belluno Dolomiti.<\/p>\n<p>&nbsp;<\/p>\n<p>&nbsp;<\/p>\n<hr \/>\n<p>&nbsp;<\/p>\n<div dir=\"auto\">\n<blockquote>\n<h3>IL TORNEO DELLE FRAZIONI SUL BROI DI AGORDO<\/h3>\n<\/blockquote>\n<p><strong>AGORDO<\/strong> Il Torneo della Frazioni sta per invadere il Broi di Agordo il <strong>14 maggio<\/strong> Sar\u00e0 un&#8217;intensa giornata di calcio a 5, con fasi eliminatorie durante la mattina e una fantastica semifinale nel pomeriggio, che ci condurr\u00e0 alla finalissima delle 18:00. Sar\u00e0 una sfida all&#8217;ultimo gol, dove solo i migliori avranno la possibilit\u00e0 di alzare il trofeo alla fine del torneo. Ma non \u00e8 tutto! Ci saranno premiazioni a fine partita, musica e intrattenimento con R DJ, chiosco e ristoro. Organizzazione Palio dei 100, Pro Loco e il Comune di Agordo. Ti aspettiamo al Torneo della Frazioni, il 14 maggio sul Broi di Agordo dalle 9.30.<\/p>\n<p>&nbsp;<\/p>\n<p>&nbsp;<\/p>\n<hr \/>\n<p>&nbsp;<\/p>\n<blockquote>\n<h3>NEVEGAL 2026&#8230;QUALE INVERNO ATTENDE IL COLLE?<\/h3>\n<\/blockquote>\n<p><strong>BELLUNO<\/strong> Si svolger\u00e0 sabato 13 maggio alle 10:30 a Palazzo Bembo un incontro dal titolo &#8220;Nevegal 2026&#8230;quale inverno attende il Colle?&#8221;. Introdurranno l&#8217;argomento il sociologo Diego Cason e Michele Nardelli. Ci sar\u00e0 un confronto tra operatori del settore e le riflessioni conclusive di Franco Roccon, assessore comunale Progetto Nevegal. Moderatore Andrea De Bortoli<\/p>\n<p>&nbsp;<\/p>\n<p>&nbsp;<\/p>\n<hr \/>\n<\/div>\n<div dir=\"auto\">\n<p>&nbsp;<\/p>\n<blockquote>\n<h3>LE ORME IN CONCERTO AD ANZU&#8217; DI FELTRE IL 12 MAGGIO<\/h3>\n<\/blockquote>\n<p><strong><a class=\"dt-pswp-item\" href=\"https:\/\/www.radiopiu.net\/wordpress\/wp-content\/uploads\/2023\/04\/LE-ORME-CONCERTO.jpg\" data-dt-img-description=\"\" data-large_image_width=\"921\" data-large_image_height=\"551\"><img loading=\"lazy\" decoding=\"async\" class=\" wp-image-332388 alignleft\" src=\"https:\/\/www.radiopiu.net\/wordpress\/wp-content\/uploads\/2023\/04\/LE-ORME-CONCERTO-300x179.jpg\" alt=\"\" width=\"179\" height=\"107\" srcset=\"https:\/\/www.radiopiu.net\/wordpress\/wp-content\/uploads\/2023\/04\/LE-ORME-CONCERTO-300x179.jpg 300w, https:\/\/www.radiopiu.net\/wordpress\/wp-content\/uploads\/2023\/04\/LE-ORME-CONCERTO-768x459.jpg 768w, https:\/\/www.radiopiu.net\/wordpress\/wp-content\/uploads\/2023\/04\/LE-ORME-CONCERTO.jpg 921w\" sizes=\"auto, (max-width: 179px) 100vw, 179px\" \/><\/a>FELTRE<\/strong><\/p>\n<p><strong>L&#8217;INTERVISTA<\/strong><\/p>\n<audio class=\"wp-audio-shortcode\" id=\"audio-334562-4\" preload=\"none\" style=\"width: 100%;\" controls=\"controls\"><source type=\"audio\/mpeg\" src=\"https:\/\/www.radiopiu.net\/wordpress\/wp-content\/uploads\/2023\/04\/CONCERTO-LE-ORME.mp3?_=4\" \/><a href=\"https:\/\/www.radiopiu.net\/wordpress\/wp-content\/uploads\/2023\/04\/CONCERTO-LE-ORME.mp3\">https:\/\/www.radiopiu.net\/wordpress\/wp-content\/uploads\/2023\/04\/CONCERTO-LE-ORME.mp3<\/a><\/audio>\n<p>&nbsp;<\/p>\n<p><strong>IL SALUTO DI TONY PAGLIUCA\u00a0<\/strong><\/p>\n<audio class=\"wp-audio-shortcode\" id=\"audio-334562-5\" preload=\"none\" style=\"width: 100%;\" controls=\"controls\"><source type=\"audio\/mpeg\" src=\"https:\/\/www.radiopiu.net\/wordpress\/wp-content\/uploads\/2023\/04\/pagliuca.mp3?_=5\" \/><a href=\"https:\/\/www.radiopiu.net\/wordpress\/wp-content\/uploads\/2023\/04\/pagliuca.mp3\">https:\/\/www.radiopiu.net\/wordpress\/wp-content\/uploads\/2023\/04\/pagliuca.mp3<\/a><\/audio>\n<p>&nbsp;<\/p>\n<hr \/>\n<p>&nbsp;<\/p>\n<blockquote>\n<h3>LA PRESENTAZIONE DEL NUOVO LIBRO DI SONIA ANDRICH<\/h3>\n<\/blockquote>\n<p><strong>DI GIANNI SANTOMASO<\/strong><\/p>\n<audio class=\"wp-audio-shortcode\" id=\"audio-334562-6\" preload=\"none\" style=\"width: 100%;\" controls=\"controls\"><source type=\"audio\/mpeg\" src=\"https:\/\/www.radiopiu.net\/wordpress\/wp-content\/uploads\/2023\/05\/GIANNI-IL-LIBRO-DI-SONIA-ANDRICH.mp3?_=6\" \/><a href=\"https:\/\/www.radiopiu.net\/wordpress\/wp-content\/uploads\/2023\/05\/GIANNI-IL-LIBRO-DI-SONIA-ANDRICH.mp3\">https:\/\/www.radiopiu.net\/wordpress\/wp-content\/uploads\/2023\/05\/GIANNI-IL-LIBRO-DI-SONIA-ANDRICH.mp3<\/a><\/audio>\n<p>&nbsp;<\/p>\n<hr \/>\n<p>&nbsp;<\/p>\n<h2><span style=\"color: #ff0000;\">PROSSIMAMENTE&#8230;.<\/span><\/h2>\n<blockquote>\n<h3>SABATO 3 GIUGNO LA CENA DELLA CLASSE 1955-56<\/h3>\n<\/blockquote>\n<p><strong>AGORDO<\/strong> E&#8217; in programma per sabato 3 giugno al Ristorante &#8220;La Stanga&#8221; la cena delle classi 1955-1956. Ritrovo al ristorante alle 19, cena , musica e premi. Per informazioni ed iscrizioni Roberto Schenot al 348 8524340. Iscrizioni entro il 29 maggio.<\/p>\n<p>&nbsp;<\/p>\n<p>&nbsp;<\/p>\n<hr \/>\n<p>&nbsp;<\/p>\n<blockquote>\n<h3>DOMENICA 4 GIUGNO LA 4 PAS IN DOI<\/h3>\n<\/blockquote>\n<p><strong>AGORDO<\/strong> <strong>DOMENICA 4 GIUGNO<\/strong> AD AGORDO: &#8220;4 Pas in doi&#8221; TRAIL RUNNING A COPPIE. Due percorsi: 16 km con 900 metri di dislivello, o 5 km con 250 metri di dislivello. E per i pi\u00f9 golosi, la &#8220;4 Pas in doi Bocoi&#8221;: itinerario enogastronomico, 6 km, con 4 tappe da&#8230; gustare. Per informazioni ed iscrizioni: www.4pasindoi.it<\/p>\n<p>&nbsp;<\/p>\n<hr \/>\n<p>&nbsp;<\/p>\n<blockquote>\n<h3>TORNANO LE VISITE GUIDATE ALL\u2019EX MANICOMIO PROVINCIALE DI FELTRE<\/h3>\n<\/blockquote>\n<p><strong>BELLUNO<\/strong> Sono aperte le iscrizioni per le visite all\u2019ex manicomio di Feltre, promosse dalla Biblioteca Civica di Belluno, per le giornate di <strong>sabato 13 e sabato 27 maggio<\/strong>, in collaborazione con la guida turistica Marta Azzalini, e con la partecipazione dell\u2019ex infermiere Romano Scopel. INFO: email bibloteca@comune.belluno.it, telefono 0437 948093.<\/p>\n<p>&nbsp;<\/p>\n<p>&nbsp;<\/p>\n<hr \/>\n<p>&nbsp;<\/p>\n<blockquote>\n<h3>LA PRIMA EDIZIONE DELLA DON &#8211; PIANLONCH<\/h3>\n<\/blockquote>\n<p><strong>GOSALDO<\/strong> E&#8217; in programma per <strong>domenica 28 maggio<\/strong> la prima edizione della gara di corsa Don &#8211; Pianlonch. Una passeggiata ludicomotoria di 5,6 km non competitiva. Iscrizione 6 euro prima della partenza, 10 euro con panino farcito e bottigllia d&#8217;acqua.<\/p>\n<p>&nbsp;<\/p>\n<p>&nbsp;<\/p>\n<hr \/>\n<p>&nbsp;<\/p>\n<blockquote>\n<h3>IL RISVEGLIO DEI GALLI FORCELLI&#8230;DI MARIO DE MARCO<\/h3>\n<\/blockquote>\n<p><strong>REDAZIONE<\/strong> Anche ieri Mario De Marco si \u00e8 svegliato molto presto per andare ad immortalare il risveglio dei galli forcelli. &#8220;Ho fatto un giretto in alta montagna versante sud dove la neve lascia il posto alla brughiera, ma queste meraviglie della natura non smettono di combattere. Grazie a potenti teleobiettivo nel rispetto della natura si riesce a cogliere questi momenti unici e quando i primi raggi di sole accarezzano queste creature si riesce a cogliere le sfumature del manto con colori iridescenti. Uno spettacolo unico onorato di condividere. I gai&#8230;Gallo forcello&#8221;<\/p>\n\n\t\t\t<style type='text\/css'>\n\t\t\t\t#gallery-9 {\n\t\t\t\t\tmargin: auto;\n\t\t\t\t}\n\t\t\t\t#gallery-9 .gallery-item {\n\t\t\t\t\tfloat: left;\n\t\t\t\t\tmargin-top: 10px;\n\t\t\t\t\ttext-align: center;\n\t\t\t\t\twidth: 33%;\n\t\t\t\t}\n\t\t\t\t#gallery-9 img {\n\t\t\t\t\tborder: 2px solid #cfcfcf;\n\t\t\t\t}\n\t\t\t\t#gallery-9 .gallery-caption {\n\t\t\t\t\tmargin-left: 0;\n\t\t\t\t}\n\t\t\t\t\/* see gallery_shortcode() in wp-includes\/media.php *\/\n\t\t\t<\/style>\n\t\t<div id='gallery-9' class='dt-gallery-container gallery galleryid-334562 gallery-columns-3 gallery-size-medium'><dl class='gallery-item'>\n\t\t\t\t<dt class='gallery-icon landscape'>\n\t\t\t\t\t<a class=\"rollover rollover-zoom dt-pswp-item\" title=\"c6f9fa76-05fc-4fd9-9cac-fdf31e0992cd\" data-dt-img-description=\"\" data-large_image_width=\"1378\" data-large_image_height=\"761\"href='https:\/\/www.radiopiu.net\/wordpress\/wp-content\/uploads\/2023\/05\/c6f9fa76-05fc-4fd9-9cac-fdf31e0992cd.jpg'><img loading=\"lazy\" decoding=\"async\" width=\"300\" height=\"166\" src=\"https:\/\/www.radiopiu.net\/wordpress\/wp-content\/uploads\/2023\/05\/c6f9fa76-05fc-4fd9-9cac-fdf31e0992cd-300x166.jpg\" class=\"attachment-medium size-medium\" alt=\"\" srcset=\"https:\/\/www.radiopiu.net\/wordpress\/wp-content\/uploads\/2023\/05\/c6f9fa76-05fc-4fd9-9cac-fdf31e0992cd-300x166.jpg 300w, https:\/\/www.radiopiu.net\/wordpress\/wp-content\/uploads\/2023\/05\/c6f9fa76-05fc-4fd9-9cac-fdf31e0992cd-1024x566.jpg 1024w, https:\/\/www.radiopiu.net\/wordpress\/wp-content\/uploads\/2023\/05\/c6f9fa76-05fc-4fd9-9cac-fdf31e0992cd-768x424.jpg 768w, https:\/\/www.radiopiu.net\/wordpress\/wp-content\/uploads\/2023\/05\/c6f9fa76-05fc-4fd9-9cac-fdf31e0992cd.jpg 1378w\" sizes=\"auto, (max-width: 300px) 100vw, 300px\" \/><\/a>\n\t\t\t\t<\/dt><\/dl><dl class='gallery-item'>\n\t\t\t\t<dt class='gallery-icon landscape'>\n\t\t\t\t\t<a class=\"rollover rollover-zoom dt-pswp-item\" title=\"f55ebe18-b8da-4547-bf33-ef65ff23fd9a\" data-dt-img-description=\"\" data-large_image_width=\"1599\" data-large_image_height=\"918\"href='https:\/\/www.radiopiu.net\/wordpress\/wp-content\/uploads\/2023\/05\/f55ebe18-b8da-4547-bf33-ef65ff23fd9a.jpg'><img loading=\"lazy\" decoding=\"async\" width=\"300\" height=\"172\" src=\"https:\/\/www.radiopiu.net\/wordpress\/wp-content\/uploads\/2023\/05\/f55ebe18-b8da-4547-bf33-ef65ff23fd9a-300x172.jpg\" class=\"attachment-medium size-medium\" alt=\"\" srcset=\"https:\/\/www.radiopiu.net\/wordpress\/wp-content\/uploads\/2023\/05\/f55ebe18-b8da-4547-bf33-ef65ff23fd9a-300x172.jpg 300w, https:\/\/www.radiopiu.net\/wordpress\/wp-content\/uploads\/2023\/05\/f55ebe18-b8da-4547-bf33-ef65ff23fd9a-1024x588.jpg 1024w, https:\/\/www.radiopiu.net\/wordpress\/wp-content\/uploads\/2023\/05\/f55ebe18-b8da-4547-bf33-ef65ff23fd9a-768x441.jpg 768w, https:\/\/www.radiopiu.net\/wordpress\/wp-content\/uploads\/2023\/05\/f55ebe18-b8da-4547-bf33-ef65ff23fd9a-1536x882.jpg 1536w, https:\/\/www.radiopiu.net\/wordpress\/wp-content\/uploads\/2023\/05\/f55ebe18-b8da-4547-bf33-ef65ff23fd9a.jpg 1599w\" sizes=\"auto, (max-width: 300px) 100vw, 300px\" \/><\/a>\n\t\t\t\t<\/dt><\/dl><dl class='gallery-item'>\n\t\t\t\t<dt class='gallery-icon landscape'>\n\t\t\t\t\t<a class=\"rollover rollover-zoom dt-pswp-item\" title=\"9779002b-bb57-40b1-b3f2-fa2cdd092b5d\" data-dt-img-description=\"\" data-large_image_width=\"1460\" data-large_image_height=\"876\"href='https:\/\/www.radiopiu.net\/wordpress\/wp-content\/uploads\/2023\/05\/9779002b-bb57-40b1-b3f2-fa2cdd092b5d.jpg'><img loading=\"lazy\" decoding=\"async\" width=\"300\" height=\"180\" src=\"https:\/\/www.radiopiu.net\/wordpress\/wp-content\/uploads\/2023\/05\/9779002b-bb57-40b1-b3f2-fa2cdd092b5d-300x180.jpg\" class=\"attachment-medium size-medium\" alt=\"\" srcset=\"https:\/\/www.radiopiu.net\/wordpress\/wp-content\/uploads\/2023\/05\/9779002b-bb57-40b1-b3f2-fa2cdd092b5d-300x180.jpg 300w, https:\/\/www.radiopiu.net\/wordpress\/wp-content\/uploads\/2023\/05\/9779002b-bb57-40b1-b3f2-fa2cdd092b5d-1024x614.jpg 1024w, https:\/\/www.radiopiu.net\/wordpress\/wp-content\/uploads\/2023\/05\/9779002b-bb57-40b1-b3f2-fa2cdd092b5d-768x461.jpg 768w, https:\/\/www.radiopiu.net\/wordpress\/wp-content\/uploads\/2023\/05\/9779002b-bb57-40b1-b3f2-fa2cdd092b5d.jpg 1460w\" sizes=\"auto, (max-width: 300px) 100vw, 300px\" \/><\/a>\n\t\t\t\t<\/dt><\/dl><br style=\"clear: both\" \/>\n\t\t\t<\/div>\n\n<p>&nbsp;<\/p>\n<hr \/>\n<p><strong>\u00a0<\/strong><\/p>\n<p><strong>THOMAS E IL SELFIE COL CERVO<\/strong><\/p>\n<p><a class=\"dt-pswp-item\" href=\"https:\/\/www.radiopiu.net\/wordpress\/wp-content\/uploads\/2023\/05\/213aac65-9594-4d81-b768-fff38fd98af7.jpg\" data-dt-img-description=\"\" data-large_image_width=\"2048\" data-large_image_height=\"1536\"><img loading=\"lazy\" decoding=\"async\" class=\"alignnone size-medium wp-image-334820\" src=\"https:\/\/www.radiopiu.net\/wordpress\/wp-content\/uploads\/2023\/05\/213aac65-9594-4d81-b768-fff38fd98af7-300x225.jpg\" alt=\"\" width=\"300\" height=\"225\" srcset=\"https:\/\/www.radiopiu.net\/wordpress\/wp-content\/uploads\/2023\/05\/213aac65-9594-4d81-b768-fff38fd98af7-300x225.jpg 300w, https:\/\/www.radiopiu.net\/wordpress\/wp-content\/uploads\/2023\/05\/213aac65-9594-4d81-b768-fff38fd98af7-1024x768.jpg 1024w, https:\/\/www.radiopiu.net\/wordpress\/wp-content\/uploads\/2023\/05\/213aac65-9594-4d81-b768-fff38fd98af7-768x576.jpg 768w, https:\/\/www.radiopiu.net\/wordpress\/wp-content\/uploads\/2023\/05\/213aac65-9594-4d81-b768-fff38fd98af7-1536x1152.jpg 1536w, https:\/\/www.radiopiu.net\/wordpress\/wp-content\/uploads\/2023\/05\/213aac65-9594-4d81-b768-fff38fd98af7.jpg 2048w\" sizes=\"auto, (max-width: 300px) 100vw, 300px\" \/><\/a><\/p>\n<p>&nbsp;<\/p>\n<p>&nbsp;<\/p>\n<hr \/>\n<p>&nbsp;<\/p>\n<p>&nbsp;<\/p>\n<blockquote>\n<h3>TAIBON, LA FORZA DEL VOLONTARIATO<\/h3>\n<\/blockquote>\n<p><span style=\"color: #ff0000;\"><strong>W IL PIODECH!\u00a0<\/strong><\/span><\/p>\n<p><strong>TAIBON<\/strong> Un passo avanti, anticipando tutti con il nuovo allestimento per il passaggi del Giro d&#8217;Italia, da Longarone verso il Passo Giau. Da questa mattina il paese \u00e8 vestito in rosa grazie al gruppo\u00a0 &#8220;piodech&#8221; formato da sempre da giovani&#8230; e meno giovani ma con tanta esperienza, particolarmente attenti al paese e alle sue genti, residenti o ospiti.<\/p>\n<blockquote><p><em>Bravi, in questa occasione all&#8217;esperto del legno &#8220;mamao&#8221; Ben e Fulvio &#8220;cason&#8221; Del Din<\/em><\/p><\/blockquote>\n\n\t\t\t<style type='text\/css'>\n\t\t\t\t#gallery-10 {\n\t\t\t\t\tmargin: auto;\n\t\t\t\t}\n\t\t\t\t#gallery-10 .gallery-item {\n\t\t\t\t\tfloat: left;\n\t\t\t\t\tmargin-top: 10px;\n\t\t\t\t\ttext-align: center;\n\t\t\t\t\twidth: 33%;\n\t\t\t\t}\n\t\t\t\t#gallery-10 img {\n\t\t\t\t\tborder: 2px solid #cfcfcf;\n\t\t\t\t}\n\t\t\t\t#gallery-10 .gallery-caption {\n\t\t\t\t\tmargin-left: 0;\n\t\t\t\t}\n\t\t\t\t\/* see gallery_shortcode() in wp-includes\/media.php *\/\n\t\t\t<\/style>\n\t\t<div id='gallery-10' class='dt-gallery-container gallery galleryid-334562 gallery-columns-3 gallery-size-full'><dl class='gallery-item'>\n\t\t\t\t<dt class='gallery-icon portrait'>\n\t\t\t\t\t<a class=\"rollover rollover-zoom dt-pswp-item\" title=\"13ceca2c-104b-4514-853a-f7042dda781c\" data-dt-img-description=\"\" data-large_image_width=\"1200\" data-large_image_height=\"1600\"href='https:\/\/www.radiopiu.net\/wordpress\/wp-content\/uploads\/2023\/05\/13ceca2c-104b-4514-853a-f7042dda781c.jpg'><img loading=\"lazy\" decoding=\"async\" width=\"1200\" height=\"1600\" src=\"https:\/\/www.radiopiu.net\/wordpress\/wp-content\/uploads\/2023\/05\/13ceca2c-104b-4514-853a-f7042dda781c.jpg\" class=\"attachment-full size-full\" alt=\"\" srcset=\"https:\/\/www.radiopiu.net\/wordpress\/wp-content\/uploads\/2023\/05\/13ceca2c-104b-4514-853a-f7042dda781c.jpg 1200w, https:\/\/www.radiopiu.net\/wordpress\/wp-content\/uploads\/2023\/05\/13ceca2c-104b-4514-853a-f7042dda781c-225x300.jpg 225w, https:\/\/www.radiopiu.net\/wordpress\/wp-content\/uploads\/2023\/05\/13ceca2c-104b-4514-853a-f7042dda781c-768x1024.jpg 768w, https:\/\/www.radiopiu.net\/wordpress\/wp-content\/uploads\/2023\/05\/13ceca2c-104b-4514-853a-f7042dda781c-1152x1536.jpg 1152w\" sizes=\"auto, (max-width: 1200px) 100vw, 1200px\" \/><\/a>\n\t\t\t\t<\/dt><\/dl><dl class='gallery-item'>\n\t\t\t\t<dt class='gallery-icon portrait'>\n\t\t\t\t\t<a class=\"rollover rollover-zoom dt-pswp-item\" title=\"44bbfc02-b233-4098-8393-fb3f43fb9c62\" data-dt-img-description=\"\" data-large_image_width=\"1200\" data-large_image_height=\"1600\"href='https:\/\/www.radiopiu.net\/wordpress\/wp-content\/uploads\/2023\/05\/44bbfc02-b233-4098-8393-fb3f43fb9c62.jpg'><img loading=\"lazy\" decoding=\"async\" width=\"1200\" height=\"1600\" src=\"https:\/\/www.radiopiu.net\/wordpress\/wp-content\/uploads\/2023\/05\/44bbfc02-b233-4098-8393-fb3f43fb9c62.jpg\" class=\"attachment-full size-full\" alt=\"\" srcset=\"https:\/\/www.radiopiu.net\/wordpress\/wp-content\/uploads\/2023\/05\/44bbfc02-b233-4098-8393-fb3f43fb9c62.jpg 1200w, https:\/\/www.radiopiu.net\/wordpress\/wp-content\/uploads\/2023\/05\/44bbfc02-b233-4098-8393-fb3f43fb9c62-225x300.jpg 225w, https:\/\/www.radiopiu.net\/wordpress\/wp-content\/uploads\/2023\/05\/44bbfc02-b233-4098-8393-fb3f43fb9c62-768x1024.jpg 768w, https:\/\/www.radiopiu.net\/wordpress\/wp-content\/uploads\/2023\/05\/44bbfc02-b233-4098-8393-fb3f43fb9c62-1152x1536.jpg 1152w\" sizes=\"auto, (max-width: 1200px) 100vw, 1200px\" \/><\/a>\n\t\t\t\t<\/dt><\/dl>\n\t\t\t\t<br style='clear: both' \/>\n\t\t\t<\/div>\n\n<p>&nbsp;<\/p>\n<p>&nbsp;<\/p>\n<hr \/>\n<p>&nbsp;<\/p>\n<h2><strong><a class=\"dt-pswp-item\" href=\"https:\/\/www.radiopiu.net\/wordpress\/wp-content\/uploads\/2020\/12\/DON-GIORGIO-LISE.jpg\" data-dt-img-description=\"\" data-large_image_width=\"1600\" data-large_image_height=\"901\"><img loading=\"lazy\" decoding=\"async\" class=\" wp-image-177420 alignleft\" src=\"https:\/\/www.radiopiu.net\/wordpress\/wp-content\/uploads\/2020\/12\/DON-GIORGIO-LISE-300x169.jpg\" alt=\"\" width=\"178\" height=\"100\" srcset=\"https:\/\/www.radiopiu.net\/wordpress\/wp-content\/uploads\/2020\/12\/DON-GIORGIO-LISE-300x169.jpg 300w, https:\/\/www.radiopiu.net\/wordpress\/wp-content\/uploads\/2020\/12\/DON-GIORGIO-LISE-1024x577.jpg 1024w, https:\/\/www.radiopiu.net\/wordpress\/wp-content\/uploads\/2020\/12\/DON-GIORGIO-LISE-768x432.jpg 768w, https:\/\/www.radiopiu.net\/wordpress\/wp-content\/uploads\/2020\/12\/DON-GIORGIO-LISE-1536x865.jpg 1536w, https:\/\/www.radiopiu.net\/wordpress\/wp-content\/uploads\/2020\/12\/DON-GIORGIO-LISE.jpg 1600w\" sizes=\"auto, (max-width: 178px) 100vw, 178px\" \/><\/a><\/strong><span style=\"color: #ff6600;\">DUE MINUTI PER TE<\/span><\/h2>\n<p><strong>APPUNTAMENTO DELLA DOMENICA CON IL PENSIERO DI MONSIGNOR GIORGIO LISE<\/strong><\/p>\n<audio class=\"wp-audio-shortcode\" id=\"audio-334562-7\" preload=\"none\" style=\"width: 100%;\" controls=\"controls\"><source type=\"audio\/mpeg\" src=\"https:\/\/www.radiopiu.net\/wordpress\/wp-content\/uploads\/2023\/05\/DON-GIORGIO.mp3?_=7\" \/><a href=\"https:\/\/www.radiopiu.net\/wordpress\/wp-content\/uploads\/2023\/05\/DON-GIORGIO.mp3\">https:\/\/www.radiopiu.net\/wordpress\/wp-content\/uploads\/2023\/05\/DON-GIORGIO.mp3<\/a><\/audio>\n<p>&nbsp;<\/p>\n<hr \/>\n<p>&nbsp;<\/p>\n<div dir=\"auto\">\n<div class=\"message spoilers-container\" dir=\"auto\">\n<div>\n<div class=\"b654a4as d2edcug0\">\n<div class=\"rq0escxv hkbzh7o3 jwdofwj8 n8tt0mok r8blr3vg hyh9befq\">\n<p><a class=\"dt-pswp-item\" href=\"https:\/\/www.radiopiu.net\/wordpress\/wp-content\/uploads\/2020\/10\/pp.jpg\" data-dt-img-description=\"\" data-large_image_width=\"640\" data-large_image_height=\"640\"><img loading=\"lazy\" decoding=\"async\" class=\"wp-image-163678 alignleft\" src=\"https:\/\/www.radiopiu.net\/wordpress\/wp-content\/uploads\/2020\/10\/pp-300x300.jpg\" alt=\"\" width=\"106\" height=\"106\" srcset=\"https:\/\/www.radiopiu.net\/wordpress\/wp-content\/uploads\/2020\/10\/pp-300x300.jpg 300w, https:\/\/www.radiopiu.net\/wordpress\/wp-content\/uploads\/2020\/10\/pp-150x150.jpg 150w, https:\/\/www.radiopiu.net\/wordpress\/wp-content\/uploads\/2020\/10\/pp-125x125.jpg 125w, https:\/\/www.radiopiu.net\/wordpress\/wp-content\/uploads\/2020\/10\/pp-200x200.jpg 200w, https:\/\/www.radiopiu.net\/wordpress\/wp-content\/uploads\/2020\/10\/pp-80x80.jpg 80w, https:\/\/www.radiopiu.net\/wordpress\/wp-content\/uploads\/2020\/10\/pp-480x480.jpg 480w, https:\/\/www.radiopiu.net\/wordpress\/wp-content\/uploads\/2020\/10\/pp.jpg 640w\" sizes=\"auto, (max-width: 106px) 100vw, 106px\" \/><\/a><\/p>\n<\/div>\n<\/div>\n<\/div>\n<\/div>\n<div class=\"message spoilers-container\" dir=\"auto\">\n<div>\n<div class=\"page-title-head hgroup\">\n<div class=\"page-title-head hgroup\">\n<div class=\"b654a4as d2edcug0\">\n<div class=\"j83agx80 btwxx1t3 lhclo0ds hop8lmos nkwizq5d scwd0bx6 roh60bw9\">\n<div class=\"rq0escxv hkbzh7o3 jwdofwj8 n8tt0mok r8blr3vg hyh9befq\">\n<div class=\"do00u71z l9j0dhe7 k4urcfbm\" style=\"text-align: left;\">\n<h2><span style=\"color: #000080;\">DON CESARE, IL PENSIERO DEL GIORNO. ALLA RADIO ALLE 7 DEL MATTINO E ALLE 19.30 DELLA SERA<\/span><\/h2>\n<audio class=\"wp-audio-shortcode\" id=\"audio-334562-8\" preload=\"none\" style=\"width: 100%;\" controls=\"controls\"><source type=\"audio\/mpeg\" src=\"https:\/\/www.radiopiu.net\/wordpress\/wp-content\/uploads\/2023\/05\/CESARE-5.mp3?_=8\" \/><a href=\"https:\/\/www.radiopiu.net\/wordpress\/wp-content\/uploads\/2023\/05\/CESARE-5.mp3\">https:\/\/www.radiopiu.net\/wordpress\/wp-content\/uploads\/2023\/05\/CESARE-5.mp3<\/a><\/audio>\n<\/div>\n<\/div>\n<\/div>\n<\/div>\n<\/div>\n<\/div>\n<\/div>\n<\/div>\n<p>&nbsp;<\/p>\n<hr \/>\n<p>&nbsp;<\/p>\n<div class=\"message spoilers-container\" dir=\"auto\">\n<h2><span style=\"color: #ff00ff;\">IN VIVO VERSO\u00a0 \u00a0<\/span><\/h2>\n<p><strong>LA RACCOLTA COMPLETA<\/strong><\/p>\n<\/div>\n<div class=\"message spoilers-container\" dir=\"auto\">\n<blockquote class=\"wp-embedded-content\" data-secret=\"HGo2BE0nAG\"><p><a href=\"https:\/\/www.radiopiu.net\/wordpress\/in-vivo-verso\/\">In Vivo Verso<\/a><\/p><\/blockquote>\n<p><iframe loading=\"lazy\" class=\"wp-embedded-content\" sandbox=\"allow-scripts\" security=\"restricted\" style=\"position: absolute; clip: rect(1px, 1px, 1px, 1px);\" title=\"&#8220;In Vivo Verso&#8221; &#8212; Radio Pi\u00f9\" src=\"https:\/\/www.radiopiu.net\/wordpress\/in-vivo-verso\/embed\/#?secret=gOSczo96VU#?secret=HGo2BE0nAG\" data-secret=\"HGo2BE0nAG\" width=\"600\" height=\"338\" frameborder=\"0\" marginwidth=\"0\" marginheight=\"0\" scrolling=\"no\"><\/iframe><\/p>\n<\/div>\n<p>&nbsp;<\/p>\n<p>&nbsp;<\/p>\n<hr \/>\n<p>&nbsp;<\/p>\n<div class=\"message spoilers-container\" dir=\"auto\">\n<h2><span style=\"color: #008080;\">GOCCE DI FILOSOFIA\u00a0\u00a0<\/span><\/h2>\n<\/div>\n<blockquote>\n<div class=\"message spoilers-container\" dir=\"auto\">\n<p><strong>LA RACCOLTA COMPLETA<\/strong><\/p>\n<\/div>\n<\/blockquote>\n<div class=\"message spoilers-container\" dir=\"auto\">\n<blockquote class=\"wp-embedded-content\" data-secret=\"UFfn5MCZrX\"><p><a href=\"https:\/\/www.radiopiu.net\/wordpress\/gocce-filosofia\/\">Gocce di filosofia,  LA TERZA STAGIONE&#8230; 2023<\/a><\/p><\/blockquote>\n<p><iframe loading=\"lazy\" class=\"wp-embedded-content\" sandbox=\"allow-scripts\" security=\"restricted\" style=\"position: absolute; clip: rect(1px, 1px, 1px, 1px);\" title=\"&#8220;Gocce di filosofia,  LA TERZA STAGIONE&#8230; 2023&#8221; &#8212; Radio Pi\u00f9\" src=\"https:\/\/www.radiopiu.net\/wordpress\/gocce-filosofia\/embed\/#?secret=wS6fTyxJwA#?secret=UFfn5MCZrX\" data-secret=\"UFfn5MCZrX\" width=\"600\" height=\"338\" frameborder=\"0\" marginwidth=\"0\" marginheight=\"0\" scrolling=\"no\"><\/iframe><\/p>\n<\/div>\n<p>&nbsp;<\/p>\n<p>&nbsp;<\/p>\n<div class=\"message spoilers-container\" dir=\"auto\">\n<hr \/>\n<p>&nbsp;<\/p>\n<\/div>\n<div class=\"message spoilers-container\" dir=\"auto\">\n<div class=\"column\">\n<p><img loading=\"lazy\" decoding=\"async\" class=\"aligncenter wp-image-61954 size-full\" src=\"https:\/\/www.radiopiu.net\/wordpress\/wp-content\/uploads\/2018\/09\/viabilita.jpeg\" sizes=\"auto, (max-width: 800px) 100vw, 800px\" srcset=\"https:\/\/www.radiopiu.net\/wordpress\/wp-content\/uploads\/2018\/09\/viabilita.jpeg 800w, https:\/\/www.radiopiu.net\/wordpress\/wp-content\/uploads\/2018\/09\/viabilita-300x38.jpeg 300w, https:\/\/www.radiopiu.net\/wordpress\/wp-content\/uploads\/2018\/09\/viabilita-768x96.jpeg 768w\" alt=\"\" width=\"800\" height=\"100\" \/><\/p>\n<\/div>\n<\/div>\n<div class=\"message spoilers-container\" dir=\"auto\">\n<div class=\"column\">\n<p>&nbsp;<\/p>\n<\/div>\n<\/div>\n<div class=\"message spoilers-container\" dir=\"auto\">\n<div class=\"column\">\n<div dir=\"ltr\">\n<div class=\"gmail_quote\">\n<div dir=\"ltr\">\n<div class=\"gmail_quote\">\n<blockquote class=\"wp-embedded-content\" data-secret=\"NmSES9sYJW\"><p><a href=\"https:\/\/www.radiopiu.net\/wordpress\/viabilita\/\">viabilita<\/a><\/p><\/blockquote>\n<p><iframe loading=\"lazy\" class=\"wp-embedded-content\" sandbox=\"allow-scripts\" security=\"restricted\" style=\"position: absolute; clip: rect(1px, 1px, 1px, 1px);\" title=\"&#8220;viabilita&#8221; &#8212; Radio Pi\u00f9\" src=\"https:\/\/www.radiopiu.net\/wordpress\/viabilita\/embed\/#?secret=vMXjkLTIjF#?secret=NmSES9sYJW\" data-secret=\"NmSES9sYJW\" width=\"600\" height=\"338\" frameborder=\"0\" marginwidth=\"0\" marginheight=\"0\" scrolling=\"no\"><\/iframe><\/p>\n<\/div>\n<\/div>\n<\/div>\n<\/div>\n<\/div>\n<\/div>\n<div class=\"message spoilers-container\" dir=\"auto\">\n<div class=\"column\">\n<div>\n<div dir=\"ltr\">\n<div class=\"gmail_quote\">\n<div dir=\"ltr\">\n<div><\/div>\n<\/div>\n<\/div>\n<\/div>\n<\/div>\n<hr \/>\n<p>&nbsp;<\/p>\n<p><a class=\"dt-pswp-item\" href=\"https:\/\/www.radiopiu.net\/wordpress\/wp-content\/uploads\/2018\/09\/WhatsApp-Image-2018-09-20-at-16.04.06.jpeg\" data-dt-img-description=\"\" data-large_image_width=\"800\" data-large_image_height=\"100\"><img loading=\"lazy\" decoding=\"async\" class=\"wp-image-61378 size-full aligncenter\" src=\"https:\/\/www.radiopiu.net\/wordpress\/wp-content\/uploads\/2018\/09\/WhatsApp-Image-2018-09-20-at-16.04.06.jpeg\" alt=\"\" width=\"800\" height=\"100\" srcset=\"https:\/\/www.radiopiu.net\/wordpress\/wp-content\/uploads\/2018\/09\/WhatsApp-Image-2018-09-20-at-16.04.06.jpeg 800w, https:\/\/www.radiopiu.net\/wordpress\/wp-content\/uploads\/2018\/09\/WhatsApp-Image-2018-09-20-at-16.04.06-300x38.jpeg 300w, https:\/\/www.radiopiu.net\/wordpress\/wp-content\/uploads\/2018\/09\/WhatsApp-Image-2018-09-20-at-16.04.06-768x96.jpeg 768w\" sizes=\"auto, (max-width: 800px) 100vw, 800px\" \/><\/a><\/p>\n<\/div>\n<\/div>\n<div class=\"message spoilers-container\" dir=\"auto\"><center><strong>\u00a0<\/strong><\/center><center><\/center><center><\/center><\/div>\n<p><center><\/center><center><b>OGGI<\/b><\/center><b>Tempo atteso: <\/b>Tempo instabile per buona parte della giornata, con cielo perlopi\u00f9 nuvoloso o molto nuvoloso, con schiarite locali e brevi pi\u00f9 probabili al mattino e nuovamente in tarda serata; i fenomeni saranno possibili nell&#8217;arco dell&#8217;intera giornata, pi\u00f9 probabili nelle ore centrali.<br \/>\n<b>Precipitazioni: <\/b>Possibili rovesci a tratti anche diffusi e isolati temporali (60\/80%), un po&#8217; pi\u00f9 probabili nelle ore centrali e in attenuazione in serata.<br \/>\n<b>Temperature: <\/b>Minime stazionarie e massime in lieve calo.<\/p>\n<hr \/>\n<p><center><b>DOMANI<\/b><\/center><b>Tempo atteso: <\/b>Tempo variabile, con nuvolosit\u00e0 spesso estesa anche al mattino, soprattutto sulle Prealpi per possibili nubi medio-basse, pi\u00f9 intensa verso sera, quando saranno pi\u00f9 probabili alcuni fenomeni.<br \/>\n<b>Precipitazioni: <\/b>Al mattino generalmente assenti (0\/10%); dal pomeriggio e soprattutto alla sera crescente possibilit\u00e0 di rovesci (40\/50%), che potranno divenire diffusi nella notte a partire da ovest (60\/70%).<br \/>\n<b>Temperature: <\/b>Minime in lieve calo, registrate alla sera in quota; massime stazionarie.<\/p>\n<hr \/>\n<p><center><b>MERCOLEDI<\/b><\/center>Tempo perturbato con cielo molto nuvoloso o coperto e precipitazioni diffuse, a tratti moderate. Attenuazione della nuvolosit\u00e0 e dei fenomeni entro sera a partire da ovest. Sensibile calo delle temperature specie in quota e nei valori diurni anche nelle valli.<\/p>\n<hr \/>\n<p><center><b>GIOVEDI<\/b><\/center>Giornata prevalentemente nuvolosa e fresca per il periodo, ma con fenomeni deboli e locali, in ogni caso possibili per buona parte della giornata<\/p>\n<p>&nbsp;<\/p>\n<\/div>\n<div class=\"message spoilers-container\" dir=\"auto\">\n<hr \/>\n<p>&nbsp;<\/p>\n<p><a class=\"dt-pswp-item\" href=\"https:\/\/www.radiopiu.net\/wordpress\/wp-content\/uploads\/2018\/09\/sport.jpg\" data-dt-img-description=\"\" data-large_image_width=\"800\" data-large_image_height=\"100\"><img loading=\"lazy\" decoding=\"async\" class=\"aligncenter wp-image-60761 size-full\" src=\"https:\/\/www.radiopiu.net\/wordpress\/wp-content\/uploads\/2018\/09\/sport.jpg\" alt=\"\" width=\"800\" height=\"100\" srcset=\"https:\/\/www.radiopiu.net\/wordpress\/wp-content\/uploads\/2018\/09\/sport.jpg 800w, https:\/\/www.radiopiu.net\/wordpress\/wp-content\/uploads\/2018\/09\/sport-300x38.jpg 300w, https:\/\/www.radiopiu.net\/wordpress\/wp-content\/uploads\/2018\/09\/sport-768x96.jpg 768w\" sizes=\"auto, (max-width: 800px) 100vw, 800px\" \/><\/a><\/p>\n<\/div>\n<div class=\"message spoilers-container\" dir=\"auto\">\n<p>&nbsp;<\/p>\n<p>&nbsp;<\/p>\n<p><span style=\"color: #0000ff;\"><strong>CALCIO<\/strong><\/span><\/p>\n<blockquote>\n<h3>L&#8217;AGORDINA RESTA IN SECONDA CATEGORIA DOPO UNA PROVA DI FORZA CONTRO IL GEMELLE. DECIDE SELLE AL 119&#8242;<\/h3>\n<\/blockquote>\n<p><strong><a class=\"dt-pswp-item\" href=\"https:\/\/www.radiopiu.net\/wordpress\/wp-content\/uploads\/2023\/04\/calcio-rigore-2023.png\" data-dt-img-description=\"\" data-large_image_width=\"623\" data-large_image_height=\"402\"><img loading=\"lazy\" decoding=\"async\" class=\" wp-image-331419 alignleft\" src=\"https:\/\/www.radiopiu.net\/wordpress\/wp-content\/uploads\/2023\/04\/calcio-rigore-2023-300x194.png\" alt=\"\" width=\"195\" height=\"126\" srcset=\"https:\/\/www.radiopiu.net\/wordpress\/wp-content\/uploads\/2023\/04\/calcio-rigore-2023-300x194.png 300w, https:\/\/www.radiopiu.net\/wordpress\/wp-content\/uploads\/2023\/04\/calcio-rigore-2023.png 623w\" sizes=\"auto, (max-width: 195px) 100vw, 195px\" \/><\/a>di Marco Gaz<\/strong><\/p>\n<p><strong>SECONDA CATEGORIA GIR. T \/PLAYOUT \/ GEMELLE \u2013 AGORDINA 2-5 dts (GOL AGORDINA: Wiesner, Del Din, Del Chin, Cancel, Selle)<\/strong><\/p>\n<p>L\u2019Agordina resta in Seconda Categoria. Grande prova di forza della squadra allenata da Chenet che strappa il pass per giocare la prossima stagione nel campionato regionale. Una partita al cardiopalma con il Gemelle che passa in vantaggio, la squadar di Agordo che mette a segno quattro reti prima di subire un gol che ha portato ai supplementari la sfida. Nell\u2019extratime i padroni di casa chiusi in difesa con Selle che al 119\u2019 trova il gol che consegna agli agordini la permanenza in Seconda Categoria. Primi minuti di gara senza emozioni. Le squadre si studiano a lungo e i tiri in porta non arrivano. Il Gemelle non si espone pi\u00f9 di tanto e gli agordini cercano di bucare la difesa avversaria alla ricerca del gol. La prima vera occasione della partita \u00e8 per i padroni di casa che si divorano il vantaggio sotto porta. Punizione e deviazione in mischia di Castellana ma la sfera termina alta. E\u2019 il preludio al gol che arriva subito dopo. Lancio lungo per Dall\u2019O che solo davanti a Dell\u2019Osbel calcia addosso al portiere ma sulla ribattuta spinge la palla in rete con un colpo di testa. L\u2019Agordina pareggia i conti al 30\u2019 Con Wiesner. L\u2019attaccante di Agordo prova la conclusione dal limite: palla a giro che tocca il palo prima di insaccarsi. Squadra di Chenet che prende coraggio e trova il secondo gol della giornata con Del Din che da poco dentro l\u2019area spara un siluro battendo il portiere zumellese. Dopo 10\u2019 dall\u2019inizio della seconda frazione, la squadra di Chenet trova il terzo gol. Ci pensa Del Chin a spedire in fondo al sacco il pallone con un rasoterra imprendibile. Risponde il Gemelle con Dall\u2019O ma Dell\u2019Osbel fa il miracolo. Nel finale Filippo Cancel trova un eurogol dai 20 metri con un tiro imprendibile ma i padroni di casa accorciano subito dopo. Si vai supplementari dove la squadra di Agordo tira fuori le unghie per segnare il gol vittoria. Filippo Cancel si divora la rete sotto porta ma a un minuto dalla fine del secondo supplementare arriva la rete che consegna la permanenza in seconda categoria all\u2019Agordina. Ci pensa Selle a deviare in rete un calcio d\u2019angolo e far esplodere la festa sulla panchina degli agordini.<\/p>\n<p>&nbsp;<\/p>\n<p><strong>GIOVANISSIMI PROVINCIALI \/ SEMIFINALI DI CAMPIONATO \/ AGORDINA \u2013 PLAVIS 1-2<\/strong><\/p>\n<p>Si apre con una sconfitta di misura la semifinale del campionato Giovanissimi per l\u2019Agordina di De Bastiani. I giovani agordini, nonostante il risultato, hanno lottato per tutta la gara. All\u2019Ivano Dorigo di Agordo passa in vantaggio la Plavis al 15\u2019 Con un pallonetto di Casanova. Passano 7\u2019 e arriva il raddoppio a firma di Bellus con un tiro ad incrociare da fuori area. l&#8217;Agordina ha continuato a lottare nella ripresa e alla fine \u00e8 riuscita ad accorciare le distanze al 30&#8242; grazie ad un gol di Federico Decima in mischia. Sabato prossimo \u00e8 in programma il ritorno con gli agordini che scenderanno a Santa Giustina per cercare l\u2019impresa. Per strappare il pass alla finalissima dovranno vincere con almeno due gol di scarto.<\/p>\n<p><strong>\u00a0<\/strong><\/p>\n<p><strong>ALLIEVI REGIONALI \/ AGORDINA \u2013 campionato terminato<\/strong><\/p>\n<p>&nbsp;<\/p>\n<p><strong>JUNIORES PROVINCIALI \/ COPPA VALBELLUNA MEMORIAL CALLIGARO \/ AGORDINA: TURNO DI RIPOSO<\/strong><\/p>\n<p>&nbsp;<\/p>\n<p><span style=\"color: #0000ff;\"><strong>MOUNTAIN BIKE<\/strong><\/span><\/p>\n<blockquote>\n<h3>ASTRID MIOLA FA 5 SU 5 NELLA VENETO CUP. CAMPIONESSA PROVINCIALE ELITE<\/h3>\n<\/blockquote>\n<p><strong><a class=\"dt-pswp-item\" href=\"https:\/\/www.radiopiu.net\/wordpress\/wp-content\/uploads\/2023\/05\/268673d3-124f-4d36-97ac-190191fa5e1f.jpg\" data-dt-img-description=\"\" data-large_image_width=\"1350\" data-large_image_height=\"901\"><img loading=\"lazy\" decoding=\"async\" class=\" wp-image-334775 alignleft\" src=\"https:\/\/www.radiopiu.net\/wordpress\/wp-content\/uploads\/2023\/05\/268673d3-124f-4d36-97ac-190191fa5e1f-300x200.jpg\" alt=\"\" width=\"239\" height=\"159\" srcset=\"https:\/\/www.radiopiu.net\/wordpress\/wp-content\/uploads\/2023\/05\/268673d3-124f-4d36-97ac-190191fa5e1f-300x200.jpg 300w, https:\/\/www.radiopiu.net\/wordpress\/wp-content\/uploads\/2023\/05\/268673d3-124f-4d36-97ac-190191fa5e1f-1024x683.jpg 1024w, https:\/\/www.radiopiu.net\/wordpress\/wp-content\/uploads\/2023\/05\/268673d3-124f-4d36-97ac-190191fa5e1f-768x513.jpg 768w, https:\/\/www.radiopiu.net\/wordpress\/wp-content\/uploads\/2023\/05\/268673d3-124f-4d36-97ac-190191fa5e1f.jpg 1350w\" sizes=\"auto, (max-width: 239px) 100vw, 239px\" \/><\/a>di Marco Gaz<\/strong><\/p>\n<p><strong>FELTRE<\/strong> Ancora ottimi risultati per Astrid Miola che continua a dominare la Veneto Cup di Mountain Bike. La ragazza di Agordo non la ferma pi\u00f9 nessuno ed ha inanellato la quinta vittoria su altrettante gare disputate del campionato a livello regionale. Ma non solo, con la prima posizione nella gara organizzata dal Pedale Feltrino ad Anz\u00f9, Astrid si \u00e8 diplomata campionessa provinciale Elite. Una stagione iniziata con i fiocchi e che continua nel migliore dei modi per la giovane biker agordina. La prossima settimana sar\u00e0 impegnata nel Campionato Regionale a valdobbiadene valido per la sesta tappa della Veneto Cup. (foto: Maurizio Bertazzon)<\/p>\n<p>&nbsp;<\/p>\n<p><span style=\"color: #0000ff;\"><strong>PALLAVOLO<\/strong><\/span><\/p>\n<blockquote>\n<h3>IL VOLLEY CLUB AGORDINO UNDER 16 CHIUDE LA STAGIONE CON UNA VITTORIA<\/h3>\n<\/blockquote>\n<p><strong><a class=\"dt-pswp-item\" href=\"https:\/\/www.radiopiu.net\/wordpress\/wp-content\/uploads\/2021\/04\/volley.jpg\" data-dt-img-description=\"\" data-large_image_width=\"1920\" data-large_image_height=\"1280\"><img loading=\"lazy\" decoding=\"async\" class=\" wp-image-202603 alignleft\" src=\"https:\/\/www.radiopiu.net\/wordpress\/wp-content\/uploads\/2021\/04\/volley-300x200.jpg\" alt=\"\" width=\"161\" height=\"107\" srcset=\"https:\/\/www.radiopiu.net\/wordpress\/wp-content\/uploads\/2021\/04\/volley-300x200.jpg 300w, https:\/\/www.radiopiu.net\/wordpress\/wp-content\/uploads\/2021\/04\/volley-1024x683.jpg 1024w, https:\/\/www.radiopiu.net\/wordpress\/wp-content\/uploads\/2021\/04\/volley-768x512.jpg 768w, https:\/\/www.radiopiu.net\/wordpress\/wp-content\/uploads\/2021\/04\/volley-1536x1024.jpg 1536w, https:\/\/www.radiopiu.net\/wordpress\/wp-content\/uploads\/2021\/04\/volley.jpg 1920w\" sizes=\"auto, (max-width: 161px) 100vw, 161px\" \/><\/a>di Marco Gaz<\/strong><\/p>\n<p><span style=\"color: #ff0000;\"><strong>CAMPIONATO UNDER 16 FEMMINILE BELLUNO-TREVISO<\/strong><\/span><\/p>\n<p><strong>VOLLEY CLUB AGORDINO \u2013 DOLOMITI FELTRE 3-1 (22-25, 26-24, 25-16, 25-20)<\/strong><\/p>\n<p>Ultima partita di campionato per le ragazze di Agordo che chiudono la stagione con una bella vittoria superando il Dolomiti Feltre per 3 a 1. Nonostante la sconfitta nel primo set con un punteggio di 22-25, il Volley Club Agordino ha dimostrato di essere pi\u00f9 determinato andando a vincere gli altri tre set. Agordine che sotto rete hanno fatto la differenza. Si chiude la stagione per le ragazze Under 16 di Agordo con 9 punti in classifica dopo 11 partite giocate.<\/p>\n<p>&nbsp;<\/p>\n<p><span style=\"color: #0000ff;\"><strong>ATLETICA<\/strong><\/span><\/p>\n<blockquote>\n<h3>MANUELA BULF VINCE LA MEZZA MARATONA DI BIBIONE<\/h3>\n<\/blockquote>\n<p><strong><a class=\"dt-pswp-item\" href=\"https:\/\/www.radiopiu.net\/wordpress\/wp-content\/uploads\/2023\/05\/MANUELA-BULF.jpeg\" data-dt-img-description=\"\" data-large_image_width=\"1120\" data-large_image_height=\"850\"><img loading=\"lazy\" decoding=\"async\" class=\" wp-image-334710 alignleft\" src=\"https:\/\/www.radiopiu.net\/wordpress\/wp-content\/uploads\/2023\/05\/MANUELA-BULF-300x228.jpeg\" alt=\"\" width=\"145\" height=\"110\" srcset=\"https:\/\/www.radiopiu.net\/wordpress\/wp-content\/uploads\/2023\/05\/MANUELA-BULF-300x228.jpeg 300w, https:\/\/www.radiopiu.net\/wordpress\/wp-content\/uploads\/2023\/05\/MANUELA-BULF-1024x777.jpeg 1024w, https:\/\/www.radiopiu.net\/wordpress\/wp-content\/uploads\/2023\/05\/MANUELA-BULF-768x583.jpeg 768w, https:\/\/www.radiopiu.net\/wordpress\/wp-content\/uploads\/2023\/05\/MANUELA-BULF.jpeg 1120w\" sizes=\"auto, (max-width: 145px) 100vw, 145px\" \/><\/a>BIBIONE (VE)\u00a0<\/strong> Nella mezza maratona di Bibione,\u00a0 Manuela Bulf ha vinto la gara femminile con un tempo di 1h19&#8217;34&#8221; staccando Arianna Luttieri con 2&#8242;. Si tratta di un ottimo risultato per l&#8217;atleta di Taibon, che ha dimostrato di essere in grande forma e di avere un&#8217;ottima preparazione atletica. Continuano gli ottimi risultati della mamma di Nogarola che, dopo aver conquistato il titolo italiano di corsa campestre CSI, ha dimostrato di sapersi comportare bene anche nelle lunghe distanze.<\/p>\n<p>&nbsp;<\/p>\n<p><span style=\"color: #0000ff;\"><strong>MOTORI<\/strong><\/span><\/p>\n<blockquote>\n<h3>SI CHIUDE CON BUONI RISULTATI IL PRIMO FINE SETTIMANA DI ANDREA FONTANA NELLA PORSCHE CARRERA CUP ITALIA<\/h3>\n<\/blockquote>\n<p><strong><a class=\"dt-pswp-item\" href=\"https:\/\/www.radiopiu.net\/wordpress\/wp-content\/uploads\/2023\/05\/c53830c1-6d14-47b6-b319-2fc2b9de8623.jpg\" data-dt-img-description=\"\" data-large_image_width=\"945\" data-large_image_height=\"666\"><img loading=\"lazy\" decoding=\"async\" class=\" wp-image-334754 alignleft\" src=\"https:\/\/www.radiopiu.net\/wordpress\/wp-content\/uploads\/2023\/05\/c53830c1-6d14-47b6-b319-2fc2b9de8623-300x211.jpg\" alt=\"\" width=\"171\" height=\"120\" srcset=\"https:\/\/www.radiopiu.net\/wordpress\/wp-content\/uploads\/2023\/05\/c53830c1-6d14-47b6-b319-2fc2b9de8623-300x211.jpg 300w, https:\/\/www.radiopiu.net\/wordpress\/wp-content\/uploads\/2023\/05\/c53830c1-6d14-47b6-b319-2fc2b9de8623-768x541.jpg 768w, https:\/\/www.radiopiu.net\/wordpress\/wp-content\/uploads\/2023\/05\/c53830c1-6d14-47b6-b319-2fc2b9de8623.jpg 945w\" sizes=\"auto, (max-width: 171px) 100vw, 171px\" \/><\/a>MISANO ADRIATICO<\/strong><\/p>\n<p>di Roberto Bona<\/p>\n<audio class=\"wp-audio-shortcode\" id=\"audio-334562-9\" preload=\"none\" style=\"width: 100%;\" controls=\"controls\"><source type=\"audio\/mpeg\" src=\"https:\/\/www.radiopiu.net\/wordpress\/wp-content\/uploads\/2023\/05\/MisanoGara2.mp3?_=9\" \/><a href=\"https:\/\/www.radiopiu.net\/wordpress\/wp-content\/uploads\/2023\/05\/MisanoGara2.mp3\">https:\/\/www.radiopiu.net\/wordpress\/wp-content\/uploads\/2023\/05\/MisanoGara2.mp3<\/a><\/audio>\n<p>&nbsp;<\/p>\n<hr \/>\n<p>&nbsp;<\/p>\n<blockquote>\n<h2>VOLTEGGI AGORDINI A CASALE CON IL PC RANCH<\/h2>\n<\/blockquote>\n<p><strong><img loading=\"lazy\" decoding=\"async\" class=\"alignleft\" src=\"https:\/\/www.radiopiu.net\/wordpress\/wp-content\/uploads\/2020\/07\/PR-RANCH-LA-VALLE.jpg\" width=\"175\" height=\"131\" \/>REDAZIONE<\/strong> Si sono conclusi con successo i due giorni di gare FISE di volteggio al centro ippico Il Cristallo a Casale sul Sile, dove si sono esibiti gli atleti del PR Ranch Dolomiti. Il primo giorno, Aurora Zuanel e Iris Costa hanno gareggiato nella categoria D agonistica, conquistando rispettivamente il sesto e quinto posto, mentre nella categoria PDD il PR Ranch Dolomiti ha portato a casa un argento. Nella seconda giornata, sono state disputate le gare delle categorie ludiche, dove gli atleti hanno consolidato il loro risultato con tre quarti posti. I cavalli, nonostante il repentino caldo, si sono dimostrati dei veri professionisti durante le prove. In particolare, i pi\u00f9 piccoli del team Arianna Oldrati, Alice Stieven, e Luce Busana, accompagnati da Sisco, sono riusciti a guadagnare tre posizioni.<\/p>\n<p>&nbsp;<\/p>\n<hr \/>\n<p>&nbsp;<\/p>\n<blockquote>\n<h3><a class=\"dt-pswp-item\" href=\"https:\/\/www.radiopiu.net\/wordpress\/wp-content\/uploads\/2023\/05\/344351647_624477852571573_3828231911938063764_n.jpg\" data-dt-img-description=\"\" data-large_image_width=\"1536\" data-large_image_height=\"2048\"><img loading=\"lazy\" decoding=\"async\" class=\"wp-image-334796 alignleft\" src=\"https:\/\/www.radiopiu.net\/wordpress\/wp-content\/uploads\/2023\/05\/344351647_624477852571573_3828231911938063764_n-225x300.jpg\" alt=\"\" width=\"182\" height=\"243\" srcset=\"https:\/\/www.radiopiu.net\/wordpress\/wp-content\/uploads\/2023\/05\/344351647_624477852571573_3828231911938063764_n-225x300.jpg 225w, https:\/\/www.radiopiu.net\/wordpress\/wp-content\/uploads\/2023\/05\/344351647_624477852571573_3828231911938063764_n-768x1024.jpg 768w, https:\/\/www.radiopiu.net\/wordpress\/wp-content\/uploads\/2023\/05\/344351647_624477852571573_3828231911938063764_n-1152x1536.jpg 1152w, https:\/\/www.radiopiu.net\/wordpress\/wp-content\/uploads\/2023\/05\/344351647_624477852571573_3828231911938063764_n.jpg 1536w\" sizes=\"auto, (max-width: 182px) 100vw, 182px\" \/><\/a><\/h3>\n<h3><\/h3>\n<h3>GAIA TRICOLORE DI PATTINAGGIO ARTISTICO<\/h3>\n<\/blockquote>\n<p><strong>REDAZIONE<\/strong> Gaia Serafini di Vallada Agordina mette in bacheca il titolo italiano, circuito bronze, di pattinaggio artistico. Le gare a Pinerolo (Trento). Terzo posto in categoria interpretativo con Paola Galligani di Agordo, settima Matilde Rosson. Buoni risultati anche per Anita Serafini e Cristina Torner. Ultimo appuntamento per le ragazze agordine nel fine settimana a Egna (Bolzano).<\/p>\n<p>&nbsp;<\/p>\n<p>&nbsp;<\/p>\n<p>&nbsp;<\/p>\n<p><a class=\"dt-pswp-item\" href=\"https:\/\/www.radiopiu.net\/wordpress\/wp-content\/uploads\/2023\/05\/338907771_869862354107012_866210674510508774_n.jpg\" data-dt-img-description=\"\" data-large_image_width=\"960\" data-large_image_height=\"540\"><img loading=\"lazy\" decoding=\"async\" class=\"wp-image-334795 aligncenter\" src=\"https:\/\/www.radiopiu.net\/wordpress\/wp-content\/uploads\/2023\/05\/338907771_869862354107012_866210674510508774_n-300x169.jpg\" alt=\"\" width=\"330\" height=\"186\" srcset=\"https:\/\/www.radiopiu.net\/wordpress\/wp-content\/uploads\/2023\/05\/338907771_869862354107012_866210674510508774_n-300x169.jpg 300w, https:\/\/www.radiopiu.net\/wordpress\/wp-content\/uploads\/2023\/05\/338907771_869862354107012_866210674510508774_n-768x432.jpg 768w, https:\/\/www.radiopiu.net\/wordpress\/wp-content\/uploads\/2023\/05\/338907771_869862354107012_866210674510508774_n.jpg 960w\" sizes=\"auto, (max-width: 330px) 100vw, 330px\" \/><\/a><\/p>\n<p>&nbsp;<\/p>\n<hr \/>\n<p><span style=\"color: #0000ff;\"><strong>\u00a0<\/strong><\/span><\/p>\n<p><span style=\"color: #0000ff;\"><strong>CORSA IN MONTAGNA<\/strong><\/span><\/p>\n<blockquote>\n<h3 class=\"entry-title\">MAESTRI E BONZI DOMINATORI ASSOLUTI DEI CAMPIONATI ITALIANI DI CORSA IN MONTAGNA A VALMOREL<\/h3>\n<\/blockquote>\n<p><strong class=\"photoswipe-wrapper\"><a class=\"dt-pswp-item pspw-wrap-ready\" href=\"https:\/\/www.radiopiu.net\/wordpress\/wp-content\/uploads\/2023\/05\/Cesare-Maestri-1-scaled.jpg\" data-dt-img-description=\"\" data-large_image_width=\"2560\" data-large_image_height=\"1706\"><img loading=\"lazy\" decoding=\"async\" class=\" wp-image-334746 alignleft\" src=\"https:\/\/www.radiopiu.net\/wordpress\/wp-content\/uploads\/2023\/05\/Cesare-Maestri-1-300x200.jpg\" sizes=\"auto, (max-width: 177px) 100vw, 177px\" srcset=\"https:\/\/www.radiopiu.net\/wordpress\/wp-content\/uploads\/2023\/05\/Cesare-Maestri-1-300x200.jpg 300w, https:\/\/www.radiopiu.net\/wordpress\/wp-content\/uploads\/2023\/05\/Cesare-Maestri-1-1024x683.jpg 1024w, https:\/\/www.radiopiu.net\/wordpress\/wp-content\/uploads\/2023\/05\/Cesare-Maestri-1-768x512.jpg 768w, https:\/\/www.radiopiu.net\/wordpress\/wp-content\/uploads\/2023\/05\/Cesare-Maestri-1-1536x1024.jpg 1536w, https:\/\/www.radiopiu.net\/wordpress\/wp-content\/uploads\/2023\/05\/Cesare-Maestri-1-2048x1365.jpg 2048w\" alt=\"\" width=\"177\" height=\"118\" \/><\/a>LIMANA<\/strong> Sono Cesare Maestri e Vivien Bonzi i dominatori del Campionato italiano assoluto di corsa in montagna che si \u00e8 disputato ieri mattina a Valmorel, nel territorio del comune di Limana, nei luoghi cari al giornalista, scrittore e artista Dino Buzzati, per l\u2019organizzazione di BellunoAtletica M.G.B. Gloria nella categoria Juniores Donne anche per l\u2019atleta di casa, la giovane zoldana Lucia Arnoldo.; quarto posto nella gara maschile assoluta per lo zoldano \u2013 ma con la divisa della lombarda Recastello \u2013 Isacco Costa. 278 gli atleti al via, per un totale di 72 squadre arrivate da ogni parte d\u2019Italia e da San Marino; 14,3 chilometri di percorso totali per le categorie Senior, articolati su tre giri per un dislivello positivo complessivo di 800 metri. Per le categorie Juniores e Master il percorso \u00e8 stato di 5,5 chilometri, per 300 metri di dislivello. Tra gli uomini, vittoria di Cesare Maestri (Atletica Valli Bergamasche Leffe), uno dei favoriti della vigilia, in 59\u2032 24\u201d davanti al compagno di squadra Xavier Chevrier (59\u2032 43\u201d) e l\u2019atleta della Recastello Radici Group Luciano Rota (59\u2032 59\u201d); medaglia di legno per il bellunese, ma tesserato con la Recastello, Isacco Costa, staccato di 11 secondi dal podio. Gara tirata fino all\u2019ultimo nella categoria femminile: a tagliare per prima il traguardo posto nella piazza di Valmorel, l\u2019atleta della Recastello Radici Group Vivien Bonzi (1.10.30), che nella lunga discesa da Malga Pianezze ha staccato Elisa Sortini (Atletica Valtellina; 1.10.41) e Francesca Ghelfi (Podistica Valle Varaita; 1.11.16)<\/p>\n<p>&nbsp;<\/p>\n<\/div>\n<\/div>\n","protected":false},"excerpt":{"rendered":"<p>ISCRIVITI AL NOSTRO CANALE\u00a0 YOUTUBE PER SEGUIRE IN DIRETTA I PRINCIPALI PROGRAMMI DI RADIO PIU&#8217; E LE FUTURE DIRETTE IN ESTERNA. PER ISCRIVERTI CLICCA QUI E PREMI\u00a0 &#8220;Iscriviti&#8221;\u00a0 \u00a0 \u00a0\u00a0 &nbsp; DA OGGI ALLA RADIO&#8230; IL NUOVO PROGRAMMA PRODOTTO DALL&#8217;ISTITUT LADIN CESA DE JAN\u00a0 &#8220;NCONTONSE&#8221; TORNANO LE CHIACCHIERE IN LADINO SU RADIO PI\u00d9 Tutto questo&hellip;<\/p>\n","protected":false},"author":4,"featured_media":334794,"comment_status":"closed","ping_status":"closed","sticky":false,"template":"","format":"standard","meta":{"_monsterinsights_skip_tracking":false,"_monsterinsights_sitenote_active":false,"_monsterinsights_sitenote_note":"","_monsterinsights_sitenote_category":0,"footnotes":""},"categories":[51,86,49],"tags":[],"class_list":["post-334562","post","type-post","status-publish","format-standard","has-post-thumbnail","hentry","category-evidenza-top","category-gr","category-news-18","category-51","category-86","category-49","description-off"],"img_url":"https:\/\/www.radiopiu.net\/wordpress\/wp-content\/uploads\/2023\/05\/Senza-nome-27.jpg","_links":{"self":[{"href":"https:\/\/www.radiopiu.net\/wordpress\/wp-json\/wp\/v2\/posts\/334562","targetHints":{"allow":["GET"]}}],"collection":[{"href":"https:\/\/www.radiopiu.net\/wordpress\/wp-json\/wp\/v2\/posts"}],"about":[{"href":"https:\/\/www.radiopiu.net\/wordpress\/wp-json\/wp\/v2\/types\/post"}],"author":[{"embeddable":true,"href":"https:\/\/www.radiopiu.net\/wordpress\/wp-json\/wp\/v2\/users\/4"}],"replies":[{"embeddable":true,"href":"https:\/\/www.radiopiu.net\/wordpress\/wp-json\/wp\/v2\/comments?post=334562"}],"version-history":[{"count":0,"href":"https:\/\/www.radiopiu.net\/wordpress\/wp-json\/wp\/v2\/posts\/334562\/revisions"}],"wp:featuredmedia":[{"embeddable":true,"href":"https:\/\/www.radiopiu.net\/wordpress\/wp-json\/wp\/v2\/media\/334794"}],"wp:attachment":[{"href":"https:\/\/www.radiopiu.net\/wordpress\/wp-json\/wp\/v2\/media?parent=334562"}],"wp:term":[{"taxonomy":"category","embeddable":true,"href":"https:\/\/www.radiopiu.net\/wordpress\/wp-json\/wp\/v2\/categories?post=334562"},{"taxonomy":"post_tag","embeddable":true,"href":"https:\/\/www.radiopiu.net\/wordpress\/wp-json\/wp\/v2\/tags?post=334562"}],"curies":[{"name":"wp","href":"https:\/\/api.w.org\/{rel}","templated":true}]}}