{"id":334597,"date":"2023-05-06T07:55:17","date_gmt":"2023-05-06T05:55:17","guid":{"rendered":"https:\/\/www.radiopiu.net\/wordpress\/?p=334597"},"modified":"2023-05-06T08:46:36","modified_gmt":"2023-05-06T06:46:36","slug":"la-rassegna-stampa-locale-dal-1983-di-mirko-mezzacasa-5","status":"publish","type":"post","link":"https:\/\/www.radiopiu.net\/wordpress\/la-rassegna-stampa-locale-dal-1983-di-mirko-mezzacasa-5\/","title":{"rendered":"LA RASSEGNA STAMPA LOCALE, DAL 1983 DI MIRKO MEZZACASA"},"content":{"rendered":"<p><strong>LIVINALLONGO<\/strong> Gestione Servizi Pubblici informa che a LIVINALLONGO in LOCALITA&#8217; LARZONEI, l&#8217;acqua erogata dall&#8217;acquedotto non \u00e8 potabile e pu\u00f2 essere usata per scopi alimentari SOLO PREVIA bollitura.<br \/>\n<strong>AGORDO<\/strong>\u00a0 Gestione Servizi Pubblici\u00a0 ha annunciato una sospensione temporanea dell&#8217;erogazione dell&#8217;acqua nelle vie Col di Foglia e Pragrande, che avverr\u00e0 luned\u00ec 8 maggio dalle\u00a0 8 alle\u00a0 12.<br \/>\n<strong>VOLTAGO<\/strong> La Strada Provinciale 26\u00a0 di Digoman sar\u00e0 chiusa per tre giorni consecutivi, a partire da mercoled\u00ec 10 maggio fino a venerd\u00ec 12 maggio. La chiusura riguarder\u00e0 entrambi i sensi di marcia\u00a0 DALLE 7.30 ALLE 17.30 e sar\u00e0 totale, pertanto non sar\u00e0 possibile transitarvi neanche a piedi<\/p>\n<p><strong>FONZASO<\/strong> Poco prima delle 15 di ieri una persona ha contattato il 118, dopo aver visto una vela gialla di un parapendio chiudersi all&#8217;improvviso e precipitare, sotto il decollo di Malga Campet sul Monte Avena. Constatato che la pilota era arrivata a terra, una squadra del Soccorso alpino di Feltre ha raggiunto la 40enne polacca che, all&#8217;apparenza, non aveva riportato conseguenze.<br \/>\n<strong>LAMON<\/strong> Per il professore D&#8217;Alpaos, esperto di idraulica la paventata diga del Vanoi \u00e8 un insulto alla memoria del Vajont.<br \/>\n<strong>BELLUNO<\/strong> La storia si ripete, altra aggressione al barista dell&#8217;Osteria al Ponte minacciato di morte da persona gi\u00e0 nota alle forze dell&#8217;ordine. Il 45 enne (forse lo stesso?) che gi\u00e0 aveva aggredito il barista del bar Al Bocia con precedente e condanne specifiche per lo stesso motivo \u00e8 gi\u00e0 libero di scorazzare per i Bar della citt\u00e0.<br \/>\n<strong>BELLUNO<\/strong> Nel mirino dell&#8217;associazione Miglior Tutela gli autovelox di Marisiga e Levego, chiesto l&#8217;intervento della Procura perch\u00e9 secondo gli avvocati illeggittimi.<br \/>\n<strong>BELLUNO<\/strong> La Cassa Rurale delle Dolomiti ha donato al Soccorso Alpino 100mila euro.<br \/>\n<strong>SEREN DEL GRAPPA<\/strong>\u00a0 La presenza di lupi in branco nelle zone urbane della Valle di Seren sta causando preoccupazione tra i residenti.<br \/>\n<strong>FALCADE<\/strong> \u00c8 sempre un momento di grande gioia quando i pastori transumanti fanno ritorno alle loro montagne per trascorrere la stagione estiva con le loro greggi. Tuttavia, come sottolineato da Giovanni Zanon,\u00a0\u00a0 Presidente della Comunit\u00e0 territoriale di Fiemme, il problema dei predatori sta diventando sempre pi\u00f9 grave e sta mettendo a rischio non solo le greggi, ma anche la sopravvivenza stessa di questa pratica antica e preziosa.<br \/>\n<strong>LIMANA\u00a0<\/strong> L&#8217;emergenza degli animali selvatici sulle strade \u00e8 diventata un problema quotidiano in provincia. La recente esperienza di Stella, che \u00e8 stata centrata da due cervi mentre guidava, ha messo in evidenza la necessit\u00e0 di intervenire per prevenire questi incidenti.<br \/>\n<strong>BELLUNO<\/strong>\u00a0Esercitazione di Protezione Civile al Liceo Renier di Belluno: prove di evacuazione per oltre 900 ragazzi. Test superato per la macchina della sicurezza e anche per gli studenti.<br \/>\n<strong>BELLUNO\u00a0<\/strong> Luned\u00ec mattina si terr\u00e0 a Palazzo Rosso il vertice sulle Olimpiadi e Paralimpiadi, coordinato dal sindaco di Belluno, Oscar De Pellegrin<br \/>\n<strong>BELLUNO<\/strong> La primaria Laura Favretti dell&#8217;unit\u00e0 operativa di Ostetricia e ginecologia presso il Santa Maria del Prato andr\u00e0 in pensione dal primo settembre prossimo<br \/>\n<strong>AGORDO<\/strong> Da 4 giorni sulle rotonde verso Luxottica manca l&#8217;illuminazione pubblica dei lampioni.\u00a0 Servono\u00a0 trenta occhi\u00a0 in occasione dell&#8217;uscita delle 22 della sera<br \/>\n<strong>SOSPIROLO<\/strong> Una serata memorabile con i &#8220;maestri&#8221; della fisarmonica: Gigi Bristot, Lino Curtolo, Lorenzo Dalla Rosa, Dario Scagnet, Pierluigi, Damiano Soppelsa.\u00a0 L&#8217;iniziativa\u00a0 organizzata dal Comitato Biblioteca con il patrocinio del Comune &#8220;Sonon per San Gottardo&#8221; a Gron, ha riscosso successo mettendo in evidenza come le genti di Sospirolo e Comuni vicini siano attaccati alla chiesa di San Gottardo per la quale sono necessari 80mila euro per il rifacimento del tetto danneggiato da un temporale la scorsa estate.<\/p>\n<p><strong>OGGI AD ALLEGHE ALLE 17 60 ANNI DI ALPINISMO IN CIVETTA, AD ALLEGHE L\u2019INCONTRO CON TANTI GRANDI NOMI<\/strong><\/p>\n<p><strong>DOMANI A SAN TOMASO PER TUTTO IL GIORNO LA FESTA DEL CACCIATORE ALL&#8217;ARENA 1082<\/strong><\/p>\n<p><strong>QUESTA SERA AL PALAFALCADE _INGRESSO LIBERO &#8211; LO ZELIG VENETO, SERATA DI RISATE CON I COMICI &#8220;RISO FA BUON SANGUE&#8221; INIZIATIVA ABVS CENCENIGHE-CANALE-FALCADE<\/strong><\/p>\n<p><strong>QUESTA SERA A CASTION LA BUONA MUSICA DEI NOSTRI GIOVANI CON MARCO V.DAL FARRA E TANTI ALTRI.<\/strong><\/p>\n<p><strong>DOMANI A FALCADE \u201cMOTORI E SPERANZA\u201d, UNA GIORNATA DEDICATA AI MOTORI E LA BENEFICENZA<\/strong><\/p>\n<p><strong>BELLUNO Un Open day per chi ama fare centro. E in programma domani con il Tiro a Segno Nazionale di Belluno, ne abbiamo parlato con il presidente Renato Cafiero.<\/strong><\/p>\n<p><strong>AGORDO E&#8217; in programma per domani l&#8217;Open Day del Tennis Club Agordo. Una giornata dedicata ai bambini, ma anche agli adulti, che vogliono avvicinarsi al mondo del tennis. Tutto gratuito, merenda compresa<\/strong><\/p>\n<p><span style=\"color: #ff0000;\">CALCIO<\/span> ULTIMO TRENO PER L&#8217;AGORDINA DI SECONDA CATEGORIA. DOMANI IL RITORNO DEI PLAYOUT CON IL GEMELLE<br \/>\n<span style=\"color: #ff0000;\">MOTORI<\/span> ANDREA FONTANA TRA I MIGLIORI NELLE LIBERE DELLA PRIMA TAPPA DEL PORSCHE CARRERA CUP ITALIA<br \/>\nFILIPPO FANT BRILLANTE PROTAGONISTA AL MINI CHALLENGE DI MISANO. QUARTO TEMPO IN QUALIFICA<br \/>\n<span style=\"color: #ff0000;\">HOCKEY<\/span> Nazionale Senior, mancata la promozione &#8211; In Top Division vanno Gran Bretagna e Polonia<\/p>\n<p>&nbsp;<\/p>\n<p><iframe loading=\"lazy\" title=\"RASSEGNA STAMPA LOCALE\" width=\"1200\" height=\"675\" src=\"https:\/\/www.youtube.com\/embed\/Uu85ultQ7Ck?feature=oembed\" frameborder=\"0\" allow=\"accelerometer; autoplay; clipboard-write; encrypted-media; gyroscope; picture-in-picture; web-share\" allowfullscreen><\/iframe><\/p>\n","protected":false},"excerpt":{"rendered":"<p>LIVINALLONGO Gestione Servizi Pubblici informa che a LIVINALLONGO in LOCALITA&#8217; LARZONEI, l&#8217;acqua erogata dall&#8217;acquedotto non \u00e8 potabile e pu\u00f2 essere usata per scopi alimentari SOLO PREVIA bollitura. AGORDO\u00a0 Gestione Servizi Pubblici\u00a0 ha annunciato una sospensione temporanea dell&#8217;erogazione dell&#8217;acqua nelle vie Col di Foglia e Pragrande, che avverr\u00e0 luned\u00ec 8 maggio dalle\u00a0 8 alle\u00a0 12. VOLTAGO&hellip;<\/p>\n","protected":false},"author":4,"featured_media":334598,"comment_status":"closed","ping_status":"closed","sticky":false,"template":"","format":"standard","meta":{"_monsterinsights_skip_tracking":false,"_monsterinsights_sitenote_active":false,"_monsterinsights_sitenote_note":"","_monsterinsights_sitenote_category":0,"footnotes":""},"categories":[104,49,142],"tags":[],"class_list":["post-334597","post","type-post","status-publish","format-standard","has-post-thumbnail","hentry","category-evidenza_3","category-news-18","category-rassegna-stampa","category-104","category-49","category-142","description-off"],"img_url":"https:\/\/www.radiopiu.net\/wordpress\/wp-content\/uploads\/2023\/05\/coper.jpg","_links":{"self":[{"href":"https:\/\/www.radiopiu.net\/wordpress\/wp-json\/wp\/v2\/posts\/334597","targetHints":{"allow":["GET"]}}],"collection":[{"href":"https:\/\/www.radiopiu.net\/wordpress\/wp-json\/wp\/v2\/posts"}],"about":[{"href":"https:\/\/www.radiopiu.net\/wordpress\/wp-json\/wp\/v2\/types\/post"}],"author":[{"embeddable":true,"href":"https:\/\/www.radiopiu.net\/wordpress\/wp-json\/wp\/v2\/users\/4"}],"replies":[{"embeddable":true,"href":"https:\/\/www.radiopiu.net\/wordpress\/wp-json\/wp\/v2\/comments?post=334597"}],"version-history":[{"count":0,"href":"https:\/\/www.radiopiu.net\/wordpress\/wp-json\/wp\/v2\/posts\/334597\/revisions"}],"wp:featuredmedia":[{"embeddable":true,"href":"https:\/\/www.radiopiu.net\/wordpress\/wp-json\/wp\/v2\/media\/334598"}],"wp:attachment":[{"href":"https:\/\/www.radiopiu.net\/wordpress\/wp-json\/wp\/v2\/media?parent=334597"}],"wp:term":[{"taxonomy":"category","embeddable":true,"href":"https:\/\/www.radiopiu.net\/wordpress\/wp-json\/wp\/v2\/categories?post=334597"},{"taxonomy":"post_tag","embeddable":true,"href":"https:\/\/www.radiopiu.net\/wordpress\/wp-json\/wp\/v2\/tags?post=334597"}],"curies":[{"name":"wp","href":"https:\/\/api.w.org\/{rel}","templated":true}]}}