{"id":334630,"date":"2023-05-06T14:49:15","date_gmt":"2023-05-06T12:49:15","guid":{"rendered":"https:\/\/www.radiopiu.net\/wordpress\/?p=334630"},"modified":"2023-05-06T14:49:15","modified_gmt":"2023-05-06T12:49:15","slug":"alessio-tabacchi-50-anni-nel-soccorso-alpino-di-pieve-di-cadore","status":"publish","type":"post","link":"https:\/\/www.radiopiu.net\/wordpress\/alessio-tabacchi-50-anni-nel-soccorso-alpino-di-pieve-di-cadore\/","title":{"rendered":"ALESSIO TABACCHI, 50 ANNI NEL SOCCORSO ALPINO DI PIEVE DI CADORE"},"content":{"rendered":"<p><strong><a class=\"dt-pswp-item\" href=\"https:\/\/www.radiopiu.net\/wordpress\/wp-content\/uploads\/2023\/05\/SCR-20230506-ndji.jpeg\" data-dt-img-description=\"\" data-large_image_width=\"1300\" data-large_image_height=\"938\"><img loading=\"lazy\" decoding=\"async\" class=\" wp-image-334631 alignleft\" src=\"https:\/\/www.radiopiu.net\/wordpress\/wp-content\/uploads\/2023\/05\/SCR-20230506-ndji-300x216.jpeg\" alt=\"\" width=\"192\" height=\"138\" srcset=\"https:\/\/www.radiopiu.net\/wordpress\/wp-content\/uploads\/2023\/05\/SCR-20230506-ndji-300x216.jpeg 300w, https:\/\/www.radiopiu.net\/wordpress\/wp-content\/uploads\/2023\/05\/SCR-20230506-ndji-1024x739.jpeg 1024w, https:\/\/www.radiopiu.net\/wordpress\/wp-content\/uploads\/2023\/05\/SCR-20230506-ndji-768x554.jpeg 768w, https:\/\/www.radiopiu.net\/wordpress\/wp-content\/uploads\/2023\/05\/SCR-20230506-ndji.jpeg 1300w\" sizes=\"auto, (max-width: 192px) 100vw, 192px\" \/><\/a>PIEVE DI CADORE <\/strong>Ieri sera il Soccorso alpino di Pieve di Cadore al completo, affiancato dai rappresentanti delle Stazioni contermini Centro Cadore e San Vito di Cadore, ha mostrato tutta la propria stima ed affetto ad Alessio Tabacchi, storico soccorritore che, compiuti 75 anni d\u2019et\u00e0, 50 dei quali prestati alla solidariet\u00e0 e all\u2019impegno in aiuto di chi si trova in difficolt\u00e0 in montagna, dallo scorso marzo, come previsto dallo statuto del Cnsas, ha terminato il proprio mandato all\u2019interno dell\u2019Associazione. Circondato dai soccorritori che da lui hanno imparato e da quelli che al suo fianco sono stati fin dalle prime missioni, Alessio \u00e8 stato accolto in Municipio dal sindaco di Pieve di Cadore Giuseppe Casagrande, che ha sottolineato la sua attivit\u00e0 anche all\u2019interno del Cai e dei Vigili del fuoco. Competenza, seriet\u00e0, dedizione, immediatezza nella risposta, presenza costante, ordine, capacit\u00e0, disponibilit\u00e0, gran cuore, trait d&#8217;union tra le vecchie e giovani generazioni: le parole per descriverne la figura ad ogni intervento dei tanti che ieri gli hanno tributato ricordi e ringraziamenti, Giuliano Baracco, Diego Tabacchi, Marco Da Col, Alex Barattin. \u201cSe oggi la Stazione Pieve di Cadore \u00e8 un punto di riferimento per il soccorso \u00e8 sicuramente per merito di Alessio Tabacchi, che con spirito di sacrificio e abnegazione, partendo dall\u2019utilizzo di mezzi, attrezzature, a volte acquistate con propri denari, ha portato a termine operazioni di soccorso anche molto complesse e soprattutto ha ultimato tutta la rete radio, per la dovuta e opportuna comunicazione. In quegli anni senza radio, Gps, elicotteri era tutto molto difficile. Un recupero di un infortunato poteva durare una giornata. Recuperare una salma giorni. Ecco perch\u00e9 trovo opportuno riconoscere l\u2019impegno e la dedizione e conferire al socio l\u2019onorificenza di Socio Emerito, a ricordo dei molti anni di servizio a favore del Corpo Nazionale Soccorso Alpino Speleologico\u201d, queste le motivazioni nella richiesta del conferimento della benemerenza del capo del Soccorso alpino di Pieve di Cadore Giuliano Baracco. Ad Alessio, che non ha voluto dimenticare Luigino Genova e Alvio De Mattia, sono stati consegnati un\u2019opera di Vico Calabr\u00f2 e una targa per ringraziarlo per il suo fondamentale lavoro nella realizzazione della rete radio. Alessio Tabacchi \u00e8 nato a Pieve di Cadore (BL) il 6 marzo 1948. Attivo dal 1973 come volontario, \u00e8 Vicecapo Stazione dal 1982 al 1995 nella direzione con l\u2019amico Luigino Genova; coordinatore radio dall\u2019inizio della creazione della struttura provinciale della rete radio e successivo sviluppo regionale; segretario e \u2018tuttofare\u2019 insostituibile. Ha all\u2019attivo qualche centinaio di interventi sul territorio di competenza e presenza in supporto alle stazioni della Delegazione con il faro di Pieve di Cadore.<\/p>\n<p>&nbsp;<\/p>\n<p>&nbsp;<\/p>\n<p>*******<\/p>\n","protected":false},"excerpt":{"rendered":"<p>PIEVE DI CADORE Ieri sera il Soccorso alpino di Pieve di Cadore al completo, affiancato dai rappresentanti delle Stazioni contermini Centro Cadore e San Vito di Cadore, ha mostrato tutta la propria stima ed affetto ad Alessio Tabacchi, storico soccorritore che, compiuti 75 anni d\u2019et\u00e0, 50 dei quali prestati alla solidariet\u00e0 e all\u2019impegno in aiuto&hellip;<\/p>\n","protected":false},"author":4,"featured_media":334631,"comment_status":"closed","ping_status":"closed","sticky":false,"template":"","format":"standard","meta":{"_monsterinsights_skip_tracking":false,"_monsterinsights_sitenote_active":false,"_monsterinsights_sitenote_note":"","_monsterinsights_sitenote_category":0,"footnotes":""},"categories":[51,49],"tags":[],"class_list":["post-334630","post","type-post","status-publish","format-standard","has-post-thumbnail","hentry","category-evidenza-top","category-news-18","category-51","category-49","description-off"],"img_url":"https:\/\/www.radiopiu.net\/wordpress\/wp-content\/uploads\/2023\/05\/SCR-20230506-ndji.jpeg","_links":{"self":[{"href":"https:\/\/www.radiopiu.net\/wordpress\/wp-json\/wp\/v2\/posts\/334630","targetHints":{"allow":["GET"]}}],"collection":[{"href":"https:\/\/www.radiopiu.net\/wordpress\/wp-json\/wp\/v2\/posts"}],"about":[{"href":"https:\/\/www.radiopiu.net\/wordpress\/wp-json\/wp\/v2\/types\/post"}],"author":[{"embeddable":true,"href":"https:\/\/www.radiopiu.net\/wordpress\/wp-json\/wp\/v2\/users\/4"}],"replies":[{"embeddable":true,"href":"https:\/\/www.radiopiu.net\/wordpress\/wp-json\/wp\/v2\/comments?post=334630"}],"version-history":[{"count":0,"href":"https:\/\/www.radiopiu.net\/wordpress\/wp-json\/wp\/v2\/posts\/334630\/revisions"}],"wp:featuredmedia":[{"embeddable":true,"href":"https:\/\/www.radiopiu.net\/wordpress\/wp-json\/wp\/v2\/media\/334631"}],"wp:attachment":[{"href":"https:\/\/www.radiopiu.net\/wordpress\/wp-json\/wp\/v2\/media?parent=334630"}],"wp:term":[{"taxonomy":"category","embeddable":true,"href":"https:\/\/www.radiopiu.net\/wordpress\/wp-json\/wp\/v2\/categories?post=334630"},{"taxonomy":"post_tag","embeddable":true,"href":"https:\/\/www.radiopiu.net\/wordpress\/wp-json\/wp\/v2\/tags?post=334630"}],"curies":[{"name":"wp","href":"https:\/\/api.w.org\/{rel}","templated":true}]}}