{"id":334675,"date":"2023-05-07T22:24:19","date_gmt":"2023-05-07T20:24:19","guid":{"rendered":"https:\/\/www.radiopiu.net\/wordpress\/?p=334675"},"modified":"2023-05-08T05:44:45","modified_gmt":"2023-05-08T03:44:45","slug":"scivola-sul-sentiero-8","status":"publish","type":"post","link":"https:\/\/www.radiopiu.net\/wordpress\/scivola-sul-sentiero-8\/","title":{"rendered":"SCIVOLA SUL SENTIERO"},"content":{"rendered":"<p><strong>CHIES D&#8217;ALPAGO<\/strong>\u00a0 intervento di soccorso in montagna avvenuto nella zona del Guslon, vicino a Pieve di Cadore. Un escursionista di 31 anni originario di Alpago ha riportato un sospetto trauma al ginocchio dopo essere scivolato e non era pi\u00f9 in grado di camminare. Il padre del ragazzo \u00e8 uscito dal bosco per dare indicazioni all&#8217;equipaggio dell&#8217;elicottero del Suem di Pieve di Cadore, che \u00e8 intervenuto a circa 1.600 metri di quota per il recupero dell&#8217;escursionista. Una squadra del Soccorso alpino dell&#8217;Alpago si \u00e8 resa disponibile per il supporto a Pian Grant durante l&#8217;operazione di soccorso. Il tecnico di elisoccorso, assieme al padre del ragazzo, ha spostato l&#8217;escursionista in un punto agevole per il recupero, avvenuto sempre con il verricello.<\/p>\n<p>&nbsp;<\/p>\n<p>&nbsp;<\/p>\n<p>&nbsp;<\/p>\n<hr \/>\n<p>&nbsp;<\/p>\n","protected":false},"excerpt":{"rendered":"<p>CHIES D&#8217;ALPAGO\u00a0 intervento di soccorso in montagna avvenuto nella zona del Guslon, vicino a Pieve di Cadore. Un escursionista di 31 anni originario di Alpago ha riportato un sospetto trauma al ginocchio dopo essere scivolato e non era pi\u00f9 in grado di camminare. Il padre del ragazzo \u00e8 uscito dal bosco per dare indicazioni all&#8217;equipaggio&hellip;<\/p>\n","protected":false},"author":4,"featured_media":279472,"comment_status":"closed","ping_status":"closed","sticky":false,"template":"","format":"standard","meta":{"_monsterinsights_skip_tracking":false,"_monsterinsights_sitenote_active":false,"_monsterinsights_sitenote_note":"","_monsterinsights_sitenote_category":0,"footnotes":""},"categories":[51,49],"tags":[],"class_list":["post-334675","post","type-post","status-publish","format-standard","has-post-thumbnail","hentry","category-evidenza-top","category-news-18","category-51","category-49","description-off"],"img_url":"https:\/\/www.radiopiu.net\/wordpress\/wp-content\/uploads\/2022\/06\/salt_20220603_143101_827.jpg","_links":{"self":[{"href":"https:\/\/www.radiopiu.net\/wordpress\/wp-json\/wp\/v2\/posts\/334675","targetHints":{"allow":["GET"]}}],"collection":[{"href":"https:\/\/www.radiopiu.net\/wordpress\/wp-json\/wp\/v2\/posts"}],"about":[{"href":"https:\/\/www.radiopiu.net\/wordpress\/wp-json\/wp\/v2\/types\/post"}],"author":[{"embeddable":true,"href":"https:\/\/www.radiopiu.net\/wordpress\/wp-json\/wp\/v2\/users\/4"}],"replies":[{"embeddable":true,"href":"https:\/\/www.radiopiu.net\/wordpress\/wp-json\/wp\/v2\/comments?post=334675"}],"version-history":[{"count":0,"href":"https:\/\/www.radiopiu.net\/wordpress\/wp-json\/wp\/v2\/posts\/334675\/revisions"}],"wp:featuredmedia":[{"embeddable":true,"href":"https:\/\/www.radiopiu.net\/wordpress\/wp-json\/wp\/v2\/media\/279472"}],"wp:attachment":[{"href":"https:\/\/www.radiopiu.net\/wordpress\/wp-json\/wp\/v2\/media?parent=334675"}],"wp:term":[{"taxonomy":"category","embeddable":true,"href":"https:\/\/www.radiopiu.net\/wordpress\/wp-json\/wp\/v2\/categories?post=334675"},{"taxonomy":"post_tag","embeddable":true,"href":"https:\/\/www.radiopiu.net\/wordpress\/wp-json\/wp\/v2\/tags?post=334675"}],"curies":[{"name":"wp","href":"https:\/\/api.w.org\/{rel}","templated":true}]}}