{"id":334692,"date":"2023-05-08T13:30:14","date_gmt":"2023-05-08T11:30:14","guid":{"rendered":"https:\/\/www.radiopiu.net\/wordpress\/?p=334692"},"modified":"2023-05-14T16:11:16","modified_gmt":"2023-05-14T14:11:16","slug":"i-racconti-di-paolo-soppelsa-puntata-175","status":"publish","type":"post","link":"https:\/\/www.radiopiu.net\/wordpress\/i-racconti-di-paolo-soppelsa-puntata-175\/","title":{"rendered":"I RACCONTI DI PAOLO SOPPELSA &#8211; PUNTATA 175"},"content":{"rendered":"<p><strong>LASTE<\/strong><\/p>\n<p><strong>AUDIO<\/strong><\/p>\n<audio class=\"wp-audio-shortcode\" id=\"audio-334692-1\" preload=\"none\" style=\"width: 100%;\" controls=\"controls\"><source type=\"audio\/mpeg\" src=\"https:\/\/www.radiopiu.net\/wordpress\/wp-content\/uploads\/2023\/05\/PAOLO-SOPPELSA-LASTE.mp3?_=1\" \/><a href=\"https:\/\/www.radiopiu.net\/wordpress\/wp-content\/uploads\/2023\/05\/PAOLO-SOPPELSA-LASTE.mp3\">https:\/\/www.radiopiu.net\/wordpress\/wp-content\/uploads\/2023\/05\/PAOLO-SOPPELSA-LASTE.mp3<\/a><\/audio>\n<p>&nbsp;<\/p>\n<p><a class=\"dt-pswp-item\" href=\"https:\/\/www.radiopiu.net\/wordpress\/wp-content\/uploads\/2023\/05\/d619bd56-9a6f-4d77-90a9-e400863268da.jpg\" data-dt-img-description=\"\" data-large_image_width=\"1600\" data-large_image_height=\"1200\"><img loading=\"lazy\" decoding=\"async\" class=\" wp-image-334696 alignleft\" src=\"https:\/\/www.radiopiu.net\/wordpress\/wp-content\/uploads\/2023\/05\/d619bd56-9a6f-4d77-90a9-e400863268da-300x225.jpg\" alt=\"\" width=\"177\" height=\"133\" srcset=\"https:\/\/www.radiopiu.net\/wordpress\/wp-content\/uploads\/2023\/05\/d619bd56-9a6f-4d77-90a9-e400863268da-300x225.jpg 300w, https:\/\/www.radiopiu.net\/wordpress\/wp-content\/uploads\/2023\/05\/d619bd56-9a6f-4d77-90a9-e400863268da-1024x768.jpg 1024w, https:\/\/www.radiopiu.net\/wordpress\/wp-content\/uploads\/2023\/05\/d619bd56-9a6f-4d77-90a9-e400863268da-768x576.jpg 768w, https:\/\/www.radiopiu.net\/wordpress\/wp-content\/uploads\/2023\/05\/d619bd56-9a6f-4d77-90a9-e400863268da-1536x1152.jpg 1536w, https:\/\/www.radiopiu.net\/wordpress\/wp-content\/uploads\/2023\/05\/d619bd56-9a6f-4d77-90a9-e400863268da.jpg 1600w\" sizes=\"auto, (max-width: 177px) 100vw, 177px\" \/><\/a>Era una domenica di fine aprile di tempo uggioso e nuvole stanche, di pioggia in bilico e rari accenni di primavera appena iniziata. Un tempo buono per riposare accanto alla stufa ancora accesa oppure da consumare girando in macchina alla ricerca di luoghi e storie. La vettura, in quel primo pomeriggio, puntava pigramente verso Caprile che, come Cencenighe, \u00e8 incrocio di strade e di acque; \u00e8 giunti a &#8220;Ciaur\u00ec&#8221; che bisogna decidere dove andare, ed io quel giorno ho optato per seguire a ritroso il corso del Cordevole. Cercavo storie di acque che da sempre scorrono lungo la profonda gola di Digonera, acque che sessant&#8217;anni fa, da quelle parti avrebbero potuto trovare un ostacolo lungo il loro naturale cammino. Saviner, la ripida salita dopo l&#8217;abitato e poi freccia a destra per imboccare quella strada che da sempre mi incute soggezione. Qui il nastro d&#8217;asfalto prende a salire quasi con violenza e poi, dopo quattro curve, va ad infilarsi nella severa galleria illuminata dalle lampade a mercurio. Appena uscito dal tunnel ho parcheggiato nella piazzola posta sul filo di quel baratro profondo centoventi metri. Guardavo i versanti ormai inselvatichiti della gola e immaginavo il fremere delle funi delle potenti gru che facevano volteggiare in aria le benne che scaricavano il calcestruzzo sui conci della diga, pensavo alla polvere di roccia frantumata e al frastuono prodotto dai compressori; immaginavo il cantiere mentre lass\u00f9 le nuvole accarezzavano la cima mutilata del Col di Lana. Pochi minuti di sosta e poi via, con l&#8217;obiettivo di raggiungere la grande chiesa che guarda la valle. Un quarto d&#8217;ora pi\u00f9 tardi, dopo aver risalito l&#8217;erta strada provinciale, ero finalmente giunto a Laste. Ho parcheggiato di fianco all&#8217;ufficio postale con l&#8217;insegna stinta e di fronte alla bella palazzina dei Vigili del Fuoco Volontari di Laste. Mentre ammiravo l&#8217;edificio perfettamente tirato a lucido ho pensato all&#8217;importanza di questi pr\u00e9sidi posti in questi territori affascinanti e difficili dove il fuoco rappresenta forse il principale incubo. Ad agosto saranno quarant&#8217;anni esatti dal terribile incendio che incener\u00ec il borgo di Mo\u00e8 di Laste; le fiamme si alzarono verso il cielo divorando case e tabi\u00e0, come poi accadde in tempi pi\u00f9 recenti a Piaia di San Tomaso e a Canazei di Colle Santa Lucia. Pensavo al sacro terrore del fuoco mentre camminavo in salita per raggiungere l&#8217;imponente chiesa dedicata a San Gottardo. Dal colle isolato dove sorge questo edificio di culto si pu\u00f2 godere di una vista che spazia dall&#8217;infinito del cielo agli inferi della gola dove scorre il Cordevole. All&#8217;orizzonte c&#8217;era il Civetta avvolto dalle nuvole e laggi\u00f9, sul fondo della valle, la diga fantasma. L&#8217;ho guardato a lungo quello spettro di calcestruzzo, l&#8217;ho immaginata sbarrare la gola stretta e severa di Digonera. Le noti distintamente le sue spalle possenti unite alla roccia che sovrasta il Cordevole, e osservando con attenzione puoi intravedere fra la vegetazione gli inquietanti buchi neri degli scarichi di fondo e di superficie. C&#8217;era silenzio sul colle, il vento di fine aprile accarezzava l&#8217;erba nuova mentre immaginavo le acque scure del lago che non c&#8217;\u00e8. Sopracordevole e Digonera, e Rucav\u00e0 e Collaz aldil\u00e0 della valle, si sarebbero specchiati in quelle acque miscuglio di Cordevole Fiorentina e Codalonga. A fine novembre il lago si sarebbe tramutato in un silente blocco di ghiaccio e poi a primavera avrebbe preso il colore del disgelo. Poi ho alzato lo sguardo cercando quei borghi aggrappati ai pendii del Pore e del Col di Lana; Colcuc, Larzonei, Palla e Agai. Ho guardato quei prati che un tempo erano campi in pendenza, ho immaginato le gerle piene della terra scesa verso valle che, appena sciolta la neve, veniva riportata alla sommit\u00e0 del campo. Erano gambe e schiene forti e sacrifici e fatiche disumane, era l&#8217;essere un tutt&#8217;uno con questa terra difficile e avara. Poi ho chiuso gli occhi e ho cantato piano\u2026<\/p>\n<p>&#8220;&#8230;&#8217;sarei da cater pert se &#8216;n ston pa duc t\u00e1n &#8216;bel saur\u00ec<br \/>\n&#8216;ne da l&#8217; Bo\u00e8 la bona not<br \/>\nel Zu\u00ecta da &#8216;l bond\u00ec,<br \/>\nn&#8217;te na gran corona intourn<br \/>\nde monc e bosc e prei<br \/>\non fat su noste c\u00e8se, le m\u00e0son e i nost tabl\u00e8i&#8230;&#8221;<\/p>\n<p>&nbsp;<\/p>\n<p>&nbsp;<\/p>\n<p>********<\/p>\n","protected":false},"excerpt":{"rendered":"<p>LASTE AUDIO &nbsp; Era una domenica di fine aprile di tempo uggioso e nuvole stanche, di pioggia in bilico e rari accenni di primavera appena iniziata. Un tempo buono per riposare accanto alla stufa ancora accesa oppure da consumare girando in macchina alla ricerca di luoghi e storie. La vettura, in quel primo pomeriggio, puntava&hellip;<\/p>\n","protected":false},"author":4,"featured_media":334696,"comment_status":"closed","ping_status":"closed","sticky":false,"template":"","format":"standard","meta":{"_monsterinsights_skip_tracking":false,"_monsterinsights_sitenote_active":false,"_monsterinsights_sitenote_note":"","_monsterinsights_sitenote_category":0,"footnotes":""},"categories":[51,49,112],"tags":[],"class_list":["post-334692","post","type-post","status-publish","format-standard","has-post-thumbnail","hentry","category-evidenza-top","category-news-18","category-racconti-soppelsa","category-51","category-49","category-112","description-off"],"img_url":"https:\/\/www.radiopiu.net\/wordpress\/wp-content\/uploads\/2023\/05\/d619bd56-9a6f-4d77-90a9-e400863268da.jpg","_links":{"self":[{"href":"https:\/\/www.radiopiu.net\/wordpress\/wp-json\/wp\/v2\/posts\/334692","targetHints":{"allow":["GET"]}}],"collection":[{"href":"https:\/\/www.radiopiu.net\/wordpress\/wp-json\/wp\/v2\/posts"}],"about":[{"href":"https:\/\/www.radiopiu.net\/wordpress\/wp-json\/wp\/v2\/types\/post"}],"author":[{"embeddable":true,"href":"https:\/\/www.radiopiu.net\/wordpress\/wp-json\/wp\/v2\/users\/4"}],"replies":[{"embeddable":true,"href":"https:\/\/www.radiopiu.net\/wordpress\/wp-json\/wp\/v2\/comments?post=334692"}],"version-history":[{"count":0,"href":"https:\/\/www.radiopiu.net\/wordpress\/wp-json\/wp\/v2\/posts\/334692\/revisions"}],"wp:featuredmedia":[{"embeddable":true,"href":"https:\/\/www.radiopiu.net\/wordpress\/wp-json\/wp\/v2\/media\/334696"}],"wp:attachment":[{"href":"https:\/\/www.radiopiu.net\/wordpress\/wp-json\/wp\/v2\/media?parent=334692"}],"wp:term":[{"taxonomy":"category","embeddable":true,"href":"https:\/\/www.radiopiu.net\/wordpress\/wp-json\/wp\/v2\/categories?post=334692"},{"taxonomy":"post_tag","embeddable":true,"href":"https:\/\/www.radiopiu.net\/wordpress\/wp-json\/wp\/v2\/tags?post=334692"}],"curies":[{"name":"wp","href":"https:\/\/api.w.org\/{rel}","templated":true}]}}