{"id":334739,"date":"2023-05-07T22:02:47","date_gmt":"2023-05-07T20:02:47","guid":{"rendered":"https:\/\/www.radiopiu.net\/wordpress\/?p=334739"},"modified":"2023-05-08T05:42:28","modified_gmt":"2023-05-08T03:42:28","slug":"la-provincia-partecipa-allassemblea-unpli-di-belluno","status":"publish","type":"post","link":"https:\/\/www.radiopiu.net\/wordpress\/la-provincia-partecipa-allassemblea-unpli-di-belluno\/","title":{"rendered":"LA PROVINCIA PARTECIPA ALL&#8217;ASSEMBLEA UNPLI DI BELLUNO"},"content":{"rendered":"<p><strong>VIGO DI CADORE<\/strong> \u00abPromozione del turismo, organizzazione di eventi, tradizione, capacit\u00e0 logistica e passione identitaria per il territorio. Se le nostre comunit\u00e0 locali sono vive e frizzanti, \u00e8 anche merito delle Pro loco e dei tanti volontari che impiegano le loro competenze e il loro tempo nel mettere in moto manifestazioni e sagre, piccoli grandi momenti in cui i nostri paesi si ritrovano\u00bb. Lo ha detto il presidente della Provincia di Belluno, che ha preso parte questa mattina a Mel all\u2019assemblea dell\u2019Unione provinciale delle Pro loco, rivolgendosi alle decine di volontari presenti. Il presidente ha consegnato anche uno speciale riconoscimento a Espedito Pagnussat per il suo decennale impegno a favore delle Pro loco, e a Manlio Da Rin Puppel, che per dieci anni ha guidato la Pro loco di Vigo di Cadore.<\/p>\n\n\t\t\t<style type='text\/css'>\n\t\t\t\t#gallery-1 {\n\t\t\t\t\tmargin: auto;\n\t\t\t\t}\n\t\t\t\t#gallery-1 .gallery-item {\n\t\t\t\t\tfloat: left;\n\t\t\t\t\tmargin-top: 10px;\n\t\t\t\t\ttext-align: center;\n\t\t\t\t\twidth: 25%;\n\t\t\t\t}\n\t\t\t\t#gallery-1 img {\n\t\t\t\t\tborder: 2px solid #cfcfcf;\n\t\t\t\t}\n\t\t\t\t#gallery-1 .gallery-caption {\n\t\t\t\t\tmargin-left: 0;\n\t\t\t\t}\n\t\t\t\t\/* see gallery_shortcode() in wp-includes\/media.php *\/\n\t\t\t<\/style>\n\t\t<div id='gallery-1' class='dt-gallery-container gallery galleryid-334739 gallery-columns-4 gallery-size-medium'><dl class='gallery-item'>\n\t\t\t\t<dt class='gallery-icon landscape'>\n\t\t\t\t\t<a class=\"rollover rollover-zoom dt-pswp-item\" title=\"853c552d-9b70-4aca-84b5-bbb31c6f385e\" data-dt-img-description=\"\" data-large_image_width=\"1024\" data-large_image_height=\"575\"href='https:\/\/www.radiopiu.net\/wordpress\/wp-content\/uploads\/2023\/05\/853c552d-9b70-4aca-84b5-bbb31c6f385e.jpg'><img loading=\"lazy\" decoding=\"async\" width=\"300\" height=\"168\" src=\"https:\/\/www.radiopiu.net\/wordpress\/wp-content\/uploads\/2023\/05\/853c552d-9b70-4aca-84b5-bbb31c6f385e-300x168.jpg\" class=\"attachment-medium size-medium\" alt=\"\" srcset=\"https:\/\/www.radiopiu.net\/wordpress\/wp-content\/uploads\/2023\/05\/853c552d-9b70-4aca-84b5-bbb31c6f385e-300x168.jpg 300w, https:\/\/www.radiopiu.net\/wordpress\/wp-content\/uploads\/2023\/05\/853c552d-9b70-4aca-84b5-bbb31c6f385e-768x431.jpg 768w, https:\/\/www.radiopiu.net\/wordpress\/wp-content\/uploads\/2023\/05\/853c552d-9b70-4aca-84b5-bbb31c6f385e.jpg 1024w\" sizes=\"auto, (max-width: 300px) 100vw, 300px\" \/><\/a>\n\t\t\t\t<\/dt><\/dl><dl class='gallery-item'>\n\t\t\t\t<dt class='gallery-icon landscape'>\n\t\t\t\t\t<a class=\"rollover rollover-zoom dt-pswp-item\" title=\"367321c6-a758-4981-b610-bfd6b6def79a\" data-dt-img-description=\"\" data-large_image_width=\"2016\" data-large_image_height=\"1134\"href='https:\/\/www.radiopiu.net\/wordpress\/wp-content\/uploads\/2023\/05\/367321c6-a758-4981-b610-bfd6b6def79a.jpg'><img loading=\"lazy\" decoding=\"async\" width=\"300\" height=\"169\" src=\"https:\/\/www.radiopiu.net\/wordpress\/wp-content\/uploads\/2023\/05\/367321c6-a758-4981-b610-bfd6b6def79a-300x169.jpg\" class=\"attachment-medium size-medium\" alt=\"\" srcset=\"https:\/\/www.radiopiu.net\/wordpress\/wp-content\/uploads\/2023\/05\/367321c6-a758-4981-b610-bfd6b6def79a-300x169.jpg 300w, https:\/\/www.radiopiu.net\/wordpress\/wp-content\/uploads\/2023\/05\/367321c6-a758-4981-b610-bfd6b6def79a-1024x576.jpg 1024w, https:\/\/www.radiopiu.net\/wordpress\/wp-content\/uploads\/2023\/05\/367321c6-a758-4981-b610-bfd6b6def79a-768x432.jpg 768w, https:\/\/www.radiopiu.net\/wordpress\/wp-content\/uploads\/2023\/05\/367321c6-a758-4981-b610-bfd6b6def79a-1536x864.jpg 1536w, https:\/\/www.radiopiu.net\/wordpress\/wp-content\/uploads\/2023\/05\/367321c6-a758-4981-b610-bfd6b6def79a.jpg 2016w\" sizes=\"auto, (max-width: 300px) 100vw, 300px\" \/><\/a>\n\t\t\t\t<\/dt><\/dl><dl class='gallery-item'>\n\t\t\t\t<dt class='gallery-icon landscape'>\n\t\t\t\t\t<a class=\"rollover rollover-zoom dt-pswp-item\" title=\"3d491ad9-806a-48c6-95db-6223162ed95c\" data-dt-img-description=\"\" data-large_image_width=\"1024\" data-large_image_height=\"768\"href='https:\/\/www.radiopiu.net\/wordpress\/wp-content\/uploads\/2023\/05\/3d491ad9-806a-48c6-95db-6223162ed95c.jpg'><img loading=\"lazy\" decoding=\"async\" width=\"300\" height=\"225\" src=\"https:\/\/www.radiopiu.net\/wordpress\/wp-content\/uploads\/2023\/05\/3d491ad9-806a-48c6-95db-6223162ed95c-300x225.jpg\" class=\"attachment-medium size-medium\" alt=\"\" srcset=\"https:\/\/www.radiopiu.net\/wordpress\/wp-content\/uploads\/2023\/05\/3d491ad9-806a-48c6-95db-6223162ed95c-300x225.jpg 300w, https:\/\/www.radiopiu.net\/wordpress\/wp-content\/uploads\/2023\/05\/3d491ad9-806a-48c6-95db-6223162ed95c-768x576.jpg 768w, https:\/\/www.radiopiu.net\/wordpress\/wp-content\/uploads\/2023\/05\/3d491ad9-806a-48c6-95db-6223162ed95c.jpg 1024w\" sizes=\"auto, (max-width: 300px) 100vw, 300px\" \/><\/a>\n\t\t\t\t<\/dt><\/dl><dl class='gallery-item'>\n\t\t\t\t<dt class='gallery-icon landscape'>\n\t\t\t\t\t<a class=\"rollover rollover-zoom dt-pswp-item\" title=\"d1e7de2c-855a-423f-9e6d-c2036b87fed0\" data-dt-img-description=\"\" data-large_image_width=\"1024\" data-large_image_height=\"768\"href='https:\/\/www.radiopiu.net\/wordpress\/wp-content\/uploads\/2023\/05\/d1e7de2c-855a-423f-9e6d-c2036b87fed0.jpg'><img loading=\"lazy\" decoding=\"async\" width=\"300\" height=\"225\" src=\"https:\/\/www.radiopiu.net\/wordpress\/wp-content\/uploads\/2023\/05\/d1e7de2c-855a-423f-9e6d-c2036b87fed0-300x225.jpg\" class=\"attachment-medium size-medium\" alt=\"\" srcset=\"https:\/\/www.radiopiu.net\/wordpress\/wp-content\/uploads\/2023\/05\/d1e7de2c-855a-423f-9e6d-c2036b87fed0-300x225.jpg 300w, https:\/\/www.radiopiu.net\/wordpress\/wp-content\/uploads\/2023\/05\/d1e7de2c-855a-423f-9e6d-c2036b87fed0-768x576.jpg 768w, https:\/\/www.radiopiu.net\/wordpress\/wp-content\/uploads\/2023\/05\/d1e7de2c-855a-423f-9e6d-c2036b87fed0.jpg 1024w\" sizes=\"auto, (max-width: 300px) 100vw, 300px\" \/><\/a>\n\t\t\t\t<\/dt><\/dl><br style=\"clear: both\" \/>\n\t\t\t<\/div>\n\n<p>&nbsp;<\/p>\n<p>&nbsp;<\/p>\n<p>******<\/p>\n","protected":false},"excerpt":{"rendered":"<p>VIGO DI CADORE \u00abPromozione del turismo, organizzazione di eventi, tradizione, capacit\u00e0 logistica e passione identitaria per il territorio. Se le nostre comunit\u00e0 locali sono vive e frizzanti, \u00e8 anche merito delle Pro loco e dei tanti volontari che impiegano le loro competenze e il loro tempo nel mettere in moto manifestazioni e sagre, piccoli grandi&hellip;<\/p>\n","protected":false},"author":4,"featured_media":334742,"comment_status":"closed","ping_status":"closed","sticky":false,"template":"","format":"standard","meta":{"_monsterinsights_skip_tracking":false,"_monsterinsights_sitenote_active":false,"_monsterinsights_sitenote_note":"","_monsterinsights_sitenote_category":0,"footnotes":""},"categories":[51,49],"tags":[],"class_list":["post-334739","post","type-post","status-publish","format-standard","has-post-thumbnail","hentry","category-evidenza-top","category-news-18","category-51","category-49","description-off"],"img_url":"https:\/\/www.radiopiu.net\/wordpress\/wp-content\/uploads\/2023\/05\/3d491ad9-806a-48c6-95db-6223162ed95c.jpg","_links":{"self":[{"href":"https:\/\/www.radiopiu.net\/wordpress\/wp-json\/wp\/v2\/posts\/334739","targetHints":{"allow":["GET"]}}],"collection":[{"href":"https:\/\/www.radiopiu.net\/wordpress\/wp-json\/wp\/v2\/posts"}],"about":[{"href":"https:\/\/www.radiopiu.net\/wordpress\/wp-json\/wp\/v2\/types\/post"}],"author":[{"embeddable":true,"href":"https:\/\/www.radiopiu.net\/wordpress\/wp-json\/wp\/v2\/users\/4"}],"replies":[{"embeddable":true,"href":"https:\/\/www.radiopiu.net\/wordpress\/wp-json\/wp\/v2\/comments?post=334739"}],"version-history":[{"count":0,"href":"https:\/\/www.radiopiu.net\/wordpress\/wp-json\/wp\/v2\/posts\/334739\/revisions"}],"wp:featuredmedia":[{"embeddable":true,"href":"https:\/\/www.radiopiu.net\/wordpress\/wp-json\/wp\/v2\/media\/334742"}],"wp:attachment":[{"href":"https:\/\/www.radiopiu.net\/wordpress\/wp-json\/wp\/v2\/media?parent=334739"}],"wp:term":[{"taxonomy":"category","embeddable":true,"href":"https:\/\/www.radiopiu.net\/wordpress\/wp-json\/wp\/v2\/categories?post=334739"},{"taxonomy":"post_tag","embeddable":true,"href":"https:\/\/www.radiopiu.net\/wordpress\/wp-json\/wp\/v2\/tags?post=334739"}],"curies":[{"name":"wp","href":"https:\/\/api.w.org\/{rel}","templated":true}]}}