{"id":334780,"date":"2023-05-07T22:03:14","date_gmt":"2023-05-07T20:03:14","guid":{"rendered":"https:\/\/www.radiopiu.net\/wordpress\/?p=334780"},"modified":"2023-05-08T05:45:26","modified_gmt":"2023-05-08T03:45:26","slug":"applausi-per-la-neo-nata-pro-loco-di-alleghe-la-sessantesima-della-provincia","status":"publish","type":"post","link":"https:\/\/www.radiopiu.net\/wordpress\/applausi-per-la-neo-nata-pro-loco-di-alleghe-la-sessantesima-della-provincia\/","title":{"rendered":"APPLAUSI PER LA NEO NATA PRO LOCO DI ALLEGHE, LA SESSANTESIMA DELLA PROVINCIA"},"content":{"rendered":"<p><strong>REDAZIONE<\/strong> Al tavolo dell&#8217;Unpli ci sono anche gli uomini e le donne della Pro Loco di Alleghe, a breve sar\u00e0 presentata alla popolazione. E&#8217; stato uno degli argomenti importanti dell&#8217;assemblea provinciale svoltagi oggi al Palazzo delle Contesse di Mel, ha registrato una grande partecipazione. Sono state presentate alcune novit\u00e0 interessanti per le Pro loco bellunesi, come la formazione sul bilancio e sul portale MyUnpli, uno strumento gratuito che consente di gestire i dati delle Pro loco in un unico contenitore in conformit\u00e0 alle disposizioni del Terzo Settore. La piattaforma regionale di Unpli Veneto agevoler\u00e0 l&#8217;utilizzo della fatturazione elettronica, obbligatoria dal 2024 per le Pro loco, e semplificher\u00e0 le dichiarazioni Siae. Per gli eventi, \u00e8 stata ricordata l&#8217;importanza della giornata nazionale delle Pro loco del 9 luglio e le Pro loco sono state invitate a organizzare eventi di ogni tipo per celebrare l&#8217;occasione. Annunciata anche la manifestazione &#8220;Made in Valbelluna Dolomiti&#8221; il 9 e il 10 ottobre a Belluno, dedicata alla promozione dei prodotti tipici e delle bellezze turistiche del territorio. Sono stati ricordati i grandi impegni dell&#8217;Unpli, tra cui la presentazione del documentario &#8220;Albino Luciani: un miracolo dalle Dolomiti&#8221; e i festeggiamenti per il Papa a Canale d&#8217;Agordo. Sono stati premiati due presidenti che hanno lasciato la guida a favore di altri: Espedito Pagnussat della Pro loco di San Gregorio nelle Alpi e Manlio Da Rin Puppel della Pro loco di Vigo di Cadore. La Pro loco di Alleghe \u00e8 stata accolta come nuovo membro dell&#8217;Unpli, portando a 60 il numero di Pro loco nella provincia.<\/p>\n\n\t\t\t<style type='text\/css'>\n\t\t\t\t#gallery-1 {\n\t\t\t\t\tmargin: auto;\n\t\t\t\t}\n\t\t\t\t#gallery-1 .gallery-item {\n\t\t\t\t\tfloat: left;\n\t\t\t\t\tmargin-top: 10px;\n\t\t\t\t\ttext-align: center;\n\t\t\t\t\twidth: 33%;\n\t\t\t\t}\n\t\t\t\t#gallery-1 img {\n\t\t\t\t\tborder: 2px solid #cfcfcf;\n\t\t\t\t}\n\t\t\t\t#gallery-1 .gallery-caption {\n\t\t\t\t\tmargin-left: 0;\n\t\t\t\t}\n\t\t\t\t\/* see gallery_shortcode() in wp-includes\/media.php *\/\n\t\t\t<\/style>\n\t\t<div id='gallery-1' class='dt-gallery-container gallery galleryid-334780 gallery-columns-3 gallery-size-thumbnail'><dl class='gallery-item'>\n\t\t\t\t<dt class='gallery-icon landscape'>\n\t\t\t\t\t<a class=\"rollover rollover-zoom dt-pswp-item\" title=\"1683470945073\" data-dt-img-description=\"\" data-large_image_width=\"1992\" data-large_image_height=\"920\"href='https:\/\/www.radiopiu.net\/wordpress\/wp-content\/uploads\/2023\/05\/1683470945073.jpg'><img loading=\"lazy\" decoding=\"async\" width=\"150\" height=\"150\" src=\"https:\/\/www.radiopiu.net\/wordpress\/wp-content\/uploads\/2023\/05\/1683470945073-150x150.jpg\" class=\"attachment-thumbnail size-thumbnail\" alt=\"\" \/><\/a>\n\t\t\t\t<\/dt><\/dl><dl class='gallery-item'>\n\t\t\t\t<dt class='gallery-icon landscape'>\n\t\t\t\t\t<a class=\"rollover rollover-zoom dt-pswp-item\" title=\"1683470945089\" data-dt-img-description=\"\" data-large_image_width=\"1992\" data-large_image_height=\"920\"href='https:\/\/www.radiopiu.net\/wordpress\/wp-content\/uploads\/2023\/05\/1683470945089.jpg'><img loading=\"lazy\" decoding=\"async\" width=\"150\" height=\"150\" src=\"https:\/\/www.radiopiu.net\/wordpress\/wp-content\/uploads\/2023\/05\/1683470945089-150x150.jpg\" class=\"attachment-thumbnail size-thumbnail\" alt=\"\" \/><\/a>\n\t\t\t\t<\/dt><\/dl><dl class='gallery-item'>\n\t\t\t\t<dt class='gallery-icon landscape'>\n\t\t\t\t\t<a class=\"rollover rollover-zoom dt-pswp-item\" title=\"1683470945082\" data-dt-img-description=\"\" data-large_image_width=\"1600\" data-large_image_height=\"738\"href='https:\/\/www.radiopiu.net\/wordpress\/wp-content\/uploads\/2023\/05\/1683470945082.jpg'><img loading=\"lazy\" decoding=\"async\" width=\"150\" height=\"150\" src=\"https:\/\/www.radiopiu.net\/wordpress\/wp-content\/uploads\/2023\/05\/1683470945082-150x150.jpg\" class=\"attachment-thumbnail size-thumbnail\" alt=\"\" \/><\/a>\n\t\t\t\t<\/dt><\/dl><br style=\"clear: both\" \/>\n\t\t\t<\/div>\n\n<div class=\"flex-1 overflow-hidden\">\n<div class=\"react-scroll-to-bottom--css-blflc-79elbk h-full dark:bg-gray-800\">\n<div class=\"react-scroll-to-bottom--css-blflc-1n7m0yu\">\n<div class=\"flex flex-col items-center text-sm dark:bg-gray-800\">\n<div class=\"group w-full text-gray-800 dark:text-gray-100 border-b border-black\/10 dark:border-gray-900\/50 bg-gray-50 dark:bg-[#444654]\">\n<div class=\"flex p-4 gap-4 text-base md:gap-6 md:max-w-2xl lg:max-w-xl xl:max-w-3xl md:py-6 lg:px-0 m-auto\">\n<div class=\"relative flex flex-col w-[calc(100%-50px)] gap-1 md:gap-3 lg:w-[calc(100%-115px)]\">\n<div class=\"flex justify-between lg:block\"><\/div>\n<\/div>\n<\/div>\n<\/div>\n<\/div>\n<\/div>\n<\/div>\n<\/div>\n<div class=\"absolute bottom-0 left-0 w-full border-t md:border-t-0 dark:border-white\/20 md:border-transparent md:dark:border-transparent md:bg-vert-light-gradient bg-white dark:bg-gray-800 md:!bg-transparent dark:md:bg-vert-dark-gradient pt-2\">\n<form class=\"stretch mx-2 flex flex-row gap-3 last:mb-2 md:mx-4 md:last:mb-6 lg:mx-auto lg:max-w-2xl xl:max-w-3xl\">\n<div class=\"relative flex h-full flex-1 items-stretch md:flex-col\">\n<div class=\"\">\n<div class=\"h-full flex ml-1 md:w-full md:m-auto md:mb-2 gap-0 md:gap-2 justify-center\">\n<div class=\"flex w-full items-center justify-center gap-2\"><\/div>\n<\/div>\n<\/div>\n<\/div>\n<\/form>\n<\/div>\n","protected":false},"excerpt":{"rendered":"<p>REDAZIONE Al tavolo dell&#8217;Unpli ci sono anche gli uomini e le donne della Pro Loco di Alleghe, a breve sar\u00e0 presentata alla popolazione. E&#8217; stato uno degli argomenti importanti dell&#8217;assemblea provinciale svoltagi oggi al Palazzo delle Contesse di Mel, ha registrato una grande partecipazione. Sono state presentate alcune novit\u00e0 interessanti per le Pro loco bellunesi,&hellip;<\/p>\n","protected":false},"author":4,"featured_media":334782,"comment_status":"closed","ping_status":"closed","sticky":false,"template":"","format":"standard","meta":{"_monsterinsights_skip_tracking":false,"_monsterinsights_sitenote_active":false,"_monsterinsights_sitenote_note":"","_monsterinsights_sitenote_category":0,"footnotes":""},"categories":[51,49],"tags":[],"class_list":["post-334780","post","type-post","status-publish","format-standard","has-post-thumbnail","hentry","category-evidenza-top","category-news-18","category-51","category-49","description-off"],"img_url":"https:\/\/www.radiopiu.net\/wordpress\/wp-content\/uploads\/2023\/05\/1683470945089.jpg","_links":{"self":[{"href":"https:\/\/www.radiopiu.net\/wordpress\/wp-json\/wp\/v2\/posts\/334780","targetHints":{"allow":["GET"]}}],"collection":[{"href":"https:\/\/www.radiopiu.net\/wordpress\/wp-json\/wp\/v2\/posts"}],"about":[{"href":"https:\/\/www.radiopiu.net\/wordpress\/wp-json\/wp\/v2\/types\/post"}],"author":[{"embeddable":true,"href":"https:\/\/www.radiopiu.net\/wordpress\/wp-json\/wp\/v2\/users\/4"}],"replies":[{"embeddable":true,"href":"https:\/\/www.radiopiu.net\/wordpress\/wp-json\/wp\/v2\/comments?post=334780"}],"version-history":[{"count":0,"href":"https:\/\/www.radiopiu.net\/wordpress\/wp-json\/wp\/v2\/posts\/334780\/revisions"}],"wp:featuredmedia":[{"embeddable":true,"href":"https:\/\/www.radiopiu.net\/wordpress\/wp-json\/wp\/v2\/media\/334782"}],"wp:attachment":[{"href":"https:\/\/www.radiopiu.net\/wordpress\/wp-json\/wp\/v2\/media?parent=334780"}],"wp:term":[{"taxonomy":"category","embeddable":true,"href":"https:\/\/www.radiopiu.net\/wordpress\/wp-json\/wp\/v2\/categories?post=334780"},{"taxonomy":"post_tag","embeddable":true,"href":"https:\/\/www.radiopiu.net\/wordpress\/wp-json\/wp\/v2\/tags?post=334780"}],"curies":[{"name":"wp","href":"https:\/\/api.w.org\/{rel}","templated":true}]}}