{"id":334825,"date":"2023-05-08T07:55:40","date_gmt":"2023-05-08T05:55:40","guid":{"rendered":"https:\/\/www.radiopiu.net\/wordpress\/?p=334825"},"modified":"2023-05-08T08:45:11","modified_gmt":"2023-05-08T06:45:11","slug":"334825-2","status":"publish","type":"post","link":"https:\/\/www.radiopiu.net\/wordpress\/334825-2\/","title":{"rendered":"ascolta la rassegna stampa locale, dal 1983 di mirko mezzacasa alle otto del mattino&#8230;"},"content":{"rendered":"<p><span style=\"color: #ff0000;\"><strong>DA OGGI ALLA RADIO\u2026 IL NUOVO PROGRAMMA PRODOTTO DALL\u2019ISTITUT LADIN CESA DE JAN <\/strong><\/span><br \/>\n<span style=\"color: #ff0000;\"><strong>\u201cNCONTONSE\u201d\u00a0<\/strong><\/span><\/p>\n<p><strong>ALANO<\/strong> Antonio Costa sabato notte \u00e8 stato accoltellato e ucciso nei pressi della stazione. Aveva 53 anni, l&#8217;esecuzione al Kangur, locale gi\u00e0 pi\u00f9 volte teatro di risse e pestaggi. Un sospettato interrogato per tutta la notte, le indagini hanno interessato un sudamericano.<br \/>\n<strong>TREVISO<\/strong> Un uomo di 67 anni di Vittorio Veneto, Bruno Sabbadin, \u00e8 morto in un grave incidente in autostrada dopo aver percorso contromano due chilometri, si \u00e8 schiantato contro due auto in direzione Venezia. Tre persone sono rimaste ferite ma non in pericolo di vita<br \/>\n<strong>FALCADE<\/strong> Un pezzo di montagna si \u00e8 staccato dal Cimone della Stia sopra Falcade. Il video segnalato da Tamara, di Tibe Zamatteo da Molino di Falcade sul sito di radiopiu<br \/>\n<strong>FELTRE<\/strong> Nella notte tra sabato e domenica, i carabinieri della compagnia di Feltre sono stati chiamati alle 3 del mattino lungo le Montegge, dove una BMW con due persone a bordo \u00e8 uscita autonomamente di strada. Fortunatamente, i due occupanti hanno riportato solo lievi ferite<br \/>\n<strong>CORTINA<\/strong> Demolita la ex pista da Bob Eugenio Monti. A giugno il bando per individuare l&#8217;impresa appaltratrice per 82 milioni di euro. Lavori da concludere in meno di 900 giorni.<br \/>\n<strong>BELLUNO<\/strong> Il campanilismo &#8220;uccide&#8221; il progetto convitto diffuso per gli studenti. Provincia e Dirigenti scolastici lontani da una qualsiasi ipotesi che unisca. Gli attuali convitti hanno paura di perdere il singolo presidio.<br \/>\n<strong>FELTRE<\/strong> All&#8217;ex sindaco Gabrielli il premio Vittore e Corona della Famiglia Feltrina.<br \/>\n<strong>REDAZIONE<\/strong> Al tavolo dell\u2019Unpli ci sono anche gli uomini e le donne della Pro Loco di Alleghe, a breve sar\u00e0 presentata alla popolazione. E\u2019 stato uno degli argomenti importanti dell\u2019assemblea provinciale<br \/>\n<strong>PIEVE DI CADORE<\/strong> Il Soccorso alpino di Pieve di Cadore ha festeggiato Alessio Tabacchi, un soccorritore storico che ha dedicato 50 anni della sua vita all\u2019aiuto delle persone in difficolt\u00e0 in montagna.<br \/>\n<strong>PONTE NELLE ALPI<\/strong> Sabato alle 15.30 alla ex Casa Rossa si terr\u00e0 un\u2019assemblea aperta a tutti per discutere della situazione della sanit\u00e0 pubblica nella provincia e per organizzare prossime iniziative.<br \/>\n<span style=\"color: #ff0000;\">SUL SITO DI RADIOPIU, LE DIRETTE DEL FINE SETTIMANA DAGLI EVENTI AGORDINI E BELLUNESI:60 ANNI DI ALPINISMO IN CIVETTA, L\u2019ANNIVERSARIO DEL RIFUGIO TISSI; RISO FA BUON SANGUE AL PALAFALCADE;MOTORI E SPERANZA, L\u2019EVENTO SOLIDALE A FALCADE; LA FESTA DEL CACCIATORE ALL\u2019ARENA 1082 DI SAN TOMASO; BELLUNO: IL CONCERTO DI PRIMAVERA;<\/span><\/p>\n<p><strong>CALCIO<\/strong> L\u2019AGORDINA RESTA IN SECONDA CATEGORIA DOPO UNA PROVA DI FORZA CONTRO IL GEMELLE. DECIDE SELLE AL 119\u2032<br \/>\n<strong>PALLAVOLO<\/strong> IL VOLLEY CLUB AGORDINO UNDER 16 CHIUDE LA STAGIONE CON UNA VITTORIA<br \/>\n<strong>ATLETICA<\/strong> MANUELA BULF VINCE LA MEZZA MARATONA DI BIBIONE<br \/>\n<strong>MOTORI<\/strong> SI CHIUDE CON BUONI RISULTATI IL PRIMO FINE SETTIMANA DI ANDREA FONTANA NELLA PORSCHE CARRERA CUP ITALIA<br \/>\n<strong>VOLTEGG<\/strong>I AGORDINI A CASALE CON IL PC RANCH<br \/>\n<strong>GAIA TRICOLORE<\/strong> DI PATTINAGGIO ARTISTICO<br \/>\n<strong>CORSA IN MONTAGNA<\/strong> MAESTRI E BONZI DOMINATORI ASSOLUTI DEI CAMPIONATI ITALIANI DI CORSA IN MONTAGNA A VALMOREL<\/p>\n<p>&nbsp;<\/p>\n<p><iframe loading=\"lazy\" title=\"RASSEGNA STAMPA LOCALE\" width=\"1200\" height=\"675\" src=\"https:\/\/www.youtube.com\/embed\/auk8kXwkJ2E?feature=oembed\" frameborder=\"0\" allow=\"accelerometer; autoplay; clipboard-write; encrypted-media; gyroscope; picture-in-picture; web-share\" allowfullscreen><\/iframe><\/p>\n<p>&nbsp;<\/p>\n<hr \/>\n<p>&nbsp;<\/p>\n","protected":false},"excerpt":{"rendered":"<p>DA OGGI ALLA RADIO\u2026 IL NUOVO PROGRAMMA PRODOTTO DALL\u2019ISTITUT LADIN CESA DE JAN \u201cNCONTONSE\u201d\u00a0 ALANO Antonio Costa sabato notte \u00e8 stato accoltellato e ucciso nei pressi della stazione. Aveva 53 anni, l&#8217;esecuzione al Kangur, locale gi\u00e0 pi\u00f9 volte teatro di risse e pestaggi. Un sospettato interrogato per tutta la notte, le indagini hanno interessato un&hellip;<\/p>\n","protected":false},"author":4,"featured_media":334829,"comment_status":"closed","ping_status":"closed","sticky":false,"template":"","format":"standard","meta":{"_monsterinsights_skip_tracking":false,"_monsterinsights_sitenote_active":false,"_monsterinsights_sitenote_note":"","_monsterinsights_sitenote_category":0,"footnotes":""},"categories":[104,49,142],"tags":[],"class_list":["post-334825","post","type-post","status-publish","format-standard","has-post-thumbnail","hentry","category-evidenza_3","category-news-18","category-rassegna-stampa","category-104","category-49","category-142","description-off"],"img_url":"https:\/\/www.radiopiu.net\/wordpress\/wp-content\/uploads\/2023\/05\/Senza-nome-28.jpg","_links":{"self":[{"href":"https:\/\/www.radiopiu.net\/wordpress\/wp-json\/wp\/v2\/posts\/334825","targetHints":{"allow":["GET"]}}],"collection":[{"href":"https:\/\/www.radiopiu.net\/wordpress\/wp-json\/wp\/v2\/posts"}],"about":[{"href":"https:\/\/www.radiopiu.net\/wordpress\/wp-json\/wp\/v2\/types\/post"}],"author":[{"embeddable":true,"href":"https:\/\/www.radiopiu.net\/wordpress\/wp-json\/wp\/v2\/users\/4"}],"replies":[{"embeddable":true,"href":"https:\/\/www.radiopiu.net\/wordpress\/wp-json\/wp\/v2\/comments?post=334825"}],"version-history":[{"count":0,"href":"https:\/\/www.radiopiu.net\/wordpress\/wp-json\/wp\/v2\/posts\/334825\/revisions"}],"wp:featuredmedia":[{"embeddable":true,"href":"https:\/\/www.radiopiu.net\/wordpress\/wp-json\/wp\/v2\/media\/334829"}],"wp:attachment":[{"href":"https:\/\/www.radiopiu.net\/wordpress\/wp-json\/wp\/v2\/media?parent=334825"}],"wp:term":[{"taxonomy":"category","embeddable":true,"href":"https:\/\/www.radiopiu.net\/wordpress\/wp-json\/wp\/v2\/categories?post=334825"},{"taxonomy":"post_tag","embeddable":true,"href":"https:\/\/www.radiopiu.net\/wordpress\/wp-json\/wp\/v2\/tags?post=334825"}],"curies":[{"name":"wp","href":"https:\/\/api.w.org\/{rel}","templated":true}]}}